{"id":49310,"date":"2013-04-24T05:55:35","date_gmt":"2013-04-24T04:55:35","guid":{"rendered":"http:\/\/www.pressenza.com\/?p=49310"},"modified":"2013-04-24T06:30:11","modified_gmt":"2013-04-24T05:30:11","slug":"vaccin-ce-que-tout-parent-doit-savoir","status":"publish","type":"post","link":"https:\/\/www.pressenza.com\/fr\/2013\/04\/vaccin-ce-que-tout-parent-doit-savoir\/","title":{"rendered":"Vaccin : ce que tout parent doit savoir"},"content":{"rendered":"<p><strong>Par Jean-Marc Dupuis<\/strong><\/p>\n<p>Dans un communiqu\u00e9 de presse publi\u00e9 lundi 22 avril au matin, l&rsquo;Union europ\u00e9enne a annonc\u00e9 avoir autoris\u00e9 la mise sur le march\u00e9 d&rsquo;un nouveau vaccin \u00ab\u00a06-en-1\u00a0\u00bb pour les nourrissons. Ce vaccin, appel\u00e9 Hexyon et produit par le laboratoire Sanofi, regroupe les vaccins contre la dipht\u00e9rie, le t\u00e9tanos, la coqueluche, l&rsquo;h\u00e9patite B, la poliomy\u00e9lite et contre certaines infections comme la m\u00e9ningite.<\/p>\n<p>Cette nouvelle est annonc\u00e9e par les m\u00e9dias comme \u00ab\u00a0une vraie avanc\u00e9e en mati\u00e8re de vaccination, \u00e0 l&rsquo;heure o\u00f9 les autorit\u00e9s sanitaires tentent par diff\u00e9rents moyens (&#8230;) de redonner confiance aux Fran\u00e7ais en cette m\u00e9thode pr\u00e9ventive\u00a0\u00bb (lu sur le site Informations Hospitali\u00e8res).<\/p>\n<p>En ce qui me concerne, cette nouvelle ne fait au contraire qu&rsquo;augmenter mon inqui\u00e9tude concernant les vaccins. Le fait de m\u00e9langer ensemble un grand nombre de vaccins est une m\u00e9thode connue des laboratoires pharmaceutiques pour compliquer la preuve d&rsquo;effets ind\u00e9sirables. Car plus il y a de vaccins dans l&rsquo;injection, plus il devient difficile de prouver qu&rsquo;un effet ind\u00e9sirable pr\u00e9cis est li\u00e9 \u00e0 un des vaccins. Il faut un nombre de cas d\u00e9clar\u00e9s d&rsquo;effets secondaires n\u00e9gatifs beaucoup plus important pour obtenir un niveau de preuve statistiquement fiable.<\/p>\n<p>Or, cette tactique se d\u00e9veloppe justement au moment o\u00f9 le grand public r\u00e9alise que les effets ind\u00e9sirables des vaccins sont tout sauf n\u00e9gligeables.<\/p>\n<p><strong>Des effets secondaires inqui\u00e9tants<\/strong><\/p>\n<p>Un nombre alarmant d&rsquo;\u00e9tudes scientifiques mettent actuellement en lumi\u00e8re les dangers des vaccins.<\/p>\n<p>Il ne s&rsquo;agit plus de mises en garde \u00e9manant de mouvements associatifs marginaux ou \u00e0 tendances sectaires. Non, c&rsquo;est maintenant\u00a0<span style=\"text-decoration: underline;\">la communaut\u00e9 m\u00e9dicale internationale<\/span>\u00a0elle-m\u00eame qui exprime ses doutes, voire ses inqui\u00e9tudes.<\/p>\n<p>Le\u00a0<em>British Medical Journal<\/em>, une revue mondialement connue et respect\u00e9e pour sa rigueur scientifique, a publi\u00e9 le 30 janvier 2013 une \u00e9tude d\u00e9montrant que le vaccin contre la grippe H1N1 Pandermix avait caus\u00e9 des\u00a0<span style=\"text-decoration: underline;\">milliers de cas de narcolepsie<\/span>\u00a0chez les enfants, une maladie\u00a0<span style=\"text-decoration: underline;\">grave<\/span>\u00a0et\u00a0<span style=\"text-decoration: underline;\">incurable,<\/span>\u00a0sans que cette catastrophe ne soit compens\u00e9e par des vies sauv\u00e9es par ailleurs par ce vaccin. (1) Une association, quoique plus faible, a aussi \u00e9t\u00e9 \u00e9tablie entre le vaccin contre la grippe et la maladie de Guillain-Barr\u00e9 (paralysie). (2)<\/p>\n<p>Le Gardasil, vaccin contre papillomavirus et le cancer cervical, est aujourd&rsquo;hui au centre d&rsquo;un scandale qui n&rsquo;en finit pas. Selon le d\u00e9compte effectu\u00e9 par l&rsquo;association Sanevax, ce vaccin est reli\u00e9 \u00e0 29 003 effets adverses graves et au moins \u00e0 130 d\u00e9c\u00e8s. (3)<\/p>\n<p>Le vaccin contre l&rsquo;h\u00e9patite B, lui aussi, est fortement critiqu\u00e9. Il est accus\u00e9 de tuer les cellules du foie, alors qu&rsquo;il est pr\u00e9cis\u00e9ment suppos\u00e9 prot\u00e9ger contre une maladie du foie. (4) D&rsquo;autre part, le 21 novembre 2012, le Conseil d&rsquo;Etat fran\u00e7ais a reconnu que l&rsquo;aluminium dans le vaccin h\u00e9patite B avait \u00e9t\u00e9 la cause d&rsquo;une terrible maladie invalidante, la myofasciite \u00e0 macrophages,\u00a0dont souffre depuis 1996 un employ\u00e9 de la ville de Paris, permettant \u00e0 cette personne d&rsquo;\u00eatre indemnis\u00e9e. (5) Des milliers de personnes, qui n&rsquo;ont pas eu l&rsquo;id\u00e9e de porter plainte, pourraient \u00eatre dans le m\u00eame cas.<\/p>\n<p>Les vaccins peuvent en effet contenir diverses substances notoirement toxiques m\u00eame \u00e0 faibles doses comme le formald\u00e9hyde (canc\u00e9rig\u00e8ne), le mercure (neurotoxique), l&rsquo;aluminium (neurotoxique) ou le ph\u00e9noxy\u00e9thanol. Les jeunes enfants sont particuli\u00e8rement vuln\u00e9rables \u00e0 ces substances, qui peuvent affecter de fa\u00e7on dramatique leurs fonctions nerveuses et immunitaires.<\/p>\n<p>Ces mol\u00e9cules sont employ\u00e9es comme adjuvants pour renforcer l&rsquo;efficacit\u00e9 des vaccins en stimulant la r\u00e9ponse immunitaire. Ainsi les personnes pr\u00e9dispos\u00e9es g\u00e9n\u00e9tiquement peuvent voir leur immunit\u00e9 s&#8217;emballer et d\u00e9clencher alors une maladie auto-immune, comme la fameuse myofasciite \u00e0 macrophages, le syndrome de Guillain-Barr\u00e9 ou le syndrome des antiphospholipides, des effets secondaires rares et graves mais parfaitement connus.<\/p>\n<p>L&rsquo;aluminium pourrait aussi \u00eatre une cause majeure de maladie d&rsquo;Al zheimer et de cancer du sein, ce qui expliquerait les proportions \u00e9pid\u00e9miques que sont en train de prendre ces maladies dans les g\u00e9n\u00e9rations d&rsquo;apr\u00e8s-guerre.<\/p>\n<p><strong>Un rapport risque\/avantage douteux<\/strong><\/p>\n<p>Ces effets ind\u00e9sirables sont toutefois pr\u00e9sent\u00e9s par les autorit\u00e9s m\u00e9dicales et la grande presse comme b\u00e9nins par rapport aux \u00ab\u00a0immenses avantages\u00a0\u00bb qu&rsquo;auraient des vaccins.<\/p>\n<p>L&rsquo;opinion publique leur pr\u00eate en effet le m\u00e9rite de nous prot\u00e9ger de nombreuses maladies infectieuses et d&rsquo;avoir \u00e9radiqu\u00e9 toutes les \u00e9pid\u00e9mies qui d\u00e9cimaient autrefois nos pays\u00a0: typhus, dipht\u00e9rie, coqueluche, scarlatine, tuberculose, m\u00e9ningite, t\u00e9tanos et bien entendu les maladies infantiles, rougeole, oreillon, rub\u00e9ole, etc.<\/p>\n<p>Et pourtant,\u00a0<span style=\"text-decoration: underline;\"><strong>en dehors du cas particulier de la poliomy\u00e9lite<\/strong><\/span>\u00a0(qui m\u00e9riterait un article \u00e0 elle seule), la v\u00e9rit\u00e9 scientifique et historique m&rsquo;oblige \u00e0 \u00e9crire, sans h\u00e9siter, qu&rsquo;il s&rsquo;agit l\u00e0 d&rsquo;une\u00a0<span style=\"text-decoration: underline;\"><strong>pure mythologie<\/strong><\/span>.<\/p>\n<p>Les maladies cit\u00e9es ci-dessus<em>\u00a0avaient cess\u00e9 de faire des morts \u00e0 grande \u00e9chelle bien avant que l&rsquo;on introduise les vaccins<\/em>. C&rsquo;est l&rsquo;am\u00e9lioration des conditions de vie, de l&rsquo;hygi\u00e8ne, de l&rsquo;eau potable, le recul de la malnutrition et du paup\u00e9risme qui expliquent l&rsquo;effondrement du nombre de morts par ces maladies tout au long du 20e si\u00e8cle.<\/p>\n<p><strong>Le cas embl\u00e9matique de la dipht\u00e9rie<\/strong><\/p>\n<p>Je ne peux traiter dans cette simple lettre de toutes les maladies et me contenterai d&rsquo;exemples symboliques. Mais des chiffres similaires \u00e0 ceux cit\u00e9s ici existent pour les autres maladies pour lesquelles les gouvernements vaccinent \u00e0 l&rsquo;\u00e9chelle industrielle. Les lecteurs qui voudront en savoir plus se reporteront pour cela \u00e0 l&rsquo;excellent dossier \u00ab\u00a0Survey on Vaccinations in Europe\u00a0\u00bb dont sont tir\u00e9s les chiffres suivant. (6)<\/p>\n<p>En Espagne, il y avait chaque ann\u00e9e 5000 morts de dipht\u00e9rie en 1900, mais seulement 81 en 1964,\u00a0<em>l&rsquo;ann\u00e9e o\u00f9 la vaccination syst\u00e9matique fut introduite<\/em>.<\/p>\n<p>En France, la vaccination obligatoire contre la dipht\u00e9rie fut impos\u00e9e en 1938. L&rsquo;ann\u00e9e suivante, il y eut 15 000 cas de dipht\u00e9rie puis trois fois plus pendant la Guerre\u00a0!<\/p>\n<p>En Allemagne, il y avait 100 000 cas de dipht\u00e9rie par an pendant la Premi\u00e8re guerre mondiale. Les Nazis impos\u00e8rent le vaccin obligatoire contre la dipht\u00e9rie en 1939. En 1940, il y avait \u00e0 nouveau 100 000 cas, et 250 000 en 1945. Apr\u00e8s la Guerre, l<em>a vaccination obligatoire fut abandonn\u00e9e et le nombre de malades de la dipht\u00e9rie baissa r\u00e9guli\u00e8rement<\/em>, jusqu&rsquo;\u00e0 800 annuellement en 1972 (un baisse de 99,2 %).<\/p>\n<p>En Norv\u00e8ge, 555 personnes moururent de dipht\u00e9rie en 1908, mais seulement<span style=\"text-decoration: underline;\">\u00a02<\/span>\u00a0en 1939. Le pays fut alors envahi par l&rsquo;Allemagne, qui imposa le vaccin\u00a0: le nombre de personnes touch\u00e9es par la dipht\u00e9rie monta \u00e0 22 787 cas en 1942 et pr\u00e8s de 700 morts.<\/p>\n<p>Ces chiffres indiquent que la dipht\u00e9rie se r\u00e9pand lorsque les conditions de vie se d\u00e9gradent (guerre), et que les campagnes de vaccination sont malheureusement impuissantes \u00e0 enrayer le ph\u00e9nom\u00e8ne.<\/p>\n<p>En revanche, le retour \u00e0 la prosp\u00e9rit\u00e9 et \u00e0 une meilleure hygi\u00e8ne de vie s&rsquo;accompagnent d&rsquo;un recul de la maladie, jusqu&rsquo;\u00e0 une disparition quasi-totale.<\/p>\n<p>Ils indiquent \u00e9galement que les gouvernements sont capables d&rsquo;introduire la vaccination syst\u00e9matique de la population pour une maladie quasi-inexistante (cas de l&rsquo;Espagne en 1964, de l&rsquo;Allemagne en 1939).<\/p>\n<p><strong>Un ph\u00e9nom\u00e8ne g\u00e9n\u00e9ral<\/strong><\/p>\n<p>Les m\u00eames ph\u00e9nom\u00e8nes ont \u00e9t\u00e9 observ\u00e9s avec les autres grandes maladies infectieuses.<\/p>\n<p><span style=\"text-decoration: underline;\">La fi\u00e8vre typho\u00efde<\/span>, qui d\u00e9cimait les arm\u00e9es de Napol\u00e9on et fit 5 \u00e0 7000 morts par an pendant la Guerre civile espagnole (\u00e0 partir de 1937) fut quasiment \u00e9radiqu\u00e9e \u00e0 la fin des ann\u00e9es 50, sans qu&rsquo;il y eut de campagne importante de vaccination.<\/p>\n<p>Le vaccin contre la\u00a0<span style=\"text-decoration: underline;\">coqueluche<\/span>\u00a0ne commen\u00e7a \u00e0 \u00eatre administr\u00e9 que dans les ann\u00e9es 40 aux Etats-Unis. En 1953, il fut autoris\u00e9 en Angleterre. A ce moment-l\u00e0, la coqueluche faisait 25 morts par million d&rsquo;enfants de moins de 15 ans, contre 1500 en 1850. Une baisse de 98,5 %\u00a0<em>sans que le vaccin y soit pour quoi que ce soit<\/em>.<\/p>\n<p>En Espagne, la coqueluche ne faisait plus que\u00a0<span style=\"text-decoration: underline;\">33 morts par an<\/span>\u00a0en 1965 quand furent lanc\u00e9es les campagnes de vaccination DPT (dipht\u00e9rie, coqueluche, t\u00e9tanos).<\/p>\n<p><span style=\"text-decoration: underline;\">La scarlatine<\/span>\u00a0ne fait pratiquement plus aucun mort depuis les ann\u00e9es 60 bien qu&rsquo;il n&rsquo;y ait jamais eu de vaccin.<\/p>\n<p>En France, les campagnes \u00e0 grande \u00e9chelle de vaccination ROR (rougeole, oreillons, rub\u00e9oles) furent lanc\u00e9es en 1983, alors que le nombre de d\u00e9c\u00e8s caus\u00e9s par la rougeole \u00e9tait tomb\u00e9 \u00e0 20 personnes par an, contre 3756 en 1906, une baisse de la mortalit\u00e9 de 99,5 %<em>\u00a0sans vaccin\u00a0<\/em>! En Espagne, 18 473 personnes moururent de la rougeole en 1901, contre 19 en 1981. Les campagnes de vaccination nationales commenc\u00e8rent pourtant en&#8230; 1982.<\/p>\n<p><strong>La tuberculose et le BCG<\/strong><\/p>\n<p>Mais le cas le plus embl\u00e9matique reste celui de la tuberculose. Cens\u00e9e \u00eatre pr\u00e9venue par le vaccin \u00ab\u00a0BCG\u00a0\u00bb, cette maladie a en r\u00e9alit\u00e9 plus vite r\u00e9gress\u00e9 dans des pays comme la Belgique et les Pays-Bas, qui\u00a0<em>ne vaccinaient pas<\/em>\u00a0leur population, qu&rsquo;en France, o\u00f9 tous les \u00e9coliers se faisaient vacciner.<\/p>\n<p>Aujourd&rsquo;hui, alors que le BCG n&rsquo;est plus obligatoire ni en Allemagne, ni en Angleterre, ni en Belgique, ni au Luxembourg, ni aux Pays-Bas, ni en Espagne, et qu&rsquo;il n&rsquo;est impos\u00e9 en Italie qu&rsquo;\u00e0 certains adultes \u00e0 risque (personnel de sant\u00e9, militaires&#8230;), la France continue \u00e0 vacciner religieusement des millions d&rsquo;\u00e9coliers chaque ann\u00e9e.<\/p>\n<p>Les \u00e9tudes de l&rsquo;INSERM sont pourtant sans appel\u00a0: le nombre de d\u00e9c\u00e8s par tuberculose avait d\u00e9j\u00e0 chut\u00e9 de 80 % quand fut introduit le BCG obligatoire le 5 janvier 1950, malgr\u00e9 les tr\u00e8s difficiles conditions de vie des ann\u00e9es d&rsquo;Apr\u00e8s-Guerre. Les campagnes de vaccination n&rsquo;ont ensuite eu aucun effet notable sur les courbes de la maladie. Celle-ci a continu\u00e9 \u00e0 r\u00e9gresser au m\u00eame rythme qu&rsquo;auparavant, avec l&rsquo;am\u00e9lioration de l&rsquo;hygi\u00e8ne et la g\u00e9n\u00e9ralisation de l&rsquo;eau courante. Ce qui n&rsquo;est pas \u00e9tonnant quand on sait que le fait d&rsquo;\u00eatre vaccin\u00e9 contre le BCG ne prot\u00e8ge ni de l&rsquo;infection, ni de la transmission de la maladie. Les personnes qui meurent aujourd&rsquo;hui de la tuberculose en France ne sont nullement des personnes qui n&rsquo;ont pas \u00e9t\u00e9 vaccin\u00e9es, mais des personnes marginalis\u00e9es socialement et souffrant de d\u00e9nutrition.<\/p>\n<p>Le probl\u00e8me est que le BCG comporte des risques importants d&rsquo;effets secondaires, raison pour laquelle la vaccination obligatoire a \u00e9t\u00e9 abandonn\u00e9e dans les ann\u00e9es 70 et 80 (sauf en France, o\u00f9 l&rsquo;obligation a \u00e9t\u00e9 supprim\u00e9e en 2007). C&rsquo;est en effet un vaccin vivant, qui pose des risques, y compris de d\u00e9c\u00e8s, aux enfants et aux personnes dont le syst\u00e8me immunitaire est affaibli. Une \u00e9tude r\u00e9alis\u00e9e \u00e0 Barcelone a indiqu\u00e9 une baisse significative des cas de m\u00e9ningite chez les jeunes enfants apr\u00e8s l&rsquo;abandon des campagnes de vaccination au BCG.<\/p>\n<p>Ce n&rsquo;est donc nullement la vaccination qui a permis \u00e0 nos soci\u00e9t\u00e9s de sortir des grandes \u00e9pid\u00e9mies mais la\u00a0<span style=\"text-decoration: underline;\">prosp\u00e9rit\u00e9 \u00e9conomique<\/span>. Celle-ci a permis une am\u00e9lioration de l&rsquo;hygi\u00e8ne, de l&rsquo;alimentation et de l&rsquo;habitat. Si ces conditions devaient se d\u00e9grader de fa\u00e7on significative, il est \u00e9vident que, malgr\u00e9 tous nos vaccins, on assisterait \u00e0 un retour en force de ces maladies, exactement comme cela fut le cas pendant la Seconde Guerre mondiale.<\/p>\n<p><strong>La v\u00e9rit\u00e9 soigneusement dissimul\u00e9e<\/strong><\/p>\n<p>Actuellement malheureusement, une industrie gigantesque s&rsquo;est d\u00e9velopp\u00e9e pour assurer la vaccination de masse des populations du monde entier. Cette industrie est d&rsquo;autant plus lucrative qu&rsquo;elle est totalement financ\u00e9e par les gouvernements, et que les entreprises qui se partagent le march\u00e9 sont prot\u00e9g\u00e9es \u00e0 la fois par des brevets (dont le respect est assur\u00e9 par les pouvoirs publics) et par une r\u00e9glementation touffue que seuls quelques grands groupes arm\u00e9s de bataillons de juristes peuvent comprendre et respecter.<\/p>\n<p>Des milliards de vaccins sont administr\u00e9s chaque ann\u00e9e, et des dizaines de milliards d&rsquo;euros sont encaiss\u00e9s par les multinationales pharmaceutiques.<\/p>\n<p>Pour le seul vaccin contre la grippe A, le gouvernement fran\u00e7ais avait pay\u00e9\u00a0<span style=\"text-decoration: underline;\">1,5 milliards d&rsquo;euros<\/span>\u00a0pour 94 millions de doses, ce qui fait quasiment deux doses par citoyen.<\/p>\n<p>A l&rsquo;achat des vaccins, il a fallu ajouter le co\u00fbt de\u00a0:<\/p>\n<ul>\n<li>la campagne de vaccination pour un montant de 35,8 millions d&rsquo;euros,<\/li>\n<li>l&rsquo;acquisition de respirateurs pour 5,8 millions d&rsquo;euros,<\/li>\n<li>l&rsquo;achat d&rsquo;antiviraux pour 20 millions d&rsquo;euros,<\/li>\n<li>150,6 millions d&rsquo;euros de masques,<\/li>\n<li>41,6 millions d&rsquo;euros de d\u00e9penses logistiques,<\/li>\n<li>290 millions afin d&rsquo;indemniser les personnels de sant\u00e9 r\u00e9quisitionn\u00e9s,<\/li>\n<li>59,6 millions destin\u00e9s aux frais d&rsquo;information et \u00e0 la campagne de communication,<\/li>\n<li>100 millions de\u00a0<em>\u00ab\u00a0frais li\u00e9s \u00e0 l&rsquo;organisation territoriale de la campagne de vaccination\u00a0\u00bb<\/em>,<\/li>\n<li>et encore 375 \u00e0 752 millions d&rsquo;euros de d\u00e9penses li\u00e9es aux consultations de m\u00e9decins, \u00e0 la prescription de m\u00e9dicaments.<\/li>\n<\/ul>\n<p>Finalement, le nombre de vaccins utilis\u00e9s n&rsquo;a \u00e9t\u00e9 que de 4,5 millions, ce qui est une bonne chose, mais cela veut dire que sur les 94 millions de doses,\u00a0<em>89,5 millions sont parties \u00e0 la poubelle<\/em>, une fois atteinte la date de p\u00e9remption. (7)<\/p>\n<p>Ce gaspillage r\u00e9voltant a \u00e9t\u00e9 d\u00e9nonc\u00e9 par le Professeur Bernard Debr\u00e9 et le d\u00e9put\u00e9 et m\u00e9decin Jean-Marie Le Guen. Mais la presse a trait\u00e9 l&rsquo;affaire comme un scandale isol\u00e9, sans lien avec la surconsommation syst\u00e9matique des autres vaccins, en France et \u00e0 travers le monde.<\/p>\n<p><strong>Pas de suivi des accidents li\u00e9s aux vaccins<\/strong><\/p>\n<p>De m\u00eame,\u00a0<em>personne ne se soucie actuellement des risques r\u00e9els que vous faites courir \u00e0 vos enfants en les vaccinant<\/em>. Et s&rsquo;ils tombent malades juste apr\u00e8s la vaccination, vous pouvez \u00eatre certain qu&rsquo;on vous expliquera qu&rsquo;il s&rsquo;agit d&rsquo;une pure co\u00efncidence, y compris s&rsquo;il y a d\u00e9c\u00e8s.<\/p>\n<p>Le cas arrive tous les ans \u00e0 des milliers de parents. Leur enfant se fait vacciner et, dans les heures qui suivent, ils d\u00e9clenchent de graves r\u00e9actions pouvant aller des maux de t\u00eate aux vomissements, en passant par l&rsquo;ecz\u00e9ma, l&rsquo;hyperactivit\u00e9, les perturbations du sommeil et un peu plus tard une maladie auto-immune incurable ou pire, la mort.<\/p>\n<p>Dans la plupart des cas, les professionnels de sant\u00e9, non seulement nient le lien avec le vaccin, mais ils ne d\u00e9clarent m\u00eame pas l&rsquo;accident aux autorit\u00e9s de pharmacovigilance (agences responsables de surveiller les effets ind\u00e9sirables des m\u00e9dicaments) puisqu&rsquo;ils consid\u00e8rent qu&rsquo;il n&rsquo;y a pas de lien.<\/p>\n<p>C&rsquo;est ce qui est arriv\u00e9 \u00e0 la petite Christina Richelle, d\u00e9c\u00e9d\u00e9e suite au vaccin Gardasil contre le HPV (papillomavirus), et \u00e0 tant d&rsquo;autres personnes que l&rsquo;on retrouve sur les innombrables sites d&rsquo;information sur la vaccination. (8)<\/p>\n<p>Un t\u00e9moignage parmi d&rsquo;autres, recueilli par l&rsquo;EFVV (European forum for vaccine vigilance)\u00a0:<\/p>\n<blockquote><p>\u00ab\u00a0<em>Je ne peux vous dire mon nom et je ne peux pas vous r\u00e9v\u00e9ler l&rsquo;identit\u00e9 de mon b\u00e9b\u00e9 parce que j&rsquo;ai peur que cela me retombe dessus, mais j&rsquo;ai voulu vous contacter en entendant parler de votre projet, parce que je suis si heureuse que quelqu&rsquo;un entreprenne quelque chose. Mon b\u00e9b\u00e9 est mort dans les 24 heures apr\u00e8s avoir re\u00e7u son premier vaccin DPT (Dipht\u00e9rie, coqueluche, tetanos), il y a deux mois. Je me sens si horriblement mal, personne ne peut avoir la moindre id\u00e9e de ce que c&rsquo;est. Elle \u00e9tait parfaite. Lorsqu&rsquo;on lui fit l&rsquo;injection, elle se mit \u00e0 crier pendant au moins une heure, d&rsquo;une fa\u00e7on bizarre. Puis elle parut tr\u00e8s fatigu\u00e9e, s&rsquo;est endormie profond\u00e9ment, et ne s&rsquo;est plus jamais r\u00e9veill\u00e9e. J&rsquo;ai commenc\u00e9 \u00e0 m&rsquo;inqui\u00e9ter parce qu&rsquo;elle semblait dormir plus longtemps que d&rsquo;habitude et lorsque j&rsquo;ai voulu v\u00e9rifier, j&rsquo;ai remarqu\u00e9 qu&rsquo;elle avait un peu vomi et qu&rsquo;elle ne respirait plus. Ils ont du faire une autopsie mais ils n&rsquo;ont pas pu identifier la cause du d\u00e9c\u00e8s. Je sais que c&rsquo;est le vaccin qui l&rsquo;a tu\u00e9e. Elle n&rsquo;avait pas \u00e9t\u00e9 malade une seule fois jusque l\u00e0. Mais plus je l&rsquo;ai dit au corps m\u00e9dical, plus ils sont devenus hostiles. Aujourd&rsquo;hui, j&rsquo;ai peur qu&rsquo;ils me prennent mon autre enfant et je ne veux pas qu&rsquo;ils m&rsquo;accusent d&rsquo;avoir tu\u00e9 mon b\u00e9b\u00e9. Je ne devrais pas avoir \u00e0 vivre comme \u00e7a, c&rsquo;est horrible. Je suis presque trop terroris\u00e9e pour pouvoir faire mon deuil correctement. Elle \u00e9tait si belle.\u00a0<\/em>\u00bb<\/p><\/blockquote>\n<p>Mais c&rsquo;est tr\u00e8s souvent le m\u00eame sc\u00e9nario\u00a0: officiellement, il ne peut y avoir aucun lien entre le vaccin et les accidents qui s&rsquo;ensuivent. La plupart des m\u00e9decins nieront farouchement l&rsquo;\u00e9vidence. Rien ne serait plus facile, pourtant, que de donner \u00e0 chaque personne vaccin\u00e9e un petit questionnaire, \u00e0 renvoyer \u00e0 l&rsquo;Agence nationale du m\u00e9dicament, sur lequel elle noterait tous les effets anormaux qu&rsquo;elle constaterait durant, par exemple, les huit jours suivant la vaccination.<\/p>\n<p>Cela permettrait tr\u00e8s rapidement d&rsquo;\u00e9tablir enfin des statistiques globales sur les effets ind\u00e9sirables r\u00e9els des vaccins. Dans un cas comme cit\u00e9 ci-dessus, il est vraiment trop facile de d\u00e9clarer que l&rsquo;enfant est d\u00e9c\u00e9d\u00e9 \u00ab\u00a0de cause inexpliqu\u00e9e\u00a0\u00bb ou encore que c&rsquo;est la \u00ab\u00a0mort subite du nourrisson\u00a0\u00bb. Parce qu&rsquo;injecter un vaccin, cela consiste \u00e0 introduire dans l&rsquo;organisme non seulement des virus potentiellement dangereux (m\u00eame artificiellement affaiblis) et des adjuvants que les syst\u00e8mes immunitaires immatures ne supportent pas forc\u00e9ment.<\/p>\n<p>Mais pour des raisons qui n&rsquo;ont rien \u00e0 voir avec votre sant\u00e9 ni le bien commun, et tout \u00e0 voir avec les comptes en banques des industriels et des politiques, ce type de mesures n&rsquo;est absolument pas envisag\u00e9 aujourd&rsquo;hui par les autorit\u00e9s sanitaires.<\/p>\n<p><strong>Que faire\u00a0??<\/strong><\/p>\n<p>Cela veut-il dire qu&rsquo;il faille \u00e0 arr\u00eater de vacciner tous les enfants\u00a0?<\/p>\n<p>Non. Car m\u00eame si on a exag\u00e9r\u00e9 les bienfaits des vaccins sur la sant\u00e9 publique, et m\u00eame si les dangers de la vaccination sont minor\u00e9s, il existe probablement de nombreux cas o\u00f9 il est raisonnable de vacciner.<\/p>\n<p>Le probl\u00e8me est que l&rsquo;absence d&rsquo;\u00e9tudes s\u00e9rieuses sur les risques et b\u00e9n\u00e9fices r\u00e9els des vaccins obscurcit consid\u00e9rablement le d\u00e9bat. Ni les citoyens, ni les professionnels de sant\u00e9 de bonne volont\u00e9, ne disposent aujourd&rsquo;hui d&rsquo;\u00e9l\u00e9ments fiables pour prendre des d\u00e9cisions \u00e9clair\u00e9es.<\/p>\n<p>Nous sommes donc oblig\u00e9s de jouer \u00e0 la roulette russe avec les vaccins.<\/p>\n<p>Il semble toutefois raisonnable a priori d&rsquo;\u00e9viter tous les vaccins qui ne sont pas obligatoires, lorsqu&rsquo;on est en bonne sant\u00e9. Faire du z\u00e8le est co\u00fbteux, mais plus probablement encore dangereux.<\/p>\n<p>Pour toutes les maladies, il y a des personnes \u00ab\u00a0\u00e0 risque\u00a0\u00bb, et d&rsquo;autres qui le sont moins. Vacciner aveugl\u00e9ment tous les enfants avec tous les vaccins du calendrier vaccinal est dans la plupart des cas, nocif.<\/p>\n<p>De plus, il ne faut pas oublier que m\u00eame les vaccins obligatoires (DTPolio et BCG en France) ne le sont plus si votre m\u00e9decin constate des contre-indications. Cela n&rsquo;est pas th\u00e9orique car de nombreuses personnes peuvent en fait pr\u00e9senter des contre-indications, en particulier les personnes allergiques, souffrant de maladies auto-immunes, ou ayant d&rsquo;autres probl\u00e8mes li\u00e9s \u00e0 leur syst\u00e8me immunitaire. Un examen m\u00e9dical est donc recommand\u00e9 avant toute vaccination, m\u00eame si ce n&rsquo;est pas pr\u00e9vu par le syst\u00e8me.<\/p>\n<p><strong>Une r\u00e9forme indispensable et urgente<\/strong><\/p>\n<p>Il est donc indispensable et urgent que les pouvoirs publics prennent des mesures visant \u00e0 am\u00e9liorer la connaissance des vaccins et l&rsquo;information des m\u00e9decins comme du grand public \u00e0 ce sujet.<\/p>\n<p>Une information transparente doit \u00eatre donn\u00e9e sur les dangers de chaque vaccin. S&rsquo;il y a eu des morts, des personnes gravement handicap\u00e9es, ou malades \u00e0 vie, les personnes qui sont sur le point de se faire vacciner doivent en \u00eatre inform\u00e9es.<\/p>\n<p>Beaucoup de vaccins ont un rapport b\u00e9n\u00e9fices\/risques douteux. Une information lisible et facilement compr\u00e9hensible doit figurer sur l&#8217;emballage des vaccins, indiquant clairement ceux qui sont indispensables, ceux qui ne sont n\u00e9cessaires que dans certains cas, et ceux qui sont inutiles dans la plupart des cas.<\/p>\n<p>Mais m\u00eame si c&rsquo;est aux m\u00e9decins de s&rsquo;assurer qu&rsquo;ils ne font pas\u00a0<span style=\"text-decoration: underline;\">courir de risque inutile<\/span>\u00a0\u00e0 leurs patients (serment d&rsquo;Hippocrate), rappelons-nous que nous ne vivons pas dans l&rsquo;utopie et que ce sera toujours \u00e0 nous, ultimement, d&rsquo;\u00eatre responsable de notre sant\u00e9.<\/p>\n<p>Bien \u00e0 vous,<\/p>\n<p>Jean-Marc Dupuis<\/p>\n<p><span style=\"font-size: 13px; line-height: 19px;\">.<\/span><\/p>\n<p><strong>Sources\u00a0:<\/strong><\/p>\n<p>Rapport \u00ab\u00a0Survey on Vaccinations in Europe\u00a0\u00bb, EFVV, t\u00e9l\u00e9chargeable gratuitement sur\u00a0<span style=\"text-decoration: underline;\"><a href=\"http:\/\/clics.sante-nature-innovation.fr\/\/t\/AQ\/AA7vFg\/AA8Eow\/AAiXtA\/AQ\/AzQZmw\/XoKH\" target=\"_blank\">www.efvv.org<\/a><\/span><\/p>\n<ol>\n<li><a href=\"http:\/\/clics.sante-nature-innovation.fr\/\/t\/AQ\/AA7vFg\/AA8Eow\/AAiXwg\/AQ\/AzQZmw\/wqqw\" target=\"_blank\">Risk of narcolpesy in children and young people receiving AS03<\/a>\u00a0&#8211; BMJ 2013;346:f794<\/li>\n<li><span style=\"text-decoration: underline;\"><a href=\"http:\/\/clics.sante-nature-innovation.fr\/\/t\/AQ\/AA7vFg\/AA8Eow\/AAiXtQ\/AQ\/AzQZmw\/87mr\" target=\"_blank\">Guillain-Barr\u00e9 Syndrome After Influenza Vaccination in Adults<\/a><\/span>, David N. Juurlink, Therese A. Stukel, Jeffrey Kwong, Alexander Kopp, Allison McGeer, Ross E. Upshur, Douglas G. Manuel, Rahim Moineddin, Kumanan Wilson, Arch Intern Med. 2006;166:2217-2221.<\/li>\n<li>D\u00e9compte effectu\u00e9 par Sanevax\u00a0:\u00a0<span style=\"text-decoration: underline;\"><a href=\"http:\/\/clics.sante-nature-innovation.fr\/\/t\/AQ\/AA7vFg\/AA8Eow\/AAiXtg\/Ag\/AzQZmw\/hMZM\" target=\"_blank\">http:\/\/sanevax.org\/breaking-<wbr \/>news-gardasil-fingerprints-<wbr \/>found-in-post-mortem-samples\/<\/a><\/span><\/li>\n<li><span style=\"text-decoration: underline;\"><a href=\"http:\/\/clics.sante-nature-innovation.fr\/\/t\/AQ\/AA7vFg\/AA8Eow\/AAiXtw\/Ag\/AzQZmw\/l8JE\" target=\"_blank\">http:\/\/www.ncbi.nlm.nih.gov\/<wbr \/>pubmed\/22249285<\/a><\/span><\/li>\n<li><span style=\"text-decoration: underline;\"><a href=\"http:\/\/clics.sante-nature-innovation.fr\/\/t\/AQ\/AA7vFg\/AA8Eow\/AAiXuA\/Ag\/AzQZmw\/vv4n\" target=\"_blank\">http:\/\/www.quechoisir.org\/<wbr \/>sante-bien-etre\/maladie-<wbr \/>medecine\/maladie\/actualite-<wbr \/>aluminium-dans-les-vaccins-<wbr \/>lien-de-cause-a-effet-etabli<\/a><\/span><\/li>\n<li>Rapport \u00ab\u00a0Survey on Vaccinations in Europe\u00a0\u00bb, EFVV, t\u00e9l\u00e9chargeable gratuitement sur<span style=\"text-decoration: underline;\"><a href=\"http:\/\/clics.sante-nature-innovation.fr\/\/t\/AQ\/AA7vFg\/AA8Eow\/AAiXtA\/Ag\/AzQZmw\/ArG5\" target=\"_blank\">www.efvv.org<\/a><\/span><\/li>\n<li><span style=\"text-decoration: underline;\"><a href=\"http:\/\/clics.sante-nature-innovation.fr\/\/t\/AQ\/AA7vFg\/AA8Eow\/AAiXuQ\/Ag\/AzQZmw\/o0lT\" target=\"_blank\">http:\/\/www.lemonde.fr\/<wbr \/>epidemie-grippe-a\/article\/<wbr \/>2010\/01\/04\/une-grippe-a-deux-<wbr \/>milliards-d-euros_1287422_<wbr \/>1225408.html<\/a><\/span><\/li>\n<li><a href=\"http:\/\/clics.sante-nature-innovation.fr\/\/t\/AQ\/AA7vFg\/AA8Eow\/AAiXug\/Ag\/AzQZmw\/z-Ua\" target=\"_blank\">http:\/\/www.<wbr \/>gardasilandunexplaineddeaths.<wbr \/>com\/<\/a><\/li>\n<\/ol>\n<p><strong>Voir \u00e9galement\u00a0:<\/strong><\/p>\n<p>Meyer, J., &amp; Jensen, K. A. (1954). A fatal case of tuberculosis produced by BCG.\u00a0<em>Am Rev Tuberc<\/em>,<em>70<\/em>(3), 402\u2013412.\u00a0<strong>JAMES E. F.<\/strong>, Fatal case of tuberculosis produced by BCG, American review of tuberculosis, 1955, tome 71, pp.321-323\u00a0; Pedersen, F. K., Engbaek, H. C., Hertz, H., &amp; Vergmann, B. (1978). Fatal BCG infection in an immunocompetent girl.\u00a0<em>Acta Paediatr Scand<\/em>,\u00a0<em>67<\/em>(4), 519\u2013523.<\/p>\n<p>OMS, L&rsquo;\u00e9radication mondiale de la variole \u2013 Rapport final de la commission mondiale pour la certification de l&rsquo;\u00e9radication de la variole, \u00e9d. OMS, 1980.<\/p>\n<p>.<\/p>\n<p>\u00ab\u00a0Cet article vous a plu ? Vous pouvez recevoir r\u00e9guli\u00e8rement les lettres de Sant\u00e9 Nature Innovation. C\u2019est gratuit. Cliquez ici pour vous inscrire :\u00a0<a href=\"http:\/\/www.santenatureinnovation.fr\/newsletter-gratuite\/\" target=\"_blank\">http:\/\/www.<wbr \/>santenatureinnovation.fr\/<wbr \/>newsletter-gratuite\/\u00a0<\/a>\u00bb<\/p>\n","protected":false},"excerpt":{"rendered":"<p>Par Jean-Marc Dupuis Dans un communiqu\u00e9 de presse publi\u00e9 lundi 22 avril au matin, l&rsquo;Union europ\u00e9enne a annonc\u00e9 avoir autoris\u00e9 la mise sur le march\u00e9 d&rsquo;un nouveau vaccin \u00ab\u00a06-en-1\u00a0\u00bb pour les nourrissons. Ce vaccin, appel\u00e9 Hexyon et produit par le&hellip;<\/p>\n","protected":false},"author":981,"featured_media":49315,"comment_status":"closed","ping_status":"open","sticky":false,"template":"","format":"standard","meta":{"footnotes":""},"categories":[40,1245],"tags":[4715],"class_list":["post-49310","post","type-post","status-publish","format-standard","has-post-thumbnail","hentry","category-international-fr","category-sante-sujet","tag-vaccins"],"yoast_head":"<!-- This site is optimized with the Yoast SEO plugin v27.1.1 - https:\/\/yoast.com\/product\/yoast-seo-wordpress\/ -->\n<title>Vaccin : ce que tout parent doit savoir<\/title>\n<meta name=\"description\" content=\"Par Jean-Marc Dupuis Dans un communiqu\u00e9 de presse publi\u00e9 lundi 22 avril au matin, l&#039;Union europ\u00e9enne a annonc\u00e9 avoir autoris\u00e9 la mise sur le march\u00e9 d&#039;un\" \/>\n<meta name=\"robots\" content=\"index, follow, max-snippet:-1, max-image-preview:large, max-video-preview:-1\" \/>\n<link rel=\"canonical\" href=\"https:\/\/www.pressenza.com\/fr\/2013\/04\/vaccin-ce-que-tout-parent-doit-savoir\/\" \/>\n<meta property=\"og:locale\" content=\"fr_FR\" \/>\n<meta property=\"og:type\" content=\"article\" \/>\n<meta property=\"og:title\" content=\"Vaccin : ce que tout parent doit savoir\" \/>\n<meta property=\"og:description\" content=\"Par Jean-Marc Dupuis Dans un communiqu\u00e9 de presse publi\u00e9 lundi 22 avril au matin, l&#039;Union europ\u00e9enne a annonc\u00e9 avoir autoris\u00e9 la mise sur le march\u00e9 d&#039;un\" \/>\n<meta property=\"og:url\" content=\"https:\/\/www.pressenza.com\/fr\/2013\/04\/vaccin-ce-que-tout-parent-doit-savoir\/\" \/>\n<meta property=\"og:site_name\" content=\"Pressenza\" \/>\n<meta property=\"article:publisher\" content=\"https:\/\/www.facebook.com\/PressenzaItalia\" \/>\n<meta property=\"article:published_time\" content=\"2013-04-24T04:55:35+00:00\" \/>\n<meta property=\"article:modified_time\" content=\"2013-04-24T05:30:11+00:00\" \/>\n<meta property=\"og:image\" content=\"https:\/\/www.pressenza.com\/wp-content\/uploads\/2013\/04\/Vaccination.jpg\" \/>\n\t<meta property=\"og:image:width\" content=\"700\" \/>\n\t<meta property=\"og:image:height\" content=\"473\" \/>\n\t<meta property=\"og:image:type\" content=\"image\/jpeg\" \/>\n<meta name=\"author\" content=\"Sant\u00e9 Nature Innovation\" \/>\n<meta name=\"twitter:card\" content=\"summary_large_image\" \/>\n<meta name=\"twitter:creator\" content=\"@PressenzaIPA\" \/>\n<meta name=\"twitter:site\" content=\"@PressenzaIPA\" \/>\n<meta name=\"twitter:label1\" content=\"\u00c9crit par\" \/>\n\t<meta name=\"twitter:data1\" content=\"Sant\u00e9 Nature Innovation\" \/>\n\t<meta name=\"twitter:label2\" content=\"Dur\u00e9e de lecture estim\u00e9e\" \/>\n\t<meta name=\"twitter:data2\" content=\"18 minutes\" \/>\n<script type=\"application\/ld+json\" class=\"yoast-schema-graph\">{\"@context\":\"https:\/\/schema.org\",\"@graph\":[{\"@type\":\"Article\",\"@id\":\"https:\/\/www.pressenza.com\/fr\/2013\/04\/vaccin-ce-que-tout-parent-doit-savoir\/#article\",\"isPartOf\":{\"@id\":\"https:\/\/www.pressenza.com\/fr\/2013\/04\/vaccin-ce-que-tout-parent-doit-savoir\/\"},\"author\":{\"name\":\"Sant\u00e9 Nature Innovation\",\"@id\":\"https:\/\/www.pressenza.com\/fr\/#\/schema\/person\/8af2cdb15d4b1c9a8403ded9d808f658\"},\"headline\":\"Vaccin : ce que tout parent doit savoir\",\"datePublished\":\"2013-04-24T04:55:35+00:00\",\"dateModified\":\"2013-04-24T05:30:11+00:00\",\"mainEntityOfPage\":{\"@id\":\"https:\/\/www.pressenza.com\/fr\/2013\/04\/vaccin-ce-que-tout-parent-doit-savoir\/\"},\"wordCount\":3701,\"publisher\":{\"@id\":\"https:\/\/www.pressenza.com\/fr\/#organization\"},\"image\":{\"@id\":\"https:\/\/www.pressenza.com\/fr\/2013\/04\/vaccin-ce-que-tout-parent-doit-savoir\/#primaryimage\"},\"thumbnailUrl\":\"https:\/\/www.pressenza.com\/wp-content\/uploads\/2013\/04\/Vaccination.jpg\",\"keywords\":[\"vaccins\"],\"articleSection\":[\"International\",\"Sant\u00e9\"],\"inLanguage\":\"fr-FR\"},{\"@type\":\"WebPage\",\"@id\":\"https:\/\/www.pressenza.com\/fr\/2013\/04\/vaccin-ce-que-tout-parent-doit-savoir\/\",\"url\":\"https:\/\/www.pressenza.com\/fr\/2013\/04\/vaccin-ce-que-tout-parent-doit-savoir\/\",\"name\":\"Vaccin : ce que tout parent doit savoir\",\"isPartOf\":{\"@id\":\"https:\/\/www.pressenza.com\/fr\/#website\"},\"primaryImageOfPage\":{\"@id\":\"https:\/\/www.pressenza.com\/fr\/2013\/04\/vaccin-ce-que-tout-parent-doit-savoir\/#primaryimage\"},\"image\":{\"@id\":\"https:\/\/www.pressenza.com\/fr\/2013\/04\/vaccin-ce-que-tout-parent-doit-savoir\/#primaryimage\"},\"thumbnailUrl\":\"https:\/\/www.pressenza.com\/wp-content\/uploads\/2013\/04\/Vaccination.jpg\",\"datePublished\":\"2013-04-24T04:55:35+00:00\",\"dateModified\":\"2013-04-24T05:30:11+00:00\",\"description\":\"Par Jean-Marc Dupuis Dans un communiqu\u00e9 de presse publi\u00e9 lundi 22 avril au matin, l'Union europ\u00e9enne a annonc\u00e9 avoir autoris\u00e9 la mise sur le march\u00e9 d'un\",\"breadcrumb\":{\"@id\":\"https:\/\/www.pressenza.com\/fr\/2013\/04\/vaccin-ce-que-tout-parent-doit-savoir\/#breadcrumb\"},\"inLanguage\":\"fr-FR\",\"potentialAction\":[{\"@type\":\"ReadAction\",\"target\":[\"https:\/\/www.pressenza.com\/fr\/2013\/04\/vaccin-ce-que-tout-parent-doit-savoir\/\"]}]},{\"@type\":\"ImageObject\",\"inLanguage\":\"fr-FR\",\"@id\":\"https:\/\/www.pressenza.com\/fr\/2013\/04\/vaccin-ce-que-tout-parent-doit-savoir\/#primaryimage\",\"url\":\"https:\/\/www.pressenza.com\/wp-content\/uploads\/2013\/04\/Vaccination.jpg\",\"contentUrl\":\"https:\/\/www.pressenza.com\/wp-content\/uploads\/2013\/04\/Vaccination.jpg\",\"width\":700,\"height\":473},{\"@type\":\"BreadcrumbList\",\"@id\":\"https:\/\/www.pressenza.com\/fr\/2013\/04\/vaccin-ce-que-tout-parent-doit-savoir\/#breadcrumb\",\"itemListElement\":[{\"@type\":\"ListItem\",\"position\":1,\"name\":\"Accueil\",\"item\":\"https:\/\/www.pressenza.com\/fr\/\"},{\"@type\":\"ListItem\",\"position\":2,\"name\":\"Vaccin : ce que tout parent doit savoir\"}]},{\"@type\":\"WebSite\",\"@id\":\"https:\/\/www.pressenza.com\/fr\/#website\",\"url\":\"https:\/\/www.pressenza.com\/fr\/\",\"name\":\"Pressenza\",\"description\":\"International Press Agency\",\"publisher\":{\"@id\":\"https:\/\/www.pressenza.com\/fr\/#organization\"},\"potentialAction\":[{\"@type\":\"SearchAction\",\"target\":{\"@type\":\"EntryPoint\",\"urlTemplate\":\"https:\/\/www.pressenza.com\/fr\/?s={search_term_string}\"},\"query-input\":{\"@type\":\"PropertyValueSpecification\",\"valueRequired\":true,\"valueName\":\"search_term_string\"}}],\"inLanguage\":\"fr-FR\"},{\"@type\":\"Organization\",\"@id\":\"https:\/\/www.pressenza.com\/fr\/#organization\",\"name\":\"Pressenza\",\"url\":\"https:\/\/www.pressenza.com\/fr\/\",\"logo\":{\"@type\":\"ImageObject\",\"inLanguage\":\"fr-FR\",\"@id\":\"https:\/\/www.pressenza.com\/fr\/#\/schema\/logo\/image\/\",\"url\":\"https:\/\/www.pressenza.com\/wp-content\/uploads\/2022\/10\/pressenza_logo_200x200.jpg\",\"contentUrl\":\"https:\/\/www.pressenza.com\/wp-content\/uploads\/2022\/10\/pressenza_logo_200x200.jpg\",\"width\":200,\"height\":200,\"caption\":\"Pressenza\"},\"image\":{\"@id\":\"https:\/\/www.pressenza.com\/fr\/#\/schema\/logo\/image\/\"},\"sameAs\":[\"https:\/\/www.facebook.com\/PressenzaItalia\",\"https:\/\/x.com\/PressenzaIPA\"]},{\"@type\":\"Person\",\"@id\":\"https:\/\/www.pressenza.com\/fr\/#\/schema\/person\/8af2cdb15d4b1c9a8403ded9d808f658\",\"name\":\"Sant\u00e9 Nature Innovation\",\"description\":\"Les nouveaux traitements naturels valid\u00e9s par la recherche scientifique. www.santenatureinnovation.fr\",\"sameAs\":[\"http:\/\/www.santenatureinnovation.fr\"],\"url\":\"https:\/\/www.pressenza.com\/fr\/author\/sante-nature-innovation\/\"}]}<\/script>\n<!-- \/ Yoast SEO plugin. -->","yoast_head_json":{"title":"Vaccin : ce que tout parent doit savoir","description":"Par Jean-Marc Dupuis Dans un communiqu\u00e9 de presse publi\u00e9 lundi 22 avril au matin, l'Union europ\u00e9enne a annonc\u00e9 avoir autoris\u00e9 la mise sur le march\u00e9 d'un","robots":{"index":"index","follow":"follow","max-snippet":"max-snippet:-1","max-image-preview":"max-image-preview:large","max-video-preview":"max-video-preview:-1"},"canonical":"https:\/\/www.pressenza.com\/fr\/2013\/04\/vaccin-ce-que-tout-parent-doit-savoir\/","og_locale":"fr_FR","og_type":"article","og_title":"Vaccin : ce que tout parent doit savoir","og_description":"Par Jean-Marc Dupuis Dans un communiqu\u00e9 de presse publi\u00e9 lundi 22 avril au matin, l'Union europ\u00e9enne a annonc\u00e9 avoir autoris\u00e9 la mise sur le march\u00e9 d'un","og_url":"https:\/\/www.pressenza.com\/fr\/2013\/04\/vaccin-ce-que-tout-parent-doit-savoir\/","og_site_name":"Pressenza","article_publisher":"https:\/\/www.facebook.com\/PressenzaItalia","article_published_time":"2013-04-24T04:55:35+00:00","article_modified_time":"2013-04-24T05:30:11+00:00","og_image":[{"width":700,"height":473,"url":"https:\/\/www.pressenza.com\/wp-content\/uploads\/2013\/04\/Vaccination.jpg","type":"image\/jpeg"}],"author":"Sant\u00e9 Nature Innovation","twitter_card":"summary_large_image","twitter_creator":"@PressenzaIPA","twitter_site":"@PressenzaIPA","twitter_misc":{"\u00c9crit par":"Sant\u00e9 Nature Innovation","Dur\u00e9e de lecture estim\u00e9e":"18 minutes"},"schema":{"@context":"https:\/\/schema.org","@graph":[{"@type":"Article","@id":"https:\/\/www.pressenza.com\/fr\/2013\/04\/vaccin-ce-que-tout-parent-doit-savoir\/#article","isPartOf":{"@id":"https:\/\/www.pressenza.com\/fr\/2013\/04\/vaccin-ce-que-tout-parent-doit-savoir\/"},"author":{"name":"Sant\u00e9 Nature Innovation","@id":"https:\/\/www.pressenza.com\/fr\/#\/schema\/person\/8af2cdb15d4b1c9a8403ded9d808f658"},"headline":"Vaccin : ce que tout parent doit savoir","datePublished":"2013-04-24T04:55:35+00:00","dateModified":"2013-04-24T05:30:11+00:00","mainEntityOfPage":{"@id":"https:\/\/www.pressenza.com\/fr\/2013\/04\/vaccin-ce-que-tout-parent-doit-savoir\/"},"wordCount":3701,"publisher":{"@id":"https:\/\/www.pressenza.com\/fr\/#organization"},"image":{"@id":"https:\/\/www.pressenza.com\/fr\/2013\/04\/vaccin-ce-que-tout-parent-doit-savoir\/#primaryimage"},"thumbnailUrl":"https:\/\/www.pressenza.com\/wp-content\/uploads\/2013\/04\/Vaccination.jpg","keywords":["vaccins"],"articleSection":["International","Sant\u00e9"],"inLanguage":"fr-FR"},{"@type":"WebPage","@id":"https:\/\/www.pressenza.com\/fr\/2013\/04\/vaccin-ce-que-tout-parent-doit-savoir\/","url":"https:\/\/www.pressenza.com\/fr\/2013\/04\/vaccin-ce-que-tout-parent-doit-savoir\/","name":"Vaccin : ce que tout parent doit savoir","isPartOf":{"@id":"https:\/\/www.pressenza.com\/fr\/#website"},"primaryImageOfPage":{"@id":"https:\/\/www.pressenza.com\/fr\/2013\/04\/vaccin-ce-que-tout-parent-doit-savoir\/#primaryimage"},"image":{"@id":"https:\/\/www.pressenza.com\/fr\/2013\/04\/vaccin-ce-que-tout-parent-doit-savoir\/#primaryimage"},"thumbnailUrl":"https:\/\/www.pressenza.com\/wp-content\/uploads\/2013\/04\/Vaccination.jpg","datePublished":"2013-04-24T04:55:35+00:00","dateModified":"2013-04-24T05:30:11+00:00","description":"Par Jean-Marc Dupuis Dans un communiqu\u00e9 de presse publi\u00e9 lundi 22 avril au matin, l'Union europ\u00e9enne a annonc\u00e9 avoir autoris\u00e9 la mise sur le march\u00e9 d'un","breadcrumb":{"@id":"https:\/\/www.pressenza.com\/fr\/2013\/04\/vaccin-ce-que-tout-parent-doit-savoir\/#breadcrumb"},"inLanguage":"fr-FR","potentialAction":[{"@type":"ReadAction","target":["https:\/\/www.pressenza.com\/fr\/2013\/04\/vaccin-ce-que-tout-parent-doit-savoir\/"]}]},{"@type":"ImageObject","inLanguage":"fr-FR","@id":"https:\/\/www.pressenza.com\/fr\/2013\/04\/vaccin-ce-que-tout-parent-doit-savoir\/#primaryimage","url":"https:\/\/www.pressenza.com\/wp-content\/uploads\/2013\/04\/Vaccination.jpg","contentUrl":"https:\/\/www.pressenza.com\/wp-content\/uploads\/2013\/04\/Vaccination.jpg","width":700,"height":473},{"@type":"BreadcrumbList","@id":"https:\/\/www.pressenza.com\/fr\/2013\/04\/vaccin-ce-que-tout-parent-doit-savoir\/#breadcrumb","itemListElement":[{"@type":"ListItem","position":1,"name":"Accueil","item":"https:\/\/www.pressenza.com\/fr\/"},{"@type":"ListItem","position":2,"name":"Vaccin : ce que tout parent doit savoir"}]},{"@type":"WebSite","@id":"https:\/\/www.pressenza.com\/fr\/#website","url":"https:\/\/www.pressenza.com\/fr\/","name":"Pressenza","description":"International Press Agency","publisher":{"@id":"https:\/\/www.pressenza.com\/fr\/#organization"},"potentialAction":[{"@type":"SearchAction","target":{"@type":"EntryPoint","urlTemplate":"https:\/\/www.pressenza.com\/fr\/?s={search_term_string}"},"query-input":{"@type":"PropertyValueSpecification","valueRequired":true,"valueName":"search_term_string"}}],"inLanguage":"fr-FR"},{"@type":"Organization","@id":"https:\/\/www.pressenza.com\/fr\/#organization","name":"Pressenza","url":"https:\/\/www.pressenza.com\/fr\/","logo":{"@type":"ImageObject","inLanguage":"fr-FR","@id":"https:\/\/www.pressenza.com\/fr\/#\/schema\/logo\/image\/","url":"https:\/\/www.pressenza.com\/wp-content\/uploads\/2022\/10\/pressenza_logo_200x200.jpg","contentUrl":"https:\/\/www.pressenza.com\/wp-content\/uploads\/2022\/10\/pressenza_logo_200x200.jpg","width":200,"height":200,"caption":"Pressenza"},"image":{"@id":"https:\/\/www.pressenza.com\/fr\/#\/schema\/logo\/image\/"},"sameAs":["https:\/\/www.facebook.com\/PressenzaItalia","https:\/\/x.com\/PressenzaIPA"]},{"@type":"Person","@id":"https:\/\/www.pressenza.com\/fr\/#\/schema\/person\/8af2cdb15d4b1c9a8403ded9d808f658","name":"Sant\u00e9 Nature Innovation","description":"Les nouveaux traitements naturels valid\u00e9s par la recherche scientifique. www.santenatureinnovation.fr","sameAs":["http:\/\/www.santenatureinnovation.fr"],"url":"https:\/\/www.pressenza.com\/fr\/author\/sante-nature-innovation\/"}]}},"place":"Paris","original_article_url":"","_links":{"self":[{"href":"https:\/\/www.pressenza.com\/fr\/wp-json\/wp\/v2\/posts\/49310","targetHints":{"allow":["GET"]}}],"collection":[{"href":"https:\/\/www.pressenza.com\/fr\/wp-json\/wp\/v2\/posts"}],"about":[{"href":"https:\/\/www.pressenza.com\/fr\/wp-json\/wp\/v2\/types\/post"}],"author":[{"embeddable":true,"href":"https:\/\/www.pressenza.com\/fr\/wp-json\/wp\/v2\/users\/981"}],"replies":[{"embeddable":true,"href":"https:\/\/www.pressenza.com\/fr\/wp-json\/wp\/v2\/comments?post=49310"}],"version-history":[{"count":0,"href":"https:\/\/www.pressenza.com\/fr\/wp-json\/wp\/v2\/posts\/49310\/revisions"}],"wp:featuredmedia":[{"embeddable":true,"href":"https:\/\/www.pressenza.com\/fr\/wp-json\/wp\/v2\/media\/49315"}],"wp:attachment":[{"href":"https:\/\/www.pressenza.com\/fr\/wp-json\/wp\/v2\/media?parent=49310"}],"wp:term":[{"taxonomy":"category","embeddable":true,"href":"https:\/\/www.pressenza.com\/fr\/wp-json\/wp\/v2\/categories?post=49310"},{"taxonomy":"post_tag","embeddable":true,"href":"https:\/\/www.pressenza.com\/fr\/wp-json\/wp\/v2\/tags?post=49310"}],"curies":[{"name":"wp","href":"https:\/\/api.w.org\/{rel}","templated":true}]}}