{"id":469573,"date":"2017-05-24T05:44:25","date_gmt":"2017-05-24T04:44:25","guid":{"rendered":"https:\/\/www.pressenza.com\/?p=469573\/"},"modified":"2017-05-24T05:45:14","modified_gmt":"2017-05-24T04:45:14","slug":"bresil-joao-pedro-stedile-exigeons-elections-directes-immediates-lapplication-dun-programme-populaire-durgence","status":"publish","type":"post","link":"https:\/\/www.pressenza.com\/fr\/2017\/05\/bresil-joao-pedro-stedile-exigeons-elections-directes-immediates-lapplication-dun-programme-populaire-durgence\/","title":{"rendered":"[Br\u00e9sil] Jo\u00e3o Pedro Stedile : \u00ab Nous exigeons des \u00e9lections directes imm\u00e9diates et l\u2019application d\u2019un programme populaire d\u2019urgence \u00bb"},"content":{"rendered":"<div class=\"crayon article-chapo-2591 chapo\">\n<p>Par <span class=\"vcard author\"><a class=\"url fn spip_in\" href=\"http:\/\/www.medelu.org\/_Joao-Pedro-Stedile_\">Jo\u00e3o Pedro Stedile<\/a><\/span><\/p>\n<p>Jo\u00e3o Pedro Stedile, dirigeant du Mouvement des travailleurs ruraux sans terre (MST) et de la coalition \u00ab\u00a0<a href=\"http:\/\/www.frentebrasilpopular.org.br\/\">Front Br\u00e9sil populaire<\/a>\u00a0\u00bb, compos\u00e9e par plus de 80 organisations populaires et de partis de gauche, analyse dans cet entretien r\u00e9alis\u00e9 le 18 mai 2017 pour le journal <em>Brasil de Fato<\/em> la situation politique br\u00e9silienne. Il indique \u00e9galement les diff\u00e9rentes sorties de crise possibles pour le pays et le r\u00f4le que vont avoir les organisations populaires dans les semaines et mois \u00e0 venir. Pour lui, le moment est <em>\u00ab\u00a0d\u00e9cisif\u00a0\u00bb<\/em> et <em>\u00ab\u00a0le candidat des travailleurs est Lula, parce qu\u2019il est le repr\u00e9sentant de la majorit\u00e9 du peuple br\u00e9silien, le seul capable de s\u2019engager dans un processus de changement et d\u2019appuyer notre plan d\u2019urgence\u00a0\u00bb.<\/em><\/p>\n<p>M\u00e9moire des luttes publie, dans une version enrichie de quelques pr\u00e9cisions factuelles, ce document.<\/p>\n<\/div>\n<div class=\"crayon article-texte-2591 texte entry-content\">\n<p><strong>Brasil de Fato (BdF)\u00a0: Pourquoi le mastodonte m\u00e9diatique <em>Globo<\/em> trouve int\u00e9r\u00eat \u00e0 diffuser des enregistrements compromettant pour Michel Temer et pourquoi insiste-il pour que soit organis\u00e9e une \u00e9lection indirecte pour d\u00e9signer un nouveau pr\u00e9sident\u00a0?<\/strong><\/p>\n<p><strong>Jo\u00e3o Pedro Stedile (JPS)\u00a0:<\/strong> Le r\u00e9seau Globo est devenu le principal parti de la bourgeoisie br\u00e9silienne. Il pr\u00e9serve les int\u00e9r\u00eats du capital, se sert de sa capacit\u00e9 de manipulation de l\u2019opinion publique et articule son action aux autres pouvoirs id\u00e9ologiques de la bourgeoisie\u00a0: pouvoir judiciaire, certains magistrats et l\u2019ensemble de la presse. Ils savent que le Br\u00e9sil et le monde sont plong\u00e9s dans une grande crise \u00e9conomique, sociale et environnementale provoqu\u00e9e par le fonctionnement du capitalisme. Au Br\u00e9sil, cette crise est devenue une crise politique parce que la bourgeoisie avait besoin d\u2019exercer son h\u00e9g\u00e9monie directement au sein du Congr\u00e8s et sur le gouvernement f\u00e9d\u00e9ral de sorte \u00e0 faire porter tout le poids de la sortie de crise sur la classe des travailleurs. De ce point de vue, <em>Globo<\/em> est donc promoteur et gestionnaire du coup d\u2019Etat.<\/p>\n<p>Pour autant, installer Michel Temer au gouvernement apr\u00e8s la destitution de Dilma Rousseff fut comme se tirer une balle dans le pied si l\u2019on consid\u00e8re que les soutiens de ce dernier \u2013 d\u2019apr\u00e8s Eduardo Cunha lui-m\u00eame <strong>[<\/strong><strong>ancien pr\u00e9sident de la Chambre des d\u00e9put\u00e9s, alli\u00e9 de Michel Temer et purgeant d\u00e9sormais une lourde peine de prison pour corruption<\/strong><strong>]<\/strong> \u2013 constituent un groupe de \u00ab\u00a0<em>d\u00e9linquants\u00a0<\/em>\u00a0\u00bb, opportunistes et corrompus, non pr\u00e9occup\u00e9s par la mise en place d\u2019un projet bourgeois pour le pays, mais seulement par leurs int\u00e9r\u00eats personnels.<\/p>\n<p>L\u2019op\u00e9ration <em>\u00ab\u00a0Carne fraca\u00a0\u00bb<\/em> <strong>[<\/strong><strong>Stedile fait r\u00e9f\u00e9rence au d\u00e9mant\u00e8lement, en mars 2017, d\u2019un r\u00e9seau de vente de viande avari\u00e9e impliquant inspecteurs sanitaires, fonctionnaires du minist\u00e8re de l\u2019agriculture et groupes agroalimentaires<\/strong><strong>]<\/strong> fut une seconde balle tir\u00e9e dans le pied qui est venue ajouter au discr\u00e9dit du Parti du mouvement d\u00e9mocratique br\u00e9silien (PMDB) \u2013 le parti de Temer \u2013. En effet, plusieurs de ses membres y \u00e9taient impliqu\u00e9s. Ce faisant, ce beau monde s\u2019est mis \u00e0 dos un secteur de la bourgeoisie agro-exportatrice. Maintenant, la bourgeoisie a besoin de construire une alternative \u00e0 Temer. La forme que prendra cette alternative va se d\u00e9cider dans les heures ou les jours \u00e0 venir. Elle pourrait prendre la forme de la d\u00e9mission de Temer, d\u2019un jugement du Tribunal supr\u00eame \u00e9lectoral ou bien d\u2019une acc\u00e9l\u00e9ration des demandes de destitution d\u00e9j\u00e0 soumises au Congr\u00e8s. Dans quelques semaines, on saura qui va le remplacer et plusieurs facteurs d\u00e9termineront ce choix. Le r\u00e9sultat ne sera pas le fruit d\u2019un plan machiav\u00e9lique d\u2019un secteur \u2013 <em>Globo<\/em> par exemple \u2013 mais la cons\u00e9quence d\u2019une r\u00e9elle lutte de classes, et de la mani\u00e8re dont ces derni\u00e8res agiront dans les heures, jours et semaines \u00e0 venir.<\/p>\n<p><img loading=\"lazy\" decoding=\"async\" class=\"alignnone size-medium\" src=\"https:\/\/www.pressenza.com\/wp-content\/uploads\/2017\/05\/Jo--o-Pedro-Stedile---lections-directes-imm--diates-programme-populaire-d---urgence.jpg\" width=\"750\" height=\"500\" \/><\/p>\n<p><strong>BdF\u00a0: Comment est organis\u00e9 le camp des <em>golpistes<\/em>\u00a0?<\/strong><\/p>\n<p>Il est divis\u00e9 depuis 2014. Et ceci est un atout. Lors des coups d\u2019Etat ant\u00e9rieurs, celui de 1964, et pendant le gouvernement de Fernando Henrique Cardoso en 1994, la bourgeoisie \u00e9tait unie et dirig\u00e9e par une seule direction. Elle portait un\u00a0projet pour le pays\u00a0et disposait d\u2019une arri\u00e8re garde importante au sein du capitalisme nord-am\u00e9ricain.<\/p>\n<p>Aujourd\u2019hui, elle n\u2019a pas de projet pour le pays. Elle a perdu le soutien des am\u00e9ricains parce qu\u2019elle s\u2019est align\u00e9e derri\u00e8re Hillary Clinton pendant la derni\u00e8re campagne pr\u00e9sidentielle. Elle cherche uniquement \u00e0 pr\u00e9server ses propres int\u00e9r\u00eats \u00e9conomiques. Comme le dit le sociologue Jos\u00e9 de Souza Martins (membre du Parti de la social-d\u00e9mocratie du Br\u00e9sil \u2013 PSDB), \u00ab\u00a0<em>les r\u00e9formes de la protection sociale et du travail sont des mesures capitalistes qui augmentent l\u2019exploitation des travailleurs, mais qui sont aussi contradictoires avec le d\u00e9veloppement d\u2019un projet capitaliste de pays\u00a0<\/em>\u00a0\u00bb.<\/p>\n<p>Les <em>golpistes<\/em> n\u2019ont pas non plus une seule direction. Ils sont divis\u00e9s entre le pouvoir \u00e9conomique (Henrique Meirelles \u2013 le ministre de finances \u2013, JBS, etc.), le groupe des \u00ab\u00a0<em>d\u00e9linquants\u00a0<\/em>\u00a0\u00bb du PMDB (Romero Juca, chef de la coalition gouvernementale au S\u00e9nat, Eliseu Padilha, ministre de la Casa civil <strong>[<\/strong><strong>\u00e9quivalent de premier ministre<\/strong><strong>]<\/strong><strong>,<\/strong> Temer, Moreira Franco (secr\u00e9taire g\u00e9n\u00e9ral de la pr\u00e9sidence) qui d\u00e9tiennent le pouvoir l\u00e9gislatif mais qui commencent \u00e0 se fissurer aussi (on l\u2019a vu avec le cas de Renan Calheiros). Il existe, en plus, un groupe id\u00e9ologique compos\u00e9 de <em>Globo<\/em> et du pouvoir judiciaire, qui doit aussi faire face \u00e0 des nombreuses contradictions internes. Personne n\u2019a une id\u00e9e claire \u00e0 propos du rempla\u00e7ant de Temer.<\/p>\n<p>La situation id\u00e9ale pour eux serait de neutraliser Lula, d\u2019instaurer un gouvernement de transition, accept\u00e9 par la majorit\u00e9 de la population, dont la ministre Carmen Lucia <strong>[<\/strong><strong>pr\u00e9sidente de la Cour supr\u00eame<\/strong><strong>]<\/strong> pourrait \u00eatre \u00e0 la t\u00eate jusqu\u2019en 2018 \u2013 et se mettre en situation de gagner les prochaines \u00e9lections.<\/p>\n<p>Mais la division se manifeste aussi dans la d\u00e9signation des candidats, puisqu\u2019ils n\u2019ont pas r\u00e9ussi encore \u00e0 cr\u00e9er un nouveau Fernando Henrique Cardoso ou un Collor. Ils testent aupr\u00e8s de l\u2019opinion publique des noms comme Jo\u00e3o Doria, l\u2019actuel maire de Sao Paulo \u2013 ou Luciano Hulk. Mais ils savent, \u00e0 partir des sondages, qu\u2019ils ne sont pas viables et qu\u2019ils ne feraient qu\u2019aggraver la crise politique.<\/p>\n<p><strong>BdF\u00a0: Dans ce contexte, que peuvent faire les travailleurs et les organisations populaires\u00a0?<\/strong><\/p>\n<p><strong>JPS\u00a0:<\/strong> Nous d\u00e9battons depuis l\u2019ann\u00e9e derni\u00e8re au sein des plus de 80 mouvements populaires et organisations politiques qui font partie du Front Br\u00e9sil populaire et pensons que l\u2019issue possible pour la classe des travailleurs se trouve dans un ensemble des mesures compl\u00e9mentaires. Premi\u00e8rement, faire tomber les <em>golpistes<\/em> et suspendre toutes leurs mesures l\u00e9gislatives prises contre le peuple. Ensuite, mettre en place un gouvernement de transition qui convoque l\u2019\u00e9lection pr\u00e9sidentielle pour octobre 2017 et qui \u00e9tudie une r\u00e9forme politique imm\u00e9diate pour garantir l\u2019exercice r\u00e9el de la volont\u00e9 du peuple, et enfin qu\u2019un nouveau Congr\u00e8s soit \u00e9lu.<\/p>\n<p>Il faut aussi que le nouveau gouvernement s\u2019engage, d\u00e8s sa prise de fonction, \u00e0 convoquer une Assembl\u00e9e constituante exclusive destin\u00e9e \u00e0 b\u00e2tir un nouveau mod\u00e8le d\u00e9mocratique qui d\u00e9finisse le r\u00e9gime \u00e9lectoral du pays.<\/p>\n<p>En parall\u00e8le, nous proposons un \u00ab\u00a0Plan populaire d\u2019urgence\u00a0\u00bb qui comporte plus de 70 mesures urgentes \u2013 qui, d\u2019apr\u00e8s nous, devraient sortir le pays de la crise \u00e9conomique, sociale et politique \u2013. Le gouvernement de transition et le nouveau gouvernement devront le mettre en oeuvre.<\/p>\n<p>Pendant la campagne \u00e9lectorale, il faut discuter d\u2019un nouveau projet pour le pays, qui prenne en compte les r\u00e9formes structurelles indispensables \u00e0 court et moyen terme, telles que la r\u00e9forme fiscale, la r\u00e9forme des m\u00e9dias, la r\u00e9forme agraire et m\u00eame la r\u00e9forme du pouvoir judiciaire. Mais pour que cela soit possible, il faut que les travailleurs, que les masses, occupent les rues de mani\u00e8re urgente. C\u2019est l\u00e0 que le peuple peut exercer sa force, lors des mobilisations, lors des occupations de terrains et avec la pression populaire. Je crois que dans les prochaines heures et les prochains jours, il y aura des r\u00e9unions d\u2019assembl\u00e9e pour fixer le calendrier pr\u00e9cis des manifestations. Nous pensons de notre c\u00f4t\u00e9 que la semaine prochaine sera d\u00e9cisive. Nous voulons camper devant le Tribunal \u00e9lectoral supr\u00eame pour nous assurer de la d\u00e9mission des <em>golpistes<\/em> et de la d\u00e9tention des corrompus d\u00e9nonc\u00e9s par Joesley Batista.<\/p>\n<p>Nous voulons organiser de grandes mobilisations dans toutes les capitales et les grandes villes du pays le dimanche 21 mai. Nous voulons faire du 24 mai une grande journ\u00e9e de mobilisation nationale \u00e0 Brasilia, mais \u00e9galement dans tout le pays en occupant les Parlements locaux, les routes. Le peuple veut rentrer dans la lutte et faire pression pour acc\u00e9l\u00e9rer les changements attendus.<\/p>\n<p><strong>BdF\u00a0: Les \u00e9lections directes peuvent-elles apporter des avanc\u00e9es pour le pays\u00a0? De quelle mani\u00e8re\u00a0? Qui pourraient \u00eatre les candidats\u00a0?<\/strong><\/p>\n<p><strong>JPS\u00a0:<\/strong> Bien s\u00fbr, les \u00e9lections directes pour \u00e9lire un pr\u00e9sident et un nouveau parlement sont une n\u00e9cessit\u00e9 d\u00e9mocratique indispensable pour sortir le pays de la crise politique. Seul le r\u00e9sultat des urnes peut amener un gouvernement repr\u00e9sentant les int\u00e9r\u00eats de la majorit\u00e9 et ayant la l\u00e9gitimit\u00e9 n\u00e9cessaire pour r\u00e9aliser les changements en faveur du peuple qui permettront la sortie de la crise \u00e9conomique. Parce que c\u2019est la crise \u00e9conomique qui est \u00e0 la base de toute la crise sociale et politique. Le candidat des travailleurs est Lula, parce qu\u2019il est le repr\u00e9sentant de la majorit\u00e9 du peuple br\u00e9silien, le seul capable de s\u2019engager dans un processus de changement et d\u2019appuyer notre plan d\u2019urgence.<\/p>\n<p>Il y a aura probablement d\u2019autres candidats, tels que Bolsonaro, le repr\u00e9sentant de l\u2019extr\u00eame droite, Marina Silva, qui essaiera de capter l\u2019\u00e9lectorat du centre mais dont la base r\u00e9elle est seulement l\u2019\u00e9glise de \u00ab\u00a0l\u2019Assembl\u00e9e de Dieu\u00a0\u00bb. Les \u00ab\u00a0tucanos\u00a0\u00bb <strong>[<\/strong><strong>nom familier donn\u00e9 aux membres du PSDB<\/strong><strong>]<\/strong> sont en crise \u00e0 cause de l\u2019implication de Alckin dans plusieurs d\u00e9nonciations. Doria n\u2019est qu\u2019un playboy de cinqui\u00e8me cat\u00e9gorie. Et le r\u00e9seau Globo n\u2019a pas eu le temps de construire une alternative comme il l\u2019avait fait avec Collor en 1989.<\/p>\n<p><strong>BdF\u00a0: Comment emp\u00eacher les retours en arri\u00e8re impos\u00e9s par l\u2019agenda des <em>golpistes\u00a0<\/em>\u00a0?<\/strong><\/p>\n<p><strong>JPS\u00a0:<\/strong> Mobiliser, lutter et ne pas abandonner les rues. Dans les prochains jours, nous allons travailler dans la perspective de la gr\u00e8ve g\u00e9n\u00e9rale ind\u00e9finie. La bataille des prochains jours sera d\u00e9cisive afin de fixer un cap pour le pays dans les ann\u00e9es \u00e0 venir. La force de la classe des travailleurs ne peut s\u2019exprimer que dans les rues.<\/p>\n<p>&nbsp;<\/p>\n<p>Source\u00a0: <a href=\"https:\/\/www.brasildefato.com.br\/2017\/05\/18\/stedile-precisamos-de-elecciones-directas-ya-y-de-un-plan-popular-de-emergencia\/\">https:\/\/www.brasildefato.com.br\/2017\/05\/18\/stedile-precisamos-de-elecciones-directas-ya-y-de-un-plan-popular-de-emergencia\/<\/a><\/p>\n<\/div>\n","protected":false},"excerpt":{"rendered":"<p>Par Jo\u00e3o Pedro Stedile Jo\u00e3o Pedro Stedile, dirigeant du Mouvement des travailleurs ruraux sans terre (MST) et de la coalition \u00ab\u00a0Front Br\u00e9sil populaire\u00a0\u00bb, compos\u00e9e par plus de 80 organisations populaires et de partis de gauche, analyse dans cet entretien r\u00e9alis\u00e9&hellip;<\/p>\n","protected":false},"author":1133,"featured_media":469575,"comment_status":"closed","ping_status":"closed","sticky":false,"template":"","format":"standard","meta":{"footnotes":""},"categories":[86,98,156],"tags":[3166,37679,22839],"class_list":["post-469573","post","type-post","status-publish","format-standard","has-post-thumbnail","hentry","category-amerique-du-sud","category-droits-de-lhomme","category-interview-fr","tag-bresil","tag-elections-directes","tag-mouvement-des-sans-terre-mst"],"yoast_head":"<!-- This site is optimized with the Yoast SEO plugin v27.1.1 - https:\/\/yoast.com\/product\/yoast-seo-wordpress\/ -->\n<title>[Br\u00e9sil] Jo\u00e3o Pedro Stedile : \u00ab Nous exigeons des \u00e9lections directes imm\u00e9diates et l\u2019application d\u2019un programme populaire d\u2019urgence \u00bb<\/title>\n<meta name=\"description\" content=\"Par Jo\u00e3o Pedro Stedile Jo\u00e3o Pedro Stedile, dirigeant du Mouvement des travailleurs ruraux sans terre (MST) et de la coalition \u00ab\u00a0Front Br\u00e9sil populaire\u00a0\u00bb,\" \/>\n<meta name=\"robots\" content=\"index, follow, max-snippet:-1, max-image-preview:large, max-video-preview:-1\" \/>\n<link rel=\"canonical\" href=\"https:\/\/www.pressenza.com\/fr\/2017\/05\/bresil-joao-pedro-stedile-exigeons-elections-directes-immediates-lapplication-dun-programme-populaire-durgence\/\" \/>\n<meta property=\"og:locale\" content=\"fr_FR\" \/>\n<meta property=\"og:type\" content=\"article\" \/>\n<meta property=\"og:title\" content=\"[Br\u00e9sil] Jo\u00e3o Pedro Stedile : \u00ab Nous exigeons des \u00e9lections directes imm\u00e9diates et l\u2019application d\u2019un programme populaire d\u2019urgence \u00bb\" \/>\n<meta property=\"og:description\" content=\"Par Jo\u00e3o Pedro Stedile Jo\u00e3o Pedro Stedile, dirigeant du Mouvement des travailleurs ruraux sans terre (MST) et de la coalition \u00ab\u00a0Front Br\u00e9sil populaire\u00a0\u00bb,\" \/>\n<meta property=\"og:url\" content=\"https:\/\/www.pressenza.com\/fr\/2017\/05\/bresil-joao-pedro-stedile-exigeons-elections-directes-immediates-lapplication-dun-programme-populaire-durgence\/\" \/>\n<meta property=\"og:site_name\" content=\"Pressenza\" \/>\n<meta property=\"article:publisher\" content=\"https:\/\/www.facebook.com\/PressenzaItalia\" \/>\n<meta property=\"article:author\" content=\"https:\/\/www.facebook.com\/pages\/Mmoire-des-luttes\/178755582166132\" \/>\n<meta property=\"article:published_time\" content=\"2017-05-24T04:44:25+00:00\" \/>\n<meta property=\"article:modified_time\" content=\"2017-05-24T04:45:14+00:00\" \/>\n<meta property=\"og:image\" content=\"https:\/\/www.pressenza.com\/wp-content\/uploads\/2017\/05\/Jo--o-Pedro-Stedile---lections-directes-programme-populaire-d---urgence.jpg\" \/>\n\t<meta property=\"og:image:width\" content=\"857\" \/>\n\t<meta property=\"og:image:height\" content=\"450\" \/>\n\t<meta property=\"og:image:type\" content=\"image\/jpeg\" \/>\n<meta name=\"author\" content=\"Memoire des luttes\" \/>\n<meta name=\"twitter:card\" content=\"summary_large_image\" \/>\n<meta name=\"twitter:creator\" content=\"@memoireluttes\" \/>\n<meta name=\"twitter:site\" content=\"@PressenzaIPA\" \/>\n<meta name=\"twitter:label1\" content=\"\u00c9crit par\" \/>\n\t<meta name=\"twitter:data1\" content=\"Memoire des luttes\" \/>\n\t<meta name=\"twitter:label2\" content=\"Dur\u00e9e de lecture estim\u00e9e\" \/>\n\t<meta name=\"twitter:data2\" content=\"9 minutes\" \/>\n<script type=\"application\/ld+json\" class=\"yoast-schema-graph\">{\"@context\":\"https:\/\/schema.org\",\"@graph\":[{\"@type\":\"Article\",\"@id\":\"https:\/\/www.pressenza.com\/fr\/2017\/05\/bresil-joao-pedro-stedile-exigeons-elections-directes-immediates-lapplication-dun-programme-populaire-durgence\/#article\",\"isPartOf\":{\"@id\":\"https:\/\/www.pressenza.com\/fr\/2017\/05\/bresil-joao-pedro-stedile-exigeons-elections-directes-immediates-lapplication-dun-programme-populaire-durgence\/\"},\"author\":{\"name\":\"Memoire des luttes\",\"@id\":\"https:\/\/www.pressenza.com\/fr\/#\/schema\/person\/3a03c7500018fdf920bd07dbf6defe0f\"},\"headline\":\"[Br\u00e9sil] Jo\u00e3o Pedro Stedile : \u00ab Nous exigeons des \u00e9lections directes imm\u00e9diates et l\u2019application d\u2019un programme populaire d\u2019urgence \u00bb\",\"datePublished\":\"2017-05-24T04:44:25+00:00\",\"dateModified\":\"2017-05-24T04:45:14+00:00\",\"mainEntityOfPage\":{\"@id\":\"https:\/\/www.pressenza.com\/fr\/2017\/05\/bresil-joao-pedro-stedile-exigeons-elections-directes-immediates-lapplication-dun-programme-populaire-durgence\/\"},\"wordCount\":1883,\"publisher\":{\"@id\":\"https:\/\/www.pressenza.com\/fr\/#organization\"},\"image\":{\"@id\":\"https:\/\/www.pressenza.com\/fr\/2017\/05\/bresil-joao-pedro-stedile-exigeons-elections-directes-immediates-lapplication-dun-programme-populaire-durgence\/#primaryimage\"},\"thumbnailUrl\":\"https:\/\/www.pressenza.com\/wp-content\/uploads\/2017\/05\/Jo--o-Pedro-Stedile---lections-directes-programme-populaire-d---urgence.jpg\",\"keywords\":[\"Br\u00e9sil\",\"\u00e9lections directes\",\"Mouvement des sans terre (MST)\"],\"articleSection\":[\"Am\u00e9rique du Sud\",\"Droits humains\",\"Interviews\"],\"inLanguage\":\"fr-FR\"},{\"@type\":\"WebPage\",\"@id\":\"https:\/\/www.pressenza.com\/fr\/2017\/05\/bresil-joao-pedro-stedile-exigeons-elections-directes-immediates-lapplication-dun-programme-populaire-durgence\/\",\"url\":\"https:\/\/www.pressenza.com\/fr\/2017\/05\/bresil-joao-pedro-stedile-exigeons-elections-directes-immediates-lapplication-dun-programme-populaire-durgence\/\",\"name\":\"[Br\u00e9sil] Jo\u00e3o Pedro Stedile : \u00ab Nous exigeons des \u00e9lections directes imm\u00e9diates et l\u2019application d\u2019un programme populaire d\u2019urgence \u00bb\",\"isPartOf\":{\"@id\":\"https:\/\/www.pressenza.com\/fr\/#website\"},\"primaryImageOfPage\":{\"@id\":\"https:\/\/www.pressenza.com\/fr\/2017\/05\/bresil-joao-pedro-stedile-exigeons-elections-directes-immediates-lapplication-dun-programme-populaire-durgence\/#primaryimage\"},\"image\":{\"@id\":\"https:\/\/www.pressenza.com\/fr\/2017\/05\/bresil-joao-pedro-stedile-exigeons-elections-directes-immediates-lapplication-dun-programme-populaire-durgence\/#primaryimage\"},\"thumbnailUrl\":\"https:\/\/www.pressenza.com\/wp-content\/uploads\/2017\/05\/Jo--o-Pedro-Stedile---lections-directes-programme-populaire-d---urgence.jpg\",\"datePublished\":\"2017-05-24T04:44:25+00:00\",\"dateModified\":\"2017-05-24T04:45:14+00:00\",\"description\":\"Par Jo\u00e3o Pedro Stedile Jo\u00e3o Pedro Stedile, dirigeant du Mouvement des travailleurs ruraux sans terre (MST) et de la coalition \u00ab\u00a0Front Br\u00e9sil populaire\u00a0\u00bb,\",\"breadcrumb\":{\"@id\":\"https:\/\/www.pressenza.com\/fr\/2017\/05\/bresil-joao-pedro-stedile-exigeons-elections-directes-immediates-lapplication-dun-programme-populaire-durgence\/#breadcrumb\"},\"inLanguage\":\"fr-FR\",\"potentialAction\":[{\"@type\":\"ReadAction\",\"target\":[\"https:\/\/www.pressenza.com\/fr\/2017\/05\/bresil-joao-pedro-stedile-exigeons-elections-directes-immediates-lapplication-dun-programme-populaire-durgence\/\"]}]},{\"@type\":\"ImageObject\",\"inLanguage\":\"fr-FR\",\"@id\":\"https:\/\/www.pressenza.com\/fr\/2017\/05\/bresil-joao-pedro-stedile-exigeons-elections-directes-immediates-lapplication-dun-programme-populaire-durgence\/#primaryimage\",\"url\":\"https:\/\/www.pressenza.com\/wp-content\/uploads\/2017\/05\/Jo--o-Pedro-Stedile---lections-directes-programme-populaire-d---urgence.jpg\",\"contentUrl\":\"https:\/\/www.pressenza.com\/wp-content\/uploads\/2017\/05\/Jo--o-Pedro-Stedile---lections-directes-programme-populaire-d---urgence.jpg\",\"width\":857,\"height\":450},{\"@type\":\"BreadcrumbList\",\"@id\":\"https:\/\/www.pressenza.com\/fr\/2017\/05\/bresil-joao-pedro-stedile-exigeons-elections-directes-immediates-lapplication-dun-programme-populaire-durgence\/#breadcrumb\",\"itemListElement\":[{\"@type\":\"ListItem\",\"position\":1,\"name\":\"Accueil\",\"item\":\"https:\/\/www.pressenza.com\/fr\/\"},{\"@type\":\"ListItem\",\"position\":2,\"name\":\"[Br\u00e9sil] Jo\u00e3o Pedro Stedile : \u00ab Nous exigeons des \u00e9lections directes imm\u00e9diates et l\u2019application d\u2019un programme populaire d\u2019urgence \u00bb\"}]},{\"@type\":\"WebSite\",\"@id\":\"https:\/\/www.pressenza.com\/fr\/#website\",\"url\":\"https:\/\/www.pressenza.com\/fr\/\",\"name\":\"Pressenza\",\"description\":\"International Press Agency\",\"publisher\":{\"@id\":\"https:\/\/www.pressenza.com\/fr\/#organization\"},\"potentialAction\":[{\"@type\":\"SearchAction\",\"target\":{\"@type\":\"EntryPoint\",\"urlTemplate\":\"https:\/\/www.pressenza.com\/fr\/?s={search_term_string}\"},\"query-input\":{\"@type\":\"PropertyValueSpecification\",\"valueRequired\":true,\"valueName\":\"search_term_string\"}}],\"inLanguage\":\"fr-FR\"},{\"@type\":\"Organization\",\"@id\":\"https:\/\/www.pressenza.com\/fr\/#organization\",\"name\":\"Pressenza\",\"url\":\"https:\/\/www.pressenza.com\/fr\/\",\"logo\":{\"@type\":\"ImageObject\",\"inLanguage\":\"fr-FR\",\"@id\":\"https:\/\/www.pressenza.com\/fr\/#\/schema\/logo\/image\/\",\"url\":\"https:\/\/www.pressenza.com\/wp-content\/uploads\/2022\/10\/pressenza_logo_200x200.jpg\",\"contentUrl\":\"https:\/\/www.pressenza.com\/wp-content\/uploads\/2022\/10\/pressenza_logo_200x200.jpg\",\"width\":200,\"height\":200,\"caption\":\"Pressenza\"},\"image\":{\"@id\":\"https:\/\/www.pressenza.com\/fr\/#\/schema\/logo\/image\/\"},\"sameAs\":[\"https:\/\/www.facebook.com\/PressenzaItalia\",\"https:\/\/x.com\/PressenzaIPA\"]},{\"@type\":\"Person\",\"@id\":\"https:\/\/www.pressenza.com\/fr\/#\/schema\/person\/3a03c7500018fdf920bd07dbf6defe0f\",\"name\":\"Memoire des luttes\",\"description\":\"\\\"Pour nos combats de demain, pour un monde plus libre, plus juste, plus \u00e9galitaire, plus fraternel et solidaire, nous devons maintenir vivante la m\u00e9moire de nos luttes\\\". Gunter Holzmann www.medelu.org\",\"sameAs\":[\"https:\/\/www.facebook.com\/pages\/Mmoire-des-luttes\/178755582166132\",\"https:\/\/x.com\/@memoireluttes\"],\"url\":\"https:\/\/www.pressenza.com\/fr\/author\/memoire-des-luttes\/\"}]}<\/script>\n<!-- \/ Yoast SEO plugin. -->","yoast_head_json":{"title":"[Br\u00e9sil] Jo\u00e3o Pedro Stedile : \u00ab Nous exigeons des \u00e9lections directes imm\u00e9diates et l\u2019application d\u2019un programme populaire d\u2019urgence \u00bb","description":"Par Jo\u00e3o Pedro Stedile Jo\u00e3o Pedro Stedile, dirigeant du Mouvement des travailleurs ruraux sans terre (MST) et de la coalition \u00ab\u00a0Front Br\u00e9sil populaire\u00a0\u00bb,","robots":{"index":"index","follow":"follow","max-snippet":"max-snippet:-1","max-image-preview":"max-image-preview:large","max-video-preview":"max-video-preview:-1"},"canonical":"https:\/\/www.pressenza.com\/fr\/2017\/05\/bresil-joao-pedro-stedile-exigeons-elections-directes-immediates-lapplication-dun-programme-populaire-durgence\/","og_locale":"fr_FR","og_type":"article","og_title":"[Br\u00e9sil] Jo\u00e3o Pedro Stedile : \u00ab Nous exigeons des \u00e9lections directes imm\u00e9diates et l\u2019application d\u2019un programme populaire d\u2019urgence \u00bb","og_description":"Par Jo\u00e3o Pedro Stedile Jo\u00e3o Pedro Stedile, dirigeant du Mouvement des travailleurs ruraux sans terre (MST) et de la coalition \u00ab\u00a0Front Br\u00e9sil populaire\u00a0\u00bb,","og_url":"https:\/\/www.pressenza.com\/fr\/2017\/05\/bresil-joao-pedro-stedile-exigeons-elections-directes-immediates-lapplication-dun-programme-populaire-durgence\/","og_site_name":"Pressenza","article_publisher":"https:\/\/www.facebook.com\/PressenzaItalia","article_author":"https:\/\/www.facebook.com\/pages\/Mmoire-des-luttes\/178755582166132","article_published_time":"2017-05-24T04:44:25+00:00","article_modified_time":"2017-05-24T04:45:14+00:00","og_image":[{"width":857,"height":450,"url":"https:\/\/www.pressenza.com\/wp-content\/uploads\/2017\/05\/Jo--o-Pedro-Stedile---lections-directes-programme-populaire-d---urgence.jpg","type":"image\/jpeg"}],"author":"Memoire des luttes","twitter_card":"summary_large_image","twitter_creator":"@memoireluttes","twitter_site":"@PressenzaIPA","twitter_misc":{"\u00c9crit par":"Memoire des luttes","Dur\u00e9e de lecture estim\u00e9e":"9 minutes"},"schema":{"@context":"https:\/\/schema.org","@graph":[{"@type":"Article","@id":"https:\/\/www.pressenza.com\/fr\/2017\/05\/bresil-joao-pedro-stedile-exigeons-elections-directes-immediates-lapplication-dun-programme-populaire-durgence\/#article","isPartOf":{"@id":"https:\/\/www.pressenza.com\/fr\/2017\/05\/bresil-joao-pedro-stedile-exigeons-elections-directes-immediates-lapplication-dun-programme-populaire-durgence\/"},"author":{"name":"Memoire des luttes","@id":"https:\/\/www.pressenza.com\/fr\/#\/schema\/person\/3a03c7500018fdf920bd07dbf6defe0f"},"headline":"[Br\u00e9sil] Jo\u00e3o Pedro Stedile : \u00ab Nous exigeons des \u00e9lections directes imm\u00e9diates et l\u2019application d\u2019un programme populaire d\u2019urgence \u00bb","datePublished":"2017-05-24T04:44:25+00:00","dateModified":"2017-05-24T04:45:14+00:00","mainEntityOfPage":{"@id":"https:\/\/www.pressenza.com\/fr\/2017\/05\/bresil-joao-pedro-stedile-exigeons-elections-directes-immediates-lapplication-dun-programme-populaire-durgence\/"},"wordCount":1883,"publisher":{"@id":"https:\/\/www.pressenza.com\/fr\/#organization"},"image":{"@id":"https:\/\/www.pressenza.com\/fr\/2017\/05\/bresil-joao-pedro-stedile-exigeons-elections-directes-immediates-lapplication-dun-programme-populaire-durgence\/#primaryimage"},"thumbnailUrl":"https:\/\/www.pressenza.com\/wp-content\/uploads\/2017\/05\/Jo--o-Pedro-Stedile---lections-directes-programme-populaire-d---urgence.jpg","keywords":["Br\u00e9sil","\u00e9lections directes","Mouvement des sans terre (MST)"],"articleSection":["Am\u00e9rique du Sud","Droits humains","Interviews"],"inLanguage":"fr-FR"},{"@type":"WebPage","@id":"https:\/\/www.pressenza.com\/fr\/2017\/05\/bresil-joao-pedro-stedile-exigeons-elections-directes-immediates-lapplication-dun-programme-populaire-durgence\/","url":"https:\/\/www.pressenza.com\/fr\/2017\/05\/bresil-joao-pedro-stedile-exigeons-elections-directes-immediates-lapplication-dun-programme-populaire-durgence\/","name":"[Br\u00e9sil] Jo\u00e3o Pedro Stedile : \u00ab Nous exigeons des \u00e9lections directes imm\u00e9diates et l\u2019application d\u2019un programme populaire d\u2019urgence \u00bb","isPartOf":{"@id":"https:\/\/www.pressenza.com\/fr\/#website"},"primaryImageOfPage":{"@id":"https:\/\/www.pressenza.com\/fr\/2017\/05\/bresil-joao-pedro-stedile-exigeons-elections-directes-immediates-lapplication-dun-programme-populaire-durgence\/#primaryimage"},"image":{"@id":"https:\/\/www.pressenza.com\/fr\/2017\/05\/bresil-joao-pedro-stedile-exigeons-elections-directes-immediates-lapplication-dun-programme-populaire-durgence\/#primaryimage"},"thumbnailUrl":"https:\/\/www.pressenza.com\/wp-content\/uploads\/2017\/05\/Jo--o-Pedro-Stedile---lections-directes-programme-populaire-d---urgence.jpg","datePublished":"2017-05-24T04:44:25+00:00","dateModified":"2017-05-24T04:45:14+00:00","description":"Par Jo\u00e3o Pedro Stedile Jo\u00e3o Pedro Stedile, dirigeant du Mouvement des travailleurs ruraux sans terre (MST) et de la coalition \u00ab\u00a0Front Br\u00e9sil populaire\u00a0\u00bb,","breadcrumb":{"@id":"https:\/\/www.pressenza.com\/fr\/2017\/05\/bresil-joao-pedro-stedile-exigeons-elections-directes-immediates-lapplication-dun-programme-populaire-durgence\/#breadcrumb"},"inLanguage":"fr-FR","potentialAction":[{"@type":"ReadAction","target":["https:\/\/www.pressenza.com\/fr\/2017\/05\/bresil-joao-pedro-stedile-exigeons-elections-directes-immediates-lapplication-dun-programme-populaire-durgence\/"]}]},{"@type":"ImageObject","inLanguage":"fr-FR","@id":"https:\/\/www.pressenza.com\/fr\/2017\/05\/bresil-joao-pedro-stedile-exigeons-elections-directes-immediates-lapplication-dun-programme-populaire-durgence\/#primaryimage","url":"https:\/\/www.pressenza.com\/wp-content\/uploads\/2017\/05\/Jo--o-Pedro-Stedile---lections-directes-programme-populaire-d---urgence.jpg","contentUrl":"https:\/\/www.pressenza.com\/wp-content\/uploads\/2017\/05\/Jo--o-Pedro-Stedile---lections-directes-programme-populaire-d---urgence.jpg","width":857,"height":450},{"@type":"BreadcrumbList","@id":"https:\/\/www.pressenza.com\/fr\/2017\/05\/bresil-joao-pedro-stedile-exigeons-elections-directes-immediates-lapplication-dun-programme-populaire-durgence\/#breadcrumb","itemListElement":[{"@type":"ListItem","position":1,"name":"Accueil","item":"https:\/\/www.pressenza.com\/fr\/"},{"@type":"ListItem","position":2,"name":"[Br\u00e9sil] Jo\u00e3o Pedro Stedile : \u00ab Nous exigeons des \u00e9lections directes imm\u00e9diates et l\u2019application d\u2019un programme populaire d\u2019urgence \u00bb"}]},{"@type":"WebSite","@id":"https:\/\/www.pressenza.com\/fr\/#website","url":"https:\/\/www.pressenza.com\/fr\/","name":"Pressenza","description":"International Press Agency","publisher":{"@id":"https:\/\/www.pressenza.com\/fr\/#organization"},"potentialAction":[{"@type":"SearchAction","target":{"@type":"EntryPoint","urlTemplate":"https:\/\/www.pressenza.com\/fr\/?s={search_term_string}"},"query-input":{"@type":"PropertyValueSpecification","valueRequired":true,"valueName":"search_term_string"}}],"inLanguage":"fr-FR"},{"@type":"Organization","@id":"https:\/\/www.pressenza.com\/fr\/#organization","name":"Pressenza","url":"https:\/\/www.pressenza.com\/fr\/","logo":{"@type":"ImageObject","inLanguage":"fr-FR","@id":"https:\/\/www.pressenza.com\/fr\/#\/schema\/logo\/image\/","url":"https:\/\/www.pressenza.com\/wp-content\/uploads\/2022\/10\/pressenza_logo_200x200.jpg","contentUrl":"https:\/\/www.pressenza.com\/wp-content\/uploads\/2022\/10\/pressenza_logo_200x200.jpg","width":200,"height":200,"caption":"Pressenza"},"image":{"@id":"https:\/\/www.pressenza.com\/fr\/#\/schema\/logo\/image\/"},"sameAs":["https:\/\/www.facebook.com\/PressenzaItalia","https:\/\/x.com\/PressenzaIPA"]},{"@type":"Person","@id":"https:\/\/www.pressenza.com\/fr\/#\/schema\/person\/3a03c7500018fdf920bd07dbf6defe0f","name":"Memoire des luttes","description":"\"Pour nos combats de demain, pour un monde plus libre, plus juste, plus \u00e9galitaire, plus fraternel et solidaire, nous devons maintenir vivante la m\u00e9moire de nos luttes\". Gunter Holzmann www.medelu.org","sameAs":["https:\/\/www.facebook.com\/pages\/Mmoire-des-luttes\/178755582166132","https:\/\/x.com\/@memoireluttes"],"url":"https:\/\/www.pressenza.com\/fr\/author\/memoire-des-luttes\/"}]}},"place":"Br\u00e9sil","original_article_url":"http:\/\/www.medelu.org\/Joao-Pedro-Stedile-Nous-exigeons?#","_links":{"self":[{"href":"https:\/\/www.pressenza.com\/fr\/wp-json\/wp\/v2\/posts\/469573","targetHints":{"allow":["GET"]}}],"collection":[{"href":"https:\/\/www.pressenza.com\/fr\/wp-json\/wp\/v2\/posts"}],"about":[{"href":"https:\/\/www.pressenza.com\/fr\/wp-json\/wp\/v2\/types\/post"}],"author":[{"embeddable":true,"href":"https:\/\/www.pressenza.com\/fr\/wp-json\/wp\/v2\/users\/1133"}],"replies":[{"embeddable":true,"href":"https:\/\/www.pressenza.com\/fr\/wp-json\/wp\/v2\/comments?post=469573"}],"version-history":[{"count":0,"href":"https:\/\/www.pressenza.com\/fr\/wp-json\/wp\/v2\/posts\/469573\/revisions"}],"wp:featuredmedia":[{"embeddable":true,"href":"https:\/\/www.pressenza.com\/fr\/wp-json\/wp\/v2\/media\/469575"}],"wp:attachment":[{"href":"https:\/\/www.pressenza.com\/fr\/wp-json\/wp\/v2\/media?parent=469573"}],"wp:term":[{"taxonomy":"category","embeddable":true,"href":"https:\/\/www.pressenza.com\/fr\/wp-json\/wp\/v2\/categories?post=469573"},{"taxonomy":"post_tag","embeddable":true,"href":"https:\/\/www.pressenza.com\/fr\/wp-json\/wp\/v2\/tags?post=469573"}],"curies":[{"name":"wp","href":"https:\/\/api.w.org\/{rel}","templated":true}]}}