{"id":46547,"date":"2013-04-08T10:51:28","date_gmt":"2013-04-08T09:51:28","guid":{"rendered":"http:\/\/www.pressenza.com\/?p=46547"},"modified":"2013-04-08T22:58:50","modified_gmt":"2013-04-08T21:58:50","slug":"histoires-dantidepresseurs","status":"publish","type":"post","link":"https:\/\/www.pressenza.com\/fr\/2013\/04\/histoires-dantidepresseurs\/","title":{"rendered":"Histoires d\u2019antid\u00e9presseurs"},"content":{"rendered":"<p><strong>Pressenza publie des articles de la lettre d&rsquo;information de &lsquo;Sant\u00e9 Nature Innovation&rsquo; afin de contribuer \u00e0 la diffusion d&rsquo;autres points de vue sur la sant\u00e9. <\/strong><\/p>\n<p><strong>Voici le th\u00e8me d&rsquo; antid\u00e9presseurs.<\/strong><\/p>\n<p>&nbsp;<\/p>\n<p>Cher lecteur,<\/p>\n<p>Avant toute chose, une mise en garde\u00a0: cesser brutalement un traitement antid\u00e9presseur peut souvent \u00eatre plus dangereux que de le poursuivre. Il est important de ne diminuer le traitement que tr\u00e8s progressivement, et sous la surveillance d\u2019un m\u00e9decin qualifi\u00e9. Cesser ce type de traitements peut causer des probl\u00e8mes plus graves encore que le sympt\u00f4me qui avait caus\u00e9 la prise du traitement.<\/p>\n<p>Le but de cet article n\u2019est donc surtout pas de vous inciter \u00e0 arr\u00eater votre traitement de votre propre chef, si vous \u00eates actuellement sous antid\u00e9presseur.<\/p>\n<p>Mais voici les faits.<\/p>\n<p>Un nombre impressionnant de tueries ont eu lieu ces derni\u00e8res ann\u00e9es dans des \u00e9tablissements scolaires.<\/p>\n<p>Une page Wikipedia (en langue anglaise) en recense soixante-quatre depuis la fin du 19e si\u00e8cle et le d\u00e9veloppement des \u00e9coles \u00e0 grande \u00e9chelle.<\/p>\n<p>Parmi eux 50 se sont produits entre 1989 et aujourd\u2019hui, soit 78 % des cas, avec une acc\u00e9l\u00e9ration depuis les ann\u00e9es 2000.<\/p>\n<p>En fait, tous sauf trois ont \u00e9t\u00e9 commis depuis 1964.<\/p>\n<p>Parmi les 3 massacres scolaires commis avant 1964, un a \u00e9t\u00e9 commis en Allemagne en 1913 par un homme de 27 ans, et un aux Etats-Unis en 1927 par un homme de 55 ans, diagnostiqu\u00e9 fou.<\/p>\n<p>Le troisi\u00e8me cas avant 1964, et le seul impliquant des mineurs, a eu lieu \u00e0 Vilnius (actuelle Lituanie) en 1925 o\u00f9 deux lyc\u00e9ens militant communistes ont attaqu\u00e9 le jury d\u2019un examen, tuant un professeur et plusieurs \u00e9l\u00e8ves, pour des raisons probablement politiques.<\/p>\n<p>Voici o\u00f9 je veux en venir\u00a0: lorsque vous apprenez \u00e0 la t\u00e9l\u00e9vision qu\u2019un nouveau massacre a eu lieu dans une \u00e9cole, n\u2019\u00e9coutez plus les commentateurs qui expliquent que \u00ab\u00a0ce type de violence a toujours exist\u00e9\u00a0\u00bb, ou qui laissent entendre que ce sont les moyens de communication modernes qui font qu\u2019on parle de ce type de cas, que l\u2019on n\u2019\u00e9tait tout simplement pas au courant avant, mais qu\u2019ils se produisaient quand m\u00eame.<\/p>\n<p>C\u2019est faux, archi-faux. La v\u00e9rit\u00e9, c\u2019est que c\u2019est une totale nouveaut\u00e9 que des enfants se mettent ainsi \u00e0 perp\u00e9trer des crimes de masse.<\/p>\n<p>Le cas du serial-killer de 14 ans assoiff\u00e9 de sang, assassinant un \u00e0 un des petits camarades selon une mise en sc\u00e8ne macabre, et dans l\u2019espoir de para\u00eetre \u00e0 la t\u00e9l\u00e9 comme le plus \u00e9pouvantable meurtrier de l\u2019histoire de l\u2019humanit\u00e9, est une nouveaut\u00e9 extr\u00eamement inqui\u00e9tante, qui peut \u00eatre dat\u00e9e historiquement, \u00e0 partir des ann\u00e9es 60.<\/p>\n<p><strong>Les armes sont-elles seules responsables\u00a0?<\/strong><\/p>\n<p>A chaque fois, la r\u00e9action des m\u00e9dias est la m\u00eame\u00a0: il faut interdire les armes \u00e0 feu\u00a0!<\/p>\n<p>Il est vrai que, si les armes \u00e0 feu n\u2019existaient pas, il serait difficile \u00e0 quelqu\u2019un de tuer autant de monde \u00e0 la fois.<\/p>\n<p>Toutefois, cela fait des si\u00e8cles que les Am\u00e9ricains sont en majorit\u00e9 \u00e9quip\u00e9s d\u2019armes \u00e0 feu. En France aussi, d\u2019ailleurs, tous les paysans ou presque avaient traditionnellement une carabine suspendue au-dessus de leur chemin\u00e9e. Quand l\u2019essentiel de la France \u00e9tait rurale, cela repr\u00e9sentait des millions d\u2019armes \u00e0 feu en circulation dans le pays, ais\u00e9ment accessibles aux \u00e9coliers.<\/p>\n<p>Et pourtant, \u00e0 l\u2019\u00e9poque de Jules Ferry, on ne r\u00e9pertorie aucun cas d\u2019\u00e9l\u00e8ve fou ayant sorti de son cartable une carabine bourr\u00e9e de chevrotine et ayant commis un carnage sur son professeur, ses camarades, etc.<\/p>\n<p>Au 19e si\u00e8cle, on recense des affrontements entre lyc\u00e9ens, dont plusieurs c\u00e9l\u00e8bres r\u00e9voltes organis\u00e9es par les \u00e9l\u00e8ves de Louis-Le-Grand, qui n\u00e9cessit\u00e8rent l\u2019intervention de la police. Mais il s\u2019agissait de violences dans le but de protester contre une situation ou un enseignement consid\u00e9r\u00e9s collectivement comme insupportable, \u00e0 tort ou \u00e0 raison.<\/p>\n<p>On a connu, bien s\u00fbr, des r\u00e8glements de compte. Mais il s\u2019agissait alors d\u2019assassinat visant une personne en particulier, pour une raison pr\u00e9cise (ce qui ne veut pas dire qu\u2019elle \u00e9tait bonne\u2026). Et encore cela n\u2019\u00e9tait-il pas courant du tout.<\/p>\n<p>En France, le premier rapport sur la violence des jeunes \u00e0 l\u2019\u00e9cole, confidentiel, est r\u00e9dig\u00e9 par l\u2019inspecteur g\u00e9n\u00e9ral Georges Tallon en 1979.<\/p>\n<p><strong>Comment expliquer les crimes de masse\u00a0?<\/strong><\/p>\n<p>Les assassinats de masses commis par des jeunes, voire des enfants, contre des innocents, sont apparus en m\u00eame temps que des bouleversements majeurs du mode de vie, comme l\u2019\u00e9clatement des familles, la t\u00e9l\u00e9vision \u00e0 haute dose d\u00e8s la petite enfance, la violence au cin\u00e9ma et dans les jeux vid\u00e9os, la pornographie \u00ab\u00a0hard\u00a0\u00bb accessible aux enfants, les drogues, le d\u00e9racinement g\u00e9ographique des populations, le ph\u00e9nom\u00e8ne des bandes et le succ\u00e8s de la \u00ab\u00a0culture gothique\u00a0\u00bb et des musiques sataniques dans nos soci\u00e9t\u00e9s, mais \u00e9galement la hausse des toxines, m\u00e9taux lourds, malbouffe et autres facteurs environnementaux (environnement urbain d\u00e9grad\u00e9, bruit, stress, et traumatismes), qui ont favoris\u00e9 l\u2019apparition des maladies mentales telles que schizophr\u00e9nie et d\u00e9pressions, favorisant le passage \u00e0 l\u2019acte\u2026<\/p>\n<p>Qui peut dire avec certitude, parmi toutes ces causes, celle qui a jou\u00e9 le r\u00f4le principal\u00a0?<\/p>\n<p>C\u2019est une question qui ne sera pas r\u00e9solue avant longtemps. Tout au plus peut-on dire que l\u2019explication est sans doute multifactorielle.<\/p>\n<p><strong>La piste des antid\u00e9presseurs<\/strong><\/p>\n<p>N\u00e9anmoins, de nombreux psychiatres, dont l\u2019am\u00e9ricain Peter Breggin, mettent aujourd\u2019hui en cause les antid\u00e9presseurs \u00ab\u00a0inhibiteurs s\u00e9lectifs de la recapture de la s\u00e9rotonine\u00a0\u00bb (ISRS, type Prozac) comme potentiellement responsables de plusieurs tueries r\u00e9centes. Les effets secondaires de ces antid\u00e9presseurs incluent en effet une hausse de l\u2019agressivit\u00e9, une baisse des remords et une alt\u00e9ration de la personnalit\u00e9 susceptible d\u2019avoir pu jouer un r\u00f4le, d\u2019autant que de nombreux serial-killers et autres auteurs de meurtres particuli\u00e8rement barbares et \u00ab\u00a0inexplicables\u00a0\u00bb prenaient ces m\u00e9dicaments.<\/p>\n<p>De plus, la brutale hausse des cas de violence extr\u00eame chez les jeunes fut concomitante avec l\u2019apparition des antid\u00e9presseurs ISRS, en 1987, et leur prise de plus en plus massive par les jeunes.<\/p>\n<p>Plusieurs experts ont alors cherch\u00e9 \u00e0 recenser les cas o\u00f9 ces serial-killers prenaient ces m\u00e9dicaments ISRS qu\u2019ils soup\u00e7onnent d\u2019avoir un effet \u00ab\u00a0d\u00e9sinhibant\u00a0\u00bb, c\u2019est-\u00e0-dire supprimant les barri\u00e8res psychologiques naturelles qui emp\u00eachent de commettre de telles cruaut\u00e9s.<\/p>\n<p>Un site Internet a \u00e9t\u00e9 cr\u00e9\u00e9, \u00ab\u00a0Histoires d\u2019ISRS\u00a0\u00bb (SSRI Stories) (1) o\u00f9 sont r\u00e9pertori\u00e9s tous les crimes barbares r\u00e9cents qui ont fait l\u2019objet d\u2019une couverture m\u00e9diatique o\u00f9 le criminel \u00e9tait officiellement sous ISRS, ainsi que des t\u00e9moignages individuels. La liste est, en effet, \u00e9difiante, et comporte notamment\u00a0:<\/p>\n<p>&#8211; la tuerie de Columbine, aux Etats-Unis\u00a0: le 20 avril 1999, deux lyc\u00e9ens de 17 et 18 ans tuent 12 camarades et un professeur avant de se suicider chacun d\u2019une balle dans la t\u00eate. Il se trouve que l\u2019un des deux meurtriers, Eric Harris, \u00e9tait suivi par un psychiatre qui lui avait prescrit du Zoloft, un antid\u00e9presseur de la classe des inhibiteurs s\u00e9lectif de la recapture de la s\u00e9rotonine (ISRS). Eric s\u2019\u00e9tant plaint d\u2019effets secondaires, son m\u00e9decin lui avait donn\u00e9 un nouvel antid\u00e9presseur, du Luvox, peu de temps avant le crime. Le dossier m\u00e9dical du second, Dylan Klebold, n\u2019a pas encore \u00e9t\u00e9 rendu public.<\/p>\n<p>&#8211; Jeff Weise, 16 ans, qui prenait 60 mg de Prozac par jour (trois fois la dose de d\u00e9part moyenne pour les adultes) lorsqu\u2019il tua son grand-p\u00e8re, l\u2019amie de celui-ci et de nombreux camarades de son \u00e9cole de Red Lake, dans le Minnesota. Puis il se tira une balle dans la t\u00eate. 10 morts, 12 bless\u00e9s.<\/p>\n<p>&#8211; Cory Baadsgaard, 16 ans, au lyc\u00e9e de Wahluke dans l\u2019\u00e9tat de Washington \u00e9tait sous Paxil (qui lui donnait des hallucinations) lorsqu\u2019il prit un revolver et prit 23 \u00e9l\u00e8ves de sa classe en otages. Il n\u2019a aucun souvenir de l\u2019\u00e9v\u00e9nement.<\/p>\n<p>&#8211; Eric Harris, 17 ans, \u00e9tait sous Zoloft puis Luvox\u00a0; Dylan Klebold, 18 ans, dossier m\u00e9dical scell\u00e9. \u00c9cole de Columbine \u00e0 Littleton, Colorado. 13 morts, 23 bless\u00e9s.<\/p>\n<p>&#8211; Chris Fetters, 13 ans, Prozac\u00a0: 1 mort<\/p>\n<p>&#8211; Christopher Pittman, 12 ans, Zoloft\u00a0: 2 morts<\/p>\n<p>&#8211; Mathew Miller, 13 ans, Zoloft\u00a0: suicide<\/p>\n<p>&#8211; Jarred Viktor, 15 ans, Paxil\u00a0: a poignard\u00e9 61 fois sa grand-m\u00e8re<\/p>\n<p>&#8211; Kip Kinkel, 15 ans, Prozac et Ritaline\u00a0: 4 morts : ses parents, puis 2 \u00e9l\u00e8ves + 22 bless\u00e9s<\/p>\n<p>&#8211; Luke Woodham, 16 ans, Prozac\u00a0: 3 morts : sa m\u00e8re et 2 \u00e9l\u00e8ves + 6 bless\u00e9s<\/p>\n<p>&#8211; Un jeune gar\u00e7on anonyme (moins de 12 ans) sous Zoloft : suicide<\/p>\n<p>&#8211; Pocatello, Idaho : s\u2019est retranch\u00e9 en salle de classe avec une arme pendant des heures.<\/p>\n<p>&#8211; Michael Carneal, 14 ans, Ritaline, au lyc\u00e9e de West Paducah, Kentucky : 3 morts, 5 bless\u00e9s<\/p>\n<p>&#8211; Un jeune homme sous Ritaline \u00e0 Huntsville, Alabama : a massacr\u00e9 ses parents et deux autres proches \u00e0 la hache<\/p>\n<p>&#8211; Andrew Golden, 11 ans, Ritaline, et Mitchell Johnson, 14 ans, Ritaline. Au coll\u00e8ge : 5 morts, 10 bless\u00e9s<\/p>\n<p>&#8211; TJ Solomon, 15 ans, Ritaline au Lyc\u00e9e de Conyers, G\u00e9orgie : 6 bless\u00e9s<\/p>\n<p>&#8211; Rod Mathews, 14 ans, Ritaline\u00a0: 1 autre \u00e9l\u00e8ve battu \u00e0 mort<\/p>\n<p>&#8211; James Wilson, 19 ans, plusieurs m\u00e9dicaments, \u00e0 l\u2019\u00c9cole primaire de Breenwood, Caroline du Sud : 2 morts, 9 bless\u00e9s<\/p>\n<p>&#8211; Mitchell Johnson, 13 ans, antipsychotiques \u00e0 Jonesboro, Arkansas : 5 morts, nombreux bless\u00e9s<\/p>\n<p>&#8211; Elizabeth Bush, 13 ans, Paxil\u00a0: Tirs au coll\u00e8ge en Pennsylvania<\/p>\n<p>&#8211; Jason Hoffman, Effexor et Celexa. Tirs \u00e0 l\u2019\u00e9cole \u00e0 El Cajon, Californie<\/p>\n<p>&#8211; Chris Shanahan, 15 ans, Paxil \u00e0 Rigby, Idaho : 1 mort<\/p>\n<p>&#8211; Jeff Franklin, Prozac et Ritaline \u00e0 Huntsville, Alabama : tue ses parents avec des outils, puis blesse ses fr\u00e8re et s\u0153ur<\/p>\n<p>&#8211; Neal Furrow, Prozac et autres m\u00e9dicaments prescrits par d\u00e9cision judiciaire. Tirs \u00e0 l\u2019\u00e9cole juive de Los Angeles<\/p>\n<p>&#8211; Kevin Rider, 14 ans, Prozac. Suicide pr\u00e9sum\u00e9, puis suspect\u00e9 d\u2019avoir \u00e9t\u00e9 abattu par un autre \u00e9l\u00e8ve de 14 ans sous Zoloft et d\u2019autres antid\u00e9presseurs<\/p>\n<p>&#8211; Alex Kim, 13 ans, Lexapro. Suicide<\/p>\n<p>&#8211; Diane Routhier, Welbutrin. Suicide<\/p>\n<p>&#8211; Billy Willkomm, Prozac. Suicide<\/p>\n<p>&#8211; Kara Jaye Anne Fuller-Otter, 12 ans, Paxil<br \/>\nSuicide apr\u00e8s le refus de son m\u00e9decin de stopper son traitement<\/p>\n<p>&#8211; Gareth Christian, 18 ans, Paxil<br \/>\nVancouver : suicide<\/p>\n<p>&#8211; Julie Woodward, 17 ans, Zoloft<br \/>\nSuicide<\/p>\n<p>&#8211; Matthew Miller, 13 ans, Zoloft<br \/>\nSuicide<\/p>\n<p>&#8211; Kurt Danysh, 18 ans, Prozac<br \/>\n1 mort<\/p>\n<p>&#8211; Woody ***, 37 ans, Zoloft<br \/>\nSuicide<\/p>\n<p>&#8211; Gar\u00e7on de 10 ans anonyme, Prozac<br \/>\nA abattu son p\u00e8re<\/p>\n<p>&#8211; Hammad Memon, 15 ans, Zoloft<br \/>\nA abattu un autre \u00e9l\u00e8ve<\/p>\n<p>&#8211; Matti Saari, 22 ans, antid\u00e9presseur et benzodiaz\u00e9pine<br \/>\n10 morts et un bless\u00e9 \u00e0 son universit\u00e9<\/p>\n<p>&#8211; Steven Kazmierczak, 27 ans, Prozac, Xanax et Ambien<br \/>\nNorthern Illinois University : 5 morts, 21 bless\u00e9s<\/p>\n<p>&#8211; Pekka-Eric Auvinen, 18 ans, antid\u00e9presseurs<br \/>\nJokela High School, Finlande : 8 morts, 12 bless\u00e9s<\/p>\n<p>&#8211; Asa Coon, 14 ans, Trazodone<br \/>\nCleveland : 1 mort<\/p>\n<p>&#8211; Jon Romano, 16 ans, antid\u00e9presseurs<br \/>\nNew York high school : tir sur un enseignant<\/p>\n<p>&#8211; Seung-Hui Cho, antid\u00e9presseurs. Virginia Tech : 23 morts, 19 bless\u00e9s<\/p>\n<p>&#8211; Robert Hawkins, 19 ans, Valium et autres antid\u00e9presseurs. Centre commercial \u00e0 Omaha : 8 morts, 5 bless\u00e9s<\/p>\n<p>Bien entendu, cette liste \u00ab\u00a0ne prouve rien\u00a0\u00bb. Beaucoup de psychiatres expliqueront que, si ces personnes ont commis de tels actes, c\u2019est pr\u00e9cis\u00e9ment parce qu\u2019elles avaient un probl\u00e8me psychique \u00e0 la base que leurs m\u00e9dicaments cherchaient \u00e0 traiter (sans y parvenir, manifestement). Et que si ces personnes n\u2019avaient pas \u00e9t\u00e9 sous antid\u00e9presseur, elles auraient sans doute fait encore pire.<\/p>\n<p>Mais le fait est que, avant les antid\u00e9presseurs, il n\u2019\u00e9tait pas si courant que de jeunes enfants assassinent leurs grands-parents \u00e0 la hache ou massacrent leurs petits camarades d\u2019\u00e9cole \u00e0 l\u2019arme \u00e0 feu. Or, encore une fois, les armes \u00e0 feu (et les enfants), existent depuis bien avant les ann\u00e9es 70 et la mise massive sous antid\u00e9presseurs des jeunes.<\/p>\n<p><strong>Les autorit\u00e9s am\u00e9ricaines s\u2019alarment<\/strong><\/p>\n<p>Le 22 mars 2004, l\u2019autorit\u00e9 de sant\u00e9 am\u00e9ricaine (FDA) a publi\u00e9 \u00e0 nouveau une mise en garde au sujet des effets secondaires de ces m\u00e9dicaments, citant \u00ab\u00a0anxi\u00e9t\u00e9, agitation, attaques de panique, insomnie, irritabilit\u00e9, hostilit\u00e9, impulsivit\u00e9, akathisie (agitation s\u00e9v\u00e8re), hypomanie, et manie chez l\u2019adulte et les enfants trait\u00e9s aux antid\u00e9presseurs pour des troubles d\u00e9pressifs majeurs (2)<\/p>\n<p>Le 14 septembre 2004, la FDA a fait imposer une mise en garde sur les antid\u00e9presseurs et le risque de suicide chez les moins de 18 ans. Cette mise en garde a \u00e9t\u00e9 \u00e9tendue aux personnes de moins de 25 ans le 13 d\u00e9cembre 2006.<\/p>\n<p>La revue scientifique \u00ab\u00a0Journal of American Physicians and Surgeons\u00a0\u00bb, Volume 14, Number 1, du printemps 2009, a publi\u00e9 un article du Dr Joel M. Kauffman, Ph.D., intitul\u00e9 \u00ab\u00a0Inhibiteurs s\u00e9lectifs de la recapture de la s\u00e9rotonine\u00a0: plus de risques que d\u2019avantages\u00a0?\u00a0\u00bb. Concernant les affaires cit\u00e9es ci-dessus, le Dr. Kaufmann explique :\u00a0 \u00ab\u00a0Dans la mesure o\u00f9 aucune \u00e9tude clinique impliquant des homicides multiples ne pourra jamais \u00eatre men\u00e9e, aucune preuve suppl\u00e9mentaire ne risque d\u2019\u00eatre trouv\u00e9e.\u00a0\u00bb.<\/p>\n<p>Et en effet, la r\u00e9alit\u00e9 est que ce ne sont pas les m\u00e9decins ou les chercheurs en m\u00e9decine qui sont susceptibles de d\u00e9couvrir un lien entre les antid\u00e9presseurs et les crimes de masse, mais les journalistes d\u2019investigation et les avocats cherchant \u00e0 obtenir justice pour leurs clients, qui se lancent dans des recherches pour r\u00e9unir de telles preuves.<\/p>\n<p><strong>N\u2019attendez pas que la nouvelle soit publi\u00e9e dans le \u00ab\u00a0Quotidien du m\u00e9decin\u00a0\u00bb<\/strong><\/p>\n<p>Pour d\u00e9busquer la relation de cause \u00e0 cons\u00e9quence, il faut en effet \u00e9plucher la presse, locale, nationale, et internationale, \u00e0 la recherche de faits probants, sachant que la plupart des cas de violence ne sont pas rapport\u00e9s dans les journaux, et que le fait que l\u2019agresseur soit ou non sous anti-d\u00e9presseur au moment des faits n\u2019est que rarement port\u00e9 \u00e0 la connaissance du public, ou m\u00eame des journalistes eux-m\u00eames, pour cause de \u00ab\u00a0secret m\u00e9dical\u00a0\u00bb.<\/p>\n<p>Nous pourrons donc attendre longtemps encore, avant que la nouvelle d\u2019un lien entre antid\u00e9presseurs et actes d\u2019ultraviolence soit \u00e9tablie et publi\u00e9e dans Le Quotidien du M\u00e9decin (la revue qui informe les praticiens au coin de la rue des nouveaut\u00e9s de la m\u00e9decine officielle).<\/p>\n<p>Il n\u2019emp\u00eache que ces faits doivent inciter \u00e0 la plus grande prudence concernant cette classe de m\u00e9dicaments que sont les ISRS, toute m\u00e9dication devant \u00eatre prise extr\u00eamement au s\u00e9rieux par les patients, et plus encore par les parents du patient lorsqu\u2019il s\u2019agit d\u2019un mineur.<\/p>\n<p>Bien \u00e0 vous,<\/p>\n<p>Jean-Marc Dupuis<\/p>\n<h1><\/h1>\n<p>Sources\u00a0:<\/p>\n<ul>\n<li><a href=\"http:\/\/ssristories.com\/\"><strong>http:\/\/ssristories.com\/<\/strong><\/a><\/li>\n<li><a href=\"http:\/\/www.fda.gov\/Drugs\/DrugSafety\/PublicHealthAdvisories\/ucm161696.htm\"><strong>www.fda.gov\/Drugs\/DrugSafety\/PublicHealthAdvisories\/ucm161696.htm<\/strong><\/a>\u00a0\u00a0&#8211; This is the \u00ab\u00a0FDA Public Health Advisory regarding Worsening Depression and Suicidality in Patients Being Treated With Antidepressants\u00a0\u00bb issued on March 22, 2004\u2033.<\/li>\n<li>Voir \u00e9galement\u00a0:\u00a0<a href=\"http:\/\/www.breggin.com\/luvox.html\">Luvox and the Columbine High School massacre<\/a>.\u00a0<em>breggin.com<\/em>.<\/li>\n<\/ul>\n<p>&nbsp;<\/p>\n<p><span style=\"font-family: 'Times New Roman', serif;\"><span style=\"font-size: medium;\"><b>\u00ab\u00a0Cet article vous a plu ? Vous pouvez recevoir r\u00e9guli\u00e8rement les lettres de Sant\u00e9 Nature Innovation. C&rsquo;est gratuit. Cliquez ici pour vous inscrire :\u00a0<a href=\"http:\/\/www.santenatureinnovation.fr\/newsletter-gratuite\/\" target=\"_blank\">http:\/\/www.<wbr \/>santenatureinnovation.fr\/<wbr \/>newsletter-gratuite\/\u00a0<\/a>\u00bb<\/b><\/span><\/span><\/p>\n<p>&nbsp;<\/p>\n","protected":false},"excerpt":{"rendered":"<p>Pressenza publie des articles de la lettre d&rsquo;information de &lsquo;Sant\u00e9 Nature Innovation&rsquo; afin de contribuer \u00e0 la diffusion d&rsquo;autres points de vue sur la sant\u00e9. Voici le th\u00e8me d&rsquo; antid\u00e9presseurs. &nbsp; Cher lecteur, Avant toute chose, une mise en garde\u00a0:&hellip;<\/p>\n","protected":false},"author":981,"featured_media":46676,"comment_status":"closed","ping_status":"open","sticky":false,"template":"","format":"standard","meta":{"footnotes":""},"categories":[40,1245],"tags":[4451],"class_list":["post-46547","post","type-post","status-publish","format-standard","has-post-thumbnail","hentry","category-international-fr","category-sante-sujet","tag-antidepresseurs"],"yoast_head":"<!-- This site is optimized with the Yoast SEO plugin v27.1.1 - https:\/\/yoast.com\/product\/yoast-seo-wordpress\/ -->\n<title>Histoires d\u2019antid\u00e9presseurs<\/title>\n<meta name=\"description\" content=\"Pressenza publie des articles de la lettre d&#039;information de &#039;Sant\u00e9 Nature Innovation&#039; afin de contribuer \u00e0 la diffusion d&#039;autres points de vue sur la\" \/>\n<meta name=\"robots\" content=\"index, follow, max-snippet:-1, max-image-preview:large, max-video-preview:-1\" \/>\n<link rel=\"canonical\" href=\"https:\/\/www.pressenza.com\/fr\/2013\/04\/histoires-dantidepresseurs\/\" \/>\n<meta property=\"og:locale\" content=\"fr_FR\" \/>\n<meta property=\"og:type\" content=\"article\" \/>\n<meta property=\"og:title\" content=\"Histoires d\u2019antid\u00e9presseurs\" \/>\n<meta property=\"og:description\" content=\"Pressenza publie des articles de la lettre d&#039;information de &#039;Sant\u00e9 Nature Innovation&#039; afin de contribuer \u00e0 la diffusion d&#039;autres points de vue sur la\" \/>\n<meta property=\"og:url\" content=\"https:\/\/www.pressenza.com\/fr\/2013\/04\/histoires-dantidepresseurs\/\" \/>\n<meta property=\"og:site_name\" content=\"Pressenza\" \/>\n<meta property=\"article:publisher\" content=\"https:\/\/www.facebook.com\/PressenzaItalia\" \/>\n<meta property=\"article:published_time\" content=\"2013-04-08T09:51:28+00:00\" \/>\n<meta property=\"article:modified_time\" content=\"2013-04-08T21:58:50+00:00\" \/>\n<meta property=\"og:image\" content=\"https:\/\/www.pressenza.com\/wp-content\/uploads\/2013\/04\/Red_Green_Orange_and_White_Pills.jpg\" \/>\n\t<meta property=\"og:image:width\" content=\"640\" \/>\n\t<meta property=\"og:image:height\" content=\"478\" \/>\n\t<meta property=\"og:image:type\" content=\"image\/jpeg\" \/>\n<meta name=\"author\" content=\"Sant\u00e9 Nature Innovation\" \/>\n<meta name=\"twitter:card\" content=\"summary_large_image\" \/>\n<meta name=\"twitter:creator\" content=\"@PressenzaIPA\" \/>\n<meta name=\"twitter:site\" content=\"@PressenzaIPA\" \/>\n<meta name=\"twitter:label1\" content=\"\u00c9crit par\" \/>\n\t<meta name=\"twitter:data1\" content=\"Sant\u00e9 Nature Innovation\" \/>\n\t<meta name=\"twitter:label2\" content=\"Dur\u00e9e de lecture estim\u00e9e\" \/>\n\t<meta name=\"twitter:data2\" content=\"12 minutes\" \/>\n<script type=\"application\/ld+json\" class=\"yoast-schema-graph\">{\"@context\":\"https:\/\/schema.org\",\"@graph\":[{\"@type\":\"Article\",\"@id\":\"https:\/\/www.pressenza.com\/fr\/2013\/04\/histoires-dantidepresseurs\/#article\",\"isPartOf\":{\"@id\":\"https:\/\/www.pressenza.com\/fr\/2013\/04\/histoires-dantidepresseurs\/\"},\"author\":{\"name\":\"Sant\u00e9 Nature Innovation\",\"@id\":\"https:\/\/www.pressenza.com\/fr\/#\/schema\/person\/8af2cdb15d4b1c9a8403ded9d808f658\"},\"headline\":\"Histoires d\u2019antid\u00e9presseurs\",\"datePublished\":\"2013-04-08T09:51:28+00:00\",\"dateModified\":\"2013-04-08T21:58:50+00:00\",\"mainEntityOfPage\":{\"@id\":\"https:\/\/www.pressenza.com\/fr\/2013\/04\/histoires-dantidepresseurs\/\"},\"wordCount\":2504,\"publisher\":{\"@id\":\"https:\/\/www.pressenza.com\/fr\/#organization\"},\"image\":{\"@id\":\"https:\/\/www.pressenza.com\/fr\/2013\/04\/histoires-dantidepresseurs\/#primaryimage\"},\"thumbnailUrl\":\"https:\/\/www.pressenza.com\/wp-content\/uploads\/2013\/04\/Red_Green_Orange_and_White_Pills.jpg\",\"keywords\":[\"antid\u00e9presseurs\"],\"articleSection\":[\"International\",\"Sant\u00e9\"],\"inLanguage\":\"fr-FR\"},{\"@type\":\"WebPage\",\"@id\":\"https:\/\/www.pressenza.com\/fr\/2013\/04\/histoires-dantidepresseurs\/\",\"url\":\"https:\/\/www.pressenza.com\/fr\/2013\/04\/histoires-dantidepresseurs\/\",\"name\":\"Histoires d\u2019antid\u00e9presseurs\",\"isPartOf\":{\"@id\":\"https:\/\/www.pressenza.com\/fr\/#website\"},\"primaryImageOfPage\":{\"@id\":\"https:\/\/www.pressenza.com\/fr\/2013\/04\/histoires-dantidepresseurs\/#primaryimage\"},\"image\":{\"@id\":\"https:\/\/www.pressenza.com\/fr\/2013\/04\/histoires-dantidepresseurs\/#primaryimage\"},\"thumbnailUrl\":\"https:\/\/www.pressenza.com\/wp-content\/uploads\/2013\/04\/Red_Green_Orange_and_White_Pills.jpg\",\"datePublished\":\"2013-04-08T09:51:28+00:00\",\"dateModified\":\"2013-04-08T21:58:50+00:00\",\"description\":\"Pressenza publie des articles de la lettre d'information de 'Sant\u00e9 Nature Innovation' afin de contribuer \u00e0 la diffusion d'autres points de vue sur la\",\"breadcrumb\":{\"@id\":\"https:\/\/www.pressenza.com\/fr\/2013\/04\/histoires-dantidepresseurs\/#breadcrumb\"},\"inLanguage\":\"fr-FR\",\"potentialAction\":[{\"@type\":\"ReadAction\",\"target\":[\"https:\/\/www.pressenza.com\/fr\/2013\/04\/histoires-dantidepresseurs\/\"]}]},{\"@type\":\"ImageObject\",\"inLanguage\":\"fr-FR\",\"@id\":\"https:\/\/www.pressenza.com\/fr\/2013\/04\/histoires-dantidepresseurs\/#primaryimage\",\"url\":\"https:\/\/www.pressenza.com\/wp-content\/uploads\/2013\/04\/Red_Green_Orange_and_White_Pills.jpg\",\"contentUrl\":\"https:\/\/www.pressenza.com\/wp-content\/uploads\/2013\/04\/Red_Green_Orange_and_White_Pills.jpg\",\"width\":640,\"height\":478},{\"@type\":\"BreadcrumbList\",\"@id\":\"https:\/\/www.pressenza.com\/fr\/2013\/04\/histoires-dantidepresseurs\/#breadcrumb\",\"itemListElement\":[{\"@type\":\"ListItem\",\"position\":1,\"name\":\"Accueil\",\"item\":\"https:\/\/www.pressenza.com\/fr\/\"},{\"@type\":\"ListItem\",\"position\":2,\"name\":\"Histoires d\u2019antid\u00e9presseurs\"}]},{\"@type\":\"WebSite\",\"@id\":\"https:\/\/www.pressenza.com\/fr\/#website\",\"url\":\"https:\/\/www.pressenza.com\/fr\/\",\"name\":\"Pressenza\",\"description\":\"International Press Agency\",\"publisher\":{\"@id\":\"https:\/\/www.pressenza.com\/fr\/#organization\"},\"potentialAction\":[{\"@type\":\"SearchAction\",\"target\":{\"@type\":\"EntryPoint\",\"urlTemplate\":\"https:\/\/www.pressenza.com\/fr\/?s={search_term_string}\"},\"query-input\":{\"@type\":\"PropertyValueSpecification\",\"valueRequired\":true,\"valueName\":\"search_term_string\"}}],\"inLanguage\":\"fr-FR\"},{\"@type\":\"Organization\",\"@id\":\"https:\/\/www.pressenza.com\/fr\/#organization\",\"name\":\"Pressenza\",\"url\":\"https:\/\/www.pressenza.com\/fr\/\",\"logo\":{\"@type\":\"ImageObject\",\"inLanguage\":\"fr-FR\",\"@id\":\"https:\/\/www.pressenza.com\/fr\/#\/schema\/logo\/image\/\",\"url\":\"https:\/\/www.pressenza.com\/wp-content\/uploads\/2022\/10\/pressenza_logo_200x200.jpg\",\"contentUrl\":\"https:\/\/www.pressenza.com\/wp-content\/uploads\/2022\/10\/pressenza_logo_200x200.jpg\",\"width\":200,\"height\":200,\"caption\":\"Pressenza\"},\"image\":{\"@id\":\"https:\/\/www.pressenza.com\/fr\/#\/schema\/logo\/image\/\"},\"sameAs\":[\"https:\/\/www.facebook.com\/PressenzaItalia\",\"https:\/\/x.com\/PressenzaIPA\"]},{\"@type\":\"Person\",\"@id\":\"https:\/\/www.pressenza.com\/fr\/#\/schema\/person\/8af2cdb15d4b1c9a8403ded9d808f658\",\"name\":\"Sant\u00e9 Nature Innovation\",\"description\":\"Les nouveaux traitements naturels valid\u00e9s par la recherche scientifique. www.santenatureinnovation.fr\",\"sameAs\":[\"http:\/\/www.santenatureinnovation.fr\"],\"url\":\"https:\/\/www.pressenza.com\/fr\/author\/sante-nature-innovation\/\"}]}<\/script>\n<!-- \/ Yoast SEO plugin. -->","yoast_head_json":{"title":"Histoires d\u2019antid\u00e9presseurs","description":"Pressenza publie des articles de la lettre d'information de 'Sant\u00e9 Nature Innovation' afin de contribuer \u00e0 la diffusion d'autres points de vue sur la","robots":{"index":"index","follow":"follow","max-snippet":"max-snippet:-1","max-image-preview":"max-image-preview:large","max-video-preview":"max-video-preview:-1"},"canonical":"https:\/\/www.pressenza.com\/fr\/2013\/04\/histoires-dantidepresseurs\/","og_locale":"fr_FR","og_type":"article","og_title":"Histoires d\u2019antid\u00e9presseurs","og_description":"Pressenza publie des articles de la lettre d'information de 'Sant\u00e9 Nature Innovation' afin de contribuer \u00e0 la diffusion d'autres points de vue sur la","og_url":"https:\/\/www.pressenza.com\/fr\/2013\/04\/histoires-dantidepresseurs\/","og_site_name":"Pressenza","article_publisher":"https:\/\/www.facebook.com\/PressenzaItalia","article_published_time":"2013-04-08T09:51:28+00:00","article_modified_time":"2013-04-08T21:58:50+00:00","og_image":[{"width":640,"height":478,"url":"https:\/\/www.pressenza.com\/wp-content\/uploads\/2013\/04\/Red_Green_Orange_and_White_Pills.jpg","type":"image\/jpeg"}],"author":"Sant\u00e9 Nature Innovation","twitter_card":"summary_large_image","twitter_creator":"@PressenzaIPA","twitter_site":"@PressenzaIPA","twitter_misc":{"\u00c9crit par":"Sant\u00e9 Nature Innovation","Dur\u00e9e de lecture estim\u00e9e":"12 minutes"},"schema":{"@context":"https:\/\/schema.org","@graph":[{"@type":"Article","@id":"https:\/\/www.pressenza.com\/fr\/2013\/04\/histoires-dantidepresseurs\/#article","isPartOf":{"@id":"https:\/\/www.pressenza.com\/fr\/2013\/04\/histoires-dantidepresseurs\/"},"author":{"name":"Sant\u00e9 Nature Innovation","@id":"https:\/\/www.pressenza.com\/fr\/#\/schema\/person\/8af2cdb15d4b1c9a8403ded9d808f658"},"headline":"Histoires d\u2019antid\u00e9presseurs","datePublished":"2013-04-08T09:51:28+00:00","dateModified":"2013-04-08T21:58:50+00:00","mainEntityOfPage":{"@id":"https:\/\/www.pressenza.com\/fr\/2013\/04\/histoires-dantidepresseurs\/"},"wordCount":2504,"publisher":{"@id":"https:\/\/www.pressenza.com\/fr\/#organization"},"image":{"@id":"https:\/\/www.pressenza.com\/fr\/2013\/04\/histoires-dantidepresseurs\/#primaryimage"},"thumbnailUrl":"https:\/\/www.pressenza.com\/wp-content\/uploads\/2013\/04\/Red_Green_Orange_and_White_Pills.jpg","keywords":["antid\u00e9presseurs"],"articleSection":["International","Sant\u00e9"],"inLanguage":"fr-FR"},{"@type":"WebPage","@id":"https:\/\/www.pressenza.com\/fr\/2013\/04\/histoires-dantidepresseurs\/","url":"https:\/\/www.pressenza.com\/fr\/2013\/04\/histoires-dantidepresseurs\/","name":"Histoires d\u2019antid\u00e9presseurs","isPartOf":{"@id":"https:\/\/www.pressenza.com\/fr\/#website"},"primaryImageOfPage":{"@id":"https:\/\/www.pressenza.com\/fr\/2013\/04\/histoires-dantidepresseurs\/#primaryimage"},"image":{"@id":"https:\/\/www.pressenza.com\/fr\/2013\/04\/histoires-dantidepresseurs\/#primaryimage"},"thumbnailUrl":"https:\/\/www.pressenza.com\/wp-content\/uploads\/2013\/04\/Red_Green_Orange_and_White_Pills.jpg","datePublished":"2013-04-08T09:51:28+00:00","dateModified":"2013-04-08T21:58:50+00:00","description":"Pressenza publie des articles de la lettre d'information de 'Sant\u00e9 Nature Innovation' afin de contribuer \u00e0 la diffusion d'autres points de vue sur la","breadcrumb":{"@id":"https:\/\/www.pressenza.com\/fr\/2013\/04\/histoires-dantidepresseurs\/#breadcrumb"},"inLanguage":"fr-FR","potentialAction":[{"@type":"ReadAction","target":["https:\/\/www.pressenza.com\/fr\/2013\/04\/histoires-dantidepresseurs\/"]}]},{"@type":"ImageObject","inLanguage":"fr-FR","@id":"https:\/\/www.pressenza.com\/fr\/2013\/04\/histoires-dantidepresseurs\/#primaryimage","url":"https:\/\/www.pressenza.com\/wp-content\/uploads\/2013\/04\/Red_Green_Orange_and_White_Pills.jpg","contentUrl":"https:\/\/www.pressenza.com\/wp-content\/uploads\/2013\/04\/Red_Green_Orange_and_White_Pills.jpg","width":640,"height":478},{"@type":"BreadcrumbList","@id":"https:\/\/www.pressenza.com\/fr\/2013\/04\/histoires-dantidepresseurs\/#breadcrumb","itemListElement":[{"@type":"ListItem","position":1,"name":"Accueil","item":"https:\/\/www.pressenza.com\/fr\/"},{"@type":"ListItem","position":2,"name":"Histoires d\u2019antid\u00e9presseurs"}]},{"@type":"WebSite","@id":"https:\/\/www.pressenza.com\/fr\/#website","url":"https:\/\/www.pressenza.com\/fr\/","name":"Pressenza","description":"International Press Agency","publisher":{"@id":"https:\/\/www.pressenza.com\/fr\/#organization"},"potentialAction":[{"@type":"SearchAction","target":{"@type":"EntryPoint","urlTemplate":"https:\/\/www.pressenza.com\/fr\/?s={search_term_string}"},"query-input":{"@type":"PropertyValueSpecification","valueRequired":true,"valueName":"search_term_string"}}],"inLanguage":"fr-FR"},{"@type":"Organization","@id":"https:\/\/www.pressenza.com\/fr\/#organization","name":"Pressenza","url":"https:\/\/www.pressenza.com\/fr\/","logo":{"@type":"ImageObject","inLanguage":"fr-FR","@id":"https:\/\/www.pressenza.com\/fr\/#\/schema\/logo\/image\/","url":"https:\/\/www.pressenza.com\/wp-content\/uploads\/2022\/10\/pressenza_logo_200x200.jpg","contentUrl":"https:\/\/www.pressenza.com\/wp-content\/uploads\/2022\/10\/pressenza_logo_200x200.jpg","width":200,"height":200,"caption":"Pressenza"},"image":{"@id":"https:\/\/www.pressenza.com\/fr\/#\/schema\/logo\/image\/"},"sameAs":["https:\/\/www.facebook.com\/PressenzaItalia","https:\/\/x.com\/PressenzaIPA"]},{"@type":"Person","@id":"https:\/\/www.pressenza.com\/fr\/#\/schema\/person\/8af2cdb15d4b1c9a8403ded9d808f658","name":"Sant\u00e9 Nature Innovation","description":"Les nouveaux traitements naturels valid\u00e9s par la recherche scientifique. www.santenatureinnovation.fr","sameAs":["http:\/\/www.santenatureinnovation.fr"],"url":"https:\/\/www.pressenza.com\/fr\/author\/sante-nature-innovation\/"}]}},"place":"","original_article_url":"","_links":{"self":[{"href":"https:\/\/www.pressenza.com\/fr\/wp-json\/wp\/v2\/posts\/46547","targetHints":{"allow":["GET"]}}],"collection":[{"href":"https:\/\/www.pressenza.com\/fr\/wp-json\/wp\/v2\/posts"}],"about":[{"href":"https:\/\/www.pressenza.com\/fr\/wp-json\/wp\/v2\/types\/post"}],"author":[{"embeddable":true,"href":"https:\/\/www.pressenza.com\/fr\/wp-json\/wp\/v2\/users\/981"}],"replies":[{"embeddable":true,"href":"https:\/\/www.pressenza.com\/fr\/wp-json\/wp\/v2\/comments?post=46547"}],"version-history":[{"count":0,"href":"https:\/\/www.pressenza.com\/fr\/wp-json\/wp\/v2\/posts\/46547\/revisions"}],"wp:featuredmedia":[{"embeddable":true,"href":"https:\/\/www.pressenza.com\/fr\/wp-json\/wp\/v2\/media\/46676"}],"wp:attachment":[{"href":"https:\/\/www.pressenza.com\/fr\/wp-json\/wp\/v2\/media?parent=46547"}],"wp:term":[{"taxonomy":"category","embeddable":true,"href":"https:\/\/www.pressenza.com\/fr\/wp-json\/wp\/v2\/categories?post=46547"},{"taxonomy":"post_tag","embeddable":true,"href":"https:\/\/www.pressenza.com\/fr\/wp-json\/wp\/v2\/tags?post=46547"}],"curies":[{"name":"wp","href":"https:\/\/api.w.org\/{rel}","templated":true}]}}