{"id":463511,"date":"2017-05-13T21:19:31","date_gmt":"2017-05-13T20:19:31","guid":{"rendered":"https:\/\/www.pressenza.com\/?p=463511\/"},"modified":"2017-05-13T21:24:38","modified_gmt":"2017-05-13T20:24:38","slug":"banlieues-debout-construire-ponts-quartiers-populaires","status":"publish","type":"post","link":"https:\/\/www.pressenza.com\/fr\/2017\/05\/banlieues-debout-construire-ponts-quartiers-populaires\/","title":{"rendered":"Banlieues Debout : construire des ponts avec les quartiers populaires"},"content":{"rendered":"<p>Benjamin Sourice est un ancien journaliste, blogueur et acteur associatif de m\u00e9tier. Il a particip\u00e9 \u00e0 la pr\u00e9paration et \u00e0 l\u2019animation de Nuit Debout, \u00e0 travers le collectif les Engraineurs. Il vient de publier un nouvel ouvrage, <em><a href=\"http:\/\/www.eclm.fr\/ouvrage-385.html\" target=\"_blank\" rel=\"noopener noreferrer\">La d\u00e9mocratie des Places<\/a><\/em>, dans lequel il\u00a0s\u2019interroge sur la vitalit\u00e9 de ces mouvements citoyens tels que Nuit Debout, cherche \u00e0 montrer les lignes de tension entre l\u2019utopisme d\u00e9mocratique et le pragmatisme radical, et tente de relever le plus grand d\u00e9fi de l\u2019id\u00e9al d\u00e9mocratique : r\u00e9concilier les oppos\u00e9s. Nous avons publi\u00e9 l\u2019un de ces textes sur le <a href=\"https:\/\/gazettedebout.fr\/2017\/04\/20\/nuit-debout-feminisme\/\" target=\"_blank\" rel=\"noopener noreferrer\">f\u00e9minisme \u00e0 Nuit Debout<\/a>\u00a0et sur la commission <a href=\"https:\/\/gazettedebout.fr\/2017\/04\/26\/jury-citoyen-nuit-debout\/\" target=\"_blank\" rel=\"noopener noreferrer\">Jury Citoyen.<\/a>\u00a0Aujourd\u2019hui, la question des quartiers populaires, des Banlieues Debout, avec Almamy Kanout\u00e9.<\/p>\n<p><img loading=\"lazy\" decoding=\"async\" class=\" wp-image-463531 aligncenter\" src=\"https:\/\/www.pressenza.com\/wp-content\/uploads\/2017\/05\/democratie-des-places.jpg\" alt=\"\" width=\"352\" height=\"586\" srcset=\"https:\/\/www.pressenza.com\/wp-content\/uploads\/2017\/05\/democratie-des-places.jpg 450w, https:\/\/www.pressenza.com\/wp-content\/uploads\/2017\/05\/democratie-des-places-180x300.jpg 180w\" sizes=\"auto, (max-width: 352px) 100vw, 352px\" \/><\/p>\n<p><strong>\u00ab\u00a0Par rapport \u00e0 Nuit debout, dans les quartiers populaires, les ressorts de l\u2019engagement sont diff\u00e9rents \u00bb, Almamy Kanout\u00e9<\/strong><\/p>\n<p>Almamy Kanout\u00e9 vient de Fresnes. \u00c2g\u00e9 de 36 ans, il est \u00e9ducateur dans sa ville aupr\u00e8s de jeunes des quartiers populaires, mais c\u2019est aussi un militant chevronn\u00e9 avec de nombreuses initiatives politiques \u00e0 son actif, toutes propos\u00e9es en dehors du cadre des partis politiques. Il fait partie d\u2019une g\u00e9n\u00e9ration de militants ind\u00e9pendants, solidement ancr\u00e9s sur le terrain et farouchement m\u00e9fiants \u00e0 l\u2019\u00e9gard des professionnels de la politique. Il a \u00e9galement un franc-parler qui marque ses auditeurs\u00a0: <em>\u00ab\u00a0Pendant longtemps, j\u2019ai boycott\u00e9 les questions politiques, tous des menteurs \u00e0 mon sens, puis \u00e0 un moment, j\u2019ai d\u00e9cid\u00e9 de passer de la critique \u00e0 l\u2019action, de me r\u00e9approprier les choses plut\u00f4t que d\u2019abandonner tout \u00e7a aux cols blancs<a href=\"https:\/\/gazettedebout.fr\/2017\/05\/10\/banlieues-debout-construire-ponts-quartiers-populaires\/#_ftn1\" name=\"_ftnref1\">[1]<\/a>.\u00bb<\/em> En 2008, Almamy lance sa liste citoyenne \u00ab\u00a0<em>Fresnes \u00e0 venir\u00a0<\/em>\u00bb pour les municipales et recueille 11,11\u00a0% des suffrages. Le voil\u00e0 d\u00e9sormais \u00e9lu de la R\u00e9publique. De cette exp\u00e9rience, il dresse un constat doux-amer\u00a0: <em>\u00ab\u00a0Vu de l\u2019int\u00e9rieur, on a le sentiment d\u2019une supercherie, d\u2019un simulacre de d\u00e9mocratie chapeaut\u00e9 d\u2019en haut, mais avec les listes citoyennes, on a r\u00e9ussi \u00e0 diffuser l\u2019id\u00e9e qu\u2019un braquage politique \u00e9tait possible pour se r\u00e9approprier la ville.\u00a0\u00bb<\/em><\/p>\n<p>Quand il arrive dans Nuit debout, il trouve sur la place <em>\u00ab\u00a0une ouverture rafra\u00eechissante avec des personnes qui se rencontrent pour d\u00e9battre et partagent les m\u00eames id\u00e9aux d\u00e9mocratiques\u00a0\u00bb<\/em> qui sont ceux qu\u2019il d\u00e9fend depuis plusieurs ann\u00e9es. Ce rassemblement correspond aussi d\u2019apr\u00e8s lui <em>\u00ab\u00a0\u00e0 un besoin de r\u00e9sistance qui n\u00e9cessitait d\u2019inventer de nouvelles formes de militantisme, un militantisme qui cesse de demander l\u2019autorisation pour agir, pour occuper, capable d\u2019utiliser l\u2019effet de surprise pour mener ses actions\u00a0\u00bb<\/em>. D\u2019apr\u00e8s son exp\u00e9rience, <em>\u00ab\u00a0les choses se provoquent, c\u2019est pareil pour la convergence des luttes entre Nuit debout et les quartiers populaires, il faut briser l\u2019attentisme et il ne faut pas avoir peur des frictions\u00a0\u00bb,<\/em> s\u2019enthousiasme Almamy. Cependant, comme d\u2019autres personnes issues des quartiers populaires, il n\u2019aime pas que <em>\u00ab\u00a0les banlieues soient vues sous un prisme exotique\u00a0\u00bb<\/em>, une caution pour mettre de la couleur dans un mouvement social, ou comme il a pu l\u2019entendre \u00e0 Nuit debout<em> \u00ab\u00a0pour faire vraiment peur au pouvoir\u00a0\u00bb<\/em>, tel un \u00e9pouvantail \u00e0 casquette rembourr\u00e9 aux pr\u00e9jug\u00e9s.<\/p>\n<p>\u00c0 l\u2019occasion de Nuit Debout, notamment lors des tentatives d\u2019extension du mouvement Banlieues debout, quelques passifs politiques et militants ont ainsi \u00e9t\u00e9 mis sur la place publique. Mohammed Mechmache du Collectif Pas sans Nous, fondateur d\u2019AC le Feu et \u00e9lu EELV au conseil r\u00e9gional d\u2019\u00cele-de-France, lan\u00e7a sur la place de la R\u00e9publique un provoquant\u00a0: <em>\u00ab\u00a0O\u00f9 \u00e9tiez-vous en 2005\u00a0?\u00a0\u00bb,<\/em> en r\u00e9f\u00e9rence aux \u00e9meutes urbaines apr\u00e8s la mort de Zyed Benna, 17 ans, et Bouna Traor\u00e9, 15 ans, \u00e9lectrocut\u00e9s dans l\u2019enceinte d\u2019un poste \u00e9lectrique apr\u00e8s une course poursuite avec la police le 25 octobre 2005 \u00e0 Clichy-sous-Bois. \u00ab<em>\u00a0Pendant les 21 nuits de r\u00e9volte sociale qui ont suivi, alors que les jeunes de ces quartiers revendiquaient leurs droits et luttaient contre les discriminations, on s\u2019est senti bien seuls et isol\u00e9s<a href=\"https:\/\/gazettedebout.fr\/2017\/05\/10\/banlieues-debout-construire-ponts-quartiers-populaires\/#_ftn2\" name=\"_ftnref2\">[2]<\/a>\u00a0\u00bb<\/em>, r\u00e9p\u00e9tera ensuite M. Mechmache au journal <em>Reporterre<\/em>.<\/p>\n<p>\u00c0 Marseille, une tentative de d\u00e9localiser Nuit Debout vers les quartiers Nord de la ville, dans la cit\u00e9 des Flamants, provoqua aussi quelques m\u00e9sententes et incompr\u00e9hensions entre les participants comme le relata un reporter du <em>Monde<\/em>\u00a0: <em>\u00ab\u00a0Ici, cela fait trente ans qu\u2019on est debout. On n\u2019a pas attendu pour combattre la pr\u00e9carit\u00e9, les violences polici\u00e8res, les injustices sociales\u2026 Vous venez lib\u00e9rer notre parole\u00a0? Mais notre parole est libre. Personne ne l\u2019entend parce qu\u2019elle est censur\u00e9e et stigmatis\u00e9e<a href=\"https:\/\/gazettedebout.fr\/2017\/05\/10\/banlieues-debout-construire-ponts-quartiers-populaires\/#_ftn3\" name=\"_ftnref3\">[3]<\/a>\u00a0\u00bb,<\/em> expliquait un militant de ces quartiers marginalis\u00e9s. D\u2019autres avanc\u00e8rent que la Loi travail n\u2019inqui\u00e9tait que ceux qui avaient peur de perdre leurs avantages, laissant de marbre les rel\u00e9gu\u00e9s sociaux, abonn\u00e9s aux emplois pr\u00e9caires ou ch\u00f4meurs. Selon le militant de Fresnes, si les gens des quartiers populaires ne se sont pas plus engag\u00e9s dans Nuit debout, c\u2019est d\u2019abord <em>\u00ab\u00a0parce que les ressorts de l\u2019engagement sont diff\u00e9rents, il y a besoin de d\u00e9montrer que l\u2019on est dans l\u2019action pour s\u00e9duire, pour cr\u00e9er une dynamique. Parler, marcher, \u00e7a ne fonctionne pas\u00a0\u00bb.<\/em><\/p>\n<p>Pourtant, au-del\u00e0 de la question sociale, les commissions th\u00e9matiques furent nombreuses et visibles, impliquant des probl\u00e9matiques issues de la r\u00e9flexion et de l\u2019exp\u00e9rience d\u2019habitants et de militants des quartiers populaires, comme les probl\u00e8mes de contr\u00f4le au faci\u00e8s et le \u00ab\u00a0racisme d\u2019\u00c9tat\u00a0\u00bb ou encore la question des bavures, avec la pr\u00e9sence active sur la place de la R\u00e9publique du collectif Urgence notre police assassine emmen\u00e9 par Amal Bentounsi dont le fr\u00e8re fut tu\u00e9 d\u2019une balle dans le dos par un policier d\u00e9sormais\u00a0<a href=\"http:\/\/abonnes.lemonde.fr\/police-justice\/article\/2017\/03\/10\/un-policier-condamne-en-appel-a-5-ans-de-prison-avec-sursis-pour-avoir-tue-un-fugitif-d-une-balle-dans-le-dos_5092860_1653578.html\">condamn\u00e9<\/a>. <em>\u00ab\u00a0Nos projets d\u2019\u00e9ducation populaire, nos luttes contre les violences polici\u00e8res, notre soutien au peuple palestinien, contre les racismes et en particulier contre l\u2019islamophobie forment chaque jour des lutteurs dans nos quartiers. Chaque engagement a ses priorit\u00e9s et ses points de convergence. Il n\u2019est pas \u00e9tonnant que cela soit en partie par les luttes contre les violences polici\u00e8res que la jonction avec Nuit debout s\u2019op\u00e8re le plus facilement<a href=\"https:\/\/gazettedebout.fr\/2017\/05\/10\/banlieues-debout-construire-ponts-quartiers-populaires\/#_ftn4\" name=\"_ftnref4\">[4]<\/a>\u00a0\u00bb,<\/em> soulignent les r\u00e9dacteurs du blog Quartiers libres, m\u00eame si l\u2019ensemble des th\u00e9matiques cit\u00e9es furent l\u2019objet de commissions \u00e0 Nuit debout.<\/p>\n<p>Pour Almamy Kanout\u00e9, des ponts ont \u00e9t\u00e9 lanc\u00e9s mais la dynamique de coh\u00e9sion n\u2019est pas encore aboutie. Comme s\u2019adressant aux absents, il pense que\u00a0:<em> \u00ab\u00a0Nuit Debout aurait pu \u00eatre l\u2019occasion de voir qu\u2019il y a une sinc\u00e9rit\u00e9 dans l\u2019engagement de beaucoup, qu\u2019il peut y avoir des disputes et qu\u2019on peut les r\u00e9soudre, qu\u2019on apprend \u00e0 se conna\u00eetre par l\u2019action et la discussion. Ce qui compte, c\u2019est de trouver des gens avec qui l\u2019on partage les m\u00eames dynamiques, et non pas de se confiner \u00e0 un cadre, il faut briser ces fronti\u00e8res, ne pas croire qu\u2019on est si diff\u00e9rent.\u00a0\u00bb<\/em> Sa conclusion sur Nuit debout\u00a0? \u00ab<em>\u00a0C\u2019est un mouvement qui vient d\u2019en bas. C\u2019est la grande le\u00e7on, si les choses doivent changer, \u00e7a partira du local \u00bb<\/em>. Il d\u00e9fend l\u2019absence de leadership qui a <em>\u00ab\u00a0d\u00e9stabilis\u00e9 les r\u00e9cup\u00e9rateurs habituels. Ce qui ressort de Nuit debout, c\u2019est un nouveau souffle politique bas\u00e9 sur un refus commun de la domination des structures et de l\u2019individualisation, on est \u00e0 la fois dans la recherche d\u2019une certaine coordination tout en permettant une autonomie locale. Maintenant que l\u2019on a appris \u00e0 se conna\u00eetre, \u00e0 se faire confiance, il faut que cela aboutisse sur des actions communes. La responsabilit\u00e9 est d\u00e9sormais dans les mains de chacun pour continuer \u00e0 construire des ponts\u00a0\u00bb.<\/em><\/p>\n<p><a href=\"https:\/\/gazettedebout.fr\/2017\/05\/10\/banlieues-debout-construire-ponts-quartiers-populaires\/#_ftnref1\" name=\"_ftn1\">[1]<\/a>\u00a0 \u00a0 \u00a0 Almamy Kanout\u00e9, participant \u00e0 Nuit debout R\u00e9publique \u00e0 Paris, propos recueillis le 1<sup>er<\/sup> juin 2016.<\/p>\n<p><a href=\"https:\/\/gazettedebout.fr\/2017\/05\/10\/banlieues-debout-construire-ponts-quartiers-populaires\/#_ftnref2\" name=\"_ftn2\">[2]<\/a>\u00a0 \u00a0 \u00a0 <em>Ibid.<\/em><\/p>\n<p><a href=\"https:\/\/gazettedebout.fr\/2017\/05\/10\/banlieues-debout-construire-ponts-quartiers-populaires\/#_ftnref3\" name=\"_ftn3\">[3]<\/a>\u00a0 \u00a0 \u00a0 Gilles Rof, \u00ab\u00a0\u00c0 Marseille, Nuit debout se heurte durement \u00e0 la r\u00e9alit\u00e9 des quartiers nord\u00a0\u00bb, <em>Le Monde<\/em>, 24 avril 2016.<\/p>\n<p><a href=\"https:\/\/gazettedebout.fr\/2017\/05\/10\/banlieues-debout-construire-ponts-quartiers-populaires\/#_ftnref4\" name=\"_ftn4\">[4]<\/a>\u00a0 \u00a0 \u00a0 \u00ab\u00a0Nuit debout pas sans nous\u00a0\u00bb, blog <em>Quartiers libres<\/em>, 25 avril 2016.<\/p>\n","protected":false},"excerpt":{"rendered":"<p>Benjamin Sourice est un ancien journaliste, blogueur et acteur associatif de m\u00e9tier. Il a particip\u00e9 \u00e0 la pr\u00e9paration et \u00e0 l\u2019animation de Nuit Debout, \u00e0 travers le collectif les Engraineurs. Il vient de publier un nouvel ouvrage, La d\u00e9mocratie des&hellip;<\/p>\n","protected":false},"author":1356,"featured_media":463524,"comment_status":"closed","ping_status":"closed","sticky":false,"template":"","format":"standard","meta":{"footnotes":""},"categories":[94,85,40],"tags":[8781,25509],"class_list":["post-463511","post","type-post","status-publish","format-standard","has-post-thumbnail","hentry","category-culture-fr","category-europe-fr","category-international-fr","tag-banlieue","tag-nuit-debout"],"yoast_head":"<!-- This site is optimized with the Yoast SEO plugin v27.1.1 - https:\/\/yoast.com\/product\/yoast-seo-wordpress\/ -->\n<title>Banlieues Debout : construire des ponts avec les quartiers populaires<\/title>\n<meta name=\"description\" content=\"Benjamin Sourice est un ancien journaliste, blogueur et acteur associatif de m\u00e9tier. Il a particip\u00e9 \u00e0 la pr\u00e9paration et \u00e0 l\u2019animation de Nuit Debout, \u00e0\" \/>\n<meta name=\"robots\" content=\"index, follow, max-snippet:-1, max-image-preview:large, max-video-preview:-1\" \/>\n<link rel=\"canonical\" href=\"https:\/\/www.pressenza.com\/fr\/2017\/05\/banlieues-debout-construire-ponts-quartiers-populaires\/\" \/>\n<meta property=\"og:locale\" content=\"fr_FR\" \/>\n<meta property=\"og:type\" content=\"article\" \/>\n<meta property=\"og:title\" content=\"Banlieues Debout : construire des ponts avec les quartiers populaires\" \/>\n<meta property=\"og:description\" content=\"Benjamin Sourice est un ancien journaliste, blogueur et acteur associatif de m\u00e9tier. Il a particip\u00e9 \u00e0 la pr\u00e9paration et \u00e0 l\u2019animation de Nuit Debout, \u00e0\" \/>\n<meta property=\"og:url\" content=\"https:\/\/www.pressenza.com\/fr\/2017\/05\/banlieues-debout-construire-ponts-quartiers-populaires\/\" \/>\n<meta property=\"og:site_name\" content=\"Pressenza\" \/>\n<meta property=\"article:publisher\" content=\"https:\/\/www.facebook.com\/PressenzaItalia\" \/>\n<meta property=\"article:author\" content=\"https:\/\/www.facebook.com\/Gazette-Debout-1770180706550588\/\" \/>\n<meta property=\"article:published_time\" content=\"2017-05-13T20:19:31+00:00\" \/>\n<meta property=\"article:modified_time\" content=\"2017-05-13T20:24:38+00:00\" \/>\n<meta property=\"og:image\" content=\"https:\/\/www.pressenza.com\/wp-content\/uploads\/2017\/05\/banlieues-debout-copie.jpg\" \/>\n\t<meta property=\"og:image:width\" content=\"750\" \/>\n\t<meta property=\"og:image:height\" content=\"450\" \/>\n\t<meta property=\"og:image:type\" content=\"image\/jpeg\" \/>\n<meta name=\"author\" content=\"Gazette Debout\" \/>\n<meta name=\"twitter:card\" content=\"summary_large_image\" \/>\n<meta name=\"twitter:creator\" content=\"@GazetteDebout\" \/>\n<meta name=\"twitter:site\" content=\"@PressenzaIPA\" \/>\n<meta name=\"twitter:label1\" content=\"\u00c9crit par\" \/>\n\t<meta name=\"twitter:data1\" content=\"Gazette Debout\" \/>\n\t<meta name=\"twitter:label2\" content=\"Dur\u00e9e de lecture estim\u00e9e\" \/>\n\t<meta name=\"twitter:data2\" content=\"7 minutes\" \/>\n<script type=\"application\/ld+json\" class=\"yoast-schema-graph\">{\"@context\":\"https:\/\/schema.org\",\"@graph\":[{\"@type\":\"Article\",\"@id\":\"https:\/\/www.pressenza.com\/fr\/2017\/05\/banlieues-debout-construire-ponts-quartiers-populaires\/#article\",\"isPartOf\":{\"@id\":\"https:\/\/www.pressenza.com\/fr\/2017\/05\/banlieues-debout-construire-ponts-quartiers-populaires\/\"},\"author\":{\"name\":\"Gazette Debout\",\"@id\":\"https:\/\/www.pressenza.com\/fr\/#\/schema\/person\/f17c45ed3e6fb77e555e1eb4a865b077\"},\"headline\":\"Banlieues Debout : construire des ponts avec les quartiers populaires\",\"datePublished\":\"2017-05-13T20:19:31+00:00\",\"dateModified\":\"2017-05-13T20:24:38+00:00\",\"mainEntityOfPage\":{\"@id\":\"https:\/\/www.pressenza.com\/fr\/2017\/05\/banlieues-debout-construire-ponts-quartiers-populaires\/\"},\"wordCount\":1366,\"publisher\":{\"@id\":\"https:\/\/www.pressenza.com\/fr\/#organization\"},\"image\":{\"@id\":\"https:\/\/www.pressenza.com\/fr\/2017\/05\/banlieues-debout-construire-ponts-quartiers-populaires\/#primaryimage\"},\"thumbnailUrl\":\"https:\/\/www.pressenza.com\/wp-content\/uploads\/2017\/05\/banlieues-debout-copie.jpg\",\"keywords\":[\"banlieue\",\"Nuit Debout\"],\"articleSection\":[\"Culture et M\u00e9dias\",\"Europe\",\"International\"],\"inLanguage\":\"fr-FR\"},{\"@type\":\"WebPage\",\"@id\":\"https:\/\/www.pressenza.com\/fr\/2017\/05\/banlieues-debout-construire-ponts-quartiers-populaires\/\",\"url\":\"https:\/\/www.pressenza.com\/fr\/2017\/05\/banlieues-debout-construire-ponts-quartiers-populaires\/\",\"name\":\"Banlieues Debout : construire des ponts avec les quartiers populaires\",\"isPartOf\":{\"@id\":\"https:\/\/www.pressenza.com\/fr\/#website\"},\"primaryImageOfPage\":{\"@id\":\"https:\/\/www.pressenza.com\/fr\/2017\/05\/banlieues-debout-construire-ponts-quartiers-populaires\/#primaryimage\"},\"image\":{\"@id\":\"https:\/\/www.pressenza.com\/fr\/2017\/05\/banlieues-debout-construire-ponts-quartiers-populaires\/#primaryimage\"},\"thumbnailUrl\":\"https:\/\/www.pressenza.com\/wp-content\/uploads\/2017\/05\/banlieues-debout-copie.jpg\",\"datePublished\":\"2017-05-13T20:19:31+00:00\",\"dateModified\":\"2017-05-13T20:24:38+00:00\",\"description\":\"Benjamin Sourice est un ancien journaliste, blogueur et acteur associatif de m\u00e9tier. Il a particip\u00e9 \u00e0 la pr\u00e9paration et \u00e0 l\u2019animation de Nuit Debout, \u00e0\",\"breadcrumb\":{\"@id\":\"https:\/\/www.pressenza.com\/fr\/2017\/05\/banlieues-debout-construire-ponts-quartiers-populaires\/#breadcrumb\"},\"inLanguage\":\"fr-FR\",\"potentialAction\":[{\"@type\":\"ReadAction\",\"target\":[\"https:\/\/www.pressenza.com\/fr\/2017\/05\/banlieues-debout-construire-ponts-quartiers-populaires\/\"]}]},{\"@type\":\"ImageObject\",\"inLanguage\":\"fr-FR\",\"@id\":\"https:\/\/www.pressenza.com\/fr\/2017\/05\/banlieues-debout-construire-ponts-quartiers-populaires\/#primaryimage\",\"url\":\"https:\/\/www.pressenza.com\/wp-content\/uploads\/2017\/05\/banlieues-debout-copie.jpg\",\"contentUrl\":\"https:\/\/www.pressenza.com\/wp-content\/uploads\/2017\/05\/banlieues-debout-copie.jpg\",\"width\":750,\"height\":450},{\"@type\":\"BreadcrumbList\",\"@id\":\"https:\/\/www.pressenza.com\/fr\/2017\/05\/banlieues-debout-construire-ponts-quartiers-populaires\/#breadcrumb\",\"itemListElement\":[{\"@type\":\"ListItem\",\"position\":1,\"name\":\"Accueil\",\"item\":\"https:\/\/www.pressenza.com\/fr\/\"},{\"@type\":\"ListItem\",\"position\":2,\"name\":\"Banlieues Debout : construire des ponts avec les quartiers populaires\"}]},{\"@type\":\"WebSite\",\"@id\":\"https:\/\/www.pressenza.com\/fr\/#website\",\"url\":\"https:\/\/www.pressenza.com\/fr\/\",\"name\":\"Pressenza\",\"description\":\"International Press Agency\",\"publisher\":{\"@id\":\"https:\/\/www.pressenza.com\/fr\/#organization\"},\"potentialAction\":[{\"@type\":\"SearchAction\",\"target\":{\"@type\":\"EntryPoint\",\"urlTemplate\":\"https:\/\/www.pressenza.com\/fr\/?s={search_term_string}\"},\"query-input\":{\"@type\":\"PropertyValueSpecification\",\"valueRequired\":true,\"valueName\":\"search_term_string\"}}],\"inLanguage\":\"fr-FR\"},{\"@type\":\"Organization\",\"@id\":\"https:\/\/www.pressenza.com\/fr\/#organization\",\"name\":\"Pressenza\",\"url\":\"https:\/\/www.pressenza.com\/fr\/\",\"logo\":{\"@type\":\"ImageObject\",\"inLanguage\":\"fr-FR\",\"@id\":\"https:\/\/www.pressenza.com\/fr\/#\/schema\/logo\/image\/\",\"url\":\"https:\/\/www.pressenza.com\/wp-content\/uploads\/2022\/10\/pressenza_logo_200x200.jpg\",\"contentUrl\":\"https:\/\/www.pressenza.com\/wp-content\/uploads\/2022\/10\/pressenza_logo_200x200.jpg\",\"width\":200,\"height\":200,\"caption\":\"Pressenza\"},\"image\":{\"@id\":\"https:\/\/www.pressenza.com\/fr\/#\/schema\/logo\/image\/\"},\"sameAs\":[\"https:\/\/www.facebook.com\/PressenzaItalia\",\"https:\/\/x.com\/PressenzaIPA\"]},{\"@type\":\"Person\",\"@id\":\"https:\/\/www.pressenza.com\/fr\/#\/schema\/person\/f17c45ed3e6fb77e555e1eb4a865b077\",\"name\":\"Gazette Debout\",\"description\":\"Journal ind\u00e9pendant de la Nuit Debout\",\"sameAs\":[\"https:\/\/gazettedebout.fr\/\",\"https:\/\/www.facebook.com\/Gazette-Debout-1770180706550588\/\",\"https:\/\/x.com\/GazetteDebout\"],\"url\":\"https:\/\/www.pressenza.com\/fr\/author\/gazette-debout\/\"}]}<\/script>\n<!-- \/ Yoast SEO plugin. -->","yoast_head_json":{"title":"Banlieues Debout : construire des ponts avec les quartiers populaires","description":"Benjamin Sourice est un ancien journaliste, blogueur et acteur associatif de m\u00e9tier. Il a particip\u00e9 \u00e0 la pr\u00e9paration et \u00e0 l\u2019animation de Nuit Debout, \u00e0","robots":{"index":"index","follow":"follow","max-snippet":"max-snippet:-1","max-image-preview":"max-image-preview:large","max-video-preview":"max-video-preview:-1"},"canonical":"https:\/\/www.pressenza.com\/fr\/2017\/05\/banlieues-debout-construire-ponts-quartiers-populaires\/","og_locale":"fr_FR","og_type":"article","og_title":"Banlieues Debout : construire des ponts avec les quartiers populaires","og_description":"Benjamin Sourice est un ancien journaliste, blogueur et acteur associatif de m\u00e9tier. Il a particip\u00e9 \u00e0 la pr\u00e9paration et \u00e0 l\u2019animation de Nuit Debout, \u00e0","og_url":"https:\/\/www.pressenza.com\/fr\/2017\/05\/banlieues-debout-construire-ponts-quartiers-populaires\/","og_site_name":"Pressenza","article_publisher":"https:\/\/www.facebook.com\/PressenzaItalia","article_author":"https:\/\/www.facebook.com\/Gazette-Debout-1770180706550588\/","article_published_time":"2017-05-13T20:19:31+00:00","article_modified_time":"2017-05-13T20:24:38+00:00","og_image":[{"width":750,"height":450,"url":"https:\/\/www.pressenza.com\/wp-content\/uploads\/2017\/05\/banlieues-debout-copie.jpg","type":"image\/jpeg"}],"author":"Gazette Debout","twitter_card":"summary_large_image","twitter_creator":"@GazetteDebout","twitter_site":"@PressenzaIPA","twitter_misc":{"\u00c9crit par":"Gazette Debout","Dur\u00e9e de lecture estim\u00e9e":"7 minutes"},"schema":{"@context":"https:\/\/schema.org","@graph":[{"@type":"Article","@id":"https:\/\/www.pressenza.com\/fr\/2017\/05\/banlieues-debout-construire-ponts-quartiers-populaires\/#article","isPartOf":{"@id":"https:\/\/www.pressenza.com\/fr\/2017\/05\/banlieues-debout-construire-ponts-quartiers-populaires\/"},"author":{"name":"Gazette Debout","@id":"https:\/\/www.pressenza.com\/fr\/#\/schema\/person\/f17c45ed3e6fb77e555e1eb4a865b077"},"headline":"Banlieues Debout : construire des ponts avec les quartiers populaires","datePublished":"2017-05-13T20:19:31+00:00","dateModified":"2017-05-13T20:24:38+00:00","mainEntityOfPage":{"@id":"https:\/\/www.pressenza.com\/fr\/2017\/05\/banlieues-debout-construire-ponts-quartiers-populaires\/"},"wordCount":1366,"publisher":{"@id":"https:\/\/www.pressenza.com\/fr\/#organization"},"image":{"@id":"https:\/\/www.pressenza.com\/fr\/2017\/05\/banlieues-debout-construire-ponts-quartiers-populaires\/#primaryimage"},"thumbnailUrl":"https:\/\/www.pressenza.com\/wp-content\/uploads\/2017\/05\/banlieues-debout-copie.jpg","keywords":["banlieue","Nuit Debout"],"articleSection":["Culture et M\u00e9dias","Europe","International"],"inLanguage":"fr-FR"},{"@type":"WebPage","@id":"https:\/\/www.pressenza.com\/fr\/2017\/05\/banlieues-debout-construire-ponts-quartiers-populaires\/","url":"https:\/\/www.pressenza.com\/fr\/2017\/05\/banlieues-debout-construire-ponts-quartiers-populaires\/","name":"Banlieues Debout : construire des ponts avec les quartiers populaires","isPartOf":{"@id":"https:\/\/www.pressenza.com\/fr\/#website"},"primaryImageOfPage":{"@id":"https:\/\/www.pressenza.com\/fr\/2017\/05\/banlieues-debout-construire-ponts-quartiers-populaires\/#primaryimage"},"image":{"@id":"https:\/\/www.pressenza.com\/fr\/2017\/05\/banlieues-debout-construire-ponts-quartiers-populaires\/#primaryimage"},"thumbnailUrl":"https:\/\/www.pressenza.com\/wp-content\/uploads\/2017\/05\/banlieues-debout-copie.jpg","datePublished":"2017-05-13T20:19:31+00:00","dateModified":"2017-05-13T20:24:38+00:00","description":"Benjamin Sourice est un ancien journaliste, blogueur et acteur associatif de m\u00e9tier. Il a particip\u00e9 \u00e0 la pr\u00e9paration et \u00e0 l\u2019animation de Nuit Debout, \u00e0","breadcrumb":{"@id":"https:\/\/www.pressenza.com\/fr\/2017\/05\/banlieues-debout-construire-ponts-quartiers-populaires\/#breadcrumb"},"inLanguage":"fr-FR","potentialAction":[{"@type":"ReadAction","target":["https:\/\/www.pressenza.com\/fr\/2017\/05\/banlieues-debout-construire-ponts-quartiers-populaires\/"]}]},{"@type":"ImageObject","inLanguage":"fr-FR","@id":"https:\/\/www.pressenza.com\/fr\/2017\/05\/banlieues-debout-construire-ponts-quartiers-populaires\/#primaryimage","url":"https:\/\/www.pressenza.com\/wp-content\/uploads\/2017\/05\/banlieues-debout-copie.jpg","contentUrl":"https:\/\/www.pressenza.com\/wp-content\/uploads\/2017\/05\/banlieues-debout-copie.jpg","width":750,"height":450},{"@type":"BreadcrumbList","@id":"https:\/\/www.pressenza.com\/fr\/2017\/05\/banlieues-debout-construire-ponts-quartiers-populaires\/#breadcrumb","itemListElement":[{"@type":"ListItem","position":1,"name":"Accueil","item":"https:\/\/www.pressenza.com\/fr\/"},{"@type":"ListItem","position":2,"name":"Banlieues Debout : construire des ponts avec les quartiers populaires"}]},{"@type":"WebSite","@id":"https:\/\/www.pressenza.com\/fr\/#website","url":"https:\/\/www.pressenza.com\/fr\/","name":"Pressenza","description":"International Press Agency","publisher":{"@id":"https:\/\/www.pressenza.com\/fr\/#organization"},"potentialAction":[{"@type":"SearchAction","target":{"@type":"EntryPoint","urlTemplate":"https:\/\/www.pressenza.com\/fr\/?s={search_term_string}"},"query-input":{"@type":"PropertyValueSpecification","valueRequired":true,"valueName":"search_term_string"}}],"inLanguage":"fr-FR"},{"@type":"Organization","@id":"https:\/\/www.pressenza.com\/fr\/#organization","name":"Pressenza","url":"https:\/\/www.pressenza.com\/fr\/","logo":{"@type":"ImageObject","inLanguage":"fr-FR","@id":"https:\/\/www.pressenza.com\/fr\/#\/schema\/logo\/image\/","url":"https:\/\/www.pressenza.com\/wp-content\/uploads\/2022\/10\/pressenza_logo_200x200.jpg","contentUrl":"https:\/\/www.pressenza.com\/wp-content\/uploads\/2022\/10\/pressenza_logo_200x200.jpg","width":200,"height":200,"caption":"Pressenza"},"image":{"@id":"https:\/\/www.pressenza.com\/fr\/#\/schema\/logo\/image\/"},"sameAs":["https:\/\/www.facebook.com\/PressenzaItalia","https:\/\/x.com\/PressenzaIPA"]},{"@type":"Person","@id":"https:\/\/www.pressenza.com\/fr\/#\/schema\/person\/f17c45ed3e6fb77e555e1eb4a865b077","name":"Gazette Debout","description":"Journal ind\u00e9pendant de la Nuit Debout","sameAs":["https:\/\/gazettedebout.fr\/","https:\/\/www.facebook.com\/Gazette-Debout-1770180706550588\/","https:\/\/x.com\/GazetteDebout"],"url":"https:\/\/www.pressenza.com\/fr\/author\/gazette-debout\/"}]}},"place":"","original_article_url":"https:\/\/gazettedebout.fr\/2017\/05\/10\/banlieues-debout-construire-ponts-quartiers-populaires\/?#","_links":{"self":[{"href":"https:\/\/www.pressenza.com\/fr\/wp-json\/wp\/v2\/posts\/463511","targetHints":{"allow":["GET"]}}],"collection":[{"href":"https:\/\/www.pressenza.com\/fr\/wp-json\/wp\/v2\/posts"}],"about":[{"href":"https:\/\/www.pressenza.com\/fr\/wp-json\/wp\/v2\/types\/post"}],"author":[{"embeddable":true,"href":"https:\/\/www.pressenza.com\/fr\/wp-json\/wp\/v2\/users\/1356"}],"replies":[{"embeddable":true,"href":"https:\/\/www.pressenza.com\/fr\/wp-json\/wp\/v2\/comments?post=463511"}],"version-history":[{"count":0,"href":"https:\/\/www.pressenza.com\/fr\/wp-json\/wp\/v2\/posts\/463511\/revisions"}],"wp:featuredmedia":[{"embeddable":true,"href":"https:\/\/www.pressenza.com\/fr\/wp-json\/wp\/v2\/media\/463524"}],"wp:attachment":[{"href":"https:\/\/www.pressenza.com\/fr\/wp-json\/wp\/v2\/media?parent=463511"}],"wp:term":[{"taxonomy":"category","embeddable":true,"href":"https:\/\/www.pressenza.com\/fr\/wp-json\/wp\/v2\/categories?post=463511"},{"taxonomy":"post_tag","embeddable":true,"href":"https:\/\/www.pressenza.com\/fr\/wp-json\/wp\/v2\/tags?post=463511"}],"curies":[{"name":"wp","href":"https:\/\/api.w.org\/{rel}","templated":true}]}}