{"id":462220,"date":"2017-05-08T13:09:04","date_gmt":"2017-05-08T12:09:04","guid":{"rendered":"https:\/\/www.pressenza.com\/?p=462220\/"},"modified":"2017-05-09T16:53:13","modified_gmt":"2017-05-09T15:53:13","slug":"france-elections-presidentielles-de-la-banque-a-lelysee-une-election-programmee","status":"publish","type":"post","link":"https:\/\/www.pressenza.com\/fr\/2017\/05\/france-elections-presidentielles-de-la-banque-a-lelysee-une-election-programmee\/","title":{"rendered":"France, \u00e9lections pr\u00e9sidentielles: de la banque \u00e0 l&rsquo;Elys\u00e9e, une \u00e9lection programm\u00e9e"},"content":{"rendered":"<p>La donne est claire ; la politique traditionnelle n&rsquo;est plus utile, obsol\u00e8te, en fin de vie, les femmes et les hommes qui la repr\u00e9sentent sont mis au placard. Apr\u00e8s l&rsquo;exp\u00e9rience en Gr\u00e8ce d&rsquo;un\u00a0coup d&rsquo;\u00e9tat \u00e9conomique orchestr\u00e9 par les banques et pilot\u00e9 par la Tro\u00efka (le FMI, la BCE et la Commission europ\u00e9enne), nous avons assist\u00e9 en direct \u00e0 l&rsquo;ascension de M.Macron.\u00a0<strong>Nouvelle strat\u00e9gie des puissances financi\u00e8res, l&rsquo;attaque ne viendra\u00a0plus de l&rsquo;ext\u00e9rieur mais directement de l&rsquo;int\u00e9rieur.\u00a0La France: un nouveau laboratoire pour l&rsquo;ultralib\u00e9ralisme.<\/strong><\/p>\n<p>M. Macron incarne\u00a0cette nouvelle strat\u00e9gie, de l&rsquo;inspection g\u00e9n\u00e9rale des finances (2004-2007) il se met en disponibilit\u00e9 de la fonction publique en 2008 pour devenir\u00a0banquier d&rsquo;affaires et associ\u00e9-g\u00e9rant chez Rothschild et Compagnie jusqu&rsquo;en 2012. Il r\u00e9int\u00e8gre la m\u00eame ann\u00e9e la fonction publique pour \u00eatre nomm\u00e9 secr\u00e9taire g\u00e9n\u00e9ral adjoint de l&rsquo;\u00c9lys\u00e9e en mai 2012, une\u00a0des plus hautes fonctions de l&rsquo;Etat. <strong>Au c\u0153ur du pouvoir, il est celui qui p\u00e8se\u00a0sur le choix de ne pas l\u00e9gif\u00e9rer sur les salaires des patrons pr\u00e9f\u00e9rant un code de bonne conduite qui n&rsquo;engage \u00e0 rien et n&rsquo;a aucun n&rsquo;int\u00e9r\u00eat.\u00a0Son r\u00f4le: prot\u00e9ger les int\u00e9r\u00eats des puissants.<\/strong><\/p>\n<p>Les 31 mai et 1 juin 2014 il est invit\u00e9 en tant que conseiller du Pr\u00e9sident de la R\u00e9publique Fran\u00e7aise, Fran\u00e7ois Hollande, \u00e0 la r\u00e9union du groupe Bilderberg, compos\u00e9 de personnalit\u00e9s politiques, de la diplomatie, des affaires, des finances et des m\u00e9dias venant principalement d\u2019Europe et des Etats-Unis ; \u00a0groupe opaque et d&rsquo;influence, il se r\u00e9unit une fois par an sans que\u00a0rien ne filtre de ce qui est dit ou fait. M.Macron\u00a0participe \u00e0 cette r\u00e9union en tant que repr\u00e9sentant de l&rsquo;Etat fran\u00e7ais, donc de fa\u00e7on officielle, mais pourtant\u00a0aucun compte-rendu n&rsquo;existe. Rien, silence radio. C&rsquo;est cela\u00a0la d\u00e9mocratie?<\/p>\n<p>Fin ao\u00fbt 2014, M.Macron est nomm\u00e9 ministre de l&rsquo;\u00c9conomie, de l&rsquo;Industrie et du Num\u00e9rique. Au conseil des ministres de d\u00e9cembre 2014\u00a0il pr\u00e9sente avec le\u00a0premier ministre M.Valls un\u00a0projet de loi pour la croissance, l&rsquo;activit\u00e9 et l&rsquo;\u00e9galit\u00e9 des chances \u00e9conomiques, aussi appel\u00e9 <a href=\"https:\/\/www.pressenza.com\/fr\/2015\/07\/loi-macron-et-facteur-humain\/\">\u00ab loi Macron \u00bb<\/a>. Peu apr\u00e8s, <strong>mi-janvier 2015, des experts envoy\u00e9s par la Commission europ\u00e9enne, donc par M. Juncker (Pr\u00e9sident de la Commission Europ\u00e9enne), sont venus \u00e9plucher les comptes de l\u2019\u00e9tat fran\u00e7ais. M. Juncker affirme : <em>\u00ab Je voudrais que l\u2019effort en mati\u00e8re de r\u00e9formes structurelles aille plus loin \u00bb<\/em> [1]. Qu&rsquo;\u00e0 cela ne tienne, tout \u00e9tait pr\u00eat et la France rentre dans le rang en f\u00e9vrier 2015 quand M. Valls (premier ministre) impose par le 49-3 la loi Macron \u00e0 l\u2019Assembl\u00e9e Nationale qui est adopt\u00e9e\u00a0d\u00e9finitivement en juillet.<\/strong><\/p>\n<p><strong>Une perc\u00e9e a \u00e9t\u00e9 faite, les puissances financi\u00e8res ont la main avec\u00a0pour unique objectif d\u2019acc\u00e9l\u00e9rer l\u2019ultralib\u00e9ralisme et satisfaire les march\u00e9s financiers.\u00a0Les partis politiques traditionnels sont en\u00a0d\u00e9liquescence.<\/strong>\u00a0Macron cr\u00e9e son mouvement \u00ab\u00a0En Marche!\u00a0\u00bb en avril 2016 puis d\u00e9missionne en ao\u00fbt de son poste de ministre de l&rsquo;\u00e9conomie, annonce sa candidature en novembre et publie un livre <em>\u00ab\u00a0R\u00e9volution\u00a0\u00bb.<\/em>\u00a0<strong>M.Macron va vite, tr\u00e8s vite, la voie est ouverte pour les pr\u00e9sidentielles.<\/strong> <strong>Tout converge, des politiques\u00a0de tout bord rallient sa cause pour le\u00a0porter vers la fonction pr\u00e9sidentielle et des m\u00e9dias traditionnels en font la coqueluche de leurs unes, \u00e0 tel point, qu&rsquo;apr\u00e8s le premier tour, tout est d\u00e9j\u00e0 jou\u00e9.<\/strong> Et le Front National dans tout \u00e7a? Il continue d&rsquo;\u00eatre utile pour un jeu \u00e0 deux, les nouveaux visages ou les nouveaux partis se c\u00e9deront\u00a0le \u00ab\u00a0pouvoir\u00a0\u00bb, c&rsquo;est-\u00e0-dire leur gagne-pain, au d\u00e9triment de l&rsquo;humain. Le futur, ils s&rsquo;en moquent. Les cartes vont se redistribuer mais le sch\u00e9ma restera le m\u00eame. Et la France Insoumise? Nous verrons bien si elle r\u00e9ussit \u00e0 confirmer cet espoir qu&rsquo;elle a repr\u00e9sent\u00e9 sans se perdre dans les filets de la politique politicienne.\u00a0Va-t-elle choisir d&rsquo;\u00eatre celle qui travaille sur le fond, qui pousse\u00a0les gens \u00e0 r\u00e9fl\u00e9chir, \u00e0 se questionner sur leur choix ou jouer la carte du court terme, c&rsquo;est-\u00e0-dire des \u00e9lu-e-s avant tout. La campagne des l\u00e9gislatives\u00a0sera peut-\u00eatre\u00a0un indicateur.<\/p>\n<p><strong>Comme l&rsquo;a dit M.Macron, les r\u00e9formes de l&rsquo;\u00e9t\u00e9 se feront par ordonnance, c&rsquo;est-\u00e0-dire sans vote au parlement. Pensons comme\u00a0eux\u00a0deux minutes. Quel est le plus grand probl\u00e8me du lib\u00e9ralisme? R\u00e9ponse: le facteur humain.<\/strong> Les salari\u00e9-e-s sont le maillon faible de la cha\u00eene du profit, coupables d\u2019emp\u00eacher les actionnaires, les financiers de gagner encore plus d\u2019argent. Le salari\u00e9 et le pauvre co\u00fbtent trop d\u2019argent, cet argent qui de droit (selon eux) leur revient. La r\u00e8gle d\u2019or : plus pour eux et moins pour tous les autres. Les salari\u00e9-e-s et les pauvres sont des emp\u00eacheurs de tourner en rond.<\/p>\n<p><strong>Il n&rsquo;y a pas de\u00a0complot dans tout cela mais une strat\u00e9gie perverse et pragmatique des puissances financi\u00e8res pour construire un organigramme mondial o\u00f9 le seul d\u00e9cideur sera la finance. Un d\u00e9cideur sans interm\u00e9diaire, sans les politiques ; les Etats seront sous tutelles ou leurs chefs, des banquiers.<\/strong> Le parcours de M.Macron pour arriver au sommet en est l&rsquo;exemple, tout s&rsquo;imbrique, tout est li\u00e9, politique-finance-m\u00e9dias. Le tour de force est de faire croire aux gens qu&rsquo;ils ont le choix alors qu&rsquo;il n&rsquo;en est rien.<\/p>\n<p><strong>Le message\u00a0est clair, le Ma\u00eetre c&rsquo;est la finance et la finance n&rsquo;a\u00a0plus besoin de politiques poussi\u00e9reux, elle devient\u00a0l&rsquo;Etat ; le monstre a la grosse t\u00eate. Ce dimanche 7 mai 2017, la France a comme nouveau Pr\u00e9sident les puissances financi\u00e8res et va \u00eatre le test d&rsquo;un\u00a0ultralib\u00e9ralisme d\u00e9brid\u00e9. \u00a0A qui le tour?<\/strong><\/p>\n<p>&nbsp;<\/p>\n<p><strong>Notes<\/strong><\/p>\n<p>[1] \u00a0Le Monde Diplomatique. Article du 4 avril 2015\u00a0; Pour amadouer Bruxelles. Loi Macron, le choix du \u00ab\u00a0toujours moins\u00a0\u00bb.<\/p>\n","protected":false},"excerpt":{"rendered":"<p>La donne est claire ; la politique traditionnelle n&rsquo;est plus utile, obsol\u00e8te, en fin de vie, les femmes et les hommes qui la repr\u00e9sentent sont mis au placard. Apr\u00e8s l&rsquo;exp\u00e9rience en Gr\u00e8ce d&rsquo;un\u00a0coup d&rsquo;\u00e9tat \u00e9conomique orchestr\u00e9 par les banques et&hellip;<\/p>\n","protected":false},"author":1208,"featured_media":462325,"comment_status":"closed","ping_status":"closed","sticky":false,"template":"","format":"standard","meta":{"footnotes":""},"categories":[11386,85,163,93],"tags":[36644,37212],"class_list":["post-462220","post","type-post","status-publish","format-standard","has-post-thumbnail","hentry","category-contenu-original","category-europe-fr","category-opinion-fr","category-politique","tag-emmanuel-macron","tag-france-presidentielles-2017"],"yoast_head":"<!-- This site is optimized with the Yoast SEO plugin v27.1.1 - https:\/\/yoast.com\/product\/yoast-seo-wordpress\/ -->\n<title>France, \u00e9lections pr\u00e9sidentielles: de la banque \u00e0 l&#039;Elys\u00e9e, une \u00e9lection programm\u00e9e<\/title>\n<meta name=\"description\" content=\"La donne est claire ; la politique traditionnelle n&#039;est plus utile, obsol\u00e8te, en fin de vie, les femmes et les hommes qui la repr\u00e9sentent sont mis au\" \/>\n<meta name=\"robots\" content=\"index, follow, max-snippet:-1, max-image-preview:large, max-video-preview:-1\" \/>\n<link rel=\"canonical\" href=\"https:\/\/www.pressenza.com\/fr\/2017\/05\/france-elections-presidentielles-de-la-banque-a-lelysee-une-election-programmee\/\" \/>\n<meta property=\"og:locale\" content=\"fr_FR\" \/>\n<meta property=\"og:type\" content=\"article\" \/>\n<meta property=\"og:title\" content=\"France, \u00e9lections pr\u00e9sidentielles: de la banque \u00e0 l&#039;Elys\u00e9e, une \u00e9lection programm\u00e9e\" \/>\n<meta property=\"og:description\" content=\"La donne est claire ; la politique traditionnelle n&#039;est plus utile, obsol\u00e8te, en fin de vie, les femmes et les hommes qui la repr\u00e9sentent sont mis au\" \/>\n<meta property=\"og:url\" content=\"https:\/\/www.pressenza.com\/fr\/2017\/05\/france-elections-presidentielles-de-la-banque-a-lelysee-une-election-programmee\/\" \/>\n<meta property=\"og:site_name\" content=\"Pressenza\" \/>\n<meta property=\"article:publisher\" content=\"https:\/\/www.facebook.com\/PressenzaItalia\" \/>\n<meta property=\"article:published_time\" content=\"2017-05-08T12:09:04+00:00\" \/>\n<meta property=\"article:modified_time\" content=\"2017-05-09T15:53:13+00:00\" \/>\n<meta property=\"og:image\" content=\"https:\/\/www.pressenza.com\/wp-content\/uploads\/2017\/05\/Democracia.jpeg\" \/>\n\t<meta property=\"og:image:width\" content=\"1024\" \/>\n\t<meta property=\"og:image:height\" content=\"712\" \/>\n\t<meta property=\"og:image:type\" content=\"image\/jpeg\" \/>\n<meta name=\"author\" content=\"Gabrielle Negrel\" \/>\n<meta name=\"twitter:card\" content=\"summary_large_image\" \/>\n<meta name=\"twitter:creator\" content=\"@PressenzaIPA\" \/>\n<meta name=\"twitter:site\" content=\"@PressenzaIPA\" \/>\n<meta name=\"twitter:label1\" content=\"\u00c9crit par\" \/>\n\t<meta name=\"twitter:data1\" content=\"Gabrielle Negrel\" \/>\n\t<meta name=\"twitter:label2\" content=\"Dur\u00e9e de lecture estim\u00e9e\" \/>\n\t<meta name=\"twitter:data2\" content=\"5 minutes\" \/>\n<script type=\"application\/ld+json\" class=\"yoast-schema-graph\">{\"@context\":\"https:\/\/schema.org\",\"@graph\":[{\"@type\":\"Article\",\"@id\":\"https:\/\/www.pressenza.com\/fr\/2017\/05\/france-elections-presidentielles-de-la-banque-a-lelysee-une-election-programmee\/#article\",\"isPartOf\":{\"@id\":\"https:\/\/www.pressenza.com\/fr\/2017\/05\/france-elections-presidentielles-de-la-banque-a-lelysee-une-election-programmee\/\"},\"author\":{\"name\":\"Gabrielle Negrel\",\"@id\":\"https:\/\/www.pressenza.com\/fr\/#\/schema\/person\/42a4129444c0e03559f6c139cf72f8cf\"},\"headline\":\"France, \u00e9lections pr\u00e9sidentielles: de la banque \u00e0 l&rsquo;Elys\u00e9e, une \u00e9lection programm\u00e9e\",\"datePublished\":\"2017-05-08T12:09:04+00:00\",\"dateModified\":\"2017-05-09T15:53:13+00:00\",\"mainEntityOfPage\":{\"@id\":\"https:\/\/www.pressenza.com\/fr\/2017\/05\/france-elections-presidentielles-de-la-banque-a-lelysee-une-election-programmee\/\"},\"wordCount\":1066,\"publisher\":{\"@id\":\"https:\/\/www.pressenza.com\/fr\/#organization\"},\"image\":{\"@id\":\"https:\/\/www.pressenza.com\/fr\/2017\/05\/france-elections-presidentielles-de-la-banque-a-lelysee-une-election-programmee\/#primaryimage\"},\"thumbnailUrl\":\"https:\/\/www.pressenza.com\/wp-content\/uploads\/2017\/05\/Democracia.jpeg\",\"keywords\":[\"Emmanuel Macron\",\"France pr\u00e9sidentielles 2017\"],\"articleSection\":[\"Contenu Original\",\"Europe\",\"Opinion\",\"Politique\"],\"inLanguage\":\"fr-FR\"},{\"@type\":\"WebPage\",\"@id\":\"https:\/\/www.pressenza.com\/fr\/2017\/05\/france-elections-presidentielles-de-la-banque-a-lelysee-une-election-programmee\/\",\"url\":\"https:\/\/www.pressenza.com\/fr\/2017\/05\/france-elections-presidentielles-de-la-banque-a-lelysee-une-election-programmee\/\",\"name\":\"France, \u00e9lections pr\u00e9sidentielles: de la banque \u00e0 l'Elys\u00e9e, une \u00e9lection programm\u00e9e\",\"isPartOf\":{\"@id\":\"https:\/\/www.pressenza.com\/fr\/#website\"},\"primaryImageOfPage\":{\"@id\":\"https:\/\/www.pressenza.com\/fr\/2017\/05\/france-elections-presidentielles-de-la-banque-a-lelysee-une-election-programmee\/#primaryimage\"},\"image\":{\"@id\":\"https:\/\/www.pressenza.com\/fr\/2017\/05\/france-elections-presidentielles-de-la-banque-a-lelysee-une-election-programmee\/#primaryimage\"},\"thumbnailUrl\":\"https:\/\/www.pressenza.com\/wp-content\/uploads\/2017\/05\/Democracia.jpeg\",\"datePublished\":\"2017-05-08T12:09:04+00:00\",\"dateModified\":\"2017-05-09T15:53:13+00:00\",\"description\":\"La donne est claire ; la politique traditionnelle n'est plus utile, obsol\u00e8te, en fin de vie, les femmes et les hommes qui la repr\u00e9sentent sont mis au\",\"breadcrumb\":{\"@id\":\"https:\/\/www.pressenza.com\/fr\/2017\/05\/france-elections-presidentielles-de-la-banque-a-lelysee-une-election-programmee\/#breadcrumb\"},\"inLanguage\":\"fr-FR\",\"potentialAction\":[{\"@type\":\"ReadAction\",\"target\":[\"https:\/\/www.pressenza.com\/fr\/2017\/05\/france-elections-presidentielles-de-la-banque-a-lelysee-une-election-programmee\/\"]}]},{\"@type\":\"ImageObject\",\"inLanguage\":\"fr-FR\",\"@id\":\"https:\/\/www.pressenza.com\/fr\/2017\/05\/france-elections-presidentielles-de-la-banque-a-lelysee-une-election-programmee\/#primaryimage\",\"url\":\"https:\/\/www.pressenza.com\/wp-content\/uploads\/2017\/05\/Democracia.jpeg\",\"contentUrl\":\"https:\/\/www.pressenza.com\/wp-content\/uploads\/2017\/05\/Democracia.jpeg\",\"width\":1024,\"height\":712},{\"@type\":\"BreadcrumbList\",\"@id\":\"https:\/\/www.pressenza.com\/fr\/2017\/05\/france-elections-presidentielles-de-la-banque-a-lelysee-une-election-programmee\/#breadcrumb\",\"itemListElement\":[{\"@type\":\"ListItem\",\"position\":1,\"name\":\"Accueil\",\"item\":\"https:\/\/www.pressenza.com\/fr\/\"},{\"@type\":\"ListItem\",\"position\":2,\"name\":\"France, \u00e9lections pr\u00e9sidentielles: de la banque \u00e0 l&rsquo;Elys\u00e9e, une \u00e9lection programm\u00e9e\"}]},{\"@type\":\"WebSite\",\"@id\":\"https:\/\/www.pressenza.com\/fr\/#website\",\"url\":\"https:\/\/www.pressenza.com\/fr\/\",\"name\":\"Pressenza\",\"description\":\"International Press Agency\",\"publisher\":{\"@id\":\"https:\/\/www.pressenza.com\/fr\/#organization\"},\"potentialAction\":[{\"@type\":\"SearchAction\",\"target\":{\"@type\":\"EntryPoint\",\"urlTemplate\":\"https:\/\/www.pressenza.com\/fr\/?s={search_term_string}\"},\"query-input\":{\"@type\":\"PropertyValueSpecification\",\"valueRequired\":true,\"valueName\":\"search_term_string\"}}],\"inLanguage\":\"fr-FR\"},{\"@type\":\"Organization\",\"@id\":\"https:\/\/www.pressenza.com\/fr\/#organization\",\"name\":\"Pressenza\",\"url\":\"https:\/\/www.pressenza.com\/fr\/\",\"logo\":{\"@type\":\"ImageObject\",\"inLanguage\":\"fr-FR\",\"@id\":\"https:\/\/www.pressenza.com\/fr\/#\/schema\/logo\/image\/\",\"url\":\"https:\/\/www.pressenza.com\/wp-content\/uploads\/2022\/10\/pressenza_logo_200x200.jpg\",\"contentUrl\":\"https:\/\/www.pressenza.com\/wp-content\/uploads\/2022\/10\/pressenza_logo_200x200.jpg\",\"width\":200,\"height\":200,\"caption\":\"Pressenza\"},\"image\":{\"@id\":\"https:\/\/www.pressenza.com\/fr\/#\/schema\/logo\/image\/\"},\"sameAs\":[\"https:\/\/www.facebook.com\/PressenzaItalia\",\"https:\/\/x.com\/PressenzaIPA\"]},{\"@type\":\"Person\",\"@id\":\"https:\/\/www.pressenza.com\/fr\/#\/schema\/person\/42a4129444c0e03559f6c139cf72f8cf\",\"name\":\"Gabrielle Negrel\",\"description\":\"Activist for nonviolence and human rights, Gabrielle Negrel is a trained assistant nurse and was trade union activist before writing for Pressenza.\",\"url\":\"https:\/\/www.pressenza.com\/fr\/author\/gabrielle-negrel\/\"}]}<\/script>\n<!-- \/ Yoast SEO plugin. -->","yoast_head_json":{"title":"France, \u00e9lections pr\u00e9sidentielles: de la banque \u00e0 l'Elys\u00e9e, une \u00e9lection programm\u00e9e","description":"La donne est claire ; la politique traditionnelle n'est plus utile, obsol\u00e8te, en fin de vie, les femmes et les hommes qui la repr\u00e9sentent sont mis au","robots":{"index":"index","follow":"follow","max-snippet":"max-snippet:-1","max-image-preview":"max-image-preview:large","max-video-preview":"max-video-preview:-1"},"canonical":"https:\/\/www.pressenza.com\/fr\/2017\/05\/france-elections-presidentielles-de-la-banque-a-lelysee-une-election-programmee\/","og_locale":"fr_FR","og_type":"article","og_title":"France, \u00e9lections pr\u00e9sidentielles: de la banque \u00e0 l'Elys\u00e9e, une \u00e9lection programm\u00e9e","og_description":"La donne est claire ; la politique traditionnelle n'est plus utile, obsol\u00e8te, en fin de vie, les femmes et les hommes qui la repr\u00e9sentent sont mis au","og_url":"https:\/\/www.pressenza.com\/fr\/2017\/05\/france-elections-presidentielles-de-la-banque-a-lelysee-une-election-programmee\/","og_site_name":"Pressenza","article_publisher":"https:\/\/www.facebook.com\/PressenzaItalia","article_published_time":"2017-05-08T12:09:04+00:00","article_modified_time":"2017-05-09T15:53:13+00:00","og_image":[{"width":1024,"height":712,"url":"https:\/\/www.pressenza.com\/wp-content\/uploads\/2017\/05\/Democracia.jpeg","type":"image\/jpeg"}],"author":"Gabrielle Negrel","twitter_card":"summary_large_image","twitter_creator":"@PressenzaIPA","twitter_site":"@PressenzaIPA","twitter_misc":{"\u00c9crit par":"Gabrielle Negrel","Dur\u00e9e de lecture estim\u00e9e":"5 minutes"},"schema":{"@context":"https:\/\/schema.org","@graph":[{"@type":"Article","@id":"https:\/\/www.pressenza.com\/fr\/2017\/05\/france-elections-presidentielles-de-la-banque-a-lelysee-une-election-programmee\/#article","isPartOf":{"@id":"https:\/\/www.pressenza.com\/fr\/2017\/05\/france-elections-presidentielles-de-la-banque-a-lelysee-une-election-programmee\/"},"author":{"name":"Gabrielle Negrel","@id":"https:\/\/www.pressenza.com\/fr\/#\/schema\/person\/42a4129444c0e03559f6c139cf72f8cf"},"headline":"France, \u00e9lections pr\u00e9sidentielles: de la banque \u00e0 l&rsquo;Elys\u00e9e, une \u00e9lection programm\u00e9e","datePublished":"2017-05-08T12:09:04+00:00","dateModified":"2017-05-09T15:53:13+00:00","mainEntityOfPage":{"@id":"https:\/\/www.pressenza.com\/fr\/2017\/05\/france-elections-presidentielles-de-la-banque-a-lelysee-une-election-programmee\/"},"wordCount":1066,"publisher":{"@id":"https:\/\/www.pressenza.com\/fr\/#organization"},"image":{"@id":"https:\/\/www.pressenza.com\/fr\/2017\/05\/france-elections-presidentielles-de-la-banque-a-lelysee-une-election-programmee\/#primaryimage"},"thumbnailUrl":"https:\/\/www.pressenza.com\/wp-content\/uploads\/2017\/05\/Democracia.jpeg","keywords":["Emmanuel Macron","France pr\u00e9sidentielles 2017"],"articleSection":["Contenu Original","Europe","Opinion","Politique"],"inLanguage":"fr-FR"},{"@type":"WebPage","@id":"https:\/\/www.pressenza.com\/fr\/2017\/05\/france-elections-presidentielles-de-la-banque-a-lelysee-une-election-programmee\/","url":"https:\/\/www.pressenza.com\/fr\/2017\/05\/france-elections-presidentielles-de-la-banque-a-lelysee-une-election-programmee\/","name":"France, \u00e9lections pr\u00e9sidentielles: de la banque \u00e0 l'Elys\u00e9e, une \u00e9lection programm\u00e9e","isPartOf":{"@id":"https:\/\/www.pressenza.com\/fr\/#website"},"primaryImageOfPage":{"@id":"https:\/\/www.pressenza.com\/fr\/2017\/05\/france-elections-presidentielles-de-la-banque-a-lelysee-une-election-programmee\/#primaryimage"},"image":{"@id":"https:\/\/www.pressenza.com\/fr\/2017\/05\/france-elections-presidentielles-de-la-banque-a-lelysee-une-election-programmee\/#primaryimage"},"thumbnailUrl":"https:\/\/www.pressenza.com\/wp-content\/uploads\/2017\/05\/Democracia.jpeg","datePublished":"2017-05-08T12:09:04+00:00","dateModified":"2017-05-09T15:53:13+00:00","description":"La donne est claire ; la politique traditionnelle n'est plus utile, obsol\u00e8te, en fin de vie, les femmes et les hommes qui la repr\u00e9sentent sont mis au","breadcrumb":{"@id":"https:\/\/www.pressenza.com\/fr\/2017\/05\/france-elections-presidentielles-de-la-banque-a-lelysee-une-election-programmee\/#breadcrumb"},"inLanguage":"fr-FR","potentialAction":[{"@type":"ReadAction","target":["https:\/\/www.pressenza.com\/fr\/2017\/05\/france-elections-presidentielles-de-la-banque-a-lelysee-une-election-programmee\/"]}]},{"@type":"ImageObject","inLanguage":"fr-FR","@id":"https:\/\/www.pressenza.com\/fr\/2017\/05\/france-elections-presidentielles-de-la-banque-a-lelysee-une-election-programmee\/#primaryimage","url":"https:\/\/www.pressenza.com\/wp-content\/uploads\/2017\/05\/Democracia.jpeg","contentUrl":"https:\/\/www.pressenza.com\/wp-content\/uploads\/2017\/05\/Democracia.jpeg","width":1024,"height":712},{"@type":"BreadcrumbList","@id":"https:\/\/www.pressenza.com\/fr\/2017\/05\/france-elections-presidentielles-de-la-banque-a-lelysee-une-election-programmee\/#breadcrumb","itemListElement":[{"@type":"ListItem","position":1,"name":"Accueil","item":"https:\/\/www.pressenza.com\/fr\/"},{"@type":"ListItem","position":2,"name":"France, \u00e9lections pr\u00e9sidentielles: de la banque \u00e0 l&rsquo;Elys\u00e9e, une \u00e9lection programm\u00e9e"}]},{"@type":"WebSite","@id":"https:\/\/www.pressenza.com\/fr\/#website","url":"https:\/\/www.pressenza.com\/fr\/","name":"Pressenza","description":"International Press Agency","publisher":{"@id":"https:\/\/www.pressenza.com\/fr\/#organization"},"potentialAction":[{"@type":"SearchAction","target":{"@type":"EntryPoint","urlTemplate":"https:\/\/www.pressenza.com\/fr\/?s={search_term_string}"},"query-input":{"@type":"PropertyValueSpecification","valueRequired":true,"valueName":"search_term_string"}}],"inLanguage":"fr-FR"},{"@type":"Organization","@id":"https:\/\/www.pressenza.com\/fr\/#organization","name":"Pressenza","url":"https:\/\/www.pressenza.com\/fr\/","logo":{"@type":"ImageObject","inLanguage":"fr-FR","@id":"https:\/\/www.pressenza.com\/fr\/#\/schema\/logo\/image\/","url":"https:\/\/www.pressenza.com\/wp-content\/uploads\/2022\/10\/pressenza_logo_200x200.jpg","contentUrl":"https:\/\/www.pressenza.com\/wp-content\/uploads\/2022\/10\/pressenza_logo_200x200.jpg","width":200,"height":200,"caption":"Pressenza"},"image":{"@id":"https:\/\/www.pressenza.com\/fr\/#\/schema\/logo\/image\/"},"sameAs":["https:\/\/www.facebook.com\/PressenzaItalia","https:\/\/x.com\/PressenzaIPA"]},{"@type":"Person","@id":"https:\/\/www.pressenza.com\/fr\/#\/schema\/person\/42a4129444c0e03559f6c139cf72f8cf","name":"Gabrielle Negrel","description":"Activist for nonviolence and human rights, Gabrielle Negrel is a trained assistant nurse and was trade union activist before writing for Pressenza.","url":"https:\/\/www.pressenza.com\/fr\/author\/gabrielle-negrel\/"}]}},"place":"","original_article_url":"","_links":{"self":[{"href":"https:\/\/www.pressenza.com\/fr\/wp-json\/wp\/v2\/posts\/462220","targetHints":{"allow":["GET"]}}],"collection":[{"href":"https:\/\/www.pressenza.com\/fr\/wp-json\/wp\/v2\/posts"}],"about":[{"href":"https:\/\/www.pressenza.com\/fr\/wp-json\/wp\/v2\/types\/post"}],"author":[{"embeddable":true,"href":"https:\/\/www.pressenza.com\/fr\/wp-json\/wp\/v2\/users\/1208"}],"replies":[{"embeddable":true,"href":"https:\/\/www.pressenza.com\/fr\/wp-json\/wp\/v2\/comments?post=462220"}],"version-history":[{"count":0,"href":"https:\/\/www.pressenza.com\/fr\/wp-json\/wp\/v2\/posts\/462220\/revisions"}],"wp:featuredmedia":[{"embeddable":true,"href":"https:\/\/www.pressenza.com\/fr\/wp-json\/wp\/v2\/media\/462325"}],"wp:attachment":[{"href":"https:\/\/www.pressenza.com\/fr\/wp-json\/wp\/v2\/media?parent=462220"}],"wp:term":[{"taxonomy":"category","embeddable":true,"href":"https:\/\/www.pressenza.com\/fr\/wp-json\/wp\/v2\/categories?post=462220"},{"taxonomy":"post_tag","embeddable":true,"href":"https:\/\/www.pressenza.com\/fr\/wp-json\/wp\/v2\/tags?post=462220"}],"curies":[{"name":"wp","href":"https:\/\/api.w.org\/{rel}","templated":true}]}}