{"id":455167,"date":"2017-04-19T00:04:19","date_gmt":"2017-04-18T23:04:19","guid":{"rendered":"https:\/\/www.pressenza.com\/?p=455167\/"},"modified":"2017-04-20T14:32:11","modified_gmt":"2017-04-20T13:32:11","slug":"lavenir-commun-de-france-insoumise-vers-nation-humaine-universelle","status":"publish","type":"post","link":"https:\/\/www.pressenza.com\/fr\/2017\/04\/lavenir-commun-de-france-insoumise-vers-nation-humaine-universelle\/","title":{"rendered":"\u00ab\u00a0L\u2019Avenir en commun\u00a0\u00bb de la \u00ab\u00a0France Insoumise\u00a0\u00bb\u00a0: un pas vers la Nation Humaine Universelle\u00a0?"},"content":{"rendered":"<p><span style=\"color: #000000;\"><strong>Par Claudie Baudoin<\/strong><\/span><\/p>\n<p>&nbsp;<\/p>\n<p><span style=\"color: #000000;\"><em>Il ne s\u2019agit pas d\u2019un homme\u00a0; il s\u2019agit d\u2019un peuple.<\/em><\/span><\/p>\n<p><span style=\"color: #000000;\"><em>Il ne s\u2019agit pas du cri de col\u00e8re de quelques-uns\u00a0; il s\u2019agit de la clameur d\u2019un peuple.<\/em><\/span><\/p>\n<p><span style=\"color: #000000;\"><em>Il ne s\u2019agit pas d\u2019un parti\u00a0; il s\u2019agit d\u2019un mouvement citoyen.<\/em><\/span><\/p>\n<p><span style=\"color: #000000;\"><em>Il ne s\u2019agit pas d\u2019un programme politique\u00a0; il s\u2019agit d\u2019un projet de soci\u00e9t\u00e9.<\/em><\/span><\/p>\n<p><span style=\"color: #000000;\"><em>\u00a0<\/em><\/span><\/p>\n<p><span style=\"color: #000000;\"><em>Il ne s\u2019agit pas d\u2019un surgissement ponctuel\u00a0; il s\u2019agit d\u2019un processus.<\/em><\/span><\/p>\n<p><span style=\"color: #000000;\"><em>Il ne s\u2019agit pas d\u2019un coup de pub\u00a0; il s\u2019agit d\u2019une grande vague de l\u2019histoire.<\/em><\/span><\/p>\n<p><span style=\"color: #000000;\"><em>Il ne s\u2019agit pas de vision parcellaire\u00a0; il s\u2019agit de vision globale.<\/em><\/span><\/p>\n<p><span style=\"color: #000000;\"><em>Il ne s\u2019agit pas d\u2019une r\u00eaverie\u00a0; il s\u2019agit d\u2019un travail \u00e0 effectuer.<\/em><\/span><\/p>\n<p><span style=\"color: #000000;\"><em>\u00a0<\/em><\/span><\/p>\n<p><span style=\"color: #000000;\"><em>Il ne s\u2019agit pas de ponctuel\u00a0; il s\u2019agit de long terme.<\/em><\/span><\/p>\n<p><span style=\"color: #000000;\"><em>Il ne s\u2019agit de pas d\u2019efficience\u00a0; il s\u2019agit d\u2019intelligence.<\/em><\/span><\/p>\n<p><span style=\"color: #000000;\"><em>Il ne s\u2019agit pas de calculs\u00a0; il s\u2019agit de bienveillance.<\/em><\/span><\/p>\n<p><span style=\"color: #000000;\"><em>Il ne s\u2019agit pas de l\u2019ultralib\u00e9ralisme\u00a0; il s\u2019agit ENFIN de l\u2019humain.<\/em><\/span><\/p>\n<p>&nbsp;<\/p>\n<p><span style=\"color: #000000;\">Tandis que la campagne \u00e9lectorale pour la pr\u00e9sidence de la R\u00e9publique bat son plein en France et touche \u00e0 sa fin quant au premier tour, les m\u00e9dias (dont 90 % sont \u00e0 la solde du pouvoir militaro-industriel) se d\u00e9cha\u00eenent et s\u2019enlisent dans des analyses superficielles et scabreuses, ont recours aux pol\u00e9miques et aux plus grossiers artifices. Peut-\u00eatre croit-on ainsi passer sous silence le ph\u00e9nom\u00e8ne qui est en train de prendre forme organis\u00e9e\u00a0?<\/span><\/p>\n<p><span style=\"color: #000000;\">La <em>France Insoumise<\/em>, F.I. ou Phi, symbole adopt\u00e9 pour repr\u00e9senter d\u2019une part la sagesse, d\u2019autre part le nombre d\u2019or, garant de l\u2019harmonie, rassemble de mani\u00e8re exponentielle. Lors du dernier meeting \u00e0 Toulouse de son porte-parole, et donc candidat \u00e0 la Pr\u00e9sidence, Jean-Luc M\u00e9lenchon, 70.000 personnes \u00e9taient pr\u00e9sentes, et 40.000 personnes suivaient l\u2019\u00e9v\u00e9nement sur Youtube. Cet homme a eu l\u2019intelligence d\u2019\u00e9couter les gens autour de lui, de consid\u00e9rer tous les acteurs de la soci\u00e9t\u00e9 comme les siens et de comprendre que le futur appartient \u00e0 la g\u00e9n\u00e9ration montante. Ainsi autour de lui convergent les repr\u00e9sentants des plus fines comp\u00e9tences dans tous les domaines de l\u2019activit\u00e9 humaine (qui ont mis leur exp\u00e9rience au service de la construction et r\u00e9daction du programme) et les plus audacieux des jeunes techniciens qui d\u00e9versent les \u00e9l\u00e9ments du programme sur les r\u00e9seaux sociaux et dans les m\u00e9dias parall\u00e8les et insoumis de l\u2019internet. Il s\u2019est ainsi rendu ind\u00e9pendant de la grande com\u00e9die m\u00e9diatique qui pourtant ne l\u2019\u00e9pargne pas. Comme il augmente dans les sondages et rassemble toujours plus de gens, non seulement d\u2019assistants \u00e0 ces meetings, rencontres sociales \u00e9normes, d\u00e9bats, mais aussi de militants de tous \u00e2ges, de tous types, tous \u00e9tant invit\u00e9s \u00e0 \u00e9tudier le programme, \u00e0 r\u00e9fl\u00e9chir, \u00e0 voter \u00ab\u00a0pour\u00a0\u00bb et non \u00ab\u00a0contre\u00a0\u00bb, la peur gagne les d\u00e9tenteurs du pouvoir \u00e9conomique et politique, en place ou pas. Et la strat\u00e9gie consiste donc \u00e0 faire croire \u00e0 son sujet qu\u2019il s\u2019agit d\u2019un dangereux.<\/span><\/p>\n<p><img loading=\"lazy\" decoding=\"async\" class=\"alignnone size-medium\" src=\"https:\/\/www.pressenza.com\/wp-content\/uploads\/2017\/04\/---L---Avenir-en-commun----de-la----France-Insoumise----un-pas-vers-la-Nation-Humaine-Universelle-2.jpg\" width=\"750\" height=\"503\" \/><\/p>\n<p><em>Meeting \u00e0 Toulouse <\/em><\/p>\n<p><span style=\"color: #000000;\">En fait, on ne saurait mieux dire. Mais il faudrait pr\u00e9ciser <em>qui<\/em> (ou <em>quoi<\/em>) est dangereux et pour <em>qui<\/em>. Ce n\u2019est pas l\u2019homme qui est dangereux mais le fait qu\u2019il est le porte-parole d\u2019une multitude. Et cette foule, qui d\u00e9sormais le suit, n\u2019a rien d\u2019une foule embrigad\u00e9e. On y trouve une incroyable force de propositions, une ing\u00e9niosit\u00e9 sans fin, une capacit\u00e9 de travail extraordinaire, un creuset de r\u00e9flexions, une avidit\u00e9 \u00e0 apprendre et savoir. Mais plus int\u00e9ressant encore, on y entend l\u2019\u00e9cho mille fois r\u00e9percut\u00e9 de la volont\u00e9 de changement, de l\u2019esp\u00e9rance, de la po\u00e9sie, de la bienveillance, en somme de l\u2019inspiration.<\/span><\/p>\n<p>Alors ces gens s\u2019inspirent, et on le sent d\u00e9j\u00e0, vont inspirer d\u2019autres. Autour d\u2019eux, dans leur milieu imm\u00e9diat\u00a0; mais ils inspirent d\u00e9j\u00e0 au-del\u00e0 des fronti\u00e8res nationales. Alors dangereuse pour qui\u00a0? Pour tous ceux qui ont fait courber l\u2019\u00e9chine aux gens et \u00e0 l\u2019histoire, pour tous ceux qui ont pos\u00e9 leurs gains personnels ind\u00e9cents comme int\u00e9r\u00eat central, pour tous ceux pour qui la vie humaine ne compte pas, pour ceux qui se croient au-dessus d\u2019autres \u00eatres humains.<\/p>\n<p><span style=\"color: #000000;\">Ce Monsieur M\u00e9lenchon, issu de famille modeste, au parcours politique non d\u00e9nu\u00e9 d\u2019erreurs, a su les reconna\u00eetre, apprendre de son processus et des autres. Il est cultiv\u00e9, brillant, a un talent d\u2019orateur peu commun. Mais surtout il est droit et sinc\u00e8re. On l\u2019entend, on le sent. Et l\u2019on per\u00e7oit ce qui le traverse et qui est encore plus porteur d\u2019espoir\u00a0: sa bont\u00e9.<\/span><\/p>\n<p><span style=\"color: #000000;\">Les humanistes universalistes que nous sommes, avons donc ouvert tout grand nos antennes, le regard port\u00e9 prioritairement sur les processus \u00e9volutifs et ensuite sur l&rsquo;organe qui peut leur servir de v\u00e9hicule. Notre responsabilit\u00e9 est de soutenir les nouveaux paradigmes en construction qui s\u2019inscrivent dans cette direction \u00e9volutive. Au moment o\u00f9 l\u2019humanit\u00e9 semble en sursis avec l\u2019escalade des provocations (Cor\u00e9e, Syrie, Afghanistan) et le passage \u00e0 l\u2019acte au travers de largages de bombes en dehors de toute l\u00e9galit\u00e9 et l\u00e9gitimit\u00e9 internationales, le choix du pr\u00e9sident fran\u00e7ais, puissance nucl\u00e9aire importante, membre permanent du conseil de s\u00e9curit\u00e9 de l\u2019ONU, avec droit de veto\u2026 ce n\u2019est pas une anecdote.<\/span><\/p>\n<p><span style=\"color: #000000;\">Nombreux sont les humanistes silo\u00efstes qui ont d\u00e9j\u00e0 clairement pris position et collabor\u00e9 avec la France Insoumise, \u00e0 son programme \u00ab\u00a0L\u2019avenir en commun\u00a0\u00bb, ou aux livrets th\u00e9matiques, \u00e0 la fois force de propositions et outils d\u2019information.<\/span><\/p>\n<p><span style=\"color: #000000;\">Dans ce programme, il est question d\u2019abolir les privil\u00e8ges (Nouvelle fiscalit\u00e9 \u00e0 14 tranches, etc.), de l\u2019intervention populaire (Assembl\u00e9e constituante pour la Vie r\u00e9publique, r\u00e9vocation des \u00e9lus en cas de non-respect des promesses), des libert\u00e9s personnelles et des droits fondamentaux de tous (Education, sant\u00e9, logement, libert\u00e9 de conscience), d\u2019une r\u00e9publique universelle (\u00e9galit\u00e9 pour tous, coop\u00e9ration avec les pays voisins), de la citoyennet\u00e9 dans les entreprises (nouveaux droits\u00a0 de contr\u00f4les aux comit\u00e9s d\u2019entreprise sur les finances de leur entreprise), de la transition \u00e9cologique (changement des modes de production, projet \u00e9conomie mer), de mettre au pas la finance (ren\u00e9gociations des trait\u00e9s usuraires asphyxiant les pays des r\u00e9gions), de favoriser l\u2019\u00e9conomie coop\u00e9rative, d\u2019\u00e9radiquer la pauvret\u00e9 (augmentation du smic, d\u00e9ploiement programmes sociaux, augmentation des retraites), et il est question de \u00ab\u00a0pr\u00e9parer la paix avec des outils de paix\u00a0!\u00a0\u00bb. 130 \u00e9conomistes de diff\u00e9rents pays viennent de former une commission de soutien \u00e0 son programme et attestent de sa r\u00e9alisation possible.<\/span><\/p>\n<p><img loading=\"lazy\" decoding=\"async\" class=\"alignnone size-medium\" src=\"https:\/\/www.pressenza.com\/wp-content\/uploads\/2017\/04\/---L---Avenir-en-commun----de-la----France-Insoumise----un-pas-vers-la-Nation-Humaine-Universelle-1.jpg\" width=\"526\" height=\"788\" \/><\/p>\n<p><em>Participation meetings \u00e0 Dijon, Nantes, Clermond-Ferrand, Grenoble, Montpellier, Le Port, Nancy<\/em><\/p>\n<p><span style=\"color: #000000;\">Ce mardi 18, alliant l\u2019audace \u00e0 la comp\u00e9tence dans les nouvelles technologies de la jeune \u00e9quipe talentueuse de la France Insoumise, le candidat M\u00e9lenchon a fait r\u00eaver d\u2019ubiquit\u00e9 en s\u2019adressant physiquement \u00e0 des dizaines de milliers de personnes \u00e0 Dijon, tout en projetant son hologramme dans 6 autres villes de France. 35000 personnes rassembl\u00e9es ainsi ont suivi les deux heures de son discours et 50000 de plus le suivaient sur Youtube.<\/span><\/p>\n<p><span style=\"color: #000000;\">Il exhorte encore et encore \u00e0 ce que \u00ab\u00a0les d\u00e9go\u00fbt\u00e9s ne laissent plus la place aux d\u00e9go\u00fbtants\u00a0\u00bb et pour ce faire, il invite \u00e0 lire le programme, \u00e0 convaincre sur des points fondamentaux, \u00e0 s\u2019interroger en \u00e2me et conscience, \u00e0 r\u00e9veiller nos aspirations. Il s\u2019agit de prendre en main, de s\u2019unir pour construire, d\u2019y croire \u00e0 nouveau, d\u2019affirmer nos valeurs humanistes dans ce monde sinon perdu pour tous.<\/span><\/p>\n<p><span style=\"color: #000000;\">Quoi qu\u2019il en soit des r\u00e9sultats du 23 avril, quelque chose est n\u00e9, d\u2019une longue gestation, et s\u2019est manifest\u00e9 dans cet effet d\u00e9monstratif. Les vents du grand changement\u00a0?<\/span><\/p>\n<p><span style=\"color: #000000;\">\u00ab\u00a0L\u2019avenir en Commun\u00a0\u00bb, Editions Seuil. Disponible int\u00e9gralement gratuitement sur internet <a style=\"color: #000000;\" href=\"http:\/\/www.laec.fr\">www.laec.fr<\/a> \u2013 page 15. <a style=\"color: #000000;\" href=\"https:\/\/avenirencommun.fr\/livrets-thematiques\/\">https:\/\/avenirencommun.fr\/livrets-thematiques\/<\/a><\/span><\/p>\n","protected":false},"excerpt":{"rendered":"<p>Par Claudie Baudoin &nbsp; Il ne s\u2019agit pas d\u2019un homme\u00a0; il s\u2019agit d\u2019un peuple. Il ne s\u2019agit pas du cri de col\u00e8re de quelques-uns\u00a0; il s\u2019agit de la clameur d\u2019un peuple. Il ne s\u2019agit pas d\u2019un parti\u00a0; il s\u2019agit d\u2019un&hellip;<\/p>\n","protected":false},"author":1268,"featured_media":455170,"comment_status":"closed","ping_status":"closed","sticky":false,"template":"","format":"standard","meta":{"footnotes":""},"categories":[11386,85,163,93],"tags":[6564,36647,36646,5699],"class_list":["post-455167","post","type-post","status-publish","format-standard","has-post-thumbnail","hentry","category-contenu-original","category-europe-fr","category-opinion-fr","category-politique","tag-elections-presidentielles","tag-france-insoumise","tag-lavenir-en-commun","tag-nation-humaine-universelle"],"yoast_head":"<!-- This site is optimized with the Yoast SEO plugin v27.1.1 - https:\/\/yoast.com\/product\/yoast-seo-wordpress\/ -->\n<title>\u00ab\u00a0L\u2019Avenir en commun\u00a0\u00bb de la \u00ab\u00a0France Insoumise\u00a0\u00bb\u00a0: un pas vers la Nation Humaine Universelle\u00a0?<\/title>\n<meta name=\"description\" content=\"Par Claudie Baudoin &nbsp; Il ne s\u2019agit pas d\u2019un homme\u00a0; il s\u2019agit d\u2019un peuple. Il ne s\u2019agit pas du cri de col\u00e8re de quelques-uns\u00a0; il s\u2019agit de la\" \/>\n<meta name=\"robots\" content=\"index, follow, max-snippet:-1, max-image-preview:large, max-video-preview:-1\" \/>\n<link rel=\"canonical\" href=\"https:\/\/www.pressenza.com\/fr\/2017\/04\/lavenir-commun-de-france-insoumise-vers-nation-humaine-universelle\/\" \/>\n<meta property=\"og:locale\" content=\"fr_FR\" \/>\n<meta property=\"og:type\" content=\"article\" \/>\n<meta property=\"og:title\" content=\"\u00ab\u00a0L\u2019Avenir en commun\u00a0\u00bb de la \u00ab\u00a0France Insoumise\u00a0\u00bb\u00a0: un pas vers la Nation Humaine Universelle\u00a0?\" \/>\n<meta property=\"og:description\" content=\"Par Claudie Baudoin &nbsp; Il ne s\u2019agit pas d\u2019un homme\u00a0; il s\u2019agit d\u2019un peuple. Il ne s\u2019agit pas du cri de col\u00e8re de quelques-uns\u00a0; il s\u2019agit de la\" \/>\n<meta property=\"og:url\" content=\"https:\/\/www.pressenza.com\/fr\/2017\/04\/lavenir-commun-de-france-insoumise-vers-nation-humaine-universelle\/\" \/>\n<meta property=\"og:site_name\" content=\"Pressenza\" \/>\n<meta property=\"article:publisher\" content=\"https:\/\/www.facebook.com\/PressenzaItalia\" \/>\n<meta property=\"article:published_time\" content=\"2017-04-18T23:04:19+00:00\" \/>\n<meta property=\"article:modified_time\" content=\"2017-04-20T13:32:11+00:00\" \/>\n<meta property=\"og:image\" content=\"https:\/\/www.pressenza.com\/wp-content\/uploads\/2017\/04\/---L---Avenir-en-commun----de-la----France-Insoumise----un-pas-vers-la-Nation-Humaine-Universelle-.jpg\" \/>\n\t<meta property=\"og:image:width\" content=\"750\" \/>\n\t<meta property=\"og:image:height\" content=\"450\" \/>\n\t<meta property=\"og:image:type\" content=\"image\/jpeg\" \/>\n<meta name=\"author\" content=\"Claudie Baudoin\" \/>\n<meta name=\"twitter:card\" content=\"summary_large_image\" \/>\n<meta name=\"twitter:creator\" content=\"@PressenzaIPA\" \/>\n<meta name=\"twitter:site\" content=\"@PressenzaIPA\" \/>\n<meta name=\"twitter:label1\" content=\"\u00c9crit par\" \/>\n\t<meta name=\"twitter:data1\" content=\"Claudie Baudoin\" \/>\n\t<meta name=\"twitter:label2\" content=\"Dur\u00e9e de lecture estim\u00e9e\" \/>\n\t<meta name=\"twitter:data2\" content=\"7 minutes\" \/>\n<script type=\"application\/ld+json\" class=\"yoast-schema-graph\">{\"@context\":\"https:\/\/schema.org\",\"@graph\":[{\"@type\":\"Article\",\"@id\":\"https:\/\/www.pressenza.com\/fr\/2017\/04\/lavenir-commun-de-france-insoumise-vers-nation-humaine-universelle\/#article\",\"isPartOf\":{\"@id\":\"https:\/\/www.pressenza.com\/fr\/2017\/04\/lavenir-commun-de-france-insoumise-vers-nation-humaine-universelle\/\"},\"author\":{\"name\":\"Claudie Baudoin\",\"@id\":\"https:\/\/www.pressenza.com\/fr\/#\/schema\/person\/bbaae794a1d299c528a0f7cc8bd9a1a7\"},\"headline\":\"\u00ab\u00a0L\u2019Avenir en commun\u00a0\u00bb de la \u00ab\u00a0France Insoumise\u00a0\u00bb\u00a0: un pas vers la Nation Humaine Universelle\u00a0?\",\"datePublished\":\"2017-04-18T23:04:19+00:00\",\"dateModified\":\"2017-04-20T13:32:11+00:00\",\"mainEntityOfPage\":{\"@id\":\"https:\/\/www.pressenza.com\/fr\/2017\/04\/lavenir-commun-de-france-insoumise-vers-nation-humaine-universelle\/\"},\"wordCount\":1374,\"publisher\":{\"@id\":\"https:\/\/www.pressenza.com\/fr\/#organization\"},\"image\":{\"@id\":\"https:\/\/www.pressenza.com\/fr\/2017\/04\/lavenir-commun-de-france-insoumise-vers-nation-humaine-universelle\/#primaryimage\"},\"thumbnailUrl\":\"https:\/\/www.pressenza.com\/wp-content\/uploads\/2017\/04\/---L---Avenir-en-commun----de-la----France-Insoumise----un-pas-vers-la-Nation-Humaine-Universelle-.jpg\",\"keywords\":[\"\u00e9lections pr\u00e9sidentielles\",\"France Insoumise\",\"L\u2019Avenir en commun\",\"Nation humaine universelle\"],\"articleSection\":[\"Contenu Original\",\"Europe\",\"Opinion\",\"Politique\"],\"inLanguage\":\"fr-FR\"},{\"@type\":\"WebPage\",\"@id\":\"https:\/\/www.pressenza.com\/fr\/2017\/04\/lavenir-commun-de-france-insoumise-vers-nation-humaine-universelle\/\",\"url\":\"https:\/\/www.pressenza.com\/fr\/2017\/04\/lavenir-commun-de-france-insoumise-vers-nation-humaine-universelle\/\",\"name\":\"\u00ab\u00a0L\u2019Avenir en commun\u00a0\u00bb de la \u00ab\u00a0France Insoumise\u00a0\u00bb\u00a0: un pas vers la Nation Humaine Universelle\u00a0?\",\"isPartOf\":{\"@id\":\"https:\/\/www.pressenza.com\/fr\/#website\"},\"primaryImageOfPage\":{\"@id\":\"https:\/\/www.pressenza.com\/fr\/2017\/04\/lavenir-commun-de-france-insoumise-vers-nation-humaine-universelle\/#primaryimage\"},\"image\":{\"@id\":\"https:\/\/www.pressenza.com\/fr\/2017\/04\/lavenir-commun-de-france-insoumise-vers-nation-humaine-universelle\/#primaryimage\"},\"thumbnailUrl\":\"https:\/\/www.pressenza.com\/wp-content\/uploads\/2017\/04\/---L---Avenir-en-commun----de-la----France-Insoumise----un-pas-vers-la-Nation-Humaine-Universelle-.jpg\",\"datePublished\":\"2017-04-18T23:04:19+00:00\",\"dateModified\":\"2017-04-20T13:32:11+00:00\",\"description\":\"Par Claudie Baudoin &nbsp; Il ne s\u2019agit pas d\u2019un homme\u00a0; il s\u2019agit d\u2019un peuple. Il ne s\u2019agit pas du cri de col\u00e8re de quelques-uns\u00a0; il s\u2019agit de la\",\"breadcrumb\":{\"@id\":\"https:\/\/www.pressenza.com\/fr\/2017\/04\/lavenir-commun-de-france-insoumise-vers-nation-humaine-universelle\/#breadcrumb\"},\"inLanguage\":\"fr-FR\",\"potentialAction\":[{\"@type\":\"ReadAction\",\"target\":[\"https:\/\/www.pressenza.com\/fr\/2017\/04\/lavenir-commun-de-france-insoumise-vers-nation-humaine-universelle\/\"]}]},{\"@type\":\"ImageObject\",\"inLanguage\":\"fr-FR\",\"@id\":\"https:\/\/www.pressenza.com\/fr\/2017\/04\/lavenir-commun-de-france-insoumise-vers-nation-humaine-universelle\/#primaryimage\",\"url\":\"https:\/\/www.pressenza.com\/wp-content\/uploads\/2017\/04\/---L---Avenir-en-commun----de-la----France-Insoumise----un-pas-vers-la-Nation-Humaine-Universelle-.jpg\",\"contentUrl\":\"https:\/\/www.pressenza.com\/wp-content\/uploads\/2017\/04\/---L---Avenir-en-commun----de-la----France-Insoumise----un-pas-vers-la-Nation-Humaine-Universelle-.jpg\",\"width\":750,\"height\":450},{\"@type\":\"BreadcrumbList\",\"@id\":\"https:\/\/www.pressenza.com\/fr\/2017\/04\/lavenir-commun-de-france-insoumise-vers-nation-humaine-universelle\/#breadcrumb\",\"itemListElement\":[{\"@type\":\"ListItem\",\"position\":1,\"name\":\"Accueil\",\"item\":\"https:\/\/www.pressenza.com\/fr\/\"},{\"@type\":\"ListItem\",\"position\":2,\"name\":\"\u00ab\u00a0L\u2019Avenir en commun\u00a0\u00bb de la \u00ab\u00a0France Insoumise\u00a0\u00bb\u00a0: un pas vers la Nation Humaine Universelle\u00a0?\"}]},{\"@type\":\"WebSite\",\"@id\":\"https:\/\/www.pressenza.com\/fr\/#website\",\"url\":\"https:\/\/www.pressenza.com\/fr\/\",\"name\":\"Pressenza\",\"description\":\"International Press Agency\",\"publisher\":{\"@id\":\"https:\/\/www.pressenza.com\/fr\/#organization\"},\"potentialAction\":[{\"@type\":\"SearchAction\",\"target\":{\"@type\":\"EntryPoint\",\"urlTemplate\":\"https:\/\/www.pressenza.com\/fr\/?s={search_term_string}\"},\"query-input\":{\"@type\":\"PropertyValueSpecification\",\"valueRequired\":true,\"valueName\":\"search_term_string\"}}],\"inLanguage\":\"fr-FR\"},{\"@type\":\"Organization\",\"@id\":\"https:\/\/www.pressenza.com\/fr\/#organization\",\"name\":\"Pressenza\",\"url\":\"https:\/\/www.pressenza.com\/fr\/\",\"logo\":{\"@type\":\"ImageObject\",\"inLanguage\":\"fr-FR\",\"@id\":\"https:\/\/www.pressenza.com\/fr\/#\/schema\/logo\/image\/\",\"url\":\"https:\/\/www.pressenza.com\/wp-content\/uploads\/2022\/10\/pressenza_logo_200x200.jpg\",\"contentUrl\":\"https:\/\/www.pressenza.com\/wp-content\/uploads\/2022\/10\/pressenza_logo_200x200.jpg\",\"width\":200,\"height\":200,\"caption\":\"Pressenza\"},\"image\":{\"@id\":\"https:\/\/www.pressenza.com\/fr\/#\/schema\/logo\/image\/\"},\"sameAs\":[\"https:\/\/www.facebook.com\/PressenzaItalia\",\"https:\/\/x.com\/PressenzaIPA\"]},{\"@type\":\"Person\",\"@id\":\"https:\/\/www.pressenza.com\/fr\/#\/schema\/person\/bbaae794a1d299c528a0f7cc8bd9a1a7\",\"name\":\"Claudie Baudoin\",\"description\":\"Psycho-sociologue de m\u00e9tier, l\u2019auteur est formatrice en d\u00e9veloppement personnel et ressources humaines dans le monde hospitalier o\u00f9 elle transmet au personnel soignant des outils de communication et de mieux-\u00eatre (pr\u00e9vention du burn-out, gestion de stress, de l\u2019agressivit\u00e9, des conflits et du temps). Elle accompagne \u00e9galement les particuliers dans les moments de transition ou des difficult\u00e9s, par la psychologie descriptive de l'image et du sens. claudie-baudoin.com\",\"url\":\"https:\/\/www.pressenza.com\/fr\/author\/claudie-baudoin\/\"}]}<\/script>\n<!-- \/ Yoast SEO plugin. -->","yoast_head_json":{"title":"\u00ab\u00a0L\u2019Avenir en commun\u00a0\u00bb de la \u00ab\u00a0France Insoumise\u00a0\u00bb\u00a0: un pas vers la Nation Humaine Universelle\u00a0?","description":"Par Claudie Baudoin &nbsp; Il ne s\u2019agit pas d\u2019un homme\u00a0; il s\u2019agit d\u2019un peuple. Il ne s\u2019agit pas du cri de col\u00e8re de quelques-uns\u00a0; il s\u2019agit de la","robots":{"index":"index","follow":"follow","max-snippet":"max-snippet:-1","max-image-preview":"max-image-preview:large","max-video-preview":"max-video-preview:-1"},"canonical":"https:\/\/www.pressenza.com\/fr\/2017\/04\/lavenir-commun-de-france-insoumise-vers-nation-humaine-universelle\/","og_locale":"fr_FR","og_type":"article","og_title":"\u00ab\u00a0L\u2019Avenir en commun\u00a0\u00bb de la \u00ab\u00a0France Insoumise\u00a0\u00bb\u00a0: un pas vers la Nation Humaine Universelle\u00a0?","og_description":"Par Claudie Baudoin &nbsp; Il ne s\u2019agit pas d\u2019un homme\u00a0; il s\u2019agit d\u2019un peuple. Il ne s\u2019agit pas du cri de col\u00e8re de quelques-uns\u00a0; il s\u2019agit de la","og_url":"https:\/\/www.pressenza.com\/fr\/2017\/04\/lavenir-commun-de-france-insoumise-vers-nation-humaine-universelle\/","og_site_name":"Pressenza","article_publisher":"https:\/\/www.facebook.com\/PressenzaItalia","article_published_time":"2017-04-18T23:04:19+00:00","article_modified_time":"2017-04-20T13:32:11+00:00","og_image":[{"width":750,"height":450,"url":"https:\/\/www.pressenza.com\/wp-content\/uploads\/2017\/04\/---L---Avenir-en-commun----de-la----France-Insoumise----un-pas-vers-la-Nation-Humaine-Universelle-.jpg","type":"image\/jpeg"}],"author":"Claudie Baudoin","twitter_card":"summary_large_image","twitter_creator":"@PressenzaIPA","twitter_site":"@PressenzaIPA","twitter_misc":{"\u00c9crit par":"Claudie Baudoin","Dur\u00e9e de lecture estim\u00e9e":"7 minutes"},"schema":{"@context":"https:\/\/schema.org","@graph":[{"@type":"Article","@id":"https:\/\/www.pressenza.com\/fr\/2017\/04\/lavenir-commun-de-france-insoumise-vers-nation-humaine-universelle\/#article","isPartOf":{"@id":"https:\/\/www.pressenza.com\/fr\/2017\/04\/lavenir-commun-de-france-insoumise-vers-nation-humaine-universelle\/"},"author":{"name":"Claudie Baudoin","@id":"https:\/\/www.pressenza.com\/fr\/#\/schema\/person\/bbaae794a1d299c528a0f7cc8bd9a1a7"},"headline":"\u00ab\u00a0L\u2019Avenir en commun\u00a0\u00bb de la \u00ab\u00a0France Insoumise\u00a0\u00bb\u00a0: un pas vers la Nation Humaine Universelle\u00a0?","datePublished":"2017-04-18T23:04:19+00:00","dateModified":"2017-04-20T13:32:11+00:00","mainEntityOfPage":{"@id":"https:\/\/www.pressenza.com\/fr\/2017\/04\/lavenir-commun-de-france-insoumise-vers-nation-humaine-universelle\/"},"wordCount":1374,"publisher":{"@id":"https:\/\/www.pressenza.com\/fr\/#organization"},"image":{"@id":"https:\/\/www.pressenza.com\/fr\/2017\/04\/lavenir-commun-de-france-insoumise-vers-nation-humaine-universelle\/#primaryimage"},"thumbnailUrl":"https:\/\/www.pressenza.com\/wp-content\/uploads\/2017\/04\/---L---Avenir-en-commun----de-la----France-Insoumise----un-pas-vers-la-Nation-Humaine-Universelle-.jpg","keywords":["\u00e9lections pr\u00e9sidentielles","France Insoumise","L\u2019Avenir en commun","Nation humaine universelle"],"articleSection":["Contenu Original","Europe","Opinion","Politique"],"inLanguage":"fr-FR"},{"@type":"WebPage","@id":"https:\/\/www.pressenza.com\/fr\/2017\/04\/lavenir-commun-de-france-insoumise-vers-nation-humaine-universelle\/","url":"https:\/\/www.pressenza.com\/fr\/2017\/04\/lavenir-commun-de-france-insoumise-vers-nation-humaine-universelle\/","name":"\u00ab\u00a0L\u2019Avenir en commun\u00a0\u00bb de la \u00ab\u00a0France Insoumise\u00a0\u00bb\u00a0: un pas vers la Nation Humaine Universelle\u00a0?","isPartOf":{"@id":"https:\/\/www.pressenza.com\/fr\/#website"},"primaryImageOfPage":{"@id":"https:\/\/www.pressenza.com\/fr\/2017\/04\/lavenir-commun-de-france-insoumise-vers-nation-humaine-universelle\/#primaryimage"},"image":{"@id":"https:\/\/www.pressenza.com\/fr\/2017\/04\/lavenir-commun-de-france-insoumise-vers-nation-humaine-universelle\/#primaryimage"},"thumbnailUrl":"https:\/\/www.pressenza.com\/wp-content\/uploads\/2017\/04\/---L---Avenir-en-commun----de-la----France-Insoumise----un-pas-vers-la-Nation-Humaine-Universelle-.jpg","datePublished":"2017-04-18T23:04:19+00:00","dateModified":"2017-04-20T13:32:11+00:00","description":"Par Claudie Baudoin &nbsp; Il ne s\u2019agit pas d\u2019un homme\u00a0; il s\u2019agit d\u2019un peuple. Il ne s\u2019agit pas du cri de col\u00e8re de quelques-uns\u00a0; il s\u2019agit de la","breadcrumb":{"@id":"https:\/\/www.pressenza.com\/fr\/2017\/04\/lavenir-commun-de-france-insoumise-vers-nation-humaine-universelle\/#breadcrumb"},"inLanguage":"fr-FR","potentialAction":[{"@type":"ReadAction","target":["https:\/\/www.pressenza.com\/fr\/2017\/04\/lavenir-commun-de-france-insoumise-vers-nation-humaine-universelle\/"]}]},{"@type":"ImageObject","inLanguage":"fr-FR","@id":"https:\/\/www.pressenza.com\/fr\/2017\/04\/lavenir-commun-de-france-insoumise-vers-nation-humaine-universelle\/#primaryimage","url":"https:\/\/www.pressenza.com\/wp-content\/uploads\/2017\/04\/---L---Avenir-en-commun----de-la----France-Insoumise----un-pas-vers-la-Nation-Humaine-Universelle-.jpg","contentUrl":"https:\/\/www.pressenza.com\/wp-content\/uploads\/2017\/04\/---L---Avenir-en-commun----de-la----France-Insoumise----un-pas-vers-la-Nation-Humaine-Universelle-.jpg","width":750,"height":450},{"@type":"BreadcrumbList","@id":"https:\/\/www.pressenza.com\/fr\/2017\/04\/lavenir-commun-de-france-insoumise-vers-nation-humaine-universelle\/#breadcrumb","itemListElement":[{"@type":"ListItem","position":1,"name":"Accueil","item":"https:\/\/www.pressenza.com\/fr\/"},{"@type":"ListItem","position":2,"name":"\u00ab\u00a0L\u2019Avenir en commun\u00a0\u00bb de la \u00ab\u00a0France Insoumise\u00a0\u00bb\u00a0: un pas vers la Nation Humaine Universelle\u00a0?"}]},{"@type":"WebSite","@id":"https:\/\/www.pressenza.com\/fr\/#website","url":"https:\/\/www.pressenza.com\/fr\/","name":"Pressenza","description":"International Press Agency","publisher":{"@id":"https:\/\/www.pressenza.com\/fr\/#organization"},"potentialAction":[{"@type":"SearchAction","target":{"@type":"EntryPoint","urlTemplate":"https:\/\/www.pressenza.com\/fr\/?s={search_term_string}"},"query-input":{"@type":"PropertyValueSpecification","valueRequired":true,"valueName":"search_term_string"}}],"inLanguage":"fr-FR"},{"@type":"Organization","@id":"https:\/\/www.pressenza.com\/fr\/#organization","name":"Pressenza","url":"https:\/\/www.pressenza.com\/fr\/","logo":{"@type":"ImageObject","inLanguage":"fr-FR","@id":"https:\/\/www.pressenza.com\/fr\/#\/schema\/logo\/image\/","url":"https:\/\/www.pressenza.com\/wp-content\/uploads\/2022\/10\/pressenza_logo_200x200.jpg","contentUrl":"https:\/\/www.pressenza.com\/wp-content\/uploads\/2022\/10\/pressenza_logo_200x200.jpg","width":200,"height":200,"caption":"Pressenza"},"image":{"@id":"https:\/\/www.pressenza.com\/fr\/#\/schema\/logo\/image\/"},"sameAs":["https:\/\/www.facebook.com\/PressenzaItalia","https:\/\/x.com\/PressenzaIPA"]},{"@type":"Person","@id":"https:\/\/www.pressenza.com\/fr\/#\/schema\/person\/bbaae794a1d299c528a0f7cc8bd9a1a7","name":"Claudie Baudoin","description":"Psycho-sociologue de m\u00e9tier, l\u2019auteur est formatrice en d\u00e9veloppement personnel et ressources humaines dans le monde hospitalier o\u00f9 elle transmet au personnel soignant des outils de communication et de mieux-\u00eatre (pr\u00e9vention du burn-out, gestion de stress, de l\u2019agressivit\u00e9, des conflits et du temps). Elle accompagne \u00e9galement les particuliers dans les moments de transition ou des difficult\u00e9s, par la psychologie descriptive de l'image et du sens. claudie-baudoin.com","url":"https:\/\/www.pressenza.com\/fr\/author\/claudie-baudoin\/"}]}},"place":"","original_article_url":"","_links":{"self":[{"href":"https:\/\/www.pressenza.com\/fr\/wp-json\/wp\/v2\/posts\/455167","targetHints":{"allow":["GET"]}}],"collection":[{"href":"https:\/\/www.pressenza.com\/fr\/wp-json\/wp\/v2\/posts"}],"about":[{"href":"https:\/\/www.pressenza.com\/fr\/wp-json\/wp\/v2\/types\/post"}],"author":[{"embeddable":true,"href":"https:\/\/www.pressenza.com\/fr\/wp-json\/wp\/v2\/users\/1268"}],"replies":[{"embeddable":true,"href":"https:\/\/www.pressenza.com\/fr\/wp-json\/wp\/v2\/comments?post=455167"}],"version-history":[{"count":0,"href":"https:\/\/www.pressenza.com\/fr\/wp-json\/wp\/v2\/posts\/455167\/revisions"}],"wp:featuredmedia":[{"embeddable":true,"href":"https:\/\/www.pressenza.com\/fr\/wp-json\/wp\/v2\/media\/455170"}],"wp:attachment":[{"href":"https:\/\/www.pressenza.com\/fr\/wp-json\/wp\/v2\/media?parent=455167"}],"wp:term":[{"taxonomy":"category","embeddable":true,"href":"https:\/\/www.pressenza.com\/fr\/wp-json\/wp\/v2\/categories?post=455167"},{"taxonomy":"post_tag","embeddable":true,"href":"https:\/\/www.pressenza.com\/fr\/wp-json\/wp\/v2\/tags?post=455167"}],"curies":[{"name":"wp","href":"https:\/\/api.w.org\/{rel}","templated":true}]}}