{"id":448966,"date":"2017-03-29T19:19:27","date_gmt":"2017-03-29T18:19:27","guid":{"rendered":"https:\/\/www.pressenza.com\/?p=448966\/"},"modified":"2017-04-09T21:47:10","modified_gmt":"2017-04-09T20:47:10","slug":"un-futur-sans-bombes-nucleaires","status":"publish","type":"post","link":"https:\/\/www.pressenza.com\/fr\/2017\/03\/un-futur-sans-bombes-nucleaires\/","title":{"rendered":"Un futur sans armes nucl\u00e9aires !\u00a0"},"content":{"rendered":"<p><strong>Ce printemps, impliquons les jeunes et les \u00e9l\u00e8ves et travaillons ensemble pour un futur sans armes nucl\u00e9aires !<\/strong><\/p>\n<div>\n<p>Dans le cadre de sa campagne annuelle \u00ab <em>La bonne connaissance m\u00e8ne\u00a0\u00e0\u00a0la r\u00e9conciliation et \u00e9vite la confrontation<\/em>\u00a0\u00bb, le programme d&rsquo;activit\u00e9s\u00a0scolaires <em>D\u00e9fi Nonviolent<\/em> invite les enseignants et les \u00e9ducateurs \u00e0 participer au programme <em>Histoire du d\u00e9sarmement global et discussion\u00a0interg\u00e9n\u00e9rationnelle.<\/em><\/p>\n<p>L&rsquo;activit\u00e9 s&rsquo;inscrit dans le cadre de l&rsquo;ouverture des n\u00e9gociations pour un trait\u00e9 d&rsquo;\u00e9limination des armes nucl\u00e9aires qui d\u00e9butent fin mars aux Nations Unies. Rappelons que le 24 d\u00e9cembre 2016, 123 pays votaient en faveur de l&rsquo;ouverture de n\u00e9gociations pour un tel trait\u00e9.<\/p>\n<p><strong>Pourquoi \u00e9liminer les armes nucl\u00e9aires ?<\/strong><\/p>\n<p>Si une bombe atomique explosait au Canada ou en Am\u00e9rique du Nord la vie de plusieurs milliers de personnes, voire de millions de personnes serait imm\u00e9diatement en p\u00e9ril. Les villes et villages dispara\u00eetraient. Nous pourrions perdre des centaines d&rsquo;esp\u00e8ces animales et v\u00e9g\u00e9tales tandis que les lacs et les rivi\u00e8res seraient contamin\u00e9s\u00a0pour plusieurs g\u00e9n\u00e9rations.<\/p>\n<p>D&rsquo;un seul coup, nous n&rsquo;aurions plus d&rsquo;acc\u00e8s \u00e0 Internet, nous n&rsquo;aurions plus de tablettes, plus de t\u00e9l\u00e9phones cellulaires ni de musique !<\/p>\n<p>Aujourd&rsquo;hui avec l&rsquo;explosion d&rsquo;une bombe 10 fois plus puissante que celle d&rsquo;Hiroshima, en un instant les conditions de vie future de tous les enfants de la plan\u00e8te seraient r\u00e9duites \u00e0\u00a0celles des hommes des cavernes !<\/p>\n<p>C&rsquo;est dans cette perspective que le programme d&rsquo;activit\u00e9s scolaires \u00ab le D\u00e9fi Nonviolent \u00bb invite les enseignants \u00e0\u00a0participer avec leurs \u00e9l\u00e8ves \u00e0\u00a0l&rsquo;activit\u00e9 \u00ab <em>la bonne connaissance m\u00e8ne \u00e0 un futur sans bombes nucl\u00e9aires<\/em>\u00a0\u00bb. Durant ce programme d&rsquo;activit\u00e9s les \u00e9l\u00e8ves pourront suivre, de mani\u00e8re \u00ab informelle \u00bb, les n\u00e9gociations du trait\u00e9 sur l&rsquo;\u00e9limination des armes nucl\u00e9aires.<\/p>\n<p>&nbsp;<\/p>\n<p><strong>D\u00e9roulement des activit\u00e9s du programme<br \/>\n<\/strong><\/p>\n<p><strong>Du 20 mars au 7 avril 2017<\/strong><\/p>\n<p>1- Les enseignants et \u00e9ducateurs qui souhaitent participer avec leurs \u00e9l\u00e8ves remplissent un formulaire d&rsquo;inscription avant le 7 avril 2016. Une\u00a0fois l&rsquo;inscription compl\u00e9t\u00e9e, ils re\u00e7oivent le guide d&rsquo;activit\u00e9s et des informations sur les processus de d\u00e9sarmement.<\/p>\n<p><strong>Du 7 avril au 30 avril 2017<\/strong><\/p>\n<p>2- En classe, les \u00e9l\u00e8ves \u00e9tudient la p\u00e9riode de la guerre froide 1945-1989, ainsi que la courte p\u00e9riode de d\u00e9sarmement global qui s&rsquo;en est suivi.<\/p>\n<p>&nbsp;<\/p>\n<p><strong>Discussion interg\u00e9n\u00e9rationnelle<\/strong><\/p>\n<p>3- Les \u00e9l\u00e8ves interviewent des personnes de 60 ans sur leurs exp\u00e9riences de jeunesse pour en savoir plus sur la sensibilit\u00e9 de l&rsquo;\u00e9poque; comment \u00e9tait la musique, le cin\u00e9ma, les sports, les loisirs et l&rsquo;\u00e9cole durant ces ann\u00e9es.<\/p>\n<p>4- En classe et par groupes de trois ou quatre, les \u00e9l\u00e8ves \u00e9changent leurs r\u00e9sultats. Par consensus ils d\u00e9cident des points les plus importants de la sensibilit\u00e9 de l&rsquo;\u00e9poque de la guerre froide et de la courte p\u00e9riode de d\u00e9sarmement global qui a suivi.<\/p>\n<p>5- Les groupes pr\u00e9sentent leurs r\u00e9sultats \u00e0 l&rsquo;ensemble de la classe. Les pr\u00e9sentations (images, photos et synth\u00e8ses)\u00a0pourront aussi \u00eatre affich\u00e9es\u00a0sur internet (selon les crit\u00e8res de l&rsquo;enseignant et de l&rsquo;\u00e9cole).<\/p>\n<p><strong>Du 30 avril au 14 mai 2017<\/strong><\/p>\n<p>6- Les \u00e9l\u00e8ves participent \u00e0 des \u00e9changes sur internet et partagent avec d&rsquo;autres \u00e9l\u00e8ves ailleurs dans le monde leurs visions du futur.<\/p>\n<p>&nbsp;<\/p>\n<p><em>Les \u00e9ducateurs et les enseignants qui souhaitent participer avec leurs \u00e9l\u00e8ves peuvent \u00e9crire \u00e0 Anne Farrell, responsable volontaire du programme d&rsquo;activit\u00e9s scolaires D\u00e9fi Nonviolent avant le 21 avril 2017 <a>planetepaece@gmail.com<\/a>.<\/em><\/p>\n<div><span lang=\"es\">Les enseignants et les \u00e9ducateurs qui n&rsquo;ont pas particip\u00e9 \u00e0 la course \u00e0 pied et \u00e0 la marche \u00e0 l&rsquo;automne 2016, pourront le faire au printemps. Le D\u00e9fi Nonviolent poursuit sa campagne de compilation des Km courus et march\u00e9s par les \u00e9l\u00e8ves.<\/span><\/div>\n<div><span lang=\"es\">Tous les Km seront symboliquement remis \u00e0 la fin du printemps \u00e0 l&rsquo;assembl\u00e9e de\u00a0tous les pays\u00a0membres des\u00a0Nations Unies qui participent \u00e0 la n\u00e9gociation pour l&rsquo;\u00e9limination des bombes nucl\u00e9aires.\u00a0<\/span><\/div>\n<p><strong>\u00c0 propos de la campagne annuelle du D\u00e9fi Nonviolent : \u00ab La bonne connaissance m\u00e8ne \u00e0 la r\u00e9conciliation et \u00e9vite la confrontation \u00bb<\/strong><\/p>\n<p>Depuis 2011, plus de 20 000 \u00e9l\u00e8ves ont particip\u00e9 au programme d&rsquo;activit\u00e9s scolaires D\u00e9fi Nonviolent. Des projets, des courses et des marches pour promouvoir la paix et la nonviolence ont \u00e9t\u00e9 organis\u00e9s\u00a0par des enseignants, des \u00e9ducateurs et des directions d&rsquo;\u00e9coles au Qu\u00e9bec, en Argentine, en France, en Irlande, en \u00c9quateur et en Irak.<\/p>\n<p>Chaque ann\u00e9e, tous les kilom\u00e8tres courus et march\u00e9s par les \u00e9l\u00e8ves sont compil\u00e9s\u00a0et symboliquement remis \u00e0\u00a0une personnalit\u00e9 ou une organisation internationale qui travaille pour l\u2019\u00e9ducation, les \u00e9l\u00e8ves, la protection des \u00e9coles et la bonne connaissance.<\/p>\n<p>\u00c0\u00a0l&rsquo;automne 2016, plusieurs centaines d&rsquo;\u00e9l\u00e8ves ont couru et march\u00e9 et accumul\u00e9 des kilom\u00e8tres pour \u00ab la bonne connaissance qui m\u00e8ne \u00e0\u00a0la r\u00e9conciliation et \u00e9vite la confrontation \u00bb.\u00a0 De plus, dans plusieurs \u00e9coles, les \u00e9l\u00e8ves ont particip\u00e9 au serment d&rsquo;all\u00e9geance \u00e0 la nonviolence et la connaissance.<\/p>\n<p>Similaire \u00e0\u00a0l&rsquo;engagement \u00e9thique d\u2019Hippocrate que doivent faire les nouveaux m\u00e9decins, le serment que font les \u00e9l\u00e8ves durant la campagne permet de d\u00e9clarer publiquement la direction des actions qu&rsquo;ils ont pr\u00e9sentement et auront dans le futur !<\/p>\n<p>\u00ab Je m\u2019engage envers mes amis, mes professeurs, ma famille et mes coll\u00e8gues \u00e0 ne pas utiliser les connaissances que j\u2019ai re\u00e7ues ni mes apprentissages futurs pour opprimer des \u00eatres humains, mais au contraire \u00e0 les appliquer pour leur lib\u00e9ration. Je m\u2019engage \u00e0 travailler pour \u00e9liminer la douleur physique et la souffrance mentale. Je m\u2019engage \u00e0 encourager la libert\u00e9 de pens\u00e9e et l\u2019apprentissage de la nonviolence en cherchant \u00e0 <em>traiter les autres de la mani\u00e8re dont j\u2019aimerais \u00eatre trait\u00e9<\/em> \u00bb.<\/p>\n<p>\u00b7 La bonne connaissance m\u00e8ne \u00e0 la justice.<\/p>\n<p>\u00b7 La bonne connaissance \u00e9vite la confrontation.<\/p>\n<p>\u00b7 La bonne connaissance m\u00e8ne au dialogue et \u00e0 la r\u00e9conciliation.<\/p>\n<p>&nbsp;<\/p>\n<\/div>\n<div><img loading=\"lazy\" decoding=\"async\" class=\"alignnone size-medium\" src=\"https:\/\/www.pressenza.com\/wp-content\/uploads\/2017\/03\/Un-futur-sans-bombes-nucl--aires-2.jpg\" width=\"904\" height=\"450\" \/><\/div>\n<div><img loading=\"lazy\" decoding=\"async\" class=\"alignnone size-medium\" src=\"https:\/\/www.pressenza.com\/wp-content\/uploads\/2017\/03\/Un-futur-sans-bombes-nucl--aires-1.jpg\" width=\"750\" height=\"472\" \/><\/div>\n<div>\u00c9l\u00e8ves de l&rsquo;\u00e9cole Diderot 2 de\u00a0Montreuil, France. Ils ont couru 1350 km en octobre 2016 et r\u00e9alis\u00e9 un symbole de la Nonviolence.<\/div>\n<div><\/div>\n<div>\u00a0.<\/div>\n<div>\u00a0<img loading=\"lazy\" decoding=\"async\" class=\"alignnone size-medium\" src=\"https:\/\/www.pressenza.com\/wp-content\/uploads\/2017\/03\/Un-futur-sans-bombes-nucl--aires-3.jpg\" width=\"2048\" height=\"1152\" \/><\/div>\n<div><img loading=\"lazy\" decoding=\"async\" class=\"alignnone size-medium\" src=\"https:\/\/www.pressenza.com\/wp-content\/uploads\/2017\/03\/Un-futur-sans-bombes-nucl--aires-4.jpg\" width=\"2048\" height=\"1152\" \/><\/div>\n<div><img loading=\"lazy\" decoding=\"async\" class=\"alignnone size-medium\" src=\"https:\/\/www.pressenza.com\/wp-content\/uploads\/2017\/03\/Un-futur-sans-bombes-nucl--aires-5.jpg\" width=\"750\" height=\"506\" \/><\/div>\n<div>\u00c9l\u00e8ves de l&rsquo;\u00e9cole Maria Goretti, commission scolaire c\u0153ur des vall\u00e9es, Thurso, Qu\u00e9bec. En octobre 2016 ils ont\u00a0march\u00e9 plusieurs centaines de km\u00a0pour la paix et contre l&rsquo;intimidation.<\/div>\n<div><\/div>\n<div>\u00a0.<\/div>\n<div><\/div>\n<div><img loading=\"lazy\" decoding=\"async\" class=\"alignnone size-medium\" src=\"https:\/\/www.pressenza.com\/wp-content\/uploads\/2017\/03\/Un-futur-sans-bombes-nucl--aires-6.jpg\" width=\"800\" height=\"450\" \/><\/div>\n<div><img loading=\"lazy\" decoding=\"async\" class=\"alignnone size-medium\" src=\"https:\/\/www.pressenza.com\/wp-content\/uploads\/2017\/03\/Un-futur-sans-bombes-nucl--aires-7.jpg\" width=\"500\" height=\"889\" \/><\/div>\n<div>\u00c9l\u00e8ves de l&rsquo;\u00e9cole St-Jean-de-Brebeuf, de la\u00a0commission scolaire c\u0153ur des vall\u00e9es. Ils ont cr\u00e9\u00e9 un symbole\u00a0pour la paix et une chanson en octobre\u00a02016.<\/div>\n","protected":false},"excerpt":{"rendered":"<p>Ce printemps, impliquons les jeunes et les \u00e9l\u00e8ves et travaillons ensemble pour un futur sans armes nucl\u00e9aires ! Dans le cadre de sa campagne annuelle \u00ab La bonne connaissance m\u00e8ne\u00a0\u00e0\u00a0la r\u00e9conciliation et \u00e9vite la confrontation\u00a0\u00bb, le programme d&rsquo;activit\u00e9s\u00a0scolaires D\u00e9fi Nonviolent&hellip;<\/p>\n","protected":false},"author":63,"featured_media":449015,"comment_status":"closed","ping_status":"closed","sticky":false,"template":"","format":"standard","meta":{"footnotes":""},"categories":[11386,1248],"tags":[8810,27814,36146],"class_list":["post-448966","post","type-post","status-publish","format-standard","has-post-thumbnail","hentry","category-contenu-original","category-nonviolence-sujet","tag-bonne-connaissance","tag-defi-nonviolent","tag-futur-sans-bombes-nucleaires"],"yoast_head":"<!-- This site is optimized with the Yoast SEO plugin v27.1.1 - https:\/\/yoast.com\/product\/yoast-seo-wordpress\/ -->\n<title>Un futur sans armes nucl\u00e9aires !\u00a0<\/title>\n<meta name=\"description\" content=\"Ce printemps, impliquons les jeunes et les \u00e9l\u00e8ves et travaillons ensemble pour un futur sans armes nucl\u00e9aires ! Dans le cadre de sa campagne annuelle \u00ab La\" \/>\n<meta name=\"robots\" content=\"index, follow, max-snippet:-1, max-image-preview:large, max-video-preview:-1\" \/>\n<link rel=\"canonical\" href=\"https:\/\/www.pressenza.com\/fr\/2017\/03\/un-futur-sans-bombes-nucleaires\/\" \/>\n<meta property=\"og:locale\" content=\"fr_FR\" \/>\n<meta property=\"og:type\" content=\"article\" \/>\n<meta property=\"og:title\" content=\"Un futur sans armes nucl\u00e9aires !\u00a0\" \/>\n<meta property=\"og:description\" content=\"Ce printemps, impliquons les jeunes et les \u00e9l\u00e8ves et travaillons ensemble pour un futur sans armes nucl\u00e9aires ! Dans le cadre de sa campagne annuelle \u00ab La\" \/>\n<meta property=\"og:url\" content=\"https:\/\/www.pressenza.com\/fr\/2017\/03\/un-futur-sans-bombes-nucleaires\/\" \/>\n<meta property=\"og:site_name\" content=\"Pressenza\" \/>\n<meta property=\"article:publisher\" content=\"https:\/\/www.facebook.com\/PressenzaItalia\" \/>\n<meta property=\"article:published_time\" content=\"2017-03-29T18:19:27+00:00\" \/>\n<meta property=\"article:modified_time\" content=\"2017-04-09T20:47:10+00:00\" \/>\n<meta property=\"og:image\" content=\"https:\/\/www.pressenza.com\/wp-content\/uploads\/2017\/03\/Un-futur-sans-bombes-nucl--aires-1.jpg\" \/>\n\t<meta property=\"og:image:width\" content=\"750\" \/>\n\t<meta property=\"og:image:height\" content=\"472\" \/>\n\t<meta property=\"og:image:type\" content=\"image\/jpeg\" \/>\n<meta name=\"author\" content=\"Anne Farrell\" \/>\n<meta name=\"twitter:card\" content=\"summary_large_image\" \/>\n<meta name=\"twitter:creator\" content=\"@PressenzaIPA\" \/>\n<meta name=\"twitter:site\" content=\"@PressenzaIPA\" \/>\n<meta name=\"twitter:label1\" content=\"\u00c9crit par\" \/>\n\t<meta name=\"twitter:data1\" content=\"Anne Farrell\" \/>\n\t<meta name=\"twitter:label2\" content=\"Dur\u00e9e de lecture estim\u00e9e\" \/>\n\t<meta name=\"twitter:data2\" content=\"5 minutes\" \/>\n<script type=\"application\/ld+json\" class=\"yoast-schema-graph\">{\"@context\":\"https:\/\/schema.org\",\"@graph\":[{\"@type\":\"Article\",\"@id\":\"https:\/\/www.pressenza.com\/fr\/2017\/03\/un-futur-sans-bombes-nucleaires\/#article\",\"isPartOf\":{\"@id\":\"https:\/\/www.pressenza.com\/fr\/2017\/03\/un-futur-sans-bombes-nucleaires\/\"},\"author\":{\"name\":\"Anne Farrell\",\"@id\":\"https:\/\/www.pressenza.com\/fr\/#\/schema\/person\/06fe29d0640b1b3c6e87b05e162391e0\"},\"headline\":\"Un futur sans armes nucl\u00e9aires !\u00a0\",\"datePublished\":\"2017-03-29T18:19:27+00:00\",\"dateModified\":\"2017-04-09T20:47:10+00:00\",\"mainEntityOfPage\":{\"@id\":\"https:\/\/www.pressenza.com\/fr\/2017\/03\/un-futur-sans-bombes-nucleaires\/\"},\"wordCount\":1094,\"publisher\":{\"@id\":\"https:\/\/www.pressenza.com\/fr\/#organization\"},\"image\":{\"@id\":\"https:\/\/www.pressenza.com\/fr\/2017\/03\/un-futur-sans-bombes-nucleaires\/#primaryimage\"},\"thumbnailUrl\":\"https:\/\/www.pressenza.com\/wp-content\/uploads\/2017\/03\/Un-futur-sans-bombes-nucl--aires-1.jpg\",\"keywords\":[\"bonne connaissance\",\"D\u00e9fi nonviolent\",\"futur sans bombes nucl\u00e9aires\"],\"articleSection\":[\"Contenu Original\",\"Non-violence\"],\"inLanguage\":\"fr-FR\"},{\"@type\":\"WebPage\",\"@id\":\"https:\/\/www.pressenza.com\/fr\/2017\/03\/un-futur-sans-bombes-nucleaires\/\",\"url\":\"https:\/\/www.pressenza.com\/fr\/2017\/03\/un-futur-sans-bombes-nucleaires\/\",\"name\":\"Un futur sans armes nucl\u00e9aires !\u00a0\",\"isPartOf\":{\"@id\":\"https:\/\/www.pressenza.com\/fr\/#website\"},\"primaryImageOfPage\":{\"@id\":\"https:\/\/www.pressenza.com\/fr\/2017\/03\/un-futur-sans-bombes-nucleaires\/#primaryimage\"},\"image\":{\"@id\":\"https:\/\/www.pressenza.com\/fr\/2017\/03\/un-futur-sans-bombes-nucleaires\/#primaryimage\"},\"thumbnailUrl\":\"https:\/\/www.pressenza.com\/wp-content\/uploads\/2017\/03\/Un-futur-sans-bombes-nucl--aires-1.jpg\",\"datePublished\":\"2017-03-29T18:19:27+00:00\",\"dateModified\":\"2017-04-09T20:47:10+00:00\",\"description\":\"Ce printemps, impliquons les jeunes et les \u00e9l\u00e8ves et travaillons ensemble pour un futur sans armes nucl\u00e9aires ! Dans le cadre de sa campagne annuelle \u00ab La\",\"breadcrumb\":{\"@id\":\"https:\/\/www.pressenza.com\/fr\/2017\/03\/un-futur-sans-bombes-nucleaires\/#breadcrumb\"},\"inLanguage\":\"fr-FR\",\"potentialAction\":[{\"@type\":\"ReadAction\",\"target\":[\"https:\/\/www.pressenza.com\/fr\/2017\/03\/un-futur-sans-bombes-nucleaires\/\"]}]},{\"@type\":\"ImageObject\",\"inLanguage\":\"fr-FR\",\"@id\":\"https:\/\/www.pressenza.com\/fr\/2017\/03\/un-futur-sans-bombes-nucleaires\/#primaryimage\",\"url\":\"https:\/\/www.pressenza.com\/wp-content\/uploads\/2017\/03\/Un-futur-sans-bombes-nucl--aires-1.jpg\",\"contentUrl\":\"https:\/\/www.pressenza.com\/wp-content\/uploads\/2017\/03\/Un-futur-sans-bombes-nucl--aires-1.jpg\",\"width\":750,\"height\":472},{\"@type\":\"BreadcrumbList\",\"@id\":\"https:\/\/www.pressenza.com\/fr\/2017\/03\/un-futur-sans-bombes-nucleaires\/#breadcrumb\",\"itemListElement\":[{\"@type\":\"ListItem\",\"position\":1,\"name\":\"Accueil\",\"item\":\"https:\/\/www.pressenza.com\/fr\/\"},{\"@type\":\"ListItem\",\"position\":2,\"name\":\"Un futur sans armes nucl\u00e9aires !\u00a0\"}]},{\"@type\":\"WebSite\",\"@id\":\"https:\/\/www.pressenza.com\/fr\/#website\",\"url\":\"https:\/\/www.pressenza.com\/fr\/\",\"name\":\"Pressenza\",\"description\":\"International Press Agency\",\"publisher\":{\"@id\":\"https:\/\/www.pressenza.com\/fr\/#organization\"},\"potentialAction\":[{\"@type\":\"SearchAction\",\"target\":{\"@type\":\"EntryPoint\",\"urlTemplate\":\"https:\/\/www.pressenza.com\/fr\/?s={search_term_string}\"},\"query-input\":{\"@type\":\"PropertyValueSpecification\",\"valueRequired\":true,\"valueName\":\"search_term_string\"}}],\"inLanguage\":\"fr-FR\"},{\"@type\":\"Organization\",\"@id\":\"https:\/\/www.pressenza.com\/fr\/#organization\",\"name\":\"Pressenza\",\"url\":\"https:\/\/www.pressenza.com\/fr\/\",\"logo\":{\"@type\":\"ImageObject\",\"inLanguage\":\"fr-FR\",\"@id\":\"https:\/\/www.pressenza.com\/fr\/#\/schema\/logo\/image\/\",\"url\":\"https:\/\/www.pressenza.com\/wp-content\/uploads\/2022\/10\/pressenza_logo_200x200.jpg\",\"contentUrl\":\"https:\/\/www.pressenza.com\/wp-content\/uploads\/2022\/10\/pressenza_logo_200x200.jpg\",\"width\":200,\"height\":200,\"caption\":\"Pressenza\"},\"image\":{\"@id\":\"https:\/\/www.pressenza.com\/fr\/#\/schema\/logo\/image\/\"},\"sameAs\":[\"https:\/\/www.facebook.com\/PressenzaItalia\",\"https:\/\/x.com\/PressenzaIPA\"]},{\"@type\":\"Person\",\"@id\":\"https:\/\/www.pressenza.com\/fr\/#\/schema\/person\/06fe29d0640b1b3c6e87b05e162391e0\",\"name\":\"Anne Farrell\",\"description\":\"Anne Farrell is the author of the books: A meaning of Life that defied the unbearable fate in mass extinction, A tribute to reconciliation and its missing image in the Western World\",\"url\":\"https:\/\/www.pressenza.com\/fr\/author\/anne-farrell\/\"}]}<\/script>\n<!-- \/ Yoast SEO plugin. -->","yoast_head_json":{"title":"Un futur sans armes nucl\u00e9aires !\u00a0","description":"Ce printemps, impliquons les jeunes et les \u00e9l\u00e8ves et travaillons ensemble pour un futur sans armes nucl\u00e9aires ! Dans le cadre de sa campagne annuelle \u00ab La","robots":{"index":"index","follow":"follow","max-snippet":"max-snippet:-1","max-image-preview":"max-image-preview:large","max-video-preview":"max-video-preview:-1"},"canonical":"https:\/\/www.pressenza.com\/fr\/2017\/03\/un-futur-sans-bombes-nucleaires\/","og_locale":"fr_FR","og_type":"article","og_title":"Un futur sans armes nucl\u00e9aires !\u00a0","og_description":"Ce printemps, impliquons les jeunes et les \u00e9l\u00e8ves et travaillons ensemble pour un futur sans armes nucl\u00e9aires ! Dans le cadre de sa campagne annuelle \u00ab La","og_url":"https:\/\/www.pressenza.com\/fr\/2017\/03\/un-futur-sans-bombes-nucleaires\/","og_site_name":"Pressenza","article_publisher":"https:\/\/www.facebook.com\/PressenzaItalia","article_published_time":"2017-03-29T18:19:27+00:00","article_modified_time":"2017-04-09T20:47:10+00:00","og_image":[{"width":750,"height":472,"url":"https:\/\/www.pressenza.com\/wp-content\/uploads\/2017\/03\/Un-futur-sans-bombes-nucl--aires-1.jpg","type":"image\/jpeg"}],"author":"Anne Farrell","twitter_card":"summary_large_image","twitter_creator":"@PressenzaIPA","twitter_site":"@PressenzaIPA","twitter_misc":{"\u00c9crit par":"Anne Farrell","Dur\u00e9e de lecture estim\u00e9e":"5 minutes"},"schema":{"@context":"https:\/\/schema.org","@graph":[{"@type":"Article","@id":"https:\/\/www.pressenza.com\/fr\/2017\/03\/un-futur-sans-bombes-nucleaires\/#article","isPartOf":{"@id":"https:\/\/www.pressenza.com\/fr\/2017\/03\/un-futur-sans-bombes-nucleaires\/"},"author":{"name":"Anne Farrell","@id":"https:\/\/www.pressenza.com\/fr\/#\/schema\/person\/06fe29d0640b1b3c6e87b05e162391e0"},"headline":"Un futur sans armes nucl\u00e9aires !\u00a0","datePublished":"2017-03-29T18:19:27+00:00","dateModified":"2017-04-09T20:47:10+00:00","mainEntityOfPage":{"@id":"https:\/\/www.pressenza.com\/fr\/2017\/03\/un-futur-sans-bombes-nucleaires\/"},"wordCount":1094,"publisher":{"@id":"https:\/\/www.pressenza.com\/fr\/#organization"},"image":{"@id":"https:\/\/www.pressenza.com\/fr\/2017\/03\/un-futur-sans-bombes-nucleaires\/#primaryimage"},"thumbnailUrl":"https:\/\/www.pressenza.com\/wp-content\/uploads\/2017\/03\/Un-futur-sans-bombes-nucl--aires-1.jpg","keywords":["bonne connaissance","D\u00e9fi nonviolent","futur sans bombes nucl\u00e9aires"],"articleSection":["Contenu Original","Non-violence"],"inLanguage":"fr-FR"},{"@type":"WebPage","@id":"https:\/\/www.pressenza.com\/fr\/2017\/03\/un-futur-sans-bombes-nucleaires\/","url":"https:\/\/www.pressenza.com\/fr\/2017\/03\/un-futur-sans-bombes-nucleaires\/","name":"Un futur sans armes nucl\u00e9aires !\u00a0","isPartOf":{"@id":"https:\/\/www.pressenza.com\/fr\/#website"},"primaryImageOfPage":{"@id":"https:\/\/www.pressenza.com\/fr\/2017\/03\/un-futur-sans-bombes-nucleaires\/#primaryimage"},"image":{"@id":"https:\/\/www.pressenza.com\/fr\/2017\/03\/un-futur-sans-bombes-nucleaires\/#primaryimage"},"thumbnailUrl":"https:\/\/www.pressenza.com\/wp-content\/uploads\/2017\/03\/Un-futur-sans-bombes-nucl--aires-1.jpg","datePublished":"2017-03-29T18:19:27+00:00","dateModified":"2017-04-09T20:47:10+00:00","description":"Ce printemps, impliquons les jeunes et les \u00e9l\u00e8ves et travaillons ensemble pour un futur sans armes nucl\u00e9aires ! Dans le cadre de sa campagne annuelle \u00ab La","breadcrumb":{"@id":"https:\/\/www.pressenza.com\/fr\/2017\/03\/un-futur-sans-bombes-nucleaires\/#breadcrumb"},"inLanguage":"fr-FR","potentialAction":[{"@type":"ReadAction","target":["https:\/\/www.pressenza.com\/fr\/2017\/03\/un-futur-sans-bombes-nucleaires\/"]}]},{"@type":"ImageObject","inLanguage":"fr-FR","@id":"https:\/\/www.pressenza.com\/fr\/2017\/03\/un-futur-sans-bombes-nucleaires\/#primaryimage","url":"https:\/\/www.pressenza.com\/wp-content\/uploads\/2017\/03\/Un-futur-sans-bombes-nucl--aires-1.jpg","contentUrl":"https:\/\/www.pressenza.com\/wp-content\/uploads\/2017\/03\/Un-futur-sans-bombes-nucl--aires-1.jpg","width":750,"height":472},{"@type":"BreadcrumbList","@id":"https:\/\/www.pressenza.com\/fr\/2017\/03\/un-futur-sans-bombes-nucleaires\/#breadcrumb","itemListElement":[{"@type":"ListItem","position":1,"name":"Accueil","item":"https:\/\/www.pressenza.com\/fr\/"},{"@type":"ListItem","position":2,"name":"Un futur sans armes nucl\u00e9aires !\u00a0"}]},{"@type":"WebSite","@id":"https:\/\/www.pressenza.com\/fr\/#website","url":"https:\/\/www.pressenza.com\/fr\/","name":"Pressenza","description":"International Press Agency","publisher":{"@id":"https:\/\/www.pressenza.com\/fr\/#organization"},"potentialAction":[{"@type":"SearchAction","target":{"@type":"EntryPoint","urlTemplate":"https:\/\/www.pressenza.com\/fr\/?s={search_term_string}"},"query-input":{"@type":"PropertyValueSpecification","valueRequired":true,"valueName":"search_term_string"}}],"inLanguage":"fr-FR"},{"@type":"Organization","@id":"https:\/\/www.pressenza.com\/fr\/#organization","name":"Pressenza","url":"https:\/\/www.pressenza.com\/fr\/","logo":{"@type":"ImageObject","inLanguage":"fr-FR","@id":"https:\/\/www.pressenza.com\/fr\/#\/schema\/logo\/image\/","url":"https:\/\/www.pressenza.com\/wp-content\/uploads\/2022\/10\/pressenza_logo_200x200.jpg","contentUrl":"https:\/\/www.pressenza.com\/wp-content\/uploads\/2022\/10\/pressenza_logo_200x200.jpg","width":200,"height":200,"caption":"Pressenza"},"image":{"@id":"https:\/\/www.pressenza.com\/fr\/#\/schema\/logo\/image\/"},"sameAs":["https:\/\/www.facebook.com\/PressenzaItalia","https:\/\/x.com\/PressenzaIPA"]},{"@type":"Person","@id":"https:\/\/www.pressenza.com\/fr\/#\/schema\/person\/06fe29d0640b1b3c6e87b05e162391e0","name":"Anne Farrell","description":"Anne Farrell is the author of the books: A meaning of Life that defied the unbearable fate in mass extinction, A tribute to reconciliation and its missing image in the Western World","url":"https:\/\/www.pressenza.com\/fr\/author\/anne-farrell\/"}]}},"place":"","original_article_url":"","_links":{"self":[{"href":"https:\/\/www.pressenza.com\/fr\/wp-json\/wp\/v2\/posts\/448966","targetHints":{"allow":["GET"]}}],"collection":[{"href":"https:\/\/www.pressenza.com\/fr\/wp-json\/wp\/v2\/posts"}],"about":[{"href":"https:\/\/www.pressenza.com\/fr\/wp-json\/wp\/v2\/types\/post"}],"author":[{"embeddable":true,"href":"https:\/\/www.pressenza.com\/fr\/wp-json\/wp\/v2\/users\/63"}],"replies":[{"embeddable":true,"href":"https:\/\/www.pressenza.com\/fr\/wp-json\/wp\/v2\/comments?post=448966"}],"version-history":[{"count":0,"href":"https:\/\/www.pressenza.com\/fr\/wp-json\/wp\/v2\/posts\/448966\/revisions"}],"wp:featuredmedia":[{"embeddable":true,"href":"https:\/\/www.pressenza.com\/fr\/wp-json\/wp\/v2\/media\/449015"}],"wp:attachment":[{"href":"https:\/\/www.pressenza.com\/fr\/wp-json\/wp\/v2\/media?parent=448966"}],"wp:term":[{"taxonomy":"category","embeddable":true,"href":"https:\/\/www.pressenza.com\/fr\/wp-json\/wp\/v2\/categories?post=448966"},{"taxonomy":"post_tag","embeddable":true,"href":"https:\/\/www.pressenza.com\/fr\/wp-json\/wp\/v2\/tags?post=448966"}],"curies":[{"name":"wp","href":"https:\/\/api.w.org\/{rel}","templated":true}]}}