{"id":447630,"date":"2017-03-26T21:23:27","date_gmt":"2017-03-26T20:23:27","guid":{"rendered":"https:\/\/www.pressenza.com\/?p=447630\/"},"modified":"2019-07-28T19:33:51","modified_gmt":"2019-07-28T18:33:51","slug":"interdiction-armes-nucleaires-traite-de-tlatelolco-fete-50eme-anniversaire","status":"publish","type":"post","link":"https:\/\/www.pressenza.com\/fr\/2017\/03\/interdiction-armes-nucleaires-traite-de-tlatelolco-fete-50eme-anniversaire\/","title":{"rendered":"[Interdiction des armes nucl\u00e9aires] Le trait\u00e9 de Tlatelolco f\u00eate son 50\u00e8me anniversaire"},"content":{"rendered":"<p class=\"entry-title\"><strong>Alors que la premi\u00e8re session des\u00a0n\u00e9gociations d\u2019un trait\u00e9 d\u2019interdiction des armes nucl\u00e9aires se tiendra au si\u00e8ge des\u00a0Nations unies \u00e0 New-York du 27 au 31 mars, retour sur le trait\u00e9 de Tlatelolco avec lequel est n\u00e9e la premi\u00e8re zone exempte d\u2019armes nucl\u00e9aires dans une r\u00e9gion dens\u00e9ment peupl\u00e9e (l\u2019Am\u00e9rique latine et les Cara\u00efbes) et qui a f\u00eat\u00e9 ses 50 ans le mois dernier. \u00a0<\/strong><\/p>\n<div class=\"entry-meta\">\n<p>Peu apr\u00e8s la crise des missiles cubains en octobre 1962, les efforts diplomatiques pour lib\u00e9rer l\u2019Am\u00e9rique latine et les Cara\u00efbes de la menace des armes nucl\u00e9aires commenc\u00e8rent. C\u2019est le 14 f\u00e9vrier 1967 que sera finalement sign\u00e9 le \u00ab\u202fTrait\u00e9 visant \u00e0 l\u2019interdiction des armes nucl\u00e9aires en Am\u00e9rique latine\u202f\u00bb, souvent appel\u00e9 trait\u00e9 de Tlatelolco, du nom azt\u00e8que du quartier de Mexico o\u00f9 se tenaient les n\u00e9gociations. Pour son r\u00f4le cl\u00e9 dans cet accord, le diplomate mexicain Alfonso Garc\u00eda Robles recevra le <a href=\"http:\/\/www.nobelprize.org\/nobel_prizes\/peace\/laureates\/1982\/\" target=\"_blank\">prix Nobel de la Paix en 1982<\/a>.<\/p>\n<p>Cet accord r\u00e9gional, sign\u00e9 et ratifi\u00e9 par l\u2019int\u00e9gralit\u00e9 des trente-trois \u00c9tats d\u2019Am\u00e9rique latine et des Cara\u00efbes interdit les essais, l\u2019utilisation, la fabrication, la production, l\u2019acquisition ou le stationnement de toute arme nucl\u00e9aire \u00e0 l\u2019int\u00e9rieur de la <a href=\"http:\/\/www.opanal.org\/zona-de-aplicacion\/\" target=\"_blank\">zone couverte par le trait\u00e9<\/a>, qualifi\u00e9e depuis de zone exempte d\u2019armes nucl\u00e9aires (ZEAN).<\/p>\n<p>Le trait\u00e9 assure en outre la d\u00e9nucl\u00e9arisation militaire des territoires sous le contr\u00f4le d\u2019autres \u00c9tats (la Guyane fran\u00e7aise par exemple) et offre des garanties de s\u00e9curit\u00e9 n\u00e9gatives, c\u2019est \u00e0 dire l\u2019engagement de la part des \u00c9tats dot\u00e9s d\u2019armes nucl\u00e9aires qu\u2019ils ne feront pas usage ou ne menaceront pas de faire usage de ces armes contre les \u00c9tats de la zone.<\/p>\n<p>Enfin, le trait\u00e9 de Tlatelolco l\u00e8ve une ambigu\u00eft\u00e9 du Trait\u00e9 sur la non-prolif\u00e9ration des armes nucl\u00e9aires (TNP) en interdisant non seulement le transfert des armes nucl\u00e9aires mais \u00e9galement leur stationnement sur le territoire des \u00c9tats parties, ce que ne fait pas le TNP. C\u2019est cette impr\u00e9cision qui permet aujourd\u2019hui aux \u00c9tats-Unis de conserver des armes nucl\u00e9aires dans un certain nombre de pays d\u2019Europe.<\/p>\n<p>Il y a maintenant cinq zones exemptes d\u2019armes nucl\u00e9aires dans le monde. Outre l\u2019Am\u00e9rique latine, les \u00c9tats du <a href=\"http:\/\/www.obsarm.org\/obsnuc\/traites-et-conventions\/francais\/rarotonga.htm\" target=\"_blank\">Pacifique sud<\/a>, d\u2019<a href=\"http:\/\/www.obsarm.org\/obsnuc\/traites-et-conventions\/francais\/bangkok.htm\" target=\"_blank\">Asie du sud-est<\/a>, d\u2019<a href=\"http:\/\/www.obsarm.org\/obsnuc\/traites-et-conventions\/francais\/pelindaba.htm\" target=\"_blank\">Afrique<\/a> et d\u2019<a href=\"http:\/\/www.obsarm.org\/obsnuc\/traites-et-conventions\/francais\/armes-nuc-asie-centr-onu.htm\" target=\"_blank\">Asie centrale<\/a> ont conclu des accords similaires. La Mongolie s\u2019est auto-d\u00e9clar\u00e9e zone exempte, et a \u00e9t\u00e9 <a href=\"http:\/\/www.un.org\/french\/documents\/view_doc.asp?symbol=A\/RES\/55\/33&amp;Lang=F\" target=\"_blank\">reconnue comme telle<\/a> par l\u2019Assembl\u00e9e g\u00e9n\u00e9rale des Nations unies. Il existe \u00e9galement des trait\u00e9s couvrant l\u2019<a href=\"http:\/\/www.obsarm.org\/obsnuc\/traites-et-conventions\/francais\/antarctique.htm\" target=\"_blank\">Antarctique<\/a>, l\u2019<a href=\"http:\/\/www.un.org\/fr\/disarmament\/instruments\/tspace.shtml\" target=\"_blank\">espace extra-atmosph\u00e9rique<\/a>, la <a href=\"http:\/\/www.un.org\/fr\/disarmament\/instruments\/tmoon.shtml\" target=\"_blank\">Lune<\/a> et les <a href=\"http:\/\/www.obsarm.org\/obsnuc\/traites-et-conventions\/francais\/armes-nuc-fonds-marins.htm\" target=\"_blank\">fonds marins<\/a>. L\u2019Assembl\u00e9e g\u00e9n\u00e9rale des Nations unies reconna\u00eet d\u2019ailleurs, dans une <a href=\"http:\/\/www.un.org\/french\/documents\/view_doc.asp?symbol=A\/RES\/3472(XXX)&amp;Lang=F\" target=\"_blank\">r\u00e9solution du 11 d\u00e9cembre 1975<\/a>, que \u00ab\u202fles zones exemptes d\u2019armes nucl\u00e9aires constituent l\u2019un des moyens les plus efficaces d\u2019emp\u00eacher la prolif\u00e9ration tant horizontale que verticale des armes nucl\u00e9aires et de contribuer \u00e0 \u00e9liminer le danger d\u2019une catastrophe nucl\u00e9aire\u202f\u00bb.<\/p>\n<p>Dans leur <a href=\"http:\/\/www.opanal.org\/declaracion-50-aniversario-del-tratado-de-tlatelolco\/\" target=\"_blank\">d\u00e9claration<\/a> pour le cinquanti\u00e8me anniversaire de la conclusion du trait\u00e9 de Tlatelolco, les \u00c9tats membres condamnent s\u00e9v\u00e8rement \u00ab\u202fla modernisation des armes nucl\u00e9aires existantes et le d\u00e9veloppement de nouvelles armes\u202f\u00bb incompatibles avec les engagements pris par les \u00c9tats dot\u00e9s dans le cadre du TNP, et rappellent que la seule initiative actuelle ayant le potentiel de faire avancer le d\u00e9sarmement nucl\u00e9aire est la <a href=\"http:\/\/icanfrance.org\/negociation\/\" target=\"_blank\">conf\u00e9rence de n\u00e9gociation d\u2019un trait\u00e9 d\u2019interdiction<\/a> qui se tiendra au si\u00e8ge de l\u2019ONU \u00e0 New York \u00e0 partir de mars 2017. La France serait bien avis\u00e9e d\u2019\u00e9couter ces \u00c9tats pionniers qui ont compris il y a cinquante ans que \u00ab\u202fla seule garantie efficace contre l\u2019emploi ou la menace de l\u2019emploi des armes nucl\u00e9aires est leur interdiction et leur \u00e9limination\u202f\u00bb.<\/p>\n<\/div>\n","protected":false},"excerpt":{"rendered":"<p>Alors que la premi\u00e8re session des\u00a0n\u00e9gociations d\u2019un trait\u00e9 d\u2019interdiction des armes nucl\u00e9aires se tiendra au si\u00e8ge des\u00a0Nations unies \u00e0 New-York du 27 au 31 mars, retour sur le trait\u00e9 de Tlatelolco avec lequel est n\u00e9e la premi\u00e8re zone exempte d\u2019armes&hellip;<\/p>\n","protected":false},"author":1000,"featured_media":447687,"comment_status":"closed","ping_status":"closed","sticky":false,"template":"","format":"standard","meta":{"footnotes":""},"categories":[88,86,40,1250],"tags":[6674,46791],"class_list":["post-447630","post","type-post","status-publish","format-standard","has-post-thumbnail","hentry","category-amerique-centrale","category-amerique-du-sud","category-international-fr","category-paix-desarmement","tag-traite-de-tlatelolco","tag-traite-sur-linterdiction-des-armes-nucleaires"],"yoast_head":"<!-- This site is optimized with the Yoast SEO plugin v27.1.1 - https:\/\/yoast.com\/product\/yoast-seo-wordpress\/ -->\n<title>[Interdiction des armes nucl\u00e9aires] Le trait\u00e9 de Tlatelolco f\u00eate son 50\u00e8me anniversaire<\/title>\n<meta name=\"description\" content=\"Alors que la premi\u00e8re session des\u00a0n\u00e9gociations d\u2019un trait\u00e9 d\u2019interdiction des armes nucl\u00e9aires se tiendra au si\u00e8ge des\u00a0Nations unies \u00e0 New-York du 27 au\" \/>\n<meta name=\"robots\" content=\"index, follow, max-snippet:-1, max-image-preview:large, max-video-preview:-1\" \/>\n<link rel=\"canonical\" href=\"https:\/\/www.pressenza.com\/fr\/2017\/03\/interdiction-armes-nucleaires-traite-de-tlatelolco-fete-50eme-anniversaire\/\" \/>\n<meta property=\"og:locale\" content=\"fr_FR\" \/>\n<meta property=\"og:type\" content=\"article\" \/>\n<meta property=\"og:title\" content=\"[Interdiction des armes nucl\u00e9aires] Le trait\u00e9 de Tlatelolco f\u00eate son 50\u00e8me anniversaire\" \/>\n<meta property=\"og:description\" content=\"Alors que la premi\u00e8re session des\u00a0n\u00e9gociations d\u2019un trait\u00e9 d\u2019interdiction des armes nucl\u00e9aires se tiendra au si\u00e8ge des\u00a0Nations unies \u00e0 New-York du 27 au\" \/>\n<meta property=\"og:url\" content=\"https:\/\/www.pressenza.com\/fr\/2017\/03\/interdiction-armes-nucleaires-traite-de-tlatelolco-fete-50eme-anniversaire\/\" \/>\n<meta property=\"og:site_name\" content=\"Pressenza\" \/>\n<meta property=\"article:publisher\" content=\"https:\/\/www.facebook.com\/PressenzaItalia\" \/>\n<meta property=\"article:author\" content=\"https:\/\/www.facebook.com\/icanw.org\" \/>\n<meta property=\"article:published_time\" content=\"2017-03-26T20:23:27+00:00\" \/>\n<meta property=\"article:modified_time\" content=\"2019-07-28T18:33:51+00:00\" \/>\n<meta property=\"og:image\" content=\"https:\/\/www.pressenza.com\/wp-content\/uploads\/2017\/03\/trait---de-Tlatelolco-50--me-anniversaire.jpg\" \/>\n\t<meta property=\"og:image:width\" content=\"750\" \/>\n\t<meta property=\"og:image:height\" content=\"468\" \/>\n\t<meta property=\"og:image:type\" content=\"image\/jpeg\" \/>\n<meta name=\"author\" content=\"International Campaign to Abolish Nuclear Weapons\" \/>\n<meta name=\"twitter:card\" content=\"summary_large_image\" \/>\n<meta name=\"twitter:creator\" content=\"@nuclearban\" \/>\n<meta name=\"twitter:site\" content=\"@PressenzaIPA\" \/>\n<meta name=\"twitter:label1\" content=\"\u00c9crit par\" \/>\n\t<meta name=\"twitter:data1\" content=\"International Campaign to Abolish Nuclear Weapons\" \/>\n\t<meta name=\"twitter:label2\" content=\"Dur\u00e9e de lecture estim\u00e9e\" \/>\n\t<meta name=\"twitter:data2\" content=\"3 minutes\" \/>\n<script type=\"application\/ld+json\" class=\"yoast-schema-graph\">{\"@context\":\"https:\/\/schema.org\",\"@graph\":[{\"@type\":\"Article\",\"@id\":\"https:\/\/www.pressenza.com\/fr\/2017\/03\/interdiction-armes-nucleaires-traite-de-tlatelolco-fete-50eme-anniversaire\/#article\",\"isPartOf\":{\"@id\":\"https:\/\/www.pressenza.com\/fr\/2017\/03\/interdiction-armes-nucleaires-traite-de-tlatelolco-fete-50eme-anniversaire\/\"},\"author\":{\"name\":\"International Campaign to Abolish Nuclear Weapons\",\"@id\":\"https:\/\/www.pressenza.com\/fr\/#\/schema\/person\/aa7c55b36390ee5908d729832f09fc22\"},\"headline\":\"[Interdiction des armes nucl\u00e9aires] Le trait\u00e9 de Tlatelolco f\u00eate son 50\u00e8me anniversaire\",\"datePublished\":\"2017-03-26T20:23:27+00:00\",\"dateModified\":\"2019-07-28T18:33:51+00:00\",\"mainEntityOfPage\":{\"@id\":\"https:\/\/www.pressenza.com\/fr\/2017\/03\/interdiction-armes-nucleaires-traite-de-tlatelolco-fete-50eme-anniversaire\/\"},\"wordCount\":677,\"publisher\":{\"@id\":\"https:\/\/www.pressenza.com\/fr\/#organization\"},\"image\":{\"@id\":\"https:\/\/www.pressenza.com\/fr\/2017\/03\/interdiction-armes-nucleaires-traite-de-tlatelolco-fete-50eme-anniversaire\/#primaryimage\"},\"thumbnailUrl\":\"https:\/\/www.pressenza.com\/wp-content\/uploads\/2017\/03\/trait---de-Tlatelolco-50--me-anniversaire.jpg\",\"keywords\":[\"Trait\u00e9 de Tlatelolco\",\"trait\u00e9 sur l'interdiction des armes nucl\u00e9aires\"],\"articleSection\":[\"Am\u00e9rique centrale\",\"Am\u00e9rique du Sud\",\"International\",\"Paix et D\u00e9sarmement\"],\"inLanguage\":\"fr-FR\"},{\"@type\":\"WebPage\",\"@id\":\"https:\/\/www.pressenza.com\/fr\/2017\/03\/interdiction-armes-nucleaires-traite-de-tlatelolco-fete-50eme-anniversaire\/\",\"url\":\"https:\/\/www.pressenza.com\/fr\/2017\/03\/interdiction-armes-nucleaires-traite-de-tlatelolco-fete-50eme-anniversaire\/\",\"name\":\"[Interdiction des armes nucl\u00e9aires] Le trait\u00e9 de Tlatelolco f\u00eate son 50\u00e8me anniversaire\",\"isPartOf\":{\"@id\":\"https:\/\/www.pressenza.com\/fr\/#website\"},\"primaryImageOfPage\":{\"@id\":\"https:\/\/www.pressenza.com\/fr\/2017\/03\/interdiction-armes-nucleaires-traite-de-tlatelolco-fete-50eme-anniversaire\/#primaryimage\"},\"image\":{\"@id\":\"https:\/\/www.pressenza.com\/fr\/2017\/03\/interdiction-armes-nucleaires-traite-de-tlatelolco-fete-50eme-anniversaire\/#primaryimage\"},\"thumbnailUrl\":\"https:\/\/www.pressenza.com\/wp-content\/uploads\/2017\/03\/trait---de-Tlatelolco-50--me-anniversaire.jpg\",\"datePublished\":\"2017-03-26T20:23:27+00:00\",\"dateModified\":\"2019-07-28T18:33:51+00:00\",\"description\":\"Alors que la premi\u00e8re session des\u00a0n\u00e9gociations d\u2019un trait\u00e9 d\u2019interdiction des armes nucl\u00e9aires se tiendra au si\u00e8ge des\u00a0Nations unies \u00e0 New-York du 27 au\",\"breadcrumb\":{\"@id\":\"https:\/\/www.pressenza.com\/fr\/2017\/03\/interdiction-armes-nucleaires-traite-de-tlatelolco-fete-50eme-anniversaire\/#breadcrumb\"},\"inLanguage\":\"fr-FR\",\"potentialAction\":[{\"@type\":\"ReadAction\",\"target\":[\"https:\/\/www.pressenza.com\/fr\/2017\/03\/interdiction-armes-nucleaires-traite-de-tlatelolco-fete-50eme-anniversaire\/\"]}]},{\"@type\":\"ImageObject\",\"inLanguage\":\"fr-FR\",\"@id\":\"https:\/\/www.pressenza.com\/fr\/2017\/03\/interdiction-armes-nucleaires-traite-de-tlatelolco-fete-50eme-anniversaire\/#primaryimage\",\"url\":\"https:\/\/www.pressenza.com\/wp-content\/uploads\/2017\/03\/trait---de-Tlatelolco-50--me-anniversaire.jpg\",\"contentUrl\":\"https:\/\/www.pressenza.com\/wp-content\/uploads\/2017\/03\/trait---de-Tlatelolco-50--me-anniversaire.jpg\",\"width\":750,\"height\":468},{\"@type\":\"BreadcrumbList\",\"@id\":\"https:\/\/www.pressenza.com\/fr\/2017\/03\/interdiction-armes-nucleaires-traite-de-tlatelolco-fete-50eme-anniversaire\/#breadcrumb\",\"itemListElement\":[{\"@type\":\"ListItem\",\"position\":1,\"name\":\"Accueil\",\"item\":\"https:\/\/www.pressenza.com\/fr\/\"},{\"@type\":\"ListItem\",\"position\":2,\"name\":\"[Interdiction des armes nucl\u00e9aires] Le trait\u00e9 de Tlatelolco f\u00eate son 50\u00e8me anniversaire\"}]},{\"@type\":\"WebSite\",\"@id\":\"https:\/\/www.pressenza.com\/fr\/#website\",\"url\":\"https:\/\/www.pressenza.com\/fr\/\",\"name\":\"Pressenza\",\"description\":\"International Press Agency\",\"publisher\":{\"@id\":\"https:\/\/www.pressenza.com\/fr\/#organization\"},\"potentialAction\":[{\"@type\":\"SearchAction\",\"target\":{\"@type\":\"EntryPoint\",\"urlTemplate\":\"https:\/\/www.pressenza.com\/fr\/?s={search_term_string}\"},\"query-input\":{\"@type\":\"PropertyValueSpecification\",\"valueRequired\":true,\"valueName\":\"search_term_string\"}}],\"inLanguage\":\"fr-FR\"},{\"@type\":\"Organization\",\"@id\":\"https:\/\/www.pressenza.com\/fr\/#organization\",\"name\":\"Pressenza\",\"url\":\"https:\/\/www.pressenza.com\/fr\/\",\"logo\":{\"@type\":\"ImageObject\",\"inLanguage\":\"fr-FR\",\"@id\":\"https:\/\/www.pressenza.com\/fr\/#\/schema\/logo\/image\/\",\"url\":\"https:\/\/www.pressenza.com\/wp-content\/uploads\/2022\/10\/pressenza_logo_200x200.jpg\",\"contentUrl\":\"https:\/\/www.pressenza.com\/wp-content\/uploads\/2022\/10\/pressenza_logo_200x200.jpg\",\"width\":200,\"height\":200,\"caption\":\"Pressenza\"},\"image\":{\"@id\":\"https:\/\/www.pressenza.com\/fr\/#\/schema\/logo\/image\/\"},\"sameAs\":[\"https:\/\/www.facebook.com\/PressenzaItalia\",\"https:\/\/x.com\/PressenzaIPA\"]},{\"@type\":\"Person\",\"@id\":\"https:\/\/www.pressenza.com\/fr\/#\/schema\/person\/aa7c55b36390ee5908d729832f09fc22\",\"name\":\"International Campaign to Abolish Nuclear Weapons\",\"description\":\"The International Campaign to Abolish Nuclear Weapons (ICAN) is a global campaign coalition working to mobilize people in all countries to inspire, persuade and pressure their governments to initiate negotiations for a treaty banning nuclear weapons. It has 500 partner organizations in 103 countries, and was launched in 2007. www.icanw.org\",\"sameAs\":[\"http:\/\/www.icanw.org\",\"https:\/\/www.facebook.com\/icanw.org\",\"https:\/\/x.com\/nuclearban\"],\"url\":\"https:\/\/www.pressenza.com\/fr\/author\/international-campaign-to-abolish-nuclear-weapons\/\"}]}<\/script>\n<!-- \/ Yoast SEO plugin. -->","yoast_head_json":{"title":"[Interdiction des armes nucl\u00e9aires] Le trait\u00e9 de Tlatelolco f\u00eate son 50\u00e8me anniversaire","description":"Alors que la premi\u00e8re session des\u00a0n\u00e9gociations d\u2019un trait\u00e9 d\u2019interdiction des armes nucl\u00e9aires se tiendra au si\u00e8ge des\u00a0Nations unies \u00e0 New-York du 27 au","robots":{"index":"index","follow":"follow","max-snippet":"max-snippet:-1","max-image-preview":"max-image-preview:large","max-video-preview":"max-video-preview:-1"},"canonical":"https:\/\/www.pressenza.com\/fr\/2017\/03\/interdiction-armes-nucleaires-traite-de-tlatelolco-fete-50eme-anniversaire\/","og_locale":"fr_FR","og_type":"article","og_title":"[Interdiction des armes nucl\u00e9aires] Le trait\u00e9 de Tlatelolco f\u00eate son 50\u00e8me anniversaire","og_description":"Alors que la premi\u00e8re session des\u00a0n\u00e9gociations d\u2019un trait\u00e9 d\u2019interdiction des armes nucl\u00e9aires se tiendra au si\u00e8ge des\u00a0Nations unies \u00e0 New-York du 27 au","og_url":"https:\/\/www.pressenza.com\/fr\/2017\/03\/interdiction-armes-nucleaires-traite-de-tlatelolco-fete-50eme-anniversaire\/","og_site_name":"Pressenza","article_publisher":"https:\/\/www.facebook.com\/PressenzaItalia","article_author":"https:\/\/www.facebook.com\/icanw.org","article_published_time":"2017-03-26T20:23:27+00:00","article_modified_time":"2019-07-28T18:33:51+00:00","og_image":[{"width":750,"height":468,"url":"https:\/\/www.pressenza.com\/wp-content\/uploads\/2017\/03\/trait---de-Tlatelolco-50--me-anniversaire.jpg","type":"image\/jpeg"}],"author":"International Campaign to Abolish Nuclear Weapons","twitter_card":"summary_large_image","twitter_creator":"@nuclearban","twitter_site":"@PressenzaIPA","twitter_misc":{"\u00c9crit par":"International Campaign to Abolish Nuclear Weapons","Dur\u00e9e de lecture estim\u00e9e":"3 minutes"},"schema":{"@context":"https:\/\/schema.org","@graph":[{"@type":"Article","@id":"https:\/\/www.pressenza.com\/fr\/2017\/03\/interdiction-armes-nucleaires-traite-de-tlatelolco-fete-50eme-anniversaire\/#article","isPartOf":{"@id":"https:\/\/www.pressenza.com\/fr\/2017\/03\/interdiction-armes-nucleaires-traite-de-tlatelolco-fete-50eme-anniversaire\/"},"author":{"name":"International Campaign to Abolish Nuclear Weapons","@id":"https:\/\/www.pressenza.com\/fr\/#\/schema\/person\/aa7c55b36390ee5908d729832f09fc22"},"headline":"[Interdiction des armes nucl\u00e9aires] Le trait\u00e9 de Tlatelolco f\u00eate son 50\u00e8me anniversaire","datePublished":"2017-03-26T20:23:27+00:00","dateModified":"2019-07-28T18:33:51+00:00","mainEntityOfPage":{"@id":"https:\/\/www.pressenza.com\/fr\/2017\/03\/interdiction-armes-nucleaires-traite-de-tlatelolco-fete-50eme-anniversaire\/"},"wordCount":677,"publisher":{"@id":"https:\/\/www.pressenza.com\/fr\/#organization"},"image":{"@id":"https:\/\/www.pressenza.com\/fr\/2017\/03\/interdiction-armes-nucleaires-traite-de-tlatelolco-fete-50eme-anniversaire\/#primaryimage"},"thumbnailUrl":"https:\/\/www.pressenza.com\/wp-content\/uploads\/2017\/03\/trait---de-Tlatelolco-50--me-anniversaire.jpg","keywords":["Trait\u00e9 de Tlatelolco","trait\u00e9 sur l'interdiction des armes nucl\u00e9aires"],"articleSection":["Am\u00e9rique centrale","Am\u00e9rique du Sud","International","Paix et D\u00e9sarmement"],"inLanguage":"fr-FR"},{"@type":"WebPage","@id":"https:\/\/www.pressenza.com\/fr\/2017\/03\/interdiction-armes-nucleaires-traite-de-tlatelolco-fete-50eme-anniversaire\/","url":"https:\/\/www.pressenza.com\/fr\/2017\/03\/interdiction-armes-nucleaires-traite-de-tlatelolco-fete-50eme-anniversaire\/","name":"[Interdiction des armes nucl\u00e9aires] Le trait\u00e9 de Tlatelolco f\u00eate son 50\u00e8me anniversaire","isPartOf":{"@id":"https:\/\/www.pressenza.com\/fr\/#website"},"primaryImageOfPage":{"@id":"https:\/\/www.pressenza.com\/fr\/2017\/03\/interdiction-armes-nucleaires-traite-de-tlatelolco-fete-50eme-anniversaire\/#primaryimage"},"image":{"@id":"https:\/\/www.pressenza.com\/fr\/2017\/03\/interdiction-armes-nucleaires-traite-de-tlatelolco-fete-50eme-anniversaire\/#primaryimage"},"thumbnailUrl":"https:\/\/www.pressenza.com\/wp-content\/uploads\/2017\/03\/trait---de-Tlatelolco-50--me-anniversaire.jpg","datePublished":"2017-03-26T20:23:27+00:00","dateModified":"2019-07-28T18:33:51+00:00","description":"Alors que la premi\u00e8re session des\u00a0n\u00e9gociations d\u2019un trait\u00e9 d\u2019interdiction des armes nucl\u00e9aires se tiendra au si\u00e8ge des\u00a0Nations unies \u00e0 New-York du 27 au","breadcrumb":{"@id":"https:\/\/www.pressenza.com\/fr\/2017\/03\/interdiction-armes-nucleaires-traite-de-tlatelolco-fete-50eme-anniversaire\/#breadcrumb"},"inLanguage":"fr-FR","potentialAction":[{"@type":"ReadAction","target":["https:\/\/www.pressenza.com\/fr\/2017\/03\/interdiction-armes-nucleaires-traite-de-tlatelolco-fete-50eme-anniversaire\/"]}]},{"@type":"ImageObject","inLanguage":"fr-FR","@id":"https:\/\/www.pressenza.com\/fr\/2017\/03\/interdiction-armes-nucleaires-traite-de-tlatelolco-fete-50eme-anniversaire\/#primaryimage","url":"https:\/\/www.pressenza.com\/wp-content\/uploads\/2017\/03\/trait---de-Tlatelolco-50--me-anniversaire.jpg","contentUrl":"https:\/\/www.pressenza.com\/wp-content\/uploads\/2017\/03\/trait---de-Tlatelolco-50--me-anniversaire.jpg","width":750,"height":468},{"@type":"BreadcrumbList","@id":"https:\/\/www.pressenza.com\/fr\/2017\/03\/interdiction-armes-nucleaires-traite-de-tlatelolco-fete-50eme-anniversaire\/#breadcrumb","itemListElement":[{"@type":"ListItem","position":1,"name":"Accueil","item":"https:\/\/www.pressenza.com\/fr\/"},{"@type":"ListItem","position":2,"name":"[Interdiction des armes nucl\u00e9aires] Le trait\u00e9 de Tlatelolco f\u00eate son 50\u00e8me anniversaire"}]},{"@type":"WebSite","@id":"https:\/\/www.pressenza.com\/fr\/#website","url":"https:\/\/www.pressenza.com\/fr\/","name":"Pressenza","description":"International Press Agency","publisher":{"@id":"https:\/\/www.pressenza.com\/fr\/#organization"},"potentialAction":[{"@type":"SearchAction","target":{"@type":"EntryPoint","urlTemplate":"https:\/\/www.pressenza.com\/fr\/?s={search_term_string}"},"query-input":{"@type":"PropertyValueSpecification","valueRequired":true,"valueName":"search_term_string"}}],"inLanguage":"fr-FR"},{"@type":"Organization","@id":"https:\/\/www.pressenza.com\/fr\/#organization","name":"Pressenza","url":"https:\/\/www.pressenza.com\/fr\/","logo":{"@type":"ImageObject","inLanguage":"fr-FR","@id":"https:\/\/www.pressenza.com\/fr\/#\/schema\/logo\/image\/","url":"https:\/\/www.pressenza.com\/wp-content\/uploads\/2022\/10\/pressenza_logo_200x200.jpg","contentUrl":"https:\/\/www.pressenza.com\/wp-content\/uploads\/2022\/10\/pressenza_logo_200x200.jpg","width":200,"height":200,"caption":"Pressenza"},"image":{"@id":"https:\/\/www.pressenza.com\/fr\/#\/schema\/logo\/image\/"},"sameAs":["https:\/\/www.facebook.com\/PressenzaItalia","https:\/\/x.com\/PressenzaIPA"]},{"@type":"Person","@id":"https:\/\/www.pressenza.com\/fr\/#\/schema\/person\/aa7c55b36390ee5908d729832f09fc22","name":"International Campaign to Abolish Nuclear Weapons","description":"The International Campaign to Abolish Nuclear Weapons (ICAN) is a global campaign coalition working to mobilize people in all countries to inspire, persuade and pressure their governments to initiate negotiations for a treaty banning nuclear weapons. It has 500 partner organizations in 103 countries, and was launched in 2007. www.icanw.org","sameAs":["http:\/\/www.icanw.org","https:\/\/www.facebook.com\/icanw.org","https:\/\/x.com\/nuclearban"],"url":"https:\/\/www.pressenza.com\/fr\/author\/international-campaign-to-abolish-nuclear-weapons\/"}]}},"place":"France","original_article_url":"http:\/\/icanfrance.org\/traite-tlatelolco-50ans\/?#","_links":{"self":[{"href":"https:\/\/www.pressenza.com\/fr\/wp-json\/wp\/v2\/posts\/447630","targetHints":{"allow":["GET"]}}],"collection":[{"href":"https:\/\/www.pressenza.com\/fr\/wp-json\/wp\/v2\/posts"}],"about":[{"href":"https:\/\/www.pressenza.com\/fr\/wp-json\/wp\/v2\/types\/post"}],"author":[{"embeddable":true,"href":"https:\/\/www.pressenza.com\/fr\/wp-json\/wp\/v2\/users\/1000"}],"replies":[{"embeddable":true,"href":"https:\/\/www.pressenza.com\/fr\/wp-json\/wp\/v2\/comments?post=447630"}],"version-history":[{"count":0,"href":"https:\/\/www.pressenza.com\/fr\/wp-json\/wp\/v2\/posts\/447630\/revisions"}],"wp:featuredmedia":[{"embeddable":true,"href":"https:\/\/www.pressenza.com\/fr\/wp-json\/wp\/v2\/media\/447687"}],"wp:attachment":[{"href":"https:\/\/www.pressenza.com\/fr\/wp-json\/wp\/v2\/media?parent=447630"}],"wp:term":[{"taxonomy":"category","embeddable":true,"href":"https:\/\/www.pressenza.com\/fr\/wp-json\/wp\/v2\/categories?post=447630"},{"taxonomy":"post_tag","embeddable":true,"href":"https:\/\/www.pressenza.com\/fr\/wp-json\/wp\/v2\/tags?post=447630"}],"curies":[{"name":"wp","href":"https:\/\/api.w.org\/{rel}","templated":true}]}}