{"id":445124,"date":"2017-03-23T18:03:54","date_gmt":"2017-03-23T18:03:54","guid":{"rendered":"https:\/\/www.pressenza.com\/?p=445124\/"},"modified":"2017-03-23T19:23:58","modified_gmt":"2017-03-23T19:23:58","slug":"mouvements-citoyens-veulent-renouveler-democratie","status":"publish","type":"post","link":"https:\/\/www.pressenza.com\/fr\/2017\/03\/mouvements-citoyens-veulent-renouveler-democratie\/","title":{"rendered":"Ces mouvements citoyens qui veulent renouveler la d\u00e9mocratie"},"content":{"rendered":"<p><strong>Par <a href=\"https:\/\/reporterre.net\/spip.php?page=memeauteur&amp;auteur=Martin%20Cadoret%20%28Reporterre%29\">Martin Cadoret (Reporterre)<\/a><\/strong><\/p>\n<p><strong>Pour pallier la d\u00e9ception des Fran\u00e7ais \u00e0 l\u2019\u00e9gard des institutions, de nombreux mouvements politiques entendent revitaliser la d\u00e9mocratie en remettant le citoyen en son c\u0153ur. Le ph\u00e9nom\u00e8ne t\u00e9moigne d\u2019une volont\u00e9 de changement. Reporterre fait l\u2019inventaire de toutes les initiatives.<\/strong><\/p>\n<p><i>\u00ab<small class=\"fine\">\u00a0<\/small>Nous sommes ceux que nous attendons.<small class=\"fine\">\u00a0<\/small>\u00bb<\/i> C\u2019est le slogan du mouvement #MaVoix, qui vise \u00e0 proposer des candidatures citoyennes aux l\u00e9gislatives. Une mani\u00e8re d\u2019enterrer le concept d\u2019homme providentiel cher \u00e0 la V<sup class=\"typo_exposants\">e<\/sup>\u00a0R\u00e9publique. Personne ne viendra vous sauver, alors engagez-vous et tentez de faire bouger les lignes, voil\u00e0 ce que disent #MaVoix et nombre d\u2019organes prot\u00e9iformes, parmi lesquels Nuit debout, Stades citoyens, MaPresidentielle.fr, Les Jours heureux, Le Chant des colibris\u2026 Leur point commun\u00a0: vouloir recr\u00e9er de l\u2019adh\u00e9sion au politique en partant de son unit\u00e9, le citoyen.<\/p>\n<p>Tous partent du constat que la politique s\u2019est \u00e9loign\u00e9e des gens. <i>\u00ab<small class=\"fine\">\u00a0<\/small>99<small class=\"fine\">\u00a0<\/small>% des jeunes <a class=\"spip_out\" href=\"http:\/\/www.lemonde.fr\/societe\/article\/2016\/12\/15\/le-pessimisme-et-la-defiance-de-la-jeunesse-atteignent-des-records_5049316_3224.html\" target=\"_blank\" rel=\"external\">pensent que les politiques sont corrompus<\/a>,<\/i> se lamente <a class=\"spip_in\" href=\"https:\/\/reporterre.net\/Presidentielle-Charlotte-Marchandise-veut-etre-le-haut-parleur-des-citoyen-ne-s\">Charlotte Marchandise<\/a>, la candidate issue de la primaire citoyenne de MaPrimaire.org. <i>Il y a vraiment une urgence d\u00e9mocratique face \u00e0 ce rejet des partis. J\u2019ai moi-m\u00eame re\u00e7u des parrainages d\u2019\u00e9lus Les R\u00e9publicains qui me disent qu\u2019ils ont honte de ce qu\u2019il se passe.<small class=\"fine\">\u00a0<\/small>\u00bb<\/i><\/p>\n<p>Pour r\u00e9pondre \u00e0 ce d\u00e9go\u00fbt, <i>\u00ab<small class=\"fine\">\u00a0<\/small>moraliser<small class=\"fine\">\u00a0<\/small>\u00bb<\/i> la vie politique devient imp\u00e9ratif. Sur MaPresidentielle.fr, une plateforme qui collecte les propositions de tout un chacun en vue de la pr\u00e9sidentielle, Maxime, le cofondateur du site, compte <i>\u00ab<small class=\"fine\">\u00a0<\/small>environ 70<small class=\"fine\">\u00a0<\/small>% de propositions li\u00e9es \u00e0 la gouvernance<small class=\"fine\">\u00a0<\/small>\u00bb. \u00ab<small class=\"fine\">\u00a0<\/small>Les gens ne veulent plus de cumul des mandats ni de cumul des indemnit\u00e9s<small class=\"fine\">\u00a0<\/small>\u00bb,<\/i> analyse-t-il.<\/p>\n<p>Chacun a son rem\u00e8de \u00e0 la crise d\u00e9mocratique. <a class=\"spip_in\" href=\"https:\/\/reporterre.net\/Le-mouvement-Les-Jours-heureux-lance-un-programme-citoyen-fonde-sur-la\">Les Jours heureux<\/a>, collectif de plusieurs associations inspir\u00e9es du programme du Conseil national de la R\u00e9sistance, met <a class=\"spip_out\" href=\"http:\/\/les-jours-heureux.fr\/nos-25-mesures-prioritaires-vivre-jours-heureux\/\" target=\"_blank\" rel=\"external\">en t\u00eate de gondole<\/a> la n\u00e9cessit\u00e9 d\u2019une nouvelle Constitution et la cr\u00e9ation d\u2019un fonds pour une d\u00e9mocratie citoyenne. \u00c0 Nuit debout, on se concentre sur une proposition\u00a0: la cr\u00e9ation d\u2019un <i>\u00ab<small class=\"fine\">\u00a0<\/small>jury citoyen<small class=\"fine\">\u00a0<\/small>\u00bb,<\/i> charg\u00e9 de rendre des avis sur diverses politiques. <i>\u00ab<small class=\"fine\">\u00a0<\/small>On va demander \u00e0 tous les candidats de s\u2019engager \u00e0 convoquer une assembl\u00e9e tir\u00e9e au sort apr\u00e8s les \u00e9lections. Un temps de d\u00e9bat public m\u00e9diatis\u00e9, articul\u00e9 \u00e0 des assembl\u00e9es locales, \u00e7a serait la mani\u00e8re la plus intelligente et d\u00e9mocratique d\u2019aborder la politique<small class=\"fine\">\u00a0<\/small>\u00bb,<\/i> explique Matthieu, qui confie que le mouvement r\u00e9fl\u00e9chit d\u00e9j\u00e0 avec des universitaires \u00e0 comment lancer de tels jurys.<\/p>\n<p class=\"spip\"><strong>\u00ab<small class=\"fine\">\u00a0<\/small>Recr\u00e9er du vivre ensemble, de la solidarit\u00e9<small class=\"fine\">\u00a0<\/small>\u00bb<\/strong><\/p>\n<p>\u00catre d\u2019accord sur la mani\u00e8re de mieux gouverner, c\u2019est bien, mais proposer des solutions, c\u2019est mieux. Et sur ce point, tous s\u2019accordent sur une id\u00e9e\u00a0: faire remonter au niveau national les initiatives qui marchent au niveau local. <i>\u00ab<small class=\"fine\">\u00a0<\/small>Les gens ne veulent plus forc\u00e9ment qu\u2019on fasse pour eux, mais demandent d\u2019activer des leviers pour pouvoir agir, cr\u00e9er plus de circuits courts, plus de fermes bio, plus de monnaies locales<small class=\"fine\">\u00a0<\/small>\u00bb,<\/i> d\u00e9taille Mathieu Labonne, directeur du Mouvement colibris. L\u2019association a lanc\u00e9 son <a class=\"spip_in\" href=\"https:\/\/reporterre.net\/La-situation-est-si-grave-qu-il-faut-arreter-les-guerres-de-chapelles\"><i>\u00ab<small class=\"fine\">\u00a0<\/small>appel pour le monde de demain<small class=\"fine\">\u00a0<\/small>\u00bb<\/i><\/a>, qui vise \u00e0 rassembler le plus largement autour des valeurs d\u2019\u00e9cologie et de solidarit\u00e9, celles pr\u00f4n\u00e9es par le film <i>Demain,<\/i> r\u00e9alis\u00e9 par Cyril Dion, cofondateur des Colibris. D\u2019ici \u00e0 l\u2019\u00e9lection pr\u00e9sidentielle, une tourn\u00e9e de 6\u00a0dates est organis\u00e9e dans toute la France, avec pour but de faire \u00e9merger ces solutions, de d\u00e9battre \u2014 sans oublier le plaisir, avec des concerts d\u2019artistes <i>\u00ab<small class=\"fine\">\u00a0<\/small>compagnons de route<small class=\"fine\">\u00a0<\/small>\u00bb,<\/i> comme Matthieu Ch\u00e9did, Dominique A, T\u00e9t\u00e9 ou Tryo.<\/p>\n<p>M\u00eame volont\u00e9 de partager les choses qui marchent au c\u0153ur du mouvement d\u2019Alexandre Jardin, <a class=\"spip_out\" href=\"http:\/\/www.bleublanczebre.fr\/\" target=\"_blank\" rel=\"external\">Bleu blanc Z\u00e8bre<\/a>. Le site partage des <i>\u00ab<small class=\"fine\">\u00a0<\/small>bouquets de solutions<small class=\"fine\">\u00a0<\/small>\u00bb<\/i> sur toutes les th\u00e9matiques, du logement \u00e0 l\u2019emploi en passant par l\u2019environnement, sorte de catalogue des bonnes id\u00e9es souvent mises en place par des associations \u00e0 l\u2019\u00e9chelle des territoires. Car, selon Charlotte Marchandise, <i>\u00ab<small class=\"fine\">\u00a0<\/small>quand on travaille au niveau local, les divisions id\u00e9ologiques n\u2019entrent pas en ligne de compte<small class=\"fine\">\u00a0<\/small>\u00bb<\/i>.<\/p>\n<p>Le risque<small class=\"fine\">\u00a0<\/small>? Se retrouver dans une posture attrape-tout \u00e0 la Emmanuel Macron. <i>\u00ab<small class=\"fine\">\u00a0<\/small>On retrouve cela chez lui, cette id\u00e9e de dire que les bonnes id\u00e9es ne sont ni de droite ni de gauche,<\/i> note Christian Le Bart, politologue sp\u00e9cialis\u00e9 dans les questions de participation politique. <i>Faire la critique du caract\u00e8re st\u00e9rile de l\u2019opposition droite-gauche, c\u2019est vieux comme la d\u00e9mocratie. Et aujourd\u2019hui, cette tendance se retrouve assez massivement dans un contexte de d\u00e9clin des grandes id\u00e9ologies. Le socialisme, le lib\u00e9ralisme\u2026 \u00e7a n\u2019excite plus grand monde<small class=\"fine\">\u00a0<\/small>!<small class=\"fine\">\u00a0<\/small>\u00bb<\/i><\/p>\n<p>Mais m\u00eame s\u2019ils ne le revendiquent pas, force est de constater que ces mouvements se situent plut\u00f4t \u00e0 gauche de l\u2019\u00e9chiquier politique, avec un accent constant mis sur l\u2019\u00e9cologie et la solidarit\u00e9. <i>\u00ab<small class=\"fine\">\u00a0<\/small>L\u2019int\u00e9r\u00eat de ces d\u00e9marches, c\u2019est de sortir du gros million de personnes qui partagent ces valeurs, en passant \u00e0 une \u00e9cologie plus positive, pour recr\u00e9er du vivre-ensemble, de la solidarit\u00e9<small class=\"fine\">\u00a0<\/small>\u00bb,<\/i> d\u00e9taille Mathieu Labonne, du Mouvement colibris.<\/p>\n<p class=\"spip\"><strong>Chaque mouvement a sa mani\u00e8re de porter ce renouveau d\u00e9mocratique<\/strong><\/p>\n<p>Vu de loin, on aurait presque l\u2019impression que tous ces mouvements se font concurrence dans leur volont\u00e9 de porter la parole des <i>\u00ab<small class=\"fine\">\u00a0<\/small>vraies gens<small class=\"fine\">\u00a0<\/small>\u00bb<\/i>. Mais ce qui ressort de notre enqu\u00eate, c\u2019est qu\u2019ils sont tous en contact les uns avec les autres. Les mesures de Jours heureux ont \u00e9t\u00e9 vot\u00e9es par une cinquantaine d\u2019associations parmi lesquelles Nuit debout, les Colibris\u2026 De m\u00eame, Charlotte Marchandise assure \u00eatre en lien avec les Colibris et les Jours heureux. <i>\u00ab<small class=\"fine\">\u00a0<\/small>On participe d\u2019un m\u00eame \u00e9lan, d\u2019un m\u00eame printemps citoyen, et on est \u00e9videmment en coop\u00e9ration<small class=\"fine\">\u00a0<\/small>\u00bb,<\/i> explique la candidate de MaPrimaire.org. Des temps de rassemblement sont m\u00eame pr\u00e9vus, comme <a class=\"spip_out\" href=\"https:\/\/stadescitoyens.fr\/billetterie\/\" target=\"_blank\" rel=\"external\">Stades citoyens<\/a>, qui vise \u00e0 r\u00e9unir tous ces collectifs pour une agora g\u00e9ante au Stade de France le 22\u00a0avril.<\/p>\n<p>Pour Mathieu Labonne, cette dynamique de coop\u00e9ration est in\u00e9dite. <i>\u00ab<small class=\"fine\">\u00a0<\/small>Pr\u00e9c\u00e9demment, il y avait la tentation de se rassembler \u00e0 plein pour porter un projet commun. Mais \u00e7a ne marche pas tr\u00e8s bien parce que chaque mouvement a sa raison d\u2019\u00eatre. Plut\u00f4t que de faire \u00e7a, on travaille beaucoup plus en mode archipel, on cr\u00e9e des ponts avec les autres associations. On ne converge plus vers un projet commun, mais vers un champ lexical avec des valeurs d\u2019\u00e9cologie et de solidarit\u00e9. C\u2019est quelque chose de nouveau, de plus d\u00e9centralis\u00e9. Comme dans une symphonie o\u00f9 tout le monde peut jouer sa partition.<small class=\"fine\">\u00a0<\/small>\u00bb<\/i><\/p>\n<p>\u00c0 l\u2019approche de la pr\u00e9sidentielle, chaque mouvement a sa mani\u00e8re de porter ce renouveau d\u00e9mocratique. Il y a ceux qui choisissent d\u2019interpeller les candidats pour qu\u2019ils prennent en compte cette parole citoyenne\u00a0: Nuit debout, avec son id\u00e9e de Jury populaire, ou encore les Jours heureux, qui incitent les candidats \u00e0 se positionner sur ses 25\u00a0mesures. <i>\u00ab<small class=\"fine\">\u00a0<\/small>On voudrait faire ce qu\u2019a r\u00e9ussi le Conseil national de la R\u00e9sistance, c\u2019est-\u00e0-dire faire changer de trajectoire un pays, mettre une pression positive sur les candidats<small class=\"fine\">\u00a0<\/small>\u00bb,<\/i> assure Martin Rieussec, porte-parole du mouvement. De m\u00eame, MaPresidentielle.fr aimerait aussi amener les candidats \u00e0 se situer par rapport aux mesures les plus suivies sur le site. <i>\u00ab<small class=\"fine\">\u00a0<\/small>Si nous sommes quelques dizaines de milliers, ils ne pourront pas faire autrement que de jouer le jeu<small class=\"fine\">\u00a0<\/small>\u00bb,<\/i> esp\u00e8re Maxime, le cofondateur.<\/p>\n<p>Et puis, il y a ceux qui souhaitent passer \u00e0 la vitesse sup\u00e9rieure, en faisant \u00e9merger de nouvelles t\u00eates. Charlotte Marchandise a \u00e9t\u00e9 la premi\u00e8re, pour la pr\u00e9sidentielle. \u00c0 son tour, elle s\u2019engage \u00e0 soutenir pour les l\u00e9gislatives les candidatures citoyennes, et, pourquoi pas, celles de # MaVoix. Christian Le Bart, politologue sp\u00e9cialiste des questions de participation politique, note cette <i>\u00ab<small class=\"fine\">\u00a0<\/small>effervescence citoyenne<small class=\"fine\">\u00a0<\/small>\u00bb, \u00ab<small class=\"fine\">\u00a0<\/small>signe de bonne sant\u00e9 de notre d\u00e9mocratie<small class=\"fine\">\u00a0<\/small>\u00bb<\/i>. Mais il se montre sceptique quant \u00e0 la capacit\u00e9 de ces candidatures citoyennes de faire bouger les lignes. <i>\u00ab<small class=\"fine\">\u00a0<\/small>D\u00e9j\u00e0, il y a le filtre des institutions qui va entraver ces tentatives de renouvellement, ne serait-ce que via le syst\u00e8me des parrainages pour la pr\u00e9sidentielle<small class=\"fine\">\u00a0<\/small>\u00bb,<\/i> avance le politologue. De fait, Charlotte Marchandise a bien du mal \u00e0 r\u00e9unir 500\u00a0parrainages \u2014 <a class=\"spip_out\" href=\"https:\/\/presidentielle2017.conseil-constitutionnel.fr\/les-parrainages\/parrainages-par-candidat\/\" target=\"_blank\" rel=\"external\">seuls 7 ont d\u00e9j\u00e0 \u00e9t\u00e9 valid\u00e9s par le Conseil constitutionnel<\/a>.<\/p>\n<p class=\"spip\"><strong>\u00ab<small class=\"fine\">\u00a0<\/small>Un v\u00e9ritable int\u00e9r\u00eat pour tous ces mouvements citoyens<small class=\"fine\">\u00a0<\/small>\u00bb<\/strong><\/p>\n<p><i>\u00ab<small class=\"fine\">\u00a0<\/small>Et puis, il y a un deuxi\u00e8me filtre, plus pervers, c\u2019est que les \u00e9lecteurs eux-m\u00eames ne sont pas tant que \u00e7a d\u00e9sireux de faire \u00e9lire des gens qui leur ressemblent et qui sont \u00e0 l\u2019ext\u00e9rieur du syst\u00e8me politique. De ce point de vue, les \u00e9lecteurs sont schizophr\u00e8nes. Si les barons locaux font des mandats de 30\u00a0ans, c\u2019est aussi parce que les \u00e9lecteurs votent pour eux<small class=\"fine\">\u00a0<\/small>\u00bb,<\/i> explique le politologue.<\/p>\n<p>Le dernier d\u00e9fi de ces mouvements, c\u2019est aussi la question de la participation populaire, de savoir comment d\u00e9passer l\u2019entre-soi de militants associatifs, pour toucher le citoyen lambda. <i>\u00ab<small class=\"fine\">\u00a0<\/small>On a \u00e0 c\u0153ur d\u2019aller aussi dans les banlieues, ou dans les villages ruraux aux alentours des grandes villes. Et les gens sont hypercontents qu\u2019on soit l\u00e0. Ils se disent\u00a0: <\/i> \u201cPour une fois, peut-\u00eatre qu\u2019on va \u00eatre entendu\u201d<small class=\"fine\">\u00a0<\/small>\u00bb, raconte Charlotte Marchandise. <i>\u00ab<small class=\"fine\">\u00a0<\/small>Il faut aussi donner envie d\u2019en \u00eatre, en montrant que c\u2019est heureux \u00e0 vivre. Fran\u00e7ois Ruffin, quand il dit<\/i> \u201con n\u2019a pas l\u2019argent, mais on a le nombre\u201d, <i>c\u2019est le message qu\u2019il faut faire passer<small class=\"fine\">\u00a0<\/small>\u00bb,<\/i> abonde Martin Rieussec, des Jours heureux.<\/p>\n<p>Dans un sens, le pari est sans doute d\u00e9j\u00e0 gagn\u00e9. Le sociologue Antoine Bevort, qui mesure l\u2019audience des sites de ces mouvements, constate <i>\u00ab<small class=\"fine\">\u00a0<\/small>un v\u00e9ritable int\u00e9r\u00eat pour tous ces mouvements citoyens<small class=\"fine\">\u00a0<\/small>\u00bb. \u00ab<small class=\"fine\">\u00a0<\/small>Ils ne se situent pas trop mal par rapport aux autres sites de partis, surtout avec une pr\u00e9sence m\u00e9diatique beaucoup plus faible.<small class=\"fine\">\u00a0<\/small>\u00bb<\/i> Une dynamique sur laquelle il faudrait capitaliser pour la poursuivre au-del\u00e0 des \u00e9lections, selon Mathieu Labonne. <i>\u00ab<small class=\"fine\">\u00a0<\/small>Le changement de soci\u00e9t\u00e9, de toute fa\u00e7on, va se faire. Ce devoir de p\u00e9dagogie, on veut le poursuivre dans la dur\u00e9e<small class=\"fine\">\u00a0<\/small>\u00bb,<\/i> conclut-il. Et m\u00eame si leurs candidats ou leurs id\u00e9es ne sont pas pris en compte aux \u00e9lections, c\u2019est au moins le symbole que quelque chose de fort est en train de se d\u00e9rouler sur le plan d\u00e9mocratique.<\/p>\n<p class=\"spip\"><strong><span class=\"caps\">INVENTAIRE<\/span> <span class=\"caps\">NON<\/span> <span class=\"caps\">EXHAUSTIF<\/span> <span class=\"caps\">DES<\/span> <span class=\"caps\">INITIATIVES<\/span> <span class=\"caps\">CITOYENNES<\/span> <span class=\"caps\">POUR<\/span> <span class=\"caps\">RENOUVELER<\/span> <span class=\"caps\">LA<\/span> D\u00c9<span class=\"caps\">MOCRATIE<\/span><\/strong><\/p>\n<p><strong>Les mouvements <i>\u00ab<small class=\"fine\">\u00a0<\/small>g\u00e9n\u00e9ralistes<small class=\"fine\">\u00a0<\/small>\u00bb<\/i><\/strong><i>\u00a0:<\/i><\/p>\n<ul class=\"spip\">\n<li><a class=\"spip_out\" href=\"http:\/\/les-jours-heureux.fr\/\" target=\"_blank\" rel=\"external\">Les Jours heureux<\/a><small class=\"fine\">\u00a0<\/small>;<\/li>\n<li><a class=\"spip_out\" href=\"https:\/\/www.lechantdescolibris.fr\/\" target=\"_blank\" rel=\"external\">Le Chant des colibris<\/a><small class=\"fine\">\u00a0<\/small>;<\/li>\n<li><a class=\"spip_out\" href=\"http:\/\/changeonsdevoie.org\/\" target=\"_blank\" rel=\"external\">Changeons de voie, l\u2019appel d\u2019Edgar Morin<\/a><small class=\"fine\">\u00a0<\/small>;<\/li>\n<li><a class=\"spip_out\" href=\"http:\/\/citoyens.solutions\/\" target=\"_blank\" rel=\"external\">CitoyenS<\/a>.<\/li>\n<\/ul>\n<p><strong>Les mouvements <i>\u00ab<small class=\"fine\">\u00a0<\/small>\u00e0 candidats<small class=\"fine\">\u00a0<\/small>\u00bb<\/i><\/strong><i>\u00a0:<\/i><\/p>\n<ul class=\"spip\">\n<li><a class=\"spip_out\" href=\"http:\/\/www.bleublanczebre.fr\/\" target=\"_blank\" rel=\"external\">Alexandre Jardin, Bleu blanc Z\u00e8bre<\/a> et <a class=\"spip_out\" href=\"http:\/\/www.lescitoyens1.fr\/\" target=\"_blank\" rel=\"external\">Les Citoyens<\/a> (pour les l\u00e9gislatives)<small class=\"fine\">\u00a0<\/small>;<\/li>\n<li><a class=\"spip_out\" href=\"https:\/\/laprimaire.org\/qualifie\/charlotte-marchandise-franquet\" target=\"_blank\" rel=\"external\">LaPrimaire.org et Charlotte Marchandise<\/a><small class=\"fine\">\u00a0<\/small>;<\/li>\n<li><a class=\"spip_out\" href=\"https:\/\/www.mavoix.info\/\" target=\"_blank\" rel=\"external\">#MaVoix<\/a><small class=\"fine\">\u00a0<\/small>;<\/li>\n<li><a class=\"spip_out\" href=\"http:\/\/www.nouscitoyens.fr\/\" target=\"_blank\" rel=\"external\">Nous citoyens<\/a><small class=\"fine\">\u00a0<\/small>;<\/li>\n<li><a class=\"spip_out\" href=\"http:\/\/www.parti-du-vote-blanc.fr\/presidentielles-2017-candidat-blanc\/\" target=\"_blank\" rel=\"external\">St\u00e9phane Guyot, le candidat des <i>\u00ab<small class=\"fine\">\u00a0<\/small>citoyens du Vote blanc<small class=\"fine\">\u00a0<\/small>\u00bb<\/i><\/a><small class=\"fine\">\u00a0<\/small>;<\/li>\n<li><a class=\"spip_out\" href=\"http:\/\/www.mouvement-centpourcent.fr\/\" target=\"_blank\" rel=\"external\">Mouvement 100<small class=\"fine\">\u00a0<\/small>%<\/a><small class=\"fine\">\u00a0<\/small>;<\/li>\n<li><a class=\"spip_out\" href=\"http:\/\/www.superchataigne2017.fr\/\" target=\"_blank\" rel=\"external\">Super Ch\u00e2taigne<\/a>.<\/li>\n<\/ul>\n<p><strong>Les mouvements <i>\u00ab<small class=\"fine\">\u00a0<\/small>\u00e0 projets<small class=\"fine\">\u00a0<\/small>\u00bb<\/i><\/strong><i>\u00a0:<\/i><\/p>\n<ul class=\"spip\">\n<li><a class=\"spip_out\" href=\"https:\/\/www.rennesdebout.bzh\/democratie-32-mars\/\" target=\"_blank\" rel=\"external\">Nuit debout<\/a>, pour la cr\u00e9ation de Jurys citoyens<small class=\"fine\">\u00a0<\/small>;<\/li>\n<li><a class=\"spip_out\" href=\"https:\/\/stadescitoyens.fr\/\" target=\"_blank\" rel=\"external\">Stades citoyens<\/a>, pour des agoras g\u00e9antes dans les stades<small class=\"fine\">\u00a0<\/small>;<\/li>\n<li><a class=\"spip_out\" href=\"https:\/\/www.mapresidentielle.fr\/\" target=\"_blank\" rel=\"external\">MaPresidentielle.fr<\/a>, pour un positionnement des candidats sur des mesures propos\u00e9es par des citoyens<small class=\"fine\">\u00a0<\/small>;<\/li>\n<li><a class=\"spip_out\" href=\"https:\/\/www.pouruneconstituante.fr\/spip.php?rubrique12\" target=\"_blank\" rel=\"external\">Association pour une constituante, pour une nouvelle Constitution<\/a>.<\/li>\n<li><a class=\"spip_out\" href=\"http:\/\/wearereadynow.net\/\" target=\"_blank\" rel=\"external\">We are ready now<\/a>, pour mettre en avant les solutions.<\/li>\n<\/ul>\n<p>&nbsp;<\/p>\n<p>Source :\u00a0<a href=\"https:\/\/reporterre.net\/Ces-mouvements-citoyens-qui-veulent-renouveler-la-democratie?#\">https:\/\/reporterre.net\/Ces-mouvements-citoyens-qui-veulent-renouveler-la-democratie?#<\/a><\/p>\n","protected":false},"excerpt":{"rendered":"<p>Par Martin Cadoret (Reporterre) Pour pallier la d\u00e9ception des Fran\u00e7ais \u00e0 l\u2019\u00e9gard des institutions, de nombreux mouvements politiques entendent revitaliser la d\u00e9mocratie en remettant le citoyen en son c\u0153ur. Le ph\u00e9nom\u00e8ne t\u00e9moigne d\u2019une volont\u00e9 de changement. Reporterre fait l\u2019inventaire de&hellip;<\/p>\n","protected":false},"author":926,"featured_media":445126,"comment_status":"closed","ping_status":"closed","sticky":false,"template":"","format":"standard","meta":{"footnotes":""},"categories":[85,93],"tags":[35910,33892,2649,3064,35911,17517,25509],"class_list":["post-445124","post","type-post","status-publish","format-standard","has-post-thumbnail","hentry","category-europe-fr","category-politique","tag-mavoix","tag-colibris","tag-democratie-participative","tag-election-presidentielle","tag-mapresidentielle-fr","tag-mouvement-citoyen","tag-nuit-debout"],"yoast_head":"<!-- This site is optimized with the Yoast SEO plugin v27.1.1 - https:\/\/yoast.com\/product\/yoast-seo-wordpress\/ -->\n<title>Ces mouvements citoyens qui veulent renouveler la d\u00e9mocratie<\/title>\n<meta name=\"description\" content=\"Par Martin Cadoret (Reporterre) Pour pallier la d\u00e9ception des Fran\u00e7ais \u00e0 l\u2019\u00e9gard des institutions, de nombreux mouvements politiques entendent revitaliser\" \/>\n<meta name=\"robots\" content=\"index, follow, max-snippet:-1, max-image-preview:large, max-video-preview:-1\" \/>\n<link rel=\"canonical\" href=\"https:\/\/www.pressenza.com\/fr\/2017\/03\/mouvements-citoyens-veulent-renouveler-democratie\/\" \/>\n<meta property=\"og:locale\" content=\"fr_FR\" \/>\n<meta property=\"og:type\" content=\"article\" \/>\n<meta property=\"og:title\" content=\"Ces mouvements citoyens qui veulent renouveler la d\u00e9mocratie\" \/>\n<meta property=\"og:description\" content=\"Par Martin Cadoret (Reporterre) Pour pallier la d\u00e9ception des Fran\u00e7ais \u00e0 l\u2019\u00e9gard des institutions, de nombreux mouvements politiques entendent revitaliser\" \/>\n<meta property=\"og:url\" content=\"https:\/\/www.pressenza.com\/fr\/2017\/03\/mouvements-citoyens-veulent-renouveler-democratie\/\" \/>\n<meta property=\"og:site_name\" content=\"Pressenza\" \/>\n<meta property=\"article:publisher\" content=\"https:\/\/www.facebook.com\/PressenzaItalia\" \/>\n<meta property=\"article:published_time\" content=\"2017-03-23T18:03:54+00:00\" \/>\n<meta property=\"article:modified_time\" content=\"2017-03-23T19:23:58+00:00\" \/>\n<meta property=\"og:image\" content=\"https:\/\/www.pressenza.com\/wp-content\/uploads\/2017\/03\/DSC_4533-1.jpg\" \/>\n\t<meta property=\"og:image:width\" content=\"750\" \/>\n\t<meta property=\"og:image:height\" content=\"500\" \/>\n\t<meta property=\"og:image:type\" content=\"image\/jpeg\" \/>\n<meta name=\"author\" content=\"R\u00e9daction France\" \/>\n<meta name=\"twitter:card\" content=\"summary_large_image\" \/>\n<meta name=\"twitter:creator\" content=\"@PressenzaIPA\" \/>\n<meta name=\"twitter:site\" content=\"@PressenzaIPA\" \/>\n<meta name=\"twitter:label1\" content=\"\u00c9crit par\" \/>\n\t<meta name=\"twitter:data1\" content=\"R\u00e9daction France\" \/>\n\t<meta name=\"twitter:label2\" content=\"Dur\u00e9e de lecture estim\u00e9e\" \/>\n\t<meta name=\"twitter:data2\" content=\"9 minutes\" \/>\n<script type=\"application\/ld+json\" class=\"yoast-schema-graph\">{\"@context\":\"https:\/\/schema.org\",\"@graph\":[{\"@type\":\"Article\",\"@id\":\"https:\/\/www.pressenza.com\/fr\/2017\/03\/mouvements-citoyens-veulent-renouveler-democratie\/#article\",\"isPartOf\":{\"@id\":\"https:\/\/www.pressenza.com\/fr\/2017\/03\/mouvements-citoyens-veulent-renouveler-democratie\/\"},\"author\":{\"name\":\"R\u00e9daction France\",\"@id\":\"https:\/\/www.pressenza.com\/fr\/#\/schema\/person\/3c9fe6670cc2cffbd37562f87b98e869\"},\"headline\":\"Ces mouvements citoyens qui veulent renouveler la d\u00e9mocratie\",\"datePublished\":\"2017-03-23T18:03:54+00:00\",\"dateModified\":\"2017-03-23T19:23:58+00:00\",\"mainEntityOfPage\":{\"@id\":\"https:\/\/www.pressenza.com\/fr\/2017\/03\/mouvements-citoyens-veulent-renouveler-democratie\/\"},\"wordCount\":1908,\"publisher\":{\"@id\":\"https:\/\/www.pressenza.com\/fr\/#organization\"},\"image\":{\"@id\":\"https:\/\/www.pressenza.com\/fr\/2017\/03\/mouvements-citoyens-veulent-renouveler-democratie\/#primaryimage\"},\"thumbnailUrl\":\"https:\/\/www.pressenza.com\/wp-content\/uploads\/2017\/03\/DSC_4533-1.jpg\",\"keywords\":[\"#MaVoix\",\"Colibris\",\"d\u00e9mocratie participative\",\"\u00e9lection pr\u00e9sidentielle\",\"MaPresidentielle.fr\",\"mouvement citoyen\",\"Nuit Debout\"],\"articleSection\":[\"Europe\",\"Politique\"],\"inLanguage\":\"fr-FR\"},{\"@type\":\"WebPage\",\"@id\":\"https:\/\/www.pressenza.com\/fr\/2017\/03\/mouvements-citoyens-veulent-renouveler-democratie\/\",\"url\":\"https:\/\/www.pressenza.com\/fr\/2017\/03\/mouvements-citoyens-veulent-renouveler-democratie\/\",\"name\":\"Ces mouvements citoyens qui veulent renouveler la d\u00e9mocratie\",\"isPartOf\":{\"@id\":\"https:\/\/www.pressenza.com\/fr\/#website\"},\"primaryImageOfPage\":{\"@id\":\"https:\/\/www.pressenza.com\/fr\/2017\/03\/mouvements-citoyens-veulent-renouveler-democratie\/#primaryimage\"},\"image\":{\"@id\":\"https:\/\/www.pressenza.com\/fr\/2017\/03\/mouvements-citoyens-veulent-renouveler-democratie\/#primaryimage\"},\"thumbnailUrl\":\"https:\/\/www.pressenza.com\/wp-content\/uploads\/2017\/03\/DSC_4533-1.jpg\",\"datePublished\":\"2017-03-23T18:03:54+00:00\",\"dateModified\":\"2017-03-23T19:23:58+00:00\",\"description\":\"Par Martin Cadoret (Reporterre) Pour pallier la d\u00e9ception des Fran\u00e7ais \u00e0 l\u2019\u00e9gard des institutions, de nombreux mouvements politiques entendent revitaliser\",\"breadcrumb\":{\"@id\":\"https:\/\/www.pressenza.com\/fr\/2017\/03\/mouvements-citoyens-veulent-renouveler-democratie\/#breadcrumb\"},\"inLanguage\":\"fr-FR\",\"potentialAction\":[{\"@type\":\"ReadAction\",\"target\":[\"https:\/\/www.pressenza.com\/fr\/2017\/03\/mouvements-citoyens-veulent-renouveler-democratie\/\"]}]},{\"@type\":\"ImageObject\",\"inLanguage\":\"fr-FR\",\"@id\":\"https:\/\/www.pressenza.com\/fr\/2017\/03\/mouvements-citoyens-veulent-renouveler-democratie\/#primaryimage\",\"url\":\"https:\/\/www.pressenza.com\/wp-content\/uploads\/2017\/03\/DSC_4533-1.jpg\",\"contentUrl\":\"https:\/\/www.pressenza.com\/wp-content\/uploads\/2017\/03\/DSC_4533-1.jpg\",\"width\":750,\"height\":500,\"caption\":\"Temp\u00eate citoyenne\"},{\"@type\":\"BreadcrumbList\",\"@id\":\"https:\/\/www.pressenza.com\/fr\/2017\/03\/mouvements-citoyens-veulent-renouveler-democratie\/#breadcrumb\",\"itemListElement\":[{\"@type\":\"ListItem\",\"position\":1,\"name\":\"Accueil\",\"item\":\"https:\/\/www.pressenza.com\/fr\/\"},{\"@type\":\"ListItem\",\"position\":2,\"name\":\"Ces mouvements citoyens qui veulent renouveler la d\u00e9mocratie\"}]},{\"@type\":\"WebSite\",\"@id\":\"https:\/\/www.pressenza.com\/fr\/#website\",\"url\":\"https:\/\/www.pressenza.com\/fr\/\",\"name\":\"Pressenza\",\"description\":\"International Press Agency\",\"publisher\":{\"@id\":\"https:\/\/www.pressenza.com\/fr\/#organization\"},\"potentialAction\":[{\"@type\":\"SearchAction\",\"target\":{\"@type\":\"EntryPoint\",\"urlTemplate\":\"https:\/\/www.pressenza.com\/fr\/?s={search_term_string}\"},\"query-input\":{\"@type\":\"PropertyValueSpecification\",\"valueRequired\":true,\"valueName\":\"search_term_string\"}}],\"inLanguage\":\"fr-FR\"},{\"@type\":\"Organization\",\"@id\":\"https:\/\/www.pressenza.com\/fr\/#organization\",\"name\":\"Pressenza\",\"url\":\"https:\/\/www.pressenza.com\/fr\/\",\"logo\":{\"@type\":\"ImageObject\",\"inLanguage\":\"fr-FR\",\"@id\":\"https:\/\/www.pressenza.com\/fr\/#\/schema\/logo\/image\/\",\"url\":\"https:\/\/www.pressenza.com\/wp-content\/uploads\/2022\/10\/pressenza_logo_200x200.jpg\",\"contentUrl\":\"https:\/\/www.pressenza.com\/wp-content\/uploads\/2022\/10\/pressenza_logo_200x200.jpg\",\"width\":200,\"height\":200,\"caption\":\"Pressenza\"},\"image\":{\"@id\":\"https:\/\/www.pressenza.com\/fr\/#\/schema\/logo\/image\/\"},\"sameAs\":[\"https:\/\/www.facebook.com\/PressenzaItalia\",\"https:\/\/x.com\/PressenzaIPA\"]},{\"@type\":\"Person\",\"@id\":\"https:\/\/www.pressenza.com\/fr\/#\/schema\/person\/3c9fe6670cc2cffbd37562f87b98e869\",\"name\":\"R\u00e9daction France\",\"description\":\"News published by the Pressenza bureau in France\",\"sameAs\":[\"http:\/\/www.pressenza.com\/fr\"],\"url\":\"https:\/\/www.pressenza.com\/fr\/author\/redactionfrance\/\"}]}<\/script>\n<!-- \/ Yoast SEO plugin. -->","yoast_head_json":{"title":"Ces mouvements citoyens qui veulent renouveler la d\u00e9mocratie","description":"Par Martin Cadoret (Reporterre) Pour pallier la d\u00e9ception des Fran\u00e7ais \u00e0 l\u2019\u00e9gard des institutions, de nombreux mouvements politiques entendent revitaliser","robots":{"index":"index","follow":"follow","max-snippet":"max-snippet:-1","max-image-preview":"max-image-preview:large","max-video-preview":"max-video-preview:-1"},"canonical":"https:\/\/www.pressenza.com\/fr\/2017\/03\/mouvements-citoyens-veulent-renouveler-democratie\/","og_locale":"fr_FR","og_type":"article","og_title":"Ces mouvements citoyens qui veulent renouveler la d\u00e9mocratie","og_description":"Par Martin Cadoret (Reporterre) Pour pallier la d\u00e9ception des Fran\u00e7ais \u00e0 l\u2019\u00e9gard des institutions, de nombreux mouvements politiques entendent revitaliser","og_url":"https:\/\/www.pressenza.com\/fr\/2017\/03\/mouvements-citoyens-veulent-renouveler-democratie\/","og_site_name":"Pressenza","article_publisher":"https:\/\/www.facebook.com\/PressenzaItalia","article_published_time":"2017-03-23T18:03:54+00:00","article_modified_time":"2017-03-23T19:23:58+00:00","og_image":[{"width":750,"height":500,"url":"https:\/\/www.pressenza.com\/wp-content\/uploads\/2017\/03\/DSC_4533-1.jpg","type":"image\/jpeg"}],"author":"R\u00e9daction France","twitter_card":"summary_large_image","twitter_creator":"@PressenzaIPA","twitter_site":"@PressenzaIPA","twitter_misc":{"\u00c9crit par":"R\u00e9daction France","Dur\u00e9e de lecture estim\u00e9e":"9 minutes"},"schema":{"@context":"https:\/\/schema.org","@graph":[{"@type":"Article","@id":"https:\/\/www.pressenza.com\/fr\/2017\/03\/mouvements-citoyens-veulent-renouveler-democratie\/#article","isPartOf":{"@id":"https:\/\/www.pressenza.com\/fr\/2017\/03\/mouvements-citoyens-veulent-renouveler-democratie\/"},"author":{"name":"R\u00e9daction France","@id":"https:\/\/www.pressenza.com\/fr\/#\/schema\/person\/3c9fe6670cc2cffbd37562f87b98e869"},"headline":"Ces mouvements citoyens qui veulent renouveler la d\u00e9mocratie","datePublished":"2017-03-23T18:03:54+00:00","dateModified":"2017-03-23T19:23:58+00:00","mainEntityOfPage":{"@id":"https:\/\/www.pressenza.com\/fr\/2017\/03\/mouvements-citoyens-veulent-renouveler-democratie\/"},"wordCount":1908,"publisher":{"@id":"https:\/\/www.pressenza.com\/fr\/#organization"},"image":{"@id":"https:\/\/www.pressenza.com\/fr\/2017\/03\/mouvements-citoyens-veulent-renouveler-democratie\/#primaryimage"},"thumbnailUrl":"https:\/\/www.pressenza.com\/wp-content\/uploads\/2017\/03\/DSC_4533-1.jpg","keywords":["#MaVoix","Colibris","d\u00e9mocratie participative","\u00e9lection pr\u00e9sidentielle","MaPresidentielle.fr","mouvement citoyen","Nuit Debout"],"articleSection":["Europe","Politique"],"inLanguage":"fr-FR"},{"@type":"WebPage","@id":"https:\/\/www.pressenza.com\/fr\/2017\/03\/mouvements-citoyens-veulent-renouveler-democratie\/","url":"https:\/\/www.pressenza.com\/fr\/2017\/03\/mouvements-citoyens-veulent-renouveler-democratie\/","name":"Ces mouvements citoyens qui veulent renouveler la d\u00e9mocratie","isPartOf":{"@id":"https:\/\/www.pressenza.com\/fr\/#website"},"primaryImageOfPage":{"@id":"https:\/\/www.pressenza.com\/fr\/2017\/03\/mouvements-citoyens-veulent-renouveler-democratie\/#primaryimage"},"image":{"@id":"https:\/\/www.pressenza.com\/fr\/2017\/03\/mouvements-citoyens-veulent-renouveler-democratie\/#primaryimage"},"thumbnailUrl":"https:\/\/www.pressenza.com\/wp-content\/uploads\/2017\/03\/DSC_4533-1.jpg","datePublished":"2017-03-23T18:03:54+00:00","dateModified":"2017-03-23T19:23:58+00:00","description":"Par Martin Cadoret (Reporterre) Pour pallier la d\u00e9ception des Fran\u00e7ais \u00e0 l\u2019\u00e9gard des institutions, de nombreux mouvements politiques entendent revitaliser","breadcrumb":{"@id":"https:\/\/www.pressenza.com\/fr\/2017\/03\/mouvements-citoyens-veulent-renouveler-democratie\/#breadcrumb"},"inLanguage":"fr-FR","potentialAction":[{"@type":"ReadAction","target":["https:\/\/www.pressenza.com\/fr\/2017\/03\/mouvements-citoyens-veulent-renouveler-democratie\/"]}]},{"@type":"ImageObject","inLanguage":"fr-FR","@id":"https:\/\/www.pressenza.com\/fr\/2017\/03\/mouvements-citoyens-veulent-renouveler-democratie\/#primaryimage","url":"https:\/\/www.pressenza.com\/wp-content\/uploads\/2017\/03\/DSC_4533-1.jpg","contentUrl":"https:\/\/www.pressenza.com\/wp-content\/uploads\/2017\/03\/DSC_4533-1.jpg","width":750,"height":500,"caption":"Temp\u00eate citoyenne"},{"@type":"BreadcrumbList","@id":"https:\/\/www.pressenza.com\/fr\/2017\/03\/mouvements-citoyens-veulent-renouveler-democratie\/#breadcrumb","itemListElement":[{"@type":"ListItem","position":1,"name":"Accueil","item":"https:\/\/www.pressenza.com\/fr\/"},{"@type":"ListItem","position":2,"name":"Ces mouvements citoyens qui veulent renouveler la d\u00e9mocratie"}]},{"@type":"WebSite","@id":"https:\/\/www.pressenza.com\/fr\/#website","url":"https:\/\/www.pressenza.com\/fr\/","name":"Pressenza","description":"International Press Agency","publisher":{"@id":"https:\/\/www.pressenza.com\/fr\/#organization"},"potentialAction":[{"@type":"SearchAction","target":{"@type":"EntryPoint","urlTemplate":"https:\/\/www.pressenza.com\/fr\/?s={search_term_string}"},"query-input":{"@type":"PropertyValueSpecification","valueRequired":true,"valueName":"search_term_string"}}],"inLanguage":"fr-FR"},{"@type":"Organization","@id":"https:\/\/www.pressenza.com\/fr\/#organization","name":"Pressenza","url":"https:\/\/www.pressenza.com\/fr\/","logo":{"@type":"ImageObject","inLanguage":"fr-FR","@id":"https:\/\/www.pressenza.com\/fr\/#\/schema\/logo\/image\/","url":"https:\/\/www.pressenza.com\/wp-content\/uploads\/2022\/10\/pressenza_logo_200x200.jpg","contentUrl":"https:\/\/www.pressenza.com\/wp-content\/uploads\/2022\/10\/pressenza_logo_200x200.jpg","width":200,"height":200,"caption":"Pressenza"},"image":{"@id":"https:\/\/www.pressenza.com\/fr\/#\/schema\/logo\/image\/"},"sameAs":["https:\/\/www.facebook.com\/PressenzaItalia","https:\/\/x.com\/PressenzaIPA"]},{"@type":"Person","@id":"https:\/\/www.pressenza.com\/fr\/#\/schema\/person\/3c9fe6670cc2cffbd37562f87b98e869","name":"R\u00e9daction France","description":"News published by the Pressenza bureau in France","sameAs":["http:\/\/www.pressenza.com\/fr"],"url":"https:\/\/www.pressenza.com\/fr\/author\/redactionfrance\/"}]}},"place":"","original_article_url":"","_links":{"self":[{"href":"https:\/\/www.pressenza.com\/fr\/wp-json\/wp\/v2\/posts\/445124","targetHints":{"allow":["GET"]}}],"collection":[{"href":"https:\/\/www.pressenza.com\/fr\/wp-json\/wp\/v2\/posts"}],"about":[{"href":"https:\/\/www.pressenza.com\/fr\/wp-json\/wp\/v2\/types\/post"}],"author":[{"embeddable":true,"href":"https:\/\/www.pressenza.com\/fr\/wp-json\/wp\/v2\/users\/926"}],"replies":[{"embeddable":true,"href":"https:\/\/www.pressenza.com\/fr\/wp-json\/wp\/v2\/comments?post=445124"}],"version-history":[{"count":0,"href":"https:\/\/www.pressenza.com\/fr\/wp-json\/wp\/v2\/posts\/445124\/revisions"}],"wp:featuredmedia":[{"embeddable":true,"href":"https:\/\/www.pressenza.com\/fr\/wp-json\/wp\/v2\/media\/445126"}],"wp:attachment":[{"href":"https:\/\/www.pressenza.com\/fr\/wp-json\/wp\/v2\/media?parent=445124"}],"wp:term":[{"taxonomy":"category","embeddable":true,"href":"https:\/\/www.pressenza.com\/fr\/wp-json\/wp\/v2\/categories?post=445124"},{"taxonomy":"post_tag","embeddable":true,"href":"https:\/\/www.pressenza.com\/fr\/wp-json\/wp\/v2\/tags?post=445124"}],"curies":[{"name":"wp","href":"https:\/\/api.w.org\/{rel}","templated":true}]}}