{"id":443104,"date":"2017-03-14T22:12:39","date_gmt":"2017-03-14T22:12:39","guid":{"rendered":"https:\/\/www.pressenza.com\/?p=443104\/"},"modified":"2017-03-14T22:12:39","modified_gmt":"2017-03-14T22:12:39","slug":"replique-de-grenoble-declaration-collectivites-europeennes-tafta-ceta","status":"publish","type":"post","link":"https:\/\/www.pressenza.com\/fr\/2017\/03\/replique-de-grenoble-declaration-collectivites-europeennes-tafta-ceta\/","title":{"rendered":"La R\u00e9plique de Grenoble : d\u00e9claration des collectivit\u00e9s europ\u00e9ennes Hors TAFTA-CETA"},"content":{"rendered":"<div class=\"chapo surlignable\">\n<p>Les 17 et 18 f\u00e9vrier derniers, la Ville de Grenoble a accueilli le 2\u00e8me sommet paneurop\u00e9en \u00ab\u00a0Les autorit\u00e9s locales et la nouvelle g\u00e9n\u00e9ration de trait\u00e9s de libre \u00e9change\u00a0\u00bb. Cet \u00e9v\u00e9nement a rassembl\u00e9 des \u00e9lus locaux fran\u00e7ais et europ\u00e9en qui ont travaill\u00e9 ensemble, \u00e0 la cr\u00e9ation d\u2019un r\u00e9seau actif d\u2019information et d\u2019action autour du CETA (Accord \u00c9conomique et Commercial Global entre l\u2019UE et le Canada) et du TAFTA (trait\u00e9 transatlantique UE-Etats-Unis).<br class=\"autobr\" \/>Cette rencontre s\u2019est conclue par une D\u00e9claration intitul\u00e9e \u00ab\u00a0La R\u00e9plique de Grenoble\u00a0\u00bb, en r\u00e9f\u00e9rence \u00e0 la r\u00e9action des \u00e9lus \u00e0 la ratification du CETA.<\/p>\n<\/div>\n<div class=\"texte surlignable\">\n<p><strong>La R\u00e9plique de Grenoble<\/strong><\/p>\n<p>60 ans apr\u00e8s sa cr\u00e9ation, l\u2019Union Europ\u00e9enne, se trouve aujourd\u2019hui \u00e0 une crois\u00e9e de chemins. Les diff\u00e9rentes crises que l\u2019Union europ\u00e9enne traverse appellent une solution politique. Face aux troubles, elle doit placer ses valeurs fondamentales au c\u0153ur de son action\u00a0: la solidarit\u00e9, le respect des libert\u00e9s et la justice. Les trait\u00e9s de libre-\u00e9change de nouvelle g\u00e9n\u00e9ration profitent \u00e0 une minorit\u00e9 dans nos soci\u00e9t\u00e9s. Ils contredisent les droits les plus fondamentaux et acc\u00e9l\u00e8rent la crise \u00e9cologique, au d\u00e9triment des g\u00e9n\u00e9rations futures. Ces Trait\u00e9s menacent directement notre capacit\u00e9 \u00e0 construire une soci\u00e9t\u00e9 et une vie meilleures pour chacun, une \u00e9conomie socialement et \u00e9cologiquement durable, le droit \u00e0 la reconnaissance d\u00e9mocratique des habitant-e-s tout en pr\u00e9servant nos territoires comme des biens communs. L\u2019urgence, pour l\u2019Europe, est de consolider son \u00e9conomie en renfor\u00e7ant les droits sociaux, \u00e9conomiques, environnementaux et du travail, et non de d\u00e9r\u00e9guler d\u2019avantage ses march\u00e9s.<\/p>\n<p>Nous, maires et repr\u00e9sentant-e-s \u00e9lu-e-s des villes et territoires r\u00e9unis \u00e0 Grenoble ce 17 f\u00e9vrier 2017 aux deuxi\u00e8mes Rencontres paneurop\u00e9ennes des villes contre les accords de libre-\u00e9change\u00a0:<\/p>\n<p><img loading=\"lazy\" decoding=\"async\" class=\"puce\" src=\"http:\/\/aitec.reseau-ipam.org\/local\/cache-vignettes\/L8xH11\/puce-32883.gif?1488824886\" alt=\"-\" width=\"8\" height=\"11\" \/>\u00a0prenons acte de la ratification du CETA par le Parlement europ\u00e9en ce 15 f\u00e9vrier 2017, signifiant son application provisoire prochaine\u00a0; nous restons unis et d\u00e9termin\u00e9s dans notre d\u00e9cision de le combattre et exhortons les gouvernements nationaux des pays-membres \u00e0 ne pas ratifier le CETA\u00a0;<\/p>\n<p><img loading=\"lazy\" decoding=\"async\" class=\"puce\" src=\"http:\/\/aitec.reseau-ipam.org\/local\/cache-vignettes\/L8xH11\/puce-32883.gif?1488824886\" alt=\"-\" width=\"8\" height=\"11\" \/>\u00a0plus que jamais la mobilisation locale doit s\u2019amplifier dans la phase des ratifications nationales, o\u00f9 les d\u00e9bats d\u00e9mocratiques peuvent \u00eatre vifs et o\u00f9 les citoyens peuvent s\u2019approprier concr\u00e8tement le sujet, car c\u2019est bien localement que les cons\u00e9quences d\u00e9l\u00e9t\u00e8res se feront ressentir\u00a0; nous y travaillerons avec tous nos partenaires et nos communaut\u00e9s, et continuerons d\u2019\u00e9tendre le r\u00e9seau des communes et des territoires engag\u00e9s\u00a0;<\/p>\n<p>&#8211; c\u2019est la reconstruction d\u00e9mocratique, et la r\u00e9invention du lien avec les citoyens qui permet de combattre la mont\u00e9e des id\u00e9es nationalistes et x\u00e9nophobes tout comme des forces qui les portent, auxquelles l\u2019extension du libre-\u00e9change a largement contribu\u00e9. Il est temps de passer de l\u2019opposition \u00e0 la proposition. Affirmons, construisons tous les jours le monde que nous d\u00e9sirons\u00a0;<\/p>\n<p>&#8211; des milliers d\u2019alternatives sont d\u00e9j\u00e0 en marche tout autour de nous, dans les villes et territoires et nous voulons amplifier la coop\u00e9ration entre les \u00e9lus et les territoires, avec la soci\u00e9t\u00e9 civile engag\u00e9e, les acteurs \u00e9conomiques locaux, pour les d\u00e9velopper encore, promouvoir les alternatives indispensables pour engager la transition et faire na\u00eetre un monde juste et solidaire\u00a0;<\/p>\n<p>&#8211; Pour r\u00e9sister \u00e0 la d\u00e9r\u00e9gulation du commerce et de l\u2019investissement, les villes et territoires doivent renforcer leurs capacit\u00e9s de r\u00e9silience et de coop\u00e9ration pour reconqu\u00e9rir les biens communs, retrouver les moyens de dynamiser l\u2019emploi local, pr\u00e9server l\u2019agriculture biologique, prot\u00e9ger les \u00e9cosyst\u00e8mes, notamment en municipalisant les services publics et en ayant une commande publique durable et responsable<\/p>\n<p>&#8211; Nous voulons d\u00e9finir et promouvoir des r\u00e8gles d\u2019un commerce juste et durable, dans l\u2019int\u00e9r\u00eat de tous et non celui de quelques-uns.<\/p>\n<p>Nous, maires et repr\u00e9sentant-e-s \u00e9lu-e-s des villes et territoires r\u00e9unis ce 17 f\u00e9vrier \u00e0 Grenoble, voulons, ensemble, contribuer \u00e0 reconstruire l\u2019Europe depuis les territoires et avec les citoyens, qui font sa force et lui donnent vivacit\u00e9 d\u00e9mocratique et populaire. Une autre gouvernance est possible et d\u00e9j\u00e0 en marche.<br class=\"autobr\" \/>Nous nous engageons \u00e0 communiquer cette d\u00e9claration, propos\u00e9e par les villes et territoires pr\u00e9sents ou repr\u00e9sent\u00e9s, aux responsables de l\u2019Union europ\u00e9enne, aux gouvernements nationaux et aux institutions et organismes pertinents.<\/p>\n<\/div>\n","protected":false},"excerpt":{"rendered":"<p>Les 17 et 18 f\u00e9vrier derniers, la Ville de Grenoble a accueilli le 2\u00e8me sommet paneurop\u00e9en \u00ab\u00a0Les autorit\u00e9s locales et la nouvelle g\u00e9n\u00e9ration de trait\u00e9s de libre \u00e9change\u00a0\u00bb. Cet \u00e9v\u00e9nement a rassembl\u00e9 des \u00e9lus locaux fran\u00e7ais et europ\u00e9en qui ont&hellip;<\/p>\n","protected":false},"author":1085,"featured_media":443106,"comment_status":"closed","ping_status":"closed","sticky":false,"template":"","format":"standard","meta":{"footnotes":""},"categories":[98,85,40],"tags":[7344,35739,35738,6803],"class_list":["post-443104","post","type-post","status-publish","format-standard","has-post-thumbnail","hentry","category-droits-de-lhomme","category-europe-fr","category-international-fr","tag-ceta","tag-collectivites-europeennes","tag-replique-de-grenoble","tag-tafta"],"yoast_head":"<!-- This site is optimized with the Yoast SEO plugin v27.1.1 - https:\/\/yoast.com\/product\/yoast-seo-wordpress\/ -->\n<title>La R\u00e9plique de Grenoble : d\u00e9claration des collectivit\u00e9s europ\u00e9ennes Hors TAFTA-CETA<\/title>\n<meta name=\"description\" content=\"Les 17 et 18 f\u00e9vrier derniers, la Ville de Grenoble a accueilli le 2\u00e8me sommet paneurop\u00e9en \u00ab\u00a0Les autorit\u00e9s locales et la nouvelle g\u00e9n\u00e9ration de trait\u00e9s de\" \/>\n<meta name=\"robots\" content=\"index, follow, max-snippet:-1, max-image-preview:large, max-video-preview:-1\" \/>\n<link rel=\"canonical\" href=\"https:\/\/www.pressenza.com\/fr\/2017\/03\/replique-de-grenoble-declaration-collectivites-europeennes-tafta-ceta\/\" \/>\n<meta property=\"og:locale\" content=\"fr_FR\" \/>\n<meta property=\"og:type\" content=\"article\" \/>\n<meta property=\"og:title\" content=\"La R\u00e9plique de Grenoble : d\u00e9claration des collectivit\u00e9s europ\u00e9ennes Hors TAFTA-CETA\" \/>\n<meta property=\"og:description\" content=\"Les 17 et 18 f\u00e9vrier derniers, la Ville de Grenoble a accueilli le 2\u00e8me sommet paneurop\u00e9en \u00ab\u00a0Les autorit\u00e9s locales et la nouvelle g\u00e9n\u00e9ration de trait\u00e9s de\" \/>\n<meta property=\"og:url\" content=\"https:\/\/www.pressenza.com\/fr\/2017\/03\/replique-de-grenoble-declaration-collectivites-europeennes-tafta-ceta\/\" \/>\n<meta property=\"og:site_name\" content=\"Pressenza\" \/>\n<meta property=\"article:publisher\" content=\"https:\/\/www.facebook.com\/PressenzaItalia\" \/>\n<meta property=\"article:published_time\" content=\"2017-03-14T22:12:39+00:00\" \/>\n<meta property=\"og:image\" content=\"https:\/\/www.pressenza.com\/wp-content\/uploads\/2017\/03\/replique-de-grenoble.jpg\" \/>\n\t<meta property=\"og:image:width\" content=\"750\" \/>\n\t<meta property=\"og:image:height\" content=\"500\" \/>\n\t<meta property=\"og:image:type\" content=\"image\/jpeg\" \/>\n<meta name=\"author\" content=\"Association Internationale de Techniciens, Experts et Chercheurs\" \/>\n<meta name=\"twitter:card\" content=\"summary_large_image\" \/>\n<meta name=\"twitter:creator\" content=\"@PressenzaIPA\" \/>\n<meta name=\"twitter:site\" content=\"@PressenzaIPA\" \/>\n<meta name=\"twitter:label1\" content=\"\u00c9crit par\" \/>\n\t<meta name=\"twitter:data1\" content=\"Association Internationale de Techniciens, Experts et Chercheurs\" \/>\n\t<meta name=\"twitter:label2\" content=\"Dur\u00e9e de lecture estim\u00e9e\" \/>\n\t<meta name=\"twitter:data2\" content=\"4 minutes\" \/>\n<script type=\"application\/ld+json\" class=\"yoast-schema-graph\">{\"@context\":\"https:\/\/schema.org\",\"@graph\":[{\"@type\":\"Article\",\"@id\":\"https:\/\/www.pressenza.com\/fr\/2017\/03\/replique-de-grenoble-declaration-collectivites-europeennes-tafta-ceta\/#article\",\"isPartOf\":{\"@id\":\"https:\/\/www.pressenza.com\/fr\/2017\/03\/replique-de-grenoble-declaration-collectivites-europeennes-tafta-ceta\/\"},\"author\":{\"name\":\"Association Internationale de Techniciens, Experts et Chercheurs\",\"@id\":\"https:\/\/www.pressenza.com\/fr\/#\/schema\/person\/66ef138ad4c7fad6a91a23d6953e64ad\"},\"headline\":\"La R\u00e9plique de Grenoble : d\u00e9claration des collectivit\u00e9s europ\u00e9ennes Hors TAFTA-CETA\",\"datePublished\":\"2017-03-14T22:12:39+00:00\",\"mainEntityOfPage\":{\"@id\":\"https:\/\/www.pressenza.com\/fr\/2017\/03\/replique-de-grenoble-declaration-collectivites-europeennes-tafta-ceta\/\"},\"wordCount\":770,\"publisher\":{\"@id\":\"https:\/\/www.pressenza.com\/fr\/#organization\"},\"image\":{\"@id\":\"https:\/\/www.pressenza.com\/fr\/2017\/03\/replique-de-grenoble-declaration-collectivites-europeennes-tafta-ceta\/#primaryimage\"},\"thumbnailUrl\":\"https:\/\/www.pressenza.com\/wp-content\/uploads\/2017\/03\/replique-de-grenoble.jpg\",\"keywords\":[\"CETA\",\"collectivit\u00e9s europ\u00e9ennes\",\"R\u00e9plique de Grenoble\",\"TAFTA\"],\"articleSection\":[\"Droits humains\",\"Europe\",\"International\"],\"inLanguage\":\"fr-FR\"},{\"@type\":\"WebPage\",\"@id\":\"https:\/\/www.pressenza.com\/fr\/2017\/03\/replique-de-grenoble-declaration-collectivites-europeennes-tafta-ceta\/\",\"url\":\"https:\/\/www.pressenza.com\/fr\/2017\/03\/replique-de-grenoble-declaration-collectivites-europeennes-tafta-ceta\/\",\"name\":\"La R\u00e9plique de Grenoble : d\u00e9claration des collectivit\u00e9s europ\u00e9ennes Hors TAFTA-CETA\",\"isPartOf\":{\"@id\":\"https:\/\/www.pressenza.com\/fr\/#website\"},\"primaryImageOfPage\":{\"@id\":\"https:\/\/www.pressenza.com\/fr\/2017\/03\/replique-de-grenoble-declaration-collectivites-europeennes-tafta-ceta\/#primaryimage\"},\"image\":{\"@id\":\"https:\/\/www.pressenza.com\/fr\/2017\/03\/replique-de-grenoble-declaration-collectivites-europeennes-tafta-ceta\/#primaryimage\"},\"thumbnailUrl\":\"https:\/\/www.pressenza.com\/wp-content\/uploads\/2017\/03\/replique-de-grenoble.jpg\",\"datePublished\":\"2017-03-14T22:12:39+00:00\",\"description\":\"Les 17 et 18 f\u00e9vrier derniers, la Ville de Grenoble a accueilli le 2\u00e8me sommet paneurop\u00e9en \u00ab\u00a0Les autorit\u00e9s locales et la nouvelle g\u00e9n\u00e9ration de trait\u00e9s de\",\"breadcrumb\":{\"@id\":\"https:\/\/www.pressenza.com\/fr\/2017\/03\/replique-de-grenoble-declaration-collectivites-europeennes-tafta-ceta\/#breadcrumb\"},\"inLanguage\":\"fr-FR\",\"potentialAction\":[{\"@type\":\"ReadAction\",\"target\":[\"https:\/\/www.pressenza.com\/fr\/2017\/03\/replique-de-grenoble-declaration-collectivites-europeennes-tafta-ceta\/\"]}]},{\"@type\":\"ImageObject\",\"inLanguage\":\"fr-FR\",\"@id\":\"https:\/\/www.pressenza.com\/fr\/2017\/03\/replique-de-grenoble-declaration-collectivites-europeennes-tafta-ceta\/#primaryimage\",\"url\":\"https:\/\/www.pressenza.com\/wp-content\/uploads\/2017\/03\/replique-de-grenoble.jpg\",\"contentUrl\":\"https:\/\/www.pressenza.com\/wp-content\/uploads\/2017\/03\/replique-de-grenoble.jpg\",\"width\":750,\"height\":500},{\"@type\":\"BreadcrumbList\",\"@id\":\"https:\/\/www.pressenza.com\/fr\/2017\/03\/replique-de-grenoble-declaration-collectivites-europeennes-tafta-ceta\/#breadcrumb\",\"itemListElement\":[{\"@type\":\"ListItem\",\"position\":1,\"name\":\"Accueil\",\"item\":\"https:\/\/www.pressenza.com\/fr\/\"},{\"@type\":\"ListItem\",\"position\":2,\"name\":\"La R\u00e9plique de Grenoble : d\u00e9claration des collectivit\u00e9s europ\u00e9ennes Hors TAFTA-CETA\"}]},{\"@type\":\"WebSite\",\"@id\":\"https:\/\/www.pressenza.com\/fr\/#website\",\"url\":\"https:\/\/www.pressenza.com\/fr\/\",\"name\":\"Pressenza\",\"description\":\"International Press Agency\",\"publisher\":{\"@id\":\"https:\/\/www.pressenza.com\/fr\/#organization\"},\"potentialAction\":[{\"@type\":\"SearchAction\",\"target\":{\"@type\":\"EntryPoint\",\"urlTemplate\":\"https:\/\/www.pressenza.com\/fr\/?s={search_term_string}\"},\"query-input\":{\"@type\":\"PropertyValueSpecification\",\"valueRequired\":true,\"valueName\":\"search_term_string\"}}],\"inLanguage\":\"fr-FR\"},{\"@type\":\"Organization\",\"@id\":\"https:\/\/www.pressenza.com\/fr\/#organization\",\"name\":\"Pressenza\",\"url\":\"https:\/\/www.pressenza.com\/fr\/\",\"logo\":{\"@type\":\"ImageObject\",\"inLanguage\":\"fr-FR\",\"@id\":\"https:\/\/www.pressenza.com\/fr\/#\/schema\/logo\/image\/\",\"url\":\"https:\/\/www.pressenza.com\/wp-content\/uploads\/2022\/10\/pressenza_logo_200x200.jpg\",\"contentUrl\":\"https:\/\/www.pressenza.com\/wp-content\/uploads\/2022\/10\/pressenza_logo_200x200.jpg\",\"width\":200,\"height\":200,\"caption\":\"Pressenza\"},\"image\":{\"@id\":\"https:\/\/www.pressenza.com\/fr\/#\/schema\/logo\/image\/\"},\"sameAs\":[\"https:\/\/www.facebook.com\/PressenzaItalia\",\"https:\/\/x.com\/PressenzaIPA\"]},{\"@type\":\"Person\",\"@id\":\"https:\/\/www.pressenza.com\/fr\/#\/schema\/person\/66ef138ad4c7fad6a91a23d6953e64ad\",\"name\":\"Association Internationale de Techniciens, Experts et Chercheurs\",\"description\":\"Un r\u00e9seau de professionnels, de chercheurs et de citoyens engag\u00e9s dans le mouvement social. Une expertise citoyenne et des propositions alternatives sur l'urbain, les services publics et le financement du d\u00e9veloppement. aitec.reseau-ipam.org\",\"sameAs\":[\"http:\/\/aitec.reseau-ipam.org\/\"],\"url\":\"https:\/\/www.pressenza.com\/fr\/author\/aitec\/\"}]}<\/script>\n<!-- \/ Yoast SEO plugin. -->","yoast_head_json":{"title":"La R\u00e9plique de Grenoble : d\u00e9claration des collectivit\u00e9s europ\u00e9ennes Hors TAFTA-CETA","description":"Les 17 et 18 f\u00e9vrier derniers, la Ville de Grenoble a accueilli le 2\u00e8me sommet paneurop\u00e9en \u00ab\u00a0Les autorit\u00e9s locales et la nouvelle g\u00e9n\u00e9ration de trait\u00e9s de","robots":{"index":"index","follow":"follow","max-snippet":"max-snippet:-1","max-image-preview":"max-image-preview:large","max-video-preview":"max-video-preview:-1"},"canonical":"https:\/\/www.pressenza.com\/fr\/2017\/03\/replique-de-grenoble-declaration-collectivites-europeennes-tafta-ceta\/","og_locale":"fr_FR","og_type":"article","og_title":"La R\u00e9plique de Grenoble : d\u00e9claration des collectivit\u00e9s europ\u00e9ennes Hors TAFTA-CETA","og_description":"Les 17 et 18 f\u00e9vrier derniers, la Ville de Grenoble a accueilli le 2\u00e8me sommet paneurop\u00e9en \u00ab\u00a0Les autorit\u00e9s locales et la nouvelle g\u00e9n\u00e9ration de trait\u00e9s de","og_url":"https:\/\/www.pressenza.com\/fr\/2017\/03\/replique-de-grenoble-declaration-collectivites-europeennes-tafta-ceta\/","og_site_name":"Pressenza","article_publisher":"https:\/\/www.facebook.com\/PressenzaItalia","article_published_time":"2017-03-14T22:12:39+00:00","og_image":[{"width":750,"height":500,"url":"https:\/\/www.pressenza.com\/wp-content\/uploads\/2017\/03\/replique-de-grenoble.jpg","type":"image\/jpeg"}],"author":"Association Internationale de Techniciens, Experts et Chercheurs","twitter_card":"summary_large_image","twitter_creator":"@PressenzaIPA","twitter_site":"@PressenzaIPA","twitter_misc":{"\u00c9crit par":"Association Internationale de Techniciens, Experts et Chercheurs","Dur\u00e9e de lecture estim\u00e9e":"4 minutes"},"schema":{"@context":"https:\/\/schema.org","@graph":[{"@type":"Article","@id":"https:\/\/www.pressenza.com\/fr\/2017\/03\/replique-de-grenoble-declaration-collectivites-europeennes-tafta-ceta\/#article","isPartOf":{"@id":"https:\/\/www.pressenza.com\/fr\/2017\/03\/replique-de-grenoble-declaration-collectivites-europeennes-tafta-ceta\/"},"author":{"name":"Association Internationale de Techniciens, Experts et Chercheurs","@id":"https:\/\/www.pressenza.com\/fr\/#\/schema\/person\/66ef138ad4c7fad6a91a23d6953e64ad"},"headline":"La R\u00e9plique de Grenoble : d\u00e9claration des collectivit\u00e9s europ\u00e9ennes Hors TAFTA-CETA","datePublished":"2017-03-14T22:12:39+00:00","mainEntityOfPage":{"@id":"https:\/\/www.pressenza.com\/fr\/2017\/03\/replique-de-grenoble-declaration-collectivites-europeennes-tafta-ceta\/"},"wordCount":770,"publisher":{"@id":"https:\/\/www.pressenza.com\/fr\/#organization"},"image":{"@id":"https:\/\/www.pressenza.com\/fr\/2017\/03\/replique-de-grenoble-declaration-collectivites-europeennes-tafta-ceta\/#primaryimage"},"thumbnailUrl":"https:\/\/www.pressenza.com\/wp-content\/uploads\/2017\/03\/replique-de-grenoble.jpg","keywords":["CETA","collectivit\u00e9s europ\u00e9ennes","R\u00e9plique de Grenoble","TAFTA"],"articleSection":["Droits humains","Europe","International"],"inLanguage":"fr-FR"},{"@type":"WebPage","@id":"https:\/\/www.pressenza.com\/fr\/2017\/03\/replique-de-grenoble-declaration-collectivites-europeennes-tafta-ceta\/","url":"https:\/\/www.pressenza.com\/fr\/2017\/03\/replique-de-grenoble-declaration-collectivites-europeennes-tafta-ceta\/","name":"La R\u00e9plique de Grenoble : d\u00e9claration des collectivit\u00e9s europ\u00e9ennes Hors TAFTA-CETA","isPartOf":{"@id":"https:\/\/www.pressenza.com\/fr\/#website"},"primaryImageOfPage":{"@id":"https:\/\/www.pressenza.com\/fr\/2017\/03\/replique-de-grenoble-declaration-collectivites-europeennes-tafta-ceta\/#primaryimage"},"image":{"@id":"https:\/\/www.pressenza.com\/fr\/2017\/03\/replique-de-grenoble-declaration-collectivites-europeennes-tafta-ceta\/#primaryimage"},"thumbnailUrl":"https:\/\/www.pressenza.com\/wp-content\/uploads\/2017\/03\/replique-de-grenoble.jpg","datePublished":"2017-03-14T22:12:39+00:00","description":"Les 17 et 18 f\u00e9vrier derniers, la Ville de Grenoble a accueilli le 2\u00e8me sommet paneurop\u00e9en \u00ab\u00a0Les autorit\u00e9s locales et la nouvelle g\u00e9n\u00e9ration de trait\u00e9s de","breadcrumb":{"@id":"https:\/\/www.pressenza.com\/fr\/2017\/03\/replique-de-grenoble-declaration-collectivites-europeennes-tafta-ceta\/#breadcrumb"},"inLanguage":"fr-FR","potentialAction":[{"@type":"ReadAction","target":["https:\/\/www.pressenza.com\/fr\/2017\/03\/replique-de-grenoble-declaration-collectivites-europeennes-tafta-ceta\/"]}]},{"@type":"ImageObject","inLanguage":"fr-FR","@id":"https:\/\/www.pressenza.com\/fr\/2017\/03\/replique-de-grenoble-declaration-collectivites-europeennes-tafta-ceta\/#primaryimage","url":"https:\/\/www.pressenza.com\/wp-content\/uploads\/2017\/03\/replique-de-grenoble.jpg","contentUrl":"https:\/\/www.pressenza.com\/wp-content\/uploads\/2017\/03\/replique-de-grenoble.jpg","width":750,"height":500},{"@type":"BreadcrumbList","@id":"https:\/\/www.pressenza.com\/fr\/2017\/03\/replique-de-grenoble-declaration-collectivites-europeennes-tafta-ceta\/#breadcrumb","itemListElement":[{"@type":"ListItem","position":1,"name":"Accueil","item":"https:\/\/www.pressenza.com\/fr\/"},{"@type":"ListItem","position":2,"name":"La R\u00e9plique de Grenoble : d\u00e9claration des collectivit\u00e9s europ\u00e9ennes Hors TAFTA-CETA"}]},{"@type":"WebSite","@id":"https:\/\/www.pressenza.com\/fr\/#website","url":"https:\/\/www.pressenza.com\/fr\/","name":"Pressenza","description":"International Press Agency","publisher":{"@id":"https:\/\/www.pressenza.com\/fr\/#organization"},"potentialAction":[{"@type":"SearchAction","target":{"@type":"EntryPoint","urlTemplate":"https:\/\/www.pressenza.com\/fr\/?s={search_term_string}"},"query-input":{"@type":"PropertyValueSpecification","valueRequired":true,"valueName":"search_term_string"}}],"inLanguage":"fr-FR"},{"@type":"Organization","@id":"https:\/\/www.pressenza.com\/fr\/#organization","name":"Pressenza","url":"https:\/\/www.pressenza.com\/fr\/","logo":{"@type":"ImageObject","inLanguage":"fr-FR","@id":"https:\/\/www.pressenza.com\/fr\/#\/schema\/logo\/image\/","url":"https:\/\/www.pressenza.com\/wp-content\/uploads\/2022\/10\/pressenza_logo_200x200.jpg","contentUrl":"https:\/\/www.pressenza.com\/wp-content\/uploads\/2022\/10\/pressenza_logo_200x200.jpg","width":200,"height":200,"caption":"Pressenza"},"image":{"@id":"https:\/\/www.pressenza.com\/fr\/#\/schema\/logo\/image\/"},"sameAs":["https:\/\/www.facebook.com\/PressenzaItalia","https:\/\/x.com\/PressenzaIPA"]},{"@type":"Person","@id":"https:\/\/www.pressenza.com\/fr\/#\/schema\/person\/66ef138ad4c7fad6a91a23d6953e64ad","name":"Association Internationale de Techniciens, Experts et Chercheurs","description":"Un r\u00e9seau de professionnels, de chercheurs et de citoyens engag\u00e9s dans le mouvement social. Une expertise citoyenne et des propositions alternatives sur l'urbain, les services publics et le financement du d\u00e9veloppement. aitec.reseau-ipam.org","sameAs":["http:\/\/aitec.reseau-ipam.org\/"],"url":"https:\/\/www.pressenza.com\/fr\/author\/aitec\/"}]}},"place":"","original_article_url":"http:\/\/aitec.reseau-ipam.org\/spip.php?article1609#","_links":{"self":[{"href":"https:\/\/www.pressenza.com\/fr\/wp-json\/wp\/v2\/posts\/443104","targetHints":{"allow":["GET"]}}],"collection":[{"href":"https:\/\/www.pressenza.com\/fr\/wp-json\/wp\/v2\/posts"}],"about":[{"href":"https:\/\/www.pressenza.com\/fr\/wp-json\/wp\/v2\/types\/post"}],"author":[{"embeddable":true,"href":"https:\/\/www.pressenza.com\/fr\/wp-json\/wp\/v2\/users\/1085"}],"replies":[{"embeddable":true,"href":"https:\/\/www.pressenza.com\/fr\/wp-json\/wp\/v2\/comments?post=443104"}],"version-history":[{"count":0,"href":"https:\/\/www.pressenza.com\/fr\/wp-json\/wp\/v2\/posts\/443104\/revisions"}],"wp:featuredmedia":[{"embeddable":true,"href":"https:\/\/www.pressenza.com\/fr\/wp-json\/wp\/v2\/media\/443106"}],"wp:attachment":[{"href":"https:\/\/www.pressenza.com\/fr\/wp-json\/wp\/v2\/media?parent=443104"}],"wp:term":[{"taxonomy":"category","embeddable":true,"href":"https:\/\/www.pressenza.com\/fr\/wp-json\/wp\/v2\/categories?post=443104"},{"taxonomy":"post_tag","embeddable":true,"href":"https:\/\/www.pressenza.com\/fr\/wp-json\/wp\/v2\/tags?post=443104"}],"curies":[{"name":"wp","href":"https:\/\/api.w.org\/{rel}","templated":true}]}}