{"id":433251,"date":"2017-02-18T00:12:05","date_gmt":"2017-02-18T00:12:05","guid":{"rendered":"https:\/\/www.pressenza.com\/?p=433251\/"},"modified":"2017-02-18T00:12:05","modified_gmt":"2017-02-18T00:12:05","slug":"sest-passe-de-positif-janvier-2017","status":"publish","type":"post","link":"https:\/\/www.pressenza.com\/fr\/2017\/02\/sest-passe-de-positif-janvier-2017\/","title":{"rendered":"Que s&rsquo;est-il pass\u00e9 de positif en janvier 2017 ?"},"content":{"rendered":"<p>La c\u00e9l\u00e8bre expression de Margaret Thatcher \u00ab TINA \u00bb (There Is No Alternative) est tout sauf vraie. Partout sur la plan\u00e8te, des alternatives sociales, \u00e9conomiques, d\u00e9mocratiques et \u00e9cologiques se mettent en place. Partout dans le monde, des hommes et des femmes refusent et combattent l&rsquo;injustice. Certains de ces combats m\u00e8nent \u00e0 des victoires.<\/p>\n<p>Le site <a href=\"http:\/\/www.bonnes-nouvelles.be\/site\/\">BONNES NOUVELLES<\/a> poursuit l&rsquo;objectif de rendre visibles ces petites et grandes victoires qui, bien que partielles et insuffisantes, nous aident \u00e0 rompre avec le fatalisme et constituent des sources d&rsquo;inspiration pour nos actions individuelles et collectives.<\/p>\n<p>PS 1: Vous aimez notre site et vous voulez nous aider ? C&rsquo;est maintenant possible de nous faire un don <a href=\"http:\/\/www.bonnes-nouvelles.be\/site\/dons-600-600-600.html\">ICI<\/a>.<\/p>\n<p>PS 2: Le dernier livre d&rsquo;Olivier Bonfond \u00ab IL FAUT TUER TINA, 200 propositions pour rompre avec le fatalisme et changer le monde \u00bb est maintenant disponible dans toutes les librairies. Vous pouvez \u00e9galement le commander ici : <a href=\"http:\/\/www.editions-du-cerisier.be\/spip.php?rubrique20\">http:\/\/www.editions-du-cerisier.be\/spip.php?rubrique20<\/a> en \u00e9crivant \u00e0 <a href=\"mailto:editionsducerisier@skynet.be\">editionsducerisier@skynet.be<\/a> (les frais de ports sont gratuits)<\/p>\n<p>L&rsquo;\u00e9quipe de BONNES NOUVELLES: Olivier, Philippe, Jeanne-Marie, Vanessa, Brieuc, H\u00e9l\u00e8ne, Caroline, Dominique et Fanny<\/p>\n<p><strong><a href=\"http:\/\/www.bonnes-nouvelles.be\/site\/actualites-305-999-305.html?continent=&amp;id_country=&amp;categorie=1&amp;theme=\">Le courage politique, \u00e7a existe !<\/a><\/strong><\/p>\n<p>Pays-Bas : tous les trains roulent au vert <a href=\"http:\/\/www.bonnes-nouvelles.be\/site\/actualites-pays_bas_tous_les_trains_roulent_au_vert-305-999-305-2245-fr.html\">Lire<\/a><br \/>\nParis lance un \u00ab plan pi\u00e9tons \u00bb pour r\u00e9\u00e9quilibrer l\u2019espace public <a href=\"http:\/\/www.bonnes-nouvelles.be\/site\/actualites-paris_lance_un_plan_pi_tons_pour_r_quilibrer_l_espace_public-305-999-305-2256-fr.html\">Lire<\/a><\/p>\n<p><strong><a href=\"http:\/\/www.bonnes-nouvelles.be\/site\/actualites-305-999-305.html?continent=&amp;id_country=&amp;categorie=2&amp;theme=\">C\u2019est la lutte sociale qui paie<\/a><\/strong><\/p>\n<p>Cor\u00e9e du Sud : les manifestations aux bougies renversent la pr\u00e9sidente Park <a href=\"http:\/\/www.bonnes-nouvelles.be\/site\/actualites-cor_e_du_sud_les_manifestations_aux_bougies_renversent_la_pr_sidente_park-305-999-305-2244-fr.html\">Lire<\/a><br \/>\nEmission Z\u00e9ro IL FAUT TUER TINA (Radio Panik Podcast) <a href=\"http:\/\/www.bonnes-nouvelles.be\/site\/actualites-emission_z_ro_il_faut_tuer_tina_radio_panik_podcast_-305-999-305-2246-fr.html\">Lire<\/a><br \/>\nAutriche : les citoyens se mobilisent contre le CETA et le TTIP et force le Parlement \u00e0 s&#8217;emparer du sujet <a href=\"http:\/\/www.bonnes-nouvelles.be\/site\/actualites-_autriche_les_citoyens_se_mobilisent_contre_le_ceta_et_le_ttip_et_force_le_parlement_s_emparer_du_sujet_-305-999-305-2257-fr.html\">Lire<\/a><br \/>\nRoumanie. Le peuple fait reculer le gouvernement qui voulait all\u00e9ger la loi anti-corruption <a href=\"http:\/\/www.bonnes-nouvelles.be\/site\/actualites-_roumanie_le_peuple_fait_reculer_le_gouvernement_qui_voulait_all_ger_la_loi_anti_corruption-305-999-305-2258-fr.html\">Lire<\/a><br \/>\nIL FAUT TUER TINA : un livre rempli de victoires et de solutions <a href=\"http:\/\/www.bonnes-nouvelles.be\/site\/actualites-il_faut_tuer_tina_un_livre_rempli_de_victoires_et_de_solutions_-305-999-305-2259-fr.html\">Lire<\/a><\/p>\n<p><strong><a href=\"http:\/\/www.bonnes-nouvelles.be\/site\/actualites-305-999-305.html?continent=&amp;id_country=&amp;categorie=3&amp;theme=\">Le droit comme instrument de lutte<\/a><\/strong><\/p>\n<p>L\u2019interdiction de la p\u00eache en eaux profondes entre en vigueur aujourd\u2019hui <a href=\"http:\/\/www.bonnes-nouvelles.be\/site\/actualites-l_interdiction_de_la_p_che_en_eaux_profondes_entre_en_vigueur_aujourd_hui-305-999-305-2252-fr.html\">Lire<\/a><br \/>\nles d\u00e9fenseurs des droits civiques remportent une bataille contre le d\u00e9cret anti-immigration de Donald Trump <a href=\"http:\/\/www.bonnes-nouvelles.be\/site\/actualites-les_d_fenseurs_des_droits_civiques_remportent_une_bataille_contre_le_d_cret_anti_immigration_de_donald_trump-305-999-305-2254-fr.html\">Lire<\/a><br \/>\nCahuzac condamn\u00e9 \u00e0 trois ans de prison ferme sans remise de peine <a href=\"http:\/\/www.bonnes-nouvelles.be\/site\/actualites-cahuzac_condamn_trois_ans_de_prison_ferme_sans_remise_de_peine-305-999-305-2255-fr.html\">Lire<\/a><\/p>\n<p><strong><a href=\"http:\/\/www.bonnes-nouvelles.be\/site\/actualites-305-999-305.html?continent=&amp;id_country=&amp;categorie=4&amp;theme=\">Reconna\u00eetre ses erreurs<\/a><\/strong><\/p>\n<p>Australie : un peuple aborig\u00e8ne r\u00e9cup\u00e8re ses terres apr\u00e8s 37 ans de lutte <a href=\"http:\/\/www.bonnes-nouvelles.be\/site\/actualites-australie_un_peuple_aborig_ne_r_cup_re_ses_terres_apr_s_37_ans_de_lutte-305-999-305-2248-fr.html\">Lire<\/a><\/p>\n<p><strong><a href=\"http:\/\/www.bonnes-nouvelles.be\/site\/actualites-305-999-305.html?continent=&amp;id_country=&amp;categorie=5&amp;theme=\">Seuls contre tous<\/a><\/strong><\/p>\n<p>France: un patron c\u00e8de son entreprise \u00e0 ses salari\u00e9s et renonce \u00e0 4 millions d&rsquo;euros <a href=\"http:\/\/www.bonnes-nouvelles.be\/site\/actualites-france_un_patron_c_de_son_entreprise_ses_salari_s_et_renonce_4_millions_d_euros_-305-999-305-2242-fr.html\">Lire<\/a><br \/>\nLangou\u00ebt, la commune bretonne qui a dit non aux \u00e9nergies fossiles <a href=\"http:\/\/www.bonnes-nouvelles.be\/site\/actualites-langou_t_la_commune_bretonne_qui_a_dit_non_aux_nergies_fossiles-305-999-305-2247-fr.html\">Lire<\/a><br \/>\nMobilisation r\u00e9ussie : \u00e0 Dax, les faucheurs de chaises l\u2019ont emport\u00e9 sur la banque fraudeuse <a href=\"http:\/\/www.bonnes-nouvelles.be\/site\/actualites-mobilisation_r_ussie_dax_les_faucheurs_de_chaises_l_ont_emport_sur_la_banque_fraudeuse-305-999-305-2249-fr.html\">Lire<\/a><br \/>\nLi\u00e8ge : Fossil Free ULG pousse l&rsquo;Universit\u00e9 \u00e0 sortir des \u00e9nergies fossiles <a href=\"http:\/\/www.bonnes-nouvelles.be\/site\/actualites-li_ge_fossil_free_ulg_pousse_l_universit_sortir_des_nergies_fossiles-305-999-305-2250-fr.html\">Lire<\/a><br \/>\n\u00c0 Troyes, Fanny et Jill ont r\u00e9uni les activit\u00e9s d\u2019un restaurant et celles d\u2019un centre culturel, le premier finan\u00e7ant le second. <a href=\"http:\/\/www.bonnes-nouvelles.be\/site\/actualites-_troyes_fanny_et_jill_ont_r_uni_les_activit_s_d_un_restaurant_et_celles_d_un_centre_culturel_le_premier_finan_ant_le_second_-305-999-305-2253-fr.html\">Lire<\/a><\/p>\n<p>&nbsp;<\/p>\n<p><strong>Source<\/strong> :\u00a0<a href=\"http:\/\/bonnes-nouvelles.be\/site\/actualites-rss-305-999-305-2260-fr.html\">http:\/\/bonnes-nouvelles.be\/site\/actualites-rss-305-999-305-2260-fr.html<\/a><\/p>\n<p>&nbsp;<\/p>\n","protected":false},"excerpt":{"rendered":"<p>La c\u00e9l\u00e8bre expression de Margaret Thatcher \u00ab TINA \u00bb (There Is No Alternative) est tout sauf vraie. Partout sur la plan\u00e8te, des alternatives sociales, \u00e9conomiques, d\u00e9mocratiques et \u00e9cologiques se mettent en place. Partout dans le monde, des hommes et des&hellip;<\/p>\n","protected":false},"author":926,"featured_media":360175,"comment_status":"closed","ping_status":"closed","sticky":false,"template":"","format":"standard","meta":{"footnotes":""},"categories":[94,85,40],"tags":[25835,35075,35076],"class_list":["post-433251","post","type-post","status-publish","format-standard","has-post-thumbnail","hentry","category-culture-fr","category-europe-fr","category-international-fr","tag-bonnes-nouvelles","tag-il-faut-tuer-tina","tag-janvier-2017"],"yoast_head":"<!-- This site is optimized with the Yoast SEO plugin v27.1.1 - https:\/\/yoast.com\/product\/yoast-seo-wordpress\/ -->\n<title>Que s&#039;est-il pass\u00e9 de positif en janvier 2017 ?<\/title>\n<meta name=\"description\" content=\"La c\u00e9l\u00e8bre expression de Margaret Thatcher \u00ab TINA \u00bb (There Is No Alternative) est tout sauf vraie. Partout sur la plan\u00e8te, des alternatives sociales,\" \/>\n<meta name=\"robots\" content=\"index, follow, max-snippet:-1, max-image-preview:large, max-video-preview:-1\" \/>\n<link rel=\"canonical\" href=\"https:\/\/www.pressenza.com\/fr\/2017\/02\/sest-passe-de-positif-janvier-2017\/\" \/>\n<meta property=\"og:locale\" content=\"fr_FR\" \/>\n<meta property=\"og:type\" content=\"article\" \/>\n<meta property=\"og:title\" content=\"Que s&#039;est-il pass\u00e9 de positif en janvier 2017 ?\" \/>\n<meta property=\"og:description\" content=\"La c\u00e9l\u00e8bre expression de Margaret Thatcher \u00ab TINA \u00bb (There Is No Alternative) est tout sauf vraie. Partout sur la plan\u00e8te, des alternatives sociales,\" \/>\n<meta property=\"og:url\" content=\"https:\/\/www.pressenza.com\/fr\/2017\/02\/sest-passe-de-positif-janvier-2017\/\" \/>\n<meta property=\"og:site_name\" content=\"Pressenza\" \/>\n<meta property=\"article:publisher\" content=\"https:\/\/www.facebook.com\/PressenzaItalia\" \/>\n<meta property=\"article:published_time\" content=\"2017-02-18T00:12:05+00:00\" \/>\n<meta property=\"og:image\" content=\"https:\/\/www.pressenza.com\/wp-content\/uploads\/2016\/09\/Que-s---est-il-pass---de-positif-en-juin-2016-720x461-720x461.jpg\" \/>\n\t<meta property=\"og:image:width\" content=\"720\" \/>\n\t<meta property=\"og:image:height\" content=\"461\" \/>\n\t<meta property=\"og:image:type\" content=\"image\/jpeg\" \/>\n<meta name=\"author\" content=\"R\u00e9daction France\" \/>\n<meta name=\"twitter:card\" content=\"summary_large_image\" \/>\n<meta name=\"twitter:creator\" content=\"@PressenzaIPA\" \/>\n<meta name=\"twitter:site\" content=\"@PressenzaIPA\" \/>\n<meta name=\"twitter:label1\" content=\"\u00c9crit par\" \/>\n\t<meta name=\"twitter:data1\" content=\"R\u00e9daction France\" \/>\n\t<meta name=\"twitter:label2\" content=\"Dur\u00e9e de lecture estim\u00e9e\" \/>\n\t<meta name=\"twitter:data2\" content=\"2 minutes\" \/>\n<script type=\"application\/ld+json\" class=\"yoast-schema-graph\">{\"@context\":\"https:\/\/schema.org\",\"@graph\":[{\"@type\":\"Article\",\"@id\":\"https:\/\/www.pressenza.com\/fr\/2017\/02\/sest-passe-de-positif-janvier-2017\/#article\",\"isPartOf\":{\"@id\":\"https:\/\/www.pressenza.com\/fr\/2017\/02\/sest-passe-de-positif-janvier-2017\/\"},\"author\":{\"name\":\"R\u00e9daction France\",\"@id\":\"https:\/\/www.pressenza.com\/fr\/#\/schema\/person\/3c9fe6670cc2cffbd37562f87b98e869\"},\"headline\":\"Que s&rsquo;est-il pass\u00e9 de positif en janvier 2017 ?\",\"datePublished\":\"2017-02-18T00:12:05+00:00\",\"mainEntityOfPage\":{\"@id\":\"https:\/\/www.pressenza.com\/fr\/2017\/02\/sest-passe-de-positif-janvier-2017\/\"},\"wordCount\":469,\"publisher\":{\"@id\":\"https:\/\/www.pressenza.com\/fr\/#organization\"},\"image\":{\"@id\":\"https:\/\/www.pressenza.com\/fr\/2017\/02\/sest-passe-de-positif-janvier-2017\/#primaryimage\"},\"thumbnailUrl\":\"https:\/\/www.pressenza.com\/wp-content\/uploads\/2016\/09\/Que-s---est-il-pass---de-positif-en-juin-2016-720x461-720x461.jpg\",\"keywords\":[\"bonnes nouvelles\",\"IL FAUT TUER TINA\",\"janvier 2017\"],\"articleSection\":[\"Culture et M\u00e9dias\",\"Europe\",\"International\"],\"inLanguage\":\"fr-FR\"},{\"@type\":\"WebPage\",\"@id\":\"https:\/\/www.pressenza.com\/fr\/2017\/02\/sest-passe-de-positif-janvier-2017\/\",\"url\":\"https:\/\/www.pressenza.com\/fr\/2017\/02\/sest-passe-de-positif-janvier-2017\/\",\"name\":\"Que s'est-il pass\u00e9 de positif en janvier 2017 ?\",\"isPartOf\":{\"@id\":\"https:\/\/www.pressenza.com\/fr\/#website\"},\"primaryImageOfPage\":{\"@id\":\"https:\/\/www.pressenza.com\/fr\/2017\/02\/sest-passe-de-positif-janvier-2017\/#primaryimage\"},\"image\":{\"@id\":\"https:\/\/www.pressenza.com\/fr\/2017\/02\/sest-passe-de-positif-janvier-2017\/#primaryimage\"},\"thumbnailUrl\":\"https:\/\/www.pressenza.com\/wp-content\/uploads\/2016\/09\/Que-s---est-il-pass---de-positif-en-juin-2016-720x461-720x461.jpg\",\"datePublished\":\"2017-02-18T00:12:05+00:00\",\"description\":\"La c\u00e9l\u00e8bre expression de Margaret Thatcher \u00ab TINA \u00bb (There Is No Alternative) est tout sauf vraie. Partout sur la plan\u00e8te, des alternatives sociales,\",\"breadcrumb\":{\"@id\":\"https:\/\/www.pressenza.com\/fr\/2017\/02\/sest-passe-de-positif-janvier-2017\/#breadcrumb\"},\"inLanguage\":\"fr-FR\",\"potentialAction\":[{\"@type\":\"ReadAction\",\"target\":[\"https:\/\/www.pressenza.com\/fr\/2017\/02\/sest-passe-de-positif-janvier-2017\/\"]}]},{\"@type\":\"ImageObject\",\"inLanguage\":\"fr-FR\",\"@id\":\"https:\/\/www.pressenza.com\/fr\/2017\/02\/sest-passe-de-positif-janvier-2017\/#primaryimage\",\"url\":\"https:\/\/www.pressenza.com\/wp-content\/uploads\/2016\/09\/Que-s---est-il-pass---de-positif-en-juin-2016-720x461-720x461.jpg\",\"contentUrl\":\"https:\/\/www.pressenza.com\/wp-content\/uploads\/2016\/09\/Que-s---est-il-pass---de-positif-en-juin-2016-720x461-720x461.jpg\",\"width\":720,\"height\":461},{\"@type\":\"BreadcrumbList\",\"@id\":\"https:\/\/www.pressenza.com\/fr\/2017\/02\/sest-passe-de-positif-janvier-2017\/#breadcrumb\",\"itemListElement\":[{\"@type\":\"ListItem\",\"position\":1,\"name\":\"Accueil\",\"item\":\"https:\/\/www.pressenza.com\/fr\/\"},{\"@type\":\"ListItem\",\"position\":2,\"name\":\"Que s&rsquo;est-il pass\u00e9 de positif en janvier 2017 ?\"}]},{\"@type\":\"WebSite\",\"@id\":\"https:\/\/www.pressenza.com\/fr\/#website\",\"url\":\"https:\/\/www.pressenza.com\/fr\/\",\"name\":\"Pressenza\",\"description\":\"International Press Agency\",\"publisher\":{\"@id\":\"https:\/\/www.pressenza.com\/fr\/#organization\"},\"potentialAction\":[{\"@type\":\"SearchAction\",\"target\":{\"@type\":\"EntryPoint\",\"urlTemplate\":\"https:\/\/www.pressenza.com\/fr\/?s={search_term_string}\"},\"query-input\":{\"@type\":\"PropertyValueSpecification\",\"valueRequired\":true,\"valueName\":\"search_term_string\"}}],\"inLanguage\":\"fr-FR\"},{\"@type\":\"Organization\",\"@id\":\"https:\/\/www.pressenza.com\/fr\/#organization\",\"name\":\"Pressenza\",\"url\":\"https:\/\/www.pressenza.com\/fr\/\",\"logo\":{\"@type\":\"ImageObject\",\"inLanguage\":\"fr-FR\",\"@id\":\"https:\/\/www.pressenza.com\/fr\/#\/schema\/logo\/image\/\",\"url\":\"https:\/\/www.pressenza.com\/wp-content\/uploads\/2022\/10\/pressenza_logo_200x200.jpg\",\"contentUrl\":\"https:\/\/www.pressenza.com\/wp-content\/uploads\/2022\/10\/pressenza_logo_200x200.jpg\",\"width\":200,\"height\":200,\"caption\":\"Pressenza\"},\"image\":{\"@id\":\"https:\/\/www.pressenza.com\/fr\/#\/schema\/logo\/image\/\"},\"sameAs\":[\"https:\/\/www.facebook.com\/PressenzaItalia\",\"https:\/\/x.com\/PressenzaIPA\"]},{\"@type\":\"Person\",\"@id\":\"https:\/\/www.pressenza.com\/fr\/#\/schema\/person\/3c9fe6670cc2cffbd37562f87b98e869\",\"name\":\"R\u00e9daction France\",\"description\":\"News published by the Pressenza bureau in France\",\"sameAs\":[\"http:\/\/www.pressenza.com\/fr\"],\"url\":\"https:\/\/www.pressenza.com\/fr\/author\/redactionfrance\/\"}]}<\/script>\n<!-- \/ Yoast SEO plugin. -->","yoast_head_json":{"title":"Que s'est-il pass\u00e9 de positif en janvier 2017 ?","description":"La c\u00e9l\u00e8bre expression de Margaret Thatcher \u00ab TINA \u00bb (There Is No Alternative) est tout sauf vraie. Partout sur la plan\u00e8te, des alternatives sociales,","robots":{"index":"index","follow":"follow","max-snippet":"max-snippet:-1","max-image-preview":"max-image-preview:large","max-video-preview":"max-video-preview:-1"},"canonical":"https:\/\/www.pressenza.com\/fr\/2017\/02\/sest-passe-de-positif-janvier-2017\/","og_locale":"fr_FR","og_type":"article","og_title":"Que s'est-il pass\u00e9 de positif en janvier 2017 ?","og_description":"La c\u00e9l\u00e8bre expression de Margaret Thatcher \u00ab TINA \u00bb (There Is No Alternative) est tout sauf vraie. Partout sur la plan\u00e8te, des alternatives sociales,","og_url":"https:\/\/www.pressenza.com\/fr\/2017\/02\/sest-passe-de-positif-janvier-2017\/","og_site_name":"Pressenza","article_publisher":"https:\/\/www.facebook.com\/PressenzaItalia","article_published_time":"2017-02-18T00:12:05+00:00","og_image":[{"width":720,"height":461,"url":"https:\/\/www.pressenza.com\/wp-content\/uploads\/2016\/09\/Que-s---est-il-pass---de-positif-en-juin-2016-720x461-720x461.jpg","type":"image\/jpeg"}],"author":"R\u00e9daction France","twitter_card":"summary_large_image","twitter_creator":"@PressenzaIPA","twitter_site":"@PressenzaIPA","twitter_misc":{"\u00c9crit par":"R\u00e9daction France","Dur\u00e9e de lecture estim\u00e9e":"2 minutes"},"schema":{"@context":"https:\/\/schema.org","@graph":[{"@type":"Article","@id":"https:\/\/www.pressenza.com\/fr\/2017\/02\/sest-passe-de-positif-janvier-2017\/#article","isPartOf":{"@id":"https:\/\/www.pressenza.com\/fr\/2017\/02\/sest-passe-de-positif-janvier-2017\/"},"author":{"name":"R\u00e9daction France","@id":"https:\/\/www.pressenza.com\/fr\/#\/schema\/person\/3c9fe6670cc2cffbd37562f87b98e869"},"headline":"Que s&rsquo;est-il pass\u00e9 de positif en janvier 2017 ?","datePublished":"2017-02-18T00:12:05+00:00","mainEntityOfPage":{"@id":"https:\/\/www.pressenza.com\/fr\/2017\/02\/sest-passe-de-positif-janvier-2017\/"},"wordCount":469,"publisher":{"@id":"https:\/\/www.pressenza.com\/fr\/#organization"},"image":{"@id":"https:\/\/www.pressenza.com\/fr\/2017\/02\/sest-passe-de-positif-janvier-2017\/#primaryimage"},"thumbnailUrl":"https:\/\/www.pressenza.com\/wp-content\/uploads\/2016\/09\/Que-s---est-il-pass---de-positif-en-juin-2016-720x461-720x461.jpg","keywords":["bonnes nouvelles","IL FAUT TUER TINA","janvier 2017"],"articleSection":["Culture et M\u00e9dias","Europe","International"],"inLanguage":"fr-FR"},{"@type":"WebPage","@id":"https:\/\/www.pressenza.com\/fr\/2017\/02\/sest-passe-de-positif-janvier-2017\/","url":"https:\/\/www.pressenza.com\/fr\/2017\/02\/sest-passe-de-positif-janvier-2017\/","name":"Que s'est-il pass\u00e9 de positif en janvier 2017 ?","isPartOf":{"@id":"https:\/\/www.pressenza.com\/fr\/#website"},"primaryImageOfPage":{"@id":"https:\/\/www.pressenza.com\/fr\/2017\/02\/sest-passe-de-positif-janvier-2017\/#primaryimage"},"image":{"@id":"https:\/\/www.pressenza.com\/fr\/2017\/02\/sest-passe-de-positif-janvier-2017\/#primaryimage"},"thumbnailUrl":"https:\/\/www.pressenza.com\/wp-content\/uploads\/2016\/09\/Que-s---est-il-pass---de-positif-en-juin-2016-720x461-720x461.jpg","datePublished":"2017-02-18T00:12:05+00:00","description":"La c\u00e9l\u00e8bre expression de Margaret Thatcher \u00ab TINA \u00bb (There Is No Alternative) est tout sauf vraie. Partout sur la plan\u00e8te, des alternatives sociales,","breadcrumb":{"@id":"https:\/\/www.pressenza.com\/fr\/2017\/02\/sest-passe-de-positif-janvier-2017\/#breadcrumb"},"inLanguage":"fr-FR","potentialAction":[{"@type":"ReadAction","target":["https:\/\/www.pressenza.com\/fr\/2017\/02\/sest-passe-de-positif-janvier-2017\/"]}]},{"@type":"ImageObject","inLanguage":"fr-FR","@id":"https:\/\/www.pressenza.com\/fr\/2017\/02\/sest-passe-de-positif-janvier-2017\/#primaryimage","url":"https:\/\/www.pressenza.com\/wp-content\/uploads\/2016\/09\/Que-s---est-il-pass---de-positif-en-juin-2016-720x461-720x461.jpg","contentUrl":"https:\/\/www.pressenza.com\/wp-content\/uploads\/2016\/09\/Que-s---est-il-pass---de-positif-en-juin-2016-720x461-720x461.jpg","width":720,"height":461},{"@type":"BreadcrumbList","@id":"https:\/\/www.pressenza.com\/fr\/2017\/02\/sest-passe-de-positif-janvier-2017\/#breadcrumb","itemListElement":[{"@type":"ListItem","position":1,"name":"Accueil","item":"https:\/\/www.pressenza.com\/fr\/"},{"@type":"ListItem","position":2,"name":"Que s&rsquo;est-il pass\u00e9 de positif en janvier 2017 ?"}]},{"@type":"WebSite","@id":"https:\/\/www.pressenza.com\/fr\/#website","url":"https:\/\/www.pressenza.com\/fr\/","name":"Pressenza","description":"International Press Agency","publisher":{"@id":"https:\/\/www.pressenza.com\/fr\/#organization"},"potentialAction":[{"@type":"SearchAction","target":{"@type":"EntryPoint","urlTemplate":"https:\/\/www.pressenza.com\/fr\/?s={search_term_string}"},"query-input":{"@type":"PropertyValueSpecification","valueRequired":true,"valueName":"search_term_string"}}],"inLanguage":"fr-FR"},{"@type":"Organization","@id":"https:\/\/www.pressenza.com\/fr\/#organization","name":"Pressenza","url":"https:\/\/www.pressenza.com\/fr\/","logo":{"@type":"ImageObject","inLanguage":"fr-FR","@id":"https:\/\/www.pressenza.com\/fr\/#\/schema\/logo\/image\/","url":"https:\/\/www.pressenza.com\/wp-content\/uploads\/2022\/10\/pressenza_logo_200x200.jpg","contentUrl":"https:\/\/www.pressenza.com\/wp-content\/uploads\/2022\/10\/pressenza_logo_200x200.jpg","width":200,"height":200,"caption":"Pressenza"},"image":{"@id":"https:\/\/www.pressenza.com\/fr\/#\/schema\/logo\/image\/"},"sameAs":["https:\/\/www.facebook.com\/PressenzaItalia","https:\/\/x.com\/PressenzaIPA"]},{"@type":"Person","@id":"https:\/\/www.pressenza.com\/fr\/#\/schema\/person\/3c9fe6670cc2cffbd37562f87b98e869","name":"R\u00e9daction France","description":"News published by the Pressenza bureau in France","sameAs":["http:\/\/www.pressenza.com\/fr"],"url":"https:\/\/www.pressenza.com\/fr\/author\/redactionfrance\/"}]}},"place":"","original_article_url":"","_links":{"self":[{"href":"https:\/\/www.pressenza.com\/fr\/wp-json\/wp\/v2\/posts\/433251","targetHints":{"allow":["GET"]}}],"collection":[{"href":"https:\/\/www.pressenza.com\/fr\/wp-json\/wp\/v2\/posts"}],"about":[{"href":"https:\/\/www.pressenza.com\/fr\/wp-json\/wp\/v2\/types\/post"}],"author":[{"embeddable":true,"href":"https:\/\/www.pressenza.com\/fr\/wp-json\/wp\/v2\/users\/926"}],"replies":[{"embeddable":true,"href":"https:\/\/www.pressenza.com\/fr\/wp-json\/wp\/v2\/comments?post=433251"}],"version-history":[{"count":0,"href":"https:\/\/www.pressenza.com\/fr\/wp-json\/wp\/v2\/posts\/433251\/revisions"}],"wp:featuredmedia":[{"embeddable":true,"href":"https:\/\/www.pressenza.com\/fr\/wp-json\/wp\/v2\/media\/360175"}],"wp:attachment":[{"href":"https:\/\/www.pressenza.com\/fr\/wp-json\/wp\/v2\/media?parent=433251"}],"wp:term":[{"taxonomy":"category","embeddable":true,"href":"https:\/\/www.pressenza.com\/fr\/wp-json\/wp\/v2\/categories?post=433251"},{"taxonomy":"post_tag","embeddable":true,"href":"https:\/\/www.pressenza.com\/fr\/wp-json\/wp\/v2\/tags?post=433251"}],"curies":[{"name":"wp","href":"https:\/\/api.w.org\/{rel}","templated":true}]}}