{"id":4277,"date":"2010-11-06T00:00:00","date_gmt":"2010-11-06T00:00:00","guid":{"rendered":""},"modified":"2010-11-09T10:07:35","modified_gmt":"2010-11-09T10:07:35","slug":"la-colere-des-immigres-ne-tarit-pas","status":"publish","type":"post","link":"https:\/\/www.pressenza.com\/fr\/2010\/11\/la-colere-des-immigres-ne-tarit-pas\/","title":{"rendered":"La col\u00e8re des immigr\u00e9s ne tarit pas"},"content":{"rendered":"<p>Pressenza  Milan, 06\/11\/10  \u00c0 Brescia cela fait une semaine que six immigr\u00e9s sont post\u00e9s au sommet d\u2019une grue, \u00e0 une hauteur de 35 m\u00e8tres. \u00c0 Milan, ce sont neuf immigr\u00e9s qui ont pris position hier sur l\u2019ancienne tourelle Carlo Erba, dans la via Imbonati qui fait l\u2019angle avec la via Bovio.<\/p>\n<p>Le Comit\u00e9 des immigr\u00e9s en Italie (Comitato immigrati in Italia) a d\u00e9clar\u00e9 : \u00ab Nous demandons que soit accord\u00e9 un permis de s\u00e9jour \u00e0 tous ceux qui ont pris part au processus de r\u00e9gularisation, et que ce processus \u00ab r\u00e9gularise \u00bb toutes les irr\u00e9gularit\u00e9s pr\u00e9c\u00e9dentes, y compris les situations des soi-disant \u00abclandestins\u00bb. La pr\u00e9fecture de police mettant au moins neuf mois \u00e0 traiter une demande de renouvellement, nous demandons que soit allong\u00e9e la dur\u00e9e du permis de s\u00e9jour, notamment pour ceux qui viennent de perdre leur emploi et qui en cherchent un autre, d\u2019autant plus en ces temps de crise \u00bb.<\/p>\n<p>Jorge Carazas, porte-parole de l\u2019association Convergence des cultures  de Milan et l\u2019un des repr\u00e9sentants du Comit\u00e9 des immigr\u00e9s en Italie, lance un appel \u00ab \u00e0 tous les immigr\u00e9s comme nous, \u00e0 venir soutenir notre mouvement de protestation qui est le mouvement de tous ! \u00bb car \u00ab  L\u2019unit\u00e9 et la solidarit\u00e9 sont nos forces \u00bb.<\/p>\n","protected":false},"excerpt":{"rendered":"<p>La manifestation d\u00e9but\u00e9e \u00e0 Brescia a gagn\u00e9 Milan : des immigr\u00e9s ont grimp\u00e9 sur la tourelle Carlo Erba, via Imbonati, en signe de protestation contre ce qu\u2019ils appellent l\u2019 \u00ab arnaque \u00e0 la r\u00e9gularisation\u00bb. \u00c0 l\u2019issue de la permanence du Comitato immigrati in Italia, neuf d\u2019entre eux ont dormi \u00e0 la belle \u00e9toile, soutenus par de nombreuses organisations d\u2019\u00e9trangers et d\u2019italiens.<\/p>\n","protected":false},"author":19,"featured_media":0,"comment_status":"closed","ping_status":"open","sticky":false,"template":"","format":"standard","meta":{"footnotes":""},"categories":[98,85,40],"tags":[],"class_list":["post-4277","post","type-post","status-publish","format-standard","hentry","category-droits-de-lhomme","category-europe-fr","category-international-fr"],"yoast_head":"<!-- This site is optimized with the Yoast SEO plugin v27.1.1 - https:\/\/yoast.com\/product\/yoast-seo-wordpress\/ -->\n<title>La col\u00e8re des immigr\u00e9s ne tarit pas<\/title>\n<meta name=\"description\" content=\"La manifestation d\u00e9but\u00e9e \u00e0 Brescia a gagn\u00e9 Milan : des immigr\u00e9s ont grimp\u00e9 sur la tourelle Carlo Erba, via Imbonati, en signe de protestation contre ce qu\u2019ils appellent l\u2019 \u00ab arnaque \u00e0 la r\u00e9gularisation\u00bb. \u00c0 l\u2019issue de la permanence du Comitato immigrati in Italia, neuf d\u2019entre eux ont dormi \u00e0 la belle \u00e9toile, soutenus par de nombreuses organisations d\u2019\u00e9trangers et d\u2019italiens.\" \/>\n<meta name=\"robots\" content=\"index, follow, max-snippet:-1, max-image-preview:large, max-video-preview:-1\" \/>\n<link rel=\"canonical\" href=\"https:\/\/www.pressenza.com\/fr\/2010\/11\/la-colere-des-immigres-ne-tarit-pas\/\" \/>\n<meta property=\"og:locale\" content=\"fr_FR\" \/>\n<meta property=\"og:type\" content=\"article\" \/>\n<meta property=\"og:title\" content=\"La col\u00e8re des immigr\u00e9s ne tarit pas\" \/>\n<meta property=\"og:description\" content=\"La manifestation d\u00e9but\u00e9e \u00e0 Brescia a gagn\u00e9 Milan : des immigr\u00e9s ont grimp\u00e9 sur la tourelle Carlo Erba, via Imbonati, en signe de protestation contre ce qu\u2019ils appellent l\u2019 \u00ab arnaque \u00e0 la r\u00e9gularisation\u00bb. \u00c0 l\u2019issue de la permanence du Comitato immigrati in Italia, neuf d\u2019entre eux ont dormi \u00e0 la belle \u00e9toile, soutenus par de nombreuses organisations d\u2019\u00e9trangers et d\u2019italiens.\" \/>\n<meta property=\"og:url\" content=\"https:\/\/www.pressenza.com\/fr\/2010\/11\/la-colere-des-immigres-ne-tarit-pas\/\" \/>\n<meta property=\"og:site_name\" content=\"Pressenza\" \/>\n<meta property=\"article:publisher\" content=\"https:\/\/www.facebook.com\/PressenzaItalia\" \/>\n<meta property=\"article:author\" content=\"https:\/\/www.facebook.com\/pressenza\" \/>\n<meta property=\"article:published_time\" content=\"2010-11-06T00:00:00+00:00\" \/>\n<meta property=\"article:modified_time\" content=\"2010-11-09T10:07:35+00:00\" \/>\n<meta name=\"author\" content=\"Pressenza IPA\" \/>\n<meta name=\"twitter:card\" content=\"summary_large_image\" \/>\n<meta name=\"twitter:creator\" content=\"@PressenzaIPA\" \/>\n<meta name=\"twitter:site\" content=\"@PressenzaIPA\" \/>\n<meta name=\"twitter:label1\" content=\"\u00c9crit par\" \/>\n\t<meta name=\"twitter:data1\" content=\"Pressenza IPA\" \/>\n\t<meta name=\"twitter:label2\" content=\"Dur\u00e9e de lecture estim\u00e9e\" \/>\n\t<meta name=\"twitter:data2\" content=\"1 minute\" \/>\n<script type=\"application\/ld+json\" class=\"yoast-schema-graph\">{\"@context\":\"https:\/\/schema.org\",\"@graph\":[{\"@type\":\"Article\",\"@id\":\"https:\/\/www.pressenza.com\/fr\/2010\/11\/la-colere-des-immigres-ne-tarit-pas\/#article\",\"isPartOf\":{\"@id\":\"https:\/\/www.pressenza.com\/fr\/2010\/11\/la-colere-des-immigres-ne-tarit-pas\/\"},\"author\":{\"name\":\"Pressenza IPA\",\"@id\":\"https:\/\/www.pressenza.com\/fr\/#\/schema\/person\/010e5d02bcf40965427a1289a4cc8d75\"},\"headline\":\"La col\u00e8re des immigr\u00e9s ne tarit pas\",\"datePublished\":\"2010-11-06T00:00:00+00:00\",\"dateModified\":\"2010-11-09T10:07:35+00:00\",\"mainEntityOfPage\":{\"@id\":\"https:\/\/www.pressenza.com\/fr\/2010\/11\/la-colere-des-immigres-ne-tarit-pas\/\"},\"wordCount\":224,\"publisher\":{\"@id\":\"https:\/\/www.pressenza.com\/fr\/#organization\"},\"articleSection\":[\"Droits humains\",\"Europe\",\"International\"],\"inLanguage\":\"fr-FR\"},{\"@type\":\"WebPage\",\"@id\":\"https:\/\/www.pressenza.com\/fr\/2010\/11\/la-colere-des-immigres-ne-tarit-pas\/\",\"url\":\"https:\/\/www.pressenza.com\/fr\/2010\/11\/la-colere-des-immigres-ne-tarit-pas\/\",\"name\":\"La col\u00e8re des immigr\u00e9s ne tarit pas\",\"isPartOf\":{\"@id\":\"https:\/\/www.pressenza.com\/fr\/#website\"},\"datePublished\":\"2010-11-06T00:00:00+00:00\",\"dateModified\":\"2010-11-09T10:07:35+00:00\",\"description\":\"La manifestation d\u00e9but\u00e9e \u00e0 Brescia a gagn\u00e9 Milan : des immigr\u00e9s ont grimp\u00e9 sur la tourelle Carlo Erba, via Imbonati, en signe de protestation contre ce qu\u2019ils appellent l\u2019 \u00ab arnaque \u00e0 la r\u00e9gularisation\u00bb. \u00c0 l\u2019issue de la permanence du Comitato immigrati in Italia, neuf d\u2019entre eux ont dormi \u00e0 la belle \u00e9toile, soutenus par de nombreuses organisations d\u2019\u00e9trangers et d\u2019italiens.\",\"breadcrumb\":{\"@id\":\"https:\/\/www.pressenza.com\/fr\/2010\/11\/la-colere-des-immigres-ne-tarit-pas\/#breadcrumb\"},\"inLanguage\":\"fr-FR\",\"potentialAction\":[{\"@type\":\"ReadAction\",\"target\":[\"https:\/\/www.pressenza.com\/fr\/2010\/11\/la-colere-des-immigres-ne-tarit-pas\/\"]}]},{\"@type\":\"BreadcrumbList\",\"@id\":\"https:\/\/www.pressenza.com\/fr\/2010\/11\/la-colere-des-immigres-ne-tarit-pas\/#breadcrumb\",\"itemListElement\":[{\"@type\":\"ListItem\",\"position\":1,\"name\":\"Accueil\",\"item\":\"https:\/\/www.pressenza.com\/fr\/\"},{\"@type\":\"ListItem\",\"position\":2,\"name\":\"La col\u00e8re des immigr\u00e9s ne tarit pas\"}]},{\"@type\":\"WebSite\",\"@id\":\"https:\/\/www.pressenza.com\/fr\/#website\",\"url\":\"https:\/\/www.pressenza.com\/fr\/\",\"name\":\"Pressenza\",\"description\":\"International Press Agency\",\"publisher\":{\"@id\":\"https:\/\/www.pressenza.com\/fr\/#organization\"},\"potentialAction\":[{\"@type\":\"SearchAction\",\"target\":{\"@type\":\"EntryPoint\",\"urlTemplate\":\"https:\/\/www.pressenza.com\/fr\/?s={search_term_string}\"},\"query-input\":{\"@type\":\"PropertyValueSpecification\",\"valueRequired\":true,\"valueName\":\"search_term_string\"}}],\"inLanguage\":\"fr-FR\"},{\"@type\":\"Organization\",\"@id\":\"https:\/\/www.pressenza.com\/fr\/#organization\",\"name\":\"Pressenza\",\"url\":\"https:\/\/www.pressenza.com\/fr\/\",\"logo\":{\"@type\":\"ImageObject\",\"inLanguage\":\"fr-FR\",\"@id\":\"https:\/\/www.pressenza.com\/fr\/#\/schema\/logo\/image\/\",\"url\":\"https:\/\/www.pressenza.com\/wp-content\/uploads\/2022\/10\/pressenza_logo_200x200.jpg\",\"contentUrl\":\"https:\/\/www.pressenza.com\/wp-content\/uploads\/2022\/10\/pressenza_logo_200x200.jpg\",\"width\":200,\"height\":200,\"caption\":\"Pressenza\"},\"image\":{\"@id\":\"https:\/\/www.pressenza.com\/fr\/#\/schema\/logo\/image\/\"},\"sameAs\":[\"https:\/\/www.facebook.com\/PressenzaItalia\",\"https:\/\/x.com\/PressenzaIPA\"]},{\"@type\":\"Person\",\"@id\":\"https:\/\/www.pressenza.com\/fr\/#\/schema\/person\/010e5d02bcf40965427a1289a4cc8d75\",\"name\":\"Pressenza IPA\",\"description\":\"News from Pressenza IPA correspondents\",\"sameAs\":[\"https:\/\/www.facebook.com\/pressenza\",\"https:\/\/x.com\/PressenzaIPA\"],\"url\":\"https:\/\/www.pressenza.com\/fr\/author\/pressenza-ipa\/\"}]}<\/script>\n<!-- \/ Yoast SEO plugin. -->","yoast_head_json":{"title":"La col\u00e8re des immigr\u00e9s ne tarit pas","description":"La manifestation d\u00e9but\u00e9e \u00e0 Brescia a gagn\u00e9 Milan : des immigr\u00e9s ont grimp\u00e9 sur la tourelle Carlo Erba, via Imbonati, en signe de protestation contre ce qu\u2019ils appellent l\u2019 \u00ab arnaque \u00e0 la r\u00e9gularisation\u00bb. \u00c0 l\u2019issue de la permanence du Comitato immigrati in Italia, neuf d\u2019entre eux ont dormi \u00e0 la belle \u00e9toile, soutenus par de nombreuses organisations d\u2019\u00e9trangers et d\u2019italiens.","robots":{"index":"index","follow":"follow","max-snippet":"max-snippet:-1","max-image-preview":"max-image-preview:large","max-video-preview":"max-video-preview:-1"},"canonical":"https:\/\/www.pressenza.com\/fr\/2010\/11\/la-colere-des-immigres-ne-tarit-pas\/","og_locale":"fr_FR","og_type":"article","og_title":"La col\u00e8re des immigr\u00e9s ne tarit pas","og_description":"La manifestation d\u00e9but\u00e9e \u00e0 Brescia a gagn\u00e9 Milan : des immigr\u00e9s ont grimp\u00e9 sur la tourelle Carlo Erba, via Imbonati, en signe de protestation contre ce qu\u2019ils appellent l\u2019 \u00ab arnaque \u00e0 la r\u00e9gularisation\u00bb. \u00c0 l\u2019issue de la permanence du Comitato immigrati in Italia, neuf d\u2019entre eux ont dormi \u00e0 la belle \u00e9toile, soutenus par de nombreuses organisations d\u2019\u00e9trangers et d\u2019italiens.","og_url":"https:\/\/www.pressenza.com\/fr\/2010\/11\/la-colere-des-immigres-ne-tarit-pas\/","og_site_name":"Pressenza","article_publisher":"https:\/\/www.facebook.com\/PressenzaItalia","article_author":"https:\/\/www.facebook.com\/pressenza","article_published_time":"2010-11-06T00:00:00+00:00","article_modified_time":"2010-11-09T10:07:35+00:00","author":"Pressenza IPA","twitter_card":"summary_large_image","twitter_creator":"@PressenzaIPA","twitter_site":"@PressenzaIPA","twitter_misc":{"\u00c9crit par":"Pressenza IPA","Dur\u00e9e de lecture estim\u00e9e":"1 minute"},"schema":{"@context":"https:\/\/schema.org","@graph":[{"@type":"Article","@id":"https:\/\/www.pressenza.com\/fr\/2010\/11\/la-colere-des-immigres-ne-tarit-pas\/#article","isPartOf":{"@id":"https:\/\/www.pressenza.com\/fr\/2010\/11\/la-colere-des-immigres-ne-tarit-pas\/"},"author":{"name":"Pressenza IPA","@id":"https:\/\/www.pressenza.com\/fr\/#\/schema\/person\/010e5d02bcf40965427a1289a4cc8d75"},"headline":"La col\u00e8re des immigr\u00e9s ne tarit pas","datePublished":"2010-11-06T00:00:00+00:00","dateModified":"2010-11-09T10:07:35+00:00","mainEntityOfPage":{"@id":"https:\/\/www.pressenza.com\/fr\/2010\/11\/la-colere-des-immigres-ne-tarit-pas\/"},"wordCount":224,"publisher":{"@id":"https:\/\/www.pressenza.com\/fr\/#organization"},"articleSection":["Droits humains","Europe","International"],"inLanguage":"fr-FR"},{"@type":"WebPage","@id":"https:\/\/www.pressenza.com\/fr\/2010\/11\/la-colere-des-immigres-ne-tarit-pas\/","url":"https:\/\/www.pressenza.com\/fr\/2010\/11\/la-colere-des-immigres-ne-tarit-pas\/","name":"La col\u00e8re des immigr\u00e9s ne tarit pas","isPartOf":{"@id":"https:\/\/www.pressenza.com\/fr\/#website"},"datePublished":"2010-11-06T00:00:00+00:00","dateModified":"2010-11-09T10:07:35+00:00","description":"La manifestation d\u00e9but\u00e9e \u00e0 Brescia a gagn\u00e9 Milan : des immigr\u00e9s ont grimp\u00e9 sur la tourelle Carlo Erba, via Imbonati, en signe de protestation contre ce qu\u2019ils appellent l\u2019 \u00ab arnaque \u00e0 la r\u00e9gularisation\u00bb. \u00c0 l\u2019issue de la permanence du Comitato immigrati in Italia, neuf d\u2019entre eux ont dormi \u00e0 la belle \u00e9toile, soutenus par de nombreuses organisations d\u2019\u00e9trangers et d\u2019italiens.","breadcrumb":{"@id":"https:\/\/www.pressenza.com\/fr\/2010\/11\/la-colere-des-immigres-ne-tarit-pas\/#breadcrumb"},"inLanguage":"fr-FR","potentialAction":[{"@type":"ReadAction","target":["https:\/\/www.pressenza.com\/fr\/2010\/11\/la-colere-des-immigres-ne-tarit-pas\/"]}]},{"@type":"BreadcrumbList","@id":"https:\/\/www.pressenza.com\/fr\/2010\/11\/la-colere-des-immigres-ne-tarit-pas\/#breadcrumb","itemListElement":[{"@type":"ListItem","position":1,"name":"Accueil","item":"https:\/\/www.pressenza.com\/fr\/"},{"@type":"ListItem","position":2,"name":"La col\u00e8re des immigr\u00e9s ne tarit pas"}]},{"@type":"WebSite","@id":"https:\/\/www.pressenza.com\/fr\/#website","url":"https:\/\/www.pressenza.com\/fr\/","name":"Pressenza","description":"International Press Agency","publisher":{"@id":"https:\/\/www.pressenza.com\/fr\/#organization"},"potentialAction":[{"@type":"SearchAction","target":{"@type":"EntryPoint","urlTemplate":"https:\/\/www.pressenza.com\/fr\/?s={search_term_string}"},"query-input":{"@type":"PropertyValueSpecification","valueRequired":true,"valueName":"search_term_string"}}],"inLanguage":"fr-FR"},{"@type":"Organization","@id":"https:\/\/www.pressenza.com\/fr\/#organization","name":"Pressenza","url":"https:\/\/www.pressenza.com\/fr\/","logo":{"@type":"ImageObject","inLanguage":"fr-FR","@id":"https:\/\/www.pressenza.com\/fr\/#\/schema\/logo\/image\/","url":"https:\/\/www.pressenza.com\/wp-content\/uploads\/2022\/10\/pressenza_logo_200x200.jpg","contentUrl":"https:\/\/www.pressenza.com\/wp-content\/uploads\/2022\/10\/pressenza_logo_200x200.jpg","width":200,"height":200,"caption":"Pressenza"},"image":{"@id":"https:\/\/www.pressenza.com\/fr\/#\/schema\/logo\/image\/"},"sameAs":["https:\/\/www.facebook.com\/PressenzaItalia","https:\/\/x.com\/PressenzaIPA"]},{"@type":"Person","@id":"https:\/\/www.pressenza.com\/fr\/#\/schema\/person\/010e5d02bcf40965427a1289a4cc8d75","name":"Pressenza IPA","description":"News from Pressenza IPA correspondents","sameAs":["https:\/\/www.facebook.com\/pressenza","https:\/\/x.com\/PressenzaIPA"],"url":"https:\/\/www.pressenza.com\/fr\/author\/pressenza-ipa\/"}]}},"place":"Milano","original_article_url":"","_links":{"self":[{"href":"https:\/\/www.pressenza.com\/fr\/wp-json\/wp\/v2\/posts\/4277","targetHints":{"allow":["GET"]}}],"collection":[{"href":"https:\/\/www.pressenza.com\/fr\/wp-json\/wp\/v2\/posts"}],"about":[{"href":"https:\/\/www.pressenza.com\/fr\/wp-json\/wp\/v2\/types\/post"}],"author":[{"embeddable":true,"href":"https:\/\/www.pressenza.com\/fr\/wp-json\/wp\/v2\/users\/19"}],"replies":[{"embeddable":true,"href":"https:\/\/www.pressenza.com\/fr\/wp-json\/wp\/v2\/comments?post=4277"}],"version-history":[{"count":0,"href":"https:\/\/www.pressenza.com\/fr\/wp-json\/wp\/v2\/posts\/4277\/revisions"}],"wp:attachment":[{"href":"https:\/\/www.pressenza.com\/fr\/wp-json\/wp\/v2\/media?parent=4277"}],"wp:term":[{"taxonomy":"category","embeddable":true,"href":"https:\/\/www.pressenza.com\/fr\/wp-json\/wp\/v2\/categories?post=4277"},{"taxonomy":"post_tag","embeddable":true,"href":"https:\/\/www.pressenza.com\/fr\/wp-json\/wp\/v2\/tags?post=4277"}],"curies":[{"name":"wp","href":"https:\/\/api.w.org\/{rel}","templated":true}]}}