{"id":424810,"date":"2017-01-27T19:21:24","date_gmt":"2017-01-27T19:21:24","guid":{"rendered":"http:\/\/www.pressenza.com\/?p=424810\/"},"modified":"2017-01-27T21:54:19","modified_gmt":"2017-01-27T21:54:19","slug":"samedi-a-bordeaux-lair-de-ceta-non","status":"publish","type":"post","link":"https:\/\/www.pressenza.com\/fr\/2017\/01\/samedi-a-bordeaux-lair-de-ceta-non\/","title":{"rendered":"Un samedi \u00e0 Bordeaux sur l&rsquo;air de CETA Non !"},"content":{"rendered":"<p><strong>Par Josette Touzet (ATTAC 33) et Patrick Maupin (Greenpeace 33)<\/strong><\/p>\n<p>Une forte mobilisation citoyenne, ce samedi 21 janvier \u00e0 Bordeaux pour interpeller les d\u00e9put\u00e9s europ\u00e9ens avant le vote du Parlement : la ratification de l&rsquo;accord de libre-\u00e9change, entre l&rsquo;Union europ\u00e9enne et le Canada, dit CETA .<\/p>\n<p>Le collectif Stop Ceta\/Tafta 33 &#8211; dont 4 organisations Greenpeace, Attac, FSU et AC\u00a0 \u00e9taient pr\u00e9sentes &#8211; a r\u00e9ussi son objectif de la journ\u00e9e \u00e0 savoir : faire participer largement le public en faisant signer des cartes postales demandant aux d\u00e9put\u00e9s de voter contre le CETA.<\/p>\n<p><a href=\"https:\/\/youtu.be\/TdlPKth-_58\">https:\/\/youtu.be\/TdlPKth-_58<\/a><\/p>\n<p>R\u00e9uni autour d&rsquo;un stand Place St Projet et diffusant des flyers sur les dangers du trait\u00e9 CETA, le collectif a recueilli plus de 450 cartes postales sign\u00e9es et libell\u00e9es au nom des d\u00e9put\u00e9(e)s. Elles furent d\u00e9pos\u00e9es collectivement \u00e0 la Poste toute proche, avec ambiance musicale sur l&rsquo;air de \u00ab\u00a0On l\u00e2che rien\u00a0\u00bb, la chanson engag\u00e9e de HK et les Saltimbanks.<\/p>\n<p><a href=\"https:\/\/youtu.be\/0E58lUy_w38\">https:\/\/youtu.be\/0E58lUy_w38<\/a><\/p>\n<p>Une satisfaction pour les 4 organisations qui avaient travaill\u00e9 toute la semaine \u00e0 l&rsquo;organisation de la journ\u00e9e : le matin un petit d\u00e9jeuner point d&rsquo;info au cin\u00e9ma Utopia sur les trait\u00e9s de libre-\u00e9change dont le CETA et l&rsquo;apr\u00e8s-midi cette pr\u00e9sence militante et ludique en chanson, pour demander au public d&rsquo;interroger leurs d\u00e9put\u00e9s sur leur position sur ce trait\u00e9, avant le vote qui doit intervenir le 14 f\u00e9vrier prochain \u00e0 Strasbourg.<\/p>\n<div class=\"post-gallery\">\n\t\t\t<figure class=\"post-gallery-item\">\n\t\t\t\t<img decoding=\"async\" src=\"https:\/\/www.pressenza.com\/wp-content\/uploads\/2017\/01\/11373-720x480.jpg\" loading=\"lazy\">\n\t\t\t\t<figcaption>\n\t\t\t\t\t\n\t\t\t\t<\/figcaption>\n\t\t\t<\/figure>\n\t\t\t<figure class=\"post-gallery-item\">\n\t\t\t\t<img decoding=\"async\" src=\"https:\/\/www.pressenza.com\/wp-content\/uploads\/2017\/01\/20170121135918_IMG_9755-720x712.jpg\" loading=\"lazy\">\n\t\t\t\t<figcaption>\n\t\t\t\t\t\n\t\t\t\t<\/figcaption>\n\t\t\t<\/figure>\n\t\t\t<figure class=\"post-gallery-item\">\n\t\t\t\t<img decoding=\"async\" src=\"https:\/\/www.pressenza.com\/wp-content\/uploads\/2017\/01\/20170121142645_IMG_9774-720x480.jpg\" loading=\"lazy\">\n\t\t\t\t<figcaption>\n\t\t\t\t\t\n\t\t\t\t<\/figcaption>\n\t\t\t<\/figure>\n\t\t\t<figure class=\"post-gallery-item\">\n\t\t\t\t<img decoding=\"async\" src=\"https:\/\/www.pressenza.com\/wp-content\/uploads\/2017\/01\/20170121143505_IMG_9780-720x480.jpg\" loading=\"lazy\">\n\t\t\t\t<figcaption>\n\t\t\t\t\t\n\t\t\t\t<\/figcaption>\n\t\t\t<\/figure>\n\t\t\t<figure class=\"post-gallery-item\">\n\t\t\t\t<img decoding=\"async\" src=\"https:\/\/www.pressenza.com\/wp-content\/uploads\/2017\/01\/20170121143741_IMG_9787-720x601.jpg\" loading=\"lazy\">\n\t\t\t\t<figcaption>\n\t\t\t\t\t\n\t\t\t\t<\/figcaption>\n\t\t\t<\/figure><\/div>\n<p>&nbsp;<\/p>\n","protected":false},"excerpt":{"rendered":"<p>Par Josette Touzet (ATTAC 33) et Patrick Maupin (Greenpeace 33) Une forte mobilisation citoyenne, ce samedi 21 janvier \u00e0 Bordeaux pour interpeller les d\u00e9put\u00e9s europ\u00e9ens avant le vote du Parlement : la ratification de l&rsquo;accord de libre-\u00e9change, entre l&rsquo;Union europ\u00e9enne&hellip;<\/p>\n","protected":false},"author":926,"featured_media":424844,"comment_status":"closed","ping_status":"closed","sticky":false,"template":"","format":"standard","meta":{"footnotes":""},"categories":[100,85,5700],"tags":[7344,2347,6803,1492],"class_list":["post-424810","post","type-post","status-publish","format-standard","has-post-thumbnail","hentry","category-economie","category-europe-fr","category-reportages-photo","tag-ceta","tag-protestations-sociales","tag-tafta","tag-union-europeenne"],"yoast_head":"<!-- This site is optimized with the Yoast SEO plugin v27.1.1 - https:\/\/yoast.com\/product\/yoast-seo-wordpress\/ -->\n<title>Un samedi \u00e0 Bordeaux sur l&#039;air de CETA Non !<\/title>\n<meta name=\"description\" content=\"Par Josette Touzet (ATTAC 33) et Patrick Maupin (Greenpeace 33) Une forte mobilisation citoyenne, ce samedi 21 janvier \u00e0 Bordeaux pour interpeller les\" \/>\n<meta name=\"robots\" content=\"index, follow, max-snippet:-1, max-image-preview:large, max-video-preview:-1\" \/>\n<link rel=\"canonical\" href=\"https:\/\/www.pressenza.com\/fr\/2017\/01\/samedi-a-bordeaux-lair-de-ceta-non\/\" \/>\n<meta property=\"og:locale\" content=\"fr_FR\" \/>\n<meta property=\"og:type\" content=\"article\" \/>\n<meta property=\"og:title\" content=\"Un samedi \u00e0 Bordeaux sur l&#039;air de CETA Non !\" \/>\n<meta property=\"og:description\" content=\"Par Josette Touzet (ATTAC 33) et Patrick Maupin (Greenpeace 33) Une forte mobilisation citoyenne, ce samedi 21 janvier \u00e0 Bordeaux pour interpeller les\" \/>\n<meta property=\"og:url\" content=\"https:\/\/www.pressenza.com\/fr\/2017\/01\/samedi-a-bordeaux-lair-de-ceta-non\/\" \/>\n<meta property=\"og:site_name\" content=\"Pressenza\" \/>\n<meta property=\"article:publisher\" content=\"https:\/\/www.facebook.com\/PressenzaItalia\" \/>\n<meta property=\"article:published_time\" content=\"2017-01-27T19:21:24+00:00\" \/>\n<meta property=\"article:modified_time\" content=\"2017-01-27T21:54:19+00:00\" \/>\n<meta property=\"og:image\" content=\"https:\/\/www.pressenza.com\/wp-content\/uploads\/2017\/01\/20170121143657_IMG_9784.jpg\" \/>\n\t<meta property=\"og:image:width\" content=\"750\" \/>\n\t<meta property=\"og:image:height\" content=\"415\" \/>\n\t<meta property=\"og:image:type\" content=\"image\/jpeg\" \/>\n<meta name=\"author\" content=\"R\u00e9daction France\" \/>\n<meta name=\"twitter:card\" content=\"summary_large_image\" \/>\n<meta name=\"twitter:creator\" content=\"@PressenzaIPA\" \/>\n<meta name=\"twitter:site\" content=\"@PressenzaIPA\" \/>\n<meta name=\"twitter:label1\" content=\"\u00c9crit par\" \/>\n\t<meta name=\"twitter:data1\" content=\"R\u00e9daction France\" \/>\n\t<meta name=\"twitter:label2\" content=\"Dur\u00e9e de lecture estim\u00e9e\" \/>\n\t<meta name=\"twitter:data2\" content=\"1 minute\" \/>\n<script type=\"application\/ld+json\" class=\"yoast-schema-graph\">{\"@context\":\"https:\/\/schema.org\",\"@graph\":[{\"@type\":\"Article\",\"@id\":\"https:\/\/www.pressenza.com\/fr\/2017\/01\/samedi-a-bordeaux-lair-de-ceta-non\/#article\",\"isPartOf\":{\"@id\":\"https:\/\/www.pressenza.com\/fr\/2017\/01\/samedi-a-bordeaux-lair-de-ceta-non\/\"},\"author\":{\"name\":\"R\u00e9daction France\",\"@id\":\"https:\/\/www.pressenza.com\/fr\/#\/schema\/person\/3c9fe6670cc2cffbd37562f87b98e869\"},\"headline\":\"Un samedi \u00e0 Bordeaux sur l&rsquo;air de CETA Non !\",\"datePublished\":\"2017-01-27T19:21:24+00:00\",\"dateModified\":\"2017-01-27T21:54:19+00:00\",\"mainEntityOfPage\":{\"@id\":\"https:\/\/www.pressenza.com\/fr\/2017\/01\/samedi-a-bordeaux-lair-de-ceta-non\/\"},\"wordCount\":271,\"publisher\":{\"@id\":\"https:\/\/www.pressenza.com\/fr\/#organization\"},\"image\":{\"@id\":\"https:\/\/www.pressenza.com\/fr\/2017\/01\/samedi-a-bordeaux-lair-de-ceta-non\/#primaryimage\"},\"thumbnailUrl\":\"https:\/\/www.pressenza.com\/wp-content\/uploads\/2017\/01\/20170121143657_IMG_9784.jpg\",\"keywords\":[\"CETA\",\"protestations sociales\",\"TAFTA\",\"Union europ\u00e9enne\"],\"articleSection\":[\"Economie\",\"Europe\",\"Reportages photo\"],\"inLanguage\":\"fr-FR\"},{\"@type\":\"WebPage\",\"@id\":\"https:\/\/www.pressenza.com\/fr\/2017\/01\/samedi-a-bordeaux-lair-de-ceta-non\/\",\"url\":\"https:\/\/www.pressenza.com\/fr\/2017\/01\/samedi-a-bordeaux-lair-de-ceta-non\/\",\"name\":\"Un samedi \u00e0 Bordeaux sur l'air de CETA Non !\",\"isPartOf\":{\"@id\":\"https:\/\/www.pressenza.com\/fr\/#website\"},\"primaryImageOfPage\":{\"@id\":\"https:\/\/www.pressenza.com\/fr\/2017\/01\/samedi-a-bordeaux-lair-de-ceta-non\/#primaryimage\"},\"image\":{\"@id\":\"https:\/\/www.pressenza.com\/fr\/2017\/01\/samedi-a-bordeaux-lair-de-ceta-non\/#primaryimage\"},\"thumbnailUrl\":\"https:\/\/www.pressenza.com\/wp-content\/uploads\/2017\/01\/20170121143657_IMG_9784.jpg\",\"datePublished\":\"2017-01-27T19:21:24+00:00\",\"dateModified\":\"2017-01-27T21:54:19+00:00\",\"description\":\"Par Josette Touzet (ATTAC 33) et Patrick Maupin (Greenpeace 33) Une forte mobilisation citoyenne, ce samedi 21 janvier \u00e0 Bordeaux pour interpeller les\",\"breadcrumb\":{\"@id\":\"https:\/\/www.pressenza.com\/fr\/2017\/01\/samedi-a-bordeaux-lair-de-ceta-non\/#breadcrumb\"},\"inLanguage\":\"fr-FR\",\"potentialAction\":[{\"@type\":\"ReadAction\",\"target\":[\"https:\/\/www.pressenza.com\/fr\/2017\/01\/samedi-a-bordeaux-lair-de-ceta-non\/\"]}]},{\"@type\":\"ImageObject\",\"inLanguage\":\"fr-FR\",\"@id\":\"https:\/\/www.pressenza.com\/fr\/2017\/01\/samedi-a-bordeaux-lair-de-ceta-non\/#primaryimage\",\"url\":\"https:\/\/www.pressenza.com\/wp-content\/uploads\/2017\/01\/20170121143657_IMG_9784.jpg\",\"contentUrl\":\"https:\/\/www.pressenza.com\/wp-content\/uploads\/2017\/01\/20170121143657_IMG_9784.jpg\",\"width\":750,\"height\":415},{\"@type\":\"BreadcrumbList\",\"@id\":\"https:\/\/www.pressenza.com\/fr\/2017\/01\/samedi-a-bordeaux-lair-de-ceta-non\/#breadcrumb\",\"itemListElement\":[{\"@type\":\"ListItem\",\"position\":1,\"name\":\"Accueil\",\"item\":\"https:\/\/www.pressenza.com\/fr\/\"},{\"@type\":\"ListItem\",\"position\":2,\"name\":\"Un samedi \u00e0 Bordeaux sur l&rsquo;air de CETA Non !\"}]},{\"@type\":\"WebSite\",\"@id\":\"https:\/\/www.pressenza.com\/fr\/#website\",\"url\":\"https:\/\/www.pressenza.com\/fr\/\",\"name\":\"Pressenza\",\"description\":\"International Press Agency\",\"publisher\":{\"@id\":\"https:\/\/www.pressenza.com\/fr\/#organization\"},\"potentialAction\":[{\"@type\":\"SearchAction\",\"target\":{\"@type\":\"EntryPoint\",\"urlTemplate\":\"https:\/\/www.pressenza.com\/fr\/?s={search_term_string}\"},\"query-input\":{\"@type\":\"PropertyValueSpecification\",\"valueRequired\":true,\"valueName\":\"search_term_string\"}}],\"inLanguage\":\"fr-FR\"},{\"@type\":\"Organization\",\"@id\":\"https:\/\/www.pressenza.com\/fr\/#organization\",\"name\":\"Pressenza\",\"url\":\"https:\/\/www.pressenza.com\/fr\/\",\"logo\":{\"@type\":\"ImageObject\",\"inLanguage\":\"fr-FR\",\"@id\":\"https:\/\/www.pressenza.com\/fr\/#\/schema\/logo\/image\/\",\"url\":\"https:\/\/www.pressenza.com\/wp-content\/uploads\/2022\/10\/pressenza_logo_200x200.jpg\",\"contentUrl\":\"https:\/\/www.pressenza.com\/wp-content\/uploads\/2022\/10\/pressenza_logo_200x200.jpg\",\"width\":200,\"height\":200,\"caption\":\"Pressenza\"},\"image\":{\"@id\":\"https:\/\/www.pressenza.com\/fr\/#\/schema\/logo\/image\/\"},\"sameAs\":[\"https:\/\/www.facebook.com\/PressenzaItalia\",\"https:\/\/x.com\/PressenzaIPA\"]},{\"@type\":\"Person\",\"@id\":\"https:\/\/www.pressenza.com\/fr\/#\/schema\/person\/3c9fe6670cc2cffbd37562f87b98e869\",\"name\":\"R\u00e9daction France\",\"description\":\"News published by the Pressenza bureau in France\",\"sameAs\":[\"http:\/\/www.pressenza.com\/fr\"],\"url\":\"https:\/\/www.pressenza.com\/fr\/author\/redactionfrance\/\"}]}<\/script>\n<!-- \/ Yoast SEO plugin. -->","yoast_head_json":{"title":"Un samedi \u00e0 Bordeaux sur l'air de CETA Non !","description":"Par Josette Touzet (ATTAC 33) et Patrick Maupin (Greenpeace 33) Une forte mobilisation citoyenne, ce samedi 21 janvier \u00e0 Bordeaux pour interpeller les","robots":{"index":"index","follow":"follow","max-snippet":"max-snippet:-1","max-image-preview":"max-image-preview:large","max-video-preview":"max-video-preview:-1"},"canonical":"https:\/\/www.pressenza.com\/fr\/2017\/01\/samedi-a-bordeaux-lair-de-ceta-non\/","og_locale":"fr_FR","og_type":"article","og_title":"Un samedi \u00e0 Bordeaux sur l'air de CETA Non !","og_description":"Par Josette Touzet (ATTAC 33) et Patrick Maupin (Greenpeace 33) Une forte mobilisation citoyenne, ce samedi 21 janvier \u00e0 Bordeaux pour interpeller les","og_url":"https:\/\/www.pressenza.com\/fr\/2017\/01\/samedi-a-bordeaux-lair-de-ceta-non\/","og_site_name":"Pressenza","article_publisher":"https:\/\/www.facebook.com\/PressenzaItalia","article_published_time":"2017-01-27T19:21:24+00:00","article_modified_time":"2017-01-27T21:54:19+00:00","og_image":[{"width":750,"height":415,"url":"https:\/\/www.pressenza.com\/wp-content\/uploads\/2017\/01\/20170121143657_IMG_9784.jpg","type":"image\/jpeg"}],"author":"R\u00e9daction France","twitter_card":"summary_large_image","twitter_creator":"@PressenzaIPA","twitter_site":"@PressenzaIPA","twitter_misc":{"\u00c9crit par":"R\u00e9daction France","Dur\u00e9e de lecture estim\u00e9e":"1 minute"},"schema":{"@context":"https:\/\/schema.org","@graph":[{"@type":"Article","@id":"https:\/\/www.pressenza.com\/fr\/2017\/01\/samedi-a-bordeaux-lair-de-ceta-non\/#article","isPartOf":{"@id":"https:\/\/www.pressenza.com\/fr\/2017\/01\/samedi-a-bordeaux-lair-de-ceta-non\/"},"author":{"name":"R\u00e9daction France","@id":"https:\/\/www.pressenza.com\/fr\/#\/schema\/person\/3c9fe6670cc2cffbd37562f87b98e869"},"headline":"Un samedi \u00e0 Bordeaux sur l&rsquo;air de CETA Non !","datePublished":"2017-01-27T19:21:24+00:00","dateModified":"2017-01-27T21:54:19+00:00","mainEntityOfPage":{"@id":"https:\/\/www.pressenza.com\/fr\/2017\/01\/samedi-a-bordeaux-lair-de-ceta-non\/"},"wordCount":271,"publisher":{"@id":"https:\/\/www.pressenza.com\/fr\/#organization"},"image":{"@id":"https:\/\/www.pressenza.com\/fr\/2017\/01\/samedi-a-bordeaux-lair-de-ceta-non\/#primaryimage"},"thumbnailUrl":"https:\/\/www.pressenza.com\/wp-content\/uploads\/2017\/01\/20170121143657_IMG_9784.jpg","keywords":["CETA","protestations sociales","TAFTA","Union europ\u00e9enne"],"articleSection":["Economie","Europe","Reportages photo"],"inLanguage":"fr-FR"},{"@type":"WebPage","@id":"https:\/\/www.pressenza.com\/fr\/2017\/01\/samedi-a-bordeaux-lair-de-ceta-non\/","url":"https:\/\/www.pressenza.com\/fr\/2017\/01\/samedi-a-bordeaux-lair-de-ceta-non\/","name":"Un samedi \u00e0 Bordeaux sur l'air de CETA Non !","isPartOf":{"@id":"https:\/\/www.pressenza.com\/fr\/#website"},"primaryImageOfPage":{"@id":"https:\/\/www.pressenza.com\/fr\/2017\/01\/samedi-a-bordeaux-lair-de-ceta-non\/#primaryimage"},"image":{"@id":"https:\/\/www.pressenza.com\/fr\/2017\/01\/samedi-a-bordeaux-lair-de-ceta-non\/#primaryimage"},"thumbnailUrl":"https:\/\/www.pressenza.com\/wp-content\/uploads\/2017\/01\/20170121143657_IMG_9784.jpg","datePublished":"2017-01-27T19:21:24+00:00","dateModified":"2017-01-27T21:54:19+00:00","description":"Par Josette Touzet (ATTAC 33) et Patrick Maupin (Greenpeace 33) Une forte mobilisation citoyenne, ce samedi 21 janvier \u00e0 Bordeaux pour interpeller les","breadcrumb":{"@id":"https:\/\/www.pressenza.com\/fr\/2017\/01\/samedi-a-bordeaux-lair-de-ceta-non\/#breadcrumb"},"inLanguage":"fr-FR","potentialAction":[{"@type":"ReadAction","target":["https:\/\/www.pressenza.com\/fr\/2017\/01\/samedi-a-bordeaux-lair-de-ceta-non\/"]}]},{"@type":"ImageObject","inLanguage":"fr-FR","@id":"https:\/\/www.pressenza.com\/fr\/2017\/01\/samedi-a-bordeaux-lair-de-ceta-non\/#primaryimage","url":"https:\/\/www.pressenza.com\/wp-content\/uploads\/2017\/01\/20170121143657_IMG_9784.jpg","contentUrl":"https:\/\/www.pressenza.com\/wp-content\/uploads\/2017\/01\/20170121143657_IMG_9784.jpg","width":750,"height":415},{"@type":"BreadcrumbList","@id":"https:\/\/www.pressenza.com\/fr\/2017\/01\/samedi-a-bordeaux-lair-de-ceta-non\/#breadcrumb","itemListElement":[{"@type":"ListItem","position":1,"name":"Accueil","item":"https:\/\/www.pressenza.com\/fr\/"},{"@type":"ListItem","position":2,"name":"Un samedi \u00e0 Bordeaux sur l&rsquo;air de CETA Non !"}]},{"@type":"WebSite","@id":"https:\/\/www.pressenza.com\/fr\/#website","url":"https:\/\/www.pressenza.com\/fr\/","name":"Pressenza","description":"International Press Agency","publisher":{"@id":"https:\/\/www.pressenza.com\/fr\/#organization"},"potentialAction":[{"@type":"SearchAction","target":{"@type":"EntryPoint","urlTemplate":"https:\/\/www.pressenza.com\/fr\/?s={search_term_string}"},"query-input":{"@type":"PropertyValueSpecification","valueRequired":true,"valueName":"search_term_string"}}],"inLanguage":"fr-FR"},{"@type":"Organization","@id":"https:\/\/www.pressenza.com\/fr\/#organization","name":"Pressenza","url":"https:\/\/www.pressenza.com\/fr\/","logo":{"@type":"ImageObject","inLanguage":"fr-FR","@id":"https:\/\/www.pressenza.com\/fr\/#\/schema\/logo\/image\/","url":"https:\/\/www.pressenza.com\/wp-content\/uploads\/2022\/10\/pressenza_logo_200x200.jpg","contentUrl":"https:\/\/www.pressenza.com\/wp-content\/uploads\/2022\/10\/pressenza_logo_200x200.jpg","width":200,"height":200,"caption":"Pressenza"},"image":{"@id":"https:\/\/www.pressenza.com\/fr\/#\/schema\/logo\/image\/"},"sameAs":["https:\/\/www.facebook.com\/PressenzaItalia","https:\/\/x.com\/PressenzaIPA"]},{"@type":"Person","@id":"https:\/\/www.pressenza.com\/fr\/#\/schema\/person\/3c9fe6670cc2cffbd37562f87b98e869","name":"R\u00e9daction France","description":"News published by the Pressenza bureau in France","sameAs":["http:\/\/www.pressenza.com\/fr"],"url":"https:\/\/www.pressenza.com\/fr\/author\/redactionfrance\/"}]}},"place":"Bordeaux, France","original_article_url":"","_links":{"self":[{"href":"https:\/\/www.pressenza.com\/fr\/wp-json\/wp\/v2\/posts\/424810","targetHints":{"allow":["GET"]}}],"collection":[{"href":"https:\/\/www.pressenza.com\/fr\/wp-json\/wp\/v2\/posts"}],"about":[{"href":"https:\/\/www.pressenza.com\/fr\/wp-json\/wp\/v2\/types\/post"}],"author":[{"embeddable":true,"href":"https:\/\/www.pressenza.com\/fr\/wp-json\/wp\/v2\/users\/926"}],"replies":[{"embeddable":true,"href":"https:\/\/www.pressenza.com\/fr\/wp-json\/wp\/v2\/comments?post=424810"}],"version-history":[{"count":0,"href":"https:\/\/www.pressenza.com\/fr\/wp-json\/wp\/v2\/posts\/424810\/revisions"}],"wp:featuredmedia":[{"embeddable":true,"href":"https:\/\/www.pressenza.com\/fr\/wp-json\/wp\/v2\/media\/424844"}],"wp:attachment":[{"href":"https:\/\/www.pressenza.com\/fr\/wp-json\/wp\/v2\/media?parent=424810"}],"wp:term":[{"taxonomy":"category","embeddable":true,"href":"https:\/\/www.pressenza.com\/fr\/wp-json\/wp\/v2\/categories?post=424810"},{"taxonomy":"post_tag","embeddable":true,"href":"https:\/\/www.pressenza.com\/fr\/wp-json\/wp\/v2\/tags?post=424810"}],"curies":[{"name":"wp","href":"https:\/\/api.w.org\/{rel}","templated":true}]}}