{"id":42234,"date":"2013-03-10T20:20:56","date_gmt":"2013-03-10T20:20:56","guid":{"rendered":"http:\/\/www.pressenza.com\/?p=42234"},"modified":"2013-03-10T20:20:56","modified_gmt":"2013-03-10T20:20:56","slug":"une-nouvelle-ere-historique-2","status":"publish","type":"post","link":"https:\/\/www.pressenza.com\/fr\/2013\/03\/une-nouvelle-ere-historique-2\/","title":{"rendered":"Une nouvelle \u00e8re historique ?"},"content":{"rendered":"<div>\n<p><b>Crise civilisatrice, les fronti\u00e8res plan\u00e9taires, l\u2019in\u00e9galit\u00e9, les attaques contre la d\u00e9mocratie, l&rsquo;\u00e9tat de guerre permanente et les peuples en r\u00e9sistance<\/b><\/p>\n<\/div>\n<p><i>Nous proposons \u00e0 nos lecteurs des extraits du discours d&rsquo;<b>Edgardo Lander<\/b>, sociologue v\u00e9n\u00e9zu\u00e9lien lors du Forum social mondial, \u00e0 Porto Alegre, au Br\u00e9sil, en Janvier 2012.\u00a0<b>Lander<\/b>\u00a0nous offre des \u00e9l\u00e9ments qui fournissent des informations et des analyses, qui\u00a0<\/i><i>selon nous, aident \u00e0 la compr\u00e9hension du moment r\u00e9gional et mondial que nous vivons. Pour cet article, nous avons pris des extrait propres au discours, tout en essayant de retrouver les id\u00e9es centrales et sans modifier sa formulation initiale. Vous pouvez trouver le document original (en espagnol) en PDF\u00a0<a href=\"http:\/\/www.rebelion.org\/noticia.php?id=144967\">ici<\/a>. La vid\u00e9o (en espagnol) peut \u00eatre trouv\u00e9e\u00a0<a href=\"http:\/\/www.youtube.com\/watch?v=UyLRwh1jycs\">ici<\/a>.<\/i><\/p>\n<p>.<\/p>\n<p><b>Crise du mod\u00e8le h\u00e9g\u00e9monique civilisateur<\/b><\/p>\n<p>Nous sommes en pr\u00e9sence de la crise terminale d&rsquo;un mod\u00e8le de civilisation anthropocentrique, monoculturel et patriarcal, en croissance continue et en guerre syst\u00e9matique contre les conditions qui rendent la vie possible sur Terre. La civilisation de type scientifique technologique sur l&rsquo;ensemble de la soit dite \u00ab\u00a0nature\u00a0\u00bb, qui identifie le bien-\u00eatre humain \u00e0 l&rsquo;accumulation d&rsquo;objets mat\u00e9riels et la croissance \u00e9conomique illimit\u00e9e &#8211; qui a le capitalisme comme seule grande expression historique &#8211; est en train d\u2019atteindre ses limites.<\/p>\n<p>Dans le moment historique o\u00f9 l&rsquo;humanit\u00e9 a une plus grande urgence de la diversit\u00e9 et de la multiplicit\u00e9 des cultures, des formes de savoir, de penser, mani\u00e8res de vivre ensemble au sein du r\u00e9seau de la vie (comme condition de possibilit\u00e9 pour r\u00e9pondre \u00e0 cette crise de civilisation), les peuples autochtones et les cultures paysannes \u00e0 travers le monde sont menac\u00e9es par l&rsquo;inexorable logique du processus\u00a0<i>d&rsquo;accumulation par d\u00e9possession<\/i>.<\/p>\n<p>Aujourd&rsquo;hui, nous ne sommes pas confront\u00e9s au fait de savoir si le capitalisme peut survivre ou non \u00e0 cette crise terminale. Si, bient\u00f4t, nous ne parvenons pas \u00e0 mettre un terme \u00e0 ce m\u00e9canisme de destruction syst\u00e9matique, ce qui est r\u00e9ellement en jeu, c&rsquo;est si l&rsquo;humanit\u00e9 pourra ou non survivre \u00e0 la chute finale du capitalisme.<\/p>\n<p><b>La crise environnementale et les limites de la plan\u00e8te<\/b><\/p>\n<p>Il n\u2019y a aucun doute qu\u2019il existe de grands changements qui modifient le climat et les conditions qui rendent la vie possible sur la plan\u00e8te Terre. Il ne s&rsquo;agit pas seulement du changement climatique, mais aussi d&rsquo;autres aspects cruciaux tels que la perte de la biodiversit\u00e9, la fertilit\u00e9 des sols, la d\u00e9forestation, la pollution des eaux, etc. Il ne s\u2019agit pas seulement de mesures et de consensus scientifiques.<\/p>\n<p>Les graves cons\u00e9quences de ces changements font partie de la vie quotidienne de centaines de millions de personnes: s\u00e9cheresses, inondations, acc\u00e8s limit\u00e9 \u00e0 l\u2019eau, perte de diversit\u00e9 g\u00e9n\u00e9tique, chaleurs extr\u00eames, perte massive des r\u00e9coltes, etc. Sans un frein, \u00e0 court terme, de cette agression logique expansive sur la nature, la vie humaine est gravement menac\u00e9e.<\/p>\n<p><b>In\u00e9galit\u00e9 croissante et profonde<\/b><\/p>\n<p>En g\u00e9n\u00e9ral, l\u2019ensemble des syst\u00e8mes vitaux de la plan\u00e8te sont menac\u00e9s, mais dans l\u2019imm\u00e9diat et \u00e0 court terme, les impacts sont extr\u00eamement in\u00e9gaux. Il existe une relation inverse entre les pays, les r\u00e9gions et les peuples du monde qui ont toujours eu (et ont encore) plus de responsabilit\u00e9s dans les dynamiques pr\u00e9datrices (y compris l&rsquo;accumulation de gaz \u00e0 effet de serre dans l&rsquo;atmosph\u00e8re), et les r\u00e9gions et les populations les plus touch\u00e9es. Les principaux responsables, les pays industrialis\u00e9s du Nord, non seulement sont situ\u00e9s dans les r\u00e9gions temp\u00e9r\u00e9es, o\u00f9 les impacts des changements climatiques ont \u00e9t\u00e9 plus mod\u00e9r\u00e9s, mais disposent de ressources financi\u00e8res et des capacit\u00e9s technologiques pour y r\u00e9pondre. Ceci semble contribuer au peu d\u2019urgence que l\u2019on donne \u00e0 ces aspects, et plus particuli\u00e8rement aux \u00c9tats-Unis.<\/p>\n<p>La distribution in\u00e9gale de la richesse actuelle est sans pr\u00e9c\u00e9dent dans l&rsquo;histoire de l\u2019humanit\u00e9. La concentration croissante de l&rsquo;argent mondial entre les mains d&rsquo;une oligarchie est d\u00e9sormais \u00e9vidente. Il y a d\u2019ailleurs de plus en plus d&rsquo;informations sur ce processus.<\/p>\n<p>Le groupe financier\u00a0<i>Cr\u00e9dit Suisse<\/i>, a lanc\u00e9 une publication annuelle qui analyse la r\u00e9partition des richesses (biens r\u00e9els comme les maisons, plus les biens financiers) de la population adulte dans le monde. Selon ses calculs, la moiti\u00e9 la plus pauvre de la population adulte ne poss\u00e8de que 1% de la richesse mondiale. Un total de 3.051 millions adultes, ce qui repr\u00e9sente 67,6% de la population adulte globale, ne poss\u00e8de que 3,3% de la richesse mondiale. En revanche, les 10% plus riches poss\u00e8dent 84% de la richesse mondiale, les 1% plus riches poss\u00e8dent 44% de la richesse mondiale, et les 0,5% plus riches poss\u00e8dent les 38,5% de la richesse mondiale.<\/p>\n<p>La crise \u00e9conomique de ces derni\u00e8res ann\u00e9es, loin de ralentir ces tendances \u00e0 la concentration des proportions \u00e9lev\u00e9es de la richesse dans une petite minorit\u00e9, l\u2019a plut\u00f4t intensifi\u00e9e. Il ne s\u2019agit pas seulement de tendances d&rsquo;exploitation dans le monde soi-disant d\u00e9velopp\u00e9. Le pourcentage de croissance du nombre de riches et ultra-riches et des volumes des richesses qu&rsquo;ils poss\u00e8dent ont augment\u00e9 encore plus rapidement dans le groupe des pays dits \u00e9mergents. En Inde, le pays qui compte le plus grand nombre de personnes souffrant de faim dans le monde, l&rsquo;homme le plus riche du pays a construit une r\u00e9sidence familiale de 27 \u00e9tages qui, entre autres, poss\u00e8de trois h\u00e9liports. Son co\u00fbt est estim\u00e9 \u00e0 un milliard de dollars.<\/p>\n<p><b>Les multiples agressions sur la d\u00e9mocratie<\/b><\/p>\n<p>Ces profondes in\u00e9galit\u00e9s ne sont pas compatibles avec la d\u00e9mocratie. Cette concentration de la richesse (et le pouvoir politique qui l\u2019accompagne n\u00e9cessairement), est l&rsquo;expression la plus dramatique d&rsquo;un monde dans lequel nous vivons. Dans la plupart des pays, quel que soit le r\u00e9gime politique (d\u00e9mocratique, autoritaire, autocratique, la\u00efc ou religieux), les institutions \u00e9tatiques fonctionnent davantage comme des institutions propri\u00e9taires de l&rsquo;argent, que comme des repr\u00e9sentants des int\u00e9r\u00eats des citoyens.<\/p>\n<p>Toute alternative \u00e0 l\u2019actuelle crise civilisatrice, et aux cons\u00e9quences de la destruction des conditions qui rendent la vie possible, qui n&rsquo;inclut pas comme dimension essentielle la lutte contre cette in\u00e9galit\u00e9 obsc\u00e8ne, \u00e9chouera forc\u00e9ment. En premier lieu, parce que seule une redistribution radicale, avec un transfert extraordinairement massif des ressources et de l&rsquo;acc\u00e8s au patrimoine commun, aujourd&rsquo;hui d\u00e9tenu par les plus riches, au reste de la population, serait possible, ainsi que, dans le m\u00eame temps, une r\u00e9duction de la pression humaine insoutenable sur les syst\u00e8mes \u00e9cologiques qui soutiennent la vie, afin que la plupart des gens aient un niveau de vie d\u00e9cent.<\/p>\n<p>Deuxi\u00e8mement, parce qu\u2019aucune transformation importante de la logique pr\u00e9datrice n&rsquo;est possible tant qu&rsquo;une petite minorit\u00e9, plus pr\u00e9cis\u00e9ment celle qui b\u00e9n\u00e9ficie de la situation actuelle, b\u00e9n\u00e9ficie d&rsquo;une concentration monumentale de la richesse mondiale et du pouvoir d&rsquo;influence sur les d\u00e9cisions politiques et d&rsquo;investissement.<\/p>\n<p>Il existe plusieurs m\u00e9canismes par lesquels l&rsquo;in\u00e9galit\u00e9 et les restrictions de la d\u00e9mocratie se nourrissent. Les politiques fiscales des \u00c9tats-Unis en sont des illustrations. Gr\u00e2ce \u00e0 l\u2019augmentation du pouvoir politique des entreprises, ces derni\u00e8res d\u00e9cennies, la structure fiscale dans ce pays a \u00e9t\u00e9 d\u00e9tourn\u00e9e en faveur des int\u00e9r\u00eats des entreprises et contre la majorit\u00e9 des employ\u00e9s.<\/p>\n<p>Une autre menace, tout aussi grave pour la d\u00e9mocratie dans le monde entier, est celle qui provient des expressions multiples dont les politiques de\u00a0<i>s\u00e9curit\u00e9 nationale\u00a0<\/i>se sont empar\u00e9es. Un \u00e9tat permanent de peur a \u00e9t\u00e9 syst\u00e9matiquement aliment\u00e9 par les m\u00e9dias et l&rsquo;industrie du divertissement : peur du terrorisme, des drogues, de l&rsquo;ins\u00e9curit\u00e9 personnelle, des migrants ind\u00e9sirables, des menaces pos\u00e9es par les nouvelles puissances mondiales.<\/p>\n<p>La peur et l&rsquo;ins\u00e9curit\u00e9 que les m\u00e9dias et les politiciens instaurent agissent comme des dispositifs visant \u00e0 r\u00e9duire la r\u00e9sistance \u00e0 l&rsquo;imposition de mesures qui progressent pas \u00e0 pas vers une<i>\u00a0soci\u00e9t\u00e9 de surveillance<\/i>, avec des technologies au-del\u00e0 de tout ce qu&rsquo;Orwell aurait pu imaginer. Suite \u00e0 cela, de nouvelles opportunit\u00e9s commerciales surgissent gr\u00e2ce aux nouvelles technologies de surveillance pour les entreprises qui travaillent dans ce qu&rsquo;on a appel\u00e9 le\u00a0<i>complexe industrielle de s\u00e9curit\u00e9<\/i>.<\/p>\n<p><b>Ajustements globaux et d\u00e9clin du pouvoir imp\u00e9rial et unilat\u00e9ral des \u00c9tats-Unis<\/b><\/p>\n<p>Dans le domaine \u00e9conomique, le mouvement de l&rsquo;h\u00e9g\u00e9monie Am\u00e9ricaine dans le syst\u00e8me mondial, avec l&rsquo;\u00e9mergence de nouveaux acteurs, avance \u00e0 pas vertigineux. La diff\u00e9rence entre les taux acc\u00e9l\u00e9r\u00e9s de la croissance \u00e9conomique dans les \u00e9conomies \u00e9mergentes et la soi-disant l\u00e9thargie des pays industrialis\u00e9s est telle que le poids relatif des diff\u00e9rents groupes de pays dans l&rsquo;\u00e9conomie mondiale est en remaniement permanent. Sur le plan \u00e9conomique, la rapide croissance \u00e9conomique de la Chine a fait d\u2019elle un s\u00e9rieux rival face \u00e0 l&rsquo;h\u00e9g\u00e9monie Am\u00e9ricaine.<\/p>\n<p>Une autre expression de ces r\u00e9ajustements globaux constitue le fait que, selon le\u00a0<i>Centre for Economic and Business Research\u00a0<\/i>\u00e0 Londres, en 2011, le Br\u00e9sil a d\u00e9pass\u00e9 le Royaume-Uni pour devenir la sixi\u00e8me plus grande \u00e9conomie mondiale. Selon la m\u00eame source, en 2011, alors que l&rsquo;\u00e9conomie chinoise repr\u00e9sentait moins de la moiti\u00e9 de l&rsquo;\u00e9conomie am\u00e9ricaine, une d\u00e9cennie plus tard, en 2020, elle repr\u00e9senterait 84% de l&rsquo;\u00e9conomie am\u00e9ricaine. Elle estime \u00e9galement, que durant ces neuf ann\u00e9es, l&rsquo;\u00e9conomie russe passera du neuvi\u00e8me rang mondial au niveau \u00e9conomique au quatri\u00e8me rang, et l&rsquo;Inde, de la dixi\u00e8me place \u00e0 la cinqui\u00e8me.<\/p>\n<p>Une autre manifestation de la perte progressive de l&rsquo;h\u00e9g\u00e9monie am\u00e9ricaine dans le syst\u00e8me mondial, ce sont les diverses d\u00e9marches qui visent \u00e0 r\u00e9duire de plus en plus le r\u00f4le du dollar comme monnaie de r\u00e9serve internationale. Le dollar a \u00e9t\u00e9 un pilier de l&rsquo;h\u00e9g\u00e9monie des \u00c9tats-Unis, surtout depuis la pr\u00e9sidence de Richard Nixon, o\u00f9 le pays abandonna \u00ab\u00a0l&rsquo;\u00e9talon or\u00a0\u00bb.<\/p>\n<p><b>L&rsquo;h\u00e9g\u00e9monie militaire des \u00c9tats-Unis et l&rsquo;\u00e9tat de guerre permanente<\/b><\/p>\n<p>Le domaine militaire est le domaine qui pr\u00e9serve pleinement l&rsquo;h\u00e9g\u00e9monie am\u00e9ricaine, si possible avec la participation de ses alli\u00e9s, mais souvent de fa\u00e7on unilat\u00e9rale. C\u2019est d\u2019ailleurs son principal avantage strat\u00e9gique dans le but de pr\u00e9server son h\u00e9g\u00e9monie mondiale. Au cours des derni\u00e8res ann\u00e9es, le pays a montr\u00e9, quel que soit le parti au pouvoir, sa volont\u00e9 d&rsquo;utiliser de plus en plus cette puissance militaire.<\/p>\n<p>Pour que cet \u00e9tat de\u00a0<i>guerre sanglante, permanente et co\u00fbteuse ou guerre sans fin<\/i>\u00a0puisse politiquement \u00eatre viable \u00e0 long terme il a fallu des changements fondamentaux dans la fa\u00e7on dont la guerre est men\u00e9e. Cela a \u00e9t\u00e9 possible gr\u00e2ce \u00e0 trois changements fondamentaux dans leurs fa\u00e7ons de diriger une guerre, dans leur vie personnelle et leur technologie.<\/p>\n<p>Tout d&rsquo;abord, en supprimant et en rempla\u00e7ant leurs fa\u00e7ons de recruter par des m\u00e9canismes \u00ab\u00a0d\u2019engagement volontaire\u00a0\u00bb bas\u00e9 sur des incitations \u00e9conomiques. Avec la suppression de la conscription obligatoire par des m\u00e9canismes bas\u00e9s sur des incitations \u00e9conomiques, la chair \u00e0 canon des guerres des \u00c9tats-Unis se repeuple des plus pauvres de la soci\u00e9t\u00e9, ce qui a moins d&rsquo;impact sur l\u2019opinion publique.<\/p>\n<p>Une autre m\u00e9thode de r\u00e9duction de la recrue est la sous-traitance ou la privatisation de la guerre. En 2011, ces mercenaires, appel\u00e9s \u00ab\u00a0soci\u00e9t\u00e9s militaires priv\u00e9es\u00a0\u00bb, ont d\u00e9pass\u00e9 le nombre total des soldats en uniforme en Irak et Afghanistan. Avec la privatisation de la guerre, le domaine de comp\u00e9tence du\u00a0<i>complexe militaro-industriel<\/i>\u00a0et par cons\u00e9quent, les secteurs des entreprises et du travail qui d\u00e9pendent de la poursuite et l&rsquo;extension des guerres augmentent intens\u00e9ment.<\/p>\n<p>Tout aussi importantes sont les implications des transformations technologiques de l\u2019\u00ab\u00a0Art de la guerre\u00a0\u00bb. Les nouvelles armes de haute technologie qui ont \u00e9t\u00e9 d\u00e9velopp\u00e9es pour un co\u00fbt de plusieurs milliards de dollars ont permis, pour certains pays, mais surtout pour les \u00c9tats-Unis de r\u00e9duire l&rsquo;intervention humaine directe dans les champs de bataille. Celle-ci est remplac\u00e9e par de nouvelles armes, qui en plus d&rsquo;augmenter sa puissance l\u00e9tale, permettent de r\u00e9aliser des op\u00e9rations \u00e0 distance sans mettre en danger les soldats des \u00c9tats-Unis.<\/p>\n<p><b>Peuples en d\u00e9placement<\/b><\/p>\n<p>Compte tenu de cette extraordinaire combinaison de menaces non seulement pour la d\u00e9mocratie, la paix et la dignit\u00e9 humaine, mais pour la vie elle-m\u00eame, aujourd&rsquo;hui, nous nous trouvons face \u00e0 des peuples en mouvement et insoumis.<\/p>\n<p>L&rsquo;Am\u00e9rique latine, au cours des deux derni\u00e8res d\u00e9cennies, a \u00e9t\u00e9 le continent le plus actif \u00e0 cet \u00e9gard, et dans de nombreux cas, a continu\u00e9 \u00e0 approfondir et \u00e0 radicaliser les manifestations et les luttes, en particulier contre les nombreuses formes \u00ab\u00a0d\u2019extra activisme\u00a0\u00bb: l&rsquo;exploitation \u00e0 ciel ouvert, l&rsquo;extraction d\u2019hydrocarbures, les monocultures de soja transg\u00e9niques, d&rsquo;eucalyptus, de pins et de palmiers, les grands barrages hydro\u00e9lectriques. D\u2019autres th\u00e8mes et aspects ont \u00e9galement surgi. Comme par exemple les manifestations d&rsquo;\u00e9tudiants colombiens et chiliens pour la d\u00e9fense de l&rsquo;\u00e9ducation publique.<\/p>\n<p>Dans le monde arabe, il y a actuellement des changements politiques qui, jusqu&rsquo;\u00e0 r\u00e9cemment semblaient peu probables, \u00e0 commencer par les manifestations populaires massives et persistantes, le fameux\u00a0<i>Printemps arabe<\/i>, qui a produit le renversement du dictateur Ben Ali en Tunisie et d&rsquo;Hosni Moubarak en \u00c9gypte. Des organisations ill\u00e9gales comme celle des\u00a0<i>Fr\u00e8res musulmans<\/i>\u00a0en viennent \u00e0 occuper des espaces politiques centraux. La n\u00e9gation de tout droit d\u00e9mocratique ainsi que l&rsquo;augmentation des conditions de l&rsquo;exclusion, de la pauvret\u00e9 et de l&rsquo;in\u00e9galit\u00e9 qui ont \u00e9t\u00e9 accentu\u00e9es par le n\u00e9olib\u00e9ralisme, ont finalement fait exploser ce centre n\u00e9vralgique qu&rsquo;est la g\u00e9opolitique globale pour donner lieu \u00e0 une \u00e8re de profond changement et d&rsquo;instabilit\u00e9.<\/p>\n<p>En Europe, le mouvement le plus vaste, consistant et continu a \u00e9t\u00e9 celui des\u00a0<i>Indign\u00e9s<\/i>. La combinaison d\u2019actions d&rsquo;occupation dans les centres villes, les grandes manifestations (notamment \u00e0 Madrid et Barcelone), et les assembl\u00e9es de quartier, la demande de\u00a0<i>d\u00e9mocratie r\u00e9elle,<\/i>\u00a0impliquent une remise en cause profonde du syst\u00e8me politique espagnol et des partis politiques, y compris des partis de gauche.<\/p>\n<p>Aux \u00c9tats-Unis, le mouvement qui a commenc\u00e9 avec\u00a0<i>Occupy Wall Street<\/i>\u00a0s\u2019est propag\u00e9 \u00e0 un millier de sites urbains \u00e0 travers le pays. Comme dans le cas du mouvement espagnol, ce mouvement suppose une d\u00e9mocratie participative, directe et transparente, tout en rejetant les structures hi\u00e9rarchiques et les anciennes fa\u00e7ons de faire de la politique.<\/p>\n<p>Ces mouvements \u00e0 travers le monde ont beaucoup de points communs ainsi que de nombreuses diff\u00e9rences. Ils varient consid\u00e9rablement en efficacit\u00e9 politique dans la r\u00e9alisation de leurs objectifs imm\u00e9diats. Cependant, dans beaucoup de ces luttes, le r\u00e9sultat le plus important &#8211; et c\u2019est tr\u00e8s important &#8211; semble avoir \u00e9t\u00e9 \u00e0 la politisation des jeunes qui ne trouvent pas de sens \u00e0 ce qu&rsquo;est la politique institutionnelle, et les changements pour l&rsquo;int\u00e9r\u00eat commun de la soci\u00e9t\u00e9, dans le contenu du d\u00e9bat public, en ce qui concerne les mouvements politico-culturels significatifs en relation avec les questions fondamentales telles que la d\u00e9mocratie, l&rsquo;\u00e9galit\u00e9 et la valeur de la population.<\/p>\n<p>Du point de vue de ce qui a \u00e9t\u00e9 la grande vari\u00e9t\u00e9 de mouvements et des luttes associ\u00e9es au Forum social mondial, il est essentiel d&rsquo;approfondir le d\u00e9bat sur \u200b\u200bla signification et le potentiel de ces nouveaux mouvements. Comment discuter, fusionner et articuler, avec ces nouvelles vagues de protestations sans chercher \u00e0 se les approprier comme le feraient les partis politiques?<\/p>\n<p>Mais par-dessus tout, il est essentiel de prendre en compte la pluralit\u00e9 et la diff\u00e9rence des contextes dans lesquels ces mouvements op\u00e8rent, ainsi que de la diversit\u00e9 de leurs histoires, des buts, des conceptions, et du pourquoi des protestations et de leurs formes.<\/p>\n<p>.<\/p>\n<p>Traduction de l\u2019espagnol\u00a0: Gabriela Guevara<\/p>\n","protected":false},"excerpt":{"rendered":"<p>Crise civilisatrice, les fronti\u00e8res plan\u00e9taires, l\u2019in\u00e9galit\u00e9, les attaques contre la d\u00e9mocratie, l&rsquo;\u00e9tat de guerre permanente et les peuples en r\u00e9sistance Nous proposons \u00e0 nos lecteurs des extraits du discours d&rsquo;Edgardo Lander, sociologue v\u00e9n\u00e9zu\u00e9lien lors du Forum social mondial, \u00e0 Porto&hellip;<\/p>\n","protected":false},"author":454,"featured_media":0,"comment_status":"closed","ping_status":"open","sticky":false,"template":"","format":"standard","meta":{"footnotes":""},"categories":[97,100,163,93,95],"tags":[3966,3968,3967,3190,3969],"class_list":["post-42234","post","type-post","status-publish","format-standard","hentry","category-environnement-et-ecologie","category-economie","category-opinion-fr","category-politique","category-affaires-etrangeres","tag-crise-civilisatrice","tag-etat-de-guerre-permanente","tag-frontieres-planetaires","tag-inegalite","tag-peuples-en-resistance"],"yoast_head":"<!-- This site is optimized with the Yoast SEO plugin v27.1.1 - https:\/\/yoast.com\/product\/yoast-seo-wordpress\/ -->\n<title>Une nouvelle \u00e8re historique ?<\/title>\n<meta name=\"description\" content=\"Crise civilisatrice, les fronti\u00e8res plan\u00e9taires, l\u2019in\u00e9galit\u00e9, les attaques contre la d\u00e9mocratie, l&#039;\u00e9tat de guerre permanente et les peuples en r\u00e9sistance\" \/>\n<meta name=\"robots\" content=\"index, follow, max-snippet:-1, max-image-preview:large, max-video-preview:-1\" \/>\n<link rel=\"canonical\" href=\"https:\/\/www.pressenza.com\/fr\/2013\/03\/une-nouvelle-ere-historique-2\/\" \/>\n<meta property=\"og:locale\" content=\"fr_FR\" \/>\n<meta property=\"og:type\" content=\"article\" \/>\n<meta property=\"og:title\" content=\"Une nouvelle \u00e8re historique ?\" \/>\n<meta property=\"og:description\" content=\"Crise civilisatrice, les fronti\u00e8res plan\u00e9taires, l\u2019in\u00e9galit\u00e9, les attaques contre la d\u00e9mocratie, l&#039;\u00e9tat de guerre permanente et les peuples en r\u00e9sistance\" \/>\n<meta property=\"og:url\" content=\"https:\/\/www.pressenza.com\/fr\/2013\/03\/une-nouvelle-ere-historique-2\/\" \/>\n<meta property=\"og:site_name\" content=\"Pressenza\" \/>\n<meta property=\"article:publisher\" content=\"https:\/\/www.facebook.com\/PressenzaItalia\" \/>\n<meta property=\"article:published_time\" content=\"2013-03-10T20:20:56+00:00\" \/>\n<meta name=\"author\" content=\"Nelsy Lizarazo\" \/>\n<meta name=\"twitter:card\" content=\"summary_large_image\" \/>\n<meta name=\"twitter:creator\" content=\"@PressenzaIPA\" \/>\n<meta name=\"twitter:site\" content=\"@PressenzaIPA\" \/>\n<meta name=\"twitter:label1\" content=\"\u00c9crit par\" \/>\n\t<meta name=\"twitter:data1\" content=\"Nelsy Lizarazo\" \/>\n\t<meta name=\"twitter:label2\" content=\"Dur\u00e9e de lecture estim\u00e9e\" \/>\n\t<meta name=\"twitter:data2\" content=\"13 minutes\" \/>\n<script type=\"application\/ld+json\" class=\"yoast-schema-graph\">{\"@context\":\"https:\/\/schema.org\",\"@graph\":[{\"@type\":\"Article\",\"@id\":\"https:\/\/www.pressenza.com\/fr\/2013\/03\/une-nouvelle-ere-historique-2\/#article\",\"isPartOf\":{\"@id\":\"https:\/\/www.pressenza.com\/fr\/2013\/03\/une-nouvelle-ere-historique-2\/\"},\"author\":{\"name\":\"Nelsy Lizarazo\",\"@id\":\"https:\/\/www.pressenza.com\/fr\/#\/schema\/person\/25aa5b5c387ba3badce63b165da09f9c\"},\"headline\":\"Une nouvelle \u00e8re historique ?\",\"datePublished\":\"2013-03-10T20:20:56+00:00\",\"mainEntityOfPage\":{\"@id\":\"https:\/\/www.pressenza.com\/fr\/2013\/03\/une-nouvelle-ere-historique-2\/\"},\"wordCount\":2761,\"publisher\":{\"@id\":\"https:\/\/www.pressenza.com\/fr\/#organization\"},\"keywords\":[\"Crise civilisatrice\",\"\u00e9tat de guerre permanente\",\"fronti\u00e8res plan\u00e9taires\",\"in\u00e9galit\u00e9\",\"peuples en r\u00e9sistance\"],\"articleSection\":[\"Ecologie et Environnement\",\"Economie\",\"Opinion\",\"Politique\",\"Relations internationales\"],\"inLanguage\":\"fr-FR\"},{\"@type\":\"WebPage\",\"@id\":\"https:\/\/www.pressenza.com\/fr\/2013\/03\/une-nouvelle-ere-historique-2\/\",\"url\":\"https:\/\/www.pressenza.com\/fr\/2013\/03\/une-nouvelle-ere-historique-2\/\",\"name\":\"Une nouvelle \u00e8re historique ?\",\"isPartOf\":{\"@id\":\"https:\/\/www.pressenza.com\/fr\/#website\"},\"datePublished\":\"2013-03-10T20:20:56+00:00\",\"description\":\"Crise civilisatrice, les fronti\u00e8res plan\u00e9taires, l\u2019in\u00e9galit\u00e9, les attaques contre la d\u00e9mocratie, l'\u00e9tat de guerre permanente et les peuples en r\u00e9sistance\",\"breadcrumb\":{\"@id\":\"https:\/\/www.pressenza.com\/fr\/2013\/03\/une-nouvelle-ere-historique-2\/#breadcrumb\"},\"inLanguage\":\"fr-FR\",\"potentialAction\":[{\"@type\":\"ReadAction\",\"target\":[\"https:\/\/www.pressenza.com\/fr\/2013\/03\/une-nouvelle-ere-historique-2\/\"]}]},{\"@type\":\"BreadcrumbList\",\"@id\":\"https:\/\/www.pressenza.com\/fr\/2013\/03\/une-nouvelle-ere-historique-2\/#breadcrumb\",\"itemListElement\":[{\"@type\":\"ListItem\",\"position\":1,\"name\":\"Accueil\",\"item\":\"https:\/\/www.pressenza.com\/fr\/\"},{\"@type\":\"ListItem\",\"position\":2,\"name\":\"Une nouvelle \u00e8re historique ?\"}]},{\"@type\":\"WebSite\",\"@id\":\"https:\/\/www.pressenza.com\/fr\/#website\",\"url\":\"https:\/\/www.pressenza.com\/fr\/\",\"name\":\"Pressenza\",\"description\":\"International Press Agency\",\"publisher\":{\"@id\":\"https:\/\/www.pressenza.com\/fr\/#organization\"},\"potentialAction\":[{\"@type\":\"SearchAction\",\"target\":{\"@type\":\"EntryPoint\",\"urlTemplate\":\"https:\/\/www.pressenza.com\/fr\/?s={search_term_string}\"},\"query-input\":{\"@type\":\"PropertyValueSpecification\",\"valueRequired\":true,\"valueName\":\"search_term_string\"}}],\"inLanguage\":\"fr-FR\"},{\"@type\":\"Organization\",\"@id\":\"https:\/\/www.pressenza.com\/fr\/#organization\",\"name\":\"Pressenza\",\"url\":\"https:\/\/www.pressenza.com\/fr\/\",\"logo\":{\"@type\":\"ImageObject\",\"inLanguage\":\"fr-FR\",\"@id\":\"https:\/\/www.pressenza.com\/fr\/#\/schema\/logo\/image\/\",\"url\":\"https:\/\/www.pressenza.com\/wp-content\/uploads\/2022\/10\/pressenza_logo_200x200.jpg\",\"contentUrl\":\"https:\/\/www.pressenza.com\/wp-content\/uploads\/2022\/10\/pressenza_logo_200x200.jpg\",\"width\":200,\"height\":200,\"caption\":\"Pressenza\"},\"image\":{\"@id\":\"https:\/\/www.pressenza.com\/fr\/#\/schema\/logo\/image\/\"},\"sameAs\":[\"https:\/\/www.facebook.com\/PressenzaItalia\",\"https:\/\/x.com\/PressenzaIPA\"]},{\"@type\":\"Person\",\"@id\":\"https:\/\/www.pressenza.com\/fr\/#\/schema\/person\/25aa5b5c387ba3badce63b165da09f9c\",\"name\":\"Nelsy Lizarazo\",\"description\":\"Nelsy Lizarazo, Colombian, living in Quito, Ecuador. Professional background in philosophy, literature, political sciences and international relations.\",\"url\":\"https:\/\/www.pressenza.com\/fr\/author\/nelsy-lizarazo\/\"}]}<\/script>\n<!-- \/ Yoast SEO plugin. -->","yoast_head_json":{"title":"Une nouvelle \u00e8re historique ?","description":"Crise civilisatrice, les fronti\u00e8res plan\u00e9taires, l\u2019in\u00e9galit\u00e9, les attaques contre la d\u00e9mocratie, l'\u00e9tat de guerre permanente et les peuples en r\u00e9sistance","robots":{"index":"index","follow":"follow","max-snippet":"max-snippet:-1","max-image-preview":"max-image-preview:large","max-video-preview":"max-video-preview:-1"},"canonical":"https:\/\/www.pressenza.com\/fr\/2013\/03\/une-nouvelle-ere-historique-2\/","og_locale":"fr_FR","og_type":"article","og_title":"Une nouvelle \u00e8re historique ?","og_description":"Crise civilisatrice, les fronti\u00e8res plan\u00e9taires, l\u2019in\u00e9galit\u00e9, les attaques contre la d\u00e9mocratie, l'\u00e9tat de guerre permanente et les peuples en r\u00e9sistance","og_url":"https:\/\/www.pressenza.com\/fr\/2013\/03\/une-nouvelle-ere-historique-2\/","og_site_name":"Pressenza","article_publisher":"https:\/\/www.facebook.com\/PressenzaItalia","article_published_time":"2013-03-10T20:20:56+00:00","author":"Nelsy Lizarazo","twitter_card":"summary_large_image","twitter_creator":"@PressenzaIPA","twitter_site":"@PressenzaIPA","twitter_misc":{"\u00c9crit par":"Nelsy Lizarazo","Dur\u00e9e de lecture estim\u00e9e":"13 minutes"},"schema":{"@context":"https:\/\/schema.org","@graph":[{"@type":"Article","@id":"https:\/\/www.pressenza.com\/fr\/2013\/03\/une-nouvelle-ere-historique-2\/#article","isPartOf":{"@id":"https:\/\/www.pressenza.com\/fr\/2013\/03\/une-nouvelle-ere-historique-2\/"},"author":{"name":"Nelsy Lizarazo","@id":"https:\/\/www.pressenza.com\/fr\/#\/schema\/person\/25aa5b5c387ba3badce63b165da09f9c"},"headline":"Une nouvelle \u00e8re historique ?","datePublished":"2013-03-10T20:20:56+00:00","mainEntityOfPage":{"@id":"https:\/\/www.pressenza.com\/fr\/2013\/03\/une-nouvelle-ere-historique-2\/"},"wordCount":2761,"publisher":{"@id":"https:\/\/www.pressenza.com\/fr\/#organization"},"keywords":["Crise civilisatrice","\u00e9tat de guerre permanente","fronti\u00e8res plan\u00e9taires","in\u00e9galit\u00e9","peuples en r\u00e9sistance"],"articleSection":["Ecologie et Environnement","Economie","Opinion","Politique","Relations internationales"],"inLanguage":"fr-FR"},{"@type":"WebPage","@id":"https:\/\/www.pressenza.com\/fr\/2013\/03\/une-nouvelle-ere-historique-2\/","url":"https:\/\/www.pressenza.com\/fr\/2013\/03\/une-nouvelle-ere-historique-2\/","name":"Une nouvelle \u00e8re historique ?","isPartOf":{"@id":"https:\/\/www.pressenza.com\/fr\/#website"},"datePublished":"2013-03-10T20:20:56+00:00","description":"Crise civilisatrice, les fronti\u00e8res plan\u00e9taires, l\u2019in\u00e9galit\u00e9, les attaques contre la d\u00e9mocratie, l'\u00e9tat de guerre permanente et les peuples en r\u00e9sistance","breadcrumb":{"@id":"https:\/\/www.pressenza.com\/fr\/2013\/03\/une-nouvelle-ere-historique-2\/#breadcrumb"},"inLanguage":"fr-FR","potentialAction":[{"@type":"ReadAction","target":["https:\/\/www.pressenza.com\/fr\/2013\/03\/une-nouvelle-ere-historique-2\/"]}]},{"@type":"BreadcrumbList","@id":"https:\/\/www.pressenza.com\/fr\/2013\/03\/une-nouvelle-ere-historique-2\/#breadcrumb","itemListElement":[{"@type":"ListItem","position":1,"name":"Accueil","item":"https:\/\/www.pressenza.com\/fr\/"},{"@type":"ListItem","position":2,"name":"Une nouvelle \u00e8re historique ?"}]},{"@type":"WebSite","@id":"https:\/\/www.pressenza.com\/fr\/#website","url":"https:\/\/www.pressenza.com\/fr\/","name":"Pressenza","description":"International Press Agency","publisher":{"@id":"https:\/\/www.pressenza.com\/fr\/#organization"},"potentialAction":[{"@type":"SearchAction","target":{"@type":"EntryPoint","urlTemplate":"https:\/\/www.pressenza.com\/fr\/?s={search_term_string}"},"query-input":{"@type":"PropertyValueSpecification","valueRequired":true,"valueName":"search_term_string"}}],"inLanguage":"fr-FR"},{"@type":"Organization","@id":"https:\/\/www.pressenza.com\/fr\/#organization","name":"Pressenza","url":"https:\/\/www.pressenza.com\/fr\/","logo":{"@type":"ImageObject","inLanguage":"fr-FR","@id":"https:\/\/www.pressenza.com\/fr\/#\/schema\/logo\/image\/","url":"https:\/\/www.pressenza.com\/wp-content\/uploads\/2022\/10\/pressenza_logo_200x200.jpg","contentUrl":"https:\/\/www.pressenza.com\/wp-content\/uploads\/2022\/10\/pressenza_logo_200x200.jpg","width":200,"height":200,"caption":"Pressenza"},"image":{"@id":"https:\/\/www.pressenza.com\/fr\/#\/schema\/logo\/image\/"},"sameAs":["https:\/\/www.facebook.com\/PressenzaItalia","https:\/\/x.com\/PressenzaIPA"]},{"@type":"Person","@id":"https:\/\/www.pressenza.com\/fr\/#\/schema\/person\/25aa5b5c387ba3badce63b165da09f9c","name":"Nelsy Lizarazo","description":"Nelsy Lizarazo, Colombian, living in Quito, Ecuador. Professional background in philosophy, literature, political sciences and international relations.","url":"https:\/\/www.pressenza.com\/fr\/author\/nelsy-lizarazo\/"}]}},"place":"Porto Alegre","original_article_url":"","_links":{"self":[{"href":"https:\/\/www.pressenza.com\/fr\/wp-json\/wp\/v2\/posts\/42234","targetHints":{"allow":["GET"]}}],"collection":[{"href":"https:\/\/www.pressenza.com\/fr\/wp-json\/wp\/v2\/posts"}],"about":[{"href":"https:\/\/www.pressenza.com\/fr\/wp-json\/wp\/v2\/types\/post"}],"author":[{"embeddable":true,"href":"https:\/\/www.pressenza.com\/fr\/wp-json\/wp\/v2\/users\/454"}],"replies":[{"embeddable":true,"href":"https:\/\/www.pressenza.com\/fr\/wp-json\/wp\/v2\/comments?post=42234"}],"version-history":[{"count":0,"href":"https:\/\/www.pressenza.com\/fr\/wp-json\/wp\/v2\/posts\/42234\/revisions"}],"wp:attachment":[{"href":"https:\/\/www.pressenza.com\/fr\/wp-json\/wp\/v2\/media?parent=42234"}],"wp:term":[{"taxonomy":"category","embeddable":true,"href":"https:\/\/www.pressenza.com\/fr\/wp-json\/wp\/v2\/categories?post=42234"},{"taxonomy":"post_tag","embeddable":true,"href":"https:\/\/www.pressenza.com\/fr\/wp-json\/wp\/v2\/tags?post=42234"}],"curies":[{"name":"wp","href":"https:\/\/api.w.org\/{rel}","templated":true}]}}