{"id":42095,"date":"2013-03-09T17:05:14","date_gmt":"2013-03-09T17:05:14","guid":{"rendered":"http:\/\/www.pressenza.com\/?p=42095"},"modified":"2013-03-09T17:05:14","modified_gmt":"2013-03-09T17:05:14","slug":"campagne-pour-une-initiative-europeenne-pour-le-pluralisme-des-medias","status":"publish","type":"post","link":"https:\/\/www.pressenza.com\/fr\/2013\/03\/campagne-pour-une-initiative-europeenne-pour-le-pluralisme-des-medias\/","title":{"rendered":"Campagne pour une Initiative Europ\u00e9enne pour le Pluralisme des M\u00e9dias"},"content":{"rendered":"<div id=\"contPayoff\">\n<div><em>Mobilisation citoyenne pour une\u00a0Directive europ\u00e9enne prot\u00e9geant le pluralisme des m\u00e9dias et la libert\u00e9 de la presse<\/em><\/div>\n<\/div>\n<div id=\"mainCont\">\n<div id=\"main\">\n<div id=\"left-internal\">.<\/p>\n<div>\n<div><strong>La d\u00e9fense du pluralisme des m\u00e9dias au travers d\u2019un nouvel instrument de d\u00e9mocratie participative<\/strong><\/div>\n<\/div>\n<div>.<\/div>\n<div>\n<div>La situation de la libert\u00e9 et du pluralisme des m\u00e9dias dans l\u2019Union europ\u00e9enne ne cesse de se d\u00e9grader. Certains pays comme la Hongrie souffrent d\u2019ing\u00e9rences significatives du pouvoir politique, visant \u00e0 contr\u00f4ler et \u00e0 diriger les m\u00e9dias. D\u2019autres, notamment le Royaume-Uni, connaissent des ph\u00e9nom\u00e8nes de concentration excessive conduisant \u00e0 l\u2019influence ill\u00e9gitime de certains empires \u00e9conomiques, en particulier l\u2019empire Murdoch, sur les processus politiques. D\u2019autres encore, comme c\u2019est le cas en Italie, en Bulgarie, et dans une certaine mesure, en Roumanie, exp\u00e9rimentent un dangereux chevauchement des int\u00e9r\u00eats \u00e9conomiques, politiques et des m\u00e9dias, d\u00e9tenus entre les m\u00eames mains.<\/div>\n<div>.<\/div>\n<div>\n<p style=\"display: inline !important;\">Mais sans m\u00e9dias libres, ind\u00e9pendants et pluralistes, pas de d\u00e9mocratie. La corruption et la mauvaise gestion prosp\u00e8rent, business personnels et int\u00e9r\u00eat politique se substituent au bien commun de tous, les minorit\u00e9s sont victimes d\u2019une marginalisation croissante. Face \u00e0 de telles situations, les institutions europ\u00e9ennes se sont, jusqu\u2019\u00e0 pr\u00e9sent, abstenues d\u2019adopter une position ferme envers les \u00c9tats-membres. Une initiative de la soci\u00e9t\u00e9 civile \u00e0 l\u2019\u00e9chelle europ\u00e9enne, qui fasse pression en faveur d\u2019un renforcement du r\u00f4le des institutions europ\u00e9ennes dans la sauvegarde et la protection de l\u2019ind\u00e9pendance et du pluralisme des m\u00e9dias, est attendue depuis longtemps.<\/p>\n<\/div>\n<div>\n<p>L\u2019Initiative europ\u00e9enne pour le pluralisme des m\u00e9dias, r\u00e9unissant pr\u00e8s d\u2019une centaine d\u2019organisations, m\u00e9dias et organismes professionnels sur tout le continent, vient combler cette lacune. Plus qu\u2019un r\u00e9seau ou une coalition d\u2019int\u00e9r\u00eats, l\u2019Initiative est un mouvement transnational qui a pour ambition d\u2019initier des changements concrets dans la l\u00e9gislation europ\u00e9enne et les pratiques des m\u00e9dias. Pour marquer cette ambition, l\u2019initiative vient de lancer une initiative citoyenne europ\u00e9enne, un nouvel outil de d\u00e9mocratie participative transnationale, permettant \u00e0 au moins un million de citoyens, dans au moins sept \u00c9tats membres de l\u2019UE, de pr\u00e9senter directement \u00e0 la Commission europ\u00e9enne une proposition l\u00e9gislative.<\/p>\n<p>Nous exigeons de la Commission europ\u00e9enne d\u2019\u00e9laborer une directive pour la protection du pluralisme des m\u00e9dias. Et plus pr\u00e9cis\u00e9ment, nous demandons\u00a0:<\/p>\n<p>a) une l\u00e9gislation efficace pour limiter la concentration de propri\u00e9t\u00e9 dans les secteurs des m\u00e9dias et de la publicit\u00e9\u00a0;<\/p>\n<p>b) des garanties d\u2019ind\u00e9pendance des organes de contr\u00f4le vis-\u00e0-vis du pouvoir politique\u00a0;<\/p>\n<p>c) une d\u00e9finition pr\u00e9cise du conflit d\u2019int\u00e9r\u00eats pour \u00e9viter que les magnats des m\u00e9dias puissent occuper de hautes fonctions politiques\u00a0;<\/p>\n<p>d) des syst\u00e8mes de surveillance europ\u00e9ens plus transparents permettant de v\u00e9rifier r\u00e9guli\u00e8rement l\u2019\u00e9tat de sant\u00e9 et l\u2019ind\u00e9pendance des m\u00e9dias dans les \u00c9tats membres.L\u2019initiative a re\u00e7u un large soutien dans le monde culturel, acad\u00e9mique et politique. Mais plus important encore, nous cherchons \u00e0 mobiliser les citoyens de toute l\u2019Europe pour qu\u2019ils se l\u00e8vent et exigent que les institutions europ\u00e9ennes montrent leur attachement aux droits fondamentaux et aux libert\u00e9s civiles.<\/p>\n<p>Pour cela nous devons atteindre le chiffre crucial d\u2019un million de signatures, un nombre qui permettra \u00e0 l\u2019Initiative et \u00e0 tous les citoyens qui participent \u00e0 cette campagne de lancer un processus l\u00e9gislatif de l\u2019Union Europ\u00e9enne.<\/p>\n<p><b>L\u2019inscription est facile et peut se faire en ligne!<br \/>\nRejoignez-nous, et d\u00e9fendez vos droits<\/b><b>\u00a0:<\/b><b>\u00a0<\/b><b><a href=\"http:\/\/www.mediainitiative.eu\/\">www.mediainitiative.eu<\/a><\/b><\/p>\n<\/div>\n<\/div>\n<\/div>\n<\/div>\n<\/div>\n","protected":false},"excerpt":{"rendered":"<p>Mobilisation citoyenne pour une\u00a0Directive europ\u00e9enne prot\u00e9geant le pluralisme des m\u00e9dias et la libert\u00e9 de la presse . La d\u00e9fense du pluralisme des m\u00e9dias au travers d\u2019un nouvel instrument de d\u00e9mocratie participative . La situation de la libert\u00e9 et du pluralisme&hellip;<\/p>\n","protected":false},"author":926,"featured_media":42101,"comment_status":"closed","ping_status":"open","sticky":false,"template":"","format":"standard","meta":{"footnotes":""},"categories":[151,94,85,40],"tags":[3935,3937,240,3936],"class_list":["post-42095","post","type-post","status-publish","format-standard","has-post-thumbnail","hentry","category-communique-de-presse","category-culture-fr","category-europe-fr","category-international-fr","tag-initiative-europeenne","tag-liberte-de-la-presse","tag-medias","tag-pluralisme"],"yoast_head":"<!-- This site is optimized with the Yoast SEO plugin v27.1.1 - https:\/\/yoast.com\/product\/yoast-seo-wordpress\/ -->\n<title>Campagne pour une Initiative Europ\u00e9enne pour le Pluralisme des M\u00e9dias<\/title>\n<meta name=\"description\" content=\"Mobilisation citoyenne pour une\u00a0Directive europ\u00e9enne prot\u00e9geant le pluralisme des m\u00e9dias et la libert\u00e9 de la presse . La d\u00e9fense du pluralisme des m\u00e9dias\" \/>\n<meta name=\"robots\" content=\"index, follow, max-snippet:-1, max-image-preview:large, max-video-preview:-1\" \/>\n<link rel=\"canonical\" href=\"https:\/\/www.pressenza.com\/fr\/2013\/03\/campagne-pour-une-initiative-europeenne-pour-le-pluralisme-des-medias\/\" \/>\n<meta property=\"og:locale\" content=\"fr_FR\" \/>\n<meta property=\"og:type\" content=\"article\" \/>\n<meta property=\"og:title\" content=\"Campagne pour une Initiative Europ\u00e9enne pour le Pluralisme des M\u00e9dias\" \/>\n<meta property=\"og:description\" content=\"Mobilisation citoyenne pour une\u00a0Directive europ\u00e9enne prot\u00e9geant le pluralisme des m\u00e9dias et la libert\u00e9 de la presse . La d\u00e9fense du pluralisme des m\u00e9dias\" \/>\n<meta property=\"og:url\" content=\"https:\/\/www.pressenza.com\/fr\/2013\/03\/campagne-pour-une-initiative-europeenne-pour-le-pluralisme-des-medias\/\" \/>\n<meta property=\"og:site_name\" content=\"Pressenza\" \/>\n<meta property=\"article:publisher\" content=\"https:\/\/www.facebook.com\/PressenzaItalia\" \/>\n<meta property=\"article:published_time\" content=\"2013-03-09T17:05:14+00:00\" \/>\n<meta property=\"og:image\" content=\"https:\/\/www.pressenza.com\/wp-content\/uploads\/2013\/03\/mediainitiative-logo.png\" \/>\n\t<meta property=\"og:image:width\" content=\"320\" \/>\n\t<meta property=\"og:image:height\" content=\"129\" \/>\n\t<meta property=\"og:image:type\" content=\"image\/png\" \/>\n<meta name=\"author\" content=\"R\u00e9daction France\" \/>\n<meta name=\"twitter:card\" content=\"summary_large_image\" \/>\n<meta name=\"twitter:creator\" content=\"@PressenzaIPA\" \/>\n<meta name=\"twitter:site\" content=\"@PressenzaIPA\" \/>\n<meta name=\"twitter:label1\" content=\"\u00c9crit par\" \/>\n\t<meta name=\"twitter:data1\" content=\"R\u00e9daction France\" \/>\n\t<meta name=\"twitter:label2\" content=\"Dur\u00e9e de lecture estim\u00e9e\" \/>\n\t<meta name=\"twitter:data2\" content=\"3 minutes\" \/>\n<script type=\"application\/ld+json\" class=\"yoast-schema-graph\">{\"@context\":\"https:\/\/schema.org\",\"@graph\":[{\"@type\":\"Article\",\"@id\":\"https:\/\/www.pressenza.com\/fr\/2013\/03\/campagne-pour-une-initiative-europeenne-pour-le-pluralisme-des-medias\/#article\",\"isPartOf\":{\"@id\":\"https:\/\/www.pressenza.com\/fr\/2013\/03\/campagne-pour-une-initiative-europeenne-pour-le-pluralisme-des-medias\/\"},\"author\":{\"name\":\"R\u00e9daction France\",\"@id\":\"https:\/\/www.pressenza.com\/fr\/#\/schema\/person\/3c9fe6670cc2cffbd37562f87b98e869\"},\"headline\":\"Campagne pour une Initiative Europ\u00e9enne pour le Pluralisme des M\u00e9dias\",\"datePublished\":\"2013-03-09T17:05:14+00:00\",\"mainEntityOfPage\":{\"@id\":\"https:\/\/www.pressenza.com\/fr\/2013\/03\/campagne-pour-une-initiative-europeenne-pour-le-pluralisme-des-medias\/\"},\"wordCount\":630,\"publisher\":{\"@id\":\"https:\/\/www.pressenza.com\/fr\/#organization\"},\"image\":{\"@id\":\"https:\/\/www.pressenza.com\/fr\/2013\/03\/campagne-pour-une-initiative-europeenne-pour-le-pluralisme-des-medias\/#primaryimage\"},\"thumbnailUrl\":\"https:\/\/www.pressenza.com\/wp-content\/uploads\/2013\/03\/mediainitiative-logo.png\",\"keywords\":[\"Initiative Europ\u00e9enne\",\"libert\u00e9 de la presse\",\"m\u00e9dias\",\"Pluralisme\"],\"articleSection\":[\"Communiqu\u00e9s de Presse\",\"Culture et M\u00e9dias\",\"Europe\",\"International\"],\"inLanguage\":\"fr-FR\"},{\"@type\":\"WebPage\",\"@id\":\"https:\/\/www.pressenza.com\/fr\/2013\/03\/campagne-pour-une-initiative-europeenne-pour-le-pluralisme-des-medias\/\",\"url\":\"https:\/\/www.pressenza.com\/fr\/2013\/03\/campagne-pour-une-initiative-europeenne-pour-le-pluralisme-des-medias\/\",\"name\":\"Campagne pour une Initiative Europ\u00e9enne pour le Pluralisme des M\u00e9dias\",\"isPartOf\":{\"@id\":\"https:\/\/www.pressenza.com\/fr\/#website\"},\"primaryImageOfPage\":{\"@id\":\"https:\/\/www.pressenza.com\/fr\/2013\/03\/campagne-pour-une-initiative-europeenne-pour-le-pluralisme-des-medias\/#primaryimage\"},\"image\":{\"@id\":\"https:\/\/www.pressenza.com\/fr\/2013\/03\/campagne-pour-une-initiative-europeenne-pour-le-pluralisme-des-medias\/#primaryimage\"},\"thumbnailUrl\":\"https:\/\/www.pressenza.com\/wp-content\/uploads\/2013\/03\/mediainitiative-logo.png\",\"datePublished\":\"2013-03-09T17:05:14+00:00\",\"description\":\"Mobilisation citoyenne pour une\u00a0Directive europ\u00e9enne prot\u00e9geant le pluralisme des m\u00e9dias et la libert\u00e9 de la presse . La d\u00e9fense du pluralisme des m\u00e9dias\",\"breadcrumb\":{\"@id\":\"https:\/\/www.pressenza.com\/fr\/2013\/03\/campagne-pour-une-initiative-europeenne-pour-le-pluralisme-des-medias\/#breadcrumb\"},\"inLanguage\":\"fr-FR\",\"potentialAction\":[{\"@type\":\"ReadAction\",\"target\":[\"https:\/\/www.pressenza.com\/fr\/2013\/03\/campagne-pour-une-initiative-europeenne-pour-le-pluralisme-des-medias\/\"]}]},{\"@type\":\"ImageObject\",\"inLanguage\":\"fr-FR\",\"@id\":\"https:\/\/www.pressenza.com\/fr\/2013\/03\/campagne-pour-une-initiative-europeenne-pour-le-pluralisme-des-medias\/#primaryimage\",\"url\":\"https:\/\/www.pressenza.com\/wp-content\/uploads\/2013\/03\/mediainitiative-logo.png\",\"contentUrl\":\"https:\/\/www.pressenza.com\/wp-content\/uploads\/2013\/03\/mediainitiative-logo.png\",\"width\":320,\"height\":129},{\"@type\":\"BreadcrumbList\",\"@id\":\"https:\/\/www.pressenza.com\/fr\/2013\/03\/campagne-pour-une-initiative-europeenne-pour-le-pluralisme-des-medias\/#breadcrumb\",\"itemListElement\":[{\"@type\":\"ListItem\",\"position\":1,\"name\":\"Accueil\",\"item\":\"https:\/\/www.pressenza.com\/fr\/\"},{\"@type\":\"ListItem\",\"position\":2,\"name\":\"Campagne pour une Initiative Europ\u00e9enne pour le Pluralisme des M\u00e9dias\"}]},{\"@type\":\"WebSite\",\"@id\":\"https:\/\/www.pressenza.com\/fr\/#website\",\"url\":\"https:\/\/www.pressenza.com\/fr\/\",\"name\":\"Pressenza\",\"description\":\"International Press Agency\",\"publisher\":{\"@id\":\"https:\/\/www.pressenza.com\/fr\/#organization\"},\"potentialAction\":[{\"@type\":\"SearchAction\",\"target\":{\"@type\":\"EntryPoint\",\"urlTemplate\":\"https:\/\/www.pressenza.com\/fr\/?s={search_term_string}\"},\"query-input\":{\"@type\":\"PropertyValueSpecification\",\"valueRequired\":true,\"valueName\":\"search_term_string\"}}],\"inLanguage\":\"fr-FR\"},{\"@type\":\"Organization\",\"@id\":\"https:\/\/www.pressenza.com\/fr\/#organization\",\"name\":\"Pressenza\",\"url\":\"https:\/\/www.pressenza.com\/fr\/\",\"logo\":{\"@type\":\"ImageObject\",\"inLanguage\":\"fr-FR\",\"@id\":\"https:\/\/www.pressenza.com\/fr\/#\/schema\/logo\/image\/\",\"url\":\"https:\/\/www.pressenza.com\/wp-content\/uploads\/2022\/10\/pressenza_logo_200x200.jpg\",\"contentUrl\":\"https:\/\/www.pressenza.com\/wp-content\/uploads\/2022\/10\/pressenza_logo_200x200.jpg\",\"width\":200,\"height\":200,\"caption\":\"Pressenza\"},\"image\":{\"@id\":\"https:\/\/www.pressenza.com\/fr\/#\/schema\/logo\/image\/\"},\"sameAs\":[\"https:\/\/www.facebook.com\/PressenzaItalia\",\"https:\/\/x.com\/PressenzaIPA\"]},{\"@type\":\"Person\",\"@id\":\"https:\/\/www.pressenza.com\/fr\/#\/schema\/person\/3c9fe6670cc2cffbd37562f87b98e869\",\"name\":\"R\u00e9daction France\",\"description\":\"News published by the Pressenza bureau in France\",\"sameAs\":[\"http:\/\/www.pressenza.com\/fr\"],\"url\":\"https:\/\/www.pressenza.com\/fr\/author\/redactionfrance\/\"}]}<\/script>\n<!-- \/ Yoast SEO plugin. -->","yoast_head_json":{"title":"Campagne pour une Initiative Europ\u00e9enne pour le Pluralisme des M\u00e9dias","description":"Mobilisation citoyenne pour une\u00a0Directive europ\u00e9enne prot\u00e9geant le pluralisme des m\u00e9dias et la libert\u00e9 de la presse . La d\u00e9fense du pluralisme des m\u00e9dias","robots":{"index":"index","follow":"follow","max-snippet":"max-snippet:-1","max-image-preview":"max-image-preview:large","max-video-preview":"max-video-preview:-1"},"canonical":"https:\/\/www.pressenza.com\/fr\/2013\/03\/campagne-pour-une-initiative-europeenne-pour-le-pluralisme-des-medias\/","og_locale":"fr_FR","og_type":"article","og_title":"Campagne pour une Initiative Europ\u00e9enne pour le Pluralisme des M\u00e9dias","og_description":"Mobilisation citoyenne pour une\u00a0Directive europ\u00e9enne prot\u00e9geant le pluralisme des m\u00e9dias et la libert\u00e9 de la presse . La d\u00e9fense du pluralisme des m\u00e9dias","og_url":"https:\/\/www.pressenza.com\/fr\/2013\/03\/campagne-pour-une-initiative-europeenne-pour-le-pluralisme-des-medias\/","og_site_name":"Pressenza","article_publisher":"https:\/\/www.facebook.com\/PressenzaItalia","article_published_time":"2013-03-09T17:05:14+00:00","og_image":[{"width":320,"height":129,"url":"https:\/\/www.pressenza.com\/wp-content\/uploads\/2013\/03\/mediainitiative-logo.png","type":"image\/png"}],"author":"R\u00e9daction France","twitter_card":"summary_large_image","twitter_creator":"@PressenzaIPA","twitter_site":"@PressenzaIPA","twitter_misc":{"\u00c9crit par":"R\u00e9daction France","Dur\u00e9e de lecture estim\u00e9e":"3 minutes"},"schema":{"@context":"https:\/\/schema.org","@graph":[{"@type":"Article","@id":"https:\/\/www.pressenza.com\/fr\/2013\/03\/campagne-pour-une-initiative-europeenne-pour-le-pluralisme-des-medias\/#article","isPartOf":{"@id":"https:\/\/www.pressenza.com\/fr\/2013\/03\/campagne-pour-une-initiative-europeenne-pour-le-pluralisme-des-medias\/"},"author":{"name":"R\u00e9daction France","@id":"https:\/\/www.pressenza.com\/fr\/#\/schema\/person\/3c9fe6670cc2cffbd37562f87b98e869"},"headline":"Campagne pour une Initiative Europ\u00e9enne pour le Pluralisme des M\u00e9dias","datePublished":"2013-03-09T17:05:14+00:00","mainEntityOfPage":{"@id":"https:\/\/www.pressenza.com\/fr\/2013\/03\/campagne-pour-une-initiative-europeenne-pour-le-pluralisme-des-medias\/"},"wordCount":630,"publisher":{"@id":"https:\/\/www.pressenza.com\/fr\/#organization"},"image":{"@id":"https:\/\/www.pressenza.com\/fr\/2013\/03\/campagne-pour-une-initiative-europeenne-pour-le-pluralisme-des-medias\/#primaryimage"},"thumbnailUrl":"https:\/\/www.pressenza.com\/wp-content\/uploads\/2013\/03\/mediainitiative-logo.png","keywords":["Initiative Europ\u00e9enne","libert\u00e9 de la presse","m\u00e9dias","Pluralisme"],"articleSection":["Communiqu\u00e9s de Presse","Culture et M\u00e9dias","Europe","International"],"inLanguage":"fr-FR"},{"@type":"WebPage","@id":"https:\/\/www.pressenza.com\/fr\/2013\/03\/campagne-pour-une-initiative-europeenne-pour-le-pluralisme-des-medias\/","url":"https:\/\/www.pressenza.com\/fr\/2013\/03\/campagne-pour-une-initiative-europeenne-pour-le-pluralisme-des-medias\/","name":"Campagne pour une Initiative Europ\u00e9enne pour le Pluralisme des M\u00e9dias","isPartOf":{"@id":"https:\/\/www.pressenza.com\/fr\/#website"},"primaryImageOfPage":{"@id":"https:\/\/www.pressenza.com\/fr\/2013\/03\/campagne-pour-une-initiative-europeenne-pour-le-pluralisme-des-medias\/#primaryimage"},"image":{"@id":"https:\/\/www.pressenza.com\/fr\/2013\/03\/campagne-pour-une-initiative-europeenne-pour-le-pluralisme-des-medias\/#primaryimage"},"thumbnailUrl":"https:\/\/www.pressenza.com\/wp-content\/uploads\/2013\/03\/mediainitiative-logo.png","datePublished":"2013-03-09T17:05:14+00:00","description":"Mobilisation citoyenne pour une\u00a0Directive europ\u00e9enne prot\u00e9geant le pluralisme des m\u00e9dias et la libert\u00e9 de la presse . La d\u00e9fense du pluralisme des m\u00e9dias","breadcrumb":{"@id":"https:\/\/www.pressenza.com\/fr\/2013\/03\/campagne-pour-une-initiative-europeenne-pour-le-pluralisme-des-medias\/#breadcrumb"},"inLanguage":"fr-FR","potentialAction":[{"@type":"ReadAction","target":["https:\/\/www.pressenza.com\/fr\/2013\/03\/campagne-pour-une-initiative-europeenne-pour-le-pluralisme-des-medias\/"]}]},{"@type":"ImageObject","inLanguage":"fr-FR","@id":"https:\/\/www.pressenza.com\/fr\/2013\/03\/campagne-pour-une-initiative-europeenne-pour-le-pluralisme-des-medias\/#primaryimage","url":"https:\/\/www.pressenza.com\/wp-content\/uploads\/2013\/03\/mediainitiative-logo.png","contentUrl":"https:\/\/www.pressenza.com\/wp-content\/uploads\/2013\/03\/mediainitiative-logo.png","width":320,"height":129},{"@type":"BreadcrumbList","@id":"https:\/\/www.pressenza.com\/fr\/2013\/03\/campagne-pour-une-initiative-europeenne-pour-le-pluralisme-des-medias\/#breadcrumb","itemListElement":[{"@type":"ListItem","position":1,"name":"Accueil","item":"https:\/\/www.pressenza.com\/fr\/"},{"@type":"ListItem","position":2,"name":"Campagne pour une Initiative Europ\u00e9enne pour le Pluralisme des M\u00e9dias"}]},{"@type":"WebSite","@id":"https:\/\/www.pressenza.com\/fr\/#website","url":"https:\/\/www.pressenza.com\/fr\/","name":"Pressenza","description":"International Press Agency","publisher":{"@id":"https:\/\/www.pressenza.com\/fr\/#organization"},"potentialAction":[{"@type":"SearchAction","target":{"@type":"EntryPoint","urlTemplate":"https:\/\/www.pressenza.com\/fr\/?s={search_term_string}"},"query-input":{"@type":"PropertyValueSpecification","valueRequired":true,"valueName":"search_term_string"}}],"inLanguage":"fr-FR"},{"@type":"Organization","@id":"https:\/\/www.pressenza.com\/fr\/#organization","name":"Pressenza","url":"https:\/\/www.pressenza.com\/fr\/","logo":{"@type":"ImageObject","inLanguage":"fr-FR","@id":"https:\/\/www.pressenza.com\/fr\/#\/schema\/logo\/image\/","url":"https:\/\/www.pressenza.com\/wp-content\/uploads\/2022\/10\/pressenza_logo_200x200.jpg","contentUrl":"https:\/\/www.pressenza.com\/wp-content\/uploads\/2022\/10\/pressenza_logo_200x200.jpg","width":200,"height":200,"caption":"Pressenza"},"image":{"@id":"https:\/\/www.pressenza.com\/fr\/#\/schema\/logo\/image\/"},"sameAs":["https:\/\/www.facebook.com\/PressenzaItalia","https:\/\/x.com\/PressenzaIPA"]},{"@type":"Person","@id":"https:\/\/www.pressenza.com\/fr\/#\/schema\/person\/3c9fe6670cc2cffbd37562f87b98e869","name":"R\u00e9daction France","description":"News published by the Pressenza bureau in France","sameAs":["http:\/\/www.pressenza.com\/fr"],"url":"https:\/\/www.pressenza.com\/fr\/author\/redactionfrance\/"}]}},"place":"Paris","original_article_url":"","_links":{"self":[{"href":"https:\/\/www.pressenza.com\/fr\/wp-json\/wp\/v2\/posts\/42095","targetHints":{"allow":["GET"]}}],"collection":[{"href":"https:\/\/www.pressenza.com\/fr\/wp-json\/wp\/v2\/posts"}],"about":[{"href":"https:\/\/www.pressenza.com\/fr\/wp-json\/wp\/v2\/types\/post"}],"author":[{"embeddable":true,"href":"https:\/\/www.pressenza.com\/fr\/wp-json\/wp\/v2\/users\/926"}],"replies":[{"embeddable":true,"href":"https:\/\/www.pressenza.com\/fr\/wp-json\/wp\/v2\/comments?post=42095"}],"version-history":[{"count":0,"href":"https:\/\/www.pressenza.com\/fr\/wp-json\/wp\/v2\/posts\/42095\/revisions"}],"wp:featuredmedia":[{"embeddable":true,"href":"https:\/\/www.pressenza.com\/fr\/wp-json\/wp\/v2\/media\/42101"}],"wp:attachment":[{"href":"https:\/\/www.pressenza.com\/fr\/wp-json\/wp\/v2\/media?parent=42095"}],"wp:term":[{"taxonomy":"category","embeddable":true,"href":"https:\/\/www.pressenza.com\/fr\/wp-json\/wp\/v2\/categories?post=42095"},{"taxonomy":"post_tag","embeddable":true,"href":"https:\/\/www.pressenza.com\/fr\/wp-json\/wp\/v2\/tags?post=42095"}],"curies":[{"name":"wp","href":"https:\/\/api.w.org\/{rel}","templated":true}]}}