{"id":419392,"date":"2017-01-15T20:12:51","date_gmt":"2017-01-15T20:12:51","guid":{"rendered":"http:\/\/www.pressenza.com\/?p=419392\/"},"modified":"2017-01-19T11:54:19","modified_gmt":"2017-01-19T11:54:19","slug":"etats-unis-placent-athees-meme-pied-groupes-religieux","status":"publish","type":"post","link":"https:\/\/www.pressenza.com\/fr\/2017\/01\/etats-unis-placent-athees-meme-pied-groupes-religieux\/","title":{"rendered":"Les Etats-Unis placent les ath\u00e9es sur le m\u00eame pied que les groupes religieux"},"content":{"rendered":"<p><em>Un expert des Nations Unies sur la libert\u00e9 de religion et de croyance se r\u00e9jouit des amendements l\u00e9gislatifs aux Etats-Unis, qui visent \u00e0 prot\u00e9ger les agnostiques et les ath\u00e9es.<\/em><\/p>\n<p>\u00ab\u00a0Il s\u2019agit d\u2019un d\u00e9veloppement important, sachant que les croyants, ath\u00e9es et agnostiques doivent \u00eatre \u00e9galement prot\u00e9g\u00e9s.\u00a0\u00bb, a d\u00e9clar\u00e9 le 28 d\u00e9cembre 2016 le nouveau rapporteur sp\u00e9cial sur la libert\u00e9 de religion et de croyance, Ahmed Shaheed, dans le <a href=\"http:\/\/www.ohchr.org\/EN\/NewsEvents\/Pages\/DisplayNews.aspx?NewsID=21062&amp;LangID=E\">communiqu\u00e9 de presse<\/a> du bureau du Haut Commissaire de l\u2019ONU aux Droits de l\u2019Homme (<a href=\"http:\/\/www.ohchr.org\/EN\/Pages\/WelcomePage.aspx\">HCDH<\/a>).<\/p>\n<p>\u00ab\u00a0Beaucoup d\u2019humanistes et d\u2019agnostiques sont encore largement stigmatis\u00e9s et pers\u00e9cut\u00e9s dans le monde.\u00a0\u00bb<\/p>\n<p>Le pr\u00e9sident am\u00e9ricain Barack Obama a sign\u00e9 vendredi les amendements \u00e0 la loi sur la libert\u00e9 religieuse internationale.<\/p>\n<p>Selon le communiqu\u00e9 de presse, la promotion de la pens\u00e9e ath\u00e9e sous quelque forme que ce soit est consid\u00e9r\u00e9e comme un acte de terrorisme dans certains pays. Dans d\u2019autres, toute expression d\u2019agnosticisme ou d\u2019ath\u00e9isme est consid\u00e9r\u00e9e comme du blasph\u00e8me ou de l\u2019apostasie, durement sanctionn\u00e9s, jusqu\u2019\u00e0 la peine de mort ou des attaques par des milices priv\u00e9es.<\/p>\n<p>\u00ab\u00a0Souvent, les gens ne comprennent pas compl\u00e8tement l\u2019\u00e9tendue du droit international \u00e0 la libert\u00e9 religieuse. Il ne s\u2019agit pas uniquement de religion ou de croyance, mais cette libert\u00e9 couvre aussi le droit \u00e0 la libert\u00e9 de pens\u00e9e et de conscience, telle qu\u2019elle est garantie par la D\u00e9claration Universelle des Droits de l\u2019Homme,\u00a0\u00bb a soulign\u00e9 le rapporteur sp\u00e9cial.<\/p>\n<p>L\u2019expert a d\u00e9clar\u00e9 que les termes \u00ab\u00a0religion\u00a0\u00bb et \u00ab\u00a0croyance\u00a0\u00bb doivent \u00eatre compris dans un sens large pour inclure les croyances th\u00e9istes, non-th\u00e9istes et ath\u00e9es, ainsi que le droit de n\u2019adh\u00e9rer \u00e0 aucune religion ni croyance.<\/p>\n<p>\u00ab\u00a0Tous jouent un r\u00f4le important dans la construction de soci\u00e9t\u00e9s pluralistes et inclusives pour le 21<sup>\u00e8me<\/sup> si\u00e8cle, \u00e0 la fois paisibles et prosp\u00e8res,\u00a0\u00bb a soulign\u00e9 M. Shaheed.<\/p>\n<p>\u00ab\u00a0Face \u00e0 une diversit\u00e9 croissante, la libert\u00e9 de religion et de croyance ne peut \u00eatre maintenue qu\u2019en acceptant l\u2019inclusion compl\u00e8te des ath\u00e9es et des agnostiques,\u00a0\u00bb a-t-il conclu.<\/p>\n<p>Des rapporteurs sp\u00e9ciaux et experts ind\u00e9pendants sont d\u00e9sign\u00e9s par le Conseil des Droits de l\u2019Homme des Nations Unies, si\u00e9geant \u00e0 Gen\u00e8ve. Ils examinent un th\u00e8me sp\u00e9cifique relatif aux droits de l\u2019homme ou la situation dans un pays et en font rapport. Le poste est honorifique\u00a0; les experts ne sont pas membres du personnel des Nations Unies et ne sont pas r\u00e9mun\u00e9r\u00e9s pour leurs contributions.<\/p>\n<p><em>Source : <\/em><a href=\"http:\/\/www.un.org\/apps\/news\/story.asp?NewsID=55881#.WGS5u5LffDQ\"><em>ONU<\/em><\/a><\/p>\n","protected":false},"excerpt":{"rendered":"<p>Un expert des Nations Unies sur la libert\u00e9 de religion et de croyance se r\u00e9jouit des amendements l\u00e9gislatifs aux Etats-Unis, qui visent \u00e0 prot\u00e9ger les agnostiques et les ath\u00e9es. \u00ab\u00a0Il s\u2019agit d\u2019un d\u00e9veloppement important, sachant que les croyants, ath\u00e9es et&hellip;<\/p>\n","protected":false},"author":531,"featured_media":414903,"comment_status":"closed","ping_status":"closed","sticky":false,"template":"","format":"standard","meta":{"footnotes":""},"categories":[1246,40,163],"tags":[34295,34294,34296],"class_list":["post-419392","post","type-post","status-publish","format-standard","has-post-thumbnail","hentry","category-humanisme-spiritualite","category-international-fr","category-opinion-fr","tag-agnostiques","tag-athees","tag-liberte-religieuse"],"yoast_head":"<!-- This site is optimized with the Yoast SEO plugin v27.1.1 - https:\/\/yoast.com\/product\/yoast-seo-wordpress\/ -->\n<title>Les Etats-Unis placent les ath\u00e9es sur le m\u00eame pied que les groupes religieux<\/title>\n<meta name=\"description\" content=\"Un expert des Nations Unies sur la libert\u00e9 de religion et de croyance se r\u00e9jouit des amendements l\u00e9gislatifs aux Etats-Unis, qui visent \u00e0 prot\u00e9ger les\" \/>\n<meta name=\"robots\" content=\"index, follow, max-snippet:-1, max-image-preview:large, max-video-preview:-1\" \/>\n<link rel=\"canonical\" href=\"https:\/\/www.pressenza.com\/fr\/2017\/01\/etats-unis-placent-athees-meme-pied-groupes-religieux\/\" \/>\n<meta property=\"og:locale\" content=\"fr_FR\" \/>\n<meta property=\"og:type\" content=\"article\" \/>\n<meta property=\"og:title\" content=\"Les Etats-Unis placent les ath\u00e9es sur le m\u00eame pied que les groupes religieux\" \/>\n<meta property=\"og:description\" content=\"Un expert des Nations Unies sur la libert\u00e9 de religion et de croyance se r\u00e9jouit des amendements l\u00e9gislatifs aux Etats-Unis, qui visent \u00e0 prot\u00e9ger les\" \/>\n<meta property=\"og:url\" content=\"https:\/\/www.pressenza.com\/fr\/2017\/01\/etats-unis-placent-athees-meme-pied-groupes-religieux\/\" \/>\n<meta property=\"og:site_name\" content=\"Pressenza\" \/>\n<meta property=\"article:publisher\" content=\"https:\/\/www.facebook.com\/PressenzaItalia\" \/>\n<meta property=\"article:author\" content=\"https:\/\/www.facebook.com\/pages\/Human-Wrongs-Watch\/169458499784224?fref=ts\" \/>\n<meta property=\"article:published_time\" content=\"2017-01-15T20:12:51+00:00\" \/>\n<meta property=\"article:modified_time\" content=\"2017-01-19T11:54:19+00:00\" \/>\n<meta property=\"og:image\" content=\"https:\/\/www.pressenza.com\/wp-content\/uploads\/2017\/01\/633886Religion.jpg\" \/>\n\t<meta property=\"og:image:width\" content=\"1024\" \/>\n\t<meta property=\"og:image:height\" content=\"683\" \/>\n\t<meta property=\"og:image:type\" content=\"image\/jpeg\" \/>\n<meta name=\"author\" content=\"Human Wrongs Watch\" \/>\n<meta name=\"twitter:card\" content=\"summary_large_image\" \/>\n<meta name=\"twitter:creator\" content=\"@Baher_Kamal\" \/>\n<meta name=\"twitter:site\" content=\"@PressenzaIPA\" \/>\n<meta name=\"twitter:label1\" content=\"\u00c9crit par\" \/>\n\t<meta name=\"twitter:data1\" content=\"Human Wrongs Watch\" \/>\n\t<meta name=\"twitter:label2\" content=\"Dur\u00e9e de lecture estim\u00e9e\" \/>\n\t<meta name=\"twitter:data2\" content=\"2 minutes\" \/>\n<script type=\"application\/ld+json\" class=\"yoast-schema-graph\">{\"@context\":\"https:\/\/schema.org\",\"@graph\":[{\"@type\":\"Article\",\"@id\":\"https:\/\/www.pressenza.com\/fr\/2017\/01\/etats-unis-placent-athees-meme-pied-groupes-religieux\/#article\",\"isPartOf\":{\"@id\":\"https:\/\/www.pressenza.com\/fr\/2017\/01\/etats-unis-placent-athees-meme-pied-groupes-religieux\/\"},\"author\":{\"name\":\"Human Wrongs Watch\",\"@id\":\"https:\/\/www.pressenza.com\/fr\/#\/schema\/person\/c74b397f263ff7abde2d0320c4a088f1\"},\"headline\":\"Les Etats-Unis placent les ath\u00e9es sur le m\u00eame pied que les groupes religieux\",\"datePublished\":\"2017-01-15T20:12:51+00:00\",\"dateModified\":\"2017-01-19T11:54:19+00:00\",\"mainEntityOfPage\":{\"@id\":\"https:\/\/www.pressenza.com\/fr\/2017\/01\/etats-unis-placent-athees-meme-pied-groupes-religieux\/\"},\"wordCount\":459,\"publisher\":{\"@id\":\"https:\/\/www.pressenza.com\/fr\/#organization\"},\"image\":{\"@id\":\"https:\/\/www.pressenza.com\/fr\/2017\/01\/etats-unis-placent-athees-meme-pied-groupes-religieux\/#primaryimage\"},\"thumbnailUrl\":\"https:\/\/www.pressenza.com\/wp-content\/uploads\/2017\/01\/633886Religion.jpg\",\"keywords\":[\"agnostiques\",\"ath\u00e9es\",\"libert\u00e9 religieuse\"],\"articleSection\":[\"Humanisme et Spiritualit\u00e9\",\"International\",\"Opinion\"],\"inLanguage\":\"fr-FR\"},{\"@type\":\"WebPage\",\"@id\":\"https:\/\/www.pressenza.com\/fr\/2017\/01\/etats-unis-placent-athees-meme-pied-groupes-religieux\/\",\"url\":\"https:\/\/www.pressenza.com\/fr\/2017\/01\/etats-unis-placent-athees-meme-pied-groupes-religieux\/\",\"name\":\"Les Etats-Unis placent les ath\u00e9es sur le m\u00eame pied que les groupes religieux\",\"isPartOf\":{\"@id\":\"https:\/\/www.pressenza.com\/fr\/#website\"},\"primaryImageOfPage\":{\"@id\":\"https:\/\/www.pressenza.com\/fr\/2017\/01\/etats-unis-placent-athees-meme-pied-groupes-religieux\/#primaryimage\"},\"image\":{\"@id\":\"https:\/\/www.pressenza.com\/fr\/2017\/01\/etats-unis-placent-athees-meme-pied-groupes-religieux\/#primaryimage\"},\"thumbnailUrl\":\"https:\/\/www.pressenza.com\/wp-content\/uploads\/2017\/01\/633886Religion.jpg\",\"datePublished\":\"2017-01-15T20:12:51+00:00\",\"dateModified\":\"2017-01-19T11:54:19+00:00\",\"description\":\"Un expert des Nations Unies sur la libert\u00e9 de religion et de croyance se r\u00e9jouit des amendements l\u00e9gislatifs aux Etats-Unis, qui visent \u00e0 prot\u00e9ger les\",\"breadcrumb\":{\"@id\":\"https:\/\/www.pressenza.com\/fr\/2017\/01\/etats-unis-placent-athees-meme-pied-groupes-religieux\/#breadcrumb\"},\"inLanguage\":\"fr-FR\",\"potentialAction\":[{\"@type\":\"ReadAction\",\"target\":[\"https:\/\/www.pressenza.com\/fr\/2017\/01\/etats-unis-placent-athees-meme-pied-groupes-religieux\/\"]}]},{\"@type\":\"ImageObject\",\"inLanguage\":\"fr-FR\",\"@id\":\"https:\/\/www.pressenza.com\/fr\/2017\/01\/etats-unis-placent-athees-meme-pied-groupes-religieux\/#primaryimage\",\"url\":\"https:\/\/www.pressenza.com\/wp-content\/uploads\/2017\/01\/633886Religion.jpg\",\"contentUrl\":\"https:\/\/www.pressenza.com\/wp-content\/uploads\/2017\/01\/633886Religion.jpg\",\"width\":1024,\"height\":683},{\"@type\":\"BreadcrumbList\",\"@id\":\"https:\/\/www.pressenza.com\/fr\/2017\/01\/etats-unis-placent-athees-meme-pied-groupes-religieux\/#breadcrumb\",\"itemListElement\":[{\"@type\":\"ListItem\",\"position\":1,\"name\":\"Accueil\",\"item\":\"https:\/\/www.pressenza.com\/fr\/\"},{\"@type\":\"ListItem\",\"position\":2,\"name\":\"Les Etats-Unis placent les ath\u00e9es sur le m\u00eame pied que les groupes religieux\"}]},{\"@type\":\"WebSite\",\"@id\":\"https:\/\/www.pressenza.com\/fr\/#website\",\"url\":\"https:\/\/www.pressenza.com\/fr\/\",\"name\":\"Pressenza\",\"description\":\"International Press Agency\",\"publisher\":{\"@id\":\"https:\/\/www.pressenza.com\/fr\/#organization\"},\"potentialAction\":[{\"@type\":\"SearchAction\",\"target\":{\"@type\":\"EntryPoint\",\"urlTemplate\":\"https:\/\/www.pressenza.com\/fr\/?s={search_term_string}\"},\"query-input\":{\"@type\":\"PropertyValueSpecification\",\"valueRequired\":true,\"valueName\":\"search_term_string\"}}],\"inLanguage\":\"fr-FR\"},{\"@type\":\"Organization\",\"@id\":\"https:\/\/www.pressenza.com\/fr\/#organization\",\"name\":\"Pressenza\",\"url\":\"https:\/\/www.pressenza.com\/fr\/\",\"logo\":{\"@type\":\"ImageObject\",\"inLanguage\":\"fr-FR\",\"@id\":\"https:\/\/www.pressenza.com\/fr\/#\/schema\/logo\/image\/\",\"url\":\"https:\/\/www.pressenza.com\/wp-content\/uploads\/2022\/10\/pressenza_logo_200x200.jpg\",\"contentUrl\":\"https:\/\/www.pressenza.com\/wp-content\/uploads\/2022\/10\/pressenza_logo_200x200.jpg\",\"width\":200,\"height\":200,\"caption\":\"Pressenza\"},\"image\":{\"@id\":\"https:\/\/www.pressenza.com\/fr\/#\/schema\/logo\/image\/\"},\"sameAs\":[\"https:\/\/www.facebook.com\/PressenzaItalia\",\"https:\/\/x.com\/PressenzaIPA\"]},{\"@type\":\"Person\",\"@id\":\"https:\/\/www.pressenza.com\/fr\/#\/schema\/person\/c74b397f263ff7abde2d0320c4a088f1\",\"name\":\"Human Wrongs Watch\",\"description\":\"Everybody talks about human \u2018rights\u2019 and this is just great. Nevertheless, human beings have been perpetrating, systematically, all kinds of wrongs\u2013they kill each other, they destroy forests, seas, lands, and atmosphere. Simply, humans are now more than ever under the mercy of two dominant powers: the \u2018market lords\u2019 and the \u2018war lords\u2019\u2013everything, humans included, are now subject to trade deals. Human wrongs Watch informs about some of the so many human \u2018wrongs\u2019\u2013it\u2019s our way to draw your attention. Maybe this initiative can help correct some of our misdoing. human-wrongs-watch.net\",\"sameAs\":[\"https:\/\/human-wrongs-watch.net\",\"https:\/\/www.facebook.com\/pages\/Human-Wrongs-Watch\/169458499784224?fref=ts\",\"https:\/\/x.com\/Baher_Kamal\"],\"url\":\"https:\/\/www.pressenza.com\/fr\/author\/human-wrongs-watch\/\"}]}<\/script>\n<!-- \/ Yoast SEO plugin. -->","yoast_head_json":{"title":"Les Etats-Unis placent les ath\u00e9es sur le m\u00eame pied que les groupes religieux","description":"Un expert des Nations Unies sur la libert\u00e9 de religion et de croyance se r\u00e9jouit des amendements l\u00e9gislatifs aux Etats-Unis, qui visent \u00e0 prot\u00e9ger les","robots":{"index":"index","follow":"follow","max-snippet":"max-snippet:-1","max-image-preview":"max-image-preview:large","max-video-preview":"max-video-preview:-1"},"canonical":"https:\/\/www.pressenza.com\/fr\/2017\/01\/etats-unis-placent-athees-meme-pied-groupes-religieux\/","og_locale":"fr_FR","og_type":"article","og_title":"Les Etats-Unis placent les ath\u00e9es sur le m\u00eame pied que les groupes religieux","og_description":"Un expert des Nations Unies sur la libert\u00e9 de religion et de croyance se r\u00e9jouit des amendements l\u00e9gislatifs aux Etats-Unis, qui visent \u00e0 prot\u00e9ger les","og_url":"https:\/\/www.pressenza.com\/fr\/2017\/01\/etats-unis-placent-athees-meme-pied-groupes-religieux\/","og_site_name":"Pressenza","article_publisher":"https:\/\/www.facebook.com\/PressenzaItalia","article_author":"https:\/\/www.facebook.com\/pages\/Human-Wrongs-Watch\/169458499784224?fref=ts","article_published_time":"2017-01-15T20:12:51+00:00","article_modified_time":"2017-01-19T11:54:19+00:00","og_image":[{"width":1024,"height":683,"url":"https:\/\/www.pressenza.com\/wp-content\/uploads\/2017\/01\/633886Religion.jpg","type":"image\/jpeg"}],"author":"Human Wrongs Watch","twitter_card":"summary_large_image","twitter_creator":"@Baher_Kamal","twitter_site":"@PressenzaIPA","twitter_misc":{"\u00c9crit par":"Human Wrongs Watch","Dur\u00e9e de lecture estim\u00e9e":"2 minutes"},"schema":{"@context":"https:\/\/schema.org","@graph":[{"@type":"Article","@id":"https:\/\/www.pressenza.com\/fr\/2017\/01\/etats-unis-placent-athees-meme-pied-groupes-religieux\/#article","isPartOf":{"@id":"https:\/\/www.pressenza.com\/fr\/2017\/01\/etats-unis-placent-athees-meme-pied-groupes-religieux\/"},"author":{"name":"Human Wrongs Watch","@id":"https:\/\/www.pressenza.com\/fr\/#\/schema\/person\/c74b397f263ff7abde2d0320c4a088f1"},"headline":"Les Etats-Unis placent les ath\u00e9es sur le m\u00eame pied que les groupes religieux","datePublished":"2017-01-15T20:12:51+00:00","dateModified":"2017-01-19T11:54:19+00:00","mainEntityOfPage":{"@id":"https:\/\/www.pressenza.com\/fr\/2017\/01\/etats-unis-placent-athees-meme-pied-groupes-religieux\/"},"wordCount":459,"publisher":{"@id":"https:\/\/www.pressenza.com\/fr\/#organization"},"image":{"@id":"https:\/\/www.pressenza.com\/fr\/2017\/01\/etats-unis-placent-athees-meme-pied-groupes-religieux\/#primaryimage"},"thumbnailUrl":"https:\/\/www.pressenza.com\/wp-content\/uploads\/2017\/01\/633886Religion.jpg","keywords":["agnostiques","ath\u00e9es","libert\u00e9 religieuse"],"articleSection":["Humanisme et Spiritualit\u00e9","International","Opinion"],"inLanguage":"fr-FR"},{"@type":"WebPage","@id":"https:\/\/www.pressenza.com\/fr\/2017\/01\/etats-unis-placent-athees-meme-pied-groupes-religieux\/","url":"https:\/\/www.pressenza.com\/fr\/2017\/01\/etats-unis-placent-athees-meme-pied-groupes-religieux\/","name":"Les Etats-Unis placent les ath\u00e9es sur le m\u00eame pied que les groupes religieux","isPartOf":{"@id":"https:\/\/www.pressenza.com\/fr\/#website"},"primaryImageOfPage":{"@id":"https:\/\/www.pressenza.com\/fr\/2017\/01\/etats-unis-placent-athees-meme-pied-groupes-religieux\/#primaryimage"},"image":{"@id":"https:\/\/www.pressenza.com\/fr\/2017\/01\/etats-unis-placent-athees-meme-pied-groupes-religieux\/#primaryimage"},"thumbnailUrl":"https:\/\/www.pressenza.com\/wp-content\/uploads\/2017\/01\/633886Religion.jpg","datePublished":"2017-01-15T20:12:51+00:00","dateModified":"2017-01-19T11:54:19+00:00","description":"Un expert des Nations Unies sur la libert\u00e9 de religion et de croyance se r\u00e9jouit des amendements l\u00e9gislatifs aux Etats-Unis, qui visent \u00e0 prot\u00e9ger les","breadcrumb":{"@id":"https:\/\/www.pressenza.com\/fr\/2017\/01\/etats-unis-placent-athees-meme-pied-groupes-religieux\/#breadcrumb"},"inLanguage":"fr-FR","potentialAction":[{"@type":"ReadAction","target":["https:\/\/www.pressenza.com\/fr\/2017\/01\/etats-unis-placent-athees-meme-pied-groupes-religieux\/"]}]},{"@type":"ImageObject","inLanguage":"fr-FR","@id":"https:\/\/www.pressenza.com\/fr\/2017\/01\/etats-unis-placent-athees-meme-pied-groupes-religieux\/#primaryimage","url":"https:\/\/www.pressenza.com\/wp-content\/uploads\/2017\/01\/633886Religion.jpg","contentUrl":"https:\/\/www.pressenza.com\/wp-content\/uploads\/2017\/01\/633886Religion.jpg","width":1024,"height":683},{"@type":"BreadcrumbList","@id":"https:\/\/www.pressenza.com\/fr\/2017\/01\/etats-unis-placent-athees-meme-pied-groupes-religieux\/#breadcrumb","itemListElement":[{"@type":"ListItem","position":1,"name":"Accueil","item":"https:\/\/www.pressenza.com\/fr\/"},{"@type":"ListItem","position":2,"name":"Les Etats-Unis placent les ath\u00e9es sur le m\u00eame pied que les groupes religieux"}]},{"@type":"WebSite","@id":"https:\/\/www.pressenza.com\/fr\/#website","url":"https:\/\/www.pressenza.com\/fr\/","name":"Pressenza","description":"International Press Agency","publisher":{"@id":"https:\/\/www.pressenza.com\/fr\/#organization"},"potentialAction":[{"@type":"SearchAction","target":{"@type":"EntryPoint","urlTemplate":"https:\/\/www.pressenza.com\/fr\/?s={search_term_string}"},"query-input":{"@type":"PropertyValueSpecification","valueRequired":true,"valueName":"search_term_string"}}],"inLanguage":"fr-FR"},{"@type":"Organization","@id":"https:\/\/www.pressenza.com\/fr\/#organization","name":"Pressenza","url":"https:\/\/www.pressenza.com\/fr\/","logo":{"@type":"ImageObject","inLanguage":"fr-FR","@id":"https:\/\/www.pressenza.com\/fr\/#\/schema\/logo\/image\/","url":"https:\/\/www.pressenza.com\/wp-content\/uploads\/2022\/10\/pressenza_logo_200x200.jpg","contentUrl":"https:\/\/www.pressenza.com\/wp-content\/uploads\/2022\/10\/pressenza_logo_200x200.jpg","width":200,"height":200,"caption":"Pressenza"},"image":{"@id":"https:\/\/www.pressenza.com\/fr\/#\/schema\/logo\/image\/"},"sameAs":["https:\/\/www.facebook.com\/PressenzaItalia","https:\/\/x.com\/PressenzaIPA"]},{"@type":"Person","@id":"https:\/\/www.pressenza.com\/fr\/#\/schema\/person\/c74b397f263ff7abde2d0320c4a088f1","name":"Human Wrongs Watch","description":"Everybody talks about human \u2018rights\u2019 and this is just great. Nevertheless, human beings have been perpetrating, systematically, all kinds of wrongs\u2013they kill each other, they destroy forests, seas, lands, and atmosphere. Simply, humans are now more than ever under the mercy of two dominant powers: the \u2018market lords\u2019 and the \u2018war lords\u2019\u2013everything, humans included, are now subject to trade deals. Human wrongs Watch informs about some of the so many human \u2018wrongs\u2019\u2013it\u2019s our way to draw your attention. Maybe this initiative can help correct some of our misdoing. human-wrongs-watch.net","sameAs":["https:\/\/human-wrongs-watch.net","https:\/\/www.facebook.com\/pages\/Human-Wrongs-Watch\/169458499784224?fref=ts","https:\/\/x.com\/Baher_Kamal"],"url":"https:\/\/www.pressenza.com\/fr\/author\/human-wrongs-watch\/"}]}},"place":"","original_article_url":"","_links":{"self":[{"href":"https:\/\/www.pressenza.com\/fr\/wp-json\/wp\/v2\/posts\/419392","targetHints":{"allow":["GET"]}}],"collection":[{"href":"https:\/\/www.pressenza.com\/fr\/wp-json\/wp\/v2\/posts"}],"about":[{"href":"https:\/\/www.pressenza.com\/fr\/wp-json\/wp\/v2\/types\/post"}],"author":[{"embeddable":true,"href":"https:\/\/www.pressenza.com\/fr\/wp-json\/wp\/v2\/users\/531"}],"replies":[{"embeddable":true,"href":"https:\/\/www.pressenza.com\/fr\/wp-json\/wp\/v2\/comments?post=419392"}],"version-history":[{"count":0,"href":"https:\/\/www.pressenza.com\/fr\/wp-json\/wp\/v2\/posts\/419392\/revisions"}],"wp:featuredmedia":[{"embeddable":true,"href":"https:\/\/www.pressenza.com\/fr\/wp-json\/wp\/v2\/media\/414903"}],"wp:attachment":[{"href":"https:\/\/www.pressenza.com\/fr\/wp-json\/wp\/v2\/media?parent=419392"}],"wp:term":[{"taxonomy":"category","embeddable":true,"href":"https:\/\/www.pressenza.com\/fr\/wp-json\/wp\/v2\/categories?post=419392"},{"taxonomy":"post_tag","embeddable":true,"href":"https:\/\/www.pressenza.com\/fr\/wp-json\/wp\/v2\/tags?post=419392"}],"curies":[{"name":"wp","href":"https:\/\/api.w.org\/{rel}","templated":true}]}}