{"id":41844,"date":"2013-03-07T23:35:54","date_gmt":"2013-03-07T23:35:54","guid":{"rendered":"http:\/\/www.pressenza.com\/?p=41844"},"modified":"2013-03-07T23:36:47","modified_gmt":"2013-03-07T23:36:47","slug":"bilan-de-la-conference-intergouvernementale-sur-les-consequences-humanitaires-des-armes-nucleaires-doslo","status":"publish","type":"post","link":"https:\/\/www.pressenza.com\/fr\/2013\/03\/bilan-de-la-conference-intergouvernementale-sur-les-consequences-humanitaires-des-armes-nucleaires-doslo\/","title":{"rendered":"Oslo, Bilan de la Conf\u00e9rence intergouvernementale sur les cons\u00e9quences humanitaires des armes nucl\u00e9aires"},"content":{"rendered":"<p><strong>Par Jean-Marie Collin,\u00a0\u201c<a href=\"http:\/\/alternatives-economiques.fr\/blogs\/collin\" target=\"_blank\">Blog D\u00e9fense et G\u00e9opolitique, Alternatives-Internationales<\/a>\u201d<\/strong><\/p>\n<p><a style=\"font-size: 13px; line-height: 19px;\" href=\"http:\/\/alternatives-economiques.fr\/blogs\/collin\/\">Lors de la seconde journ\u00e9e<\/a><span style=\"font-size: 13px; line-height: 19px;\">, [N.d.T. 5\/03 ] une id\u00e9e s\u2019est impos\u00e9e : \u00ab\u00a0<\/span><em style=\"font-size: 13px; line-height: 19px;\">nous ne disposons d\u2019aucun moyen assez important pour faire face \u00e0 l\u2019explosion d\u2019une arme nucl\u00e9aire\u00a0<\/em><span style=\"font-size: 13px; line-height: 19px;\">\u00bb\u2026.<\/span><\/p>\n<p><strong><a href=\"http:\/\/www.regjeringen.no\/en\/dep\/ud\/selected-topics\/humanitarian-efforts\/humimpact_2013.html?id=708603\">La Norv\u00e8ge<\/a>\u00a0et la Roumanie<\/strong>\u00a0ont pr\u00e9sent\u00e9 hier matin les moyens de r\u00e9actions qu\u2019ils pourraient mettre en \u0153uvre face \u00e0 toute d\u00e9tonation d\u2019une arme nucl\u00e9aire. La Norv\u00e8ge a ainsi fait part qu\u2019actuellement, elle \u00e9tait pr\u00e9par\u00e9e devant une catastrophe nucl\u00e9aire provenant :<\/p>\n<ul>\n<li>D\u2019un nuage radioactif.<\/li>\n<li>D\u2019une explosion dans un sous-marin \u00e0 propulsion nucl\u00e9aire ou un brise-glace \u00e0 propulsion nucl\u00e9aire russe.<\/li>\n<li>D\u2019une catastrophe dans un des petits r\u00e9acteurs de recherche que poss\u00e8de la Norv\u00e8ge.<\/li>\n<\/ul>\n<p>\u00c0 partir d\u2019une \u00e9tude r\u00e9alis\u00e9e et pr\u00e9sent\u00e9e par le directeur g\u00e9n\u00e9ral Ole Harbitz, du Norwegian Radiation Protection Authority, il a \u00e9t\u00e9 d\u00e9montr\u00e9 qu\u2019une explosion d\u2019une arme nucl\u00e9aire de 300 kt sur Oslo affecterait entre 1 et 2 millions de personnes. Autour du point z\u00e9ro, c\u2019est un cercle d\u2019un minimum de 40 Km o\u00f9 toutes les infrastructures, seraient totalement ou en partie d\u00e9truites. En partant d\u2019un tel constat, M Ole Harbitz a clairement indiqu\u00e9 que la Norv\u00e8ge ne disposerait pas de moyens n\u00e9cessaires pour secourir et aider cette population.<\/p>\n<p><strong>Toutes les d\u00e9l\u00e9gations diplomatiques<\/strong>\u00a0pr\u00e9sentes, comme tous les membres de la soci\u00e9t\u00e9 civile, ont tr\u00e8s clairement d\u00e9montr\u00e9 et affirm\u00e9 \u00e0 maintes reprises, qu\u2019en cas d\u2019explosion d\u2019une arme nucl\u00e9aire, il sera totalement impossible d\u2019intervenir convenablement et que les moyens humains, mat\u00e9riels et financiers manqueront forcement. La question de savoir qui payera la note a d\u2019ailleurs \u00e9t\u00e9 soulev\u00e9e\u2026..<\/p>\n<p><a href=\"http:\/\/alternatives-economiques.fr\/blogs\/collin\/2013\/03\/03\/oslo-conference-intergouvernementale\/\">Les 132 Etats<\/a>\u00a0ont tr\u00e8s clairement exprim\u00e9 leur crainte de devoir \u00eatre confront\u00e9s \u00e0 une explosion nucl\u00e9aire. Seule, une action pr\u00e9ventive, c\u2019est-\u00e0-dire, un processus\u00a0 de d\u00e9sarmement concret pourra permettre de mettre un terme \u00e0 cette menace.<\/p>\n<p><strong>Les points cl\u00e9s\u00a0<\/strong>\u00a0de cette conf\u00e9rence :<\/p>\n<ul>\n<li>Il est peu probable qu\u2019un Etat puisse \u00eatre \u00e0 la hauteur pour faire face aux besoins imm\u00e9diats face \u00e0 une d\u00e9tonation nucl\u00e9aire.<\/li>\n<li>L\u2019exp\u00e9rience\u00a0\u00a0historique montre que les effets d\u2019une arme nucl\u00e9aire sont \u00e0 long terme, son potentiel destructeur affectera l\u2019ensemble de la plan\u00e8te.<\/li>\n<\/ul>\n<p><strong>Le Mexique<\/strong>\u00a0a annonc\u00e9 sa volont\u00e9 d\u2019organiser la prochaine conf\u00e9rence. Ce message \u00e9tait attendu par nombre de d\u00e9l\u00e9gations et par la soci\u00e9t\u00e9 civile.\u00a0 C\u2019est certainement le point le plus important \u00e0 retenir, car cela d\u00e9montre une r\u00e9elle volont\u00e9 de la part des Etats\u00a0 non d\u00e9tenteurs d\u2019armes nucl\u00e9aires de poursuivre cette voix diplomatique \u2013 m\u00eame si elle est en-dehors des instances onusiennes. D\u2019autre part, cette action, comme la soulign\u00e9 la Nouvelle-Z\u00e9lande, ne remet absolument pas en cause les n\u00e9gociations en cours au sein de la Conf\u00e9rence de d\u00e9sarmement (au contraire, ce processus d\u2019Oslo est d\u00e9sormais int\u00e9gr\u00e9 \u00e0 la CD, les membres du P5, l\u2019ayant comment\u00e9 dans leurs r\u00e9centes interventions !) ou encore au sein du TNP. Nous sommes donc bien dans un cadre de travail international, o\u00f9 la seule volont\u00e9 des Etats et de la soci\u00e9t\u00e9 civile est de parvenir \u00e0 la mise en place d\u2019un instrument l\u00e9gal et performant d\u2019interdiction des armes nucl\u00e9aires.<\/p>\n<p><a href=\"http:\/\/www.icanw.org\/\">I CAN\u00a0<\/a><strong>:<\/strong>\u00a0Sans conteste, la campagne I CAN a marqu\u00e9 un grand coup ces deux derniers jours,\u00a0<a href=\"http:\/\/alternatives-economiques.fr\/blogs\/collin\/2013\/02\/22\/questions-a-arielle-denis-directrice-de-la-campagne-pour-le-desarmement-ican\/\">elle s\u2019est impos\u00e9e<\/a>, elle a \u00e9t\u00e9 cit\u00e9e plusieurs dizaines de fois par les diplomates. La soci\u00e9t\u00e9 civile est donc pleinement int\u00e9gr\u00e9e et est un rouage int\u00e9gral \u00a0dans la mise en oeuvre d\u2019une voix diplomatique pour aller dans un monde sans armes nucl\u00e9aires.<\/p>\n<p>Source :\u00a0<a href=\"http:\/\/alternatives-economiques.fr\/blogs\/collin\/2013\/03\/07\/oslo-bilan-de-la-conference-doslo\/\">http:\/\/alternatives-economiques.fr\/blogs\/collin\/2013\/03\/07\/oslo-bilan-de-la-conference-doslo\/<\/a><\/p>\n","protected":false},"excerpt":{"rendered":"<p>Par Jean-Marie Collin,\u00a0\u201cBlog D\u00e9fense et G\u00e9opolitique, Alternatives-Internationales\u201d Lors de la seconde journ\u00e9e, [N.d.T. 5\/03 ] une id\u00e9e s\u2019est impos\u00e9e : \u00ab\u00a0nous ne disposons d\u2019aucun moyen assez important pour faire face \u00e0 l\u2019explosion d\u2019une arme nucl\u00e9aire\u00a0\u00bb\u2026. La Norv\u00e8ge\u00a0et la Roumanie\u00a0ont pr\u00e9sent\u00e9&hellip;<\/p>\n","protected":false},"author":926,"featured_media":41848,"comment_status":"closed","ping_status":"open","sticky":false,"template":"","format":"standard","meta":{"footnotes":""},"categories":[40,1250],"tags":[3681,3682],"class_list":["post-41844","post","type-post","status-publish","format-standard","has-post-thumbnail","hentry","category-international-fr","category-paix-desarmement","tag-desarmement-humanitaire","tag-norvege"],"yoast_head":"<!-- This site is optimized with the Yoast SEO plugin v27.1.1 - https:\/\/yoast.com\/product\/yoast-seo-wordpress\/ -->\n<title>Oslo, Bilan de la Conf\u00e9rence intergouvernementale sur les cons\u00e9quences humanitaires des armes nucl\u00e9aires<\/title>\n<meta name=\"description\" content=\"Par Jean-Marie Collin,\u00a0\u201cBlog D\u00e9fense et G\u00e9opolitique, Alternatives-Internationales\u201d Lors de la seconde journ\u00e9e, une id\u00e9e s\u2019est impos\u00e9e : \u00ab\u00a0nous ne\" \/>\n<meta name=\"robots\" content=\"index, follow, max-snippet:-1, max-image-preview:large, max-video-preview:-1\" \/>\n<link rel=\"canonical\" href=\"https:\/\/www.pressenza.com\/fr\/2013\/03\/bilan-de-la-conference-intergouvernementale-sur-les-consequences-humanitaires-des-armes-nucleaires-doslo\/\" \/>\n<meta property=\"og:locale\" content=\"fr_FR\" \/>\n<meta property=\"og:type\" content=\"article\" \/>\n<meta property=\"og:title\" content=\"Oslo, Bilan de la Conf\u00e9rence intergouvernementale sur les cons\u00e9quences humanitaires des armes nucl\u00e9aires\" \/>\n<meta property=\"og:description\" content=\"Par Jean-Marie Collin,\u00a0\u201cBlog D\u00e9fense et G\u00e9opolitique, Alternatives-Internationales\u201d Lors de la seconde journ\u00e9e, une id\u00e9e s\u2019est impos\u00e9e : \u00ab\u00a0nous ne\" \/>\n<meta property=\"og:url\" content=\"https:\/\/www.pressenza.com\/fr\/2013\/03\/bilan-de-la-conference-intergouvernementale-sur-les-consequences-humanitaires-des-armes-nucleaires-doslo\/\" \/>\n<meta property=\"og:site_name\" content=\"Pressenza\" \/>\n<meta property=\"article:publisher\" content=\"https:\/\/www.facebook.com\/PressenzaItalia\" \/>\n<meta property=\"article:published_time\" content=\"2013-03-07T23:35:54+00:00\" \/>\n<meta property=\"article:modified_time\" content=\"2013-03-07T23:36:47+00:00\" \/>\n<meta property=\"og:image\" content=\"https:\/\/www.pressenza.com\/wp-content\/uploads\/2013\/03\/bilan-conference-Oslo.jpg\" \/>\n\t<meta property=\"og:image:width\" content=\"450\" \/>\n\t<meta property=\"og:image:height\" content=\"240\" \/>\n\t<meta property=\"og:image:type\" content=\"image\/jpeg\" \/>\n<meta name=\"author\" content=\"R\u00e9daction France\" \/>\n<meta name=\"twitter:card\" content=\"summary_large_image\" \/>\n<meta name=\"twitter:creator\" content=\"@PressenzaIPA\" \/>\n<meta name=\"twitter:site\" content=\"@PressenzaIPA\" \/>\n<meta name=\"twitter:label1\" content=\"\u00c9crit par\" \/>\n\t<meta name=\"twitter:data1\" content=\"R\u00e9daction France\" \/>\n\t<meta name=\"twitter:label2\" content=\"Dur\u00e9e de lecture estim\u00e9e\" \/>\n\t<meta name=\"twitter:data2\" content=\"3 minutes\" \/>\n<script type=\"application\/ld+json\" class=\"yoast-schema-graph\">{\"@context\":\"https:\/\/schema.org\",\"@graph\":[{\"@type\":\"Article\",\"@id\":\"https:\/\/www.pressenza.com\/fr\/2013\/03\/bilan-de-la-conference-intergouvernementale-sur-les-consequences-humanitaires-des-armes-nucleaires-doslo\/#article\",\"isPartOf\":{\"@id\":\"https:\/\/www.pressenza.com\/fr\/2013\/03\/bilan-de-la-conference-intergouvernementale-sur-les-consequences-humanitaires-des-armes-nucleaires-doslo\/\"},\"author\":{\"name\":\"R\u00e9daction France\",\"@id\":\"https:\/\/www.pressenza.com\/fr\/#\/schema\/person\/3c9fe6670cc2cffbd37562f87b98e869\"},\"headline\":\"Oslo, Bilan de la Conf\u00e9rence intergouvernementale sur les cons\u00e9quences humanitaires des armes nucl\u00e9aires\",\"datePublished\":\"2013-03-07T23:35:54+00:00\",\"dateModified\":\"2013-03-07T23:36:47+00:00\",\"mainEntityOfPage\":{\"@id\":\"https:\/\/www.pressenza.com\/fr\/2013\/03\/bilan-de-la-conference-intergouvernementale-sur-les-consequences-humanitaires-des-armes-nucleaires-doslo\/\"},\"wordCount\":666,\"publisher\":{\"@id\":\"https:\/\/www.pressenza.com\/fr\/#organization\"},\"image\":{\"@id\":\"https:\/\/www.pressenza.com\/fr\/2013\/03\/bilan-de-la-conference-intergouvernementale-sur-les-consequences-humanitaires-des-armes-nucleaires-doslo\/#primaryimage\"},\"thumbnailUrl\":\"https:\/\/www.pressenza.com\/wp-content\/uploads\/2013\/03\/bilan-conference-Oslo.jpg\",\"keywords\":[\"D\u00e9sarmement humanitaire\",\"Norv\u00e8ge\"],\"articleSection\":[\"International\",\"Paix et D\u00e9sarmement\"],\"inLanguage\":\"fr-FR\"},{\"@type\":\"WebPage\",\"@id\":\"https:\/\/www.pressenza.com\/fr\/2013\/03\/bilan-de-la-conference-intergouvernementale-sur-les-consequences-humanitaires-des-armes-nucleaires-doslo\/\",\"url\":\"https:\/\/www.pressenza.com\/fr\/2013\/03\/bilan-de-la-conference-intergouvernementale-sur-les-consequences-humanitaires-des-armes-nucleaires-doslo\/\",\"name\":\"Oslo, Bilan de la Conf\u00e9rence intergouvernementale sur les cons\u00e9quences humanitaires des armes nucl\u00e9aires\",\"isPartOf\":{\"@id\":\"https:\/\/www.pressenza.com\/fr\/#website\"},\"primaryImageOfPage\":{\"@id\":\"https:\/\/www.pressenza.com\/fr\/2013\/03\/bilan-de-la-conference-intergouvernementale-sur-les-consequences-humanitaires-des-armes-nucleaires-doslo\/#primaryimage\"},\"image\":{\"@id\":\"https:\/\/www.pressenza.com\/fr\/2013\/03\/bilan-de-la-conference-intergouvernementale-sur-les-consequences-humanitaires-des-armes-nucleaires-doslo\/#primaryimage\"},\"thumbnailUrl\":\"https:\/\/www.pressenza.com\/wp-content\/uploads\/2013\/03\/bilan-conference-Oslo.jpg\",\"datePublished\":\"2013-03-07T23:35:54+00:00\",\"dateModified\":\"2013-03-07T23:36:47+00:00\",\"description\":\"Par Jean-Marie Collin,\u00a0\u201cBlog D\u00e9fense et G\u00e9opolitique, Alternatives-Internationales\u201d Lors de la seconde journ\u00e9e, une id\u00e9e s\u2019est impos\u00e9e : \u00ab\u00a0nous ne\",\"breadcrumb\":{\"@id\":\"https:\/\/www.pressenza.com\/fr\/2013\/03\/bilan-de-la-conference-intergouvernementale-sur-les-consequences-humanitaires-des-armes-nucleaires-doslo\/#breadcrumb\"},\"inLanguage\":\"fr-FR\",\"potentialAction\":[{\"@type\":\"ReadAction\",\"target\":[\"https:\/\/www.pressenza.com\/fr\/2013\/03\/bilan-de-la-conference-intergouvernementale-sur-les-consequences-humanitaires-des-armes-nucleaires-doslo\/\"]}]},{\"@type\":\"ImageObject\",\"inLanguage\":\"fr-FR\",\"@id\":\"https:\/\/www.pressenza.com\/fr\/2013\/03\/bilan-de-la-conference-intergouvernementale-sur-les-consequences-humanitaires-des-armes-nucleaires-doslo\/#primaryimage\",\"url\":\"https:\/\/www.pressenza.com\/wp-content\/uploads\/2013\/03\/bilan-conference-Oslo.jpg\",\"contentUrl\":\"https:\/\/www.pressenza.com\/wp-content\/uploads\/2013\/03\/bilan-conference-Oslo.jpg\",\"width\":450,\"height\":240},{\"@type\":\"BreadcrumbList\",\"@id\":\"https:\/\/www.pressenza.com\/fr\/2013\/03\/bilan-de-la-conference-intergouvernementale-sur-les-consequences-humanitaires-des-armes-nucleaires-doslo\/#breadcrumb\",\"itemListElement\":[{\"@type\":\"ListItem\",\"position\":1,\"name\":\"Accueil\",\"item\":\"https:\/\/www.pressenza.com\/fr\/\"},{\"@type\":\"ListItem\",\"position\":2,\"name\":\"Oslo, Bilan de la Conf\u00e9rence intergouvernementale sur les cons\u00e9quences humanitaires des armes nucl\u00e9aires\"}]},{\"@type\":\"WebSite\",\"@id\":\"https:\/\/www.pressenza.com\/fr\/#website\",\"url\":\"https:\/\/www.pressenza.com\/fr\/\",\"name\":\"Pressenza\",\"description\":\"International Press Agency\",\"publisher\":{\"@id\":\"https:\/\/www.pressenza.com\/fr\/#organization\"},\"potentialAction\":[{\"@type\":\"SearchAction\",\"target\":{\"@type\":\"EntryPoint\",\"urlTemplate\":\"https:\/\/www.pressenza.com\/fr\/?s={search_term_string}\"},\"query-input\":{\"@type\":\"PropertyValueSpecification\",\"valueRequired\":true,\"valueName\":\"search_term_string\"}}],\"inLanguage\":\"fr-FR\"},{\"@type\":\"Organization\",\"@id\":\"https:\/\/www.pressenza.com\/fr\/#organization\",\"name\":\"Pressenza\",\"url\":\"https:\/\/www.pressenza.com\/fr\/\",\"logo\":{\"@type\":\"ImageObject\",\"inLanguage\":\"fr-FR\",\"@id\":\"https:\/\/www.pressenza.com\/fr\/#\/schema\/logo\/image\/\",\"url\":\"https:\/\/www.pressenza.com\/wp-content\/uploads\/2022\/10\/pressenza_logo_200x200.jpg\",\"contentUrl\":\"https:\/\/www.pressenza.com\/wp-content\/uploads\/2022\/10\/pressenza_logo_200x200.jpg\",\"width\":200,\"height\":200,\"caption\":\"Pressenza\"},\"image\":{\"@id\":\"https:\/\/www.pressenza.com\/fr\/#\/schema\/logo\/image\/\"},\"sameAs\":[\"https:\/\/www.facebook.com\/PressenzaItalia\",\"https:\/\/x.com\/PressenzaIPA\"]},{\"@type\":\"Person\",\"@id\":\"https:\/\/www.pressenza.com\/fr\/#\/schema\/person\/3c9fe6670cc2cffbd37562f87b98e869\",\"name\":\"R\u00e9daction France\",\"description\":\"News published by the Pressenza bureau in France\",\"sameAs\":[\"http:\/\/www.pressenza.com\/fr\"],\"url\":\"https:\/\/www.pressenza.com\/fr\/author\/redactionfrance\/\"}]}<\/script>\n<!-- \/ Yoast SEO plugin. -->","yoast_head_json":{"title":"Oslo, Bilan de la Conf\u00e9rence intergouvernementale sur les cons\u00e9quences humanitaires des armes nucl\u00e9aires","description":"Par Jean-Marie Collin,\u00a0\u201cBlog D\u00e9fense et G\u00e9opolitique, Alternatives-Internationales\u201d Lors de la seconde journ\u00e9e, une id\u00e9e s\u2019est impos\u00e9e : \u00ab\u00a0nous ne","robots":{"index":"index","follow":"follow","max-snippet":"max-snippet:-1","max-image-preview":"max-image-preview:large","max-video-preview":"max-video-preview:-1"},"canonical":"https:\/\/www.pressenza.com\/fr\/2013\/03\/bilan-de-la-conference-intergouvernementale-sur-les-consequences-humanitaires-des-armes-nucleaires-doslo\/","og_locale":"fr_FR","og_type":"article","og_title":"Oslo, Bilan de la Conf\u00e9rence intergouvernementale sur les cons\u00e9quences humanitaires des armes nucl\u00e9aires","og_description":"Par Jean-Marie Collin,\u00a0\u201cBlog D\u00e9fense et G\u00e9opolitique, Alternatives-Internationales\u201d Lors de la seconde journ\u00e9e, une id\u00e9e s\u2019est impos\u00e9e : \u00ab\u00a0nous ne","og_url":"https:\/\/www.pressenza.com\/fr\/2013\/03\/bilan-de-la-conference-intergouvernementale-sur-les-consequences-humanitaires-des-armes-nucleaires-doslo\/","og_site_name":"Pressenza","article_publisher":"https:\/\/www.facebook.com\/PressenzaItalia","article_published_time":"2013-03-07T23:35:54+00:00","article_modified_time":"2013-03-07T23:36:47+00:00","og_image":[{"width":450,"height":240,"url":"https:\/\/www.pressenza.com\/wp-content\/uploads\/2013\/03\/bilan-conference-Oslo.jpg","type":"image\/jpeg"}],"author":"R\u00e9daction France","twitter_card":"summary_large_image","twitter_creator":"@PressenzaIPA","twitter_site":"@PressenzaIPA","twitter_misc":{"\u00c9crit par":"R\u00e9daction France","Dur\u00e9e de lecture estim\u00e9e":"3 minutes"},"schema":{"@context":"https:\/\/schema.org","@graph":[{"@type":"Article","@id":"https:\/\/www.pressenza.com\/fr\/2013\/03\/bilan-de-la-conference-intergouvernementale-sur-les-consequences-humanitaires-des-armes-nucleaires-doslo\/#article","isPartOf":{"@id":"https:\/\/www.pressenza.com\/fr\/2013\/03\/bilan-de-la-conference-intergouvernementale-sur-les-consequences-humanitaires-des-armes-nucleaires-doslo\/"},"author":{"name":"R\u00e9daction France","@id":"https:\/\/www.pressenza.com\/fr\/#\/schema\/person\/3c9fe6670cc2cffbd37562f87b98e869"},"headline":"Oslo, Bilan de la Conf\u00e9rence intergouvernementale sur les cons\u00e9quences humanitaires des armes nucl\u00e9aires","datePublished":"2013-03-07T23:35:54+00:00","dateModified":"2013-03-07T23:36:47+00:00","mainEntityOfPage":{"@id":"https:\/\/www.pressenza.com\/fr\/2013\/03\/bilan-de-la-conference-intergouvernementale-sur-les-consequences-humanitaires-des-armes-nucleaires-doslo\/"},"wordCount":666,"publisher":{"@id":"https:\/\/www.pressenza.com\/fr\/#organization"},"image":{"@id":"https:\/\/www.pressenza.com\/fr\/2013\/03\/bilan-de-la-conference-intergouvernementale-sur-les-consequences-humanitaires-des-armes-nucleaires-doslo\/#primaryimage"},"thumbnailUrl":"https:\/\/www.pressenza.com\/wp-content\/uploads\/2013\/03\/bilan-conference-Oslo.jpg","keywords":["D\u00e9sarmement humanitaire","Norv\u00e8ge"],"articleSection":["International","Paix et D\u00e9sarmement"],"inLanguage":"fr-FR"},{"@type":"WebPage","@id":"https:\/\/www.pressenza.com\/fr\/2013\/03\/bilan-de-la-conference-intergouvernementale-sur-les-consequences-humanitaires-des-armes-nucleaires-doslo\/","url":"https:\/\/www.pressenza.com\/fr\/2013\/03\/bilan-de-la-conference-intergouvernementale-sur-les-consequences-humanitaires-des-armes-nucleaires-doslo\/","name":"Oslo, Bilan de la Conf\u00e9rence intergouvernementale sur les cons\u00e9quences humanitaires des armes nucl\u00e9aires","isPartOf":{"@id":"https:\/\/www.pressenza.com\/fr\/#website"},"primaryImageOfPage":{"@id":"https:\/\/www.pressenza.com\/fr\/2013\/03\/bilan-de-la-conference-intergouvernementale-sur-les-consequences-humanitaires-des-armes-nucleaires-doslo\/#primaryimage"},"image":{"@id":"https:\/\/www.pressenza.com\/fr\/2013\/03\/bilan-de-la-conference-intergouvernementale-sur-les-consequences-humanitaires-des-armes-nucleaires-doslo\/#primaryimage"},"thumbnailUrl":"https:\/\/www.pressenza.com\/wp-content\/uploads\/2013\/03\/bilan-conference-Oslo.jpg","datePublished":"2013-03-07T23:35:54+00:00","dateModified":"2013-03-07T23:36:47+00:00","description":"Par Jean-Marie Collin,\u00a0\u201cBlog D\u00e9fense et G\u00e9opolitique, Alternatives-Internationales\u201d Lors de la seconde journ\u00e9e, une id\u00e9e s\u2019est impos\u00e9e : \u00ab\u00a0nous ne","breadcrumb":{"@id":"https:\/\/www.pressenza.com\/fr\/2013\/03\/bilan-de-la-conference-intergouvernementale-sur-les-consequences-humanitaires-des-armes-nucleaires-doslo\/#breadcrumb"},"inLanguage":"fr-FR","potentialAction":[{"@type":"ReadAction","target":["https:\/\/www.pressenza.com\/fr\/2013\/03\/bilan-de-la-conference-intergouvernementale-sur-les-consequences-humanitaires-des-armes-nucleaires-doslo\/"]}]},{"@type":"ImageObject","inLanguage":"fr-FR","@id":"https:\/\/www.pressenza.com\/fr\/2013\/03\/bilan-de-la-conference-intergouvernementale-sur-les-consequences-humanitaires-des-armes-nucleaires-doslo\/#primaryimage","url":"https:\/\/www.pressenza.com\/wp-content\/uploads\/2013\/03\/bilan-conference-Oslo.jpg","contentUrl":"https:\/\/www.pressenza.com\/wp-content\/uploads\/2013\/03\/bilan-conference-Oslo.jpg","width":450,"height":240},{"@type":"BreadcrumbList","@id":"https:\/\/www.pressenza.com\/fr\/2013\/03\/bilan-de-la-conference-intergouvernementale-sur-les-consequences-humanitaires-des-armes-nucleaires-doslo\/#breadcrumb","itemListElement":[{"@type":"ListItem","position":1,"name":"Accueil","item":"https:\/\/www.pressenza.com\/fr\/"},{"@type":"ListItem","position":2,"name":"Oslo, Bilan de la Conf\u00e9rence intergouvernementale sur les cons\u00e9quences humanitaires des armes nucl\u00e9aires"}]},{"@type":"WebSite","@id":"https:\/\/www.pressenza.com\/fr\/#website","url":"https:\/\/www.pressenza.com\/fr\/","name":"Pressenza","description":"International Press Agency","publisher":{"@id":"https:\/\/www.pressenza.com\/fr\/#organization"},"potentialAction":[{"@type":"SearchAction","target":{"@type":"EntryPoint","urlTemplate":"https:\/\/www.pressenza.com\/fr\/?s={search_term_string}"},"query-input":{"@type":"PropertyValueSpecification","valueRequired":true,"valueName":"search_term_string"}}],"inLanguage":"fr-FR"},{"@type":"Organization","@id":"https:\/\/www.pressenza.com\/fr\/#organization","name":"Pressenza","url":"https:\/\/www.pressenza.com\/fr\/","logo":{"@type":"ImageObject","inLanguage":"fr-FR","@id":"https:\/\/www.pressenza.com\/fr\/#\/schema\/logo\/image\/","url":"https:\/\/www.pressenza.com\/wp-content\/uploads\/2022\/10\/pressenza_logo_200x200.jpg","contentUrl":"https:\/\/www.pressenza.com\/wp-content\/uploads\/2022\/10\/pressenza_logo_200x200.jpg","width":200,"height":200,"caption":"Pressenza"},"image":{"@id":"https:\/\/www.pressenza.com\/fr\/#\/schema\/logo\/image\/"},"sameAs":["https:\/\/www.facebook.com\/PressenzaItalia","https:\/\/x.com\/PressenzaIPA"]},{"@type":"Person","@id":"https:\/\/www.pressenza.com\/fr\/#\/schema\/person\/3c9fe6670cc2cffbd37562f87b98e869","name":"R\u00e9daction France","description":"News published by the Pressenza bureau in France","sameAs":["http:\/\/www.pressenza.com\/fr"],"url":"https:\/\/www.pressenza.com\/fr\/author\/redactionfrance\/"}]}},"place":"Oslo, Norv\u00e8ge","original_article_url":"","_links":{"self":[{"href":"https:\/\/www.pressenza.com\/fr\/wp-json\/wp\/v2\/posts\/41844","targetHints":{"allow":["GET"]}}],"collection":[{"href":"https:\/\/www.pressenza.com\/fr\/wp-json\/wp\/v2\/posts"}],"about":[{"href":"https:\/\/www.pressenza.com\/fr\/wp-json\/wp\/v2\/types\/post"}],"author":[{"embeddable":true,"href":"https:\/\/www.pressenza.com\/fr\/wp-json\/wp\/v2\/users\/926"}],"replies":[{"embeddable":true,"href":"https:\/\/www.pressenza.com\/fr\/wp-json\/wp\/v2\/comments?post=41844"}],"version-history":[{"count":0,"href":"https:\/\/www.pressenza.com\/fr\/wp-json\/wp\/v2\/posts\/41844\/revisions"}],"wp:featuredmedia":[{"embeddable":true,"href":"https:\/\/www.pressenza.com\/fr\/wp-json\/wp\/v2\/media\/41848"}],"wp:attachment":[{"href":"https:\/\/www.pressenza.com\/fr\/wp-json\/wp\/v2\/media?parent=41844"}],"wp:term":[{"taxonomy":"category","embeddable":true,"href":"https:\/\/www.pressenza.com\/fr\/wp-json\/wp\/v2\/categories?post=41844"},{"taxonomy":"post_tag","embeddable":true,"href":"https:\/\/www.pressenza.com\/fr\/wp-json\/wp\/v2\/tags?post=41844"}],"curies":[{"name":"wp","href":"https:\/\/api.w.org\/{rel}","templated":true}]}}