{"id":415237,"date":"2017-01-03T02:07:13","date_gmt":"2017-01-03T02:07:13","guid":{"rendered":"http:\/\/www.pressenza.com\/fr\/?p=415237"},"modified":"2017-01-03T02:07:13","modified_gmt":"2017-01-03T02:07:13","slug":"bilan-2016-les-premiers-eclairs-de-lorage-du-desordre-mondial","status":"publish","type":"post","link":"https:\/\/www.pressenza.com\/fr\/2017\/01\/bilan-2016-les-premiers-eclairs-de-lorage-du-desordre-mondial\/","title":{"rendered":"Bilan 2016 : les premiers \u00e9clairs de l\u2019orage du d\u00e9sordre mondial"},"content":{"rendered":"<p><strong>Par <span class=\"vcard author\"><a class=\"url fn spip_in\" href=\"http:\/\/www.elcorreo.eu.org\/Raul-Zibechi\">Ra\u00fal Zibechi<\/a>\u00a0(*) pour\u00a0<a class=\"spip_out\" href=\"http:\/\/www.jornada.unam.mx\/\" rel=\"external\">La Jornada<\/a><\/span><\/strong><\/p>\n<p>L\u2019orage approche. Les gros nuages obscurs qu\u2019on voyait \u00e0 l\u2019horizon deviennent des rafales de vent\u00a0; \u00c9clatent, les \u00e9clairs qui annoncent l\u2019imminence de la temp\u00eate. La discussion quant au fait qu\u2019arrive ou non un orage n\u2019a plus d\u2019importance devant l\u2019urgence de d\u00e9finir comment agir devant des situations d\u2019urgence. Tel est, \u00e0 grands traits, le message que nous laisse 2016, ann\u00e9e durant laquelle ont commenc\u00e9 \u00e0 se faire sentir les premiers signes de ce qui est d\u00e9j\u00e0 l\u00e0.<\/p>\n<p>Nous pouvons \u00e9num\u00e9rer m\u00eame certaines des caract\u00e9ristiques que prend cet orage. Le triomphe du Brexit au Royaume-Uni, la progression de l\u2019extr\u00eame droite et du racisme anti immigrant, avec la possibilit\u00e9 de ce qu\u2019ils arrivent au gouvernement en France, voil\u00e0 quelques unes de ses principales manifestations europ\u00e9ennes.<\/p>\n<p>Le coup d\u2019\u00c9tat \u00e9chou\u00e9 en Turquie et la d\u00e9stabilisation croissante du Moyen-Orient, o\u00f9 la violence devient le mode presque unique de r\u00e9solution des conflits. L\u2019intervention de toutes les puissances dans le sc\u00e9nario le plus chaud du monde, y compris la Russie et la Chine, en d\u00e9fense de leurs int\u00e9r\u00eats nationaux. La terrible, et pass\u00e9e sous silence, guerre au Y\u00e9men, o\u00f9 l\u2019Arabie Saoudite perp\u00e8tre des crimes des Droit de l\u2019homme sans que l\u2019Occident n\u2019\u00e9l\u00e8ve la voix.<\/p>\n<p>Le triomphe de Donald Trump et le virage antichinois de Washington, avec de fortes \u00e9ventualit\u00e9s qu\u2019un conflit majeur ait lieu dans la Mer du Sud de la Chine, sc\u00e9nario strat\u00e9gique par o\u00f9 s\u2019\u00e9coule la plupart du commerce ext\u00e9rieur de la puissance asiatique et o\u00f9 naviguent les grands bateaux qui la fournissent en p\u00e9trole. L\u2019 \u00ab\u00a0avantage\u00a0\u00bb du triomphe de Trump est qu\u2019il emp\u00eache de cacher la d\u00e9cadence strat\u00e9gique et la d\u00e9b\u00e2cle morale de la superpuissance.<\/p>\n<p>En Am\u00e9rique Latine, 2016 fut l\u2019ann\u00e9e dans laquelle les droites sont arriv\u00e9es au gouvernement dans deux pays cl\u00e9s\u00a0: L\u2019Argentine et le Br\u00e9sil. La paix en Colombie est un sujet en suspens, \u00e9tant donn\u00e9 que la signature de l\u2019accord entre le gouvernement et les FARC n\u2019emp\u00eache pas que les militants sociaux continuent d\u2019\u00eatre assassin\u00e9s, d\u00e9passant largement la centaine de morts au cours des derni\u00e8res ann\u00e9es. Au Venezuela, se croisent la volont\u00e9 de destitution de l\u2019opposition avec l\u2019incapacit\u00e9 du gouvernement \u00e0 stabiliser le pays.<\/p>\n<p>Le tour conservateur est juste conjoncturel. Ce qui est fondamental, c\u2019est que les gouvernements perdent l\u00e9gitimit\u00e9 et que la stabilit\u00e9 s\u2019\u00e9vapore \u00e0 une vitesse impensable les ann\u00e9es pr\u00e9c\u00e9dents. Des crises de l\u00e9gitimit\u00e9 qui se trouvent aggrav\u00e9es devant la persistance des crises \u00e9conomiques et de l\u2019augmentation de la d\u00e9j\u00e0 gigantesque in\u00e9galit\u00e9.<\/p>\n<p>Dans chacun de ces scenarios les secteurs populaires sont les plus affect\u00e9s. Cependant, nous sommes \u00e0 peine devant la premi\u00e8re partie de l\u2019orage, qui sans doute, va s\u2019approfondir au cours des prochaines ann\u00e9es. Je voudrais commenter trois aspects de cette temp\u00eate qui peut enterrer le capitalisme, mais qui plane aussi comme une menace terrible sur les peuples.<\/p>\n<p>Le premier aspect, est que nous sommes devant un orage syst\u00e9mique, qui n\u2019est pas conjoncturel. Ce n\u2019est pas une crise qui sera d\u00e9pass\u00e9e par l\u2019introduction de quelques changements afin que tout revienne \u00e0 la normalit\u00e9. Par cons\u00e9quent, les solutions seront syst\u00e9miques ou tout continuera de la m\u00eame fa\u00e7on. Le mod\u00e8le d\u2019extraction des ressources naturelles genre quatri\u00e8me guerre mondiale a \u00e9rod\u00e9 les Etats Nation, a d\u00e9sorganis\u00e9 les soci\u00e9t\u00e9s, fait \u00e9vaporer les autorit\u00e9s et d\u00e9mis toutes les variables du syst\u00e8me monde, y compris les partis de gauche et les syndicats.<\/p>\n<blockquote><p>Cela veut dire que nous ne pourrons d\u00e9j\u00e0 plus nous appuyer sur les vieilles institutions l\u00e9gu\u00e9es par un syst\u00e8me monde lui aussi d\u00e9sarticul\u00e9, mais nous devons nous efforcer \u00e0 en cr\u00e9er de nouvelles, capables de se maintenir et de naviguer dans cette p\u00e9riode d\u2019orages aigus. Comme cela arrive toujours, les cultures politiques sont tr\u00e8s r\u00e9sistantes aux changements et refusent d\u2019\u00eatre d\u00e9plac\u00e9es par ce qui est nouveau.<\/p><\/blockquote>\n<p>\u00c0 son tour, ce qui est nouveau est souvent peu consistant ou est consid\u00e9r\u00e9 comme pas vraiment utile par les vieilles cultures n\u00e9crotiques\u00a0; mais ce d\u00e9saccord est in\u00e9vitable, fait une partie de la temp\u00eate en cours et ne mollira pas avant un bon moment. Par cons\u00e9quent, il faudra avoir beaucoup de patience pour ne pas r\u00e9pondre avec crispation aux provocations.<\/p>\n<p>Le deuxi\u00e8me aspect est une question\u00a0: qui va nous prot\u00e9ger maintenant que les Etats et les institutions du syst\u00e8me monde sont incapables de le faire\u00a0? C\u2019est une question qu\u2019 Immanuel Wallerstein a formul\u00e9e il y a vingt ans et on a beaucoup avanc\u00e9 sur cette direction, bien que cela soit encore insuffisant. La r\u00e9ponse est\u00a0: nous, avec nos propres forces, chaque fois que nous sommes organis\u00e9s. C\u2019est \u00e0 dire, collectivement.<\/p>\n<p>Dans ce sens, nous devrions r\u00e9fl\u00e9chir aux droits de l\u2019homme. Aucun \u00e9tat, aucune institution, aucun gouvernement ne va d\u00e9fendre la vie de ceux d\u2019en bas. Soit parce qu\u2019ils ne le veulent pas, soit parce qu\u2019ils ne le peuvent pas. Soit pour les deux raisons en m\u00eame temps. Au Mexique, par exemple, les parents et les amis des <a class=\"spip_out\" href=\"https:\/\/fr.wikipedia.org\/wiki\/Enl%C3%A8vements_d'Iguala\" rel=\"external\">43 de Ayotzinapa<\/a> savent que justice ne sera pas faite. Le raisonnement est bien simple. Si l\u2019\u00c9tat fut le responsable des disparitions, cela ne peut pas \u00eatre le m\u00eame \u00c9tat qui fasse justice. Faire justice, c\u2019est d\u00e9passer les causes de la politique de g\u00e9nocide. Ou bien, mettre fin \u00e0 la quatri\u00e8me guerre mondiale \/ accumulation par spoliation.<\/p>\n<p>Le troisi\u00e8me aspect r\u00e9side dans le comment. Dans les chemins que nous allons prendre pour contourner cet orage. C\u2019est, donc, une question de longue haleine, strat\u00e9gique ou comment on veut la nommer. Mais les strat\u00e9gies ne s\u2019inventent pas. Il s\u2019agit de syst\u00e9matiser ce que les peuples font pour survivre.<\/p>\n<blockquote><p>Ce que nous voyons est un double travail se concentrant sur r\u00e9sister et cr\u00e9er, sur se d\u00e9fendre des cavaliers de la mort et recr\u00e9er et reproduire la vie. Ce n\u2019est pas quelque chose de nouveau, ce n\u2019est pas autre chose que le bon sens des peuples aux quatre coins du monde. De Rojava dans le Kurdistan syrien au Chiapas au Mexique, en passant par tout les endroits o\u00f9 on peut imaginer, on r\u00e9siste et on cr\u00e9\u00e9 ou, si on pr\u00e9f\u00e8re, on r\u00e9siste en cr\u00e9ant en se basant sur l\u2019organisation collective.<\/p><\/blockquote>\n<p>L\u2019autonomie est, par cons\u00e9quent, un imp\u00e9ratif de circonstances, non une option simple de tel ou telle autre courant id\u00e9ologique. Si nous ne sommes pas autonomes, nous ne pourrons pas ni construire ni r\u00e9sister. Aujourd\u2019hui plus que jamais, la vie est synonyme d\u2019autonomie.<\/p>\n<p>&nbsp;<\/p>\n<p><strong>(*) L&rsquo;auteur :\u00a0<\/strong><strong>Ra\u00fal Zibechi,\u00a0<\/strong>Journaliste uruguayen, est enseignant et chercheur \u00e0 la Multiversidad Franciscana de l\u2019Am\u00e9rique Latine, et le conseiller de plusieurs groupes sociaux.<\/p>\n<p>Traduit de l\u2019espagnol pour <a class=\"spip_out\" href=\"http:\/\/www.elcorreo.eu.org\/Balance-2016-los-primeros-relampagos-de-la-tormenta-del-desorden-mundial\"><i>El Correo de la Di\u00e1spora<\/i><\/a> par\u00a0: Estelle et Carlos Debiasi<\/p>\n","protected":false},"excerpt":{"rendered":"<p>Par Ra\u00fal Zibechi\u00a0(*) pour\u00a0La Jornada L\u2019orage approche. Les gros nuages obscurs qu\u2019on voyait \u00e0 l\u2019horizon deviennent des rafales de vent\u00a0; \u00c9clatent, les \u00e9clairs qui annoncent l\u2019imminence de la temp\u00eate. La discussion quant au fait qu\u2019arrive ou non un orage n\u2019a&hellip;<\/p>\n","protected":false},"author":926,"featured_media":415265,"comment_status":"closed","ping_status":"closed","sticky":false,"template":"","format":"standard","meta":{"footnotes":""},"categories":[40,163,93],"tags":[8261,33951,33952],"class_list":["post-415237","post","type-post","status-publish","format-standard","has-post-thumbnail","hentry","category-international-fr","category-opinion-fr","category-politique","tag-autonomie","tag-bilan-2016","tag-desordre-mondial"],"yoast_head":"<!-- This site is optimized with the Yoast SEO plugin v27.1.1 - https:\/\/yoast.com\/product\/yoast-seo-wordpress\/ -->\n<title>Bilan 2016 : les premiers \u00e9clairs de l\u2019orage du d\u00e9sordre mondial<\/title>\n<meta name=\"description\" content=\"Par Ra\u00fal Zibechi\u00a0(*) pour\u00a0La Jornada L\u2019orage approche. Les gros nuages obscurs qu\u2019on voyait \u00e0 l\u2019horizon deviennent des rafales de vent\u00a0; \u00c9clatent, les\" \/>\n<meta name=\"robots\" content=\"index, follow, max-snippet:-1, max-image-preview:large, max-video-preview:-1\" \/>\n<link rel=\"canonical\" href=\"https:\/\/www.pressenza.com\/fr\/2017\/01\/bilan-2016-les-premiers-eclairs-de-lorage-du-desordre-mondial\/\" \/>\n<meta property=\"og:locale\" content=\"fr_FR\" \/>\n<meta property=\"og:type\" content=\"article\" \/>\n<meta property=\"og:title\" content=\"Bilan 2016 : les premiers \u00e9clairs de l\u2019orage du d\u00e9sordre mondial\" \/>\n<meta property=\"og:description\" content=\"Par Ra\u00fal Zibechi\u00a0(*) pour\u00a0La Jornada L\u2019orage approche. Les gros nuages obscurs qu\u2019on voyait \u00e0 l\u2019horizon deviennent des rafales de vent\u00a0; \u00c9clatent, les\" \/>\n<meta property=\"og:url\" content=\"https:\/\/www.pressenza.com\/fr\/2017\/01\/bilan-2016-les-premiers-eclairs-de-lorage-du-desordre-mondial\/\" \/>\n<meta property=\"og:site_name\" content=\"Pressenza\" \/>\n<meta property=\"article:publisher\" content=\"https:\/\/www.facebook.com\/PressenzaItalia\" \/>\n<meta property=\"article:published_time\" content=\"2017-01-03T02:07:13+00:00\" \/>\n<meta property=\"og:image\" content=\"https:\/\/www.pressenza.com\/wp-content\/uploads\/2017\/01\/demain-commence-ici-Bilan-2016-les-premiers---clairs-de-l---orage-du-d--sordre-mondial.jpg\" \/>\n\t<meta property=\"og:image:width\" content=\"798\" \/>\n\t<meta property=\"og:image:height\" content=\"444\" \/>\n\t<meta property=\"og:image:type\" content=\"image\/jpeg\" \/>\n<meta name=\"author\" content=\"R\u00e9daction France\" \/>\n<meta name=\"twitter:card\" content=\"summary_large_image\" \/>\n<meta name=\"twitter:creator\" content=\"@PressenzaIPA\" \/>\n<meta name=\"twitter:site\" content=\"@PressenzaIPA\" \/>\n<meta name=\"twitter:label1\" content=\"\u00c9crit par\" \/>\n\t<meta name=\"twitter:data1\" content=\"R\u00e9daction France\" \/>\n\t<meta name=\"twitter:label2\" content=\"Dur\u00e9e de lecture estim\u00e9e\" \/>\n\t<meta name=\"twitter:data2\" content=\"6 minutes\" \/>\n<script type=\"application\/ld+json\" class=\"yoast-schema-graph\">{\"@context\":\"https:\/\/schema.org\",\"@graph\":[{\"@type\":\"Article\",\"@id\":\"https:\/\/www.pressenza.com\/fr\/2017\/01\/bilan-2016-les-premiers-eclairs-de-lorage-du-desordre-mondial\/#article\",\"isPartOf\":{\"@id\":\"https:\/\/www.pressenza.com\/fr\/2017\/01\/bilan-2016-les-premiers-eclairs-de-lorage-du-desordre-mondial\/\"},\"author\":{\"name\":\"R\u00e9daction France\",\"@id\":\"https:\/\/www.pressenza.com\/fr\/#\/schema\/person\/3c9fe6670cc2cffbd37562f87b98e869\"},\"headline\":\"Bilan 2016 : les premiers \u00e9clairs de l\u2019orage du d\u00e9sordre mondial\",\"datePublished\":\"2017-01-03T02:07:13+00:00\",\"mainEntityOfPage\":{\"@id\":\"https:\/\/www.pressenza.com\/fr\/2017\/01\/bilan-2016-les-premiers-eclairs-de-lorage-du-desordre-mondial\/\"},\"wordCount\":1256,\"publisher\":{\"@id\":\"https:\/\/www.pressenza.com\/fr\/#organization\"},\"image\":{\"@id\":\"https:\/\/www.pressenza.com\/fr\/2017\/01\/bilan-2016-les-premiers-eclairs-de-lorage-du-desordre-mondial\/#primaryimage\"},\"thumbnailUrl\":\"https:\/\/www.pressenza.com\/wp-content\/uploads\/2017\/01\/demain-commence-ici-Bilan-2016-les-premiers---clairs-de-l---orage-du-d--sordre-mondial.jpg\",\"keywords\":[\"autonomie\",\"Bilan 2016\",\"d\u00e9sordre mondial\"],\"articleSection\":[\"International\",\"Opinion\",\"Politique\"],\"inLanguage\":\"fr-FR\"},{\"@type\":\"WebPage\",\"@id\":\"https:\/\/www.pressenza.com\/fr\/2017\/01\/bilan-2016-les-premiers-eclairs-de-lorage-du-desordre-mondial\/\",\"url\":\"https:\/\/www.pressenza.com\/fr\/2017\/01\/bilan-2016-les-premiers-eclairs-de-lorage-du-desordre-mondial\/\",\"name\":\"Bilan 2016 : les premiers \u00e9clairs de l\u2019orage du d\u00e9sordre mondial\",\"isPartOf\":{\"@id\":\"https:\/\/www.pressenza.com\/fr\/#website\"},\"primaryImageOfPage\":{\"@id\":\"https:\/\/www.pressenza.com\/fr\/2017\/01\/bilan-2016-les-premiers-eclairs-de-lorage-du-desordre-mondial\/#primaryimage\"},\"image\":{\"@id\":\"https:\/\/www.pressenza.com\/fr\/2017\/01\/bilan-2016-les-premiers-eclairs-de-lorage-du-desordre-mondial\/#primaryimage\"},\"thumbnailUrl\":\"https:\/\/www.pressenza.com\/wp-content\/uploads\/2017\/01\/demain-commence-ici-Bilan-2016-les-premiers---clairs-de-l---orage-du-d--sordre-mondial.jpg\",\"datePublished\":\"2017-01-03T02:07:13+00:00\",\"description\":\"Par Ra\u00fal Zibechi\u00a0(*) pour\u00a0La Jornada L\u2019orage approche. Les gros nuages obscurs qu\u2019on voyait \u00e0 l\u2019horizon deviennent des rafales de vent\u00a0; \u00c9clatent, les\",\"breadcrumb\":{\"@id\":\"https:\/\/www.pressenza.com\/fr\/2017\/01\/bilan-2016-les-premiers-eclairs-de-lorage-du-desordre-mondial\/#breadcrumb\"},\"inLanguage\":\"fr-FR\",\"potentialAction\":[{\"@type\":\"ReadAction\",\"target\":[\"https:\/\/www.pressenza.com\/fr\/2017\/01\/bilan-2016-les-premiers-eclairs-de-lorage-du-desordre-mondial\/\"]}]},{\"@type\":\"ImageObject\",\"inLanguage\":\"fr-FR\",\"@id\":\"https:\/\/www.pressenza.com\/fr\/2017\/01\/bilan-2016-les-premiers-eclairs-de-lorage-du-desordre-mondial\/#primaryimage\",\"url\":\"https:\/\/www.pressenza.com\/wp-content\/uploads\/2017\/01\/demain-commence-ici-Bilan-2016-les-premiers---clairs-de-l---orage-du-d--sordre-mondial.jpg\",\"contentUrl\":\"https:\/\/www.pressenza.com\/wp-content\/uploads\/2017\/01\/demain-commence-ici-Bilan-2016-les-premiers---clairs-de-l---orage-du-d--sordre-mondial.jpg\",\"width\":798,\"height\":444},{\"@type\":\"BreadcrumbList\",\"@id\":\"https:\/\/www.pressenza.com\/fr\/2017\/01\/bilan-2016-les-premiers-eclairs-de-lorage-du-desordre-mondial\/#breadcrumb\",\"itemListElement\":[{\"@type\":\"ListItem\",\"position\":1,\"name\":\"Accueil\",\"item\":\"https:\/\/www.pressenza.com\/fr\/\"},{\"@type\":\"ListItem\",\"position\":2,\"name\":\"Bilan 2016 : les premiers \u00e9clairs de l\u2019orage du d\u00e9sordre mondial\"}]},{\"@type\":\"WebSite\",\"@id\":\"https:\/\/www.pressenza.com\/fr\/#website\",\"url\":\"https:\/\/www.pressenza.com\/fr\/\",\"name\":\"Pressenza\",\"description\":\"International Press Agency\",\"publisher\":{\"@id\":\"https:\/\/www.pressenza.com\/fr\/#organization\"},\"potentialAction\":[{\"@type\":\"SearchAction\",\"target\":{\"@type\":\"EntryPoint\",\"urlTemplate\":\"https:\/\/www.pressenza.com\/fr\/?s={search_term_string}\"},\"query-input\":{\"@type\":\"PropertyValueSpecification\",\"valueRequired\":true,\"valueName\":\"search_term_string\"}}],\"inLanguage\":\"fr-FR\"},{\"@type\":\"Organization\",\"@id\":\"https:\/\/www.pressenza.com\/fr\/#organization\",\"name\":\"Pressenza\",\"url\":\"https:\/\/www.pressenza.com\/fr\/\",\"logo\":{\"@type\":\"ImageObject\",\"inLanguage\":\"fr-FR\",\"@id\":\"https:\/\/www.pressenza.com\/fr\/#\/schema\/logo\/image\/\",\"url\":\"https:\/\/www.pressenza.com\/wp-content\/uploads\/2022\/10\/pressenza_logo_200x200.jpg\",\"contentUrl\":\"https:\/\/www.pressenza.com\/wp-content\/uploads\/2022\/10\/pressenza_logo_200x200.jpg\",\"width\":200,\"height\":200,\"caption\":\"Pressenza\"},\"image\":{\"@id\":\"https:\/\/www.pressenza.com\/fr\/#\/schema\/logo\/image\/\"},\"sameAs\":[\"https:\/\/www.facebook.com\/PressenzaItalia\",\"https:\/\/x.com\/PressenzaIPA\"]},{\"@type\":\"Person\",\"@id\":\"https:\/\/www.pressenza.com\/fr\/#\/schema\/person\/3c9fe6670cc2cffbd37562f87b98e869\",\"name\":\"R\u00e9daction France\",\"description\":\"News published by the Pressenza bureau in France\",\"sameAs\":[\"http:\/\/www.pressenza.com\/fr\"],\"url\":\"https:\/\/www.pressenza.com\/fr\/author\/redactionfrance\/\"}]}<\/script>\n<!-- \/ Yoast SEO plugin. -->","yoast_head_json":{"title":"Bilan 2016 : les premiers \u00e9clairs de l\u2019orage du d\u00e9sordre mondial","description":"Par Ra\u00fal Zibechi\u00a0(*) pour\u00a0La Jornada L\u2019orage approche. Les gros nuages obscurs qu\u2019on voyait \u00e0 l\u2019horizon deviennent des rafales de vent\u00a0; \u00c9clatent, les","robots":{"index":"index","follow":"follow","max-snippet":"max-snippet:-1","max-image-preview":"max-image-preview:large","max-video-preview":"max-video-preview:-1"},"canonical":"https:\/\/www.pressenza.com\/fr\/2017\/01\/bilan-2016-les-premiers-eclairs-de-lorage-du-desordre-mondial\/","og_locale":"fr_FR","og_type":"article","og_title":"Bilan 2016 : les premiers \u00e9clairs de l\u2019orage du d\u00e9sordre mondial","og_description":"Par Ra\u00fal Zibechi\u00a0(*) pour\u00a0La Jornada L\u2019orage approche. Les gros nuages obscurs qu\u2019on voyait \u00e0 l\u2019horizon deviennent des rafales de vent\u00a0; \u00c9clatent, les","og_url":"https:\/\/www.pressenza.com\/fr\/2017\/01\/bilan-2016-les-premiers-eclairs-de-lorage-du-desordre-mondial\/","og_site_name":"Pressenza","article_publisher":"https:\/\/www.facebook.com\/PressenzaItalia","article_published_time":"2017-01-03T02:07:13+00:00","og_image":[{"width":798,"height":444,"url":"https:\/\/www.pressenza.com\/wp-content\/uploads\/2017\/01\/demain-commence-ici-Bilan-2016-les-premiers---clairs-de-l---orage-du-d--sordre-mondial.jpg","type":"image\/jpeg"}],"author":"R\u00e9daction France","twitter_card":"summary_large_image","twitter_creator":"@PressenzaIPA","twitter_site":"@PressenzaIPA","twitter_misc":{"\u00c9crit par":"R\u00e9daction France","Dur\u00e9e de lecture estim\u00e9e":"6 minutes"},"schema":{"@context":"https:\/\/schema.org","@graph":[{"@type":"Article","@id":"https:\/\/www.pressenza.com\/fr\/2017\/01\/bilan-2016-les-premiers-eclairs-de-lorage-du-desordre-mondial\/#article","isPartOf":{"@id":"https:\/\/www.pressenza.com\/fr\/2017\/01\/bilan-2016-les-premiers-eclairs-de-lorage-du-desordre-mondial\/"},"author":{"name":"R\u00e9daction France","@id":"https:\/\/www.pressenza.com\/fr\/#\/schema\/person\/3c9fe6670cc2cffbd37562f87b98e869"},"headline":"Bilan 2016 : les premiers \u00e9clairs de l\u2019orage du d\u00e9sordre mondial","datePublished":"2017-01-03T02:07:13+00:00","mainEntityOfPage":{"@id":"https:\/\/www.pressenza.com\/fr\/2017\/01\/bilan-2016-les-premiers-eclairs-de-lorage-du-desordre-mondial\/"},"wordCount":1256,"publisher":{"@id":"https:\/\/www.pressenza.com\/fr\/#organization"},"image":{"@id":"https:\/\/www.pressenza.com\/fr\/2017\/01\/bilan-2016-les-premiers-eclairs-de-lorage-du-desordre-mondial\/#primaryimage"},"thumbnailUrl":"https:\/\/www.pressenza.com\/wp-content\/uploads\/2017\/01\/demain-commence-ici-Bilan-2016-les-premiers---clairs-de-l---orage-du-d--sordre-mondial.jpg","keywords":["autonomie","Bilan 2016","d\u00e9sordre mondial"],"articleSection":["International","Opinion","Politique"],"inLanguage":"fr-FR"},{"@type":"WebPage","@id":"https:\/\/www.pressenza.com\/fr\/2017\/01\/bilan-2016-les-premiers-eclairs-de-lorage-du-desordre-mondial\/","url":"https:\/\/www.pressenza.com\/fr\/2017\/01\/bilan-2016-les-premiers-eclairs-de-lorage-du-desordre-mondial\/","name":"Bilan 2016 : les premiers \u00e9clairs de l\u2019orage du d\u00e9sordre mondial","isPartOf":{"@id":"https:\/\/www.pressenza.com\/fr\/#website"},"primaryImageOfPage":{"@id":"https:\/\/www.pressenza.com\/fr\/2017\/01\/bilan-2016-les-premiers-eclairs-de-lorage-du-desordre-mondial\/#primaryimage"},"image":{"@id":"https:\/\/www.pressenza.com\/fr\/2017\/01\/bilan-2016-les-premiers-eclairs-de-lorage-du-desordre-mondial\/#primaryimage"},"thumbnailUrl":"https:\/\/www.pressenza.com\/wp-content\/uploads\/2017\/01\/demain-commence-ici-Bilan-2016-les-premiers---clairs-de-l---orage-du-d--sordre-mondial.jpg","datePublished":"2017-01-03T02:07:13+00:00","description":"Par Ra\u00fal Zibechi\u00a0(*) pour\u00a0La Jornada L\u2019orage approche. Les gros nuages obscurs qu\u2019on voyait \u00e0 l\u2019horizon deviennent des rafales de vent\u00a0; \u00c9clatent, les","breadcrumb":{"@id":"https:\/\/www.pressenza.com\/fr\/2017\/01\/bilan-2016-les-premiers-eclairs-de-lorage-du-desordre-mondial\/#breadcrumb"},"inLanguage":"fr-FR","potentialAction":[{"@type":"ReadAction","target":["https:\/\/www.pressenza.com\/fr\/2017\/01\/bilan-2016-les-premiers-eclairs-de-lorage-du-desordre-mondial\/"]}]},{"@type":"ImageObject","inLanguage":"fr-FR","@id":"https:\/\/www.pressenza.com\/fr\/2017\/01\/bilan-2016-les-premiers-eclairs-de-lorage-du-desordre-mondial\/#primaryimage","url":"https:\/\/www.pressenza.com\/wp-content\/uploads\/2017\/01\/demain-commence-ici-Bilan-2016-les-premiers---clairs-de-l---orage-du-d--sordre-mondial.jpg","contentUrl":"https:\/\/www.pressenza.com\/wp-content\/uploads\/2017\/01\/demain-commence-ici-Bilan-2016-les-premiers---clairs-de-l---orage-du-d--sordre-mondial.jpg","width":798,"height":444},{"@type":"BreadcrumbList","@id":"https:\/\/www.pressenza.com\/fr\/2017\/01\/bilan-2016-les-premiers-eclairs-de-lorage-du-desordre-mondial\/#breadcrumb","itemListElement":[{"@type":"ListItem","position":1,"name":"Accueil","item":"https:\/\/www.pressenza.com\/fr\/"},{"@type":"ListItem","position":2,"name":"Bilan 2016 : les premiers \u00e9clairs de l\u2019orage du d\u00e9sordre mondial"}]},{"@type":"WebSite","@id":"https:\/\/www.pressenza.com\/fr\/#website","url":"https:\/\/www.pressenza.com\/fr\/","name":"Pressenza","description":"International Press Agency","publisher":{"@id":"https:\/\/www.pressenza.com\/fr\/#organization"},"potentialAction":[{"@type":"SearchAction","target":{"@type":"EntryPoint","urlTemplate":"https:\/\/www.pressenza.com\/fr\/?s={search_term_string}"},"query-input":{"@type":"PropertyValueSpecification","valueRequired":true,"valueName":"search_term_string"}}],"inLanguage":"fr-FR"},{"@type":"Organization","@id":"https:\/\/www.pressenza.com\/fr\/#organization","name":"Pressenza","url":"https:\/\/www.pressenza.com\/fr\/","logo":{"@type":"ImageObject","inLanguage":"fr-FR","@id":"https:\/\/www.pressenza.com\/fr\/#\/schema\/logo\/image\/","url":"https:\/\/www.pressenza.com\/wp-content\/uploads\/2022\/10\/pressenza_logo_200x200.jpg","contentUrl":"https:\/\/www.pressenza.com\/wp-content\/uploads\/2022\/10\/pressenza_logo_200x200.jpg","width":200,"height":200,"caption":"Pressenza"},"image":{"@id":"https:\/\/www.pressenza.com\/fr\/#\/schema\/logo\/image\/"},"sameAs":["https:\/\/www.facebook.com\/PressenzaItalia","https:\/\/x.com\/PressenzaIPA"]},{"@type":"Person","@id":"https:\/\/www.pressenza.com\/fr\/#\/schema\/person\/3c9fe6670cc2cffbd37562f87b98e869","name":"R\u00e9daction France","description":"News published by the Pressenza bureau in France","sameAs":["http:\/\/www.pressenza.com\/fr"],"url":"https:\/\/www.pressenza.com\/fr\/author\/redactionfrance\/"}]}},"place":"","original_article_url":"","_links":{"self":[{"href":"https:\/\/www.pressenza.com\/fr\/wp-json\/wp\/v2\/posts\/415237","targetHints":{"allow":["GET"]}}],"collection":[{"href":"https:\/\/www.pressenza.com\/fr\/wp-json\/wp\/v2\/posts"}],"about":[{"href":"https:\/\/www.pressenza.com\/fr\/wp-json\/wp\/v2\/types\/post"}],"author":[{"embeddable":true,"href":"https:\/\/www.pressenza.com\/fr\/wp-json\/wp\/v2\/users\/926"}],"replies":[{"embeddable":true,"href":"https:\/\/www.pressenza.com\/fr\/wp-json\/wp\/v2\/comments?post=415237"}],"version-history":[{"count":0,"href":"https:\/\/www.pressenza.com\/fr\/wp-json\/wp\/v2\/posts\/415237\/revisions"}],"wp:featuredmedia":[{"embeddable":true,"href":"https:\/\/www.pressenza.com\/fr\/wp-json\/wp\/v2\/media\/415265"}],"wp:attachment":[{"href":"https:\/\/www.pressenza.com\/fr\/wp-json\/wp\/v2\/media?parent=415237"}],"wp:term":[{"taxonomy":"category","embeddable":true,"href":"https:\/\/www.pressenza.com\/fr\/wp-json\/wp\/v2\/categories?post=415237"},{"taxonomy":"post_tag","embeddable":true,"href":"https:\/\/www.pressenza.com\/fr\/wp-json\/wp\/v2\/tags?post=415237"}],"curies":[{"name":"wp","href":"https:\/\/api.w.org\/{rel}","templated":true}]}}