{"id":393839,"date":"2016-11-07T01:29:01","date_gmt":"2016-11-07T01:29:01","guid":{"rendered":"http:\/\/www.pressenza.com\/fr\/?p=393839"},"modified":"2016-12-09T04:09:20","modified_gmt":"2016-12-09T04:09:20","slug":"liberte-milagro-sala-qui-est-milagro-sala","status":"publish","type":"post","link":"https:\/\/www.pressenza.com\/fr\/2016\/11\/liberte-milagro-sala-qui-est-milagro-sala\/","title":{"rendered":"[Libert\u00e9 pour Milagro Sala] Qui est Milagro Sala ?"},"content":{"rendered":"<p><strong>Libert\u00e9 pour\u00a0Milagro Sala, dirigeante du mouvement social Tupac Amaru et d\u00e9put\u00e9e du Parlasur, arr\u00eat\u00e9e de mani\u00e8re arbitraire depuis le 16 janvier 2016.<br \/>\nPremi\u00e8re prisonni\u00e8re politique de la gestion Macri.<\/strong><\/p>\n<p><strong>Qui est Milagro Sala ?<\/strong><\/p>\n<div>\n<p>Milagro Sala est une militante sociale, dirigeante de l\u2019organisation Tupac Amaru, active dans les r\u00e9gions les plus pauvres de la province de Jujuy, au nord de l\u2019Argentine. Elle a toujours \u00e9t\u00e9 discrimin\u00e9e \u00e0 cause de son appartenance ethnique et sa r\u00e9bellion.<\/p>\n<p>Dans les ann\u00e9es 90, pour r\u00e9pondre aux besoins d\u2019une population en situation de pauvret\u00e9 extr\u00eame dans la province de Jujuy, elle cr\u00e9e l\u2019organisation Tupac Amaru. A l\u2019origine la Tupac Amaru distribuait des go\u00fbters aux enfants pour lutter contre la malnutrition puis elle a entam\u00e9 la construction de quartiers en dur et de lieux de loisirs pour la communaut\u00e9.<\/p>\n<p>A l\u2019arriv\u00e9e de Nestor Kirchner \u00e0 la pr\u00e9sidence de l\u2019Argentine en 2003, l\u2019organisation s\u2019est vue attribuer des plans d\u2019aide et a pu d\u00e9velopper son projet d\u2019int\u00e9gration des plus d\u00e9munis. Des subventions lui ont \u00e9t\u00e9 propos\u00e9es afin de construire 200 logements, ce \u00e0 quoi Milagro Sala et son organisation ont r\u00e9pondu, \u00ab donnez nous l\u2019argent et nous nous en chargerons \u00bb. Son projet \u00e9tant alors d\u2019inciter les populations pauvres \u00e0 \u00eatre acteurs de leurs destins. Ce fut une r\u00e9ussite : avec ce financement re\u00e7u, 8000 logements sociaux ont \u00e9t\u00e9 construits, 120 coop\u00e9ratives productives ainsi que des centres sanitaires, des \u00e9coles, des centres culturels et des centres de loisirs. Ceci lui a valu le respect de tous et l\u2019incorporation de 70 000 membres \u00e0 l\u2019organisation.<\/p>\n<p><strong>Chronique d\u2019une d\u00e9tention<\/strong><\/p>\n<p>Milagro Sala n\u2019a \u00e0 ce jour aucun ant\u00e9c\u00e9dent judiciaire ni p\u00e9nal.<\/p>\n<p>Depuis l\u2019ascension au poste de gouverneur de la province de Jujuy le 10 d\u00e9cembre 2015 de Gerardo Morales \u2013 dirigeant du Parti Radical et membre de la coalition qui soutient le Pr\u00e9sident Mauricio Macri \u2013 Milagro Sala a demand\u00e9 \u00e0 \u00eatre re\u00e7ue afin de n\u00e9gocier les futures subventions dont devrait b\u00e9n\u00e9ficier l\u2019organisation. Elle n\u2019a pas \u00e9t\u00e9 entendue et l\u2019organisation a alors r\u00e9alis\u00e9 un sitting devant le si\u00e8ge du gouvernement provincial afin d\u2019\u00eatre re\u00e7us. En r\u00e9ponse, le premier acte du gouverneur Morales a \u00e9t\u00e9 de demander des renforts des forces de r\u00e9pression et a fait venir 150 gendarmes, 43 d\u2019entre eux d\u00e9c\u00e9d\u00e9s dans un accident de la circulation cons\u00e9quence de la h\u00e2te de l\u2019appel.<\/p>\n<p>A la demande du gouverneur, Milagro Sala a \u00e9t\u00e9 incarc\u00e9r\u00e9e pour incitation \u00e0 la violence le 16 janvier 2016. Le 29 janvier le juge d\u00e9clare sa lib\u00e9ration consid\u00e9rant l\u2019accusation nulle. Elle est \u00e0 nouveau incarc\u00e9r\u00e9e, accus\u00e9e cette fois de fraude \u00e0 l\u2019administration publique et association ill\u00e9gale. Une heure apr\u00e8s, s\u2019est ouvert un nouveau proc\u00e8s o\u00f9 elle a d\u00fb r\u00e9pondre aux accusations sans avoir le temps de pr\u00e9parer sa d\u00e9fense.<\/p>\n<p>Amnesty International, ainsi que le Comit\u00e9 des Droits de l\u2019Homme de l\u2019OEA (Organisation des Etats Am\u00e9ricains) ont exig\u00e9 sa lib\u00e9ration imm\u00e9diate, consid\u00e9rant que Milagro Sala n\u2019a fait qu\u2019exprimer son droit \u00e0 manifester. 27 parlementaires europ\u00e9ens ont \u00e9galement demand\u00e9 sa lib\u00e9ration. En Argentine, le Procuvin (instance contre la violence institutionnelle) le CELS (Centre d\u2019Etudes L\u00e9gales et Sociales) et plusieurs parlementaires et organisations de d\u00e9fense de Droits de l\u2019Homme ont d\u00e9nonc\u00e9 le caract\u00e8re ill\u00e9gitime de sa d\u00e9tention.<\/p>\n<p><strong>Des conditions de d\u00e9tention qui se d\u00e9t\u00e9riorent<\/strong><\/p>\n<p>Alors que dans l\u2019h\u00e9misph\u00e8re sud la p\u00e9riode hivernale a commenc\u00e9 Milagro Sala et les autres d\u00e9tenues de la prison des femmes de l\u2019Alto Comedero d\u00e9noncent \u00eatre priv\u00e9es d\u2019eau chaude et de chauffage depuis plus de 25 jours. De plus, les autorit\u00e9s p\u00e9nitentiaires refusent aux familles de fournir des v\u00eatements chauds.<\/p>\n<p>Deux autres militantes de la Tupac Amaru, Maria Molina et Jesus Elba Galarza, d\u00e9tenues depuis 20 jours d\u00e9noncent \u00e9galement ne pas avoir acc\u00e8s \u00e0 l\u2019eau chaude. Elles d\u00e9noncent \u00e9galement une politique de harc\u00e8lement de plus en plus violente \u00e0 l\u2019encontre des visiteurs.<\/p>\n<p>Bien que la suppression d\u2019eau chaude dans la prison ait \u00e9t\u00e9 ordonn\u00e9e par le Gouverneur de Jujuy, Mauricio Macri et son Ministre de la Justice German Garavano devront r\u00e9pondre \u00e0 la violation des trait\u00e9s sign\u00e9s par l\u2019Argentine en mati\u00e8re de respect des normes minimales concernant les personnes mises en d\u00e9tention sur le sol argentin.<\/p>\n<p>Le 11 juin dernier s\u2019est tenu le congr\u00e8s annuel de la Tupac Amaru en pr\u00e9sence de tous les comit\u00e9s pour la lib\u00e9ration de Milagro Sala et elle a \u00e9t\u00e9 r\u00e9\u00e9lue \u00e0 la t\u00eate de l\u2019organisation.<\/p>\n<p>A ce jour Milagro Sala est encore en d\u00e9tention.<\/p>\n<p><strong>NOUS EXIGEONS LA LIBERATION IMMEDIATE DE MILAGRO SALA<br \/>\nLE RESPECT DES DROIT HUMAINS A L\u2019INTERIEUR DES PRISONS<br \/>\nNON A LA CRIMINALISATION DE LA LUTTE SOCIALE!!<\/strong><\/p>\n<p>hijosparis@hotmail.com<\/p>\n<\/div>\n<p><a href=\"http:\/\/hijosparis.i.h.f.unblog.fr\/files\/2016\/06\/liberte-milagro-sala.jpg\" rel=\"lightbox[176]\"><img loading=\"lazy\" decoding=\"async\" class=\"alignnone size-medium wp-image-177\" src=\"http:\/\/hijosparis.i.h.f.unblog.fr\/files\/2016\/06\/liberte-milagro-sala-300x57.jpg\" alt=\"libert\u00e9 Milagro Sala\" width=\"300\" height=\"57\" \/><\/a><\/p>\n<p>Source :\u00a0<a href=\"http:\/\/hijosparis.unblog.fr\/2016\/06\/22\/liberte-a-milagro-sala\/\">http:\/\/hijosparis.unblog.fr\/2016\/06\/22\/liberte-a-milagro-sala\/<\/a><\/p>\n","protected":false},"excerpt":{"rendered":"<p>Libert\u00e9 pour\u00a0Milagro Sala, dirigeante du mouvement social Tupac Amaru et d\u00e9put\u00e9e du Parlasur, arr\u00eat\u00e9e de mani\u00e8re arbitraire depuis le 16 janvier 2016. Premi\u00e8re prisonni\u00e8re politique de la gestion Macri. Qui est Milagro Sala ? Milagro Sala est une militante sociale,&hellip;<\/p>\n","protected":false},"author":926,"featured_media":393840,"comment_status":"closed","ping_status":"closed","sticky":false,"template":"","format":"standard","meta":{"footnotes":""},"categories":[86,151,98,40],"tags":[28947,28946,32350,27500,18160,28945,1096],"class_list":["post-393839","post","type-post","status-publish","format-standard","has-post-thumbnail","hentry","category-amerique-du-sud","category-communique-de-presse","category-droits-de-lhomme","category-international-fr","tag-detention-illegale","tag-gouverneur-gerardo-morales","tag-liberte-a-milagro-sala","tag-milagro-sala-fr","tag-parlasur","tag-province-de-jujuy","tag-tupac-amaru"],"yoast_head":"<!-- This site is optimized with the Yoast SEO plugin v27.1.1 - https:\/\/yoast.com\/product\/yoast-seo-wordpress\/ -->\n<title>[Libert\u00e9 pour Milagro Sala] Qui est Milagro Sala ?<\/title>\n<meta name=\"description\" content=\"Libert\u00e9 pour\u00a0Milagro Sala, dirigeante du mouvement social Tupac Amaru et d\u00e9put\u00e9e du Parlasur, arr\u00eat\u00e9e de mani\u00e8re arbitraire depuis le 16 janvier 2016.\" \/>\n<meta name=\"robots\" content=\"index, follow, max-snippet:-1, max-image-preview:large, max-video-preview:-1\" \/>\n<link rel=\"canonical\" href=\"https:\/\/www.pressenza.com\/fr\/2016\/11\/liberte-milagro-sala-qui-est-milagro-sala\/\" \/>\n<meta property=\"og:locale\" content=\"fr_FR\" \/>\n<meta property=\"og:type\" content=\"article\" \/>\n<meta property=\"og:title\" content=\"[Libert\u00e9 pour Milagro Sala] Qui est Milagro Sala ?\" \/>\n<meta property=\"og:description\" content=\"Libert\u00e9 pour\u00a0Milagro Sala, dirigeante du mouvement social Tupac Amaru et d\u00e9put\u00e9e du Parlasur, arr\u00eat\u00e9e de mani\u00e8re arbitraire depuis le 16 janvier 2016.\" \/>\n<meta property=\"og:url\" content=\"https:\/\/www.pressenza.com\/fr\/2016\/11\/liberte-milagro-sala-qui-est-milagro-sala\/\" \/>\n<meta property=\"og:site_name\" content=\"Pressenza\" \/>\n<meta property=\"article:publisher\" content=\"https:\/\/www.facebook.com\/PressenzaItalia\" \/>\n<meta property=\"article:published_time\" content=\"2016-11-07T01:29:01+00:00\" \/>\n<meta property=\"article:modified_time\" content=\"2016-12-09T04:09:20+00:00\" \/>\n<meta property=\"og:image\" content=\"https:\/\/www.pressenza.com\/wp-content\/uploads\/2016\/11\/mural-milagro-300x158-Qui-est-Milagro-Sala.jpg\" \/>\n\t<meta property=\"og:image:width\" content=\"949\" \/>\n\t<meta property=\"og:image:height\" content=\"500\" \/>\n\t<meta property=\"og:image:type\" content=\"image\/jpeg\" \/>\n<meta name=\"author\" content=\"R\u00e9daction France\" \/>\n<meta name=\"twitter:card\" content=\"summary_large_image\" \/>\n<meta name=\"twitter:creator\" content=\"@PressenzaIPA\" \/>\n<meta name=\"twitter:site\" content=\"@PressenzaIPA\" \/>\n<meta name=\"twitter:label1\" content=\"\u00c9crit par\" \/>\n\t<meta name=\"twitter:data1\" content=\"R\u00e9daction France\" \/>\n\t<meta name=\"twitter:label2\" content=\"Dur\u00e9e de lecture estim\u00e9e\" \/>\n\t<meta name=\"twitter:data2\" content=\"4 minutes\" \/>\n<script type=\"application\/ld+json\" class=\"yoast-schema-graph\">{\"@context\":\"https:\/\/schema.org\",\"@graph\":[{\"@type\":\"Article\",\"@id\":\"https:\/\/www.pressenza.com\/fr\/2016\/11\/liberte-milagro-sala-qui-est-milagro-sala\/#article\",\"isPartOf\":{\"@id\":\"https:\/\/www.pressenza.com\/fr\/2016\/11\/liberte-milagro-sala-qui-est-milagro-sala\/\"},\"author\":{\"name\":\"R\u00e9daction France\",\"@id\":\"https:\/\/www.pressenza.com\/fr\/#\/schema\/person\/3c9fe6670cc2cffbd37562f87b98e869\"},\"headline\":\"[Libert\u00e9 pour Milagro Sala] Qui est Milagro Sala ?\",\"datePublished\":\"2016-11-07T01:29:01+00:00\",\"dateModified\":\"2016-12-09T04:09:20+00:00\",\"mainEntityOfPage\":{\"@id\":\"https:\/\/www.pressenza.com\/fr\/2016\/11\/liberte-milagro-sala-qui-est-milagro-sala\/\"},\"wordCount\":870,\"publisher\":{\"@id\":\"https:\/\/www.pressenza.com\/fr\/#organization\"},\"image\":{\"@id\":\"https:\/\/www.pressenza.com\/fr\/2016\/11\/liberte-milagro-sala-qui-est-milagro-sala\/#primaryimage\"},\"thumbnailUrl\":\"https:\/\/www.pressenza.com\/wp-content\/uploads\/2016\/11\/mural-milagro-300x158-Qui-est-Milagro-Sala.jpg\",\"keywords\":[\"d\u00e9tention ill\u00e9gale\",\"gouverneur Gerardo Morales\",\"libert\u00e9 \u00e0 Milagro Sala\",\"Milagro Sala\",\"Parlasur\",\"province de Jujuy\",\"Tupac Amaru\"],\"articleSection\":[\"Am\u00e9rique du Sud\",\"Communiqu\u00e9s de Presse\",\"Droits humains\",\"International\"],\"inLanguage\":\"fr-FR\"},{\"@type\":\"WebPage\",\"@id\":\"https:\/\/www.pressenza.com\/fr\/2016\/11\/liberte-milagro-sala-qui-est-milagro-sala\/\",\"url\":\"https:\/\/www.pressenza.com\/fr\/2016\/11\/liberte-milagro-sala-qui-est-milagro-sala\/\",\"name\":\"[Libert\u00e9 pour Milagro Sala] Qui est Milagro Sala ?\",\"isPartOf\":{\"@id\":\"https:\/\/www.pressenza.com\/fr\/#website\"},\"primaryImageOfPage\":{\"@id\":\"https:\/\/www.pressenza.com\/fr\/2016\/11\/liberte-milagro-sala-qui-est-milagro-sala\/#primaryimage\"},\"image\":{\"@id\":\"https:\/\/www.pressenza.com\/fr\/2016\/11\/liberte-milagro-sala-qui-est-milagro-sala\/#primaryimage\"},\"thumbnailUrl\":\"https:\/\/www.pressenza.com\/wp-content\/uploads\/2016\/11\/mural-milagro-300x158-Qui-est-Milagro-Sala.jpg\",\"datePublished\":\"2016-11-07T01:29:01+00:00\",\"dateModified\":\"2016-12-09T04:09:20+00:00\",\"description\":\"Libert\u00e9 pour\u00a0Milagro Sala, dirigeante du mouvement social Tupac Amaru et d\u00e9put\u00e9e du Parlasur, arr\u00eat\u00e9e de mani\u00e8re arbitraire depuis le 16 janvier 2016.\",\"breadcrumb\":{\"@id\":\"https:\/\/www.pressenza.com\/fr\/2016\/11\/liberte-milagro-sala-qui-est-milagro-sala\/#breadcrumb\"},\"inLanguage\":\"fr-FR\",\"potentialAction\":[{\"@type\":\"ReadAction\",\"target\":[\"https:\/\/www.pressenza.com\/fr\/2016\/11\/liberte-milagro-sala-qui-est-milagro-sala\/\"]}]},{\"@type\":\"ImageObject\",\"inLanguage\":\"fr-FR\",\"@id\":\"https:\/\/www.pressenza.com\/fr\/2016\/11\/liberte-milagro-sala-qui-est-milagro-sala\/#primaryimage\",\"url\":\"https:\/\/www.pressenza.com\/wp-content\/uploads\/2016\/11\/mural-milagro-300x158-Qui-est-Milagro-Sala.jpg\",\"contentUrl\":\"https:\/\/www.pressenza.com\/wp-content\/uploads\/2016\/11\/mural-milagro-300x158-Qui-est-Milagro-Sala.jpg\",\"width\":949,\"height\":500},{\"@type\":\"BreadcrumbList\",\"@id\":\"https:\/\/www.pressenza.com\/fr\/2016\/11\/liberte-milagro-sala-qui-est-milagro-sala\/#breadcrumb\",\"itemListElement\":[{\"@type\":\"ListItem\",\"position\":1,\"name\":\"Accueil\",\"item\":\"https:\/\/www.pressenza.com\/fr\/\"},{\"@type\":\"ListItem\",\"position\":2,\"name\":\"[Libert\u00e9 pour Milagro Sala] Qui est Milagro Sala ?\"}]},{\"@type\":\"WebSite\",\"@id\":\"https:\/\/www.pressenza.com\/fr\/#website\",\"url\":\"https:\/\/www.pressenza.com\/fr\/\",\"name\":\"Pressenza\",\"description\":\"International Press Agency\",\"publisher\":{\"@id\":\"https:\/\/www.pressenza.com\/fr\/#organization\"},\"potentialAction\":[{\"@type\":\"SearchAction\",\"target\":{\"@type\":\"EntryPoint\",\"urlTemplate\":\"https:\/\/www.pressenza.com\/fr\/?s={search_term_string}\"},\"query-input\":{\"@type\":\"PropertyValueSpecification\",\"valueRequired\":true,\"valueName\":\"search_term_string\"}}],\"inLanguage\":\"fr-FR\"},{\"@type\":\"Organization\",\"@id\":\"https:\/\/www.pressenza.com\/fr\/#organization\",\"name\":\"Pressenza\",\"url\":\"https:\/\/www.pressenza.com\/fr\/\",\"logo\":{\"@type\":\"ImageObject\",\"inLanguage\":\"fr-FR\",\"@id\":\"https:\/\/www.pressenza.com\/fr\/#\/schema\/logo\/image\/\",\"url\":\"https:\/\/www.pressenza.com\/wp-content\/uploads\/2022\/10\/pressenza_logo_200x200.jpg\",\"contentUrl\":\"https:\/\/www.pressenza.com\/wp-content\/uploads\/2022\/10\/pressenza_logo_200x200.jpg\",\"width\":200,\"height\":200,\"caption\":\"Pressenza\"},\"image\":{\"@id\":\"https:\/\/www.pressenza.com\/fr\/#\/schema\/logo\/image\/\"},\"sameAs\":[\"https:\/\/www.facebook.com\/PressenzaItalia\",\"https:\/\/x.com\/PressenzaIPA\"]},{\"@type\":\"Person\",\"@id\":\"https:\/\/www.pressenza.com\/fr\/#\/schema\/person\/3c9fe6670cc2cffbd37562f87b98e869\",\"name\":\"R\u00e9daction France\",\"description\":\"News published by the Pressenza bureau in France\",\"sameAs\":[\"http:\/\/www.pressenza.com\/fr\"],\"url\":\"https:\/\/www.pressenza.com\/fr\/author\/redactionfrance\/\"}]}<\/script>\n<!-- \/ Yoast SEO plugin. -->","yoast_head_json":{"title":"[Libert\u00e9 pour Milagro Sala] Qui est Milagro Sala ?","description":"Libert\u00e9 pour\u00a0Milagro Sala, dirigeante du mouvement social Tupac Amaru et d\u00e9put\u00e9e du Parlasur, arr\u00eat\u00e9e de mani\u00e8re arbitraire depuis le 16 janvier 2016.","robots":{"index":"index","follow":"follow","max-snippet":"max-snippet:-1","max-image-preview":"max-image-preview:large","max-video-preview":"max-video-preview:-1"},"canonical":"https:\/\/www.pressenza.com\/fr\/2016\/11\/liberte-milagro-sala-qui-est-milagro-sala\/","og_locale":"fr_FR","og_type":"article","og_title":"[Libert\u00e9 pour Milagro Sala] Qui est Milagro Sala ?","og_description":"Libert\u00e9 pour\u00a0Milagro Sala, dirigeante du mouvement social Tupac Amaru et d\u00e9put\u00e9e du Parlasur, arr\u00eat\u00e9e de mani\u00e8re arbitraire depuis le 16 janvier 2016.","og_url":"https:\/\/www.pressenza.com\/fr\/2016\/11\/liberte-milagro-sala-qui-est-milagro-sala\/","og_site_name":"Pressenza","article_publisher":"https:\/\/www.facebook.com\/PressenzaItalia","article_published_time":"2016-11-07T01:29:01+00:00","article_modified_time":"2016-12-09T04:09:20+00:00","og_image":[{"width":949,"height":500,"url":"https:\/\/www.pressenza.com\/wp-content\/uploads\/2016\/11\/mural-milagro-300x158-Qui-est-Milagro-Sala.jpg","type":"image\/jpeg"}],"author":"R\u00e9daction France","twitter_card":"summary_large_image","twitter_creator":"@PressenzaIPA","twitter_site":"@PressenzaIPA","twitter_misc":{"\u00c9crit par":"R\u00e9daction France","Dur\u00e9e de lecture estim\u00e9e":"4 minutes"},"schema":{"@context":"https:\/\/schema.org","@graph":[{"@type":"Article","@id":"https:\/\/www.pressenza.com\/fr\/2016\/11\/liberte-milagro-sala-qui-est-milagro-sala\/#article","isPartOf":{"@id":"https:\/\/www.pressenza.com\/fr\/2016\/11\/liberte-milagro-sala-qui-est-milagro-sala\/"},"author":{"name":"R\u00e9daction France","@id":"https:\/\/www.pressenza.com\/fr\/#\/schema\/person\/3c9fe6670cc2cffbd37562f87b98e869"},"headline":"[Libert\u00e9 pour Milagro Sala] Qui est Milagro Sala ?","datePublished":"2016-11-07T01:29:01+00:00","dateModified":"2016-12-09T04:09:20+00:00","mainEntityOfPage":{"@id":"https:\/\/www.pressenza.com\/fr\/2016\/11\/liberte-milagro-sala-qui-est-milagro-sala\/"},"wordCount":870,"publisher":{"@id":"https:\/\/www.pressenza.com\/fr\/#organization"},"image":{"@id":"https:\/\/www.pressenza.com\/fr\/2016\/11\/liberte-milagro-sala-qui-est-milagro-sala\/#primaryimage"},"thumbnailUrl":"https:\/\/www.pressenza.com\/wp-content\/uploads\/2016\/11\/mural-milagro-300x158-Qui-est-Milagro-Sala.jpg","keywords":["d\u00e9tention ill\u00e9gale","gouverneur Gerardo Morales","libert\u00e9 \u00e0 Milagro Sala","Milagro Sala","Parlasur","province de Jujuy","Tupac Amaru"],"articleSection":["Am\u00e9rique du Sud","Communiqu\u00e9s de Presse","Droits humains","International"],"inLanguage":"fr-FR"},{"@type":"WebPage","@id":"https:\/\/www.pressenza.com\/fr\/2016\/11\/liberte-milagro-sala-qui-est-milagro-sala\/","url":"https:\/\/www.pressenza.com\/fr\/2016\/11\/liberte-milagro-sala-qui-est-milagro-sala\/","name":"[Libert\u00e9 pour Milagro Sala] Qui est Milagro Sala ?","isPartOf":{"@id":"https:\/\/www.pressenza.com\/fr\/#website"},"primaryImageOfPage":{"@id":"https:\/\/www.pressenza.com\/fr\/2016\/11\/liberte-milagro-sala-qui-est-milagro-sala\/#primaryimage"},"image":{"@id":"https:\/\/www.pressenza.com\/fr\/2016\/11\/liberte-milagro-sala-qui-est-milagro-sala\/#primaryimage"},"thumbnailUrl":"https:\/\/www.pressenza.com\/wp-content\/uploads\/2016\/11\/mural-milagro-300x158-Qui-est-Milagro-Sala.jpg","datePublished":"2016-11-07T01:29:01+00:00","dateModified":"2016-12-09T04:09:20+00:00","description":"Libert\u00e9 pour\u00a0Milagro Sala, dirigeante du mouvement social Tupac Amaru et d\u00e9put\u00e9e du Parlasur, arr\u00eat\u00e9e de mani\u00e8re arbitraire depuis le 16 janvier 2016.","breadcrumb":{"@id":"https:\/\/www.pressenza.com\/fr\/2016\/11\/liberte-milagro-sala-qui-est-milagro-sala\/#breadcrumb"},"inLanguage":"fr-FR","potentialAction":[{"@type":"ReadAction","target":["https:\/\/www.pressenza.com\/fr\/2016\/11\/liberte-milagro-sala-qui-est-milagro-sala\/"]}]},{"@type":"ImageObject","inLanguage":"fr-FR","@id":"https:\/\/www.pressenza.com\/fr\/2016\/11\/liberte-milagro-sala-qui-est-milagro-sala\/#primaryimage","url":"https:\/\/www.pressenza.com\/wp-content\/uploads\/2016\/11\/mural-milagro-300x158-Qui-est-Milagro-Sala.jpg","contentUrl":"https:\/\/www.pressenza.com\/wp-content\/uploads\/2016\/11\/mural-milagro-300x158-Qui-est-Milagro-Sala.jpg","width":949,"height":500},{"@type":"BreadcrumbList","@id":"https:\/\/www.pressenza.com\/fr\/2016\/11\/liberte-milagro-sala-qui-est-milagro-sala\/#breadcrumb","itemListElement":[{"@type":"ListItem","position":1,"name":"Accueil","item":"https:\/\/www.pressenza.com\/fr\/"},{"@type":"ListItem","position":2,"name":"[Libert\u00e9 pour Milagro Sala] Qui est Milagro Sala ?"}]},{"@type":"WebSite","@id":"https:\/\/www.pressenza.com\/fr\/#website","url":"https:\/\/www.pressenza.com\/fr\/","name":"Pressenza","description":"International Press Agency","publisher":{"@id":"https:\/\/www.pressenza.com\/fr\/#organization"},"potentialAction":[{"@type":"SearchAction","target":{"@type":"EntryPoint","urlTemplate":"https:\/\/www.pressenza.com\/fr\/?s={search_term_string}"},"query-input":{"@type":"PropertyValueSpecification","valueRequired":true,"valueName":"search_term_string"}}],"inLanguage":"fr-FR"},{"@type":"Organization","@id":"https:\/\/www.pressenza.com\/fr\/#organization","name":"Pressenza","url":"https:\/\/www.pressenza.com\/fr\/","logo":{"@type":"ImageObject","inLanguage":"fr-FR","@id":"https:\/\/www.pressenza.com\/fr\/#\/schema\/logo\/image\/","url":"https:\/\/www.pressenza.com\/wp-content\/uploads\/2022\/10\/pressenza_logo_200x200.jpg","contentUrl":"https:\/\/www.pressenza.com\/wp-content\/uploads\/2022\/10\/pressenza_logo_200x200.jpg","width":200,"height":200,"caption":"Pressenza"},"image":{"@id":"https:\/\/www.pressenza.com\/fr\/#\/schema\/logo\/image\/"},"sameAs":["https:\/\/www.facebook.com\/PressenzaItalia","https:\/\/x.com\/PressenzaIPA"]},{"@type":"Person","@id":"https:\/\/www.pressenza.com\/fr\/#\/schema\/person\/3c9fe6670cc2cffbd37562f87b98e869","name":"R\u00e9daction France","description":"News published by the Pressenza bureau in France","sameAs":["http:\/\/www.pressenza.com\/fr"],"url":"https:\/\/www.pressenza.com\/fr\/author\/redactionfrance\/"}]}},"place":"Paris","original_article_url":"","_links":{"self":[{"href":"https:\/\/www.pressenza.com\/fr\/wp-json\/wp\/v2\/posts\/393839","targetHints":{"allow":["GET"]}}],"collection":[{"href":"https:\/\/www.pressenza.com\/fr\/wp-json\/wp\/v2\/posts"}],"about":[{"href":"https:\/\/www.pressenza.com\/fr\/wp-json\/wp\/v2\/types\/post"}],"author":[{"embeddable":true,"href":"https:\/\/www.pressenza.com\/fr\/wp-json\/wp\/v2\/users\/926"}],"replies":[{"embeddable":true,"href":"https:\/\/www.pressenza.com\/fr\/wp-json\/wp\/v2\/comments?post=393839"}],"version-history":[{"count":0,"href":"https:\/\/www.pressenza.com\/fr\/wp-json\/wp\/v2\/posts\/393839\/revisions"}],"wp:featuredmedia":[{"embeddable":true,"href":"https:\/\/www.pressenza.com\/fr\/wp-json\/wp\/v2\/media\/393840"}],"wp:attachment":[{"href":"https:\/\/www.pressenza.com\/fr\/wp-json\/wp\/v2\/media?parent=393839"}],"wp:term":[{"taxonomy":"category","embeddable":true,"href":"https:\/\/www.pressenza.com\/fr\/wp-json\/wp\/v2\/categories?post=393839"},{"taxonomy":"post_tag","embeddable":true,"href":"https:\/\/www.pressenza.com\/fr\/wp-json\/wp\/v2\/tags?post=393839"}],"curies":[{"name":"wp","href":"https:\/\/api.w.org\/{rel}","templated":true}]}}