{"id":39199,"date":"2013-02-20T00:24:25","date_gmt":"2013-02-20T00:24:25","guid":{"rendered":"http:\/\/www.pressenza.com\/?p=39199"},"modified":"2013-02-22T22:15:53","modified_gmt":"2013-02-22T22:15:53","slug":"23f-la-marea-humana-alcanza-toda-espana","status":"publish","type":"post","link":"https:\/\/www.pressenza.com\/fr\/2013\/02\/23f-la-marea-humana-alcanza-toda-espana\/","title":{"rendered":"#23F: La mar\u00e9e humaine qui inonde l&rsquo;Espagne"},"content":{"rendered":"<p>Le \u00a0premier ministre \u00a0espagnol, Mariano Rajoy \u00a0a d\u00e9fendu \u00e0 S\u00e9ville,\u00a0une nouvelle fois dimanche dernier, sa r\u00e9forme lors de la cl\u00f4ture du congr\u00e8s de son parti, le Parti populaire \u00a0:<\/p>\n<p><em>\u201cC\u2019est la r\u00e9forme dont l\u2019Espagne a besoin pour \u00e9viter que nous soyons le pays d\u2019Europe qui d\u00e9truit le plus d\u2019emplois\u201d<\/em>, a lanc\u00e9 M. Rajoy. Cette r\u00e9forme<em>\u00a0<em>\u201c<\/em>nous situe au m\u00eame niveau que les pays d\u2019Europe les plus avanc\u00e9s, et en finit avec les injustices du march\u00e9 du travail<em>\u201d<\/em><\/em>, a-t-il dit.<\/p>\n<p>Pendant que M. Rajoy tente de \u00a0satisfaire les\u00a0exigences\u00a0des autres pays europ\u00e9ens \u00ab\u00a0plus avanc\u00e9s\u00a0\u00bb, plus de la moiti\u00e9 de la population espagnole se \u00a0mobilisera le 23 f\u00e9vrier 2013,\u00a0de tous les coins de l&rsquo;Espagne par bus, par co-voiturage, bateau, \u00a0pour rejoindre les rues de Madrid . Ils viendront manifester \u00a0leur d\u00e9saccord avec la politique d&rsquo;aust\u00e9rit\u00e9 et r\u00e9forme \u00a0men\u00e9es par ce dernier.<\/p>\n<p>Leurs principaux slogans:<\/p>\n<p><strong>&#8211; Mar\u00e9e humaine unie contre les r\u00e9formes et pour la D\u00e9mocratie<\/strong><br \/>\n<strong>&#8211; Nous ne devons pas, nous ne payons pas!<\/strong><br \/>\n<strong>&#8211;\u00a0#23F: Mar\u00e9e citoyenne contre le coup d&rsquo;\u00e9tat des march\u00e9s.\u00a0<\/strong><br \/>\n<strong>\u00a0<\/strong><br \/>\n<strong>MANIFESTE DE LA\u00a0MAR\u00c9E\u00a0HUMAINE:<\/strong><\/p>\n<p>Une Mar\u00e9e Citoyenne unie contre les r\u00e9ductions budg\u00e9taires et pour une D\u00e9mocratie R\u00e9elle.\u00a0La pression des March\u00e9s \u00a0financiers, la dette ill\u00e9gitime cr\u00e9\u00e9e par le m\u00eame syst\u00e8me financier sp\u00e9culatif et les dures politiques d&rsquo;ajustement dirig\u00e9es contre une grande partie de la soci\u00e9t\u00e9, avec la corruption et la perte de la l\u00e9gitimit\u00e9 des institutions, sont en train de causer dans notre pays, la plus grande crise de la d\u00e9mocratie des derni\u00e8res d\u00e9cennies.<br \/>\nLe ch\u00f4mage en hausse, suite aux attaques \u00e0 la S\u00e9curit\u00e9 Sociale et \u00e0 l\u00b4enseignement. Attaque aux Droits du travail et aux Droits Sociaux, \u00e0 l&rsquo;Environnement, tout cela a fait que l\u00b4on se retrouve dans la rue, comme \u00a0une \u201c Mar\u00e9e Citoyenne\u201d : blanche, verte, rouge, orange, jaune, noire, bleue, violette\u2026 afin de d\u00e9fendre nos droits.<br \/>\nUne soci\u00e9t\u00e9 juste et viable sera possible seulement si les citoyens s&rsquo;unissent pour d\u00e9fendre les Droits Sociaux contre les March\u00e9s, ainsi que la politique honn\u00eate et la Justice Sociale contre Les int\u00e9r\u00eats des \u00e9lites financi\u00e8res.<br \/>\nLa r\u00e9forme de l\u00b4article 135 de la Constitution espagnole, sans aucune consultation de la citoyennet\u00e9, contraint toutes les ressources de l\u00b4\u00c9tat au paiement de cette dette ill\u00e9gitime causant une r\u00e9duction de tous les services publics et la vente \u00e0 prix d\u00e9risoires du patrimoine de l\u00b4\u00c9tat . Cette r\u00e9forme a \u00e9t\u00e9 \u00abun Coup d\u00b4\u00c9tat financier\u00bb puisqu&rsquo;elle impose au Gouvernement de prioriser le paiement des int\u00e9r\u00eats manquant aux devoirs d&rsquo;un \u00c9tat Social et de Droit.<br \/>\nEn 1981, apr\u00e8s le coup d\u00b4\u00e9tat militaire, les habitants ont manifest\u00e9 massivement leur d\u00e9fense de la Libert\u00e9 et de la D\u00e9mocratie. Maintenant, 32 ans apr\u00e8s, nous appelons les citoyens, de toutes les mar\u00e9es, les assembl\u00e9es, les organisations et les collectifs, \u00e0 converger en une journ\u00e9e de mobilisation le 23 de F\u00e9vrier prochain.<\/p>\n<p><strong><span style=\"font-size: 13px;\">Pour la D\u00e9mocratie, la Libert\u00e9 et les Droits sociaux.<\/span><\/strong><br \/>\n<strong>Non! au coup d\u00b4\u00e9tat financier. On ne doit pas, on ne paie pas.<\/strong><\/p>\n<p>Il existe des alternatives . Il y a des solutions pour obtenir:<br \/>\n&#8211; La Justice sociale et Environnementale.<br \/>\n&#8211; La Transparence et la D\u00e9mocratie participative.<br \/>\n&#8211; La d\u00e9fense des Services Publics universels.<br \/>\n&#8211; Un Audit Citoyen de la Dette contre la Dette ill\u00e9gitime.\u00a0\u00bb<\/p>\n<p><strong>A Paris le 23F se r\u00e9unira un comit\u00e9 de soutien aux espagnols, \u00e0 Trocad\u00e9ro \u00e0 partir de 17h\u00a0(https:\/\/www.facebook.com\/events\/506479229390098)<\/strong><\/p>\n<p><span style=\"font-size: 13px;\">Diff\u00e9rents r\u00e9seaux se sont aussi mis en place sur facebook,\u00a0pour en savoir plus:<\/span><\/p>\n<p>&#8211; Formulaire pour offrir le logement:\u00a0http:\/\/bit.ly\/WXMZLpL<br \/>\n&#8211; Formulaire pour rechercher h\u00e9bergement :\u00a0http:\/\/ur1.ca\/co8kn<br \/>\n&#8211; R\u00e9seau\u00a0auto organis\u00e9\u00a0de voyage : \u00a0https:\/\/www.facebook.com\/groups\/534089329944503\/<br \/>\n&#8211;\u00a0https:\/\/www.facebook.com\/events\/197409307068715\/<br \/>\n&#8211;\u00a0http:\/\/mareaciudadana.blogspot.com.es<br \/>\n&#8211; Carte des villes qui adh\u00e9rent :\u00a0http:\/\/mareaciudadana.blogspot.com.es\/p\/mumble.html<br \/>\n&#8211; Formulaire d&rsquo;adh\u00e9sion \u00e0 la mar\u00e9e:\u00a0http:\/\/mareaciudadana.blogspot.com.es\/p\/adhesiones.html<\/p>\n<p>&#8211; En direct:\u00a0http:\/\/spanishrevolution.tv\u00a0\/http:\/\/giss.tv:8000\/plebiscito.mp3<br \/>\n&#8211; Video sur youtube :\u00a0http:\/\/youtu.be\/J7nTclRpRWg<\/p>\n<p>&nbsp;<\/p>\n<div dir=\"LTR\" id=\"magicdomid18\"><\/div>\n<p>&nbsp;<\/p>\n<p><span style=\"color: #333333;\"><span style=\"font-family: Georgia, 'Times New Roman', 'Bitstream Charter', Times, serif;\"><span style=\"font-size: small;\">\u00a0<\/span><\/span><\/span><\/p>\n<p>&nbsp;<\/p>\n<p>&nbsp;<\/p>\n<p>&nbsp;<\/p>\n<div id=\"magicdomid19\"><\/div>\n","protected":false},"excerpt":{"rendered":"<p>Le \u00a0premier ministre \u00a0espagnol, Mariano Rajoy \u00a0a d\u00e9fendu \u00e0 S\u00e9ville,\u00a0une nouvelle fois dimanche dernier, sa r\u00e9forme lors de la cl\u00f4ture du congr\u00e8s de son parti, le Parti populaire \u00a0: \u201cC\u2019est la r\u00e9forme dont l\u2019Espagne a besoin pour \u00e9viter que nous&hellip;<\/p>\n","protected":false},"author":458,"featured_media":39370,"comment_status":"closed","ping_status":"open","sticky":false,"template":"","format":"standard","meta":{"footnotes":""},"categories":[98,100,85,40],"tags":[3552,263,3551,3550],"class_list":["post-39199","post","type-post","status-publish","format-standard","has-post-thumbnail","hentry","category-droits-de-lhomme","category-economie","category-europe-fr","category-international-fr","tag-convergence","tag-corruption","tag-coup-d-etat-aux-marches","tag-maree-humaine"],"yoast_head":"<!-- This site is optimized with the Yoast SEO plugin v27.1.1 - https:\/\/yoast.com\/product\/yoast-seo-wordpress\/ -->\n<title>#23F: La mar\u00e9e humaine qui inonde l&#039;Espagne<\/title>\n<meta name=\"description\" content=\"Le \u00a0premier ministre \u00a0espagnol, Mariano Rajoy \u00a0a d\u00e9fendu \u00e0 S\u00e9ville,\u00a0une nouvelle fois dimanche dernier, sa r\u00e9forme lors de la cl\u00f4ture du congr\u00e8s de son\" \/>\n<meta name=\"robots\" content=\"index, follow, max-snippet:-1, max-image-preview:large, max-video-preview:-1\" \/>\n<link rel=\"canonical\" href=\"https:\/\/www.pressenza.com\/fr\/2013\/02\/23f-la-marea-humana-alcanza-toda-espana\/\" \/>\n<meta property=\"og:locale\" content=\"fr_FR\" \/>\n<meta property=\"og:type\" content=\"article\" \/>\n<meta property=\"og:title\" content=\"#23F: La mar\u00e9e humaine qui inonde l&#039;Espagne\" \/>\n<meta property=\"og:description\" content=\"Le \u00a0premier ministre \u00a0espagnol, Mariano Rajoy \u00a0a d\u00e9fendu \u00e0 S\u00e9ville,\u00a0une nouvelle fois dimanche dernier, sa r\u00e9forme lors de la cl\u00f4ture du congr\u00e8s de son\" \/>\n<meta property=\"og:url\" content=\"https:\/\/www.pressenza.com\/fr\/2013\/02\/23f-la-marea-humana-alcanza-toda-espana\/\" \/>\n<meta property=\"og:site_name\" content=\"Pressenza\" \/>\n<meta property=\"article:publisher\" content=\"https:\/\/www.facebook.com\/PressenzaItalia\" \/>\n<meta property=\"article:published_time\" content=\"2013-02-20T00:24:25+00:00\" \/>\n<meta property=\"article:modified_time\" content=\"2013-02-22T22:15:53+00:00\" \/>\n<meta property=\"og:image\" content=\"https:\/\/www.pressenza.com\/wp-content\/uploads\/2013\/02\/marea-ciudadana-Leon.jpg\" \/>\n\t<meta property=\"og:image:width\" content=\"438\" \/>\n\t<meta property=\"og:image:height\" content=\"640\" \/>\n\t<meta property=\"og:image:type\" content=\"image\/jpeg\" \/>\n<meta name=\"author\" content=\"Isabel Garcia\" \/>\n<meta name=\"twitter:card\" content=\"summary_large_image\" \/>\n<meta name=\"twitter:creator\" content=\"@PressenzaIPA\" \/>\n<meta name=\"twitter:site\" content=\"@PressenzaIPA\" \/>\n<meta name=\"twitter:label1\" content=\"\u00c9crit par\" \/>\n\t<meta name=\"twitter:data1\" content=\"Isabel Garcia\" \/>\n\t<meta name=\"twitter:label2\" content=\"Dur\u00e9e de lecture estim\u00e9e\" \/>\n\t<meta name=\"twitter:data2\" content=\"4 minutes\" \/>\n<script type=\"application\/ld+json\" class=\"yoast-schema-graph\">{\"@context\":\"https:\/\/schema.org\",\"@graph\":[{\"@type\":\"Article\",\"@id\":\"https:\/\/www.pressenza.com\/fr\/2013\/02\/23f-la-marea-humana-alcanza-toda-espana\/#article\",\"isPartOf\":{\"@id\":\"https:\/\/www.pressenza.com\/fr\/2013\/02\/23f-la-marea-humana-alcanza-toda-espana\/\"},\"author\":{\"name\":\"Isabel Garcia\",\"@id\":\"https:\/\/www.pressenza.com\/fr\/#\/schema\/person\/50c3dff631b28699c3abfb7410467c32\"},\"headline\":\"#23F: La mar\u00e9e humaine qui inonde l&rsquo;Espagne\",\"datePublished\":\"2013-02-20T00:24:25+00:00\",\"dateModified\":\"2013-02-22T22:15:53+00:00\",\"mainEntityOfPage\":{\"@id\":\"https:\/\/www.pressenza.com\/fr\/2013\/02\/23f-la-marea-humana-alcanza-toda-espana\/\"},\"wordCount\":752,\"publisher\":{\"@id\":\"https:\/\/www.pressenza.com\/fr\/#organization\"},\"image\":{\"@id\":\"https:\/\/www.pressenza.com\/fr\/2013\/02\/23f-la-marea-humana-alcanza-toda-espana\/#primaryimage\"},\"thumbnailUrl\":\"https:\/\/www.pressenza.com\/wp-content\/uploads\/2013\/02\/marea-ciudadana-Leon.jpg\",\"keywords\":[\"convergence\",\"corruption\",\"coup d' \u00e9tat aux march\u00e9s\",\"mar\u00e9e humaine\"],\"articleSection\":[\"Droits humains\",\"Economie\",\"Europe\",\"International\"],\"inLanguage\":\"fr-FR\"},{\"@type\":\"WebPage\",\"@id\":\"https:\/\/www.pressenza.com\/fr\/2013\/02\/23f-la-marea-humana-alcanza-toda-espana\/\",\"url\":\"https:\/\/www.pressenza.com\/fr\/2013\/02\/23f-la-marea-humana-alcanza-toda-espana\/\",\"name\":\"#23F: La mar\u00e9e humaine qui inonde l'Espagne\",\"isPartOf\":{\"@id\":\"https:\/\/www.pressenza.com\/fr\/#website\"},\"primaryImageOfPage\":{\"@id\":\"https:\/\/www.pressenza.com\/fr\/2013\/02\/23f-la-marea-humana-alcanza-toda-espana\/#primaryimage\"},\"image\":{\"@id\":\"https:\/\/www.pressenza.com\/fr\/2013\/02\/23f-la-marea-humana-alcanza-toda-espana\/#primaryimage\"},\"thumbnailUrl\":\"https:\/\/www.pressenza.com\/wp-content\/uploads\/2013\/02\/marea-ciudadana-Leon.jpg\",\"datePublished\":\"2013-02-20T00:24:25+00:00\",\"dateModified\":\"2013-02-22T22:15:53+00:00\",\"description\":\"Le \u00a0premier ministre \u00a0espagnol, Mariano Rajoy \u00a0a d\u00e9fendu \u00e0 S\u00e9ville,\u00a0une nouvelle fois dimanche dernier, sa r\u00e9forme lors de la cl\u00f4ture du congr\u00e8s de son\",\"breadcrumb\":{\"@id\":\"https:\/\/www.pressenza.com\/fr\/2013\/02\/23f-la-marea-humana-alcanza-toda-espana\/#breadcrumb\"},\"inLanguage\":\"fr-FR\",\"potentialAction\":[{\"@type\":\"ReadAction\",\"target\":[\"https:\/\/www.pressenza.com\/fr\/2013\/02\/23f-la-marea-humana-alcanza-toda-espana\/\"]}]},{\"@type\":\"ImageObject\",\"inLanguage\":\"fr-FR\",\"@id\":\"https:\/\/www.pressenza.com\/fr\/2013\/02\/23f-la-marea-humana-alcanza-toda-espana\/#primaryimage\",\"url\":\"https:\/\/www.pressenza.com\/wp-content\/uploads\/2013\/02\/marea-ciudadana-Leon.jpg\",\"contentUrl\":\"https:\/\/www.pressenza.com\/wp-content\/uploads\/2013\/02\/marea-ciudadana-Leon.jpg\",\"width\":438,\"height\":640},{\"@type\":\"BreadcrumbList\",\"@id\":\"https:\/\/www.pressenza.com\/fr\/2013\/02\/23f-la-marea-humana-alcanza-toda-espana\/#breadcrumb\",\"itemListElement\":[{\"@type\":\"ListItem\",\"position\":1,\"name\":\"Accueil\",\"item\":\"https:\/\/www.pressenza.com\/fr\/\"},{\"@type\":\"ListItem\",\"position\":2,\"name\":\"#23F: La mar\u00e9e humaine qui inonde l&rsquo;Espagne\"}]},{\"@type\":\"WebSite\",\"@id\":\"https:\/\/www.pressenza.com\/fr\/#website\",\"url\":\"https:\/\/www.pressenza.com\/fr\/\",\"name\":\"Pressenza\",\"description\":\"International Press Agency\",\"publisher\":{\"@id\":\"https:\/\/www.pressenza.com\/fr\/#organization\"},\"potentialAction\":[{\"@type\":\"SearchAction\",\"target\":{\"@type\":\"EntryPoint\",\"urlTemplate\":\"https:\/\/www.pressenza.com\/fr\/?s={search_term_string}\"},\"query-input\":{\"@type\":\"PropertyValueSpecification\",\"valueRequired\":true,\"valueName\":\"search_term_string\"}}],\"inLanguage\":\"fr-FR\"},{\"@type\":\"Organization\",\"@id\":\"https:\/\/www.pressenza.com\/fr\/#organization\",\"name\":\"Pressenza\",\"url\":\"https:\/\/www.pressenza.com\/fr\/\",\"logo\":{\"@type\":\"ImageObject\",\"inLanguage\":\"fr-FR\",\"@id\":\"https:\/\/www.pressenza.com\/fr\/#\/schema\/logo\/image\/\",\"url\":\"https:\/\/www.pressenza.com\/wp-content\/uploads\/2022\/10\/pressenza_logo_200x200.jpg\",\"contentUrl\":\"https:\/\/www.pressenza.com\/wp-content\/uploads\/2022\/10\/pressenza_logo_200x200.jpg\",\"width\":200,\"height\":200,\"caption\":\"Pressenza\"},\"image\":{\"@id\":\"https:\/\/www.pressenza.com\/fr\/#\/schema\/logo\/image\/\"},\"sameAs\":[\"https:\/\/www.facebook.com\/PressenzaItalia\",\"https:\/\/x.com\/PressenzaIPA\"]},{\"@type\":\"Person\",\"@id\":\"https:\/\/www.pressenza.com\/fr\/#\/schema\/person\/50c3dff631b28699c3abfb7410467c32\",\"name\":\"Isabel Garcia\",\"description\":\"R\u00e9dactrice trilingue depuis 2010 \u00e0 Pressenza Activiste d\u00e9fendant les droits \u00e0 une \u00e9ducation publique pour tous, contre les violences faites aux femmes et aux enfants, d\u00e9fendant les valeurs perdues de l'\u00eatre humain au-dessus des finances.\",\"url\":\"https:\/\/www.pressenza.com\/fr\/author\/isabel-garcia\/\"}]}<\/script>\n<!-- \/ Yoast SEO plugin. -->","yoast_head_json":{"title":"#23F: La mar\u00e9e humaine qui inonde l'Espagne","description":"Le \u00a0premier ministre \u00a0espagnol, Mariano Rajoy \u00a0a d\u00e9fendu \u00e0 S\u00e9ville,\u00a0une nouvelle fois dimanche dernier, sa r\u00e9forme lors de la cl\u00f4ture du congr\u00e8s de son","robots":{"index":"index","follow":"follow","max-snippet":"max-snippet:-1","max-image-preview":"max-image-preview:large","max-video-preview":"max-video-preview:-1"},"canonical":"https:\/\/www.pressenza.com\/fr\/2013\/02\/23f-la-marea-humana-alcanza-toda-espana\/","og_locale":"fr_FR","og_type":"article","og_title":"#23F: La mar\u00e9e humaine qui inonde l'Espagne","og_description":"Le \u00a0premier ministre \u00a0espagnol, Mariano Rajoy \u00a0a d\u00e9fendu \u00e0 S\u00e9ville,\u00a0une nouvelle fois dimanche dernier, sa r\u00e9forme lors de la cl\u00f4ture du congr\u00e8s de son","og_url":"https:\/\/www.pressenza.com\/fr\/2013\/02\/23f-la-marea-humana-alcanza-toda-espana\/","og_site_name":"Pressenza","article_publisher":"https:\/\/www.facebook.com\/PressenzaItalia","article_published_time":"2013-02-20T00:24:25+00:00","article_modified_time":"2013-02-22T22:15:53+00:00","og_image":[{"width":438,"height":640,"url":"https:\/\/www.pressenza.com\/wp-content\/uploads\/2013\/02\/marea-ciudadana-Leon.jpg","type":"image\/jpeg"}],"author":"Isabel Garcia","twitter_card":"summary_large_image","twitter_creator":"@PressenzaIPA","twitter_site":"@PressenzaIPA","twitter_misc":{"\u00c9crit par":"Isabel Garcia","Dur\u00e9e de lecture estim\u00e9e":"4 minutes"},"schema":{"@context":"https:\/\/schema.org","@graph":[{"@type":"Article","@id":"https:\/\/www.pressenza.com\/fr\/2013\/02\/23f-la-marea-humana-alcanza-toda-espana\/#article","isPartOf":{"@id":"https:\/\/www.pressenza.com\/fr\/2013\/02\/23f-la-marea-humana-alcanza-toda-espana\/"},"author":{"name":"Isabel Garcia","@id":"https:\/\/www.pressenza.com\/fr\/#\/schema\/person\/50c3dff631b28699c3abfb7410467c32"},"headline":"#23F: La mar\u00e9e humaine qui inonde l&rsquo;Espagne","datePublished":"2013-02-20T00:24:25+00:00","dateModified":"2013-02-22T22:15:53+00:00","mainEntityOfPage":{"@id":"https:\/\/www.pressenza.com\/fr\/2013\/02\/23f-la-marea-humana-alcanza-toda-espana\/"},"wordCount":752,"publisher":{"@id":"https:\/\/www.pressenza.com\/fr\/#organization"},"image":{"@id":"https:\/\/www.pressenza.com\/fr\/2013\/02\/23f-la-marea-humana-alcanza-toda-espana\/#primaryimage"},"thumbnailUrl":"https:\/\/www.pressenza.com\/wp-content\/uploads\/2013\/02\/marea-ciudadana-Leon.jpg","keywords":["convergence","corruption","coup d' \u00e9tat aux march\u00e9s","mar\u00e9e humaine"],"articleSection":["Droits humains","Economie","Europe","International"],"inLanguage":"fr-FR"},{"@type":"WebPage","@id":"https:\/\/www.pressenza.com\/fr\/2013\/02\/23f-la-marea-humana-alcanza-toda-espana\/","url":"https:\/\/www.pressenza.com\/fr\/2013\/02\/23f-la-marea-humana-alcanza-toda-espana\/","name":"#23F: La mar\u00e9e humaine qui inonde l'Espagne","isPartOf":{"@id":"https:\/\/www.pressenza.com\/fr\/#website"},"primaryImageOfPage":{"@id":"https:\/\/www.pressenza.com\/fr\/2013\/02\/23f-la-marea-humana-alcanza-toda-espana\/#primaryimage"},"image":{"@id":"https:\/\/www.pressenza.com\/fr\/2013\/02\/23f-la-marea-humana-alcanza-toda-espana\/#primaryimage"},"thumbnailUrl":"https:\/\/www.pressenza.com\/wp-content\/uploads\/2013\/02\/marea-ciudadana-Leon.jpg","datePublished":"2013-02-20T00:24:25+00:00","dateModified":"2013-02-22T22:15:53+00:00","description":"Le \u00a0premier ministre \u00a0espagnol, Mariano Rajoy \u00a0a d\u00e9fendu \u00e0 S\u00e9ville,\u00a0une nouvelle fois dimanche dernier, sa r\u00e9forme lors de la cl\u00f4ture du congr\u00e8s de son","breadcrumb":{"@id":"https:\/\/www.pressenza.com\/fr\/2013\/02\/23f-la-marea-humana-alcanza-toda-espana\/#breadcrumb"},"inLanguage":"fr-FR","potentialAction":[{"@type":"ReadAction","target":["https:\/\/www.pressenza.com\/fr\/2013\/02\/23f-la-marea-humana-alcanza-toda-espana\/"]}]},{"@type":"ImageObject","inLanguage":"fr-FR","@id":"https:\/\/www.pressenza.com\/fr\/2013\/02\/23f-la-marea-humana-alcanza-toda-espana\/#primaryimage","url":"https:\/\/www.pressenza.com\/wp-content\/uploads\/2013\/02\/marea-ciudadana-Leon.jpg","contentUrl":"https:\/\/www.pressenza.com\/wp-content\/uploads\/2013\/02\/marea-ciudadana-Leon.jpg","width":438,"height":640},{"@type":"BreadcrumbList","@id":"https:\/\/www.pressenza.com\/fr\/2013\/02\/23f-la-marea-humana-alcanza-toda-espana\/#breadcrumb","itemListElement":[{"@type":"ListItem","position":1,"name":"Accueil","item":"https:\/\/www.pressenza.com\/fr\/"},{"@type":"ListItem","position":2,"name":"#23F: La mar\u00e9e humaine qui inonde l&rsquo;Espagne"}]},{"@type":"WebSite","@id":"https:\/\/www.pressenza.com\/fr\/#website","url":"https:\/\/www.pressenza.com\/fr\/","name":"Pressenza","description":"International Press Agency","publisher":{"@id":"https:\/\/www.pressenza.com\/fr\/#organization"},"potentialAction":[{"@type":"SearchAction","target":{"@type":"EntryPoint","urlTemplate":"https:\/\/www.pressenza.com\/fr\/?s={search_term_string}"},"query-input":{"@type":"PropertyValueSpecification","valueRequired":true,"valueName":"search_term_string"}}],"inLanguage":"fr-FR"},{"@type":"Organization","@id":"https:\/\/www.pressenza.com\/fr\/#organization","name":"Pressenza","url":"https:\/\/www.pressenza.com\/fr\/","logo":{"@type":"ImageObject","inLanguage":"fr-FR","@id":"https:\/\/www.pressenza.com\/fr\/#\/schema\/logo\/image\/","url":"https:\/\/www.pressenza.com\/wp-content\/uploads\/2022\/10\/pressenza_logo_200x200.jpg","contentUrl":"https:\/\/www.pressenza.com\/wp-content\/uploads\/2022\/10\/pressenza_logo_200x200.jpg","width":200,"height":200,"caption":"Pressenza"},"image":{"@id":"https:\/\/www.pressenza.com\/fr\/#\/schema\/logo\/image\/"},"sameAs":["https:\/\/www.facebook.com\/PressenzaItalia","https:\/\/x.com\/PressenzaIPA"]},{"@type":"Person","@id":"https:\/\/www.pressenza.com\/fr\/#\/schema\/person\/50c3dff631b28699c3abfb7410467c32","name":"Isabel Garcia","description":"R\u00e9dactrice trilingue depuis 2010 \u00e0 Pressenza Activiste d\u00e9fendant les droits \u00e0 une \u00e9ducation publique pour tous, contre les violences faites aux femmes et aux enfants, d\u00e9fendant les valeurs perdues de l'\u00eatre humain au-dessus des finances.","url":"https:\/\/www.pressenza.com\/fr\/author\/isabel-garcia\/"}]}},"place":"Madrid","original_article_url":"","_links":{"self":[{"href":"https:\/\/www.pressenza.com\/fr\/wp-json\/wp\/v2\/posts\/39199","targetHints":{"allow":["GET"]}}],"collection":[{"href":"https:\/\/www.pressenza.com\/fr\/wp-json\/wp\/v2\/posts"}],"about":[{"href":"https:\/\/www.pressenza.com\/fr\/wp-json\/wp\/v2\/types\/post"}],"author":[{"embeddable":true,"href":"https:\/\/www.pressenza.com\/fr\/wp-json\/wp\/v2\/users\/458"}],"replies":[{"embeddable":true,"href":"https:\/\/www.pressenza.com\/fr\/wp-json\/wp\/v2\/comments?post=39199"}],"version-history":[{"count":0,"href":"https:\/\/www.pressenza.com\/fr\/wp-json\/wp\/v2\/posts\/39199\/revisions"}],"wp:featuredmedia":[{"embeddable":true,"href":"https:\/\/www.pressenza.com\/fr\/wp-json\/wp\/v2\/media\/39370"}],"wp:attachment":[{"href":"https:\/\/www.pressenza.com\/fr\/wp-json\/wp\/v2\/media?parent=39199"}],"wp:term":[{"taxonomy":"category","embeddable":true,"href":"https:\/\/www.pressenza.com\/fr\/wp-json\/wp\/v2\/categories?post=39199"},{"taxonomy":"post_tag","embeddable":true,"href":"https:\/\/www.pressenza.com\/fr\/wp-json\/wp\/v2\/tags?post=39199"}],"curies":[{"name":"wp","href":"https:\/\/api.w.org\/{rel}","templated":true}]}}