{"id":378368,"date":"2016-10-11T02:40:36","date_gmt":"2016-10-11T01:40:36","guid":{"rendered":"http:\/\/www.pressenza.com\/fr\/?p=378368"},"modified":"2016-10-13T06:53:40","modified_gmt":"2016-10-13T05:53:40","slug":"athenes-paradigme-de-city-plaza","status":"publish","type":"post","link":"https:\/\/www.pressenza.com\/fr\/2016\/10\/athenes-paradigme-de-city-plaza\/","title":{"rendered":"Ath\u00e8nes : Le paradigme de City Plaza"},"content":{"rendered":"<p><strong>Par\u00a0<a class=\"spf-link branded-page-header-title-link yt-uix-sessionlink\" dir=\"ltr\" title=\"Eirini Stavrakopoulou\" href=\"https:\/\/www.youtube.com\/channel\/UCPGJDCWEbJIMMX0ITyDPHig\" data-sessionlink=\"ei=oEL8V9DyDsiDcOnjvKAC\">Eirini Stavrakopoulou<\/a><\/strong><\/p>\n<p>Depuis le 22 avril, l\u2019h\u00f4tel City Plaza est\u00a0occup\u00e9 en\u00a0r\u00e9ponse aux accords entre l&rsquo;Union europ\u00e9enne et la Turquie (50.000 r\u00e9fugi\u00e9s \u00ab\u00a0emprisonn\u00e9s\u00a0\u00bb en Gr\u00e8ce) et\u00a0par n\u00e9cessit\u00e9 : montrer au gouvernement comment il faut traiter les gens dans ce type de situation au lieu de les jeter dans des camps dans des conditions ind\u00e9centes et inhumaines.<\/p>\n<p>L&rsquo;interview montre donc une initiative citoyenne d&rsquo;autogestion\u00a0pour l&rsquo;h\u00e9bergement des r\u00e9fugi\u00e9s.\u00a0Actuellement, plusieurs occupations de ce type existent en Gr\u00e8ce.<\/p>\n<p><iframe loading=\"lazy\" title=\"Le paradigme de City Plaza \/ \u03a4\u03bf \u03c0\u03b1\u03c1\u03ac\u03b4\u03b5\u03b9\u03b3\u03bc\u03b1 \u03c4\u03bf\u03c5 City Plaza\" width=\"500\" height=\"281\" src=\"https:\/\/www.youtube.com\/embed\/VW9FrrA032w?feature=oembed\" frameborder=\"0\" allow=\"accelerometer; autoplay; clipboard-write; encrypted-media; gyroscope; picture-in-picture; web-share\" referrerpolicy=\"strict-origin-when-cross-origin\" allowfullscreen><\/iframe><\/p>\n","protected":false},"excerpt":{"rendered":"<p>Par\u00a0Eirini Stavrakopoulou Depuis le 22 avril, l\u2019h\u00f4tel City Plaza est\u00a0occup\u00e9 en\u00a0r\u00e9ponse aux accords entre l&rsquo;Union europ\u00e9enne et la Turquie (50.000 r\u00e9fugi\u00e9s \u00ab\u00a0emprisonn\u00e9s\u00a0\u00bb en Gr\u00e8ce) et\u00a0par n\u00e9cessit\u00e9 : montrer au gouvernement comment il faut traiter les gens dans ce type de&hellip;<\/p>\n","protected":false},"author":926,"featured_media":381421,"comment_status":"closed","ping_status":"closed","sticky":false,"template":"","format":"standard","meta":{"footnotes":""},"categories":[98,85,156,27989],"tags":[20524,434,3232],"class_list":["post-378368","post","type-post","status-publish","format-standard","has-post-thumbnail","hentry","category-droits-de-lhomme","category-europe-fr","category-interview-fr","category-video-fr","tag-athenes","tag-grece","tag-immigration-fr"],"yoast_head":"<!-- This site is optimized with the Yoast SEO plugin v27.1.1 - https:\/\/yoast.com\/product\/yoast-seo-wordpress\/ -->\n<title>Ath\u00e8nes : Le paradigme de City Plaza<\/title>\n<meta name=\"description\" content=\"Par\u00a0Eirini Stavrakopoulou Depuis le 22 avril, l\u2019h\u00f4tel City Plaza est\u00a0occup\u00e9 en\u00a0r\u00e9ponse aux accords entre l&#039;Union europ\u00e9enne et la Turquie (50.000 r\u00e9fugi\u00e9s\" \/>\n<meta name=\"robots\" content=\"index, follow, max-snippet:-1, max-image-preview:large, max-video-preview:-1\" \/>\n<link rel=\"canonical\" href=\"https:\/\/www.pressenza.com\/fr\/2016\/10\/athenes-paradigme-de-city-plaza\/\" \/>\n<meta property=\"og:locale\" content=\"fr_FR\" \/>\n<meta property=\"og:type\" content=\"article\" \/>\n<meta property=\"og:title\" content=\"Ath\u00e8nes : Le paradigme de City Plaza\" \/>\n<meta property=\"og:description\" content=\"Par\u00a0Eirini Stavrakopoulou Depuis le 22 avril, l\u2019h\u00f4tel City Plaza est\u00a0occup\u00e9 en\u00a0r\u00e9ponse aux accords entre l&#039;Union europ\u00e9enne et la Turquie (50.000 r\u00e9fugi\u00e9s\" \/>\n<meta property=\"og:url\" content=\"https:\/\/www.pressenza.com\/fr\/2016\/10\/athenes-paradigme-de-city-plaza\/\" \/>\n<meta property=\"og:site_name\" content=\"Pressenza\" \/>\n<meta property=\"article:publisher\" content=\"https:\/\/www.facebook.com\/PressenzaItalia\" \/>\n<meta property=\"article:published_time\" content=\"2016-10-11T01:40:36+00:00\" \/>\n<meta property=\"article:modified_time\" content=\"2016-10-13T05:53:40+00:00\" \/>\n<meta property=\"og:image\" content=\"https:\/\/www.pressenza.com\/wp-content\/uploads\/2016\/10\/Ath--nes-Le-paradigme-de-City-Plaza.jpg\" \/>\n\t<meta property=\"og:image:width\" content=\"890\" \/>\n\t<meta property=\"og:image:height\" content=\"500\" \/>\n\t<meta property=\"og:image:type\" content=\"image\/jpeg\" \/>\n<meta name=\"author\" content=\"R\u00e9daction France\" \/>\n<meta name=\"twitter:card\" content=\"summary_large_image\" \/>\n<meta name=\"twitter:creator\" content=\"@PressenzaIPA\" \/>\n<meta name=\"twitter:site\" content=\"@PressenzaIPA\" \/>\n<meta name=\"twitter:label1\" content=\"\u00c9crit par\" \/>\n\t<meta name=\"twitter:data1\" content=\"R\u00e9daction France\" \/>\n<script type=\"application\/ld+json\" class=\"yoast-schema-graph\">{\"@context\":\"https:\/\/schema.org\",\"@graph\":[{\"@type\":\"Article\",\"@id\":\"https:\/\/www.pressenza.com\/fr\/2016\/10\/athenes-paradigme-de-city-plaza\/#article\",\"isPartOf\":{\"@id\":\"https:\/\/www.pressenza.com\/fr\/2016\/10\/athenes-paradigme-de-city-plaza\/\"},\"author\":{\"name\":\"R\u00e9daction France\",\"@id\":\"https:\/\/www.pressenza.com\/fr\/#\/schema\/person\/3c9fe6670cc2cffbd37562f87b98e869\"},\"headline\":\"Ath\u00e8nes : Le paradigme de City Plaza\",\"datePublished\":\"2016-10-11T01:40:36+00:00\",\"dateModified\":\"2016-10-13T05:53:40+00:00\",\"mainEntityOfPage\":{\"@id\":\"https:\/\/www.pressenza.com\/fr\/2016\/10\/athenes-paradigme-de-city-plaza\/\"},\"wordCount\":109,\"publisher\":{\"@id\":\"https:\/\/www.pressenza.com\/fr\/#organization\"},\"image\":{\"@id\":\"https:\/\/www.pressenza.com\/fr\/2016\/10\/athenes-paradigme-de-city-plaza\/#primaryimage\"},\"thumbnailUrl\":\"https:\/\/www.pressenza.com\/wp-content\/uploads\/2016\/10\/Ath--nes-Le-paradigme-de-City-Plaza.jpg\",\"keywords\":[\"Ath\u00e8nes\",\"Gr\u00e8ce\",\"Immigration\"],\"articleSection\":[\"Droits humains\",\"Europe\",\"Interviews\",\"Video\"],\"inLanguage\":\"fr-FR\"},{\"@type\":\"WebPage\",\"@id\":\"https:\/\/www.pressenza.com\/fr\/2016\/10\/athenes-paradigme-de-city-plaza\/\",\"url\":\"https:\/\/www.pressenza.com\/fr\/2016\/10\/athenes-paradigme-de-city-plaza\/\",\"name\":\"Ath\u00e8nes : Le paradigme de City Plaza\",\"isPartOf\":{\"@id\":\"https:\/\/www.pressenza.com\/fr\/#website\"},\"primaryImageOfPage\":{\"@id\":\"https:\/\/www.pressenza.com\/fr\/2016\/10\/athenes-paradigme-de-city-plaza\/#primaryimage\"},\"image\":{\"@id\":\"https:\/\/www.pressenza.com\/fr\/2016\/10\/athenes-paradigme-de-city-plaza\/#primaryimage\"},\"thumbnailUrl\":\"https:\/\/www.pressenza.com\/wp-content\/uploads\/2016\/10\/Ath--nes-Le-paradigme-de-City-Plaza.jpg\",\"datePublished\":\"2016-10-11T01:40:36+00:00\",\"dateModified\":\"2016-10-13T05:53:40+00:00\",\"description\":\"Par\u00a0Eirini Stavrakopoulou Depuis le 22 avril, l\u2019h\u00f4tel City Plaza est\u00a0occup\u00e9 en\u00a0r\u00e9ponse aux accords entre l'Union europ\u00e9enne et la Turquie (50.000 r\u00e9fugi\u00e9s\",\"breadcrumb\":{\"@id\":\"https:\/\/www.pressenza.com\/fr\/2016\/10\/athenes-paradigme-de-city-plaza\/#breadcrumb\"},\"inLanguage\":\"fr-FR\",\"potentialAction\":[{\"@type\":\"ReadAction\",\"target\":[\"https:\/\/www.pressenza.com\/fr\/2016\/10\/athenes-paradigme-de-city-plaza\/\"]}]},{\"@type\":\"ImageObject\",\"inLanguage\":\"fr-FR\",\"@id\":\"https:\/\/www.pressenza.com\/fr\/2016\/10\/athenes-paradigme-de-city-plaza\/#primaryimage\",\"url\":\"https:\/\/www.pressenza.com\/wp-content\/uploads\/2016\/10\/Ath--nes-Le-paradigme-de-City-Plaza.jpg\",\"contentUrl\":\"https:\/\/www.pressenza.com\/wp-content\/uploads\/2016\/10\/Ath--nes-Le-paradigme-de-City-Plaza.jpg\",\"width\":890,\"height\":500},{\"@type\":\"BreadcrumbList\",\"@id\":\"https:\/\/www.pressenza.com\/fr\/2016\/10\/athenes-paradigme-de-city-plaza\/#breadcrumb\",\"itemListElement\":[{\"@type\":\"ListItem\",\"position\":1,\"name\":\"Accueil\",\"item\":\"https:\/\/www.pressenza.com\/fr\/\"},{\"@type\":\"ListItem\",\"position\":2,\"name\":\"Ath\u00e8nes : Le paradigme de City Plaza\"}]},{\"@type\":\"WebSite\",\"@id\":\"https:\/\/www.pressenza.com\/fr\/#website\",\"url\":\"https:\/\/www.pressenza.com\/fr\/\",\"name\":\"Pressenza\",\"description\":\"International Press Agency\",\"publisher\":{\"@id\":\"https:\/\/www.pressenza.com\/fr\/#organization\"},\"potentialAction\":[{\"@type\":\"SearchAction\",\"target\":{\"@type\":\"EntryPoint\",\"urlTemplate\":\"https:\/\/www.pressenza.com\/fr\/?s={search_term_string}\"},\"query-input\":{\"@type\":\"PropertyValueSpecification\",\"valueRequired\":true,\"valueName\":\"search_term_string\"}}],\"inLanguage\":\"fr-FR\"},{\"@type\":\"Organization\",\"@id\":\"https:\/\/www.pressenza.com\/fr\/#organization\",\"name\":\"Pressenza\",\"url\":\"https:\/\/www.pressenza.com\/fr\/\",\"logo\":{\"@type\":\"ImageObject\",\"inLanguage\":\"fr-FR\",\"@id\":\"https:\/\/www.pressenza.com\/fr\/#\/schema\/logo\/image\/\",\"url\":\"https:\/\/www.pressenza.com\/wp-content\/uploads\/2022\/10\/pressenza_logo_200x200.jpg\",\"contentUrl\":\"https:\/\/www.pressenza.com\/wp-content\/uploads\/2022\/10\/pressenza_logo_200x200.jpg\",\"width\":200,\"height\":200,\"caption\":\"Pressenza\"},\"image\":{\"@id\":\"https:\/\/www.pressenza.com\/fr\/#\/schema\/logo\/image\/\"},\"sameAs\":[\"https:\/\/www.facebook.com\/PressenzaItalia\",\"https:\/\/x.com\/PressenzaIPA\"]},{\"@type\":\"Person\",\"@id\":\"https:\/\/www.pressenza.com\/fr\/#\/schema\/person\/3c9fe6670cc2cffbd37562f87b98e869\",\"name\":\"R\u00e9daction France\",\"description\":\"News published by the Pressenza bureau in France\",\"sameAs\":[\"http:\/\/www.pressenza.com\/fr\"],\"url\":\"https:\/\/www.pressenza.com\/fr\/author\/redactionfrance\/\"}]}<\/script>\n<!-- \/ Yoast SEO plugin. -->","yoast_head_json":{"title":"Ath\u00e8nes : Le paradigme de City Plaza","description":"Par\u00a0Eirini Stavrakopoulou Depuis le 22 avril, l\u2019h\u00f4tel City Plaza est\u00a0occup\u00e9 en\u00a0r\u00e9ponse aux accords entre l'Union europ\u00e9enne et la Turquie (50.000 r\u00e9fugi\u00e9s","robots":{"index":"index","follow":"follow","max-snippet":"max-snippet:-1","max-image-preview":"max-image-preview:large","max-video-preview":"max-video-preview:-1"},"canonical":"https:\/\/www.pressenza.com\/fr\/2016\/10\/athenes-paradigme-de-city-plaza\/","og_locale":"fr_FR","og_type":"article","og_title":"Ath\u00e8nes : Le paradigme de City Plaza","og_description":"Par\u00a0Eirini Stavrakopoulou Depuis le 22 avril, l\u2019h\u00f4tel City Plaza est\u00a0occup\u00e9 en\u00a0r\u00e9ponse aux accords entre l'Union europ\u00e9enne et la Turquie (50.000 r\u00e9fugi\u00e9s","og_url":"https:\/\/www.pressenza.com\/fr\/2016\/10\/athenes-paradigme-de-city-plaza\/","og_site_name":"Pressenza","article_publisher":"https:\/\/www.facebook.com\/PressenzaItalia","article_published_time":"2016-10-11T01:40:36+00:00","article_modified_time":"2016-10-13T05:53:40+00:00","og_image":[{"width":890,"height":500,"url":"https:\/\/www.pressenza.com\/wp-content\/uploads\/2016\/10\/Ath--nes-Le-paradigme-de-City-Plaza.jpg","type":"image\/jpeg"}],"author":"R\u00e9daction France","twitter_card":"summary_large_image","twitter_creator":"@PressenzaIPA","twitter_site":"@PressenzaIPA","twitter_misc":{"\u00c9crit par":"R\u00e9daction France"},"schema":{"@context":"https:\/\/schema.org","@graph":[{"@type":"Article","@id":"https:\/\/www.pressenza.com\/fr\/2016\/10\/athenes-paradigme-de-city-plaza\/#article","isPartOf":{"@id":"https:\/\/www.pressenza.com\/fr\/2016\/10\/athenes-paradigme-de-city-plaza\/"},"author":{"name":"R\u00e9daction France","@id":"https:\/\/www.pressenza.com\/fr\/#\/schema\/person\/3c9fe6670cc2cffbd37562f87b98e869"},"headline":"Ath\u00e8nes : Le paradigme de City Plaza","datePublished":"2016-10-11T01:40:36+00:00","dateModified":"2016-10-13T05:53:40+00:00","mainEntityOfPage":{"@id":"https:\/\/www.pressenza.com\/fr\/2016\/10\/athenes-paradigme-de-city-plaza\/"},"wordCount":109,"publisher":{"@id":"https:\/\/www.pressenza.com\/fr\/#organization"},"image":{"@id":"https:\/\/www.pressenza.com\/fr\/2016\/10\/athenes-paradigme-de-city-plaza\/#primaryimage"},"thumbnailUrl":"https:\/\/www.pressenza.com\/wp-content\/uploads\/2016\/10\/Ath--nes-Le-paradigme-de-City-Plaza.jpg","keywords":["Ath\u00e8nes","Gr\u00e8ce","Immigration"],"articleSection":["Droits humains","Europe","Interviews","Video"],"inLanguage":"fr-FR"},{"@type":"WebPage","@id":"https:\/\/www.pressenza.com\/fr\/2016\/10\/athenes-paradigme-de-city-plaza\/","url":"https:\/\/www.pressenza.com\/fr\/2016\/10\/athenes-paradigme-de-city-plaza\/","name":"Ath\u00e8nes : Le paradigme de City Plaza","isPartOf":{"@id":"https:\/\/www.pressenza.com\/fr\/#website"},"primaryImageOfPage":{"@id":"https:\/\/www.pressenza.com\/fr\/2016\/10\/athenes-paradigme-de-city-plaza\/#primaryimage"},"image":{"@id":"https:\/\/www.pressenza.com\/fr\/2016\/10\/athenes-paradigme-de-city-plaza\/#primaryimage"},"thumbnailUrl":"https:\/\/www.pressenza.com\/wp-content\/uploads\/2016\/10\/Ath--nes-Le-paradigme-de-City-Plaza.jpg","datePublished":"2016-10-11T01:40:36+00:00","dateModified":"2016-10-13T05:53:40+00:00","description":"Par\u00a0Eirini Stavrakopoulou Depuis le 22 avril, l\u2019h\u00f4tel City Plaza est\u00a0occup\u00e9 en\u00a0r\u00e9ponse aux accords entre l'Union europ\u00e9enne et la Turquie (50.000 r\u00e9fugi\u00e9s","breadcrumb":{"@id":"https:\/\/www.pressenza.com\/fr\/2016\/10\/athenes-paradigme-de-city-plaza\/#breadcrumb"},"inLanguage":"fr-FR","potentialAction":[{"@type":"ReadAction","target":["https:\/\/www.pressenza.com\/fr\/2016\/10\/athenes-paradigme-de-city-plaza\/"]}]},{"@type":"ImageObject","inLanguage":"fr-FR","@id":"https:\/\/www.pressenza.com\/fr\/2016\/10\/athenes-paradigme-de-city-plaza\/#primaryimage","url":"https:\/\/www.pressenza.com\/wp-content\/uploads\/2016\/10\/Ath--nes-Le-paradigme-de-City-Plaza.jpg","contentUrl":"https:\/\/www.pressenza.com\/wp-content\/uploads\/2016\/10\/Ath--nes-Le-paradigme-de-City-Plaza.jpg","width":890,"height":500},{"@type":"BreadcrumbList","@id":"https:\/\/www.pressenza.com\/fr\/2016\/10\/athenes-paradigme-de-city-plaza\/#breadcrumb","itemListElement":[{"@type":"ListItem","position":1,"name":"Accueil","item":"https:\/\/www.pressenza.com\/fr\/"},{"@type":"ListItem","position":2,"name":"Ath\u00e8nes : Le paradigme de City Plaza"}]},{"@type":"WebSite","@id":"https:\/\/www.pressenza.com\/fr\/#website","url":"https:\/\/www.pressenza.com\/fr\/","name":"Pressenza","description":"International Press Agency","publisher":{"@id":"https:\/\/www.pressenza.com\/fr\/#organization"},"potentialAction":[{"@type":"SearchAction","target":{"@type":"EntryPoint","urlTemplate":"https:\/\/www.pressenza.com\/fr\/?s={search_term_string}"},"query-input":{"@type":"PropertyValueSpecification","valueRequired":true,"valueName":"search_term_string"}}],"inLanguage":"fr-FR"},{"@type":"Organization","@id":"https:\/\/www.pressenza.com\/fr\/#organization","name":"Pressenza","url":"https:\/\/www.pressenza.com\/fr\/","logo":{"@type":"ImageObject","inLanguage":"fr-FR","@id":"https:\/\/www.pressenza.com\/fr\/#\/schema\/logo\/image\/","url":"https:\/\/www.pressenza.com\/wp-content\/uploads\/2022\/10\/pressenza_logo_200x200.jpg","contentUrl":"https:\/\/www.pressenza.com\/wp-content\/uploads\/2022\/10\/pressenza_logo_200x200.jpg","width":200,"height":200,"caption":"Pressenza"},"image":{"@id":"https:\/\/www.pressenza.com\/fr\/#\/schema\/logo\/image\/"},"sameAs":["https:\/\/www.facebook.com\/PressenzaItalia","https:\/\/x.com\/PressenzaIPA"]},{"@type":"Person","@id":"https:\/\/www.pressenza.com\/fr\/#\/schema\/person\/3c9fe6670cc2cffbd37562f87b98e869","name":"R\u00e9daction France","description":"News published by the Pressenza bureau in France","sameAs":["http:\/\/www.pressenza.com\/fr"],"url":"https:\/\/www.pressenza.com\/fr\/author\/redactionfrance\/"}]}},"place":"Ath\u00e8nes, Gr\u00e8ce","original_article_url":"","_links":{"self":[{"href":"https:\/\/www.pressenza.com\/fr\/wp-json\/wp\/v2\/posts\/378368","targetHints":{"allow":["GET"]}}],"collection":[{"href":"https:\/\/www.pressenza.com\/fr\/wp-json\/wp\/v2\/posts"}],"about":[{"href":"https:\/\/www.pressenza.com\/fr\/wp-json\/wp\/v2\/types\/post"}],"author":[{"embeddable":true,"href":"https:\/\/www.pressenza.com\/fr\/wp-json\/wp\/v2\/users\/926"}],"replies":[{"embeddable":true,"href":"https:\/\/www.pressenza.com\/fr\/wp-json\/wp\/v2\/comments?post=378368"}],"version-history":[{"count":0,"href":"https:\/\/www.pressenza.com\/fr\/wp-json\/wp\/v2\/posts\/378368\/revisions"}],"wp:featuredmedia":[{"embeddable":true,"href":"https:\/\/www.pressenza.com\/fr\/wp-json\/wp\/v2\/media\/381421"}],"wp:attachment":[{"href":"https:\/\/www.pressenza.com\/fr\/wp-json\/wp\/v2\/media?parent=378368"}],"wp:term":[{"taxonomy":"category","embeddable":true,"href":"https:\/\/www.pressenza.com\/fr\/wp-json\/wp\/v2\/categories?post=378368"},{"taxonomy":"post_tag","embeddable":true,"href":"https:\/\/www.pressenza.com\/fr\/wp-json\/wp\/v2\/tags?post=378368"}],"curies":[{"name":"wp","href":"https:\/\/api.w.org\/{rel}","templated":true}]}}