{"id":377122,"date":"2016-10-04T15:02:15","date_gmt":"2016-10-04T14:02:15","guid":{"rendered":"http:\/\/www.pressenza.com\/fr\/?p=377122"},"modified":"2016-10-11T20:50:39","modified_gmt":"2016-10-11T19:50:39","slug":"congres-mondial-international-peace-bureau-ipb-2016-les-voix-humanistes","status":"publish","type":"post","link":"https:\/\/www.pressenza.com\/fr\/2016\/10\/congres-mondial-international-peace-bureau-ipb-2016-les-voix-humanistes\/","title":{"rendered":"Congr\u00e8s Mondial de l\u2019International Peace Bureau IPB 2016, les voix humanistes"},"content":{"rendered":"<p>Imm\u00e9diatement apr\u00e8s la cl\u00f4ture du Congr\u00e8s Mondial de <em>l\u2019International Peace Bureau IPB<\/em> \u00e0 Berlin, nous avons recueilli les sentiments de quelques humanistes qui ont particip\u00e9 \u00e0 l&rsquo;\u00e9v\u00e9nement\u00a0: contribuant \u00e0 semer de nouveaux espoirs, \u00e0 renouveler la sensibilit\u00e9 des gens et \u00e0 proposer des actions concr\u00e8tes \u00e0 mettre en place pour un monde diff\u00e9rent.<\/p>\n<p>Ci-dessous vous trouverez une courte vid\u00e9o avec leurs voix.<\/p>\n<p><iframe loading=\"lazy\" src=\"https:\/\/www.youtube.com\/embed\/Ynsie_q4ibY\" width=\"560\" height=\"315\" frameborder=\"0\" allowfullscreen=\"allowfullscreen\"><\/iframe><\/p>\n","protected":false},"excerpt":{"rendered":"<p>Imm\u00e9diatement apr\u00e8s la cl\u00f4ture du Congr\u00e8s Mondial de l\u2019International Peace Bureau IPB \u00e0 Berlin, nous avons recueilli les sentiments de quelques humanistes qui ont particip\u00e9 \u00e0 l&rsquo;\u00e9v\u00e9nement\u00a0: contribuant \u00e0 semer de nouveaux espoirs, \u00e0 renouveler la sensibilit\u00e9 des gens et&hellip;<\/p>\n","protected":false},"author":680,"featured_media":377087,"comment_status":"closed","ping_status":"closed","sticky":false,"template":"","format":"standard","meta":{"footnotes":""},"categories":[11386,85,40,156,1248,1250,27989],"tags":[7119,31360,30827,4887,265,298,1211,31187],"class_list":["post-377122","post","type-post","status-publish","format-standard","has-post-thumbnail","hentry","category-contenu-original","category-europe-fr","category-international-fr","category-interview-fr","category-nonviolence-sujet","category-paix-desarmement","category-video-fr","tag-berlin","tag-ipb-2016-fr","tag-ipb-berlin-peace-conference","tag-mouvement-humaniste","tag-nonviolence","tag-paix","tag-pressenza-2","tag-technical-university-berlin"],"yoast_head":"<!-- This site is optimized with the Yoast SEO plugin v27.1.1 - https:\/\/yoast.com\/product\/yoast-seo-wordpress\/ -->\n<title>Congr\u00e8s Mondial de l\u2019International Peace Bureau IPB 2016, les voix humanistes<\/title>\n<meta name=\"description\" content=\"Imm\u00e9diatement apr\u00e8s la cl\u00f4ture du Congr\u00e8s Mondial de l\u2019International Peace Bureau IPB \u00e0 Berlin, nous avons recueilli les sentiments de quelques humanistes\" \/>\n<meta name=\"robots\" content=\"index, follow, max-snippet:-1, max-image-preview:large, max-video-preview:-1\" \/>\n<link rel=\"canonical\" href=\"https:\/\/www.pressenza.com\/fr\/2016\/10\/congres-mondial-international-peace-bureau-ipb-2016-les-voix-humanistes\/\" \/>\n<meta property=\"og:locale\" content=\"fr_FR\" \/>\n<meta property=\"og:type\" content=\"article\" \/>\n<meta property=\"og:title\" content=\"Congr\u00e8s Mondial de l\u2019International Peace Bureau IPB 2016, les voix humanistes\" \/>\n<meta property=\"og:description\" content=\"Imm\u00e9diatement apr\u00e8s la cl\u00f4ture du Congr\u00e8s Mondial de l\u2019International Peace Bureau IPB \u00e0 Berlin, nous avons recueilli les sentiments de quelques humanistes\" \/>\n<meta property=\"og:url\" content=\"https:\/\/www.pressenza.com\/fr\/2016\/10\/congres-mondial-international-peace-bureau-ipb-2016-les-voix-humanistes\/\" \/>\n<meta property=\"og:site_name\" content=\"Pressenza\" \/>\n<meta property=\"article:publisher\" content=\"https:\/\/www.facebook.com\/PressenzaItalia\" \/>\n<meta property=\"article:author\" content=\"https:\/\/www.facebook.com\/dariosolare\" \/>\n<meta property=\"article:published_time\" content=\"2016-10-04T14:02:15+00:00\" \/>\n<meta property=\"article:modified_time\" content=\"2016-10-11T19:50:39+00:00\" \/>\n<meta property=\"og:image\" content=\"https:\/\/www.pressenza.com\/wp-content\/uploads\/2016\/10\/IMG_0715.jpg\" \/>\n\t<meta property=\"og:image:width\" content=\"3264\" \/>\n\t<meta property=\"og:image:height\" content=\"2448\" \/>\n\t<meta property=\"og:image:type\" content=\"image\/jpeg\" \/>\n<meta name=\"author\" content=\"Dario Lo Scalzo\" \/>\n<meta name=\"twitter:card\" content=\"summary_large_image\" \/>\n<meta name=\"twitter:creator\" content=\"@dario-lo-scalzo\" \/>\n<meta name=\"twitter:site\" content=\"@PressenzaIPA\" \/>\n<meta name=\"twitter:label1\" content=\"\u00c9crit par\" \/>\n\t<meta name=\"twitter:data1\" content=\"Dario Lo Scalzo\" \/>\n<script type=\"application\/ld+json\" class=\"yoast-schema-graph\">{\"@context\":\"https:\/\/schema.org\",\"@graph\":[{\"@type\":\"Article\",\"@id\":\"https:\/\/www.pressenza.com\/fr\/2016\/10\/congres-mondial-international-peace-bureau-ipb-2016-les-voix-humanistes\/#article\",\"isPartOf\":{\"@id\":\"https:\/\/www.pressenza.com\/fr\/2016\/10\/congres-mondial-international-peace-bureau-ipb-2016-les-voix-humanistes\/\"},\"author\":{\"name\":\"Dario Lo Scalzo\",\"@id\":\"https:\/\/www.pressenza.com\/fr\/#\/schema\/person\/4734d5a58e73e1588c6b58e2610d4390\"},\"headline\":\"Congr\u00e8s Mondial de l\u2019International Peace Bureau IPB 2016, les voix humanistes\",\"datePublished\":\"2016-10-04T14:02:15+00:00\",\"dateModified\":\"2016-10-11T19:50:39+00:00\",\"mainEntityOfPage\":{\"@id\":\"https:\/\/www.pressenza.com\/fr\/2016\/10\/congres-mondial-international-peace-bureau-ipb-2016-les-voix-humanistes\/\"},\"wordCount\":78,\"publisher\":{\"@id\":\"https:\/\/www.pressenza.com\/fr\/#organization\"},\"image\":{\"@id\":\"https:\/\/www.pressenza.com\/fr\/2016\/10\/congres-mondial-international-peace-bureau-ipb-2016-les-voix-humanistes\/#primaryimage\"},\"thumbnailUrl\":\"https:\/\/www.pressenza.com\/wp-content\/uploads\/2016\/10\/IMG_0715.jpg\",\"keywords\":[\"Berlin\",\"IPB 2016\",\"IPB Berlin Peace Conference\",\"Mouvement humaniste\",\"nonviolence\",\"Paix\",\"Pressenza\",\"Technical University Berlin\"],\"articleSection\":[\"Contenu Original\",\"Europe\",\"International\",\"Interviews\",\"Non-violence\",\"Paix et D\u00e9sarmement\",\"Video\"],\"inLanguage\":\"fr-FR\"},{\"@type\":\"WebPage\",\"@id\":\"https:\/\/www.pressenza.com\/fr\/2016\/10\/congres-mondial-international-peace-bureau-ipb-2016-les-voix-humanistes\/\",\"url\":\"https:\/\/www.pressenza.com\/fr\/2016\/10\/congres-mondial-international-peace-bureau-ipb-2016-les-voix-humanistes\/\",\"name\":\"Congr\u00e8s Mondial de l\u2019International Peace Bureau IPB 2016, les voix humanistes\",\"isPartOf\":{\"@id\":\"https:\/\/www.pressenza.com\/fr\/#website\"},\"primaryImageOfPage\":{\"@id\":\"https:\/\/www.pressenza.com\/fr\/2016\/10\/congres-mondial-international-peace-bureau-ipb-2016-les-voix-humanistes\/#primaryimage\"},\"image\":{\"@id\":\"https:\/\/www.pressenza.com\/fr\/2016\/10\/congres-mondial-international-peace-bureau-ipb-2016-les-voix-humanistes\/#primaryimage\"},\"thumbnailUrl\":\"https:\/\/www.pressenza.com\/wp-content\/uploads\/2016\/10\/IMG_0715.jpg\",\"datePublished\":\"2016-10-04T14:02:15+00:00\",\"dateModified\":\"2016-10-11T19:50:39+00:00\",\"description\":\"Imm\u00e9diatement apr\u00e8s la cl\u00f4ture du Congr\u00e8s Mondial de l\u2019International Peace Bureau IPB \u00e0 Berlin, nous avons recueilli les sentiments de quelques humanistes\",\"breadcrumb\":{\"@id\":\"https:\/\/www.pressenza.com\/fr\/2016\/10\/congres-mondial-international-peace-bureau-ipb-2016-les-voix-humanistes\/#breadcrumb\"},\"inLanguage\":\"fr-FR\",\"potentialAction\":[{\"@type\":\"ReadAction\",\"target\":[\"https:\/\/www.pressenza.com\/fr\/2016\/10\/congres-mondial-international-peace-bureau-ipb-2016-les-voix-humanistes\/\"]}]},{\"@type\":\"ImageObject\",\"inLanguage\":\"fr-FR\",\"@id\":\"https:\/\/www.pressenza.com\/fr\/2016\/10\/congres-mondial-international-peace-bureau-ipb-2016-les-voix-humanistes\/#primaryimage\",\"url\":\"https:\/\/www.pressenza.com\/wp-content\/uploads\/2016\/10\/IMG_0715.jpg\",\"contentUrl\":\"https:\/\/www.pressenza.com\/wp-content\/uploads\/2016\/10\/IMG_0715.jpg\",\"width\":3264,\"height\":2448},{\"@type\":\"BreadcrumbList\",\"@id\":\"https:\/\/www.pressenza.com\/fr\/2016\/10\/congres-mondial-international-peace-bureau-ipb-2016-les-voix-humanistes\/#breadcrumb\",\"itemListElement\":[{\"@type\":\"ListItem\",\"position\":1,\"name\":\"Accueil\",\"item\":\"https:\/\/www.pressenza.com\/fr\/\"},{\"@type\":\"ListItem\",\"position\":2,\"name\":\"Congr\u00e8s Mondial de l\u2019International Peace Bureau IPB 2016, les voix humanistes\"}]},{\"@type\":\"WebSite\",\"@id\":\"https:\/\/www.pressenza.com\/fr\/#website\",\"url\":\"https:\/\/www.pressenza.com\/fr\/\",\"name\":\"Pressenza\",\"description\":\"International Press Agency\",\"publisher\":{\"@id\":\"https:\/\/www.pressenza.com\/fr\/#organization\"},\"potentialAction\":[{\"@type\":\"SearchAction\",\"target\":{\"@type\":\"EntryPoint\",\"urlTemplate\":\"https:\/\/www.pressenza.com\/fr\/?s={search_term_string}\"},\"query-input\":{\"@type\":\"PropertyValueSpecification\",\"valueRequired\":true,\"valueName\":\"search_term_string\"}}],\"inLanguage\":\"fr-FR\"},{\"@type\":\"Organization\",\"@id\":\"https:\/\/www.pressenza.com\/fr\/#organization\",\"name\":\"Pressenza\",\"url\":\"https:\/\/www.pressenza.com\/fr\/\",\"logo\":{\"@type\":\"ImageObject\",\"inLanguage\":\"fr-FR\",\"@id\":\"https:\/\/www.pressenza.com\/fr\/#\/schema\/logo\/image\/\",\"url\":\"https:\/\/www.pressenza.com\/wp-content\/uploads\/2022\/10\/pressenza_logo_200x200.jpg\",\"contentUrl\":\"https:\/\/www.pressenza.com\/wp-content\/uploads\/2022\/10\/pressenza_logo_200x200.jpg\",\"width\":200,\"height\":200,\"caption\":\"Pressenza\"},\"image\":{\"@id\":\"https:\/\/www.pressenza.com\/fr\/#\/schema\/logo\/image\/\"},\"sameAs\":[\"https:\/\/www.facebook.com\/PressenzaItalia\",\"https:\/\/x.com\/PressenzaIPA\"]},{\"@type\":\"Person\",\"@id\":\"https:\/\/www.pressenza.com\/fr\/#\/schema\/person\/4734d5a58e73e1588c6b58e2610d4390\",\"name\":\"Dario Lo Scalzo\",\"description\":\"Dario Lo Scalzo: Journalist, writer and videomaker Dario has a professional background in banking, microcredit, lean thinking and change management. For years, he has been involved in Human Rights and Nonviolence issues. As a journalist, he wrote for Terranauta and Il Cambiamento (as a columnist and creator of the \\\"Invisible Stories\\\" section). He also cooperated with other online and print newpapers (Girodivite, Left Avvenimenti, Il Clandestino con permesso di soggiorno). In 2020, he created and launched the Video Team of the online green magazine \\\"GreenMe\\\". Currently, Dario is part of the Italian editorial staff of Pressenza International Press Agency and he is a freelance video-journalist at Radiotelevisione svizzera (RSI)\",\"sameAs\":[\"https:\/\/www.facebook.com\/dariosolare\",\"https:\/\/x.com\/dario-lo-scalzo\"],\"url\":\"https:\/\/www.pressenza.com\/fr\/author\/dario-lo-scalzo\/\"}]}<\/script>\n<!-- \/ Yoast SEO plugin. -->","yoast_head_json":{"title":"Congr\u00e8s Mondial de l\u2019International Peace Bureau IPB 2016, les voix humanistes","description":"Imm\u00e9diatement apr\u00e8s la cl\u00f4ture du Congr\u00e8s Mondial de l\u2019International Peace Bureau IPB \u00e0 Berlin, nous avons recueilli les sentiments de quelques humanistes","robots":{"index":"index","follow":"follow","max-snippet":"max-snippet:-1","max-image-preview":"max-image-preview:large","max-video-preview":"max-video-preview:-1"},"canonical":"https:\/\/www.pressenza.com\/fr\/2016\/10\/congres-mondial-international-peace-bureau-ipb-2016-les-voix-humanistes\/","og_locale":"fr_FR","og_type":"article","og_title":"Congr\u00e8s Mondial de l\u2019International Peace Bureau IPB 2016, les voix humanistes","og_description":"Imm\u00e9diatement apr\u00e8s la cl\u00f4ture du Congr\u00e8s Mondial de l\u2019International Peace Bureau IPB \u00e0 Berlin, nous avons recueilli les sentiments de quelques humanistes","og_url":"https:\/\/www.pressenza.com\/fr\/2016\/10\/congres-mondial-international-peace-bureau-ipb-2016-les-voix-humanistes\/","og_site_name":"Pressenza","article_publisher":"https:\/\/www.facebook.com\/PressenzaItalia","article_author":"https:\/\/www.facebook.com\/dariosolare","article_published_time":"2016-10-04T14:02:15+00:00","article_modified_time":"2016-10-11T19:50:39+00:00","og_image":[{"width":3264,"height":2448,"url":"https:\/\/www.pressenza.com\/wp-content\/uploads\/2016\/10\/IMG_0715.jpg","type":"image\/jpeg"}],"author":"Dario Lo Scalzo","twitter_card":"summary_large_image","twitter_creator":"@dario-lo-scalzo","twitter_site":"@PressenzaIPA","twitter_misc":{"\u00c9crit par":"Dario Lo Scalzo"},"schema":{"@context":"https:\/\/schema.org","@graph":[{"@type":"Article","@id":"https:\/\/www.pressenza.com\/fr\/2016\/10\/congres-mondial-international-peace-bureau-ipb-2016-les-voix-humanistes\/#article","isPartOf":{"@id":"https:\/\/www.pressenza.com\/fr\/2016\/10\/congres-mondial-international-peace-bureau-ipb-2016-les-voix-humanistes\/"},"author":{"name":"Dario Lo Scalzo","@id":"https:\/\/www.pressenza.com\/fr\/#\/schema\/person\/4734d5a58e73e1588c6b58e2610d4390"},"headline":"Congr\u00e8s Mondial de l\u2019International Peace Bureau IPB 2016, les voix humanistes","datePublished":"2016-10-04T14:02:15+00:00","dateModified":"2016-10-11T19:50:39+00:00","mainEntityOfPage":{"@id":"https:\/\/www.pressenza.com\/fr\/2016\/10\/congres-mondial-international-peace-bureau-ipb-2016-les-voix-humanistes\/"},"wordCount":78,"publisher":{"@id":"https:\/\/www.pressenza.com\/fr\/#organization"},"image":{"@id":"https:\/\/www.pressenza.com\/fr\/2016\/10\/congres-mondial-international-peace-bureau-ipb-2016-les-voix-humanistes\/#primaryimage"},"thumbnailUrl":"https:\/\/www.pressenza.com\/wp-content\/uploads\/2016\/10\/IMG_0715.jpg","keywords":["Berlin","IPB 2016","IPB Berlin Peace Conference","Mouvement humaniste","nonviolence","Paix","Pressenza","Technical University Berlin"],"articleSection":["Contenu Original","Europe","International","Interviews","Non-violence","Paix et D\u00e9sarmement","Video"],"inLanguage":"fr-FR"},{"@type":"WebPage","@id":"https:\/\/www.pressenza.com\/fr\/2016\/10\/congres-mondial-international-peace-bureau-ipb-2016-les-voix-humanistes\/","url":"https:\/\/www.pressenza.com\/fr\/2016\/10\/congres-mondial-international-peace-bureau-ipb-2016-les-voix-humanistes\/","name":"Congr\u00e8s Mondial de l\u2019International Peace Bureau IPB 2016, les voix humanistes","isPartOf":{"@id":"https:\/\/www.pressenza.com\/fr\/#website"},"primaryImageOfPage":{"@id":"https:\/\/www.pressenza.com\/fr\/2016\/10\/congres-mondial-international-peace-bureau-ipb-2016-les-voix-humanistes\/#primaryimage"},"image":{"@id":"https:\/\/www.pressenza.com\/fr\/2016\/10\/congres-mondial-international-peace-bureau-ipb-2016-les-voix-humanistes\/#primaryimage"},"thumbnailUrl":"https:\/\/www.pressenza.com\/wp-content\/uploads\/2016\/10\/IMG_0715.jpg","datePublished":"2016-10-04T14:02:15+00:00","dateModified":"2016-10-11T19:50:39+00:00","description":"Imm\u00e9diatement apr\u00e8s la cl\u00f4ture du Congr\u00e8s Mondial de l\u2019International Peace Bureau IPB \u00e0 Berlin, nous avons recueilli les sentiments de quelques humanistes","breadcrumb":{"@id":"https:\/\/www.pressenza.com\/fr\/2016\/10\/congres-mondial-international-peace-bureau-ipb-2016-les-voix-humanistes\/#breadcrumb"},"inLanguage":"fr-FR","potentialAction":[{"@type":"ReadAction","target":["https:\/\/www.pressenza.com\/fr\/2016\/10\/congres-mondial-international-peace-bureau-ipb-2016-les-voix-humanistes\/"]}]},{"@type":"ImageObject","inLanguage":"fr-FR","@id":"https:\/\/www.pressenza.com\/fr\/2016\/10\/congres-mondial-international-peace-bureau-ipb-2016-les-voix-humanistes\/#primaryimage","url":"https:\/\/www.pressenza.com\/wp-content\/uploads\/2016\/10\/IMG_0715.jpg","contentUrl":"https:\/\/www.pressenza.com\/wp-content\/uploads\/2016\/10\/IMG_0715.jpg","width":3264,"height":2448},{"@type":"BreadcrumbList","@id":"https:\/\/www.pressenza.com\/fr\/2016\/10\/congres-mondial-international-peace-bureau-ipb-2016-les-voix-humanistes\/#breadcrumb","itemListElement":[{"@type":"ListItem","position":1,"name":"Accueil","item":"https:\/\/www.pressenza.com\/fr\/"},{"@type":"ListItem","position":2,"name":"Congr\u00e8s Mondial de l\u2019International Peace Bureau IPB 2016, les voix humanistes"}]},{"@type":"WebSite","@id":"https:\/\/www.pressenza.com\/fr\/#website","url":"https:\/\/www.pressenza.com\/fr\/","name":"Pressenza","description":"International Press Agency","publisher":{"@id":"https:\/\/www.pressenza.com\/fr\/#organization"},"potentialAction":[{"@type":"SearchAction","target":{"@type":"EntryPoint","urlTemplate":"https:\/\/www.pressenza.com\/fr\/?s={search_term_string}"},"query-input":{"@type":"PropertyValueSpecification","valueRequired":true,"valueName":"search_term_string"}}],"inLanguage":"fr-FR"},{"@type":"Organization","@id":"https:\/\/www.pressenza.com\/fr\/#organization","name":"Pressenza","url":"https:\/\/www.pressenza.com\/fr\/","logo":{"@type":"ImageObject","inLanguage":"fr-FR","@id":"https:\/\/www.pressenza.com\/fr\/#\/schema\/logo\/image\/","url":"https:\/\/www.pressenza.com\/wp-content\/uploads\/2022\/10\/pressenza_logo_200x200.jpg","contentUrl":"https:\/\/www.pressenza.com\/wp-content\/uploads\/2022\/10\/pressenza_logo_200x200.jpg","width":200,"height":200,"caption":"Pressenza"},"image":{"@id":"https:\/\/www.pressenza.com\/fr\/#\/schema\/logo\/image\/"},"sameAs":["https:\/\/www.facebook.com\/PressenzaItalia","https:\/\/x.com\/PressenzaIPA"]},{"@type":"Person","@id":"https:\/\/www.pressenza.com\/fr\/#\/schema\/person\/4734d5a58e73e1588c6b58e2610d4390","name":"Dario Lo Scalzo","description":"Dario Lo Scalzo: Journalist, writer and videomaker Dario has a professional background in banking, microcredit, lean thinking and change management. For years, he has been involved in Human Rights and Nonviolence issues. As a journalist, he wrote for Terranauta and Il Cambiamento (as a columnist and creator of the \"Invisible Stories\" section). He also cooperated with other online and print newpapers (Girodivite, Left Avvenimenti, Il Clandestino con permesso di soggiorno). In 2020, he created and launched the Video Team of the online green magazine \"GreenMe\". Currently, Dario is part of the Italian editorial staff of Pressenza International Press Agency and he is a freelance video-journalist at Radiotelevisione svizzera (RSI)","sameAs":["https:\/\/www.facebook.com\/dariosolare","https:\/\/x.com\/dario-lo-scalzo"],"url":"https:\/\/www.pressenza.com\/fr\/author\/dario-lo-scalzo\/"}]}},"place":"Berlin, Allemagne","original_article_url":"","_links":{"self":[{"href":"https:\/\/www.pressenza.com\/fr\/wp-json\/wp\/v2\/posts\/377122","targetHints":{"allow":["GET"]}}],"collection":[{"href":"https:\/\/www.pressenza.com\/fr\/wp-json\/wp\/v2\/posts"}],"about":[{"href":"https:\/\/www.pressenza.com\/fr\/wp-json\/wp\/v2\/types\/post"}],"author":[{"embeddable":true,"href":"https:\/\/www.pressenza.com\/fr\/wp-json\/wp\/v2\/users\/680"}],"replies":[{"embeddable":true,"href":"https:\/\/www.pressenza.com\/fr\/wp-json\/wp\/v2\/comments?post=377122"}],"version-history":[{"count":0,"href":"https:\/\/www.pressenza.com\/fr\/wp-json\/wp\/v2\/posts\/377122\/revisions"}],"wp:featuredmedia":[{"embeddable":true,"href":"https:\/\/www.pressenza.com\/fr\/wp-json\/wp\/v2\/media\/377087"}],"wp:attachment":[{"href":"https:\/\/www.pressenza.com\/fr\/wp-json\/wp\/v2\/media?parent=377122"}],"wp:term":[{"taxonomy":"category","embeddable":true,"href":"https:\/\/www.pressenza.com\/fr\/wp-json\/wp\/v2\/categories?post=377122"},{"taxonomy":"post_tag","embeddable":true,"href":"https:\/\/www.pressenza.com\/fr\/wp-json\/wp\/v2\/tags?post=377122"}],"curies":[{"name":"wp","href":"https:\/\/api.w.org\/{rel}","templated":true}]}}