{"id":374974,"date":"2016-09-29T20:32:41","date_gmt":"2016-09-29T19:32:41","guid":{"rendered":"http:\/\/www.pressenza.com\/fr\/?p=374974"},"modified":"2016-09-30T03:39:28","modified_gmt":"2016-09-30T02:39:28","slug":"hector-toro-un-artiste-peintre-humaniste","status":"publish","type":"post","link":"https:\/\/www.pressenza.com\/fr\/2016\/09\/hector-toro-un-artiste-peintre-humaniste\/","title":{"rendered":"Hector Toro, un artiste peintre humaniste"},"content":{"rendered":"<p>Hector Toro est un artiste peintre humaniste n\u00e9 \u00e0 Medellin en Colombie. Il pratique la peinture symboliste et cherche son inspiration dans l\u2019histoire de l\u2019humanit\u00e9, la mythologie et le cosmos. Pressenza a eu l\u2019opportunit\u00e9 de l&rsquo;interroger \u00e0 l\u2019occasion de la F\u00eate de l\u2019Humanit\u00e9 2016.<\/p>\n<p><b>Comment a d\u00e9marr\u00e9 votre travail artistique ?<\/b><\/p>\n<p><span style=\"font-weight: 400;\">Lorsque j\u2019\u00e9tais plus jeune et que j\u2019habitais en Colombie, j\u2019\u00e9tais d\u00e9j\u00e0 dans une recherche d\u2019universalit\u00e9. Je faisais du th\u00e9\u00e2tre, de la po\u00e9sie ou de la photographie. Il y avait une sorte de catharsis, une recherche qui s\u2019exprimait alors de diff\u00e9rentes fa\u00e7ons. Cela a permis de renforcer mes racines \u00a0et de faire des choix pour devenir ce que je suis aujourd\u2019hui. <\/span><\/p>\n<p><b>Comment avez-vous r\u00e9ussi \u00e0 \u00e9chapper \u00e0 la culture du para\u00eetre qui pr\u00e9domine en Colombie ?<\/b><\/p>\n<p><span style=\"font-weight: 400;\">Pour moi le plus simple c\u2019est d\u2019\u00catre. C\u2019est le plus simple, mais c&rsquo;est aussi le plus difficile, le plus complet. Le besoin de para\u00eetre, c\u2019est le r\u00e9sultat de l\u2019influence de la soci\u00e9t\u00e9 de consommation. Je suis de plus en plus tranquille de ce c\u00f4t\u00e9-l\u00e0. Je sais que le mat\u00e9rialisme nous \u00e9loigne de nous-m\u00eames, et nous s\u00e9pare des autres. C\u2019est un pi\u00e8ge terrible. Les humains courent derri\u00e8re une illusion. Je suis sorti de cette course, et je me sens de plus en plus serein, sans amertume ou frustration aucune. Avec le peu de choses mat\u00e9rielles que je poss\u00e8de, je peux \u00eatre heureux.<\/span><\/p>\n<p><b>Comment votre travail artistique a-t-il \u00e9volu\u00e9 depuis votre arriv\u00e9e en France ?<\/b><\/p>\n<p><span style=\"font-weight: 400;\">A mon arriv\u00e9e en France, ma vision du monde s\u2019est sans doute \u00e9largie. Le fait d\u2019\u00eatre confront\u00e9 \u00e0 des personnes d\u2019autres origines, d\u2019autres cultures, d\u2019autres religions m\u2019a permis d\u2019\u00e9voluer en tant qu\u2019\u00eatre humain. Aujourd\u2019hui, je ne me consid\u00e8re plus exclusivement comme un Colombien, ou comme un latino-am\u00e9ricain, mais comme un citoyen du monde et m\u00eame citoyen du Cosmos.<\/span><\/p>\n<p><b>Est-ce que vous\u00a0percevez une \u00e9volution dans le monde contemporain ? <\/b><\/p>\n<p><span style=\"font-weight: 400;\">Je pense qu\u2019il y a une explosion du niveau de conscience \u00e0 tous les niveaux. Dans l\u2019art c\u2019est certain, mais aussi dans l\u2019\u00e9cologie, dans les relations humaines et m\u00eame dans la politique. Pour moi c\u2019est tr\u00e8s tangible, je le vis au quotidien dans mes rencontres, dans mes conversations.\u00a0 On se rend finalement compte que Tout est important. La qualit\u00e9 de notre alimentation, l\u2019air que nous respirons, le niveau de d\u00e9chets que nous produisons, etc. Que rien ne doit \u00eatre n\u00e9glig\u00e9. <\/span><\/p>\n<p><b>Et la peinture, comment vous aide-t-elle dans cette transition ?<\/b><\/p>\n<p><span style=\"font-weight: 400;\">La peinture, c\u2019est un excellent moyen pour me connecter avec l\u2019\u00eatre humain dans sa globalit\u00e9. C\u2019est une exp\u00e9rience mystique, dans le bons sens du terme. Lorsque je suis devant la toile, il s\u2019\u00e9tablit une connection avec la vibration du monde. Il y a une petite voix int\u00e9rieure qui t\u2019envoie des messages. Cela va bien au-del\u00e0 du sujet, de mon univers personnel ou du r\u00e9sultat. <\/span><\/p>\n<p><b>Et que repr\u00e9sente la F\u00eate de l\u2019Humanit\u00e9 pour vous ?<\/b><\/p>\n<p><span style=\"font-weight: 400;\">C\u2019est quelque chose d\u2019extraordinaire. Il s\u2019agit d\u2019une rencontre universelle pour partager des exp\u00e9riences dans une ambiance d\u2019unit\u00e9 et de fraternit\u00e9. Nous venons \u00e0 la F\u00eate de l\u2019Humanit\u00e9 sans masque. Les conversations sont ouvertes et permettent d\u2019aller plus loin de la d\u00e9couverte de soi. L\u2019autre est un v\u00e9ritable miroir qui t\u2019aide dans ta propre compr\u00e9hension. <\/span><\/p>\n<p><span style=\"font-weight: 400;\">Les probl\u00e9matiques humaines sont les m\u00eames partout dans le monde, mais elles \u00a0se manifestent diff\u00e9remment selon la culture et selon la tradition. <\/span><\/p>\n<p><span style=\"font-weight: 400;\">Ici, nous r\u00e9alisons combien nous sommes tous diff\u00e9rents, mais aussi \u00e0 quel point nous sommes tous connect\u00e9s par la m\u00eame \u00e9nergie.<\/span><\/p>\n<p>Pour mieux conna\u00eetre le travail de l&rsquo;artiste, je vous invite \u00e0 visiter sa page Facebook en cliquant <a href=\"https:\/\/www.facebook.com\/HectorToroArt\/\">ici\u00a0<\/a><\/p>\n","protected":false},"excerpt":{"rendered":"<p>Hector Toro est un artiste peintre humaniste n\u00e9 \u00e0 Medellin en Colombie. Il pratique la peinture symboliste et cherche son inspiration dans l\u2019histoire de l\u2019humanit\u00e9, la mythologie et le cosmos. Pressenza a eu l\u2019opportunit\u00e9 de l&rsquo;interroger \u00e0 l\u2019occasion de la&hellip;<\/p>\n","protected":false},"author":1239,"featured_media":374975,"comment_status":"closed","ping_status":"closed","sticky":false,"template":"","format":"standard","meta":{"footnotes":""},"categories":[11386,94],"tags":[4473,22203,30721,31065,30587,7120],"class_list":["post-374974","post","type-post","status-publish","format-standard","has-post-thumbnail","hentry","category-contenu-original","category-culture-fr","tag-art","tag-culture","tag-fete-de-lhumanite","tag-hector-toro","tag-mauricio-alvarez","tag-peinture"],"yoast_head":"<!-- This site is optimized with the Yoast SEO plugin v27.1.1 - https:\/\/yoast.com\/product\/yoast-seo-wordpress\/ -->\n<title>Hector Toro, un artiste peintre humaniste<\/title>\n<meta name=\"description\" content=\"Hector Toro est un artiste peintre humaniste n\u00e9 \u00e0 Medellin en Colombie. Il pratique la peinture symboliste et cherche son inspiration dans l\u2019histoire de\" \/>\n<meta name=\"robots\" content=\"index, follow, max-snippet:-1, max-image-preview:large, max-video-preview:-1\" \/>\n<link rel=\"canonical\" href=\"https:\/\/www.pressenza.com\/fr\/2016\/09\/hector-toro-un-artiste-peintre-humaniste\/\" \/>\n<meta property=\"og:locale\" content=\"fr_FR\" \/>\n<meta property=\"og:type\" content=\"article\" \/>\n<meta property=\"og:title\" content=\"Hector Toro, un artiste peintre humaniste\" \/>\n<meta property=\"og:description\" content=\"Hector Toro est un artiste peintre humaniste n\u00e9 \u00e0 Medellin en Colombie. Il pratique la peinture symboliste et cherche son inspiration dans l\u2019histoire de\" \/>\n<meta property=\"og:url\" content=\"https:\/\/www.pressenza.com\/fr\/2016\/09\/hector-toro-un-artiste-peintre-humaniste\/\" \/>\n<meta property=\"og:site_name\" content=\"Pressenza\" \/>\n<meta property=\"article:publisher\" content=\"https:\/\/www.facebook.com\/PressenzaItalia\" \/>\n<meta property=\"article:published_time\" content=\"2016-09-29T19:32:41+00:00\" \/>\n<meta property=\"article:modified_time\" content=\"2016-09-30T02:39:28+00:00\" \/>\n<meta property=\"og:image\" content=\"https:\/\/www.pressenza.com\/wp-content\/uploads\/2016\/09\/Hector-Toro-F-720x493.jpg\" \/>\n\t<meta property=\"og:image:width\" content=\"720\" \/>\n\t<meta property=\"og:image:height\" content=\"493\" \/>\n\t<meta property=\"og:image:type\" content=\"image\/jpeg\" \/>\n<meta name=\"author\" content=\"Mauricio Alvarez\" \/>\n<meta name=\"twitter:card\" content=\"summary_large_image\" \/>\n<meta name=\"twitter:creator\" content=\"@PressenzaIPA\" \/>\n<meta name=\"twitter:site\" content=\"@PressenzaIPA\" \/>\n<meta name=\"twitter:label1\" content=\"\u00c9crit par\" \/>\n\t<meta name=\"twitter:data1\" content=\"Mauricio Alvarez\" \/>\n\t<meta name=\"twitter:label2\" content=\"Dur\u00e9e de lecture estim\u00e9e\" \/>\n\t<meta name=\"twitter:data2\" content=\"3 minutes\" \/>\n<script type=\"application\/ld+json\" class=\"yoast-schema-graph\">{\"@context\":\"https:\/\/schema.org\",\"@graph\":[{\"@type\":\"Article\",\"@id\":\"https:\/\/www.pressenza.com\/fr\/2016\/09\/hector-toro-un-artiste-peintre-humaniste\/#article\",\"isPartOf\":{\"@id\":\"https:\/\/www.pressenza.com\/fr\/2016\/09\/hector-toro-un-artiste-peintre-humaniste\/\"},\"author\":{\"name\":\"Mauricio Alvarez\",\"@id\":\"https:\/\/www.pressenza.com\/fr\/#\/schema\/person\/595bca0f45866843c12a8f871d1af093\"},\"headline\":\"Hector Toro, un artiste peintre humaniste\",\"datePublished\":\"2016-09-29T19:32:41+00:00\",\"dateModified\":\"2016-09-30T02:39:28+00:00\",\"mainEntityOfPage\":{\"@id\":\"https:\/\/www.pressenza.com\/fr\/2016\/09\/hector-toro-un-artiste-peintre-humaniste\/\"},\"wordCount\":676,\"publisher\":{\"@id\":\"https:\/\/www.pressenza.com\/fr\/#organization\"},\"image\":{\"@id\":\"https:\/\/www.pressenza.com\/fr\/2016\/09\/hector-toro-un-artiste-peintre-humaniste\/#primaryimage\"},\"thumbnailUrl\":\"https:\/\/www.pressenza.com\/wp-content\/uploads\/2016\/09\/Hector-Toro-F.jpg\",\"keywords\":[\"art\",\"Culture and Media\",\"F\u00eate de l'Humanit\u00e9\",\"Hector Toro\",\"mauricio alvarez\",\"peinture\"],\"articleSection\":[\"Contenu Original\",\"Culture et M\u00e9dias\"],\"inLanguage\":\"fr-FR\"},{\"@type\":\"WebPage\",\"@id\":\"https:\/\/www.pressenza.com\/fr\/2016\/09\/hector-toro-un-artiste-peintre-humaniste\/\",\"url\":\"https:\/\/www.pressenza.com\/fr\/2016\/09\/hector-toro-un-artiste-peintre-humaniste\/\",\"name\":\"Hector Toro, un artiste peintre humaniste\",\"isPartOf\":{\"@id\":\"https:\/\/www.pressenza.com\/fr\/#website\"},\"primaryImageOfPage\":{\"@id\":\"https:\/\/www.pressenza.com\/fr\/2016\/09\/hector-toro-un-artiste-peintre-humaniste\/#primaryimage\"},\"image\":{\"@id\":\"https:\/\/www.pressenza.com\/fr\/2016\/09\/hector-toro-un-artiste-peintre-humaniste\/#primaryimage\"},\"thumbnailUrl\":\"https:\/\/www.pressenza.com\/wp-content\/uploads\/2016\/09\/Hector-Toro-F.jpg\",\"datePublished\":\"2016-09-29T19:32:41+00:00\",\"dateModified\":\"2016-09-30T02:39:28+00:00\",\"description\":\"Hector Toro est un artiste peintre humaniste n\u00e9 \u00e0 Medellin en Colombie. Il pratique la peinture symboliste et cherche son inspiration dans l\u2019histoire de\",\"breadcrumb\":{\"@id\":\"https:\/\/www.pressenza.com\/fr\/2016\/09\/hector-toro-un-artiste-peintre-humaniste\/#breadcrumb\"},\"inLanguage\":\"fr-FR\",\"potentialAction\":[{\"@type\":\"ReadAction\",\"target\":[\"https:\/\/www.pressenza.com\/fr\/2016\/09\/hector-toro-un-artiste-peintre-humaniste\/\"]}]},{\"@type\":\"ImageObject\",\"inLanguage\":\"fr-FR\",\"@id\":\"https:\/\/www.pressenza.com\/fr\/2016\/09\/hector-toro-un-artiste-peintre-humaniste\/#primaryimage\",\"url\":\"https:\/\/www.pressenza.com\/wp-content\/uploads\/2016\/09\/Hector-Toro-F.jpg\",\"contentUrl\":\"https:\/\/www.pressenza.com\/wp-content\/uploads\/2016\/09\/Hector-Toro-F.jpg\",\"width\":5197,\"height\":3562},{\"@type\":\"BreadcrumbList\",\"@id\":\"https:\/\/www.pressenza.com\/fr\/2016\/09\/hector-toro-un-artiste-peintre-humaniste\/#breadcrumb\",\"itemListElement\":[{\"@type\":\"ListItem\",\"position\":1,\"name\":\"Accueil\",\"item\":\"https:\/\/www.pressenza.com\/fr\/\"},{\"@type\":\"ListItem\",\"position\":2,\"name\":\"Hector Toro, un artiste peintre humaniste\"}]},{\"@type\":\"WebSite\",\"@id\":\"https:\/\/www.pressenza.com\/fr\/#website\",\"url\":\"https:\/\/www.pressenza.com\/fr\/\",\"name\":\"Pressenza\",\"description\":\"International Press Agency\",\"publisher\":{\"@id\":\"https:\/\/www.pressenza.com\/fr\/#organization\"},\"potentialAction\":[{\"@type\":\"SearchAction\",\"target\":{\"@type\":\"EntryPoint\",\"urlTemplate\":\"https:\/\/www.pressenza.com\/fr\/?s={search_term_string}\"},\"query-input\":{\"@type\":\"PropertyValueSpecification\",\"valueRequired\":true,\"valueName\":\"search_term_string\"}}],\"inLanguage\":\"fr-FR\"},{\"@type\":\"Organization\",\"@id\":\"https:\/\/www.pressenza.com\/fr\/#organization\",\"name\":\"Pressenza\",\"url\":\"https:\/\/www.pressenza.com\/fr\/\",\"logo\":{\"@type\":\"ImageObject\",\"inLanguage\":\"fr-FR\",\"@id\":\"https:\/\/www.pressenza.com\/fr\/#\/schema\/logo\/image\/\",\"url\":\"https:\/\/www.pressenza.com\/wp-content\/uploads\/2022\/10\/pressenza_logo_200x200.jpg\",\"contentUrl\":\"https:\/\/www.pressenza.com\/wp-content\/uploads\/2022\/10\/pressenza_logo_200x200.jpg\",\"width\":200,\"height\":200,\"caption\":\"Pressenza\"},\"image\":{\"@id\":\"https:\/\/www.pressenza.com\/fr\/#\/schema\/logo\/image\/\"},\"sameAs\":[\"https:\/\/www.facebook.com\/PressenzaItalia\",\"https:\/\/x.com\/PressenzaIPA\"]},{\"@type\":\"Person\",\"@id\":\"https:\/\/www.pressenza.com\/fr\/#\/schema\/person\/595bca0f45866843c12a8f871d1af093\",\"name\":\"Mauricio Alvarez\",\"url\":\"https:\/\/www.pressenza.com\/fr\/author\/mauricio-alvarez\/\"}]}<\/script>\n<!-- \/ Yoast SEO plugin. -->","yoast_head_json":{"title":"Hector Toro, un artiste peintre humaniste","description":"Hector Toro est un artiste peintre humaniste n\u00e9 \u00e0 Medellin en Colombie. Il pratique la peinture symboliste et cherche son inspiration dans l\u2019histoire de","robots":{"index":"index","follow":"follow","max-snippet":"max-snippet:-1","max-image-preview":"max-image-preview:large","max-video-preview":"max-video-preview:-1"},"canonical":"https:\/\/www.pressenza.com\/fr\/2016\/09\/hector-toro-un-artiste-peintre-humaniste\/","og_locale":"fr_FR","og_type":"article","og_title":"Hector Toro, un artiste peintre humaniste","og_description":"Hector Toro est un artiste peintre humaniste n\u00e9 \u00e0 Medellin en Colombie. Il pratique la peinture symboliste et cherche son inspiration dans l\u2019histoire de","og_url":"https:\/\/www.pressenza.com\/fr\/2016\/09\/hector-toro-un-artiste-peintre-humaniste\/","og_site_name":"Pressenza","article_publisher":"https:\/\/www.facebook.com\/PressenzaItalia","article_published_time":"2016-09-29T19:32:41+00:00","article_modified_time":"2016-09-30T02:39:28+00:00","og_image":[{"width":720,"height":493,"url":"https:\/\/www.pressenza.com\/wp-content\/uploads\/2016\/09\/Hector-Toro-F-720x493.jpg","type":"image\/jpeg"}],"author":"Mauricio Alvarez","twitter_card":"summary_large_image","twitter_creator":"@PressenzaIPA","twitter_site":"@PressenzaIPA","twitter_misc":{"\u00c9crit par":"Mauricio Alvarez","Dur\u00e9e de lecture estim\u00e9e":"3 minutes"},"schema":{"@context":"https:\/\/schema.org","@graph":[{"@type":"Article","@id":"https:\/\/www.pressenza.com\/fr\/2016\/09\/hector-toro-un-artiste-peintre-humaniste\/#article","isPartOf":{"@id":"https:\/\/www.pressenza.com\/fr\/2016\/09\/hector-toro-un-artiste-peintre-humaniste\/"},"author":{"name":"Mauricio Alvarez","@id":"https:\/\/www.pressenza.com\/fr\/#\/schema\/person\/595bca0f45866843c12a8f871d1af093"},"headline":"Hector Toro, un artiste peintre humaniste","datePublished":"2016-09-29T19:32:41+00:00","dateModified":"2016-09-30T02:39:28+00:00","mainEntityOfPage":{"@id":"https:\/\/www.pressenza.com\/fr\/2016\/09\/hector-toro-un-artiste-peintre-humaniste\/"},"wordCount":676,"publisher":{"@id":"https:\/\/www.pressenza.com\/fr\/#organization"},"image":{"@id":"https:\/\/www.pressenza.com\/fr\/2016\/09\/hector-toro-un-artiste-peintre-humaniste\/#primaryimage"},"thumbnailUrl":"https:\/\/www.pressenza.com\/wp-content\/uploads\/2016\/09\/Hector-Toro-F.jpg","keywords":["art","Culture and Media","F\u00eate de l'Humanit\u00e9","Hector Toro","mauricio alvarez","peinture"],"articleSection":["Contenu Original","Culture et M\u00e9dias"],"inLanguage":"fr-FR"},{"@type":"WebPage","@id":"https:\/\/www.pressenza.com\/fr\/2016\/09\/hector-toro-un-artiste-peintre-humaniste\/","url":"https:\/\/www.pressenza.com\/fr\/2016\/09\/hector-toro-un-artiste-peintre-humaniste\/","name":"Hector Toro, un artiste peintre humaniste","isPartOf":{"@id":"https:\/\/www.pressenza.com\/fr\/#website"},"primaryImageOfPage":{"@id":"https:\/\/www.pressenza.com\/fr\/2016\/09\/hector-toro-un-artiste-peintre-humaniste\/#primaryimage"},"image":{"@id":"https:\/\/www.pressenza.com\/fr\/2016\/09\/hector-toro-un-artiste-peintre-humaniste\/#primaryimage"},"thumbnailUrl":"https:\/\/www.pressenza.com\/wp-content\/uploads\/2016\/09\/Hector-Toro-F.jpg","datePublished":"2016-09-29T19:32:41+00:00","dateModified":"2016-09-30T02:39:28+00:00","description":"Hector Toro est un artiste peintre humaniste n\u00e9 \u00e0 Medellin en Colombie. Il pratique la peinture symboliste et cherche son inspiration dans l\u2019histoire de","breadcrumb":{"@id":"https:\/\/www.pressenza.com\/fr\/2016\/09\/hector-toro-un-artiste-peintre-humaniste\/#breadcrumb"},"inLanguage":"fr-FR","potentialAction":[{"@type":"ReadAction","target":["https:\/\/www.pressenza.com\/fr\/2016\/09\/hector-toro-un-artiste-peintre-humaniste\/"]}]},{"@type":"ImageObject","inLanguage":"fr-FR","@id":"https:\/\/www.pressenza.com\/fr\/2016\/09\/hector-toro-un-artiste-peintre-humaniste\/#primaryimage","url":"https:\/\/www.pressenza.com\/wp-content\/uploads\/2016\/09\/Hector-Toro-F.jpg","contentUrl":"https:\/\/www.pressenza.com\/wp-content\/uploads\/2016\/09\/Hector-Toro-F.jpg","width":5197,"height":3562},{"@type":"BreadcrumbList","@id":"https:\/\/www.pressenza.com\/fr\/2016\/09\/hector-toro-un-artiste-peintre-humaniste\/#breadcrumb","itemListElement":[{"@type":"ListItem","position":1,"name":"Accueil","item":"https:\/\/www.pressenza.com\/fr\/"},{"@type":"ListItem","position":2,"name":"Hector Toro, un artiste peintre humaniste"}]},{"@type":"WebSite","@id":"https:\/\/www.pressenza.com\/fr\/#website","url":"https:\/\/www.pressenza.com\/fr\/","name":"Pressenza","description":"International Press Agency","publisher":{"@id":"https:\/\/www.pressenza.com\/fr\/#organization"},"potentialAction":[{"@type":"SearchAction","target":{"@type":"EntryPoint","urlTemplate":"https:\/\/www.pressenza.com\/fr\/?s={search_term_string}"},"query-input":{"@type":"PropertyValueSpecification","valueRequired":true,"valueName":"search_term_string"}}],"inLanguage":"fr-FR"},{"@type":"Organization","@id":"https:\/\/www.pressenza.com\/fr\/#organization","name":"Pressenza","url":"https:\/\/www.pressenza.com\/fr\/","logo":{"@type":"ImageObject","inLanguage":"fr-FR","@id":"https:\/\/www.pressenza.com\/fr\/#\/schema\/logo\/image\/","url":"https:\/\/www.pressenza.com\/wp-content\/uploads\/2022\/10\/pressenza_logo_200x200.jpg","contentUrl":"https:\/\/www.pressenza.com\/wp-content\/uploads\/2022\/10\/pressenza_logo_200x200.jpg","width":200,"height":200,"caption":"Pressenza"},"image":{"@id":"https:\/\/www.pressenza.com\/fr\/#\/schema\/logo\/image\/"},"sameAs":["https:\/\/www.facebook.com\/PressenzaItalia","https:\/\/x.com\/PressenzaIPA"]},{"@type":"Person","@id":"https:\/\/www.pressenza.com\/fr\/#\/schema\/person\/595bca0f45866843c12a8f871d1af093","name":"Mauricio Alvarez","url":"https:\/\/www.pressenza.com\/fr\/author\/mauricio-alvarez\/"}]}},"place":"","original_article_url":"","_links":{"self":[{"href":"https:\/\/www.pressenza.com\/fr\/wp-json\/wp\/v2\/posts\/374974","targetHints":{"allow":["GET"]}}],"collection":[{"href":"https:\/\/www.pressenza.com\/fr\/wp-json\/wp\/v2\/posts"}],"about":[{"href":"https:\/\/www.pressenza.com\/fr\/wp-json\/wp\/v2\/types\/post"}],"author":[{"embeddable":true,"href":"https:\/\/www.pressenza.com\/fr\/wp-json\/wp\/v2\/users\/1239"}],"replies":[{"embeddable":true,"href":"https:\/\/www.pressenza.com\/fr\/wp-json\/wp\/v2\/comments?post=374974"}],"version-history":[{"count":0,"href":"https:\/\/www.pressenza.com\/fr\/wp-json\/wp\/v2\/posts\/374974\/revisions"}],"wp:featuredmedia":[{"embeddable":true,"href":"https:\/\/www.pressenza.com\/fr\/wp-json\/wp\/v2\/media\/374975"}],"wp:attachment":[{"href":"https:\/\/www.pressenza.com\/fr\/wp-json\/wp\/v2\/media?parent=374974"}],"wp:term":[{"taxonomy":"category","embeddable":true,"href":"https:\/\/www.pressenza.com\/fr\/wp-json\/wp\/v2\/categories?post=374974"},{"taxonomy":"post_tag","embeddable":true,"href":"https:\/\/www.pressenza.com\/fr\/wp-json\/wp\/v2\/tags?post=374974"}],"curies":[{"name":"wp","href":"https:\/\/api.w.org\/{rel}","templated":true}]}}