{"id":36942,"date":"2013-02-07T05:34:37","date_gmt":"2013-02-07T05:34:37","guid":{"rendered":"http:\/\/www.pressenza.com\/?p=36942"},"modified":"2013-02-07T05:34:37","modified_gmt":"2013-02-07T05:34:37","slug":"la-chaine-humaine-pour-larret-du-nucleaire-civil-et-militaire","status":"publish","type":"post","link":"https:\/\/www.pressenza.com\/fr\/2013\/02\/la-chaine-humaine-pour-larret-du-nucleaire-civil-et-militaire\/","title":{"rendered":"La cha\u00eene humaine pour l\u2019arr\u00eat du nucl\u00e9aire civil et militaire"},"content":{"rendered":"<div>\n<p><span style=\"font-size: 13px; line-height: 19px;\">L&rsquo;ann\u00e9e derni\u00e8re la cha\u00eene humaine qui avait \u00e9t\u00e9 organis\u00e9e en vall\u00e9e du Rh\u00f4ne avait rassembl\u00e9 60 000 personnes, du jamais vu depuis les ann\u00e9es 70 pour une manifestation antinucl\u00e9aire.<\/span><\/p>\n<\/div>\n<div>\n\n<p>Le 9 mars prochain, deux ans apr\u00e8s la catastrophe de Fukushima, une cha\u00eene humaine serpentera dans Paris et encerclera des lieux o\u00f9 se prennent des d\u00e9cisions li\u00e9es au nucl\u00e9aire . Organis\u00e9e par le R\u00e9seau \u00a0\u00bbSortir du nucl\u00e9aire\u00a0\u00bb et vingt organisations partenaires dont la Fondation Danielle Mitterrand &#8211; France Libert\u00e9s, nous appellons \u00e0 nouveau \u00e0 une mobilisation massive pour envoyer un signal fort au gouvernement, avant la r\u00e9daction de la loi sur la transition \u00e9nerg\u00e9tique.<\/p>\n<p>Le mot d&rsquo;ordre est\u00a0:\u00a0<strong>arr\u00eat du nucl\u00e9aire civil et militaire et transition \u00e9nerg\u00e9tique maintenant\u00a0!<\/strong><\/p>\n<p>De nombreux artistes et personnalit\u00e9s nous ont ainsi rejoints tels que Isabelle Autissier, Edgar Morin, Lofofora, les doigts de l\u2019homme et bien d\u2019autres encore\u00a0!<\/p>\n<p>Pour que cette cha\u00eene soit la preuve vivante de notre volont\u00e9 commune, pour rassembler de fa\u00e7on non violente et conviviale toutes les personnes qui veulent une soci\u00e9t\u00e9 sans nucl\u00e9aire, impliquez-vous d\u00e8s maintenant\u00a0: chaque personne compte et nous comptons sur vous\u00a0!<\/p>\n<p>Pour plus d\u2019informations, rendez vous sur\u00a0:<\/p>\n<p><a href=\"http:\/\/www.chainehumaine.org\/\">www.chainehumaine.org<\/a><\/p>\n<\/div>\n","protected":false},"excerpt":{"rendered":"<p>L&rsquo;ann\u00e9e derni\u00e8re la cha\u00eene humaine qui avait \u00e9t\u00e9 organis\u00e9e en vall\u00e9e du Rh\u00f4ne avait rassembl\u00e9 60 000 personnes, du jamais vu depuis les ann\u00e9es 70 pour une manifestation antinucl\u00e9aire. Le 9 mars prochain, deux ans apr\u00e8s la catastrophe de Fukushima,&hellip;<\/p>\n","protected":false},"author":752,"featured_media":36943,"comment_status":"closed","ping_status":"open","sticky":false,"template":"","format":"standard","meta":{"footnotes":""},"categories":[151,97,85],"tags":[3327,3326,3328,3329,3317],"class_list":["post-36942","post","type-post","status-publish","format-standard","has-post-thumbnail","hentry","category-communique-de-presse","category-environnement-et-ecologie","category-europe-fr","tag-arret-du-nucleaire-civil-et-militaire","tag-chaine-humaine","tag-civil","tag-militaire","tag-nucleaire"],"yoast_head":"<!-- This site is optimized with the Yoast SEO plugin v27.1.1 - https:\/\/yoast.com\/product\/yoast-seo-wordpress\/ -->\n<title>La cha\u00eene humaine pour l\u2019arr\u00eat du nucl\u00e9aire civil et militaire<\/title>\n<meta name=\"description\" content=\"L&#039;ann\u00e9e derni\u00e8re la cha\u00eene humaine qui avait \u00e9t\u00e9 organis\u00e9e en vall\u00e9e du Rh\u00f4ne avait rassembl\u00e9 60 000 personnes, du jamais vu depuis les ann\u00e9es 70 pour une\" \/>\n<meta name=\"robots\" content=\"index, follow, max-snippet:-1, max-image-preview:large, max-video-preview:-1\" \/>\n<link rel=\"canonical\" href=\"https:\/\/www.pressenza.com\/fr\/2013\/02\/la-chaine-humaine-pour-larret-du-nucleaire-civil-et-militaire\/\" \/>\n<meta property=\"og:locale\" content=\"fr_FR\" \/>\n<meta property=\"og:type\" content=\"article\" \/>\n<meta property=\"og:title\" content=\"La cha\u00eene humaine pour l\u2019arr\u00eat du nucl\u00e9aire civil et militaire\" \/>\n<meta property=\"og:description\" content=\"L&#039;ann\u00e9e derni\u00e8re la cha\u00eene humaine qui avait \u00e9t\u00e9 organis\u00e9e en vall\u00e9e du Rh\u00f4ne avait rassembl\u00e9 60 000 personnes, du jamais vu depuis les ann\u00e9es 70 pour une\" \/>\n<meta property=\"og:url\" content=\"https:\/\/www.pressenza.com\/fr\/2013\/02\/la-chaine-humaine-pour-larret-du-nucleaire-civil-et-militaire\/\" \/>\n<meta property=\"og:site_name\" content=\"Pressenza\" \/>\n<meta property=\"article:publisher\" content=\"https:\/\/www.facebook.com\/PressenzaItalia\" \/>\n<meta property=\"article:published_time\" content=\"2013-02-07T05:34:37+00:00\" \/>\n<meta property=\"og:image\" content=\"https:\/\/www.pressenza.com\/wp-content\/uploads\/2013\/02\/chaine-humaine-arret-du-nucleaire.jpg\" \/>\n\t<meta property=\"og:image:width\" content=\"300\" \/>\n\t<meta property=\"og:image:height\" content=\"300\" \/>\n\t<meta property=\"og:image:type\" content=\"image\/jpeg\" \/>\n<meta name=\"author\" content=\"R\u00e9daction Paris\" \/>\n<meta name=\"twitter:card\" content=\"summary_large_image\" \/>\n<meta name=\"twitter:creator\" content=\"@PressenzaIPA\" \/>\n<meta name=\"twitter:site\" content=\"@PressenzaIPA\" \/>\n<meta name=\"twitter:label1\" content=\"\u00c9crit par\" \/>\n\t<meta name=\"twitter:data1\" content=\"R\u00e9daction Paris\" \/>\n\t<meta name=\"twitter:label2\" content=\"Dur\u00e9e de lecture estim\u00e9e\" \/>\n\t<meta name=\"twitter:data2\" content=\"1 minute\" \/>\n<script type=\"application\/ld+json\" class=\"yoast-schema-graph\">{\"@context\":\"https:\/\/schema.org\",\"@graph\":[{\"@type\":\"Article\",\"@id\":\"https:\/\/www.pressenza.com\/fr\/2013\/02\/la-chaine-humaine-pour-larret-du-nucleaire-civil-et-militaire\/#article\",\"isPartOf\":{\"@id\":\"https:\/\/www.pressenza.com\/fr\/2013\/02\/la-chaine-humaine-pour-larret-du-nucleaire-civil-et-militaire\/\"},\"author\":{\"name\":\"R\u00e9daction Paris\",\"@id\":\"https:\/\/www.pressenza.com\/fr\/#\/schema\/person\/5698ef8d4c2a370cbdd59d5b17455af6\"},\"headline\":\"La cha\u00eene humaine pour l\u2019arr\u00eat du nucl\u00e9aire civil et militaire\",\"datePublished\":\"2013-02-07T05:34:37+00:00\",\"mainEntityOfPage\":{\"@id\":\"https:\/\/www.pressenza.com\/fr\/2013\/02\/la-chaine-humaine-pour-larret-du-nucleaire-civil-et-militaire\/\"},\"wordCount\":234,\"publisher\":{\"@id\":\"https:\/\/www.pressenza.com\/fr\/#organization\"},\"image\":{\"@id\":\"https:\/\/www.pressenza.com\/fr\/2013\/02\/la-chaine-humaine-pour-larret-du-nucleaire-civil-et-militaire\/#primaryimage\"},\"thumbnailUrl\":\"https:\/\/www.pressenza.com\/wp-content\/uploads\/2013\/02\/chaine-humaine-arret-du-nucleaire.jpg\",\"keywords\":[\"arr\u00eat du nucl\u00e9aire civil et militaire\",\"cha\u00eene humaine\",\"civil\",\"militaire\",\"Nucl\u00e9aire\"],\"articleSection\":[\"Communiqu\u00e9s de Presse\",\"Ecologie et Environnement\",\"Europe\"],\"inLanguage\":\"fr-FR\"},{\"@type\":\"WebPage\",\"@id\":\"https:\/\/www.pressenza.com\/fr\/2013\/02\/la-chaine-humaine-pour-larret-du-nucleaire-civil-et-militaire\/\",\"url\":\"https:\/\/www.pressenza.com\/fr\/2013\/02\/la-chaine-humaine-pour-larret-du-nucleaire-civil-et-militaire\/\",\"name\":\"La cha\u00eene humaine pour l\u2019arr\u00eat du nucl\u00e9aire civil et militaire\",\"isPartOf\":{\"@id\":\"https:\/\/www.pressenza.com\/fr\/#website\"},\"primaryImageOfPage\":{\"@id\":\"https:\/\/www.pressenza.com\/fr\/2013\/02\/la-chaine-humaine-pour-larret-du-nucleaire-civil-et-militaire\/#primaryimage\"},\"image\":{\"@id\":\"https:\/\/www.pressenza.com\/fr\/2013\/02\/la-chaine-humaine-pour-larret-du-nucleaire-civil-et-militaire\/#primaryimage\"},\"thumbnailUrl\":\"https:\/\/www.pressenza.com\/wp-content\/uploads\/2013\/02\/chaine-humaine-arret-du-nucleaire.jpg\",\"datePublished\":\"2013-02-07T05:34:37+00:00\",\"description\":\"L'ann\u00e9e derni\u00e8re la cha\u00eene humaine qui avait \u00e9t\u00e9 organis\u00e9e en vall\u00e9e du Rh\u00f4ne avait rassembl\u00e9 60 000 personnes, du jamais vu depuis les ann\u00e9es 70 pour une\",\"breadcrumb\":{\"@id\":\"https:\/\/www.pressenza.com\/fr\/2013\/02\/la-chaine-humaine-pour-larret-du-nucleaire-civil-et-militaire\/#breadcrumb\"},\"inLanguage\":\"fr-FR\",\"potentialAction\":[{\"@type\":\"ReadAction\",\"target\":[\"https:\/\/www.pressenza.com\/fr\/2013\/02\/la-chaine-humaine-pour-larret-du-nucleaire-civil-et-militaire\/\"]}]},{\"@type\":\"ImageObject\",\"inLanguage\":\"fr-FR\",\"@id\":\"https:\/\/www.pressenza.com\/fr\/2013\/02\/la-chaine-humaine-pour-larret-du-nucleaire-civil-et-militaire\/#primaryimage\",\"url\":\"https:\/\/www.pressenza.com\/wp-content\/uploads\/2013\/02\/chaine-humaine-arret-du-nucleaire.jpg\",\"contentUrl\":\"https:\/\/www.pressenza.com\/wp-content\/uploads\/2013\/02\/chaine-humaine-arret-du-nucleaire.jpg\",\"width\":\"300\",\"height\":\"300\"},{\"@type\":\"BreadcrumbList\",\"@id\":\"https:\/\/www.pressenza.com\/fr\/2013\/02\/la-chaine-humaine-pour-larret-du-nucleaire-civil-et-militaire\/#breadcrumb\",\"itemListElement\":[{\"@type\":\"ListItem\",\"position\":1,\"name\":\"Accueil\",\"item\":\"https:\/\/www.pressenza.com\/fr\/\"},{\"@type\":\"ListItem\",\"position\":2,\"name\":\"La cha\u00eene humaine pour l\u2019arr\u00eat du nucl\u00e9aire civil et militaire\"}]},{\"@type\":\"WebSite\",\"@id\":\"https:\/\/www.pressenza.com\/fr\/#website\",\"url\":\"https:\/\/www.pressenza.com\/fr\/\",\"name\":\"Pressenza\",\"description\":\"International Press Agency\",\"publisher\":{\"@id\":\"https:\/\/www.pressenza.com\/fr\/#organization\"},\"potentialAction\":[{\"@type\":\"SearchAction\",\"target\":{\"@type\":\"EntryPoint\",\"urlTemplate\":\"https:\/\/www.pressenza.com\/fr\/?s={search_term_string}\"},\"query-input\":{\"@type\":\"PropertyValueSpecification\",\"valueRequired\":true,\"valueName\":\"search_term_string\"}}],\"inLanguage\":\"fr-FR\"},{\"@type\":\"Organization\",\"@id\":\"https:\/\/www.pressenza.com\/fr\/#organization\",\"name\":\"Pressenza\",\"url\":\"https:\/\/www.pressenza.com\/fr\/\",\"logo\":{\"@type\":\"ImageObject\",\"inLanguage\":\"fr-FR\",\"@id\":\"https:\/\/www.pressenza.com\/fr\/#\/schema\/logo\/image\/\",\"url\":\"https:\/\/www.pressenza.com\/wp-content\/uploads\/2022\/10\/pressenza_logo_200x200.jpg\",\"contentUrl\":\"https:\/\/www.pressenza.com\/wp-content\/uploads\/2022\/10\/pressenza_logo_200x200.jpg\",\"width\":200,\"height\":200,\"caption\":\"Pressenza\"},\"image\":{\"@id\":\"https:\/\/www.pressenza.com\/fr\/#\/schema\/logo\/image\/\"},\"sameAs\":[\"https:\/\/www.facebook.com\/PressenzaItalia\",\"https:\/\/x.com\/PressenzaIPA\"]},{\"@type\":\"Person\",\"@id\":\"https:\/\/www.pressenza.com\/fr\/#\/schema\/person\/5698ef8d4c2a370cbdd59d5b17455af6\",\"name\":\"R\u00e9daction Paris\",\"description\":\"News published by the Pressenza bureau in Paris, France\",\"url\":\"https:\/\/www.pressenza.com\/fr\/author\/redaction-paris\/\"}]}<\/script>\n<!-- \/ Yoast SEO plugin. -->","yoast_head_json":{"title":"La cha\u00eene humaine pour l\u2019arr\u00eat du nucl\u00e9aire civil et militaire","description":"L'ann\u00e9e derni\u00e8re la cha\u00eene humaine qui avait \u00e9t\u00e9 organis\u00e9e en vall\u00e9e du Rh\u00f4ne avait rassembl\u00e9 60 000 personnes, du jamais vu depuis les ann\u00e9es 70 pour une","robots":{"index":"index","follow":"follow","max-snippet":"max-snippet:-1","max-image-preview":"max-image-preview:large","max-video-preview":"max-video-preview:-1"},"canonical":"https:\/\/www.pressenza.com\/fr\/2013\/02\/la-chaine-humaine-pour-larret-du-nucleaire-civil-et-militaire\/","og_locale":"fr_FR","og_type":"article","og_title":"La cha\u00eene humaine pour l\u2019arr\u00eat du nucl\u00e9aire civil et militaire","og_description":"L'ann\u00e9e derni\u00e8re la cha\u00eene humaine qui avait \u00e9t\u00e9 organis\u00e9e en vall\u00e9e du Rh\u00f4ne avait rassembl\u00e9 60 000 personnes, du jamais vu depuis les ann\u00e9es 70 pour une","og_url":"https:\/\/www.pressenza.com\/fr\/2013\/02\/la-chaine-humaine-pour-larret-du-nucleaire-civil-et-militaire\/","og_site_name":"Pressenza","article_publisher":"https:\/\/www.facebook.com\/PressenzaItalia","article_published_time":"2013-02-07T05:34:37+00:00","og_image":[{"width":300,"height":300,"url":"https:\/\/www.pressenza.com\/wp-content\/uploads\/2013\/02\/chaine-humaine-arret-du-nucleaire.jpg","type":"image\/jpeg"}],"author":"R\u00e9daction Paris","twitter_card":"summary_large_image","twitter_creator":"@PressenzaIPA","twitter_site":"@PressenzaIPA","twitter_misc":{"\u00c9crit par":"R\u00e9daction Paris","Dur\u00e9e de lecture estim\u00e9e":"1 minute"},"schema":{"@context":"https:\/\/schema.org","@graph":[{"@type":"Article","@id":"https:\/\/www.pressenza.com\/fr\/2013\/02\/la-chaine-humaine-pour-larret-du-nucleaire-civil-et-militaire\/#article","isPartOf":{"@id":"https:\/\/www.pressenza.com\/fr\/2013\/02\/la-chaine-humaine-pour-larret-du-nucleaire-civil-et-militaire\/"},"author":{"name":"R\u00e9daction Paris","@id":"https:\/\/www.pressenza.com\/fr\/#\/schema\/person\/5698ef8d4c2a370cbdd59d5b17455af6"},"headline":"La cha\u00eene humaine pour l\u2019arr\u00eat du nucl\u00e9aire civil et militaire","datePublished":"2013-02-07T05:34:37+00:00","mainEntityOfPage":{"@id":"https:\/\/www.pressenza.com\/fr\/2013\/02\/la-chaine-humaine-pour-larret-du-nucleaire-civil-et-militaire\/"},"wordCount":234,"publisher":{"@id":"https:\/\/www.pressenza.com\/fr\/#organization"},"image":{"@id":"https:\/\/www.pressenza.com\/fr\/2013\/02\/la-chaine-humaine-pour-larret-du-nucleaire-civil-et-militaire\/#primaryimage"},"thumbnailUrl":"https:\/\/www.pressenza.com\/wp-content\/uploads\/2013\/02\/chaine-humaine-arret-du-nucleaire.jpg","keywords":["arr\u00eat du nucl\u00e9aire civil et militaire","cha\u00eene humaine","civil","militaire","Nucl\u00e9aire"],"articleSection":["Communiqu\u00e9s de Presse","Ecologie et Environnement","Europe"],"inLanguage":"fr-FR"},{"@type":"WebPage","@id":"https:\/\/www.pressenza.com\/fr\/2013\/02\/la-chaine-humaine-pour-larret-du-nucleaire-civil-et-militaire\/","url":"https:\/\/www.pressenza.com\/fr\/2013\/02\/la-chaine-humaine-pour-larret-du-nucleaire-civil-et-militaire\/","name":"La cha\u00eene humaine pour l\u2019arr\u00eat du nucl\u00e9aire civil et militaire","isPartOf":{"@id":"https:\/\/www.pressenza.com\/fr\/#website"},"primaryImageOfPage":{"@id":"https:\/\/www.pressenza.com\/fr\/2013\/02\/la-chaine-humaine-pour-larret-du-nucleaire-civil-et-militaire\/#primaryimage"},"image":{"@id":"https:\/\/www.pressenza.com\/fr\/2013\/02\/la-chaine-humaine-pour-larret-du-nucleaire-civil-et-militaire\/#primaryimage"},"thumbnailUrl":"https:\/\/www.pressenza.com\/wp-content\/uploads\/2013\/02\/chaine-humaine-arret-du-nucleaire.jpg","datePublished":"2013-02-07T05:34:37+00:00","description":"L'ann\u00e9e derni\u00e8re la cha\u00eene humaine qui avait \u00e9t\u00e9 organis\u00e9e en vall\u00e9e du Rh\u00f4ne avait rassembl\u00e9 60 000 personnes, du jamais vu depuis les ann\u00e9es 70 pour une","breadcrumb":{"@id":"https:\/\/www.pressenza.com\/fr\/2013\/02\/la-chaine-humaine-pour-larret-du-nucleaire-civil-et-militaire\/#breadcrumb"},"inLanguage":"fr-FR","potentialAction":[{"@type":"ReadAction","target":["https:\/\/www.pressenza.com\/fr\/2013\/02\/la-chaine-humaine-pour-larret-du-nucleaire-civil-et-militaire\/"]}]},{"@type":"ImageObject","inLanguage":"fr-FR","@id":"https:\/\/www.pressenza.com\/fr\/2013\/02\/la-chaine-humaine-pour-larret-du-nucleaire-civil-et-militaire\/#primaryimage","url":"https:\/\/www.pressenza.com\/wp-content\/uploads\/2013\/02\/chaine-humaine-arret-du-nucleaire.jpg","contentUrl":"https:\/\/www.pressenza.com\/wp-content\/uploads\/2013\/02\/chaine-humaine-arret-du-nucleaire.jpg","width":"300","height":"300"},{"@type":"BreadcrumbList","@id":"https:\/\/www.pressenza.com\/fr\/2013\/02\/la-chaine-humaine-pour-larret-du-nucleaire-civil-et-militaire\/#breadcrumb","itemListElement":[{"@type":"ListItem","position":1,"name":"Accueil","item":"https:\/\/www.pressenza.com\/fr\/"},{"@type":"ListItem","position":2,"name":"La cha\u00eene humaine pour l\u2019arr\u00eat du nucl\u00e9aire civil et militaire"}]},{"@type":"WebSite","@id":"https:\/\/www.pressenza.com\/fr\/#website","url":"https:\/\/www.pressenza.com\/fr\/","name":"Pressenza","description":"International Press Agency","publisher":{"@id":"https:\/\/www.pressenza.com\/fr\/#organization"},"potentialAction":[{"@type":"SearchAction","target":{"@type":"EntryPoint","urlTemplate":"https:\/\/www.pressenza.com\/fr\/?s={search_term_string}"},"query-input":{"@type":"PropertyValueSpecification","valueRequired":true,"valueName":"search_term_string"}}],"inLanguage":"fr-FR"},{"@type":"Organization","@id":"https:\/\/www.pressenza.com\/fr\/#organization","name":"Pressenza","url":"https:\/\/www.pressenza.com\/fr\/","logo":{"@type":"ImageObject","inLanguage":"fr-FR","@id":"https:\/\/www.pressenza.com\/fr\/#\/schema\/logo\/image\/","url":"https:\/\/www.pressenza.com\/wp-content\/uploads\/2022\/10\/pressenza_logo_200x200.jpg","contentUrl":"https:\/\/www.pressenza.com\/wp-content\/uploads\/2022\/10\/pressenza_logo_200x200.jpg","width":200,"height":200,"caption":"Pressenza"},"image":{"@id":"https:\/\/www.pressenza.com\/fr\/#\/schema\/logo\/image\/"},"sameAs":["https:\/\/www.facebook.com\/PressenzaItalia","https:\/\/x.com\/PressenzaIPA"]},{"@type":"Person","@id":"https:\/\/www.pressenza.com\/fr\/#\/schema\/person\/5698ef8d4c2a370cbdd59d5b17455af6","name":"R\u00e9daction Paris","description":"News published by the Pressenza bureau in Paris, France","url":"https:\/\/www.pressenza.com\/fr\/author\/redaction-paris\/"}]}},"place":"Paris","original_article_url":"","_links":{"self":[{"href":"https:\/\/www.pressenza.com\/fr\/wp-json\/wp\/v2\/posts\/36942","targetHints":{"allow":["GET"]}}],"collection":[{"href":"https:\/\/www.pressenza.com\/fr\/wp-json\/wp\/v2\/posts"}],"about":[{"href":"https:\/\/www.pressenza.com\/fr\/wp-json\/wp\/v2\/types\/post"}],"author":[{"embeddable":true,"href":"https:\/\/www.pressenza.com\/fr\/wp-json\/wp\/v2\/users\/752"}],"replies":[{"embeddable":true,"href":"https:\/\/www.pressenza.com\/fr\/wp-json\/wp\/v2\/comments?post=36942"}],"version-history":[{"count":0,"href":"https:\/\/www.pressenza.com\/fr\/wp-json\/wp\/v2\/posts\/36942\/revisions"}],"wp:featuredmedia":[{"embeddable":true,"href":"https:\/\/www.pressenza.com\/fr\/wp-json\/wp\/v2\/media\/36943"}],"wp:attachment":[{"href":"https:\/\/www.pressenza.com\/fr\/wp-json\/wp\/v2\/media?parent=36942"}],"wp:term":[{"taxonomy":"category","embeddable":true,"href":"https:\/\/www.pressenza.com\/fr\/wp-json\/wp\/v2\/categories?post=36942"},{"taxonomy":"post_tag","embeddable":true,"href":"https:\/\/www.pressenza.com\/fr\/wp-json\/wp\/v2\/tags?post=36942"}],"curies":[{"name":"wp","href":"https:\/\/api.w.org\/{rel}","templated":true}]}}