{"id":368356,"date":"2016-09-12T21:12:18","date_gmt":"2016-09-12T20:12:18","guid":{"rendered":"http:\/\/www.pressenza.com\/fr\/?p=368356"},"modified":"2016-09-13T03:44:15","modified_gmt":"2016-09-13T02:44:15","slug":"le-dalai-lama-strasbourg-le-tibet-oublie","status":"publish","type":"post","link":"https:\/\/www.pressenza.com\/fr\/2016\/09\/le-dalai-lama-strasbourg-le-tibet-oublie\/","title":{"rendered":"Le Dalai Lama \u00e0 Strasbourg, le Tibet oubli\u00e9 ?"},"content":{"rendered":"<p style=\"text-align: justify;\" align=\"center\"><span style=\"font-family: Calibri, sans-serif;\"><b>Par : Jean-Yves CARLEN, pour le Mouvement pour une alternative non-violente (MAN) et\u00a0Agn\u00e8s CHARRON, pour l\u2019association \u00ab\u00a0Libert\u00e9 au Tibet\u00a0\u00bb\u00a0<\/b><\/span><\/p>\n<p><span style=\"font-family: Helvetica, Arial, sans-serif;\">Alors que le Dalai Lama est invit\u00e9 officiellement \u00e0 Strasbourg ces jours-ci en qualit\u00e9 de chef spirituel des Tib\u00e9tains, il n\u2019est rien dit, rien fait pour \u00e9voquer la situation au Tibet, pour exprimer une solidarit\u00e9 si n\u00e9cessaire envers ce peuple qui sur ces hautes terres himalayennes tente de survivre sous le joug de l\u2019occupant chinois.<\/span><\/p>\n<p><span style=\"font-family: Helvetica, Arial, sans-serif;\">N\u2019oublions pas que Tenzin Gyatso, 14<sup>\u00e8me<\/sup>\u00a0Dalai Lama, a aussi \u00e9t\u00e9, jusqu\u2019en 2011, l\u2019autorit\u00e9 politique du peuple tib\u00e9tain. Depuis son exil en Inde en 1959, il n\u2019a cess\u00e9 de parcourir le monde pour faire conna\u00eetre la trag\u00e9die que vit son peuple et chercher des appuis.<br \/>\n<\/span><\/p>\n<p><span style=\"font-family: Helvetica, Arial, sans-serif;\">Il a renonc\u00e9 \u00e0 revendiquer l\u2019ind\u00e9pendance pour proposer aux autorit\u00e9s chinoises d\u2019accorder au Tibet une v\u00e9ritable autonomie et a toujours cherch\u00e9 le dialogue avec P\u00e9kin pour aboutir \u00e0 une solution favorable aux deux parties.\u00a0<\/span><\/p>\n<p><span style=\"font-family: Helvetica, Arial, sans-serif;\">Il a unifi\u00e9 son peuple et l\u2019a encourag\u00e9 \u00e0 une r\u00e9sistance non-violente.<\/span><\/p>\n<p><span style=\"font-family: Helvetica, Arial, sans-serif;\">Nous nous \u00e9tonnons que les autorit\u00e9s accueillantes ne manifestent pas plus de cette solidarit\u00e9 si importante pour un peuple humili\u00e9 en permanence dans le silence international exig\u00e9, impos\u00e9 par P\u00e9kin.<\/span><\/p>\n<p><span style=\"font-family: Helvetica, Arial, sans-serif;\">Nos soci\u00e9t\u00e9s, nos \u00c9tats, nos responsables politiques ont-ils abandonn\u00e9 la partie, rel\u00e9guant les Droits de l&rsquo;Homme au second plan derri\u00e8re les compromissions, courbant l&rsquo;\u00e9chine devant cette puissance mondiale qui ne cesse d&rsquo;afficher ses vues expansionnistes et son d\u00e9sir de conqu\u00eates \u00e9conomiques et militaires ?<\/span><\/p>\n<p><span style=\"font-family: Helvetica, Arial, sans-serif;\">L&rsquo;abandon de nos valeurs d\u00e9mocratiques pour la d\u00e9fense des droits les plus \u00e9l\u00e9mentaires est-elle act\u00e9e, laissant la voie libre au nihilisme et aux puissants sans scrupules ?<\/span><\/p>\n<p><span style=\"font-family: Helvetica, Arial, sans-serif;\">Des actes tout simplement symboliques auraient pu, auraient d\u00fb accompagner le discours entourant la venue du premier des Tib\u00e9tains, Prix Nobel de la Paix. Ainsi Strasbourg aurait-elle pu parrainer une commune tib\u00e9taine pour montrer son attachement aux valeurs humanistes ainsi que l\u2019ont r\u00e9alis\u00e9 pr\u00e8s de 80 communes fran\u00e7aises (Brian\u00e7on, Vitrolles, Montb\u00e9liard, Digne, Paris XI et en Alsace, Dieffenthal dans le Bas-Rhin , Bennwihr, Kaysersberg, Eguisheim et Rammersmatt dans le Haut-Rhin).\u00a0<\/span><\/p>\n<p><span style=\"font-family: Helvetica, Arial, sans-serif;\">Au Tibet depuis des d\u00e9cennies, la r\u00e9pression se poursuit. Un nombre consid\u00e9rable de Tib\u00e9tains sont morts ou port\u00e9s disparus, des villages, des \u00e9difices culturels et cultuels ont \u00e9t\u00e9 d\u00e9truits, les plateaux militaris\u00e9s, nucl\u00e9aris\u00e9s, les nombreuses ressources mini\u00e8res pill\u00e9es, l&rsquo;environnement est semble-t-il fortement d\u00e9grad\u00e9. Des Tib\u00e9tains r\u00e9sistent et tentent de faire vivre leur culture, leur langue. Pr\u00e8s de 150 hommes et femmes identifi\u00e9s, religieux ou la\u00efcs, souvent tr\u00e8s jeunes, se sont ces derni\u00e8res r\u00e9centes ann\u00e9es immol\u00e9s par le feu jusqu&rsquo;\u00e0 la mort pour interpeller l&rsquo;opinion publique internationale.<\/span><\/p>\n<p><span style=\"font-family: Helvetica, Arial, sans-serif;\">Qui les entend ici ?<\/span><\/p>\n<p><span style=\"font-family: Helvetica, Arial, sans-serif;\">Qui se soucie d&rsquo;un peuple qui semble destin\u00e9 \u00e0 dispara\u00eetre peu \u00e0 peu ?<\/span><\/p>\n<p><span style=\"font-family: Helvetica, Arial, sans-serif;\">\u00a0<\/span><\/p>\n<p><span style=\"font-family: Helvetica, Arial, sans-serif;\">-Agn\u00e8s CHARRON, pour l\u2019association \u00ab\u00a0Libert\u00e9 au Tibet\u00a0\u00bb 3 rue du Marckrain 68630 Bennwihr<\/span><\/p>\n<p>liberteautibel@gmail.com<\/p>\n<p><span style=\"font-family: Helvetica, Arial, sans-serif;\">\u00a0<\/span><\/p>\n<p>&nbsp;<\/p>\n<p><img decoding=\"async\" class=\"Apple-web-attachment-container Apple-edge-to-edge-visual-media\" src=\"cid:part1.36165C53.23704838@nonviolence.fr\" alt=\"\" \/><\/p>\n<p>&nbsp;<\/p>\n<p>&nbsp;<\/p>\n","protected":false},"excerpt":{"rendered":"<p>Par : Jean-Yves CARLEN, pour le Mouvement pour une alternative non-violente (MAN) et\u00a0Agn\u00e8s CHARRON, pour l\u2019association \u00ab\u00a0Libert\u00e9 au Tibet\u00a0\u00bb\u00a0 Alors que le Dalai Lama est invit\u00e9 officiellement \u00e0 Strasbourg ces jours-ci en qualit\u00e9 de chef spirituel des Tib\u00e9tains, il n\u2019est&hellip;<\/p>\n","protected":false},"author":752,"featured_media":0,"comment_status":"closed","ping_status":"closed","sticky":false,"template":"","format":"standard","meta":{"footnotes":""},"categories":[151,85,1246,163,93],"tags":[30617,28903,30616,1358],"class_list":["post-368356","post","type-post","status-publish","format-standard","hentry","category-communique-de-presse","category-europe-fr","category-humanisme-spiritualite","category-opinion-fr","category-politique","tag-liberte-au-tibet","tag-non-violence","tag-pekin","tag-tibet"],"yoast_head":"<!-- This site is optimized with the Yoast SEO plugin v27.1.1 - https:\/\/yoast.com\/product\/yoast-seo-wordpress\/ -->\n<title>Le Dalai Lama \u00e0 Strasbourg, le Tibet oubli\u00e9 ?<\/title>\n<meta name=\"description\" content=\"Par : Jean-Yves CARLEN, pour le Mouvement pour une alternative non-violente (MAN) et\u00a0Agn\u00e8s CHARRON, pour l\u2019association \u00ab\u00a0Libert\u00e9 au Tibet\u00a0\u00bb\u00a0 Alors que le\" \/>\n<meta name=\"robots\" content=\"index, follow, max-snippet:-1, max-image-preview:large, max-video-preview:-1\" \/>\n<link rel=\"canonical\" href=\"https:\/\/www.pressenza.com\/fr\/2016\/09\/le-dalai-lama-strasbourg-le-tibet-oublie\/\" \/>\n<meta property=\"og:locale\" content=\"fr_FR\" \/>\n<meta property=\"og:type\" content=\"article\" \/>\n<meta property=\"og:title\" content=\"Le Dalai Lama \u00e0 Strasbourg, le Tibet oubli\u00e9 ?\" \/>\n<meta property=\"og:description\" content=\"Par : Jean-Yves CARLEN, pour le Mouvement pour une alternative non-violente (MAN) et\u00a0Agn\u00e8s CHARRON, pour l\u2019association \u00ab\u00a0Libert\u00e9 au Tibet\u00a0\u00bb\u00a0 Alors que le\" \/>\n<meta property=\"og:url\" content=\"https:\/\/www.pressenza.com\/fr\/2016\/09\/le-dalai-lama-strasbourg-le-tibet-oublie\/\" \/>\n<meta property=\"og:site_name\" content=\"Pressenza\" \/>\n<meta property=\"article:publisher\" content=\"https:\/\/www.facebook.com\/PressenzaItalia\" \/>\n<meta property=\"article:published_time\" content=\"2016-09-12T20:12:18+00:00\" \/>\n<meta property=\"article:modified_time\" content=\"2016-09-13T02:44:15+00:00\" \/>\n<meta name=\"author\" content=\"R\u00e9daction Paris\" \/>\n<meta name=\"twitter:card\" content=\"summary_large_image\" \/>\n<meta name=\"twitter:creator\" content=\"@PressenzaIPA\" \/>\n<meta name=\"twitter:site\" content=\"@PressenzaIPA\" \/>\n<meta name=\"twitter:label1\" content=\"\u00c9crit par\" \/>\n\t<meta name=\"twitter:data1\" content=\"R\u00e9daction Paris\" \/>\n\t<meta name=\"twitter:label2\" content=\"Dur\u00e9e de lecture estim\u00e9e\" \/>\n\t<meta name=\"twitter:data2\" content=\"3 minutes\" \/>\n<script type=\"application\/ld+json\" class=\"yoast-schema-graph\">{\"@context\":\"https:\/\/schema.org\",\"@graph\":[{\"@type\":\"Article\",\"@id\":\"https:\/\/www.pressenza.com\/fr\/2016\/09\/le-dalai-lama-strasbourg-le-tibet-oublie\/#article\",\"isPartOf\":{\"@id\":\"https:\/\/www.pressenza.com\/fr\/2016\/09\/le-dalai-lama-strasbourg-le-tibet-oublie\/\"},\"author\":{\"name\":\"R\u00e9daction Paris\",\"@id\":\"https:\/\/www.pressenza.com\/fr\/#\/schema\/person\/5698ef8d4c2a370cbdd59d5b17455af6\"},\"headline\":\"Le Dalai Lama \u00e0 Strasbourg, le Tibet oubli\u00e9 ?\",\"datePublished\":\"2016-09-12T20:12:18+00:00\",\"dateModified\":\"2016-09-13T02:44:15+00:00\",\"mainEntityOfPage\":{\"@id\":\"https:\/\/www.pressenza.com\/fr\/2016\/09\/le-dalai-lama-strasbourg-le-tibet-oublie\/\"},\"wordCount\":523,\"publisher\":{\"@id\":\"https:\/\/www.pressenza.com\/fr\/#organization\"},\"keywords\":[\"Libert\u00e9 au Tibet\",\"non-violence\",\"P\u00e9kin.\",\"Tibet\"],\"articleSection\":[\"Communiqu\u00e9s de Presse\",\"Europe\",\"Humanisme et Spiritualit\u00e9\",\"Opinion\",\"Politique\"],\"inLanguage\":\"fr-FR\"},{\"@type\":\"WebPage\",\"@id\":\"https:\/\/www.pressenza.com\/fr\/2016\/09\/le-dalai-lama-strasbourg-le-tibet-oublie\/\",\"url\":\"https:\/\/www.pressenza.com\/fr\/2016\/09\/le-dalai-lama-strasbourg-le-tibet-oublie\/\",\"name\":\"Le Dalai Lama \u00e0 Strasbourg, le Tibet oubli\u00e9 ?\",\"isPartOf\":{\"@id\":\"https:\/\/www.pressenza.com\/fr\/#website\"},\"datePublished\":\"2016-09-12T20:12:18+00:00\",\"dateModified\":\"2016-09-13T02:44:15+00:00\",\"description\":\"Par : Jean-Yves CARLEN, pour le Mouvement pour une alternative non-violente (MAN) et\u00a0Agn\u00e8s CHARRON, pour l\u2019association \u00ab\u00a0Libert\u00e9 au Tibet\u00a0\u00bb\u00a0 Alors que le\",\"breadcrumb\":{\"@id\":\"https:\/\/www.pressenza.com\/fr\/2016\/09\/le-dalai-lama-strasbourg-le-tibet-oublie\/#breadcrumb\"},\"inLanguage\":\"fr-FR\",\"potentialAction\":[{\"@type\":\"ReadAction\",\"target\":[\"https:\/\/www.pressenza.com\/fr\/2016\/09\/le-dalai-lama-strasbourg-le-tibet-oublie\/\"]}]},{\"@type\":\"BreadcrumbList\",\"@id\":\"https:\/\/www.pressenza.com\/fr\/2016\/09\/le-dalai-lama-strasbourg-le-tibet-oublie\/#breadcrumb\",\"itemListElement\":[{\"@type\":\"ListItem\",\"position\":1,\"name\":\"Accueil\",\"item\":\"https:\/\/www.pressenza.com\/fr\/\"},{\"@type\":\"ListItem\",\"position\":2,\"name\":\"Le Dalai Lama \u00e0 Strasbourg, le Tibet oubli\u00e9 ?\"}]},{\"@type\":\"WebSite\",\"@id\":\"https:\/\/www.pressenza.com\/fr\/#website\",\"url\":\"https:\/\/www.pressenza.com\/fr\/\",\"name\":\"Pressenza\",\"description\":\"International Press Agency\",\"publisher\":{\"@id\":\"https:\/\/www.pressenza.com\/fr\/#organization\"},\"potentialAction\":[{\"@type\":\"SearchAction\",\"target\":{\"@type\":\"EntryPoint\",\"urlTemplate\":\"https:\/\/www.pressenza.com\/fr\/?s={search_term_string}\"},\"query-input\":{\"@type\":\"PropertyValueSpecification\",\"valueRequired\":true,\"valueName\":\"search_term_string\"}}],\"inLanguage\":\"fr-FR\"},{\"@type\":\"Organization\",\"@id\":\"https:\/\/www.pressenza.com\/fr\/#organization\",\"name\":\"Pressenza\",\"url\":\"https:\/\/www.pressenza.com\/fr\/\",\"logo\":{\"@type\":\"ImageObject\",\"inLanguage\":\"fr-FR\",\"@id\":\"https:\/\/www.pressenza.com\/fr\/#\/schema\/logo\/image\/\",\"url\":\"https:\/\/www.pressenza.com\/wp-content\/uploads\/2022\/10\/pressenza_logo_200x200.jpg\",\"contentUrl\":\"https:\/\/www.pressenza.com\/wp-content\/uploads\/2022\/10\/pressenza_logo_200x200.jpg\",\"width\":200,\"height\":200,\"caption\":\"Pressenza\"},\"image\":{\"@id\":\"https:\/\/www.pressenza.com\/fr\/#\/schema\/logo\/image\/\"},\"sameAs\":[\"https:\/\/www.facebook.com\/PressenzaItalia\",\"https:\/\/x.com\/PressenzaIPA\"]},{\"@type\":\"Person\",\"@id\":\"https:\/\/www.pressenza.com\/fr\/#\/schema\/person\/5698ef8d4c2a370cbdd59d5b17455af6\",\"name\":\"R\u00e9daction Paris\",\"description\":\"News published by the Pressenza bureau in Paris, France\",\"url\":\"https:\/\/www.pressenza.com\/fr\/author\/redaction-paris\/\"}]}<\/script>\n<!-- \/ Yoast SEO plugin. -->","yoast_head_json":{"title":"Le Dalai Lama \u00e0 Strasbourg, le Tibet oubli\u00e9 ?","description":"Par : Jean-Yves CARLEN, pour le Mouvement pour une alternative non-violente (MAN) et\u00a0Agn\u00e8s CHARRON, pour l\u2019association \u00ab\u00a0Libert\u00e9 au Tibet\u00a0\u00bb\u00a0 Alors que le","robots":{"index":"index","follow":"follow","max-snippet":"max-snippet:-1","max-image-preview":"max-image-preview:large","max-video-preview":"max-video-preview:-1"},"canonical":"https:\/\/www.pressenza.com\/fr\/2016\/09\/le-dalai-lama-strasbourg-le-tibet-oublie\/","og_locale":"fr_FR","og_type":"article","og_title":"Le Dalai Lama \u00e0 Strasbourg, le Tibet oubli\u00e9 ?","og_description":"Par : Jean-Yves CARLEN, pour le Mouvement pour une alternative non-violente (MAN) et\u00a0Agn\u00e8s CHARRON, pour l\u2019association \u00ab\u00a0Libert\u00e9 au Tibet\u00a0\u00bb\u00a0 Alors que le","og_url":"https:\/\/www.pressenza.com\/fr\/2016\/09\/le-dalai-lama-strasbourg-le-tibet-oublie\/","og_site_name":"Pressenza","article_publisher":"https:\/\/www.facebook.com\/PressenzaItalia","article_published_time":"2016-09-12T20:12:18+00:00","article_modified_time":"2016-09-13T02:44:15+00:00","author":"R\u00e9daction Paris","twitter_card":"summary_large_image","twitter_creator":"@PressenzaIPA","twitter_site":"@PressenzaIPA","twitter_misc":{"\u00c9crit par":"R\u00e9daction Paris","Dur\u00e9e de lecture estim\u00e9e":"3 minutes"},"schema":{"@context":"https:\/\/schema.org","@graph":[{"@type":"Article","@id":"https:\/\/www.pressenza.com\/fr\/2016\/09\/le-dalai-lama-strasbourg-le-tibet-oublie\/#article","isPartOf":{"@id":"https:\/\/www.pressenza.com\/fr\/2016\/09\/le-dalai-lama-strasbourg-le-tibet-oublie\/"},"author":{"name":"R\u00e9daction Paris","@id":"https:\/\/www.pressenza.com\/fr\/#\/schema\/person\/5698ef8d4c2a370cbdd59d5b17455af6"},"headline":"Le Dalai Lama \u00e0 Strasbourg, le Tibet oubli\u00e9 ?","datePublished":"2016-09-12T20:12:18+00:00","dateModified":"2016-09-13T02:44:15+00:00","mainEntityOfPage":{"@id":"https:\/\/www.pressenza.com\/fr\/2016\/09\/le-dalai-lama-strasbourg-le-tibet-oublie\/"},"wordCount":523,"publisher":{"@id":"https:\/\/www.pressenza.com\/fr\/#organization"},"keywords":["Libert\u00e9 au Tibet","non-violence","P\u00e9kin.","Tibet"],"articleSection":["Communiqu\u00e9s de Presse","Europe","Humanisme et Spiritualit\u00e9","Opinion","Politique"],"inLanguage":"fr-FR"},{"@type":"WebPage","@id":"https:\/\/www.pressenza.com\/fr\/2016\/09\/le-dalai-lama-strasbourg-le-tibet-oublie\/","url":"https:\/\/www.pressenza.com\/fr\/2016\/09\/le-dalai-lama-strasbourg-le-tibet-oublie\/","name":"Le Dalai Lama \u00e0 Strasbourg, le Tibet oubli\u00e9 ?","isPartOf":{"@id":"https:\/\/www.pressenza.com\/fr\/#website"},"datePublished":"2016-09-12T20:12:18+00:00","dateModified":"2016-09-13T02:44:15+00:00","description":"Par : Jean-Yves CARLEN, pour le Mouvement pour une alternative non-violente (MAN) et\u00a0Agn\u00e8s CHARRON, pour l\u2019association \u00ab\u00a0Libert\u00e9 au Tibet\u00a0\u00bb\u00a0 Alors que le","breadcrumb":{"@id":"https:\/\/www.pressenza.com\/fr\/2016\/09\/le-dalai-lama-strasbourg-le-tibet-oublie\/#breadcrumb"},"inLanguage":"fr-FR","potentialAction":[{"@type":"ReadAction","target":["https:\/\/www.pressenza.com\/fr\/2016\/09\/le-dalai-lama-strasbourg-le-tibet-oublie\/"]}]},{"@type":"BreadcrumbList","@id":"https:\/\/www.pressenza.com\/fr\/2016\/09\/le-dalai-lama-strasbourg-le-tibet-oublie\/#breadcrumb","itemListElement":[{"@type":"ListItem","position":1,"name":"Accueil","item":"https:\/\/www.pressenza.com\/fr\/"},{"@type":"ListItem","position":2,"name":"Le Dalai Lama \u00e0 Strasbourg, le Tibet oubli\u00e9 ?"}]},{"@type":"WebSite","@id":"https:\/\/www.pressenza.com\/fr\/#website","url":"https:\/\/www.pressenza.com\/fr\/","name":"Pressenza","description":"International Press Agency","publisher":{"@id":"https:\/\/www.pressenza.com\/fr\/#organization"},"potentialAction":[{"@type":"SearchAction","target":{"@type":"EntryPoint","urlTemplate":"https:\/\/www.pressenza.com\/fr\/?s={search_term_string}"},"query-input":{"@type":"PropertyValueSpecification","valueRequired":true,"valueName":"search_term_string"}}],"inLanguage":"fr-FR"},{"@type":"Organization","@id":"https:\/\/www.pressenza.com\/fr\/#organization","name":"Pressenza","url":"https:\/\/www.pressenza.com\/fr\/","logo":{"@type":"ImageObject","inLanguage":"fr-FR","@id":"https:\/\/www.pressenza.com\/fr\/#\/schema\/logo\/image\/","url":"https:\/\/www.pressenza.com\/wp-content\/uploads\/2022\/10\/pressenza_logo_200x200.jpg","contentUrl":"https:\/\/www.pressenza.com\/wp-content\/uploads\/2022\/10\/pressenza_logo_200x200.jpg","width":200,"height":200,"caption":"Pressenza"},"image":{"@id":"https:\/\/www.pressenza.com\/fr\/#\/schema\/logo\/image\/"},"sameAs":["https:\/\/www.facebook.com\/PressenzaItalia","https:\/\/x.com\/PressenzaIPA"]},{"@type":"Person","@id":"https:\/\/www.pressenza.com\/fr\/#\/schema\/person\/5698ef8d4c2a370cbdd59d5b17455af6","name":"R\u00e9daction Paris","description":"News published by the Pressenza bureau in Paris, France","url":"https:\/\/www.pressenza.com\/fr\/author\/redaction-paris\/"}]}},"place":"Strasbourg","original_article_url":"","_links":{"self":[{"href":"https:\/\/www.pressenza.com\/fr\/wp-json\/wp\/v2\/posts\/368356","targetHints":{"allow":["GET"]}}],"collection":[{"href":"https:\/\/www.pressenza.com\/fr\/wp-json\/wp\/v2\/posts"}],"about":[{"href":"https:\/\/www.pressenza.com\/fr\/wp-json\/wp\/v2\/types\/post"}],"author":[{"embeddable":true,"href":"https:\/\/www.pressenza.com\/fr\/wp-json\/wp\/v2\/users\/752"}],"replies":[{"embeddable":true,"href":"https:\/\/www.pressenza.com\/fr\/wp-json\/wp\/v2\/comments?post=368356"}],"version-history":[{"count":0,"href":"https:\/\/www.pressenza.com\/fr\/wp-json\/wp\/v2\/posts\/368356\/revisions"}],"wp:attachment":[{"href":"https:\/\/www.pressenza.com\/fr\/wp-json\/wp\/v2\/media?parent=368356"}],"wp:term":[{"taxonomy":"category","embeddable":true,"href":"https:\/\/www.pressenza.com\/fr\/wp-json\/wp\/v2\/categories?post=368356"},{"taxonomy":"post_tag","embeddable":true,"href":"https:\/\/www.pressenza.com\/fr\/wp-json\/wp\/v2\/tags?post=368356"}],"curies":[{"name":"wp","href":"https:\/\/api.w.org\/{rel}","templated":true}]}}