{"id":367316,"date":"2016-09-09T22:27:07","date_gmt":"2016-09-09T21:27:07","guid":{"rendered":"http:\/\/www.pressenza.com\/fr\/?p=367316"},"modified":"2016-09-10T05:44:17","modified_gmt":"2016-09-10T04:44:17","slug":"france-doublement-budget-nucleaire-militaire","status":"publish","type":"post","link":"https:\/\/www.pressenza.com\/fr\/2016\/09\/france-doublement-budget-nucleaire-militaire\/","title":{"rendered":"France. Doublement du budget du nucl\u00e9aire militaire !"},"content":{"rendered":"<blockquote><p>La d\u00e9cision de doubler le budget de l\u2019armement nucl\u00e9aire\u00a0a \u00e9t\u00e9 prise sans aucun d\u00e9bat d\u00e9mocratique.<\/p>\n<p>Nous venons d&rsquo;apprendre que le budget de l&rsquo;armement nucl\u00e9aire fran\u00e7ais doit doubler dans les prochaines ann\u00e9es et atteindre 6 milliards d&rsquo;euros par an.<\/p><\/blockquote>\n<p>Cette hausse, que nous annoncions depuis des mois et qui avait donn\u00e9 lieu \u00e0 des d\u00e9mentis, vient donc d&rsquo;\u00eatre confirm\u00e9e par les plus hautes autorit\u00e9s civiles et militaires.<\/p>\n<p>IDN (<em>Initiatives pour le D\u00e9sarmement Nucl\u00e9aire<\/em>) consid\u00e8re qu&rsquo;il n&rsquo;est pas acceptable que ce choix lourd de cons\u00e9quences budg\u00e9taires, militaires et de s\u00e9curit\u00e9 ait \u00e9t\u00e9 fait en dehors de tout d\u00e9bat parlementaire. De plus, contrairement aux commentaires qui ont accompagn\u00e9 cette annonce, la situation internationale ne peut \u00eatre invoqu\u00e9e pour justifier un changement de dimension aussi brutal du budget nucl\u00e9aire militaire.<\/p>\n<p>La question de l&rsquo;armement nucl\u00e9aire et des syst\u00e8mes d&rsquo;armes qui la mettent en \u0153uvre est essentielle, compte tenu des cons\u00e9quences humanitaires catastrophiques auxquelles pourrait conduire l&#8217;emploi d&rsquo;une seule de ces armes. Toutes les d\u00e9cisions qui les concernent doivent donc \u00eatre prises dans la clart\u00e9, selon des proc\u00e9dures d\u00e9mocratiquement l\u00e9gitimes et en pleine connaissance de leurs cons\u00e9quences de toute nature. L&rsquo;armement nucl\u00e9aire doit cesser de b\u00e9n\u00e9ficier d&rsquo;un r\u00e9gime d&rsquo;exception. Il doit \u00eatre replac\u00e9 sous le r\u00e9gime du droit commun d\u00e9mocratique.<\/p>\n<p>&nbsp;<\/p>\n<p><em>Initiatives pour le D\u00e9sarmement Nucl\u00e9aire<\/em>\u00a0(IDN) a pour but d&rsquo;\u0153uvrer \u00e0 l&rsquo;\u00e9limination des armes nucl\u00e9aires de la plan\u00e8te, pour contribuer \u00e0 l&rsquo;\u00e9dification d&rsquo;un monde plus s\u00fbr. Son action s&rsquo;inscrit dans une r\u00e9flexion plus g\u00e9n\u00e9rale sur les enjeux strat\u00e9giques de ce d\u00e9but de 21\u00e8me si\u00e8cle et sur la capacit\u00e9 de la France \u00e0 assurer sa s\u00e9curit\u00e9 tout en continuant \u00e0 peser sur la marche du monde. IDN a \u00e9t\u00e9 fond\u00e9e par Paul QUILES (ancien ministre de la D\u00e9fense), Bernard NORLAIN (G\u00e9n\u00e9ral-2S) et Jean-Marie COLLIN (Expert).<\/p>\n<p>IDN &#8211; Initiatives pour le D\u00e9sarmement Nucl\u00e9aire, 23 rue d&rsquo;Alleray, 75015 Paris<\/p>\n<p><a href=\"http:\/\/www.idn-france.org\/\">http:\/\/www.idn-france.org\/<\/a><\/p>\n<p><a href=\"mailto:contact@idn-france.org\">contact@idn-france.org<\/a><\/p>\n","protected":false},"excerpt":{"rendered":"<p>La d\u00e9cision de doubler le budget de l\u2019armement nucl\u00e9aire\u00a0a \u00e9t\u00e9 prise sans aucun d\u00e9bat d\u00e9mocratique. Nous venons d&rsquo;apprendre que le budget de l&rsquo;armement nucl\u00e9aire fran\u00e7ais doit doubler dans les prochaines ann\u00e9es et atteindre 6 milliards d&rsquo;euros par an. Cette hausse,&hellip;<\/p>\n","protected":false},"author":926,"featured_media":367347,"comment_status":"closed","ping_status":"closed","sticky":false,"template":"","format":"standard","meta":{"footnotes":""},"categories":[151,85,1250],"tags":[30175,1034],"class_list":["post-367316","post","type-post","status-publish","format-standard","has-post-thumbnail","hentry","category-communique-de-presse","category-europe-fr","category-paix-desarmement","tag-armement-nucleaire","tag-france-fr"],"yoast_head":"<!-- This site is optimized with the Yoast SEO plugin v27.1.1 - https:\/\/yoast.com\/product\/yoast-seo-wordpress\/ -->\n<title>France. Doublement du budget du nucl\u00e9aire militaire !<\/title>\n<meta name=\"description\" content=\"La d\u00e9cision de doubler le budget de l\u2019armement nucl\u00e9aire\u00a0a \u00e9t\u00e9 prise sans aucun d\u00e9bat d\u00e9mocratique. Nous venons d&#039;apprendre que le budget de l&#039;armement\" \/>\n<meta name=\"robots\" content=\"index, follow, max-snippet:-1, max-image-preview:large, max-video-preview:-1\" \/>\n<link rel=\"canonical\" href=\"https:\/\/www.pressenza.com\/fr\/2016\/09\/france-doublement-budget-nucleaire-militaire\/\" \/>\n<meta property=\"og:locale\" content=\"fr_FR\" \/>\n<meta property=\"og:type\" content=\"article\" \/>\n<meta property=\"og:title\" content=\"France. Doublement du budget du nucl\u00e9aire militaire !\" \/>\n<meta property=\"og:description\" content=\"La d\u00e9cision de doubler le budget de l\u2019armement nucl\u00e9aire\u00a0a \u00e9t\u00e9 prise sans aucun d\u00e9bat d\u00e9mocratique. Nous venons d&#039;apprendre que le budget de l&#039;armement\" \/>\n<meta property=\"og:url\" content=\"https:\/\/www.pressenza.com\/fr\/2016\/09\/france-doublement-budget-nucleaire-militaire\/\" \/>\n<meta property=\"og:site_name\" content=\"Pressenza\" \/>\n<meta property=\"article:publisher\" content=\"https:\/\/www.facebook.com\/PressenzaItalia\" \/>\n<meta property=\"article:published_time\" content=\"2016-09-09T21:27:07+00:00\" \/>\n<meta property=\"article:modified_time\" content=\"2016-09-10T04:44:17+00:00\" \/>\n<meta property=\"og:image\" content=\"https:\/\/www.pressenza.com\/wp-content\/uploads\/2016\/09\/France.-Doublement-du-budget-du-nucl--aire-militaire.jpg\" \/>\n\t<meta property=\"og:image:width\" content=\"750\" \/>\n\t<meta property=\"og:image:height\" content=\"500\" \/>\n\t<meta property=\"og:image:type\" content=\"image\/jpeg\" \/>\n<meta name=\"author\" content=\"R\u00e9daction France\" \/>\n<meta name=\"twitter:card\" content=\"summary_large_image\" \/>\n<meta name=\"twitter:creator\" content=\"@PressenzaIPA\" \/>\n<meta name=\"twitter:site\" content=\"@PressenzaIPA\" \/>\n<meta name=\"twitter:label1\" content=\"\u00c9crit par\" \/>\n\t<meta name=\"twitter:data1\" content=\"R\u00e9daction France\" \/>\n\t<meta name=\"twitter:label2\" content=\"Dur\u00e9e de lecture estim\u00e9e\" \/>\n\t<meta name=\"twitter:data2\" content=\"2 minutes\" \/>\n<script type=\"application\/ld+json\" class=\"yoast-schema-graph\">{\"@context\":\"https:\/\/schema.org\",\"@graph\":[{\"@type\":\"Article\",\"@id\":\"https:\/\/www.pressenza.com\/fr\/2016\/09\/france-doublement-budget-nucleaire-militaire\/#article\",\"isPartOf\":{\"@id\":\"https:\/\/www.pressenza.com\/fr\/2016\/09\/france-doublement-budget-nucleaire-militaire\/\"},\"author\":{\"name\":\"R\u00e9daction France\",\"@id\":\"https:\/\/www.pressenza.com\/fr\/#\/schema\/person\/3c9fe6670cc2cffbd37562f87b98e869\"},\"headline\":\"France. Doublement du budget du nucl\u00e9aire militaire !\",\"datePublished\":\"2016-09-09T21:27:07+00:00\",\"dateModified\":\"2016-09-10T04:44:17+00:00\",\"mainEntityOfPage\":{\"@id\":\"https:\/\/www.pressenza.com\/fr\/2016\/09\/france-doublement-budget-nucleaire-militaire\/\"},\"wordCount\":382,\"publisher\":{\"@id\":\"https:\/\/www.pressenza.com\/fr\/#organization\"},\"image\":{\"@id\":\"https:\/\/www.pressenza.com\/fr\/2016\/09\/france-doublement-budget-nucleaire-militaire\/#primaryimage\"},\"thumbnailUrl\":\"https:\/\/www.pressenza.com\/wp-content\/uploads\/2016\/09\/France.-Doublement-du-budget-du-nucl--aire-militaire.jpg\",\"keywords\":[\"Armement nucl\u00e9aire\",\"France\"],\"articleSection\":[\"Communiqu\u00e9s de Presse\",\"Europe\",\"Paix et D\u00e9sarmement\"],\"inLanguage\":\"fr-FR\"},{\"@type\":\"WebPage\",\"@id\":\"https:\/\/www.pressenza.com\/fr\/2016\/09\/france-doublement-budget-nucleaire-militaire\/\",\"url\":\"https:\/\/www.pressenza.com\/fr\/2016\/09\/france-doublement-budget-nucleaire-militaire\/\",\"name\":\"France. Doublement du budget du nucl\u00e9aire militaire !\",\"isPartOf\":{\"@id\":\"https:\/\/www.pressenza.com\/fr\/#website\"},\"primaryImageOfPage\":{\"@id\":\"https:\/\/www.pressenza.com\/fr\/2016\/09\/france-doublement-budget-nucleaire-militaire\/#primaryimage\"},\"image\":{\"@id\":\"https:\/\/www.pressenza.com\/fr\/2016\/09\/france-doublement-budget-nucleaire-militaire\/#primaryimage\"},\"thumbnailUrl\":\"https:\/\/www.pressenza.com\/wp-content\/uploads\/2016\/09\/France.-Doublement-du-budget-du-nucl--aire-militaire.jpg\",\"datePublished\":\"2016-09-09T21:27:07+00:00\",\"dateModified\":\"2016-09-10T04:44:17+00:00\",\"description\":\"La d\u00e9cision de doubler le budget de l\u2019armement nucl\u00e9aire\u00a0a \u00e9t\u00e9 prise sans aucun d\u00e9bat d\u00e9mocratique. Nous venons d'apprendre que le budget de l'armement\",\"breadcrumb\":{\"@id\":\"https:\/\/www.pressenza.com\/fr\/2016\/09\/france-doublement-budget-nucleaire-militaire\/#breadcrumb\"},\"inLanguage\":\"fr-FR\",\"potentialAction\":[{\"@type\":\"ReadAction\",\"target\":[\"https:\/\/www.pressenza.com\/fr\/2016\/09\/france-doublement-budget-nucleaire-militaire\/\"]}]},{\"@type\":\"ImageObject\",\"inLanguage\":\"fr-FR\",\"@id\":\"https:\/\/www.pressenza.com\/fr\/2016\/09\/france-doublement-budget-nucleaire-militaire\/#primaryimage\",\"url\":\"https:\/\/www.pressenza.com\/wp-content\/uploads\/2016\/09\/France.-Doublement-du-budget-du-nucl--aire-militaire.jpg\",\"contentUrl\":\"https:\/\/www.pressenza.com\/wp-content\/uploads\/2016\/09\/France.-Doublement-du-budget-du-nucl--aire-militaire.jpg\",\"width\":750,\"height\":500},{\"@type\":\"BreadcrumbList\",\"@id\":\"https:\/\/www.pressenza.com\/fr\/2016\/09\/france-doublement-budget-nucleaire-militaire\/#breadcrumb\",\"itemListElement\":[{\"@type\":\"ListItem\",\"position\":1,\"name\":\"Accueil\",\"item\":\"https:\/\/www.pressenza.com\/fr\/\"},{\"@type\":\"ListItem\",\"position\":2,\"name\":\"France. Doublement du budget du nucl\u00e9aire militaire !\"}]},{\"@type\":\"WebSite\",\"@id\":\"https:\/\/www.pressenza.com\/fr\/#website\",\"url\":\"https:\/\/www.pressenza.com\/fr\/\",\"name\":\"Pressenza\",\"description\":\"International Press Agency\",\"publisher\":{\"@id\":\"https:\/\/www.pressenza.com\/fr\/#organization\"},\"potentialAction\":[{\"@type\":\"SearchAction\",\"target\":{\"@type\":\"EntryPoint\",\"urlTemplate\":\"https:\/\/www.pressenza.com\/fr\/?s={search_term_string}\"},\"query-input\":{\"@type\":\"PropertyValueSpecification\",\"valueRequired\":true,\"valueName\":\"search_term_string\"}}],\"inLanguage\":\"fr-FR\"},{\"@type\":\"Organization\",\"@id\":\"https:\/\/www.pressenza.com\/fr\/#organization\",\"name\":\"Pressenza\",\"url\":\"https:\/\/www.pressenza.com\/fr\/\",\"logo\":{\"@type\":\"ImageObject\",\"inLanguage\":\"fr-FR\",\"@id\":\"https:\/\/www.pressenza.com\/fr\/#\/schema\/logo\/image\/\",\"url\":\"https:\/\/www.pressenza.com\/wp-content\/uploads\/2022\/10\/pressenza_logo_200x200.jpg\",\"contentUrl\":\"https:\/\/www.pressenza.com\/wp-content\/uploads\/2022\/10\/pressenza_logo_200x200.jpg\",\"width\":200,\"height\":200,\"caption\":\"Pressenza\"},\"image\":{\"@id\":\"https:\/\/www.pressenza.com\/fr\/#\/schema\/logo\/image\/\"},\"sameAs\":[\"https:\/\/www.facebook.com\/PressenzaItalia\",\"https:\/\/x.com\/PressenzaIPA\"]},{\"@type\":\"Person\",\"@id\":\"https:\/\/www.pressenza.com\/fr\/#\/schema\/person\/3c9fe6670cc2cffbd37562f87b98e869\",\"name\":\"R\u00e9daction France\",\"description\":\"News published by the Pressenza bureau in France\",\"sameAs\":[\"http:\/\/www.pressenza.com\/fr\"],\"url\":\"https:\/\/www.pressenza.com\/fr\/author\/redactionfrance\/\"}]}<\/script>\n<!-- \/ Yoast SEO plugin. -->","yoast_head_json":{"title":"France. Doublement du budget du nucl\u00e9aire militaire !","description":"La d\u00e9cision de doubler le budget de l\u2019armement nucl\u00e9aire\u00a0a \u00e9t\u00e9 prise sans aucun d\u00e9bat d\u00e9mocratique. Nous venons d'apprendre que le budget de l'armement","robots":{"index":"index","follow":"follow","max-snippet":"max-snippet:-1","max-image-preview":"max-image-preview:large","max-video-preview":"max-video-preview:-1"},"canonical":"https:\/\/www.pressenza.com\/fr\/2016\/09\/france-doublement-budget-nucleaire-militaire\/","og_locale":"fr_FR","og_type":"article","og_title":"France. Doublement du budget du nucl\u00e9aire militaire !","og_description":"La d\u00e9cision de doubler le budget de l\u2019armement nucl\u00e9aire\u00a0a \u00e9t\u00e9 prise sans aucun d\u00e9bat d\u00e9mocratique. Nous venons d'apprendre que le budget de l'armement","og_url":"https:\/\/www.pressenza.com\/fr\/2016\/09\/france-doublement-budget-nucleaire-militaire\/","og_site_name":"Pressenza","article_publisher":"https:\/\/www.facebook.com\/PressenzaItalia","article_published_time":"2016-09-09T21:27:07+00:00","article_modified_time":"2016-09-10T04:44:17+00:00","og_image":[{"width":750,"height":500,"url":"https:\/\/www.pressenza.com\/wp-content\/uploads\/2016\/09\/France.-Doublement-du-budget-du-nucl--aire-militaire.jpg","type":"image\/jpeg"}],"author":"R\u00e9daction France","twitter_card":"summary_large_image","twitter_creator":"@PressenzaIPA","twitter_site":"@PressenzaIPA","twitter_misc":{"\u00c9crit par":"R\u00e9daction France","Dur\u00e9e de lecture estim\u00e9e":"2 minutes"},"schema":{"@context":"https:\/\/schema.org","@graph":[{"@type":"Article","@id":"https:\/\/www.pressenza.com\/fr\/2016\/09\/france-doublement-budget-nucleaire-militaire\/#article","isPartOf":{"@id":"https:\/\/www.pressenza.com\/fr\/2016\/09\/france-doublement-budget-nucleaire-militaire\/"},"author":{"name":"R\u00e9daction France","@id":"https:\/\/www.pressenza.com\/fr\/#\/schema\/person\/3c9fe6670cc2cffbd37562f87b98e869"},"headline":"France. Doublement du budget du nucl\u00e9aire militaire !","datePublished":"2016-09-09T21:27:07+00:00","dateModified":"2016-09-10T04:44:17+00:00","mainEntityOfPage":{"@id":"https:\/\/www.pressenza.com\/fr\/2016\/09\/france-doublement-budget-nucleaire-militaire\/"},"wordCount":382,"publisher":{"@id":"https:\/\/www.pressenza.com\/fr\/#organization"},"image":{"@id":"https:\/\/www.pressenza.com\/fr\/2016\/09\/france-doublement-budget-nucleaire-militaire\/#primaryimage"},"thumbnailUrl":"https:\/\/www.pressenza.com\/wp-content\/uploads\/2016\/09\/France.-Doublement-du-budget-du-nucl--aire-militaire.jpg","keywords":["Armement nucl\u00e9aire","France"],"articleSection":["Communiqu\u00e9s de Presse","Europe","Paix et D\u00e9sarmement"],"inLanguage":"fr-FR"},{"@type":"WebPage","@id":"https:\/\/www.pressenza.com\/fr\/2016\/09\/france-doublement-budget-nucleaire-militaire\/","url":"https:\/\/www.pressenza.com\/fr\/2016\/09\/france-doublement-budget-nucleaire-militaire\/","name":"France. Doublement du budget du nucl\u00e9aire militaire !","isPartOf":{"@id":"https:\/\/www.pressenza.com\/fr\/#website"},"primaryImageOfPage":{"@id":"https:\/\/www.pressenza.com\/fr\/2016\/09\/france-doublement-budget-nucleaire-militaire\/#primaryimage"},"image":{"@id":"https:\/\/www.pressenza.com\/fr\/2016\/09\/france-doublement-budget-nucleaire-militaire\/#primaryimage"},"thumbnailUrl":"https:\/\/www.pressenza.com\/wp-content\/uploads\/2016\/09\/France.-Doublement-du-budget-du-nucl--aire-militaire.jpg","datePublished":"2016-09-09T21:27:07+00:00","dateModified":"2016-09-10T04:44:17+00:00","description":"La d\u00e9cision de doubler le budget de l\u2019armement nucl\u00e9aire\u00a0a \u00e9t\u00e9 prise sans aucun d\u00e9bat d\u00e9mocratique. Nous venons d'apprendre que le budget de l'armement","breadcrumb":{"@id":"https:\/\/www.pressenza.com\/fr\/2016\/09\/france-doublement-budget-nucleaire-militaire\/#breadcrumb"},"inLanguage":"fr-FR","potentialAction":[{"@type":"ReadAction","target":["https:\/\/www.pressenza.com\/fr\/2016\/09\/france-doublement-budget-nucleaire-militaire\/"]}]},{"@type":"ImageObject","inLanguage":"fr-FR","@id":"https:\/\/www.pressenza.com\/fr\/2016\/09\/france-doublement-budget-nucleaire-militaire\/#primaryimage","url":"https:\/\/www.pressenza.com\/wp-content\/uploads\/2016\/09\/France.-Doublement-du-budget-du-nucl--aire-militaire.jpg","contentUrl":"https:\/\/www.pressenza.com\/wp-content\/uploads\/2016\/09\/France.-Doublement-du-budget-du-nucl--aire-militaire.jpg","width":750,"height":500},{"@type":"BreadcrumbList","@id":"https:\/\/www.pressenza.com\/fr\/2016\/09\/france-doublement-budget-nucleaire-militaire\/#breadcrumb","itemListElement":[{"@type":"ListItem","position":1,"name":"Accueil","item":"https:\/\/www.pressenza.com\/fr\/"},{"@type":"ListItem","position":2,"name":"France. Doublement du budget du nucl\u00e9aire militaire !"}]},{"@type":"WebSite","@id":"https:\/\/www.pressenza.com\/fr\/#website","url":"https:\/\/www.pressenza.com\/fr\/","name":"Pressenza","description":"International Press Agency","publisher":{"@id":"https:\/\/www.pressenza.com\/fr\/#organization"},"potentialAction":[{"@type":"SearchAction","target":{"@type":"EntryPoint","urlTemplate":"https:\/\/www.pressenza.com\/fr\/?s={search_term_string}"},"query-input":{"@type":"PropertyValueSpecification","valueRequired":true,"valueName":"search_term_string"}}],"inLanguage":"fr-FR"},{"@type":"Organization","@id":"https:\/\/www.pressenza.com\/fr\/#organization","name":"Pressenza","url":"https:\/\/www.pressenza.com\/fr\/","logo":{"@type":"ImageObject","inLanguage":"fr-FR","@id":"https:\/\/www.pressenza.com\/fr\/#\/schema\/logo\/image\/","url":"https:\/\/www.pressenza.com\/wp-content\/uploads\/2022\/10\/pressenza_logo_200x200.jpg","contentUrl":"https:\/\/www.pressenza.com\/wp-content\/uploads\/2022\/10\/pressenza_logo_200x200.jpg","width":200,"height":200,"caption":"Pressenza"},"image":{"@id":"https:\/\/www.pressenza.com\/fr\/#\/schema\/logo\/image\/"},"sameAs":["https:\/\/www.facebook.com\/PressenzaItalia","https:\/\/x.com\/PressenzaIPA"]},{"@type":"Person","@id":"https:\/\/www.pressenza.com\/fr\/#\/schema\/person\/3c9fe6670cc2cffbd37562f87b98e869","name":"R\u00e9daction France","description":"News published by the Pressenza bureau in France","sameAs":["http:\/\/www.pressenza.com\/fr"],"url":"https:\/\/www.pressenza.com\/fr\/author\/redactionfrance\/"}]}},"place":"France","original_article_url":"","_links":{"self":[{"href":"https:\/\/www.pressenza.com\/fr\/wp-json\/wp\/v2\/posts\/367316","targetHints":{"allow":["GET"]}}],"collection":[{"href":"https:\/\/www.pressenza.com\/fr\/wp-json\/wp\/v2\/posts"}],"about":[{"href":"https:\/\/www.pressenza.com\/fr\/wp-json\/wp\/v2\/types\/post"}],"author":[{"embeddable":true,"href":"https:\/\/www.pressenza.com\/fr\/wp-json\/wp\/v2\/users\/926"}],"replies":[{"embeddable":true,"href":"https:\/\/www.pressenza.com\/fr\/wp-json\/wp\/v2\/comments?post=367316"}],"version-history":[{"count":0,"href":"https:\/\/www.pressenza.com\/fr\/wp-json\/wp\/v2\/posts\/367316\/revisions"}],"wp:featuredmedia":[{"embeddable":true,"href":"https:\/\/www.pressenza.com\/fr\/wp-json\/wp\/v2\/media\/367347"}],"wp:attachment":[{"href":"https:\/\/www.pressenza.com\/fr\/wp-json\/wp\/v2\/media?parent=367316"}],"wp:term":[{"taxonomy":"category","embeddable":true,"href":"https:\/\/www.pressenza.com\/fr\/wp-json\/wp\/v2\/categories?post=367316"},{"taxonomy":"post_tag","embeddable":true,"href":"https:\/\/www.pressenza.com\/fr\/wp-json\/wp\/v2\/tags?post=367316"}],"curies":[{"name":"wp","href":"https:\/\/api.w.org\/{rel}","templated":true}]}}