{"id":353868,"date":"2016-08-16T21:55:08","date_gmt":"2016-08-16T20:55:08","guid":{"rendered":"http:\/\/www.pressenza.com\/fr\/?p=353868"},"modified":"2016-08-17T03:47:56","modified_gmt":"2016-08-17T02:47:56","slug":"bilan-de-12eme-edition-forum-social-mondial-a-montreal","status":"publish","type":"post","link":"https:\/\/www.pressenza.com\/fr\/2016\/08\/bilan-de-12eme-edition-forum-social-mondial-a-montreal\/","title":{"rendered":"Bilan de la 12\u00e8me \u00e9dition du Forum social mondial \u00e0 Montr\u00e9al"},"content":{"rendered":"<p>Le <a href=\"https:\/\/fsm2016.org\">Forum Social Mondial<\/a> (FSM) est tr\u00e8s fier de cette 12e \u00e9dition, la premi\u00e8re \u00e0 se tenir dans un pays dit du nord. \u00abLe FSM est le fruit du travail d\u2019un comit\u00e9 qui a men\u00e9 ses activit\u00e9s pendant 3 ans, soit depuis mai 2013 au retour d\u2019un premier FSM en Tunisie\u00bb a expliqu\u00e9 la co-coordinatrice Carminda Mac Lorin. L\u2019\u00e9v\u00e8nement a enregistr\u00e9 35 000 participant-e-s, dont 15 000 pr\u00e9sent-e-s \u00e0 la marche d\u2019ouverture o\u00f9 125 pays ont \u00e9t\u00e9 repr\u00e9sent\u00e9s. Rappelons qu\u2019au premier Forum social mondial \u00e0 Porto Allegre au Br\u00e9sil en 2001, 20 000 personnes avaient pris part \u00e0 l\u2019\u00e9v\u00e8nement, alors pour un premier forum social mondial dans l&rsquo;h\u00e9misph\u00e8re\u00a0nord, les organisateurs sont plus que satisfaits.<\/p>\n<p>Le Forum social mondial n\u2019aurait pas \u00e9t\u00e9 possible sans les 1000 b\u00e9n\u00e9voles qui ont donn\u00e9 de leur temps pour faire en sorte que tout se d\u00e9roule le mieux possible. On peut compter plus de 15 000 heures de b\u00e9n\u00e9volat de leur part tout au long de cette semaine.<\/p>\n<p>Au total 1200 activit\u00e9s autog\u00e9r\u00e9es ont eu lieu, en plus d\u2019environ 200 activit\u00e9s culturelles et de six forums parall\u00e8les\u00a0; le Forum mondial des m\u00e9dias libres, le Forum parlementaire mondial, le Forum des Premi\u00e8res Nations, le Forum mondial th\u00e9ologie et lib\u00e9ration, le Forum social mondial th\u00e9matique pour un monde lib\u00e9r\u00e9 de la fission nucl\u00e9aire civile et militaire et Hoodstock.<\/p>\n<p>Le Forum social mondial tient aussi \u00e0 rappeler l\u2019importance de l\u2019implication des 26 comit\u00e9s autog\u00e9r\u00e9s du FSM, par exemple, le comit\u00e9 d\u00e9mocratie, protection sociale et droits humains, ou encore le comit\u00e9 sur l\u2019\u00e9ducation. Ces diff\u00e9rents comit\u00e9s ont r\u00e9fl\u00e9chi \u00e0 des th\u00e8mes en particulier pour organiser des activit\u00e9s en lien avec celui-ci et mobiliser sur cette th\u00e9matique.<\/p>\n<p>Il y a aussi eu 22 assembl\u00e9es de convergence qui ont men\u00e9 \u00e0 plus d\u2019une centaine d\u2019initiatives, comme par exemple la tenue d\u2019\u00e9tats g\u00e9n\u00e9raux sur l\u2019\u00e9ducation ou encore, la participation \u00e0 la journ\u00e9e de d\u00e9fense des services publics. D\u2019ici la semaine prochaine, le FSM diffusera sur son site web un calendrier des diff\u00e9rentes actions de transformation sociale qui ont \u00e9t\u00e9 propos\u00e9es lors de l\u2019Agora des initiatives qui pourra \u00eatre utilis\u00e9 comme guide pour les citoyens indign\u00e9s du monde entier et leur donner des id\u00e9es concr\u00e8tes sur comment faire pour changer le syst\u00e8me.<\/p>\n<p>Malgr\u00e9 tout, le Forum social mondial regrette que 60\u00a0% des demandes de visas (ceci est un chiffre provisoire puisque nous attendons toujours des informations \u00e0 ce sujet) aient \u00e9t\u00e9 refus\u00e9es par le gouvernement canadien. Le Collectif du FSM s\u2019engage \u00e0 faire le portrait de toutes ces personnes qui ont \u00e9t\u00e9 refus\u00e9es pour montrer au gouvernement, mais aussi \u00e0 toute la soci\u00e9t\u00e9 civile ce qu&rsquo;elles auraient pu apporter \u00e0 cette \u00e9dition du FSM. \u00abNous voulons aussi nous\u00a0servir du cas de Montr\u00e9al pour questionner l\u2019accessibilit\u00e9 des pays du nord\u00bb a expliqu\u00e9 le co-coordonnateur Rapha\u00ebl Canet.<\/p>\n<p>Aujourd\u2019hui, le Conseil international du Forum social mondial se r\u00e9unissait pour planifier la prochaine \u00e9dition du Forum.<\/p>\n<p><strong>Forum Social Mondial<\/strong><\/p>\n<p>Le Forum social mondial est le plus grand rassemblement de la soci\u00e9t\u00e9 civile visant \u00e0 trouver des solutions aux probl\u00e8mes de notre temps. Initi\u00e9 en 2001 au Br\u00e9sil, le FSM rassemble \u00e0 chaque \u00e9dition plusieurs dizaines de milliers de participant-e-s pour plus de mille activit\u00e9s (ateliers, conf\u00e9rences, performances artistiques\u2026) portant sur diverses th\u00e9matiques (d\u00e9veloppement social, \u00e9conomie solidaire, environnement, droits humains, d\u00e9mocratisation\u2026).<\/p>\n<p>&nbsp;<\/p>\n<p>&nbsp;<\/p>\n","protected":false},"excerpt":{"rendered":"<p>Le Forum Social Mondial (FSM) est tr\u00e8s fier de cette 12e \u00e9dition, la premi\u00e8re \u00e0 se tenir dans un pays dit du nord. \u00abLe FSM est le fruit du travail d\u2019un comit\u00e9 qui a men\u00e9 ses activit\u00e9s pendant 3 ans,&hellip;<\/p>\n","protected":false},"author":670,"featured_media":353882,"comment_status":"closed","ping_status":"closed","sticky":false,"template":"","format":"standard","meta":{"footnotes":""},"categories":[151,98,40,95],"tags":[1636,4278],"class_list":["post-353868","post","type-post","status-publish","format-standard","has-post-thumbnail","hentry","category-communique-de-presse","category-droits-de-lhomme","category-international-fr","category-affaires-etrangeres","tag-forum-social-mondial","tag-fsm"],"yoast_head":"<!-- This site is optimized with the Yoast SEO plugin v27.1.1 - https:\/\/yoast.com\/product\/yoast-seo-wordpress\/ -->\n<title>Bilan de la 12\u00e8me \u00e9dition du Forum social mondial \u00e0 Montr\u00e9al<\/title>\n<meta name=\"description\" content=\"Le Forum Social Mondial (FSM) est tr\u00e8s fier de cette 12e \u00e9dition, la premi\u00e8re \u00e0 se tenir dans un pays dit du nord. \u00abLe FSM est le fruit du travail d\u2019un\" \/>\n<meta name=\"robots\" content=\"index, follow, max-snippet:-1, max-image-preview:large, max-video-preview:-1\" \/>\n<link rel=\"canonical\" href=\"https:\/\/www.pressenza.com\/fr\/2016\/08\/bilan-de-12eme-edition-forum-social-mondial-a-montreal\/\" \/>\n<meta property=\"og:locale\" content=\"fr_FR\" \/>\n<meta property=\"og:type\" content=\"article\" \/>\n<meta property=\"og:title\" content=\"Bilan de la 12\u00e8me \u00e9dition du Forum social mondial \u00e0 Montr\u00e9al\" \/>\n<meta property=\"og:description\" content=\"Le Forum Social Mondial (FSM) est tr\u00e8s fier de cette 12e \u00e9dition, la premi\u00e8re \u00e0 se tenir dans un pays dit du nord. \u00abLe FSM est le fruit du travail d\u2019un\" \/>\n<meta property=\"og:url\" content=\"https:\/\/www.pressenza.com\/fr\/2016\/08\/bilan-de-12eme-edition-forum-social-mondial-a-montreal\/\" \/>\n<meta property=\"og:site_name\" content=\"Pressenza\" \/>\n<meta property=\"article:publisher\" content=\"https:\/\/www.facebook.com\/PressenzaItalia\" \/>\n<meta property=\"article:published_time\" content=\"2016-08-16T20:55:08+00:00\" \/>\n<meta property=\"article:modified_time\" content=\"2016-08-17T02:47:56+00:00\" \/>\n<meta property=\"og:image\" content=\"https:\/\/www.pressenza.com\/wp-content\/uploads\/2016\/08\/Bilan-de-la-12--me---dition-du-Forum-social-mondial----Montr--al.jpg\" \/>\n\t<meta property=\"og:image:width\" content=\"762\" \/>\n\t<meta property=\"og:image:height\" content=\"500\" \/>\n\t<meta property=\"og:image:type\" content=\"image\/jpeg\" \/>\n<meta name=\"author\" content=\"R\u00e9daction Montr\u00e9al\" \/>\n<meta name=\"twitter:card\" content=\"summary_large_image\" \/>\n<meta name=\"twitter:creator\" content=\"@PressenzaIPA\" \/>\n<meta name=\"twitter:site\" content=\"@PressenzaIPA\" \/>\n<meta name=\"twitter:label1\" content=\"\u00c9crit par\" \/>\n\t<meta name=\"twitter:data1\" content=\"R\u00e9daction Montr\u00e9al\" \/>\n\t<meta name=\"twitter:label2\" content=\"Dur\u00e9e de lecture estim\u00e9e\" \/>\n\t<meta name=\"twitter:data2\" content=\"3 minutes\" \/>\n<script type=\"application\/ld+json\" class=\"yoast-schema-graph\">{\"@context\":\"https:\/\/schema.org\",\"@graph\":[{\"@type\":\"Article\",\"@id\":\"https:\/\/www.pressenza.com\/fr\/2016\/08\/bilan-de-12eme-edition-forum-social-mondial-a-montreal\/#article\",\"isPartOf\":{\"@id\":\"https:\/\/www.pressenza.com\/fr\/2016\/08\/bilan-de-12eme-edition-forum-social-mondial-a-montreal\/\"},\"author\":{\"name\":\"R\u00e9daction Montr\u00e9al\",\"@id\":\"https:\/\/www.pressenza.com\/fr\/#\/schema\/person\/e74f468c5f420ee105d078343b0b4bf7\"},\"headline\":\"Bilan de la 12\u00e8me \u00e9dition du Forum social mondial \u00e0 Montr\u00e9al\",\"datePublished\":\"2016-08-16T20:55:08+00:00\",\"dateModified\":\"2016-08-17T02:47:56+00:00\",\"mainEntityOfPage\":{\"@id\":\"https:\/\/www.pressenza.com\/fr\/2016\/08\/bilan-de-12eme-edition-forum-social-mondial-a-montreal\/\"},\"wordCount\":610,\"publisher\":{\"@id\":\"https:\/\/www.pressenza.com\/fr\/#organization\"},\"image\":{\"@id\":\"https:\/\/www.pressenza.com\/fr\/2016\/08\/bilan-de-12eme-edition-forum-social-mondial-a-montreal\/#primaryimage\"},\"thumbnailUrl\":\"https:\/\/www.pressenza.com\/wp-content\/uploads\/2016\/08\/Bilan-de-la-12--me---dition-du-Forum-social-mondial----Montr--al.jpg\",\"keywords\":[\"Forum Social Mondial\",\"FSM\"],\"articleSection\":[\"Communiqu\u00e9s de Presse\",\"Droits humains\",\"International\",\"Relations internationales\"],\"inLanguage\":\"fr-FR\"},{\"@type\":\"WebPage\",\"@id\":\"https:\/\/www.pressenza.com\/fr\/2016\/08\/bilan-de-12eme-edition-forum-social-mondial-a-montreal\/\",\"url\":\"https:\/\/www.pressenza.com\/fr\/2016\/08\/bilan-de-12eme-edition-forum-social-mondial-a-montreal\/\",\"name\":\"Bilan de la 12\u00e8me \u00e9dition du Forum social mondial \u00e0 Montr\u00e9al\",\"isPartOf\":{\"@id\":\"https:\/\/www.pressenza.com\/fr\/#website\"},\"primaryImageOfPage\":{\"@id\":\"https:\/\/www.pressenza.com\/fr\/2016\/08\/bilan-de-12eme-edition-forum-social-mondial-a-montreal\/#primaryimage\"},\"image\":{\"@id\":\"https:\/\/www.pressenza.com\/fr\/2016\/08\/bilan-de-12eme-edition-forum-social-mondial-a-montreal\/#primaryimage\"},\"thumbnailUrl\":\"https:\/\/www.pressenza.com\/wp-content\/uploads\/2016\/08\/Bilan-de-la-12--me---dition-du-Forum-social-mondial----Montr--al.jpg\",\"datePublished\":\"2016-08-16T20:55:08+00:00\",\"dateModified\":\"2016-08-17T02:47:56+00:00\",\"description\":\"Le Forum Social Mondial (FSM) est tr\u00e8s fier de cette 12e \u00e9dition, la premi\u00e8re \u00e0 se tenir dans un pays dit du nord. \u00abLe FSM est le fruit du travail d\u2019un\",\"breadcrumb\":{\"@id\":\"https:\/\/www.pressenza.com\/fr\/2016\/08\/bilan-de-12eme-edition-forum-social-mondial-a-montreal\/#breadcrumb\"},\"inLanguage\":\"fr-FR\",\"potentialAction\":[{\"@type\":\"ReadAction\",\"target\":[\"https:\/\/www.pressenza.com\/fr\/2016\/08\/bilan-de-12eme-edition-forum-social-mondial-a-montreal\/\"]}]},{\"@type\":\"ImageObject\",\"inLanguage\":\"fr-FR\",\"@id\":\"https:\/\/www.pressenza.com\/fr\/2016\/08\/bilan-de-12eme-edition-forum-social-mondial-a-montreal\/#primaryimage\",\"url\":\"https:\/\/www.pressenza.com\/wp-content\/uploads\/2016\/08\/Bilan-de-la-12--me---dition-du-Forum-social-mondial----Montr--al.jpg\",\"contentUrl\":\"https:\/\/www.pressenza.com\/wp-content\/uploads\/2016\/08\/Bilan-de-la-12--me---dition-du-Forum-social-mondial----Montr--al.jpg\",\"width\":762,\"height\":500},{\"@type\":\"BreadcrumbList\",\"@id\":\"https:\/\/www.pressenza.com\/fr\/2016\/08\/bilan-de-12eme-edition-forum-social-mondial-a-montreal\/#breadcrumb\",\"itemListElement\":[{\"@type\":\"ListItem\",\"position\":1,\"name\":\"Accueil\",\"item\":\"https:\/\/www.pressenza.com\/fr\/\"},{\"@type\":\"ListItem\",\"position\":2,\"name\":\"Bilan de la 12\u00e8me \u00e9dition du Forum social mondial \u00e0 Montr\u00e9al\"}]},{\"@type\":\"WebSite\",\"@id\":\"https:\/\/www.pressenza.com\/fr\/#website\",\"url\":\"https:\/\/www.pressenza.com\/fr\/\",\"name\":\"Pressenza\",\"description\":\"International Press Agency\",\"publisher\":{\"@id\":\"https:\/\/www.pressenza.com\/fr\/#organization\"},\"potentialAction\":[{\"@type\":\"SearchAction\",\"target\":{\"@type\":\"EntryPoint\",\"urlTemplate\":\"https:\/\/www.pressenza.com\/fr\/?s={search_term_string}\"},\"query-input\":{\"@type\":\"PropertyValueSpecification\",\"valueRequired\":true,\"valueName\":\"search_term_string\"}}],\"inLanguage\":\"fr-FR\"},{\"@type\":\"Organization\",\"@id\":\"https:\/\/www.pressenza.com\/fr\/#organization\",\"name\":\"Pressenza\",\"url\":\"https:\/\/www.pressenza.com\/fr\/\",\"logo\":{\"@type\":\"ImageObject\",\"inLanguage\":\"fr-FR\",\"@id\":\"https:\/\/www.pressenza.com\/fr\/#\/schema\/logo\/image\/\",\"url\":\"https:\/\/www.pressenza.com\/wp-content\/uploads\/2022\/10\/pressenza_logo_200x200.jpg\",\"contentUrl\":\"https:\/\/www.pressenza.com\/wp-content\/uploads\/2022\/10\/pressenza_logo_200x200.jpg\",\"width\":200,\"height\":200,\"caption\":\"Pressenza\"},\"image\":{\"@id\":\"https:\/\/www.pressenza.com\/fr\/#\/schema\/logo\/image\/\"},\"sameAs\":[\"https:\/\/www.facebook.com\/PressenzaItalia\",\"https:\/\/x.com\/PressenzaIPA\"]},{\"@type\":\"Person\",\"@id\":\"https:\/\/www.pressenza.com\/fr\/#\/schema\/person\/e74f468c5f420ee105d078343b0b4bf7\",\"name\":\"R\u00e9daction Montr\u00e9al\",\"description\":\"News published by the Pressenza bureau in Montreal, Canada\",\"url\":\"https:\/\/www.pressenza.com\/fr\/author\/redaction-montreal\/\"}]}<\/script>\n<!-- \/ Yoast SEO plugin. -->","yoast_head_json":{"title":"Bilan de la 12\u00e8me \u00e9dition du Forum social mondial \u00e0 Montr\u00e9al","description":"Le Forum Social Mondial (FSM) est tr\u00e8s fier de cette 12e \u00e9dition, la premi\u00e8re \u00e0 se tenir dans un pays dit du nord. \u00abLe FSM est le fruit du travail d\u2019un","robots":{"index":"index","follow":"follow","max-snippet":"max-snippet:-1","max-image-preview":"max-image-preview:large","max-video-preview":"max-video-preview:-1"},"canonical":"https:\/\/www.pressenza.com\/fr\/2016\/08\/bilan-de-12eme-edition-forum-social-mondial-a-montreal\/","og_locale":"fr_FR","og_type":"article","og_title":"Bilan de la 12\u00e8me \u00e9dition du Forum social mondial \u00e0 Montr\u00e9al","og_description":"Le Forum Social Mondial (FSM) est tr\u00e8s fier de cette 12e \u00e9dition, la premi\u00e8re \u00e0 se tenir dans un pays dit du nord. \u00abLe FSM est le fruit du travail d\u2019un","og_url":"https:\/\/www.pressenza.com\/fr\/2016\/08\/bilan-de-12eme-edition-forum-social-mondial-a-montreal\/","og_site_name":"Pressenza","article_publisher":"https:\/\/www.facebook.com\/PressenzaItalia","article_published_time":"2016-08-16T20:55:08+00:00","article_modified_time":"2016-08-17T02:47:56+00:00","og_image":[{"width":762,"height":500,"url":"https:\/\/www.pressenza.com\/wp-content\/uploads\/2016\/08\/Bilan-de-la-12--me---dition-du-Forum-social-mondial----Montr--al.jpg","type":"image\/jpeg"}],"author":"R\u00e9daction Montr\u00e9al","twitter_card":"summary_large_image","twitter_creator":"@PressenzaIPA","twitter_site":"@PressenzaIPA","twitter_misc":{"\u00c9crit par":"R\u00e9daction Montr\u00e9al","Dur\u00e9e de lecture estim\u00e9e":"3 minutes"},"schema":{"@context":"https:\/\/schema.org","@graph":[{"@type":"Article","@id":"https:\/\/www.pressenza.com\/fr\/2016\/08\/bilan-de-12eme-edition-forum-social-mondial-a-montreal\/#article","isPartOf":{"@id":"https:\/\/www.pressenza.com\/fr\/2016\/08\/bilan-de-12eme-edition-forum-social-mondial-a-montreal\/"},"author":{"name":"R\u00e9daction Montr\u00e9al","@id":"https:\/\/www.pressenza.com\/fr\/#\/schema\/person\/e74f468c5f420ee105d078343b0b4bf7"},"headline":"Bilan de la 12\u00e8me \u00e9dition du Forum social mondial \u00e0 Montr\u00e9al","datePublished":"2016-08-16T20:55:08+00:00","dateModified":"2016-08-17T02:47:56+00:00","mainEntityOfPage":{"@id":"https:\/\/www.pressenza.com\/fr\/2016\/08\/bilan-de-12eme-edition-forum-social-mondial-a-montreal\/"},"wordCount":610,"publisher":{"@id":"https:\/\/www.pressenza.com\/fr\/#organization"},"image":{"@id":"https:\/\/www.pressenza.com\/fr\/2016\/08\/bilan-de-12eme-edition-forum-social-mondial-a-montreal\/#primaryimage"},"thumbnailUrl":"https:\/\/www.pressenza.com\/wp-content\/uploads\/2016\/08\/Bilan-de-la-12--me---dition-du-Forum-social-mondial----Montr--al.jpg","keywords":["Forum Social Mondial","FSM"],"articleSection":["Communiqu\u00e9s de Presse","Droits humains","International","Relations internationales"],"inLanguage":"fr-FR"},{"@type":"WebPage","@id":"https:\/\/www.pressenza.com\/fr\/2016\/08\/bilan-de-12eme-edition-forum-social-mondial-a-montreal\/","url":"https:\/\/www.pressenza.com\/fr\/2016\/08\/bilan-de-12eme-edition-forum-social-mondial-a-montreal\/","name":"Bilan de la 12\u00e8me \u00e9dition du Forum social mondial \u00e0 Montr\u00e9al","isPartOf":{"@id":"https:\/\/www.pressenza.com\/fr\/#website"},"primaryImageOfPage":{"@id":"https:\/\/www.pressenza.com\/fr\/2016\/08\/bilan-de-12eme-edition-forum-social-mondial-a-montreal\/#primaryimage"},"image":{"@id":"https:\/\/www.pressenza.com\/fr\/2016\/08\/bilan-de-12eme-edition-forum-social-mondial-a-montreal\/#primaryimage"},"thumbnailUrl":"https:\/\/www.pressenza.com\/wp-content\/uploads\/2016\/08\/Bilan-de-la-12--me---dition-du-Forum-social-mondial----Montr--al.jpg","datePublished":"2016-08-16T20:55:08+00:00","dateModified":"2016-08-17T02:47:56+00:00","description":"Le Forum Social Mondial (FSM) est tr\u00e8s fier de cette 12e \u00e9dition, la premi\u00e8re \u00e0 se tenir dans un pays dit du nord. \u00abLe FSM est le fruit du travail d\u2019un","breadcrumb":{"@id":"https:\/\/www.pressenza.com\/fr\/2016\/08\/bilan-de-12eme-edition-forum-social-mondial-a-montreal\/#breadcrumb"},"inLanguage":"fr-FR","potentialAction":[{"@type":"ReadAction","target":["https:\/\/www.pressenza.com\/fr\/2016\/08\/bilan-de-12eme-edition-forum-social-mondial-a-montreal\/"]}]},{"@type":"ImageObject","inLanguage":"fr-FR","@id":"https:\/\/www.pressenza.com\/fr\/2016\/08\/bilan-de-12eme-edition-forum-social-mondial-a-montreal\/#primaryimage","url":"https:\/\/www.pressenza.com\/wp-content\/uploads\/2016\/08\/Bilan-de-la-12--me---dition-du-Forum-social-mondial----Montr--al.jpg","contentUrl":"https:\/\/www.pressenza.com\/wp-content\/uploads\/2016\/08\/Bilan-de-la-12--me---dition-du-Forum-social-mondial----Montr--al.jpg","width":762,"height":500},{"@type":"BreadcrumbList","@id":"https:\/\/www.pressenza.com\/fr\/2016\/08\/bilan-de-12eme-edition-forum-social-mondial-a-montreal\/#breadcrumb","itemListElement":[{"@type":"ListItem","position":1,"name":"Accueil","item":"https:\/\/www.pressenza.com\/fr\/"},{"@type":"ListItem","position":2,"name":"Bilan de la 12\u00e8me \u00e9dition du Forum social mondial \u00e0 Montr\u00e9al"}]},{"@type":"WebSite","@id":"https:\/\/www.pressenza.com\/fr\/#website","url":"https:\/\/www.pressenza.com\/fr\/","name":"Pressenza","description":"International Press Agency","publisher":{"@id":"https:\/\/www.pressenza.com\/fr\/#organization"},"potentialAction":[{"@type":"SearchAction","target":{"@type":"EntryPoint","urlTemplate":"https:\/\/www.pressenza.com\/fr\/?s={search_term_string}"},"query-input":{"@type":"PropertyValueSpecification","valueRequired":true,"valueName":"search_term_string"}}],"inLanguage":"fr-FR"},{"@type":"Organization","@id":"https:\/\/www.pressenza.com\/fr\/#organization","name":"Pressenza","url":"https:\/\/www.pressenza.com\/fr\/","logo":{"@type":"ImageObject","inLanguage":"fr-FR","@id":"https:\/\/www.pressenza.com\/fr\/#\/schema\/logo\/image\/","url":"https:\/\/www.pressenza.com\/wp-content\/uploads\/2022\/10\/pressenza_logo_200x200.jpg","contentUrl":"https:\/\/www.pressenza.com\/wp-content\/uploads\/2022\/10\/pressenza_logo_200x200.jpg","width":200,"height":200,"caption":"Pressenza"},"image":{"@id":"https:\/\/www.pressenza.com\/fr\/#\/schema\/logo\/image\/"},"sameAs":["https:\/\/www.facebook.com\/PressenzaItalia","https:\/\/x.com\/PressenzaIPA"]},{"@type":"Person","@id":"https:\/\/www.pressenza.com\/fr\/#\/schema\/person\/e74f468c5f420ee105d078343b0b4bf7","name":"R\u00e9daction Montr\u00e9al","description":"News published by the Pressenza bureau in Montreal, Canada","url":"https:\/\/www.pressenza.com\/fr\/author\/redaction-montreal\/"}]}},"place":"Canada","original_article_url":"","_links":{"self":[{"href":"https:\/\/www.pressenza.com\/fr\/wp-json\/wp\/v2\/posts\/353868","targetHints":{"allow":["GET"]}}],"collection":[{"href":"https:\/\/www.pressenza.com\/fr\/wp-json\/wp\/v2\/posts"}],"about":[{"href":"https:\/\/www.pressenza.com\/fr\/wp-json\/wp\/v2\/types\/post"}],"author":[{"embeddable":true,"href":"https:\/\/www.pressenza.com\/fr\/wp-json\/wp\/v2\/users\/670"}],"replies":[{"embeddable":true,"href":"https:\/\/www.pressenza.com\/fr\/wp-json\/wp\/v2\/comments?post=353868"}],"version-history":[{"count":0,"href":"https:\/\/www.pressenza.com\/fr\/wp-json\/wp\/v2\/posts\/353868\/revisions"}],"wp:featuredmedia":[{"embeddable":true,"href":"https:\/\/www.pressenza.com\/fr\/wp-json\/wp\/v2\/media\/353882"}],"wp:attachment":[{"href":"https:\/\/www.pressenza.com\/fr\/wp-json\/wp\/v2\/media?parent=353868"}],"wp:term":[{"taxonomy":"category","embeddable":true,"href":"https:\/\/www.pressenza.com\/fr\/wp-json\/wp\/v2\/categories?post=353868"},{"taxonomy":"post_tag","embeddable":true,"href":"https:\/\/www.pressenza.com\/fr\/wp-json\/wp\/v2\/tags?post=353868"}],"curies":[{"name":"wp","href":"https:\/\/api.w.org\/{rel}","templated":true}]}}