{"id":351080,"date":"2016-08-08T19:54:32","date_gmt":"2016-08-08T18:54:32","guid":{"rendered":"http:\/\/www.pressenza.com\/fr\/?p=351080"},"modified":"2016-08-08T21:56:33","modified_gmt":"2016-08-08T20:56:33","slug":"promenade-paix-plus-jamais-dautres-hiroshima","status":"publish","type":"post","link":"https:\/\/www.pressenza.com\/fr\/2016\/08\/promenade-paix-plus-jamais-dautres-hiroshima\/","title":{"rendered":"Promenade pour la paix. Plus jamais d&rsquo;autres Hiroshima"},"content":{"rendered":"<p>Sous le nom de \u00ab Promenade pour la paix &#8211; plus jamais d&rsquo;autres Hiroshima\u00a0\u00bb a eu lieu \u00e0 Prague ce samedi 6 ao\u00fbt 2016 une comm\u00e9moration des bombardements atomiques d&rsquo;Hiroshima et de Nagasaki<\/p>\n<p>La c\u00e9r\u00e9monie a commenc\u00e9 devant l&rsquo;ambassade am\u00e9ricaine dans la rue Tr\u017ei\u0161t\u011b. Les organisateurs ont interpell\u00e9 le personnel de l&rsquo;ambassade, leur demandant o\u00f9 commen\u00e7ait et o\u00f9 se terminait l&rsquo;interdiction de photographier plac\u00e9e sur le mur du b\u00e2timent. En effet, quelques semaines auparavant, le minist\u00e8re des Affaires \u00e9trang\u00e8res de la R\u00e9publique tch\u00e8que avait confirm\u00e9 que les citoyens pouvaient\u00a0prendre librement des photos dans tout le territoire national sans limitation.<\/p>\n<p>Peu apr\u00e8s, les participants \u00e0 l&rsquo;\u00e9v\u00e9nement ont \u00e9voqu\u00e9 en silence les victimes d&rsquo;Hiroshima et Nagasaki. Ils ont r\u00e9fl\u00e9chi sur la gravit\u00e9 du bombardement atomique en g\u00e9n\u00e9ral et sur la responsabilit\u00e9 des Etats-Unis en particulier, en notant que le pr\u00e9sident Barack Obama lors de sa r\u00e9cente visite \u00e0 Hiroshima n&rsquo;avait pas profit\u00e9 de l\u2019occasion pour pr\u00e9senter des excuses aux victimes au nom de son pays.<\/p>\n<p>Par la suite, les participants se sont dirig\u00e9s vers l&rsquo;ambassade du Japon situ\u00e9e \u00e0 moins de 400m, o\u00f9 ils ont allum\u00e9 des bougies et ont exprim\u00e9 leur sentiment de solidarit\u00e9 et de compassion pour les victimes dans l&rsquo;espoir qu\u2019une telle barbarie ne se produise plus jamais.<\/p>\n","protected":false},"excerpt":{"rendered":"<p>Sous le nom de \u00ab Promenade pour la paix &#8211; plus jamais d&rsquo;autres Hiroshima\u00a0\u00bb a eu lieu \u00e0 Prague ce samedi 6 ao\u00fbt 2016 une comm\u00e9moration des bombardements atomiques d&rsquo;Hiroshima et de Nagasaki La c\u00e9r\u00e9monie a commenc\u00e9 devant l&rsquo;ambassade am\u00e9ricaine&hellip;<\/p>\n","protected":false},"author":61,"featured_media":350727,"comment_status":"closed","ping_status":"closed","sticky":false,"template":"","format":"standard","meta":{"footnotes":""},"categories":[84,11386,94,85,1250],"tags":[423,3153,424,298,4406,1791,29563],"class_list":["post-351080","post","type-post","status-publish","format-standard","has-post-thumbnail","hentry","category-asia-fr","category-contenu-original","category-culture-fr","category-europe-fr","category-paix-desarmement","tag-hiroshima-fr","tag-japon","tag-nagasaki-fr","tag-paix","tag-prague","tag-republique-tcheque","tag-victimes-dhiroshima-et-nagasaki"],"yoast_head":"<!-- This site is optimized with the Yoast SEO plugin v27.1.1 - https:\/\/yoast.com\/product\/yoast-seo-wordpress\/ -->\n<title>Promenade pour la paix. Plus jamais d&#039;autres Hiroshima<\/title>\n<meta name=\"description\" content=\"Sous le nom de \u00ab Promenade pour la paix - plus jamais d&#039;autres Hiroshima\u00a0\u00bb a eu lieu \u00e0 Prague ce samedi 6 ao\u00fbt 2016 une comm\u00e9moration des bombardements\" \/>\n<meta name=\"robots\" content=\"index, follow, max-snippet:-1, max-image-preview:large, max-video-preview:-1\" \/>\n<link rel=\"canonical\" href=\"https:\/\/www.pressenza.com\/fr\/2016\/08\/promenade-paix-plus-jamais-dautres-hiroshima\/\" \/>\n<meta property=\"og:locale\" content=\"fr_FR\" \/>\n<meta property=\"og:type\" content=\"article\" \/>\n<meta property=\"og:title\" content=\"Promenade pour la paix. Plus jamais d&#039;autres Hiroshima\" \/>\n<meta property=\"og:description\" content=\"Sous le nom de \u00ab Promenade pour la paix - plus jamais d&#039;autres Hiroshima\u00a0\u00bb a eu lieu \u00e0 Prague ce samedi 6 ao\u00fbt 2016 une comm\u00e9moration des bombardements\" \/>\n<meta property=\"og:url\" content=\"https:\/\/www.pressenza.com\/fr\/2016\/08\/promenade-paix-plus-jamais-dautres-hiroshima\/\" \/>\n<meta property=\"og:site_name\" content=\"Pressenza\" \/>\n<meta property=\"article:publisher\" content=\"https:\/\/www.facebook.com\/PressenzaItalia\" \/>\n<meta property=\"article:author\" content=\"https:\/\/www.facebook.com\/toni.antonucci\" \/>\n<meta property=\"article:published_time\" content=\"2016-08-08T18:54:32+00:00\" \/>\n<meta property=\"article:modified_time\" content=\"2016-08-08T20:56:33+00:00\" \/>\n<meta property=\"og:image\" content=\"https:\/\/www.pressenza.com\/wp-content\/uploads\/2016\/08\/IMG_1374-720x542.jpg\" \/>\n\t<meta property=\"og:image:width\" content=\"720\" \/>\n\t<meta property=\"og:image:height\" content=\"542\" \/>\n\t<meta property=\"og:image:type\" content=\"image\/jpeg\" \/>\n<meta name=\"author\" content=\"Toni Antonucci\" \/>\n<meta name=\"twitter:card\" content=\"summary_large_image\" \/>\n<meta name=\"twitter:creator\" content=\"@Toni_Antonucci\" \/>\n<meta name=\"twitter:site\" content=\"@PressenzaIPA\" \/>\n<meta name=\"twitter:label1\" content=\"\u00c9crit par\" \/>\n\t<meta name=\"twitter:data1\" content=\"Toni Antonucci\" \/>\n\t<meta name=\"twitter:label2\" content=\"Dur\u00e9e de lecture estim\u00e9e\" \/>\n\t<meta name=\"twitter:data2\" content=\"1 minute\" \/>\n<script type=\"application\/ld+json\" class=\"yoast-schema-graph\">{\"@context\":\"https:\/\/schema.org\",\"@graph\":[{\"@type\":\"Article\",\"@id\":\"https:\/\/www.pressenza.com\/fr\/2016\/08\/promenade-paix-plus-jamais-dautres-hiroshima\/#article\",\"isPartOf\":{\"@id\":\"https:\/\/www.pressenza.com\/fr\/2016\/08\/promenade-paix-plus-jamais-dautres-hiroshima\/\"},\"author\":{\"name\":\"Toni Antonucci\",\"@id\":\"https:\/\/www.pressenza.com\/fr\/#\/schema\/person\/1bcf7e6171442c00a579a85545fe58e9\"},\"headline\":\"Promenade pour la paix. Plus jamais d&rsquo;autres Hiroshima\",\"datePublished\":\"2016-08-08T18:54:32+00:00\",\"dateModified\":\"2016-08-08T20:56:33+00:00\",\"mainEntityOfPage\":{\"@id\":\"https:\/\/www.pressenza.com\/fr\/2016\/08\/promenade-paix-plus-jamais-dautres-hiroshima\/\"},\"wordCount\":249,\"publisher\":{\"@id\":\"https:\/\/www.pressenza.com\/fr\/#organization\"},\"image\":{\"@id\":\"https:\/\/www.pressenza.com\/fr\/2016\/08\/promenade-paix-plus-jamais-dautres-hiroshima\/#primaryimage\"},\"thumbnailUrl\":\"https:\/\/www.pressenza.com\/wp-content\/uploads\/2016\/08\/IMG_1374.jpg\",\"keywords\":[\"Hiroshima\",\"Japon\",\"Nagasaki\",\"Paix\",\"Prague\",\"R\u00e9publique Tcheque\",\"victimes d'Hiroshima et Nagasaki\"],\"articleSection\":[\"Asie\",\"Contenu Original\",\"Culture et M\u00e9dias\",\"Europe\",\"Paix et D\u00e9sarmement\"],\"inLanguage\":\"fr-FR\"},{\"@type\":\"WebPage\",\"@id\":\"https:\/\/www.pressenza.com\/fr\/2016\/08\/promenade-paix-plus-jamais-dautres-hiroshima\/\",\"url\":\"https:\/\/www.pressenza.com\/fr\/2016\/08\/promenade-paix-plus-jamais-dautres-hiroshima\/\",\"name\":\"Promenade pour la paix. Plus jamais d'autres Hiroshima\",\"isPartOf\":{\"@id\":\"https:\/\/www.pressenza.com\/fr\/#website\"},\"primaryImageOfPage\":{\"@id\":\"https:\/\/www.pressenza.com\/fr\/2016\/08\/promenade-paix-plus-jamais-dautres-hiroshima\/#primaryimage\"},\"image\":{\"@id\":\"https:\/\/www.pressenza.com\/fr\/2016\/08\/promenade-paix-plus-jamais-dautres-hiroshima\/#primaryimage\"},\"thumbnailUrl\":\"https:\/\/www.pressenza.com\/wp-content\/uploads\/2016\/08\/IMG_1374.jpg\",\"datePublished\":\"2016-08-08T18:54:32+00:00\",\"dateModified\":\"2016-08-08T20:56:33+00:00\",\"description\":\"Sous le nom de \u00ab Promenade pour la paix - plus jamais d'autres Hiroshima\u00a0\u00bb a eu lieu \u00e0 Prague ce samedi 6 ao\u00fbt 2016 une comm\u00e9moration des bombardements\",\"breadcrumb\":{\"@id\":\"https:\/\/www.pressenza.com\/fr\/2016\/08\/promenade-paix-plus-jamais-dautres-hiroshima\/#breadcrumb\"},\"inLanguage\":\"fr-FR\",\"potentialAction\":[{\"@type\":\"ReadAction\",\"target\":[\"https:\/\/www.pressenza.com\/fr\/2016\/08\/promenade-paix-plus-jamais-dautres-hiroshima\/\"]}]},{\"@type\":\"ImageObject\",\"inLanguage\":\"fr-FR\",\"@id\":\"https:\/\/www.pressenza.com\/fr\/2016\/08\/promenade-paix-plus-jamais-dautres-hiroshima\/#primaryimage\",\"url\":\"https:\/\/www.pressenza.com\/wp-content\/uploads\/2016\/08\/IMG_1374.jpg\",\"contentUrl\":\"https:\/\/www.pressenza.com\/wp-content\/uploads\/2016\/08\/IMG_1374.jpg\",\"width\":2940,\"height\":2214},{\"@type\":\"BreadcrumbList\",\"@id\":\"https:\/\/www.pressenza.com\/fr\/2016\/08\/promenade-paix-plus-jamais-dautres-hiroshima\/#breadcrumb\",\"itemListElement\":[{\"@type\":\"ListItem\",\"position\":1,\"name\":\"Accueil\",\"item\":\"https:\/\/www.pressenza.com\/fr\/\"},{\"@type\":\"ListItem\",\"position\":2,\"name\":\"Promenade pour la paix. Plus jamais d&rsquo;autres Hiroshima\"}]},{\"@type\":\"WebSite\",\"@id\":\"https:\/\/www.pressenza.com\/fr\/#website\",\"url\":\"https:\/\/www.pressenza.com\/fr\/\",\"name\":\"Pressenza\",\"description\":\"International Press Agency\",\"publisher\":{\"@id\":\"https:\/\/www.pressenza.com\/fr\/#organization\"},\"potentialAction\":[{\"@type\":\"SearchAction\",\"target\":{\"@type\":\"EntryPoint\",\"urlTemplate\":\"https:\/\/www.pressenza.com\/fr\/?s={search_term_string}\"},\"query-input\":{\"@type\":\"PropertyValueSpecification\",\"valueRequired\":true,\"valueName\":\"search_term_string\"}}],\"inLanguage\":\"fr-FR\"},{\"@type\":\"Organization\",\"@id\":\"https:\/\/www.pressenza.com\/fr\/#organization\",\"name\":\"Pressenza\",\"url\":\"https:\/\/www.pressenza.com\/fr\/\",\"logo\":{\"@type\":\"ImageObject\",\"inLanguage\":\"fr-FR\",\"@id\":\"https:\/\/www.pressenza.com\/fr\/#\/schema\/logo\/image\/\",\"url\":\"https:\/\/www.pressenza.com\/wp-content\/uploads\/2022\/10\/pressenza_logo_200x200.jpg\",\"contentUrl\":\"https:\/\/www.pressenza.com\/wp-content\/uploads\/2022\/10\/pressenza_logo_200x200.jpg\",\"width\":200,\"height\":200,\"caption\":\"Pressenza\"},\"image\":{\"@id\":\"https:\/\/www.pressenza.com\/fr\/#\/schema\/logo\/image\/\"},\"sameAs\":[\"https:\/\/www.facebook.com\/PressenzaItalia\",\"https:\/\/x.com\/PressenzaIPA\"]},{\"@type\":\"Person\",\"@id\":\"https:\/\/www.pressenza.com\/fr\/#\/schema\/person\/1bcf7e6171442c00a579a85545fe58e9\",\"name\":\"Toni Antonucci\",\"description\":\"Co-editor of Pressenza, translator, humanist.\",\"sameAs\":[\"https:\/\/www.facebook.com\/toni.antonucci\",\"https:\/\/x.com\/Toni_Antonucci\"],\"url\":\"https:\/\/www.pressenza.com\/fr\/author\/toni-antonucci\/\"}]}<\/script>\n<!-- \/ Yoast SEO plugin. -->","yoast_head_json":{"title":"Promenade pour la paix. Plus jamais d'autres Hiroshima","description":"Sous le nom de \u00ab Promenade pour la paix - plus jamais d'autres Hiroshima\u00a0\u00bb a eu lieu \u00e0 Prague ce samedi 6 ao\u00fbt 2016 une comm\u00e9moration des bombardements","robots":{"index":"index","follow":"follow","max-snippet":"max-snippet:-1","max-image-preview":"max-image-preview:large","max-video-preview":"max-video-preview:-1"},"canonical":"https:\/\/www.pressenza.com\/fr\/2016\/08\/promenade-paix-plus-jamais-dautres-hiroshima\/","og_locale":"fr_FR","og_type":"article","og_title":"Promenade pour la paix. Plus jamais d'autres Hiroshima","og_description":"Sous le nom de \u00ab Promenade pour la paix - plus jamais d'autres Hiroshima\u00a0\u00bb a eu lieu \u00e0 Prague ce samedi 6 ao\u00fbt 2016 une comm\u00e9moration des bombardements","og_url":"https:\/\/www.pressenza.com\/fr\/2016\/08\/promenade-paix-plus-jamais-dautres-hiroshima\/","og_site_name":"Pressenza","article_publisher":"https:\/\/www.facebook.com\/PressenzaItalia","article_author":"https:\/\/www.facebook.com\/toni.antonucci","article_published_time":"2016-08-08T18:54:32+00:00","article_modified_time":"2016-08-08T20:56:33+00:00","og_image":[{"width":720,"height":542,"url":"https:\/\/www.pressenza.com\/wp-content\/uploads\/2016\/08\/IMG_1374-720x542.jpg","type":"image\/jpeg"}],"author":"Toni Antonucci","twitter_card":"summary_large_image","twitter_creator":"@Toni_Antonucci","twitter_site":"@PressenzaIPA","twitter_misc":{"\u00c9crit par":"Toni Antonucci","Dur\u00e9e de lecture estim\u00e9e":"1 minute"},"schema":{"@context":"https:\/\/schema.org","@graph":[{"@type":"Article","@id":"https:\/\/www.pressenza.com\/fr\/2016\/08\/promenade-paix-plus-jamais-dautres-hiroshima\/#article","isPartOf":{"@id":"https:\/\/www.pressenza.com\/fr\/2016\/08\/promenade-paix-plus-jamais-dautres-hiroshima\/"},"author":{"name":"Toni Antonucci","@id":"https:\/\/www.pressenza.com\/fr\/#\/schema\/person\/1bcf7e6171442c00a579a85545fe58e9"},"headline":"Promenade pour la paix. Plus jamais d&rsquo;autres Hiroshima","datePublished":"2016-08-08T18:54:32+00:00","dateModified":"2016-08-08T20:56:33+00:00","mainEntityOfPage":{"@id":"https:\/\/www.pressenza.com\/fr\/2016\/08\/promenade-paix-plus-jamais-dautres-hiroshima\/"},"wordCount":249,"publisher":{"@id":"https:\/\/www.pressenza.com\/fr\/#organization"},"image":{"@id":"https:\/\/www.pressenza.com\/fr\/2016\/08\/promenade-paix-plus-jamais-dautres-hiroshima\/#primaryimage"},"thumbnailUrl":"https:\/\/www.pressenza.com\/wp-content\/uploads\/2016\/08\/IMG_1374.jpg","keywords":["Hiroshima","Japon","Nagasaki","Paix","Prague","R\u00e9publique Tcheque","victimes d'Hiroshima et Nagasaki"],"articleSection":["Asie","Contenu Original","Culture et M\u00e9dias","Europe","Paix et D\u00e9sarmement"],"inLanguage":"fr-FR"},{"@type":"WebPage","@id":"https:\/\/www.pressenza.com\/fr\/2016\/08\/promenade-paix-plus-jamais-dautres-hiroshima\/","url":"https:\/\/www.pressenza.com\/fr\/2016\/08\/promenade-paix-plus-jamais-dautres-hiroshima\/","name":"Promenade pour la paix. Plus jamais d'autres Hiroshima","isPartOf":{"@id":"https:\/\/www.pressenza.com\/fr\/#website"},"primaryImageOfPage":{"@id":"https:\/\/www.pressenza.com\/fr\/2016\/08\/promenade-paix-plus-jamais-dautres-hiroshima\/#primaryimage"},"image":{"@id":"https:\/\/www.pressenza.com\/fr\/2016\/08\/promenade-paix-plus-jamais-dautres-hiroshima\/#primaryimage"},"thumbnailUrl":"https:\/\/www.pressenza.com\/wp-content\/uploads\/2016\/08\/IMG_1374.jpg","datePublished":"2016-08-08T18:54:32+00:00","dateModified":"2016-08-08T20:56:33+00:00","description":"Sous le nom de \u00ab Promenade pour la paix - plus jamais d'autres Hiroshima\u00a0\u00bb a eu lieu \u00e0 Prague ce samedi 6 ao\u00fbt 2016 une comm\u00e9moration des bombardements","breadcrumb":{"@id":"https:\/\/www.pressenza.com\/fr\/2016\/08\/promenade-paix-plus-jamais-dautres-hiroshima\/#breadcrumb"},"inLanguage":"fr-FR","potentialAction":[{"@type":"ReadAction","target":["https:\/\/www.pressenza.com\/fr\/2016\/08\/promenade-paix-plus-jamais-dautres-hiroshima\/"]}]},{"@type":"ImageObject","inLanguage":"fr-FR","@id":"https:\/\/www.pressenza.com\/fr\/2016\/08\/promenade-paix-plus-jamais-dautres-hiroshima\/#primaryimage","url":"https:\/\/www.pressenza.com\/wp-content\/uploads\/2016\/08\/IMG_1374.jpg","contentUrl":"https:\/\/www.pressenza.com\/wp-content\/uploads\/2016\/08\/IMG_1374.jpg","width":2940,"height":2214},{"@type":"BreadcrumbList","@id":"https:\/\/www.pressenza.com\/fr\/2016\/08\/promenade-paix-plus-jamais-dautres-hiroshima\/#breadcrumb","itemListElement":[{"@type":"ListItem","position":1,"name":"Accueil","item":"https:\/\/www.pressenza.com\/fr\/"},{"@type":"ListItem","position":2,"name":"Promenade pour la paix. Plus jamais d&rsquo;autres Hiroshima"}]},{"@type":"WebSite","@id":"https:\/\/www.pressenza.com\/fr\/#website","url":"https:\/\/www.pressenza.com\/fr\/","name":"Pressenza","description":"International Press Agency","publisher":{"@id":"https:\/\/www.pressenza.com\/fr\/#organization"},"potentialAction":[{"@type":"SearchAction","target":{"@type":"EntryPoint","urlTemplate":"https:\/\/www.pressenza.com\/fr\/?s={search_term_string}"},"query-input":{"@type":"PropertyValueSpecification","valueRequired":true,"valueName":"search_term_string"}}],"inLanguage":"fr-FR"},{"@type":"Organization","@id":"https:\/\/www.pressenza.com\/fr\/#organization","name":"Pressenza","url":"https:\/\/www.pressenza.com\/fr\/","logo":{"@type":"ImageObject","inLanguage":"fr-FR","@id":"https:\/\/www.pressenza.com\/fr\/#\/schema\/logo\/image\/","url":"https:\/\/www.pressenza.com\/wp-content\/uploads\/2022\/10\/pressenza_logo_200x200.jpg","contentUrl":"https:\/\/www.pressenza.com\/wp-content\/uploads\/2022\/10\/pressenza_logo_200x200.jpg","width":200,"height":200,"caption":"Pressenza"},"image":{"@id":"https:\/\/www.pressenza.com\/fr\/#\/schema\/logo\/image\/"},"sameAs":["https:\/\/www.facebook.com\/PressenzaItalia","https:\/\/x.com\/PressenzaIPA"]},{"@type":"Person","@id":"https:\/\/www.pressenza.com\/fr\/#\/schema\/person\/1bcf7e6171442c00a579a85545fe58e9","name":"Toni Antonucci","description":"Co-editor of Pressenza, translator, humanist.","sameAs":["https:\/\/www.facebook.com\/toni.antonucci","https:\/\/x.com\/Toni_Antonucci"],"url":"https:\/\/www.pressenza.com\/fr\/author\/toni-antonucci\/"}]}},"place":"Prague","original_article_url":"","_links":{"self":[{"href":"https:\/\/www.pressenza.com\/fr\/wp-json\/wp\/v2\/posts\/351080","targetHints":{"allow":["GET"]}}],"collection":[{"href":"https:\/\/www.pressenza.com\/fr\/wp-json\/wp\/v2\/posts"}],"about":[{"href":"https:\/\/www.pressenza.com\/fr\/wp-json\/wp\/v2\/types\/post"}],"author":[{"embeddable":true,"href":"https:\/\/www.pressenza.com\/fr\/wp-json\/wp\/v2\/users\/61"}],"replies":[{"embeddable":true,"href":"https:\/\/www.pressenza.com\/fr\/wp-json\/wp\/v2\/comments?post=351080"}],"version-history":[{"count":0,"href":"https:\/\/www.pressenza.com\/fr\/wp-json\/wp\/v2\/posts\/351080\/revisions"}],"wp:featuredmedia":[{"embeddable":true,"href":"https:\/\/www.pressenza.com\/fr\/wp-json\/wp\/v2\/media\/350727"}],"wp:attachment":[{"href":"https:\/\/www.pressenza.com\/fr\/wp-json\/wp\/v2\/media?parent=351080"}],"wp:term":[{"taxonomy":"category","embeddable":true,"href":"https:\/\/www.pressenza.com\/fr\/wp-json\/wp\/v2\/categories?post=351080"},{"taxonomy":"post_tag","embeddable":true,"href":"https:\/\/www.pressenza.com\/fr\/wp-json\/wp\/v2\/tags?post=351080"}],"curies":[{"name":"wp","href":"https:\/\/api.w.org\/{rel}","templated":true}]}}