{"id":34915,"date":"2013-01-24T14:46:25","date_gmt":"2013-01-24T14:46:25","guid":{"rendered":"http:\/\/www.pressenza.com\/?p=34915"},"modified":"2013-02-05T02:58:06","modified_gmt":"2013-02-05T02:58:06","slug":"une-guerre-au-mali-et-de-luranium-au-niger-des-islamistes-tres-utiles-au-pouvoir-francais","status":"publish","type":"post","link":"https:\/\/www.pressenza.com\/fr\/2013\/01\/une-guerre-au-mali-et-de-luranium-au-niger-des-islamistes-tres-utiles-au-pouvoir-francais\/","title":{"rendered":"Une guerre au Mali et de l&rsquo;uranium au Niger : des islamistes tr\u00e8s utiles au pouvoir fran\u00e7ais"},"content":{"rendered":"<p align=\"left\"><strong>Par St\u00e9phane Lhomme<\/strong><\/p>\n<p align=\"left\"><strong> Directeur de l&rsquo;Observatoire du nucl\u00e9aire<\/strong><\/p>\n<p align=\"left\">Le 11 janvier 2013, l&rsquo;arm\u00e9e fran\u00e7aise est intervenue au Mali \u00e0 la suite de mouvements, vers Bamako, de groupes arm\u00e9s islamistes. Depuis des mois, ces derniers tiennent tout le nord du Mali et se seraient enhardis au point, nous dit-on, de vouloir occuper l&rsquo;ensemble du pays.<\/p>\n<p align=\"left\">Personne ne niera que ces groupes soient compos\u00e9s d&rsquo;horribles individus qui, sous pr\u00e9texte de convictions \u00ab\u00a0religieuses\u00a0\u00bb, battent toute personne dont le comportement ne leur plait pas, coupent les mains des voleurs (r\u00e9els ou suppos\u00e9s), ex\u00e9cutent- en particulier des femmes &#8211; pour des broutilles ou m\u00eame pour rien.<\/p>\n<p align=\"left\">Pour autant,\u00a0<strong>de la m\u00eame fa\u00e7on qu&rsquo;au moment de l&rsquo;intervention militaire contre Kadhafi en Libye<\/strong>, il est insupportable de se retrouv\u00e9 somm\u00e9 de soutenir une intervention militaire d\u00e9ploy\u00e9e\u2026 par ceux qui sont largement responsables de la gravit\u00e9 de la situation.<\/p>\n<p align=\"left\">Qui plus est,\u00a0<strong>qui peut vraiment croire qu&rsquo;il s&rsquo;agit d&rsquo;une op\u00e9ration \u00ab\u00a0pour la d\u00e9mocratie au Mali\u00a0\u00bb ?<\/strong>\u00a0Cela fait des d\u00e9cennies qu&rsquo;elle est bafou\u00e9e dans ce pays par des r\u00e9gimes corrompus\u2026\u00a0<strong>largement soutenus par la France<\/strong>. Alors, pourquoi cette subite urgence \u00ab\u00a0d\u00e9mocratique\u00a0\u00bb ?<\/p>\n<p align=\"left\">De m\u00eame, qui croira qu&rsquo;il s&rsquo;agit de \u00ab\u00a0s\u00e9curiser la r\u00e9gion\u00a0\u00bb ? En r\u00e9alit\u00e9,\u00a0<strong>il s&rsquo;agit de s\u00e9curiser l&rsquo;approvisionnement des centrales fran\u00e7aises en uranium<\/strong>\u00a0: ce dernier est extrait dans les mines du nord du Niger, zone d\u00e9sertique seulement s\u00e9par\u00e9e du Mali\u2026 par une ligne sur les cartes g\u00e9ographiques.<\/p>\n<p align=\"left\">A ce propos, on soulignera l&rsquo;extr\u00eame perversit\u00e9 des ex-puissances coloniales qui ont jadis trac\u00e9\u00a0<strong>des fronti\u00e8res absurdes<\/strong>, faisant fi de l&rsquo;implantation des populations, et cr\u00e9ant des pays aux contours bien curieux : le Niger et le Mali sont tous les deux en forme de sablier, une partie sud-ouest contenant la capitale, totalement excentr\u00e9e et \u00e9loign\u00e9e d&rsquo;une immense partie nord-est, principalement d\u00e9sertique.<\/p>\n<p align=\"left\">C&rsquo;est ainsi que, pendant 40 ans,\u00a0<strong>Areva (auparavant la Cog\u00e9ma) a pu s&rsquo;accaparer en toute tranquillit\u00e9 l&rsquo;uranium nig\u00e9rien<\/strong>\u00a0dans ces mines situ\u00e9es \u00e0 500 kilom\u00e8tres de la capitale et du fragile \u00ab\u00a0pouvoir\u00a0\u00bb politique nig\u00e9rien.<\/p>\n<p align=\"left\">Ces derni\u00e8res ann\u00e9es, des groupes arm\u00e9s se sont organis\u00e9s dans cette r\u00e9gion : des Touaregs, d\u00e9pit\u00e9s d&rsquo;\u00eatre m\u00e9pris\u00e9s, d\u00e9plac\u00e9s, spoli\u00e9s. Et des groupes plus ou moins islamistes, certains issus des anciens GIA qui ont sem\u00e9 la terreur en Alg\u00e9rie, d&rsquo;autres contr\u00f4l\u00e9s par Kadhafi, et autonomis\u00e9s suite \u00e0 la disparition de ce dernier.<\/p>\n<p align=\"left\">Des salari\u00e9s d&rsquo;Areva, cadres dans les soci\u00e9t\u00e9s d&rsquo;extraction de l&rsquo;uranium, ont \u00e9t\u00e9 enlev\u00e9s en septembre 2010 au Niger, transf\u00e9r\u00e9s au Mali et retenus depuis. Puis, le 7 janvier 2011, deux jeunes fran\u00e7ais ont \u00e0 leur tour \u00e9t\u00e9 enlev\u00e9s au Niger.<\/p>\n<p align=\"left\">L&rsquo;Observatoire du nucl\u00e9aire a \u00e9t\u00e9 une des rares voix \u00e0 d\u00e9noncer (*) l&rsquo;op\u00e9ration militaire imm\u00e9diatement lanc\u00e9e par les autorit\u00e9s fran\u00e7aises. Ces derni\u00e8res avaient en effet, de toute \u00e9vidence, d\u00e9cid\u00e9 de ch\u00e2tier co\u00fbte que co\u00fbte les preneurs d&rsquo;otages,\u00a0<strong>quitte \u00e0 ce que cela se termine dramatiquement pour les deux jeunes otages\u2026 qui ont effectivement \u00e9t\u00e9 tu\u00e9s dans l&rsquo;op\u00e9ration.<\/strong><\/p>\n<p align=\"left\">Ces deux jeunes ne travaillaient pas pour l&rsquo;extraction de l&rsquo;uranium mais, c&rsquo;est \u00e9vident, l&rsquo;id\u00e9e \u00e9tait de d\u00e9courager d&rsquo;\u00e9ventuelles prochaines actions contre des salari\u00e9s d&rsquo;Areva.<\/p>\n<p align=\"left\">Depuis, les mouvements Touaregs la\u00efques et progressistes ont \u00e9t\u00e9 marginalis\u00e9s, en particulier par la mont\u00e9e en force du groupe salafiste Ansar Dine. Puissant et lourdement arm\u00e9, ce dernier s&rsquo;est alli\u00e9 \u00e0 AQMI (Al Qaeda au Maghreb Islamique), faisant courir un risque de plus en plus \u00e9vident pour les activit\u00e9s fran\u00e7aises d&rsquo;extraction de l&rsquo;uranium au nord du Niger.<\/p>\n<p align=\"left\"><strong>La France a soutenu avec la plus grande constance les gouvernements corrompus qui se sont succ\u00e9d\u00e9 au Mali<\/strong>, aboutissant \u00e0 un d\u00e9litement total de l&rsquo;\u00c9tat. C&rsquo;est probablement cet effondrement qui a amen\u00e9 les groupes islamistes \u00e0 s&rsquo;enhardir et \u00e0 avancer vers Bamako.<\/p>\n<p align=\"left\">De m\u00eame,\u00a0<strong>la France a maintenu depuis 40 ans le pouvoir du Niger dans un \u00e9tat de faiblesse et de d\u00e9pendance<\/strong>\u00a0par rapport \u00e0 l&rsquo;ancienne puissance coloniale et son entreprise d&rsquo;extraction de l&rsquo;uranium, la Cog\u00e9ma devenue Areva. Alors que les dirigeants nig\u00e9riens essaient tant bien que mal de contr\u00f4ler ce que fait Areva, la France reprend totalement la main avec son intervention militaire.<\/p>\n<p align=\"left\">Les r\u00e9cents mouvements des groupes islamistes n&rsquo;ont en effet fait\u00a0<strong>que pr\u00e9cipiter l&rsquo;intervention militaire fran\u00e7aise qui \u00e9tait en pr\u00e9paration<\/strong>. Il s&rsquo;agit ind\u00e9niablement un coup de force n\u00e9ocolonial, m\u00eame si les formes ont \u00e9t\u00e9 mises avec un opportun appel \u00e0 l&rsquo;aide du Pr\u00e9sident par int\u00e9rim du Mali, dont la l\u00e9gitimit\u00e9 est nulle puisqu&rsquo;il est en place suite \u00e0 un coup d&rsquo;\u00c9tat qui a eu lieu 22 mars 2012.<\/p>\n<p align=\"left\">Pr\u00e9cisons \u00e0 nouveau que nous n&rsquo;accordons pas le moindre cr\u00e9dit aux dangereux fondamentalistes qui sont aussi des trafiquants de drogue et d&rsquo;armes et n&rsquo;h\u00e9sitent pas \u00e0 blesser et tuer.<\/p>\n<p align=\"left\">Par contre, nous refusons la fable de l&rsquo;intervention militaire \u00ab\u00a0pour la d\u00e9mocratie\u00a0\u00bb. Ce pr\u00e9texte a d\u00e9j\u00e0 beaucoup servi, en particulier lorsque les USA ont voulu mettre la main sur des r\u00e9serves p\u00e9troli\u00e8res, et\u00a0<strong>le voil\u00e0 encore de mise parce que la France veut assurer l&rsquo;approvisionnement en uranium de ses r\u00e9acteurs nucl\u00e9aires<\/strong>. Notons d&rsquo;ailleurs que, \u00e0 27 000 euros l&rsquo;heure de vol d&rsquo;un Rafale, le tarif r\u00e9el du courant d&rsquo;origine nucl\u00e9aire est encore plus lourd que ce que l&rsquo;on pouvait craindre&#8230;<\/p>\n<p align=\"left\">En conclusion, il est une nouvelle fois d\u00e9montr\u00e9 que l&rsquo;atome, et la raison d&rsquo;\u00c9tat qui l&rsquo;entoure, ne nuit pas seulement \u00e0 l&rsquo;environnement et aux \u00eatres vivants\u00a0<strong>mais aussi \u00e0 la d\u00e9mocratie<\/strong>.<\/p>\n<p align=\"left\">(*)\u00a0<a href=\"http:\/\/observ.nucleaire.free.fr\/otages-niger.htm\" target=\"_blank\">http:\/\/observ.nucleaire.free.fr\/otages-niger.htm<\/a><\/p>\n<p align=\"left\">\n<p align=\"left\">Source\u00a0: <a href=\"http:\/\/observ.nucleaire.free.fr\/guerre-mali-uranium-niger.htm\">http:\/\/observ.nucleaire.free.fr\/guerre-mali-uranium-niger.htm<\/a><\/p>\n<p align=\"left\">\n<p align=\"left\">\n<p align=\"left\">\n","protected":false},"excerpt":{"rendered":"<p>Par St\u00e9phane Lhomme Directeur de l&rsquo;Observatoire du nucl\u00e9aire Le 11 janvier 2013, l&rsquo;arm\u00e9e fran\u00e7aise est intervenue au Mali \u00e0 la suite de mouvements, vers Bamako, de groupes arm\u00e9s islamistes. Depuis des mois, ces derniers tiennent tout le nord du Mali&hellip;<\/p>\n","protected":false},"author":19,"featured_media":34918,"comment_status":"closed","ping_status":"open","sticky":false,"template":"","format":"standard","meta":{"footnotes":""},"categories":[83,151,40,1250,95],"tags":[1034,252,3174,1073,3173,3172],"class_list":["post-34915","post","type-post","status-publish","format-standard","has-post-thumbnail","hentry","category-africa-fr","category-communique-de-presse","category-international-fr","category-paix-desarmement","category-affaires-etrangeres","tag-france-fr","tag-guerre","tag-islamistes","tag-mali","tag-niger","tag-uranium-fr"],"yoast_head":"<!-- This site is optimized with the Yoast SEO plugin v27.1.1 - https:\/\/yoast.com\/product\/yoast-seo-wordpress\/ -->\n<title>Une guerre au Mali et de l&#039;uranium au Niger : des islamistes tr\u00e8s utiles au pouvoir fran\u00e7ais<\/title>\n<meta name=\"description\" content=\"Par St\u00e9phane Lhomme Directeur de l&#039;Observatoire du nucl\u00e9aire Le 11 janvier 2013, l&#039;arm\u00e9e fran\u00e7aise est intervenue au Mali \u00e0 la suite de mouvements, vers\" \/>\n<meta name=\"robots\" content=\"index, follow, max-snippet:-1, max-image-preview:large, max-video-preview:-1\" \/>\n<link rel=\"canonical\" href=\"https:\/\/www.pressenza.com\/fr\/2013\/01\/une-guerre-au-mali-et-de-luranium-au-niger-des-islamistes-tres-utiles-au-pouvoir-francais\/\" \/>\n<meta property=\"og:locale\" content=\"fr_FR\" \/>\n<meta property=\"og:type\" content=\"article\" \/>\n<meta property=\"og:title\" content=\"Une guerre au Mali et de l&#039;uranium au Niger : des islamistes tr\u00e8s utiles au pouvoir fran\u00e7ais\" \/>\n<meta property=\"og:description\" content=\"Par St\u00e9phane Lhomme Directeur de l&#039;Observatoire du nucl\u00e9aire Le 11 janvier 2013, l&#039;arm\u00e9e fran\u00e7aise est intervenue au Mali \u00e0 la suite de mouvements, vers\" \/>\n<meta property=\"og:url\" content=\"https:\/\/www.pressenza.com\/fr\/2013\/01\/une-guerre-au-mali-et-de-luranium-au-niger-des-islamistes-tres-utiles-au-pouvoir-francais\/\" \/>\n<meta property=\"og:site_name\" content=\"Pressenza\" \/>\n<meta property=\"article:publisher\" content=\"https:\/\/www.facebook.com\/PressenzaItalia\" \/>\n<meta property=\"article:author\" content=\"https:\/\/www.facebook.com\/pressenza\" \/>\n<meta property=\"article:published_time\" content=\"2013-01-24T14:46:25+00:00\" \/>\n<meta property=\"article:modified_time\" content=\"2013-02-05T02:58:06+00:00\" \/>\n<meta property=\"og:image\" content=\"https:\/\/www.pressenza.com\/wp-content\/uploads\/2013\/01\/mali-carte.png\" \/>\n\t<meta property=\"og:image:width\" content=\"783\" \/>\n\t<meta property=\"og:image:height\" content=\"599\" \/>\n\t<meta property=\"og:image:type\" content=\"image\/png\" \/>\n<meta name=\"author\" content=\"Pressenza IPA\" \/>\n<meta name=\"twitter:card\" content=\"summary_large_image\" \/>\n<meta name=\"twitter:creator\" content=\"@PressenzaIPA\" \/>\n<meta name=\"twitter:site\" content=\"@PressenzaIPA\" \/>\n<meta name=\"twitter:label1\" content=\"\u00c9crit par\" \/>\n\t<meta name=\"twitter:data1\" content=\"Pressenza IPA\" \/>\n\t<meta name=\"twitter:label2\" content=\"Dur\u00e9e de lecture estim\u00e9e\" \/>\n\t<meta name=\"twitter:data2\" content=\"5 minutes\" \/>\n<script type=\"application\/ld+json\" class=\"yoast-schema-graph\">{\"@context\":\"https:\/\/schema.org\",\"@graph\":[{\"@type\":\"Article\",\"@id\":\"https:\/\/www.pressenza.com\/fr\/2013\/01\/une-guerre-au-mali-et-de-luranium-au-niger-des-islamistes-tres-utiles-au-pouvoir-francais\/#article\",\"isPartOf\":{\"@id\":\"https:\/\/www.pressenza.com\/fr\/2013\/01\/une-guerre-au-mali-et-de-luranium-au-niger-des-islamistes-tres-utiles-au-pouvoir-francais\/\"},\"author\":{\"name\":\"Pressenza IPA\",\"@id\":\"https:\/\/www.pressenza.com\/fr\/#\/schema\/person\/010e5d02bcf40965427a1289a4cc8d75\"},\"headline\":\"Une guerre au Mali et de l&rsquo;uranium au Niger : des islamistes tr\u00e8s utiles au pouvoir fran\u00e7ais\",\"datePublished\":\"2013-01-24T14:46:25+00:00\",\"dateModified\":\"2013-02-05T02:58:06+00:00\",\"mainEntityOfPage\":{\"@id\":\"https:\/\/www.pressenza.com\/fr\/2013\/01\/une-guerre-au-mali-et-de-luranium-au-niger-des-islamistes-tres-utiles-au-pouvoir-francais\/\"},\"wordCount\":1050,\"publisher\":{\"@id\":\"https:\/\/www.pressenza.com\/fr\/#organization\"},\"image\":{\"@id\":\"https:\/\/www.pressenza.com\/fr\/2013\/01\/une-guerre-au-mali-et-de-luranium-au-niger-des-islamistes-tres-utiles-au-pouvoir-francais\/#primaryimage\"},\"thumbnailUrl\":\"https:\/\/www.pressenza.com\/wp-content\/uploads\/2013\/01\/mali-carte.png\",\"keywords\":[\"France\",\"guerre\",\"islamistes\",\"Mali\",\"Niger\",\"uranium\"],\"articleSection\":[\"Afrique\",\"Communiqu\u00e9s de Presse\",\"International\",\"Paix et D\u00e9sarmement\",\"Relations internationales\"],\"inLanguage\":\"fr-FR\"},{\"@type\":\"WebPage\",\"@id\":\"https:\/\/www.pressenza.com\/fr\/2013\/01\/une-guerre-au-mali-et-de-luranium-au-niger-des-islamistes-tres-utiles-au-pouvoir-francais\/\",\"url\":\"https:\/\/www.pressenza.com\/fr\/2013\/01\/une-guerre-au-mali-et-de-luranium-au-niger-des-islamistes-tres-utiles-au-pouvoir-francais\/\",\"name\":\"Une guerre au Mali et de l'uranium au Niger : des islamistes tr\u00e8s utiles au pouvoir fran\u00e7ais\",\"isPartOf\":{\"@id\":\"https:\/\/www.pressenza.com\/fr\/#website\"},\"primaryImageOfPage\":{\"@id\":\"https:\/\/www.pressenza.com\/fr\/2013\/01\/une-guerre-au-mali-et-de-luranium-au-niger-des-islamistes-tres-utiles-au-pouvoir-francais\/#primaryimage\"},\"image\":{\"@id\":\"https:\/\/www.pressenza.com\/fr\/2013\/01\/une-guerre-au-mali-et-de-luranium-au-niger-des-islamistes-tres-utiles-au-pouvoir-francais\/#primaryimage\"},\"thumbnailUrl\":\"https:\/\/www.pressenza.com\/wp-content\/uploads\/2013\/01\/mali-carte.png\",\"datePublished\":\"2013-01-24T14:46:25+00:00\",\"dateModified\":\"2013-02-05T02:58:06+00:00\",\"description\":\"Par St\u00e9phane Lhomme Directeur de l'Observatoire du nucl\u00e9aire Le 11 janvier 2013, l'arm\u00e9e fran\u00e7aise est intervenue au Mali \u00e0 la suite de mouvements, vers\",\"breadcrumb\":{\"@id\":\"https:\/\/www.pressenza.com\/fr\/2013\/01\/une-guerre-au-mali-et-de-luranium-au-niger-des-islamistes-tres-utiles-au-pouvoir-francais\/#breadcrumb\"},\"inLanguage\":\"fr-FR\",\"potentialAction\":[{\"@type\":\"ReadAction\",\"target\":[\"https:\/\/www.pressenza.com\/fr\/2013\/01\/une-guerre-au-mali-et-de-luranium-au-niger-des-islamistes-tres-utiles-au-pouvoir-francais\/\"]}]},{\"@type\":\"ImageObject\",\"inLanguage\":\"fr-FR\",\"@id\":\"https:\/\/www.pressenza.com\/fr\/2013\/01\/une-guerre-au-mali-et-de-luranium-au-niger-des-islamistes-tres-utiles-au-pouvoir-francais\/#primaryimage\",\"url\":\"https:\/\/www.pressenza.com\/wp-content\/uploads\/2013\/01\/mali-carte.png\",\"contentUrl\":\"https:\/\/www.pressenza.com\/wp-content\/uploads\/2013\/01\/mali-carte.png\",\"width\":\"783\",\"height\":\"599\"},{\"@type\":\"BreadcrumbList\",\"@id\":\"https:\/\/www.pressenza.com\/fr\/2013\/01\/une-guerre-au-mali-et-de-luranium-au-niger-des-islamistes-tres-utiles-au-pouvoir-francais\/#breadcrumb\",\"itemListElement\":[{\"@type\":\"ListItem\",\"position\":1,\"name\":\"Accueil\",\"item\":\"https:\/\/www.pressenza.com\/fr\/\"},{\"@type\":\"ListItem\",\"position\":2,\"name\":\"Une guerre au Mali et de l&rsquo;uranium au Niger : des islamistes tr\u00e8s utiles au pouvoir fran\u00e7ais\"}]},{\"@type\":\"WebSite\",\"@id\":\"https:\/\/www.pressenza.com\/fr\/#website\",\"url\":\"https:\/\/www.pressenza.com\/fr\/\",\"name\":\"Pressenza\",\"description\":\"International Press Agency\",\"publisher\":{\"@id\":\"https:\/\/www.pressenza.com\/fr\/#organization\"},\"potentialAction\":[{\"@type\":\"SearchAction\",\"target\":{\"@type\":\"EntryPoint\",\"urlTemplate\":\"https:\/\/www.pressenza.com\/fr\/?s={search_term_string}\"},\"query-input\":{\"@type\":\"PropertyValueSpecification\",\"valueRequired\":true,\"valueName\":\"search_term_string\"}}],\"inLanguage\":\"fr-FR\"},{\"@type\":\"Organization\",\"@id\":\"https:\/\/www.pressenza.com\/fr\/#organization\",\"name\":\"Pressenza\",\"url\":\"https:\/\/www.pressenza.com\/fr\/\",\"logo\":{\"@type\":\"ImageObject\",\"inLanguage\":\"fr-FR\",\"@id\":\"https:\/\/www.pressenza.com\/fr\/#\/schema\/logo\/image\/\",\"url\":\"https:\/\/www.pressenza.com\/wp-content\/uploads\/2022\/10\/pressenza_logo_200x200.jpg\",\"contentUrl\":\"https:\/\/www.pressenza.com\/wp-content\/uploads\/2022\/10\/pressenza_logo_200x200.jpg\",\"width\":200,\"height\":200,\"caption\":\"Pressenza\"},\"image\":{\"@id\":\"https:\/\/www.pressenza.com\/fr\/#\/schema\/logo\/image\/\"},\"sameAs\":[\"https:\/\/www.facebook.com\/PressenzaItalia\",\"https:\/\/x.com\/PressenzaIPA\"]},{\"@type\":\"Person\",\"@id\":\"https:\/\/www.pressenza.com\/fr\/#\/schema\/person\/010e5d02bcf40965427a1289a4cc8d75\",\"name\":\"Pressenza IPA\",\"description\":\"News from Pressenza IPA correspondents\",\"sameAs\":[\"https:\/\/www.facebook.com\/pressenza\",\"https:\/\/x.com\/PressenzaIPA\"],\"url\":\"https:\/\/www.pressenza.com\/fr\/author\/pressenza-ipa\/\"}]}<\/script>\n<!-- \/ Yoast SEO plugin. -->","yoast_head_json":{"title":"Une guerre au Mali et de l'uranium au Niger : des islamistes tr\u00e8s utiles au pouvoir fran\u00e7ais","description":"Par St\u00e9phane Lhomme Directeur de l'Observatoire du nucl\u00e9aire Le 11 janvier 2013, l'arm\u00e9e fran\u00e7aise est intervenue au Mali \u00e0 la suite de mouvements, vers","robots":{"index":"index","follow":"follow","max-snippet":"max-snippet:-1","max-image-preview":"max-image-preview:large","max-video-preview":"max-video-preview:-1"},"canonical":"https:\/\/www.pressenza.com\/fr\/2013\/01\/une-guerre-au-mali-et-de-luranium-au-niger-des-islamistes-tres-utiles-au-pouvoir-francais\/","og_locale":"fr_FR","og_type":"article","og_title":"Une guerre au Mali et de l'uranium au Niger : des islamistes tr\u00e8s utiles au pouvoir fran\u00e7ais","og_description":"Par St\u00e9phane Lhomme Directeur de l'Observatoire du nucl\u00e9aire Le 11 janvier 2013, l'arm\u00e9e fran\u00e7aise est intervenue au Mali \u00e0 la suite de mouvements, vers","og_url":"https:\/\/www.pressenza.com\/fr\/2013\/01\/une-guerre-au-mali-et-de-luranium-au-niger-des-islamistes-tres-utiles-au-pouvoir-francais\/","og_site_name":"Pressenza","article_publisher":"https:\/\/www.facebook.com\/PressenzaItalia","article_author":"https:\/\/www.facebook.com\/pressenza","article_published_time":"2013-01-24T14:46:25+00:00","article_modified_time":"2013-02-05T02:58:06+00:00","og_image":[{"width":783,"height":599,"url":"https:\/\/www.pressenza.com\/wp-content\/uploads\/2013\/01\/mali-carte.png","type":"image\/png"}],"author":"Pressenza IPA","twitter_card":"summary_large_image","twitter_creator":"@PressenzaIPA","twitter_site":"@PressenzaIPA","twitter_misc":{"\u00c9crit par":"Pressenza IPA","Dur\u00e9e de lecture estim\u00e9e":"5 minutes"},"schema":{"@context":"https:\/\/schema.org","@graph":[{"@type":"Article","@id":"https:\/\/www.pressenza.com\/fr\/2013\/01\/une-guerre-au-mali-et-de-luranium-au-niger-des-islamistes-tres-utiles-au-pouvoir-francais\/#article","isPartOf":{"@id":"https:\/\/www.pressenza.com\/fr\/2013\/01\/une-guerre-au-mali-et-de-luranium-au-niger-des-islamistes-tres-utiles-au-pouvoir-francais\/"},"author":{"name":"Pressenza IPA","@id":"https:\/\/www.pressenza.com\/fr\/#\/schema\/person\/010e5d02bcf40965427a1289a4cc8d75"},"headline":"Une guerre au Mali et de l&rsquo;uranium au Niger : des islamistes tr\u00e8s utiles au pouvoir fran\u00e7ais","datePublished":"2013-01-24T14:46:25+00:00","dateModified":"2013-02-05T02:58:06+00:00","mainEntityOfPage":{"@id":"https:\/\/www.pressenza.com\/fr\/2013\/01\/une-guerre-au-mali-et-de-luranium-au-niger-des-islamistes-tres-utiles-au-pouvoir-francais\/"},"wordCount":1050,"publisher":{"@id":"https:\/\/www.pressenza.com\/fr\/#organization"},"image":{"@id":"https:\/\/www.pressenza.com\/fr\/2013\/01\/une-guerre-au-mali-et-de-luranium-au-niger-des-islamistes-tres-utiles-au-pouvoir-francais\/#primaryimage"},"thumbnailUrl":"https:\/\/www.pressenza.com\/wp-content\/uploads\/2013\/01\/mali-carte.png","keywords":["France","guerre","islamistes","Mali","Niger","uranium"],"articleSection":["Afrique","Communiqu\u00e9s de Presse","International","Paix et D\u00e9sarmement","Relations internationales"],"inLanguage":"fr-FR"},{"@type":"WebPage","@id":"https:\/\/www.pressenza.com\/fr\/2013\/01\/une-guerre-au-mali-et-de-luranium-au-niger-des-islamistes-tres-utiles-au-pouvoir-francais\/","url":"https:\/\/www.pressenza.com\/fr\/2013\/01\/une-guerre-au-mali-et-de-luranium-au-niger-des-islamistes-tres-utiles-au-pouvoir-francais\/","name":"Une guerre au Mali et de l'uranium au Niger : des islamistes tr\u00e8s utiles au pouvoir fran\u00e7ais","isPartOf":{"@id":"https:\/\/www.pressenza.com\/fr\/#website"},"primaryImageOfPage":{"@id":"https:\/\/www.pressenza.com\/fr\/2013\/01\/une-guerre-au-mali-et-de-luranium-au-niger-des-islamistes-tres-utiles-au-pouvoir-francais\/#primaryimage"},"image":{"@id":"https:\/\/www.pressenza.com\/fr\/2013\/01\/une-guerre-au-mali-et-de-luranium-au-niger-des-islamistes-tres-utiles-au-pouvoir-francais\/#primaryimage"},"thumbnailUrl":"https:\/\/www.pressenza.com\/wp-content\/uploads\/2013\/01\/mali-carte.png","datePublished":"2013-01-24T14:46:25+00:00","dateModified":"2013-02-05T02:58:06+00:00","description":"Par St\u00e9phane Lhomme Directeur de l'Observatoire du nucl\u00e9aire Le 11 janvier 2013, l'arm\u00e9e fran\u00e7aise est intervenue au Mali \u00e0 la suite de mouvements, vers","breadcrumb":{"@id":"https:\/\/www.pressenza.com\/fr\/2013\/01\/une-guerre-au-mali-et-de-luranium-au-niger-des-islamistes-tres-utiles-au-pouvoir-francais\/#breadcrumb"},"inLanguage":"fr-FR","potentialAction":[{"@type":"ReadAction","target":["https:\/\/www.pressenza.com\/fr\/2013\/01\/une-guerre-au-mali-et-de-luranium-au-niger-des-islamistes-tres-utiles-au-pouvoir-francais\/"]}]},{"@type":"ImageObject","inLanguage":"fr-FR","@id":"https:\/\/www.pressenza.com\/fr\/2013\/01\/une-guerre-au-mali-et-de-luranium-au-niger-des-islamistes-tres-utiles-au-pouvoir-francais\/#primaryimage","url":"https:\/\/www.pressenza.com\/wp-content\/uploads\/2013\/01\/mali-carte.png","contentUrl":"https:\/\/www.pressenza.com\/wp-content\/uploads\/2013\/01\/mali-carte.png","width":"783","height":"599"},{"@type":"BreadcrumbList","@id":"https:\/\/www.pressenza.com\/fr\/2013\/01\/une-guerre-au-mali-et-de-luranium-au-niger-des-islamistes-tres-utiles-au-pouvoir-francais\/#breadcrumb","itemListElement":[{"@type":"ListItem","position":1,"name":"Accueil","item":"https:\/\/www.pressenza.com\/fr\/"},{"@type":"ListItem","position":2,"name":"Une guerre au Mali et de l&rsquo;uranium au Niger : des islamistes tr\u00e8s utiles au pouvoir fran\u00e7ais"}]},{"@type":"WebSite","@id":"https:\/\/www.pressenza.com\/fr\/#website","url":"https:\/\/www.pressenza.com\/fr\/","name":"Pressenza","description":"International Press Agency","publisher":{"@id":"https:\/\/www.pressenza.com\/fr\/#organization"},"potentialAction":[{"@type":"SearchAction","target":{"@type":"EntryPoint","urlTemplate":"https:\/\/www.pressenza.com\/fr\/?s={search_term_string}"},"query-input":{"@type":"PropertyValueSpecification","valueRequired":true,"valueName":"search_term_string"}}],"inLanguage":"fr-FR"},{"@type":"Organization","@id":"https:\/\/www.pressenza.com\/fr\/#organization","name":"Pressenza","url":"https:\/\/www.pressenza.com\/fr\/","logo":{"@type":"ImageObject","inLanguage":"fr-FR","@id":"https:\/\/www.pressenza.com\/fr\/#\/schema\/logo\/image\/","url":"https:\/\/www.pressenza.com\/wp-content\/uploads\/2022\/10\/pressenza_logo_200x200.jpg","contentUrl":"https:\/\/www.pressenza.com\/wp-content\/uploads\/2022\/10\/pressenza_logo_200x200.jpg","width":200,"height":200,"caption":"Pressenza"},"image":{"@id":"https:\/\/www.pressenza.com\/fr\/#\/schema\/logo\/image\/"},"sameAs":["https:\/\/www.facebook.com\/PressenzaItalia","https:\/\/x.com\/PressenzaIPA"]},{"@type":"Person","@id":"https:\/\/www.pressenza.com\/fr\/#\/schema\/person\/010e5d02bcf40965427a1289a4cc8d75","name":"Pressenza IPA","description":"News from Pressenza IPA correspondents","sameAs":["https:\/\/www.facebook.com\/pressenza","https:\/\/x.com\/PressenzaIPA"],"url":"https:\/\/www.pressenza.com\/fr\/author\/pressenza-ipa\/"}]}},"place":"Paris, FRANCE","original_article_url":"","_links":{"self":[{"href":"https:\/\/www.pressenza.com\/fr\/wp-json\/wp\/v2\/posts\/34915","targetHints":{"allow":["GET"]}}],"collection":[{"href":"https:\/\/www.pressenza.com\/fr\/wp-json\/wp\/v2\/posts"}],"about":[{"href":"https:\/\/www.pressenza.com\/fr\/wp-json\/wp\/v2\/types\/post"}],"author":[{"embeddable":true,"href":"https:\/\/www.pressenza.com\/fr\/wp-json\/wp\/v2\/users\/19"}],"replies":[{"embeddable":true,"href":"https:\/\/www.pressenza.com\/fr\/wp-json\/wp\/v2\/comments?post=34915"}],"version-history":[{"count":0,"href":"https:\/\/www.pressenza.com\/fr\/wp-json\/wp\/v2\/posts\/34915\/revisions"}],"wp:featuredmedia":[{"embeddable":true,"href":"https:\/\/www.pressenza.com\/fr\/wp-json\/wp\/v2\/media\/34918"}],"wp:attachment":[{"href":"https:\/\/www.pressenza.com\/fr\/wp-json\/wp\/v2\/media?parent=34915"}],"wp:term":[{"taxonomy":"category","embeddable":true,"href":"https:\/\/www.pressenza.com\/fr\/wp-json\/wp\/v2\/categories?post=34915"},{"taxonomy":"post_tag","embeddable":true,"href":"https:\/\/www.pressenza.com\/fr\/wp-json\/wp\/v2\/tags?post=34915"}],"curies":[{"name":"wp","href":"https:\/\/api.w.org\/{rel}","templated":true}]}}