{"id":342978,"date":"2016-07-19T04:57:08","date_gmt":"2016-07-19T03:57:08","guid":{"rendered":"http:\/\/www.pressenza.com\/fr\/?p=342978"},"modified":"2016-07-25T19:09:21","modified_gmt":"2016-07-25T18:09:21","slug":"ils-sen-prennent-maintenant-raul-noro","status":"publish","type":"post","link":"https:\/\/www.pressenza.com\/fr\/2016\/07\/ils-sen-prennent-maintenant-raul-noro\/","title":{"rendered":"Ils s&rsquo;en prennent maintenant \u00e0 Ra\u00fal Noro"},"content":{"rendered":"<p>Ra\u00fal Noro, compagnon de Milagro Sala, a appris ce matin qu\u2019un mandat d&rsquo;arr\u00eat \u00e9tait lanc\u00e9 contre lui. Compte tenu de son \u00e9tat de sant\u00e9, et avec ses avocats, ils ont d\u00e9cid\u00e9 qu\u2019il \u00e9tait pr\u00e9f\u00e9rable qu\u2019il se pr\u00e9sente au tribunal et d\u2019essayer ainsi de b\u00e9n\u00e9ficier d\u2019une d\u00e9tention \u00e0 domicile. Apr\u00e8s s&rsquo;\u00eatre pr\u00e9sent\u00e9, il a d\u00fb \u00eatre emmen\u00e9 dans une clinique pour faire les examens confirmant la recommandation de ne pas \u00eatre incarc\u00e9r\u00e9.<\/p>\n<p>Depuis le 16 janvier, la d\u00e9put\u00e9e du Parlasur, Milagro Sala est priv\u00e9e de sa libert\u00e9. Les accusations port\u00e9es contre elle ont \u00e9t\u00e9 dans de nombreux cas extorqu\u00e9es ou obtenues sous la contrainte. Son crime est d&rsquo;avoir exig\u00e9, en \u00e9tablissant un campement pacifique dans le centre de San Salvador de Jujuy, un entretien avec le tout nouveau gouverneur Gerardo Morales, pour pouvoir d\u00e9fendre le travail de toutes les familles membres de coop\u00e9ratives de la Tupac Amaru et d&rsquo;autres organismes mettant en \u0153uvre des programmes de logement, d&rsquo;assainissement et de travaux publics. Le motif de son arrestation \u00a0\u00e9tait \u00ab\u00a0incitation \u00e0 la violence\u00a0\u00bb.<\/p>\n<p>L&rsquo;histoire de Milagro Sala est marqu\u00e9e par la lutte contre l&rsquo;injustice, d&rsquo;abord depuis le syndicalisme et ensuite \u00e0 travers l\u2019organisation de centaines de \u00ab\u00a0copas de leche\u00a0\u00bb [<em>NDT \u00ab\u00a0soupes populaires\u00a0\u00bb distribuant des verres de lait chaud<\/em>] \u00a0pour nourrir les enfants de Jujuy, l&rsquo;une des provinces les plus pauvres d\u2019Argentine. C\u2019\u00e9taient les ann\u00e9es 90, ann\u00e9es de r\u00e9sistance face aux plans n\u00e9olib\u00e9raux qui affamaient la population et d\u00e9boucheraient sur les \u00e9v\u00e9nements tragiques de 2001.<\/p>\n<p>Dans les ann\u00e9es 2000, son organisation de quartier s\u2019est organis\u00e9e en coop\u00e9ratives de travail pour r\u00e9aliser les travaux dont avaient besoin ses habitants qui souffraient d\u00e9j\u00e0 de l\u2019abandon de l\u2019Etat. C\u2019est ainsi qu\u2019ils construisirent logements, parcs aquatiques, h\u00f4pitaux, \u00e9coles -primaires et secondaires- garderies, usines de textiles, fabriques de briques, forges et tant d\u2019autres choses. La Tupac Amaru s\u2019est transform\u00e9e en un exemple de dignit\u00e9, d\u2019organisation et de travail en commun. \u00a0Beaucoup plus de travaux ont pu ainsi \u00eatre r\u00e9alis\u00e9s, de meilleure qualit\u00e9 et avec beaucoup moins d\u2019argent que les entreprises priv\u00e9es.<\/p>\n<p>En arrivant au pouvoir, Gerardo Morales savait qu&rsquo;il devait d\u00e9truire la Tupac Amaru s&rsquo;il voulait faire avancer le plan de l&rsquo;Alliance \u00ab\u00a0Cambiemos\u00a0\u00bb qui \u00e9tait de faire dispara\u00eetre tous les progr\u00e8s r\u00e9alis\u00e9s au cours des gouvernements de Nestor et Cristina. Pour cela, il a modifi\u00e9 le fonctionnement de la justice et a rassembl\u00e9 une \u00e9quipe pour mettre en \u0153uvre une pers\u00e9cution syst\u00e9matique fond\u00e9e sur des plaintes en s\u00e9ries ind\u00e9montrables, de fa\u00e7on \u00e0 ce que la leader sociale puisse \u00eatre maintenue ill\u00e9galement en prison pr\u00e9ventive.<\/p>\n<p>Ra\u00fal Noro, journaliste et activiste humaniste depuis des d\u00e9cennies, fut emprisonn\u00e9 par le dictateur Ongan\u00eda et aussi par Videla dictateur et coupable de g\u00e9nocide, et finit par s\u2019exiler. Il y a quelques semaines, nous l\u2019avons \u00e9cout\u00e9 demandant protection pour Milagro Sala et pour la construction collective que repr\u00e9sente la Tupac Amaru, demandant \u00e0 ce qu\u2019en juin Milagro Sala soit de nouveau \u00e9lue comme leader incontest\u00e9e. Il \u00e9tait pr\u00e9occup\u00e9 pour celle qu\u2019il appelle \u00ab\u00a0la flaca\u00a0\u00bb, que nous avons \u00e9galement \u00e9cout\u00e9e lors d\u2019une interview \u00e0 la radio dans laquelle elle parlait de sa douleur de se rendre compte que dans sa province ch\u00e9rie de Jujuy \u00abil n\u2019y a pas de justice\u00a0\u00bb, d\u00e9clarant que cela lui enlevait le d\u00e9sir de continuer \u00e0 vivre.<\/p>\n<p>Noro a subi des perquisitions arbitraires et sauvages de sa maison, avec murs, plafonds et toits perc\u00e9s de part en part apr\u00e8s le passage de la police. Il a re\u00e7u des menaces et a \u00e9t\u00e9 constamment harcel\u00e9. Avec Noro, accus\u00e9 de \u00ab\u00a0fraude \u00e0 l&rsquo;administration publique et extorsion\u00a0\u00bb, trois autres membres de l\u2019organisation ont \u00e9t\u00e9 arr\u00eat\u00e9s aujourd\u2019hui. De nombreuses manifestations contre les actions du gouverneur Morales ont eu lieu \u00e0 la fois en Argentine et dans le reste du monde.<\/p>\n<p>Aujourd&rsquo;hui plus que jamais, il est n\u00e9cessaire d&rsquo;\u00e9lever la voix et de r\u00e9clamer la fin de cette pers\u00e9cution qui viole les droits de l&rsquo;homme et les lois. Le Comit\u00e9 de soutien pour la libert\u00e9 de Milagro Sala a convoqu\u00e9 \u00e0 une conf\u00e9rence de presse pour le vendredi 15 Juillet \u00e0 10 heures \u00e0 Riobamba, 34 de la ville de Buenos Aires, pour expliquer la situation des 4 d\u00e9tenus d\u2019aujourd&rsquo;hui et du reste des compagnons incarc\u00e9r\u00e9s.<\/p>\n<p>Nous partageons le message enregistr\u00e9 par Ra\u00fal Noro avant de se rendre au tribunal n \u00b0 4 de Jujuy.<\/p>\n<p><a href=\"https:\/\/www.youtube.com\/watch?v=RZmDSojPLdI\">https:\/\/www.youtube.com\/watch?v=RZmDSojPLdI<\/a><\/p>\n<p>&nbsp;<\/p>\n","protected":false},"excerpt":{"rendered":"<p>Ra\u00fal Noro, compagnon de Milagro Sala, a appris ce matin qu\u2019un mandat d&rsquo;arr\u00eat \u00e9tait lanc\u00e9 contre lui. Compte tenu de son \u00e9tat de sant\u00e9, et avec ses avocats, ils ont d\u00e9cid\u00e9 qu\u2019il \u00e9tait pr\u00e9f\u00e9rable qu\u2019il se pr\u00e9sente au tribunal et&hellip;<\/p>\n","protected":false},"author":96,"featured_media":341480,"comment_status":"closed","ping_status":"closed","sticky":false,"template":"","format":"standard","meta":{"footnotes":""},"categories":[86,11386,98],"tags":[1180,28947,28946,27500,23576,28948,28945,1096],"class_list":["post-342978","post","type-post","status-publish","format-standard","has-post-thumbnail","hentry","category-amerique-du-sud","category-contenu-original","category-droits-de-lhomme","tag-argentine","tag-detention-illegale","tag-gouverneur-gerardo-morales","tag-milagro-sala-fr","tag-persecutions","tag-prisonniers-politiques","tag-province-de-jujuy","tag-tupac-amaru"],"yoast_head":"<!-- This site is optimized with the Yoast SEO plugin v27.1.1 - https:\/\/yoast.com\/product\/yoast-seo-wordpress\/ -->\n<title>Ils s&#039;en prennent maintenant \u00e0 Ra\u00fal Noro<\/title>\n<meta name=\"description\" content=\"Ra\u00fal Noro, compagnon de Milagro Sala, a appris ce matin qu\u2019un mandat d&#039;arr\u00eat \u00e9tait lanc\u00e9 contre lui. Compte tenu de son \u00e9tat de sant\u00e9, et avec ses\" \/>\n<meta name=\"robots\" content=\"index, follow, max-snippet:-1, max-image-preview:large, max-video-preview:-1\" \/>\n<link rel=\"canonical\" href=\"https:\/\/www.pressenza.com\/fr\/2016\/07\/ils-sen-prennent-maintenant-raul-noro\/\" \/>\n<meta property=\"og:locale\" content=\"fr_FR\" \/>\n<meta property=\"og:type\" content=\"article\" \/>\n<meta property=\"og:title\" content=\"Ils s&#039;en prennent maintenant \u00e0 Ra\u00fal Noro\" \/>\n<meta property=\"og:description\" content=\"Ra\u00fal Noro, compagnon de Milagro Sala, a appris ce matin qu\u2019un mandat d&#039;arr\u00eat \u00e9tait lanc\u00e9 contre lui. Compte tenu de son \u00e9tat de sant\u00e9, et avec ses\" \/>\n<meta property=\"og:url\" content=\"https:\/\/www.pressenza.com\/fr\/2016\/07\/ils-sen-prennent-maintenant-raul-noro\/\" \/>\n<meta property=\"og:site_name\" content=\"Pressenza\" \/>\n<meta property=\"article:publisher\" content=\"https:\/\/www.facebook.com\/PressenzaItalia\" \/>\n<meta property=\"article:author\" content=\"https:\/\/www.facebook.com\/mariano.quiroga.779\" \/>\n<meta property=\"article:published_time\" content=\"2016-07-19T03:57:08+00:00\" \/>\n<meta property=\"article:modified_time\" content=\"2016-07-25T18:09:21+00:00\" \/>\n<meta property=\"og:image\" content=\"https:\/\/www.pressenza.com\/wp-content\/uploads\/2016\/07\/pintius.jpg\" \/>\n\t<meta property=\"og:image:width\" content=\"960\" \/>\n\t<meta property=\"og:image:height\" content=\"596\" \/>\n\t<meta property=\"og:image:type\" content=\"image\/jpeg\" \/>\n<meta name=\"author\" content=\"Mariano Quiroga\" \/>\n<meta name=\"twitter:card\" content=\"summary_large_image\" \/>\n<meta name=\"twitter:creator\" content=\"@MaruchoQuiroga\" \/>\n<meta name=\"twitter:site\" content=\"@PressenzaIPA\" \/>\n<meta name=\"twitter:label1\" content=\"\u00c9crit par\" \/>\n\t<meta name=\"twitter:data1\" content=\"Mariano Quiroga\" \/>\n\t<meta name=\"twitter:label2\" content=\"Dur\u00e9e de lecture estim\u00e9e\" \/>\n\t<meta name=\"twitter:data2\" content=\"4 minutes\" \/>\n<script type=\"application\/ld+json\" class=\"yoast-schema-graph\">{\"@context\":\"https:\/\/schema.org\",\"@graph\":[{\"@type\":\"Article\",\"@id\":\"https:\/\/www.pressenza.com\/fr\/2016\/07\/ils-sen-prennent-maintenant-raul-noro\/#article\",\"isPartOf\":{\"@id\":\"https:\/\/www.pressenza.com\/fr\/2016\/07\/ils-sen-prennent-maintenant-raul-noro\/\"},\"author\":{\"name\":\"Mariano Quiroga\",\"@id\":\"https:\/\/www.pressenza.com\/fr\/#\/schema\/person\/a0856fe41d8234b92503e6b28dc2585e\"},\"headline\":\"Ils s&rsquo;en prennent maintenant \u00e0 Ra\u00fal Noro\",\"datePublished\":\"2016-07-19T03:57:08+00:00\",\"dateModified\":\"2016-07-25T18:09:21+00:00\",\"mainEntityOfPage\":{\"@id\":\"https:\/\/www.pressenza.com\/fr\/2016\/07\/ils-sen-prennent-maintenant-raul-noro\/\"},\"wordCount\":822,\"publisher\":{\"@id\":\"https:\/\/www.pressenza.com\/fr\/#organization\"},\"image\":{\"@id\":\"https:\/\/www.pressenza.com\/fr\/2016\/07\/ils-sen-prennent-maintenant-raul-noro\/#primaryimage\"},\"thumbnailUrl\":\"https:\/\/www.pressenza.com\/wp-content\/uploads\/2016\/07\/pintius.jpg\",\"keywords\":[\"Argentine\",\"d\u00e9tention ill\u00e9gale\",\"gouverneur Gerardo Morales\",\"Milagro Sala\",\"pers\u00e9cutions\",\"prisonniers politiques\",\"province de Jujuy\",\"Tupac Amaru\"],\"articleSection\":[\"Am\u00e9rique du Sud\",\"Contenu Original\",\"Droits humains\"],\"inLanguage\":\"fr-FR\"},{\"@type\":\"WebPage\",\"@id\":\"https:\/\/www.pressenza.com\/fr\/2016\/07\/ils-sen-prennent-maintenant-raul-noro\/\",\"url\":\"https:\/\/www.pressenza.com\/fr\/2016\/07\/ils-sen-prennent-maintenant-raul-noro\/\",\"name\":\"Ils s'en prennent maintenant \u00e0 Ra\u00fal Noro\",\"isPartOf\":{\"@id\":\"https:\/\/www.pressenza.com\/fr\/#website\"},\"primaryImageOfPage\":{\"@id\":\"https:\/\/www.pressenza.com\/fr\/2016\/07\/ils-sen-prennent-maintenant-raul-noro\/#primaryimage\"},\"image\":{\"@id\":\"https:\/\/www.pressenza.com\/fr\/2016\/07\/ils-sen-prennent-maintenant-raul-noro\/#primaryimage\"},\"thumbnailUrl\":\"https:\/\/www.pressenza.com\/wp-content\/uploads\/2016\/07\/pintius.jpg\",\"datePublished\":\"2016-07-19T03:57:08+00:00\",\"dateModified\":\"2016-07-25T18:09:21+00:00\",\"description\":\"Ra\u00fal Noro, compagnon de Milagro Sala, a appris ce matin qu\u2019un mandat d'arr\u00eat \u00e9tait lanc\u00e9 contre lui. Compte tenu de son \u00e9tat de sant\u00e9, et avec ses\",\"breadcrumb\":{\"@id\":\"https:\/\/www.pressenza.com\/fr\/2016\/07\/ils-sen-prennent-maintenant-raul-noro\/#breadcrumb\"},\"inLanguage\":\"fr-FR\",\"potentialAction\":[{\"@type\":\"ReadAction\",\"target\":[\"https:\/\/www.pressenza.com\/fr\/2016\/07\/ils-sen-prennent-maintenant-raul-noro\/\"]}]},{\"@type\":\"ImageObject\",\"inLanguage\":\"fr-FR\",\"@id\":\"https:\/\/www.pressenza.com\/fr\/2016\/07\/ils-sen-prennent-maintenant-raul-noro\/#primaryimage\",\"url\":\"https:\/\/www.pressenza.com\/wp-content\/uploads\/2016\/07\/pintius.jpg\",\"contentUrl\":\"https:\/\/www.pressenza.com\/wp-content\/uploads\/2016\/07\/pintius.jpg\",\"width\":960,\"height\":596},{\"@type\":\"BreadcrumbList\",\"@id\":\"https:\/\/www.pressenza.com\/fr\/2016\/07\/ils-sen-prennent-maintenant-raul-noro\/#breadcrumb\",\"itemListElement\":[{\"@type\":\"ListItem\",\"position\":1,\"name\":\"Accueil\",\"item\":\"https:\/\/www.pressenza.com\/fr\/\"},{\"@type\":\"ListItem\",\"position\":2,\"name\":\"Ils s&rsquo;en prennent maintenant \u00e0 Ra\u00fal Noro\"}]},{\"@type\":\"WebSite\",\"@id\":\"https:\/\/www.pressenza.com\/fr\/#website\",\"url\":\"https:\/\/www.pressenza.com\/fr\/\",\"name\":\"Pressenza\",\"description\":\"International Press Agency\",\"publisher\":{\"@id\":\"https:\/\/www.pressenza.com\/fr\/#organization\"},\"potentialAction\":[{\"@type\":\"SearchAction\",\"target\":{\"@type\":\"EntryPoint\",\"urlTemplate\":\"https:\/\/www.pressenza.com\/fr\/?s={search_term_string}\"},\"query-input\":{\"@type\":\"PropertyValueSpecification\",\"valueRequired\":true,\"valueName\":\"search_term_string\"}}],\"inLanguage\":\"fr-FR\"},{\"@type\":\"Organization\",\"@id\":\"https:\/\/www.pressenza.com\/fr\/#organization\",\"name\":\"Pressenza\",\"url\":\"https:\/\/www.pressenza.com\/fr\/\",\"logo\":{\"@type\":\"ImageObject\",\"inLanguage\":\"fr-FR\",\"@id\":\"https:\/\/www.pressenza.com\/fr\/#\/schema\/logo\/image\/\",\"url\":\"https:\/\/www.pressenza.com\/wp-content\/uploads\/2022\/10\/pressenza_logo_200x200.jpg\",\"contentUrl\":\"https:\/\/www.pressenza.com\/wp-content\/uploads\/2022\/10\/pressenza_logo_200x200.jpg\",\"width\":200,\"height\":200,\"caption\":\"Pressenza\"},\"image\":{\"@id\":\"https:\/\/www.pressenza.com\/fr\/#\/schema\/logo\/image\/\"},\"sameAs\":[\"https:\/\/www.facebook.com\/PressenzaItalia\",\"https:\/\/x.com\/PressenzaIPA\"]},{\"@type\":\"Person\",\"@id\":\"https:\/\/www.pressenza.com\/fr\/#\/schema\/person\/a0856fe41d8234b92503e6b28dc2585e\",\"name\":\"Mariano Quiroga\",\"description\":\"Born in Buenos Aires, Argentina, in 1976, Mariano is a journalist, poet and international editor for Pressenza. His career includes publications in different countries and languages. Currently he is presenter on radio programmes in Ecuador and Argentina. A humanist communicator specialising in international politics, his vocation has led him to seek to build bridges that allow relationships to be made between data, events, people and contexts in order to create an inclusive look that synthesises the noblest searches for social justice and humanisation of the planet.\",\"sameAs\":[\"https:\/\/www.facebook.com\/mariano.quiroga.779\",\"https:\/\/x.com\/MaruchoQuiroga\"],\"url\":\"https:\/\/www.pressenza.com\/fr\/author\/mariano-quiroga\/\"}]}<\/script>\n<!-- \/ Yoast SEO plugin. -->","yoast_head_json":{"title":"Ils s'en prennent maintenant \u00e0 Ra\u00fal Noro","description":"Ra\u00fal Noro, compagnon de Milagro Sala, a appris ce matin qu\u2019un mandat d'arr\u00eat \u00e9tait lanc\u00e9 contre lui. Compte tenu de son \u00e9tat de sant\u00e9, et avec ses","robots":{"index":"index","follow":"follow","max-snippet":"max-snippet:-1","max-image-preview":"max-image-preview:large","max-video-preview":"max-video-preview:-1"},"canonical":"https:\/\/www.pressenza.com\/fr\/2016\/07\/ils-sen-prennent-maintenant-raul-noro\/","og_locale":"fr_FR","og_type":"article","og_title":"Ils s'en prennent maintenant \u00e0 Ra\u00fal Noro","og_description":"Ra\u00fal Noro, compagnon de Milagro Sala, a appris ce matin qu\u2019un mandat d'arr\u00eat \u00e9tait lanc\u00e9 contre lui. Compte tenu de son \u00e9tat de sant\u00e9, et avec ses","og_url":"https:\/\/www.pressenza.com\/fr\/2016\/07\/ils-sen-prennent-maintenant-raul-noro\/","og_site_name":"Pressenza","article_publisher":"https:\/\/www.facebook.com\/PressenzaItalia","article_author":"https:\/\/www.facebook.com\/mariano.quiroga.779","article_published_time":"2016-07-19T03:57:08+00:00","article_modified_time":"2016-07-25T18:09:21+00:00","og_image":[{"width":960,"height":596,"url":"https:\/\/www.pressenza.com\/wp-content\/uploads\/2016\/07\/pintius.jpg","type":"image\/jpeg"}],"author":"Mariano Quiroga","twitter_card":"summary_large_image","twitter_creator":"@MaruchoQuiroga","twitter_site":"@PressenzaIPA","twitter_misc":{"\u00c9crit par":"Mariano Quiroga","Dur\u00e9e de lecture estim\u00e9e":"4 minutes"},"schema":{"@context":"https:\/\/schema.org","@graph":[{"@type":"Article","@id":"https:\/\/www.pressenza.com\/fr\/2016\/07\/ils-sen-prennent-maintenant-raul-noro\/#article","isPartOf":{"@id":"https:\/\/www.pressenza.com\/fr\/2016\/07\/ils-sen-prennent-maintenant-raul-noro\/"},"author":{"name":"Mariano Quiroga","@id":"https:\/\/www.pressenza.com\/fr\/#\/schema\/person\/a0856fe41d8234b92503e6b28dc2585e"},"headline":"Ils s&rsquo;en prennent maintenant \u00e0 Ra\u00fal Noro","datePublished":"2016-07-19T03:57:08+00:00","dateModified":"2016-07-25T18:09:21+00:00","mainEntityOfPage":{"@id":"https:\/\/www.pressenza.com\/fr\/2016\/07\/ils-sen-prennent-maintenant-raul-noro\/"},"wordCount":822,"publisher":{"@id":"https:\/\/www.pressenza.com\/fr\/#organization"},"image":{"@id":"https:\/\/www.pressenza.com\/fr\/2016\/07\/ils-sen-prennent-maintenant-raul-noro\/#primaryimage"},"thumbnailUrl":"https:\/\/www.pressenza.com\/wp-content\/uploads\/2016\/07\/pintius.jpg","keywords":["Argentine","d\u00e9tention ill\u00e9gale","gouverneur Gerardo Morales","Milagro Sala","pers\u00e9cutions","prisonniers politiques","province de Jujuy","Tupac Amaru"],"articleSection":["Am\u00e9rique du Sud","Contenu Original","Droits humains"],"inLanguage":"fr-FR"},{"@type":"WebPage","@id":"https:\/\/www.pressenza.com\/fr\/2016\/07\/ils-sen-prennent-maintenant-raul-noro\/","url":"https:\/\/www.pressenza.com\/fr\/2016\/07\/ils-sen-prennent-maintenant-raul-noro\/","name":"Ils s'en prennent maintenant \u00e0 Ra\u00fal Noro","isPartOf":{"@id":"https:\/\/www.pressenza.com\/fr\/#website"},"primaryImageOfPage":{"@id":"https:\/\/www.pressenza.com\/fr\/2016\/07\/ils-sen-prennent-maintenant-raul-noro\/#primaryimage"},"image":{"@id":"https:\/\/www.pressenza.com\/fr\/2016\/07\/ils-sen-prennent-maintenant-raul-noro\/#primaryimage"},"thumbnailUrl":"https:\/\/www.pressenza.com\/wp-content\/uploads\/2016\/07\/pintius.jpg","datePublished":"2016-07-19T03:57:08+00:00","dateModified":"2016-07-25T18:09:21+00:00","description":"Ra\u00fal Noro, compagnon de Milagro Sala, a appris ce matin qu\u2019un mandat d'arr\u00eat \u00e9tait lanc\u00e9 contre lui. Compte tenu de son \u00e9tat de sant\u00e9, et avec ses","breadcrumb":{"@id":"https:\/\/www.pressenza.com\/fr\/2016\/07\/ils-sen-prennent-maintenant-raul-noro\/#breadcrumb"},"inLanguage":"fr-FR","potentialAction":[{"@type":"ReadAction","target":["https:\/\/www.pressenza.com\/fr\/2016\/07\/ils-sen-prennent-maintenant-raul-noro\/"]}]},{"@type":"ImageObject","inLanguage":"fr-FR","@id":"https:\/\/www.pressenza.com\/fr\/2016\/07\/ils-sen-prennent-maintenant-raul-noro\/#primaryimage","url":"https:\/\/www.pressenza.com\/wp-content\/uploads\/2016\/07\/pintius.jpg","contentUrl":"https:\/\/www.pressenza.com\/wp-content\/uploads\/2016\/07\/pintius.jpg","width":960,"height":596},{"@type":"BreadcrumbList","@id":"https:\/\/www.pressenza.com\/fr\/2016\/07\/ils-sen-prennent-maintenant-raul-noro\/#breadcrumb","itemListElement":[{"@type":"ListItem","position":1,"name":"Accueil","item":"https:\/\/www.pressenza.com\/fr\/"},{"@type":"ListItem","position":2,"name":"Ils s&rsquo;en prennent maintenant \u00e0 Ra\u00fal Noro"}]},{"@type":"WebSite","@id":"https:\/\/www.pressenza.com\/fr\/#website","url":"https:\/\/www.pressenza.com\/fr\/","name":"Pressenza","description":"International Press Agency","publisher":{"@id":"https:\/\/www.pressenza.com\/fr\/#organization"},"potentialAction":[{"@type":"SearchAction","target":{"@type":"EntryPoint","urlTemplate":"https:\/\/www.pressenza.com\/fr\/?s={search_term_string}"},"query-input":{"@type":"PropertyValueSpecification","valueRequired":true,"valueName":"search_term_string"}}],"inLanguage":"fr-FR"},{"@type":"Organization","@id":"https:\/\/www.pressenza.com\/fr\/#organization","name":"Pressenza","url":"https:\/\/www.pressenza.com\/fr\/","logo":{"@type":"ImageObject","inLanguage":"fr-FR","@id":"https:\/\/www.pressenza.com\/fr\/#\/schema\/logo\/image\/","url":"https:\/\/www.pressenza.com\/wp-content\/uploads\/2022\/10\/pressenza_logo_200x200.jpg","contentUrl":"https:\/\/www.pressenza.com\/wp-content\/uploads\/2022\/10\/pressenza_logo_200x200.jpg","width":200,"height":200,"caption":"Pressenza"},"image":{"@id":"https:\/\/www.pressenza.com\/fr\/#\/schema\/logo\/image\/"},"sameAs":["https:\/\/www.facebook.com\/PressenzaItalia","https:\/\/x.com\/PressenzaIPA"]},{"@type":"Person","@id":"https:\/\/www.pressenza.com\/fr\/#\/schema\/person\/a0856fe41d8234b92503e6b28dc2585e","name":"Mariano Quiroga","description":"Born in Buenos Aires, Argentina, in 1976, Mariano is a journalist, poet and international editor for Pressenza. His career includes publications in different countries and languages. Currently he is presenter on radio programmes in Ecuador and Argentina. A humanist communicator specialising in international politics, his vocation has led him to seek to build bridges that allow relationships to be made between data, events, people and contexts in order to create an inclusive look that synthesises the noblest searches for social justice and humanisation of the planet.","sameAs":["https:\/\/www.facebook.com\/mariano.quiroga.779","https:\/\/x.com\/MaruchoQuiroga"],"url":"https:\/\/www.pressenza.com\/fr\/author\/mariano-quiroga\/"}]}},"place":"San Salvador de Jujuy Argentine","original_article_url":"","_links":{"self":[{"href":"https:\/\/www.pressenza.com\/fr\/wp-json\/wp\/v2\/posts\/342978","targetHints":{"allow":["GET"]}}],"collection":[{"href":"https:\/\/www.pressenza.com\/fr\/wp-json\/wp\/v2\/posts"}],"about":[{"href":"https:\/\/www.pressenza.com\/fr\/wp-json\/wp\/v2\/types\/post"}],"author":[{"embeddable":true,"href":"https:\/\/www.pressenza.com\/fr\/wp-json\/wp\/v2\/users\/96"}],"replies":[{"embeddable":true,"href":"https:\/\/www.pressenza.com\/fr\/wp-json\/wp\/v2\/comments?post=342978"}],"version-history":[{"count":0,"href":"https:\/\/www.pressenza.com\/fr\/wp-json\/wp\/v2\/posts\/342978\/revisions"}],"wp:featuredmedia":[{"embeddable":true,"href":"https:\/\/www.pressenza.com\/fr\/wp-json\/wp\/v2\/media\/341480"}],"wp:attachment":[{"href":"https:\/\/www.pressenza.com\/fr\/wp-json\/wp\/v2\/media?parent=342978"}],"wp:term":[{"taxonomy":"category","embeddable":true,"href":"https:\/\/www.pressenza.com\/fr\/wp-json\/wp\/v2\/categories?post=342978"},{"taxonomy":"post_tag","embeddable":true,"href":"https:\/\/www.pressenza.com\/fr\/wp-json\/wp\/v2\/tags?post=342978"}],"curies":[{"name":"wp","href":"https:\/\/api.w.org\/{rel}","templated":true}]}}