{"id":33837,"date":"2013-01-19T13:13:52","date_gmt":"2013-01-19T13:13:52","guid":{"rendered":"http:\/\/www.pressenza.com\/?p=33837"},"modified":"2013-01-25T09:46:57","modified_gmt":"2013-01-25T09:46:57","slug":"l-ecuador-de-jacques-sarasin-a-decouvrir","status":"publish","type":"post","link":"https:\/\/www.pressenza.com\/fr\/2013\/01\/l-ecuador-de-jacques-sarasin-a-decouvrir\/","title":{"rendered":"\u00ab Ecuador-Le film \u00bb de Jacques Sarasin \u00e0 d\u00e9couvrir"},"content":{"rendered":"<p><strong>Par Olivier Flumian<\/strong><\/p>\n<p><span style=\"font-size: 13px; line-height: 19px;\">Connaissez-vous un chef d&rsquo;\u00e9tat capable de renoncer \u00e0 la manne financi\u00e8re repr\u00e9sent\u00e9e par l\u2019exploitation d&rsquo;un vaste gisement p\u00e9trolier au profit de la pr\u00e9servation d&rsquo;une vaste r\u00e9serve de biodiversit\u00e9 situ\u00e9e exactement au-dessus ? En connaissez-vous un qui soit capable de tenir t\u00eate au chantage des institutions financi\u00e8res internationales en d\u00e9clarant la dette de son pays ill\u00e9gale et ill\u00e9gitime ? Et enfin un autre\u00a0 qui s&rsquo;appuie sur une r\u00e9volution citoyenne pour rompre avec 500 ans d&rsquo;histoire coloniale et n\u00e9ocoloniale ? Ce pr\u00e9sident s&rsquo;appelle Rafael Correa et est le pr\u00e9sident de l\u2019Equateur depuis 2006. Un passionnant film documentaire r\u00e9alis\u00e9 par Jacques Sarasin nous le fait d\u00e9couvrir (1).<\/span><\/p>\n<p>Dans un monde domin\u00e9 par la doxa n\u00e9olib\u00e9rale, ce pays d\u2019Am\u00e9rique latine s\u2019est refus\u00e9 \u00e0 suivre le mod\u00e8le dominant\u00a0 et s\u2019engag\u00e9 dans une voie originale afin de r\u00e9cup\u00e9rer sa souverainet\u00e9 et rendre espoir et dignit\u00e9 \u00e0 son peuple. Jacques Sarazin donne la parole \u00e0 plusieurs acteurs de cette aventure. Qu\u2019ils soient dirigeants politiques, responsables de communaut\u00e9s de base, intellectuels, simples citoyens, opposants , et bien s\u00fbr Rafael Correa lui-m\u00eame, chacun aborde les changements en cours sous un angle diff\u00e9rent.<\/p>\n<p>De nombreuses questions sont abord\u00e9es dans le film. Je n\u2019en citerai que trois \u00e0 titre d\u2019exemple. D\u2019abord une nouvelle approche de l\u2019\u00e9conomie a \u00e9t\u00e9 \u00e9labor\u00e9e et mise en pratique, approche remettant l\u2019\u00eatre humain et ses besoins fondamentaux au centre de l\u2019activit\u00e9 \u00e9conomique. \u00a0On apprend ainsi comment l\u2019Equateur a \u00e9t\u00e9 endett\u00e9 par la Banque Mondiale et le Fonds Mon\u00e9taire International et comment il s\u2019en est sorti. Un autre aspect de la voie \u00e9quatorienne est la mise en place d\u2019une forme de d\u00e9mocratie participative inspir\u00e9e en partie par les modes de gestion communautaires des populations am\u00e9rindiennes. Cette d\u00e9mocratie participative a \u00e9t\u00e9 consolid\u00e9e \u00e0 travers une nouvelle constitution. Il faut enfin \u00a0souligner la red\u00e9finition des relations internationales esquiss\u00e9e par Rafael Correa. Cette nouvelle orientation\u00a0 s\u2019appuie sur la volont\u00e9 de d\u00e9velopper de nouvelles relations entre \u00e9tats du Sud et notamment en favorisant l\u2019int\u00e9gration entre \u00e9tats latino-am\u00e9ricains par la cr\u00e9ation de l\u2019UNASUR (Union des Nations Sud-am\u00e9ricaines) et dont le si\u00e8ge se trouve \u00e0 Quito.<\/p>\n<p>Un film fondamental donc. A l\u2019heure ou le monde, et en particulier l\u2019Europe se d\u00e9bat dans une crise g\u00e9n\u00e9rale, tout \u00e0 la fois \u00e9conomique, sociale, politique, \u00e9cologique, \u00a0provoqu\u00e9e par le fanatisme de l\u2019\u00e9conomie de march\u00e9, et le culte de l\u2019agent roi, \u00ab\u00a0Ecuador\u00a0\u00bb nous interpelle tous, ou que nous vivions, citoyens du Sud comme citoyens du Nord. Il donne envie d\u2019aller plus loin. Il nous pousse \u00e0 nous poser la question de fond\u00a0: quel futur nous voulons pour notre monde\u00a0et comment chacun de nous peut y contribuer ?<\/p>\n<p>&nbsp;<\/p>\n<p>Site du film\u00a0 <a href=\"http:\/\/www.ecuador-thefilm.com\/\">http:\/\/www.ecuador-thefilm.com\/<\/a><\/p>\n<p><em>\u00a0<\/em><\/p>\n<p><em>(1) Jacques Sarasin, producteur et metteur en sc\u00e8ne ind\u00e9pendant, est de nationalit\u00e9 fran\u00e7aise. Le film, il faut bien s\u00fbr le pr\u00e9ciser, n\u2019est pas une \u00ab\u00a0commande\u00a0\u00bb de la part du gouvernement \u00e9quatorien.<\/em><\/p>\n<p>&nbsp;<\/p>\n","protected":false},"excerpt":{"rendered":"<p>Par Olivier Flumian Connaissez-vous un chef d&rsquo;\u00e9tat capable de renoncer \u00e0 la manne financi\u00e8re repr\u00e9sent\u00e9e par l\u2019exploitation d&rsquo;un vaste gisement p\u00e9trolier au profit de la pr\u00e9servation d&rsquo;une vaste r\u00e9serve de biodiversit\u00e9 situ\u00e9e exactement au-dessus ? En connaissez-vous un qui soit&hellip;<\/p>\n","protected":false},"author":752,"featured_media":33839,"comment_status":"closed","ping_status":"open","sticky":false,"template":"","format":"standard","meta":{"footnotes":""},"categories":[86,94,40,93],"tags":[1637,3063],"class_list":["post-33837","post","type-post","status-publish","format-standard","has-post-thumbnail","hentry","category-amerique-du-sud","category-culture-fr","category-international-fr","category-politique","tag-equateur","tag-rafael-correa-fr"],"yoast_head":"<!-- This site is optimized with the Yoast SEO plugin v27.1.1 - https:\/\/yoast.com\/product\/yoast-seo-wordpress\/ -->\n<title>\u00ab Ecuador-Le film \u00bb de Jacques Sarasin \u00e0 d\u00e9couvrir<\/title>\n<meta name=\"description\" content=\"Par Olivier Flumian Connaissez-vous un chef d&#039;\u00e9tat capable de renoncer \u00e0 la manne financi\u00e8re repr\u00e9sent\u00e9e par l\u2019exploitation d&#039;un vaste gisement p\u00e9trolier\" \/>\n<meta name=\"robots\" content=\"index, follow, max-snippet:-1, max-image-preview:large, max-video-preview:-1\" \/>\n<link rel=\"canonical\" href=\"https:\/\/www.pressenza.com\/fr\/2013\/01\/l-ecuador-de-jacques-sarasin-a-decouvrir\/\" \/>\n<meta property=\"og:locale\" content=\"fr_FR\" \/>\n<meta property=\"og:type\" content=\"article\" \/>\n<meta property=\"og:title\" content=\"\u00ab Ecuador-Le film \u00bb de Jacques Sarasin \u00e0 d\u00e9couvrir\" \/>\n<meta property=\"og:description\" content=\"Par Olivier Flumian Connaissez-vous un chef d&#039;\u00e9tat capable de renoncer \u00e0 la manne financi\u00e8re repr\u00e9sent\u00e9e par l\u2019exploitation d&#039;un vaste gisement p\u00e9trolier\" \/>\n<meta property=\"og:url\" content=\"https:\/\/www.pressenza.com\/fr\/2013\/01\/l-ecuador-de-jacques-sarasin-a-decouvrir\/\" \/>\n<meta property=\"og:site_name\" content=\"Pressenza\" \/>\n<meta property=\"article:publisher\" content=\"https:\/\/www.facebook.com\/PressenzaItalia\" \/>\n<meta property=\"article:published_time\" content=\"2013-01-19T13:13:52+00:00\" \/>\n<meta property=\"article:modified_time\" content=\"2013-01-25T09:46:57+00:00\" \/>\n<meta property=\"og:image\" content=\"https:\/\/www.pressenza.com\/wp-content\/uploads\/2013\/01\/ecuador-lefilm.jpg\" \/>\n\t<meta property=\"og:image:width\" content=\"960\" \/>\n\t<meta property=\"og:image:height\" content=\"520\" \/>\n\t<meta property=\"og:image:type\" content=\"image\/jpeg\" \/>\n<meta name=\"author\" content=\"R\u00e9daction Paris\" \/>\n<meta name=\"twitter:card\" content=\"summary_large_image\" \/>\n<meta name=\"twitter:creator\" content=\"@PressenzaIPA\" \/>\n<meta name=\"twitter:site\" content=\"@PressenzaIPA\" \/>\n<meta name=\"twitter:label1\" content=\"\u00c9crit par\" \/>\n\t<meta name=\"twitter:data1\" content=\"R\u00e9daction Paris\" \/>\n\t<meta name=\"twitter:label2\" content=\"Dur\u00e9e de lecture estim\u00e9e\" \/>\n\t<meta name=\"twitter:data2\" content=\"3 minutes\" \/>\n<script type=\"application\/ld+json\" class=\"yoast-schema-graph\">{\"@context\":\"https:\/\/schema.org\",\"@graph\":[{\"@type\":\"Article\",\"@id\":\"https:\/\/www.pressenza.com\/fr\/2013\/01\/l-ecuador-de-jacques-sarasin-a-decouvrir\/#article\",\"isPartOf\":{\"@id\":\"https:\/\/www.pressenza.com\/fr\/2013\/01\/l-ecuador-de-jacques-sarasin-a-decouvrir\/\"},\"author\":{\"name\":\"R\u00e9daction Paris\",\"@id\":\"https:\/\/www.pressenza.com\/fr\/#\/schema\/person\/5698ef8d4c2a370cbdd59d5b17455af6\"},\"headline\":\"\u00ab Ecuador-Le film \u00bb de Jacques Sarasin \u00e0 d\u00e9couvrir\",\"datePublished\":\"2013-01-19T13:13:52+00:00\",\"dateModified\":\"2013-01-25T09:46:57+00:00\",\"mainEntityOfPage\":{\"@id\":\"https:\/\/www.pressenza.com\/fr\/2013\/01\/l-ecuador-de-jacques-sarasin-a-decouvrir\/\"},\"wordCount\":545,\"publisher\":{\"@id\":\"https:\/\/www.pressenza.com\/fr\/#organization\"},\"image\":{\"@id\":\"https:\/\/www.pressenza.com\/fr\/2013\/01\/l-ecuador-de-jacques-sarasin-a-decouvrir\/#primaryimage\"},\"thumbnailUrl\":\"https:\/\/www.pressenza.com\/wp-content\/uploads\/2013\/01\/ecuador-lefilm.jpg\",\"keywords\":[\"Equateur\",\"Rafael Correa\"],\"articleSection\":[\"Am\u00e9rique du Sud\",\"Culture et M\u00e9dias\",\"International\",\"Politique\"],\"inLanguage\":\"fr-FR\"},{\"@type\":\"WebPage\",\"@id\":\"https:\/\/www.pressenza.com\/fr\/2013\/01\/l-ecuador-de-jacques-sarasin-a-decouvrir\/\",\"url\":\"https:\/\/www.pressenza.com\/fr\/2013\/01\/l-ecuador-de-jacques-sarasin-a-decouvrir\/\",\"name\":\"\u00ab Ecuador-Le film \u00bb de Jacques Sarasin \u00e0 d\u00e9couvrir\",\"isPartOf\":{\"@id\":\"https:\/\/www.pressenza.com\/fr\/#website\"},\"primaryImageOfPage\":{\"@id\":\"https:\/\/www.pressenza.com\/fr\/2013\/01\/l-ecuador-de-jacques-sarasin-a-decouvrir\/#primaryimage\"},\"image\":{\"@id\":\"https:\/\/www.pressenza.com\/fr\/2013\/01\/l-ecuador-de-jacques-sarasin-a-decouvrir\/#primaryimage\"},\"thumbnailUrl\":\"https:\/\/www.pressenza.com\/wp-content\/uploads\/2013\/01\/ecuador-lefilm.jpg\",\"datePublished\":\"2013-01-19T13:13:52+00:00\",\"dateModified\":\"2013-01-25T09:46:57+00:00\",\"description\":\"Par Olivier Flumian Connaissez-vous un chef d'\u00e9tat capable de renoncer \u00e0 la manne financi\u00e8re repr\u00e9sent\u00e9e par l\u2019exploitation d'un vaste gisement p\u00e9trolier\",\"breadcrumb\":{\"@id\":\"https:\/\/www.pressenza.com\/fr\/2013\/01\/l-ecuador-de-jacques-sarasin-a-decouvrir\/#breadcrumb\"},\"inLanguage\":\"fr-FR\",\"potentialAction\":[{\"@type\":\"ReadAction\",\"target\":[\"https:\/\/www.pressenza.com\/fr\/2013\/01\/l-ecuador-de-jacques-sarasin-a-decouvrir\/\"]}]},{\"@type\":\"ImageObject\",\"inLanguage\":\"fr-FR\",\"@id\":\"https:\/\/www.pressenza.com\/fr\/2013\/01\/l-ecuador-de-jacques-sarasin-a-decouvrir\/#primaryimage\",\"url\":\"https:\/\/www.pressenza.com\/wp-content\/uploads\/2013\/01\/ecuador-lefilm.jpg\",\"contentUrl\":\"https:\/\/www.pressenza.com\/wp-content\/uploads\/2013\/01\/ecuador-lefilm.jpg\",\"width\":\"960\",\"height\":\"520\"},{\"@type\":\"BreadcrumbList\",\"@id\":\"https:\/\/www.pressenza.com\/fr\/2013\/01\/l-ecuador-de-jacques-sarasin-a-decouvrir\/#breadcrumb\",\"itemListElement\":[{\"@type\":\"ListItem\",\"position\":1,\"name\":\"Accueil\",\"item\":\"https:\/\/www.pressenza.com\/fr\/\"},{\"@type\":\"ListItem\",\"position\":2,\"name\":\"\u00ab Ecuador-Le film \u00bb de Jacques Sarasin \u00e0 d\u00e9couvrir\"}]},{\"@type\":\"WebSite\",\"@id\":\"https:\/\/www.pressenza.com\/fr\/#website\",\"url\":\"https:\/\/www.pressenza.com\/fr\/\",\"name\":\"Pressenza\",\"description\":\"International Press Agency\",\"publisher\":{\"@id\":\"https:\/\/www.pressenza.com\/fr\/#organization\"},\"potentialAction\":[{\"@type\":\"SearchAction\",\"target\":{\"@type\":\"EntryPoint\",\"urlTemplate\":\"https:\/\/www.pressenza.com\/fr\/?s={search_term_string}\"},\"query-input\":{\"@type\":\"PropertyValueSpecification\",\"valueRequired\":true,\"valueName\":\"search_term_string\"}}],\"inLanguage\":\"fr-FR\"},{\"@type\":\"Organization\",\"@id\":\"https:\/\/www.pressenza.com\/fr\/#organization\",\"name\":\"Pressenza\",\"url\":\"https:\/\/www.pressenza.com\/fr\/\",\"logo\":{\"@type\":\"ImageObject\",\"inLanguage\":\"fr-FR\",\"@id\":\"https:\/\/www.pressenza.com\/fr\/#\/schema\/logo\/image\/\",\"url\":\"https:\/\/www.pressenza.com\/wp-content\/uploads\/2022\/10\/pressenza_logo_200x200.jpg\",\"contentUrl\":\"https:\/\/www.pressenza.com\/wp-content\/uploads\/2022\/10\/pressenza_logo_200x200.jpg\",\"width\":200,\"height\":200,\"caption\":\"Pressenza\"},\"image\":{\"@id\":\"https:\/\/www.pressenza.com\/fr\/#\/schema\/logo\/image\/\"},\"sameAs\":[\"https:\/\/www.facebook.com\/PressenzaItalia\",\"https:\/\/x.com\/PressenzaIPA\"]},{\"@type\":\"Person\",\"@id\":\"https:\/\/www.pressenza.com\/fr\/#\/schema\/person\/5698ef8d4c2a370cbdd59d5b17455af6\",\"name\":\"R\u00e9daction Paris\",\"description\":\"News published by the Pressenza bureau in Paris, France\",\"url\":\"https:\/\/www.pressenza.com\/fr\/author\/redaction-paris\/\"}]}<\/script>\n<!-- \/ Yoast SEO plugin. -->","yoast_head_json":{"title":"\u00ab Ecuador-Le film \u00bb de Jacques Sarasin \u00e0 d\u00e9couvrir","description":"Par Olivier Flumian Connaissez-vous un chef d'\u00e9tat capable de renoncer \u00e0 la manne financi\u00e8re repr\u00e9sent\u00e9e par l\u2019exploitation d'un vaste gisement p\u00e9trolier","robots":{"index":"index","follow":"follow","max-snippet":"max-snippet:-1","max-image-preview":"max-image-preview:large","max-video-preview":"max-video-preview:-1"},"canonical":"https:\/\/www.pressenza.com\/fr\/2013\/01\/l-ecuador-de-jacques-sarasin-a-decouvrir\/","og_locale":"fr_FR","og_type":"article","og_title":"\u00ab Ecuador-Le film \u00bb de Jacques Sarasin \u00e0 d\u00e9couvrir","og_description":"Par Olivier Flumian Connaissez-vous un chef d'\u00e9tat capable de renoncer \u00e0 la manne financi\u00e8re repr\u00e9sent\u00e9e par l\u2019exploitation d'un vaste gisement p\u00e9trolier","og_url":"https:\/\/www.pressenza.com\/fr\/2013\/01\/l-ecuador-de-jacques-sarasin-a-decouvrir\/","og_site_name":"Pressenza","article_publisher":"https:\/\/www.facebook.com\/PressenzaItalia","article_published_time":"2013-01-19T13:13:52+00:00","article_modified_time":"2013-01-25T09:46:57+00:00","og_image":[{"width":960,"height":520,"url":"https:\/\/www.pressenza.com\/wp-content\/uploads\/2013\/01\/ecuador-lefilm.jpg","type":"image\/jpeg"}],"author":"R\u00e9daction Paris","twitter_card":"summary_large_image","twitter_creator":"@PressenzaIPA","twitter_site":"@PressenzaIPA","twitter_misc":{"\u00c9crit par":"R\u00e9daction Paris","Dur\u00e9e de lecture estim\u00e9e":"3 minutes"},"schema":{"@context":"https:\/\/schema.org","@graph":[{"@type":"Article","@id":"https:\/\/www.pressenza.com\/fr\/2013\/01\/l-ecuador-de-jacques-sarasin-a-decouvrir\/#article","isPartOf":{"@id":"https:\/\/www.pressenza.com\/fr\/2013\/01\/l-ecuador-de-jacques-sarasin-a-decouvrir\/"},"author":{"name":"R\u00e9daction Paris","@id":"https:\/\/www.pressenza.com\/fr\/#\/schema\/person\/5698ef8d4c2a370cbdd59d5b17455af6"},"headline":"\u00ab Ecuador-Le film \u00bb de Jacques Sarasin \u00e0 d\u00e9couvrir","datePublished":"2013-01-19T13:13:52+00:00","dateModified":"2013-01-25T09:46:57+00:00","mainEntityOfPage":{"@id":"https:\/\/www.pressenza.com\/fr\/2013\/01\/l-ecuador-de-jacques-sarasin-a-decouvrir\/"},"wordCount":545,"publisher":{"@id":"https:\/\/www.pressenza.com\/fr\/#organization"},"image":{"@id":"https:\/\/www.pressenza.com\/fr\/2013\/01\/l-ecuador-de-jacques-sarasin-a-decouvrir\/#primaryimage"},"thumbnailUrl":"https:\/\/www.pressenza.com\/wp-content\/uploads\/2013\/01\/ecuador-lefilm.jpg","keywords":["Equateur","Rafael Correa"],"articleSection":["Am\u00e9rique du Sud","Culture et M\u00e9dias","International","Politique"],"inLanguage":"fr-FR"},{"@type":"WebPage","@id":"https:\/\/www.pressenza.com\/fr\/2013\/01\/l-ecuador-de-jacques-sarasin-a-decouvrir\/","url":"https:\/\/www.pressenza.com\/fr\/2013\/01\/l-ecuador-de-jacques-sarasin-a-decouvrir\/","name":"\u00ab Ecuador-Le film \u00bb de Jacques Sarasin \u00e0 d\u00e9couvrir","isPartOf":{"@id":"https:\/\/www.pressenza.com\/fr\/#website"},"primaryImageOfPage":{"@id":"https:\/\/www.pressenza.com\/fr\/2013\/01\/l-ecuador-de-jacques-sarasin-a-decouvrir\/#primaryimage"},"image":{"@id":"https:\/\/www.pressenza.com\/fr\/2013\/01\/l-ecuador-de-jacques-sarasin-a-decouvrir\/#primaryimage"},"thumbnailUrl":"https:\/\/www.pressenza.com\/wp-content\/uploads\/2013\/01\/ecuador-lefilm.jpg","datePublished":"2013-01-19T13:13:52+00:00","dateModified":"2013-01-25T09:46:57+00:00","description":"Par Olivier Flumian Connaissez-vous un chef d'\u00e9tat capable de renoncer \u00e0 la manne financi\u00e8re repr\u00e9sent\u00e9e par l\u2019exploitation d'un vaste gisement p\u00e9trolier","breadcrumb":{"@id":"https:\/\/www.pressenza.com\/fr\/2013\/01\/l-ecuador-de-jacques-sarasin-a-decouvrir\/#breadcrumb"},"inLanguage":"fr-FR","potentialAction":[{"@type":"ReadAction","target":["https:\/\/www.pressenza.com\/fr\/2013\/01\/l-ecuador-de-jacques-sarasin-a-decouvrir\/"]}]},{"@type":"ImageObject","inLanguage":"fr-FR","@id":"https:\/\/www.pressenza.com\/fr\/2013\/01\/l-ecuador-de-jacques-sarasin-a-decouvrir\/#primaryimage","url":"https:\/\/www.pressenza.com\/wp-content\/uploads\/2013\/01\/ecuador-lefilm.jpg","contentUrl":"https:\/\/www.pressenza.com\/wp-content\/uploads\/2013\/01\/ecuador-lefilm.jpg","width":"960","height":"520"},{"@type":"BreadcrumbList","@id":"https:\/\/www.pressenza.com\/fr\/2013\/01\/l-ecuador-de-jacques-sarasin-a-decouvrir\/#breadcrumb","itemListElement":[{"@type":"ListItem","position":1,"name":"Accueil","item":"https:\/\/www.pressenza.com\/fr\/"},{"@type":"ListItem","position":2,"name":"\u00ab Ecuador-Le film \u00bb de Jacques Sarasin \u00e0 d\u00e9couvrir"}]},{"@type":"WebSite","@id":"https:\/\/www.pressenza.com\/fr\/#website","url":"https:\/\/www.pressenza.com\/fr\/","name":"Pressenza","description":"International Press Agency","publisher":{"@id":"https:\/\/www.pressenza.com\/fr\/#organization"},"potentialAction":[{"@type":"SearchAction","target":{"@type":"EntryPoint","urlTemplate":"https:\/\/www.pressenza.com\/fr\/?s={search_term_string}"},"query-input":{"@type":"PropertyValueSpecification","valueRequired":true,"valueName":"search_term_string"}}],"inLanguage":"fr-FR"},{"@type":"Organization","@id":"https:\/\/www.pressenza.com\/fr\/#organization","name":"Pressenza","url":"https:\/\/www.pressenza.com\/fr\/","logo":{"@type":"ImageObject","inLanguage":"fr-FR","@id":"https:\/\/www.pressenza.com\/fr\/#\/schema\/logo\/image\/","url":"https:\/\/www.pressenza.com\/wp-content\/uploads\/2022\/10\/pressenza_logo_200x200.jpg","contentUrl":"https:\/\/www.pressenza.com\/wp-content\/uploads\/2022\/10\/pressenza_logo_200x200.jpg","width":200,"height":200,"caption":"Pressenza"},"image":{"@id":"https:\/\/www.pressenza.com\/fr\/#\/schema\/logo\/image\/"},"sameAs":["https:\/\/www.facebook.com\/PressenzaItalia","https:\/\/x.com\/PressenzaIPA"]},{"@type":"Person","@id":"https:\/\/www.pressenza.com\/fr\/#\/schema\/person\/5698ef8d4c2a370cbdd59d5b17455af6","name":"R\u00e9daction Paris","description":"News published by the Pressenza bureau in Paris, France","url":"https:\/\/www.pressenza.com\/fr\/author\/redaction-paris\/"}]}},"place":"EQUATEUR","original_article_url":"","_links":{"self":[{"href":"https:\/\/www.pressenza.com\/fr\/wp-json\/wp\/v2\/posts\/33837","targetHints":{"allow":["GET"]}}],"collection":[{"href":"https:\/\/www.pressenza.com\/fr\/wp-json\/wp\/v2\/posts"}],"about":[{"href":"https:\/\/www.pressenza.com\/fr\/wp-json\/wp\/v2\/types\/post"}],"author":[{"embeddable":true,"href":"https:\/\/www.pressenza.com\/fr\/wp-json\/wp\/v2\/users\/752"}],"replies":[{"embeddable":true,"href":"https:\/\/www.pressenza.com\/fr\/wp-json\/wp\/v2\/comments?post=33837"}],"version-history":[{"count":0,"href":"https:\/\/www.pressenza.com\/fr\/wp-json\/wp\/v2\/posts\/33837\/revisions"}],"wp:featuredmedia":[{"embeddable":true,"href":"https:\/\/www.pressenza.com\/fr\/wp-json\/wp\/v2\/media\/33839"}],"wp:attachment":[{"href":"https:\/\/www.pressenza.com\/fr\/wp-json\/wp\/v2\/media?parent=33837"}],"wp:term":[{"taxonomy":"category","embeddable":true,"href":"https:\/\/www.pressenza.com\/fr\/wp-json\/wp\/v2\/categories?post=33837"},{"taxonomy":"post_tag","embeddable":true,"href":"https:\/\/www.pressenza.com\/fr\/wp-json\/wp\/v2\/tags?post=33837"}],"curies":[{"name":"wp","href":"https:\/\/api.w.org\/{rel}","templated":true}]}}