{"id":335002,"date":"2016-07-04T20:38:40","date_gmt":"2016-07-04T19:38:40","guid":{"rendered":"http:\/\/www.pressenza.com\/fr\/?p=335002"},"modified":"2016-07-05T23:49:12","modified_gmt":"2016-07-05T22:49:12","slug":"solidays-la-force-de-jeunesse-et-benevoles-pressenza","status":"publish","type":"post","link":"https:\/\/www.pressenza.com\/fr\/2016\/07\/solidays-la-force-de-jeunesse-et-benevoles-pressenza\/","title":{"rendered":"Solidays of Love : Le message des jeunes, Prot\u00e9gez-vous !&#8230;"},"content":{"rendered":"<p>Lors du\u00a0Festival Solidarit\u00e9 Sida, nous avons constat\u00e9 qu&rsquo;il se d\u00e9gageait une <strong>belle \u00e2me<\/strong>, n\u00e9e de l&rsquo;union de la chanson, des couleurs et de la danse <strong>\u00e9manant tant des participants, des festivaliers et des b\u00e9n\u00e9voles que des associations<\/strong>.<\/p>\n<p>Les interviews r\u00e9alis\u00e9es aupr\u00e8s des jeunes mettent en lumi\u00e8re <strong>l&rsquo;insuffisance d&rsquo;une information globale sur les risques<\/strong>, les maladies et la pr\u00e9vention.\u00a0Les jeunes filles sont particuli\u00e8rement sensibles \u00e0 ces risques.<\/p>\n<p>Patrick, Maude, Lise, Laura, Louise, Lesrine, Joa et quelques\u00a0\u00ab\u00a0Copains d&rsquo;abord\u00a0\u00bb\u00a0nous\u00a0d\u00e9livrent un message sans \u00e9quivoque :\u00a0\u00a0<strong>Prot\u00e9gez-vous\u00a0<\/strong>et&#8230; pas une fois sur deux.<\/p>\n<p>Ils nous invitent, ils vous invitent \u00e0 une plus grande prise de conscience sur le sida plus particuli\u00e8rement.\u00a0 Nous vous proposons de\u00a0visionner leurs\u00a0t\u00e9moignages, sympathiques, remplis de fra\u00eecheur, de r\u00e9alisme et pleins d&rsquo;esp\u00e9rance.<\/p>\n<p><strong>Vid\u00e9o\/t\u00e9moignage des jeunes :\u00a0<\/strong><\/p>\n<p><iframe loading=\"lazy\" title=\"Pressenza Solidays 2016  of love, l&#039;expression des jeunes prot\u00e9gez vous !\" width=\"500\" height=\"281\" src=\"https:\/\/www.youtube.com\/embed\/FxwGL9oTboE?feature=oembed\" frameborder=\"0\" allow=\"accelerometer; autoplay; clipboard-write; encrypted-media; gyroscope; picture-in-picture; web-share\" referrerpolicy=\"strict-origin-when-cross-origin\" allowfullscreen><\/iframe><\/p>\n<p>Certains d&rsquo;entre eux sont aussi b\u00e9n\u00e9voles \u00e0 <strong>l&rsquo;association \u00ab\u00a0Les enfants du Canal\u00a0\u00bb.<\/strong> Elle est inscrite\u00a0dans la continuit\u00e9\u00a0de l\u2019action des \u00ab\u00a0Enfants de Don Quichotte\u00a0\u00bb, n\u00e9e en 2007,\u00a0le long du canal Saint-Martin.<\/p>\n<p><strong>\u00ab\u00a0Romcivic\u00a0\u00bb<\/strong> est le nom d&rsquo;un\u00a0projet socio-\u00e9ducatif qui, depuis\u00a0novembre 2013, permet \u00e0 une trentaine de jeunes roumains, bulgares et fran\u00e7ais de s\u2019engager dans une mission d\u2019int\u00e9r\u00eat g\u00e9n\u00e9ral, formatrice et citoyenne. Elle contribue \u00e0 faire \u00e9voluer les\u00a0clich\u00e9s sur les Roms en combattant les pr\u00e9jug\u00e9s. Ce projet permet aussi \u00e0 60% des volontaires d&rsquo;am\u00e9liorer\u00a0leurs conditions de vie. <strong>Un projet \u00ab\u00a0Gagnant\/Gagnant\u00a0\u00bb<\/strong>.<\/p>\n<p><strong>Pour joindre l&rsquo;association \u00ab\u00a0Les enfants du Canal\u00a0\u00bb par :<\/strong><\/p>\n<ul>\n<li>@mail : e.riano@lesenfantsducanal.fr<\/li>\n<li>Facebook : Les enfants du Canal<\/li>\n<li>Twitter : @enfantsducanal<\/li>\n<\/ul>\n<p>N&rsquo;h\u00e9sitez pas \u00e0 les encourager.<\/p>\n<p>Merci \u00e0 Val\u00e9rie Achart Delicourt, cadre param\u00e9dical du p\u00f4le Immunologie Infection Inflammation \u00e0 l&rsquo;h\u00f4pital de la Salp\u00eatri\u00e8re, et au Dr. Anne Simon, responsable du centre de d\u00e9pistage des infections sexuellement transmissibles (CDAG, CIDDIST) de la Salp\u00eatri\u00e8re.<\/p>\n<p><em>(*) D&rsquo;apr\u00e8s le rapport 2013 \u00ab\u00a0Prise en charge m\u00e9dicale des personnes vivant avec le VIH. Recommandations du groupe d&rsquo;experts\u00a0\u00bb \u2013 sous la direction du Pr Philippe Morlat et sous l&rsquo;\u00e9gide du CNS et de l&rsquo;ANRS.<\/em><\/p>\n<p>Reportage r\u00e9alis\u00e9 par : Elizabeth Batt-Diaz, Brigitte Cano (photos et vid\u00e9o) et\u00a0Olivier Waubant.<\/p>\n","protected":false},"excerpt":{"rendered":"<p>Pr\u00e9sents lors du Festival Solidarit\u00e9 Sida, Nous avons interview\u00e9 des jeunes sur la pr\u00e9vention et le sida. Ils mettent en lumi\u00e8re l&rsquo;insuffisance d&rsquo;une information globale sur les risques, les maladies et la pr\u00e9vention. Visionner leurs t\u00e9moignages, sympas, remplis de fraicheur, de r\u00e9alisme et pleins d&rsquo;esp\u00e9rance&#8230; et prot\u00e9gez-vous !&#8230;<\/p>\n","protected":false},"author":752,"featured_media":335036,"comment_status":"closed","ping_status":"closed","sticky":false,"template":"","format":"standard","meta":{"footnotes":""},"categories":[11386,1249,85,156,1245,27989],"tags":[24070,1082,1211,10031,19306,3228,28170],"class_list":["post-335002","post","type-post","status-publish","format-standard","has-post-thumbnail","hentry","category-contenu-original","category-education-sujet","category-europe-fr","category-interview-fr","category-sante-sujet","category-video-fr","tag-jeunesse","tag-paris","tag-pressenza-2","tag-prevention","tag-sida","tag-solidarite","tag-solidays"],"yoast_head":"<!-- This site is optimized with the Yoast SEO plugin v27.1.1 - https:\/\/yoast.com\/product\/yoast-seo-wordpress\/ -->\n<title>Solidays of Love : Le message des jeunes, Prot\u00e9gez-vous !...<\/title>\n<meta name=\"description\" content=\"Pr\u00e9sents lors du Festival Solidarit\u00e9 Sida, Nous avons interview\u00e9 des jeunes sur la pr\u00e9vention et le sida. Ils mettent en lumi\u00e8re l&#039;insuffisance d&#039;une information globale sur les risques, les maladies et la pr\u00e9vention. Visionner leurs t\u00e9moignages, sympas, remplis de fraicheur, de r\u00e9alisme et pleins d&#039;esp\u00e9rance... et prot\u00e9gez-vous !...\" \/>\n<meta name=\"robots\" content=\"index, follow, max-snippet:-1, max-image-preview:large, max-video-preview:-1\" \/>\n<link rel=\"canonical\" href=\"https:\/\/www.pressenza.com\/fr\/2016\/07\/solidays-la-force-de-jeunesse-et-benevoles-pressenza\/\" \/>\n<meta property=\"og:locale\" content=\"fr_FR\" \/>\n<meta property=\"og:type\" content=\"article\" \/>\n<meta property=\"og:title\" content=\"Solidays of Love : Le message des jeunes, Prot\u00e9gez-vous !...\" \/>\n<meta property=\"og:description\" content=\"Pr\u00e9sents lors du Festival Solidarit\u00e9 Sida, Nous avons interview\u00e9 des jeunes sur la pr\u00e9vention et le sida. Ils mettent en lumi\u00e8re l&#039;insuffisance d&#039;une information globale sur les risques, les maladies et la pr\u00e9vention. Visionner leurs t\u00e9moignages, sympas, remplis de fraicheur, de r\u00e9alisme et pleins d&#039;esp\u00e9rance... et prot\u00e9gez-vous !...\" \/>\n<meta property=\"og:url\" content=\"https:\/\/www.pressenza.com\/fr\/2016\/07\/solidays-la-force-de-jeunesse-et-benevoles-pressenza\/\" \/>\n<meta property=\"og:site_name\" content=\"Pressenza\" \/>\n<meta property=\"article:publisher\" content=\"https:\/\/www.facebook.com\/PressenzaItalia\" \/>\n<meta property=\"article:published_time\" content=\"2016-07-04T19:38:40+00:00\" \/>\n<meta property=\"article:modified_time\" content=\"2016-07-05T22:49:12+00:00\" \/>\n<meta property=\"og:image\" content=\"https:\/\/www.pressenza.com\/wp-content\/uploads\/2016\/06\/DSC_7894-3.jpg\" \/>\n\t<meta property=\"og:image:width\" content=\"974\" \/>\n\t<meta property=\"og:image:height\" content=\"650\" \/>\n\t<meta property=\"og:image:type\" content=\"image\/jpeg\" \/>\n<meta name=\"author\" content=\"R\u00e9daction Paris\" \/>\n<meta name=\"twitter:card\" content=\"summary_large_image\" \/>\n<meta name=\"twitter:creator\" content=\"@PressenzaIPA\" \/>\n<meta name=\"twitter:site\" content=\"@PressenzaIPA\" \/>\n<meta name=\"twitter:label1\" content=\"\u00c9crit par\" \/>\n\t<meta name=\"twitter:data1\" content=\"R\u00e9daction Paris\" \/>\n\t<meta name=\"twitter:label2\" content=\"Dur\u00e9e de lecture estim\u00e9e\" \/>\n\t<meta name=\"twitter:data2\" content=\"2 minutes\" \/>\n<script type=\"application\/ld+json\" class=\"yoast-schema-graph\">{\"@context\":\"https:\/\/schema.org\",\"@graph\":[{\"@type\":\"Article\",\"@id\":\"https:\/\/www.pressenza.com\/fr\/2016\/07\/solidays-la-force-de-jeunesse-et-benevoles-pressenza\/#article\",\"isPartOf\":{\"@id\":\"https:\/\/www.pressenza.com\/fr\/2016\/07\/solidays-la-force-de-jeunesse-et-benevoles-pressenza\/\"},\"author\":{\"name\":\"R\u00e9daction Paris\",\"@id\":\"https:\/\/www.pressenza.com\/fr\/#\/schema\/person\/5698ef8d4c2a370cbdd59d5b17455af6\"},\"headline\":\"Solidays of Love : Le message des jeunes, Prot\u00e9gez-vous !&#8230;\",\"datePublished\":\"2016-07-04T19:38:40+00:00\",\"dateModified\":\"2016-07-05T22:49:12+00:00\",\"mainEntityOfPage\":{\"@id\":\"https:\/\/www.pressenza.com\/fr\/2016\/07\/solidays-la-force-de-jeunesse-et-benevoles-pressenza\/\"},\"wordCount\":401,\"publisher\":{\"@id\":\"https:\/\/www.pressenza.com\/fr\/#organization\"},\"image\":{\"@id\":\"https:\/\/www.pressenza.com\/fr\/2016\/07\/solidays-la-force-de-jeunesse-et-benevoles-pressenza\/#primaryimage\"},\"thumbnailUrl\":\"https:\/\/www.pressenza.com\/wp-content\/uploads\/2016\/06\/DSC_7894-3.jpg\",\"keywords\":[\"jeunesse\",\"Paris\",\"Pressenza\",\"pr\u00e9vention\",\"Sida\",\"solidarit\u00e9\",\"Solidays\"],\"articleSection\":[\"Contenu Original\",\"Education\",\"Europe\",\"Interviews\",\"Sant\u00e9\",\"Video\"],\"inLanguage\":\"fr-FR\"},{\"@type\":\"WebPage\",\"@id\":\"https:\/\/www.pressenza.com\/fr\/2016\/07\/solidays-la-force-de-jeunesse-et-benevoles-pressenza\/\",\"url\":\"https:\/\/www.pressenza.com\/fr\/2016\/07\/solidays-la-force-de-jeunesse-et-benevoles-pressenza\/\",\"name\":\"Solidays of Love : Le message des jeunes, Prot\u00e9gez-vous !...\",\"isPartOf\":{\"@id\":\"https:\/\/www.pressenza.com\/fr\/#website\"},\"primaryImageOfPage\":{\"@id\":\"https:\/\/www.pressenza.com\/fr\/2016\/07\/solidays-la-force-de-jeunesse-et-benevoles-pressenza\/#primaryimage\"},\"image\":{\"@id\":\"https:\/\/www.pressenza.com\/fr\/2016\/07\/solidays-la-force-de-jeunesse-et-benevoles-pressenza\/#primaryimage\"},\"thumbnailUrl\":\"https:\/\/www.pressenza.com\/wp-content\/uploads\/2016\/06\/DSC_7894-3.jpg\",\"datePublished\":\"2016-07-04T19:38:40+00:00\",\"dateModified\":\"2016-07-05T22:49:12+00:00\",\"description\":\"Pr\u00e9sents lors du Festival Solidarit\u00e9 Sida, Nous avons interview\u00e9 des jeunes sur la pr\u00e9vention et le sida. Ils mettent en lumi\u00e8re l'insuffisance d'une information globale sur les risques, les maladies et la pr\u00e9vention. Visionner leurs t\u00e9moignages, sympas, remplis de fraicheur, de r\u00e9alisme et pleins d'esp\u00e9rance... et prot\u00e9gez-vous !...\",\"breadcrumb\":{\"@id\":\"https:\/\/www.pressenza.com\/fr\/2016\/07\/solidays-la-force-de-jeunesse-et-benevoles-pressenza\/#breadcrumb\"},\"inLanguage\":\"fr-FR\",\"potentialAction\":[{\"@type\":\"ReadAction\",\"target\":[\"https:\/\/www.pressenza.com\/fr\/2016\/07\/solidays-la-force-de-jeunesse-et-benevoles-pressenza\/\"]}]},{\"@type\":\"ImageObject\",\"inLanguage\":\"fr-FR\",\"@id\":\"https:\/\/www.pressenza.com\/fr\/2016\/07\/solidays-la-force-de-jeunesse-et-benevoles-pressenza\/#primaryimage\",\"url\":\"https:\/\/www.pressenza.com\/wp-content\/uploads\/2016\/06\/DSC_7894-3.jpg\",\"contentUrl\":\"https:\/\/www.pressenza.com\/wp-content\/uploads\/2016\/06\/DSC_7894-3.jpg\",\"width\":974,\"height\":650},{\"@type\":\"BreadcrumbList\",\"@id\":\"https:\/\/www.pressenza.com\/fr\/2016\/07\/solidays-la-force-de-jeunesse-et-benevoles-pressenza\/#breadcrumb\",\"itemListElement\":[{\"@type\":\"ListItem\",\"position\":1,\"name\":\"Accueil\",\"item\":\"https:\/\/www.pressenza.com\/fr\/\"},{\"@type\":\"ListItem\",\"position\":2,\"name\":\"Solidays of Love : Le message des jeunes, Prot\u00e9gez-vous !&#8230;\"}]},{\"@type\":\"WebSite\",\"@id\":\"https:\/\/www.pressenza.com\/fr\/#website\",\"url\":\"https:\/\/www.pressenza.com\/fr\/\",\"name\":\"Pressenza\",\"description\":\"International Press Agency\",\"publisher\":{\"@id\":\"https:\/\/www.pressenza.com\/fr\/#organization\"},\"potentialAction\":[{\"@type\":\"SearchAction\",\"target\":{\"@type\":\"EntryPoint\",\"urlTemplate\":\"https:\/\/www.pressenza.com\/fr\/?s={search_term_string}\"},\"query-input\":{\"@type\":\"PropertyValueSpecification\",\"valueRequired\":true,\"valueName\":\"search_term_string\"}}],\"inLanguage\":\"fr-FR\"},{\"@type\":\"Organization\",\"@id\":\"https:\/\/www.pressenza.com\/fr\/#organization\",\"name\":\"Pressenza\",\"url\":\"https:\/\/www.pressenza.com\/fr\/\",\"logo\":{\"@type\":\"ImageObject\",\"inLanguage\":\"fr-FR\",\"@id\":\"https:\/\/www.pressenza.com\/fr\/#\/schema\/logo\/image\/\",\"url\":\"https:\/\/www.pressenza.com\/wp-content\/uploads\/2022\/10\/pressenza_logo_200x200.jpg\",\"contentUrl\":\"https:\/\/www.pressenza.com\/wp-content\/uploads\/2022\/10\/pressenza_logo_200x200.jpg\",\"width\":200,\"height\":200,\"caption\":\"Pressenza\"},\"image\":{\"@id\":\"https:\/\/www.pressenza.com\/fr\/#\/schema\/logo\/image\/\"},\"sameAs\":[\"https:\/\/www.facebook.com\/PressenzaItalia\",\"https:\/\/x.com\/PressenzaIPA\"]},{\"@type\":\"Person\",\"@id\":\"https:\/\/www.pressenza.com\/fr\/#\/schema\/person\/5698ef8d4c2a370cbdd59d5b17455af6\",\"name\":\"R\u00e9daction Paris\",\"description\":\"News published by the Pressenza bureau in Paris, France\",\"url\":\"https:\/\/www.pressenza.com\/fr\/author\/redaction-paris\/\"}]}<\/script>\n<!-- \/ Yoast SEO plugin. -->","yoast_head_json":{"title":"Solidays of Love : Le message des jeunes, Prot\u00e9gez-vous !...","description":"Pr\u00e9sents lors du Festival Solidarit\u00e9 Sida, Nous avons interview\u00e9 des jeunes sur la pr\u00e9vention et le sida. Ils mettent en lumi\u00e8re l'insuffisance d'une information globale sur les risques, les maladies et la pr\u00e9vention. Visionner leurs t\u00e9moignages, sympas, remplis de fraicheur, de r\u00e9alisme et pleins d'esp\u00e9rance... et prot\u00e9gez-vous !...","robots":{"index":"index","follow":"follow","max-snippet":"max-snippet:-1","max-image-preview":"max-image-preview:large","max-video-preview":"max-video-preview:-1"},"canonical":"https:\/\/www.pressenza.com\/fr\/2016\/07\/solidays-la-force-de-jeunesse-et-benevoles-pressenza\/","og_locale":"fr_FR","og_type":"article","og_title":"Solidays of Love : Le message des jeunes, Prot\u00e9gez-vous !...","og_description":"Pr\u00e9sents lors du Festival Solidarit\u00e9 Sida, Nous avons interview\u00e9 des jeunes sur la pr\u00e9vention et le sida. Ils mettent en lumi\u00e8re l'insuffisance d'une information globale sur les risques, les maladies et la pr\u00e9vention. Visionner leurs t\u00e9moignages, sympas, remplis de fraicheur, de r\u00e9alisme et pleins d'esp\u00e9rance... et prot\u00e9gez-vous !...","og_url":"https:\/\/www.pressenza.com\/fr\/2016\/07\/solidays-la-force-de-jeunesse-et-benevoles-pressenza\/","og_site_name":"Pressenza","article_publisher":"https:\/\/www.facebook.com\/PressenzaItalia","article_published_time":"2016-07-04T19:38:40+00:00","article_modified_time":"2016-07-05T22:49:12+00:00","og_image":[{"width":974,"height":650,"url":"https:\/\/www.pressenza.com\/wp-content\/uploads\/2016\/06\/DSC_7894-3.jpg","type":"image\/jpeg"}],"author":"R\u00e9daction Paris","twitter_card":"summary_large_image","twitter_creator":"@PressenzaIPA","twitter_site":"@PressenzaIPA","twitter_misc":{"\u00c9crit par":"R\u00e9daction Paris","Dur\u00e9e de lecture estim\u00e9e":"2 minutes"},"schema":{"@context":"https:\/\/schema.org","@graph":[{"@type":"Article","@id":"https:\/\/www.pressenza.com\/fr\/2016\/07\/solidays-la-force-de-jeunesse-et-benevoles-pressenza\/#article","isPartOf":{"@id":"https:\/\/www.pressenza.com\/fr\/2016\/07\/solidays-la-force-de-jeunesse-et-benevoles-pressenza\/"},"author":{"name":"R\u00e9daction Paris","@id":"https:\/\/www.pressenza.com\/fr\/#\/schema\/person\/5698ef8d4c2a370cbdd59d5b17455af6"},"headline":"Solidays of Love : Le message des jeunes, Prot\u00e9gez-vous !&#8230;","datePublished":"2016-07-04T19:38:40+00:00","dateModified":"2016-07-05T22:49:12+00:00","mainEntityOfPage":{"@id":"https:\/\/www.pressenza.com\/fr\/2016\/07\/solidays-la-force-de-jeunesse-et-benevoles-pressenza\/"},"wordCount":401,"publisher":{"@id":"https:\/\/www.pressenza.com\/fr\/#organization"},"image":{"@id":"https:\/\/www.pressenza.com\/fr\/2016\/07\/solidays-la-force-de-jeunesse-et-benevoles-pressenza\/#primaryimage"},"thumbnailUrl":"https:\/\/www.pressenza.com\/wp-content\/uploads\/2016\/06\/DSC_7894-3.jpg","keywords":["jeunesse","Paris","Pressenza","pr\u00e9vention","Sida","solidarit\u00e9","Solidays"],"articleSection":["Contenu Original","Education","Europe","Interviews","Sant\u00e9","Video"],"inLanguage":"fr-FR"},{"@type":"WebPage","@id":"https:\/\/www.pressenza.com\/fr\/2016\/07\/solidays-la-force-de-jeunesse-et-benevoles-pressenza\/","url":"https:\/\/www.pressenza.com\/fr\/2016\/07\/solidays-la-force-de-jeunesse-et-benevoles-pressenza\/","name":"Solidays of Love : Le message des jeunes, Prot\u00e9gez-vous !...","isPartOf":{"@id":"https:\/\/www.pressenza.com\/fr\/#website"},"primaryImageOfPage":{"@id":"https:\/\/www.pressenza.com\/fr\/2016\/07\/solidays-la-force-de-jeunesse-et-benevoles-pressenza\/#primaryimage"},"image":{"@id":"https:\/\/www.pressenza.com\/fr\/2016\/07\/solidays-la-force-de-jeunesse-et-benevoles-pressenza\/#primaryimage"},"thumbnailUrl":"https:\/\/www.pressenza.com\/wp-content\/uploads\/2016\/06\/DSC_7894-3.jpg","datePublished":"2016-07-04T19:38:40+00:00","dateModified":"2016-07-05T22:49:12+00:00","description":"Pr\u00e9sents lors du Festival Solidarit\u00e9 Sida, Nous avons interview\u00e9 des jeunes sur la pr\u00e9vention et le sida. Ils mettent en lumi\u00e8re l'insuffisance d'une information globale sur les risques, les maladies et la pr\u00e9vention. Visionner leurs t\u00e9moignages, sympas, remplis de fraicheur, de r\u00e9alisme et pleins d'esp\u00e9rance... et prot\u00e9gez-vous !...","breadcrumb":{"@id":"https:\/\/www.pressenza.com\/fr\/2016\/07\/solidays-la-force-de-jeunesse-et-benevoles-pressenza\/#breadcrumb"},"inLanguage":"fr-FR","potentialAction":[{"@type":"ReadAction","target":["https:\/\/www.pressenza.com\/fr\/2016\/07\/solidays-la-force-de-jeunesse-et-benevoles-pressenza\/"]}]},{"@type":"ImageObject","inLanguage":"fr-FR","@id":"https:\/\/www.pressenza.com\/fr\/2016\/07\/solidays-la-force-de-jeunesse-et-benevoles-pressenza\/#primaryimage","url":"https:\/\/www.pressenza.com\/wp-content\/uploads\/2016\/06\/DSC_7894-3.jpg","contentUrl":"https:\/\/www.pressenza.com\/wp-content\/uploads\/2016\/06\/DSC_7894-3.jpg","width":974,"height":650},{"@type":"BreadcrumbList","@id":"https:\/\/www.pressenza.com\/fr\/2016\/07\/solidays-la-force-de-jeunesse-et-benevoles-pressenza\/#breadcrumb","itemListElement":[{"@type":"ListItem","position":1,"name":"Accueil","item":"https:\/\/www.pressenza.com\/fr\/"},{"@type":"ListItem","position":2,"name":"Solidays of Love : Le message des jeunes, Prot\u00e9gez-vous !&#8230;"}]},{"@type":"WebSite","@id":"https:\/\/www.pressenza.com\/fr\/#website","url":"https:\/\/www.pressenza.com\/fr\/","name":"Pressenza","description":"International Press Agency","publisher":{"@id":"https:\/\/www.pressenza.com\/fr\/#organization"},"potentialAction":[{"@type":"SearchAction","target":{"@type":"EntryPoint","urlTemplate":"https:\/\/www.pressenza.com\/fr\/?s={search_term_string}"},"query-input":{"@type":"PropertyValueSpecification","valueRequired":true,"valueName":"search_term_string"}}],"inLanguage":"fr-FR"},{"@type":"Organization","@id":"https:\/\/www.pressenza.com\/fr\/#organization","name":"Pressenza","url":"https:\/\/www.pressenza.com\/fr\/","logo":{"@type":"ImageObject","inLanguage":"fr-FR","@id":"https:\/\/www.pressenza.com\/fr\/#\/schema\/logo\/image\/","url":"https:\/\/www.pressenza.com\/wp-content\/uploads\/2022\/10\/pressenza_logo_200x200.jpg","contentUrl":"https:\/\/www.pressenza.com\/wp-content\/uploads\/2022\/10\/pressenza_logo_200x200.jpg","width":200,"height":200,"caption":"Pressenza"},"image":{"@id":"https:\/\/www.pressenza.com\/fr\/#\/schema\/logo\/image\/"},"sameAs":["https:\/\/www.facebook.com\/PressenzaItalia","https:\/\/x.com\/PressenzaIPA"]},{"@type":"Person","@id":"https:\/\/www.pressenza.com\/fr\/#\/schema\/person\/5698ef8d4c2a370cbdd59d5b17455af6","name":"R\u00e9daction Paris","description":"News published by the Pressenza bureau in Paris, France","url":"https:\/\/www.pressenza.com\/fr\/author\/redaction-paris\/"}]}},"place":"Paris","original_article_url":"","_links":{"self":[{"href":"https:\/\/www.pressenza.com\/fr\/wp-json\/wp\/v2\/posts\/335002","targetHints":{"allow":["GET"]}}],"collection":[{"href":"https:\/\/www.pressenza.com\/fr\/wp-json\/wp\/v2\/posts"}],"about":[{"href":"https:\/\/www.pressenza.com\/fr\/wp-json\/wp\/v2\/types\/post"}],"author":[{"embeddable":true,"href":"https:\/\/www.pressenza.com\/fr\/wp-json\/wp\/v2\/users\/752"}],"replies":[{"embeddable":true,"href":"https:\/\/www.pressenza.com\/fr\/wp-json\/wp\/v2\/comments?post=335002"}],"version-history":[{"count":0,"href":"https:\/\/www.pressenza.com\/fr\/wp-json\/wp\/v2\/posts\/335002\/revisions"}],"wp:featuredmedia":[{"embeddable":true,"href":"https:\/\/www.pressenza.com\/fr\/wp-json\/wp\/v2\/media\/335036"}],"wp:attachment":[{"href":"https:\/\/www.pressenza.com\/fr\/wp-json\/wp\/v2\/media?parent=335002"}],"wp:term":[{"taxonomy":"category","embeddable":true,"href":"https:\/\/www.pressenza.com\/fr\/wp-json\/wp\/v2\/categories?post=335002"},{"taxonomy":"post_tag","embeddable":true,"href":"https:\/\/www.pressenza.com\/fr\/wp-json\/wp\/v2\/tags?post=335002"}],"curies":[{"name":"wp","href":"https:\/\/api.w.org\/{rel}","templated":true}]}}