{"id":332740,"date":"2016-06-23T19:51:30","date_gmt":"2016-06-23T18:51:30","guid":{"rendered":"http:\/\/www.pressenza.com\/fr\/?p=332740"},"modified":"2016-06-24T02:02:26","modified_gmt":"2016-06-24T01:02:26","slug":"manifestation-contre-loi-travail-a-paris","status":"publish","type":"post","link":"https:\/\/www.pressenza.com\/fr\/2016\/06\/manifestation-contre-loi-travail-a-paris\/","title":{"rendered":"Manifestation contre la Loi Travail \u00e0 Paris : un reportage photo"},"content":{"rendered":"<p>Aujourd\u2019hui, 23 juin 2016, des dizaines de milliers de manifestants se sont mobilis\u00e9s \u00e0 Paris pour le retrait de la loi El Khomri, concernant la r\u00e9forme du Code du travail fran\u00e7ais. Dans un premier temps annul\u00e9 par le gouvernement et la Pr\u00e9fecture de Paris (la derni\u00e8re manifestation organis\u00e9e par la CGT et interdite par les autorit\u00e9s remontait au 8 f\u00e9vrier 1962, pendant la Guerre d\u2019Alg\u00e9rie), le d\u00e9fil\u00e9 a finalement pu se tenir mais suivant un parcours in\u00e9dit\u00a0: un tour de seulement 1,6 km en boucle autour du bassin de l\u2019Arsenal, place de la Bastille.<\/p>\n<p>D\u2019apr\u00e8s les syndicats organisateurs, environ 60.000 personnes ont pris part \u00e0 la \u00ab\u00a0courte manifestation\u00a0\u00bb, alors que la Pr\u00e9fecture a fait \u00e9tat d\u2019un total de 20.000 manifestants. Les chiffres des deux c\u00f4t\u00e9s sont diff\u00e9rents \u00e9galement \u00e0 l\u2019\u00e9chelle nationale\u00a0: face aux 200.000 opposants \u00e0 la Loi Travail revendiqu\u00e9s par les organisations syndicales et les mouvements, les autorit\u00e9s n\u2019en ont annonc\u00e9 que 70.000.<\/p>\n<p>Nous vous proposons ci-dessous une petite galerie des photos recueillies au d\u00e9part du d\u00e9fil\u00e9 de la place de la Bastille par Grazia Butera et Domenico Musella<\/p>\n<div class=\"post-gallery\">\n\t\t\t<figure class=\"post-gallery-item\">\n\t\t\t\t<img decoding=\"async\" src=\"https:\/\/www.pressenza.com\/wp-content\/uploads\/2016\/06\/manif-23-juin-2016-32-720x540.jpg\" loading=\"lazy\">\n\t\t\t\t<figcaption>\n\t\t\t\t\t\n\t\t\t\t<\/figcaption>\n\t\t\t<\/figure>\n\t\t\t<figure class=\"post-gallery-item\">\n\t\t\t\t<img decoding=\"async\" src=\"https:\/\/www.pressenza.com\/wp-content\/uploads\/2016\/06\/manif-23-juin-2016-31-720x540.jpg\" loading=\"lazy\">\n\t\t\t\t<figcaption>\n\t\t\t\t\t\n\t\t\t\t<\/figcaption>\n\t\t\t<\/figure>\n\t\t\t<figure class=\"post-gallery-item\">\n\t\t\t\t<img decoding=\"async\" src=\"https:\/\/www.pressenza.com\/wp-content\/uploads\/2016\/06\/manif-23-juin-2016-30-720x540.jpg\" loading=\"lazy\">\n\t\t\t\t<figcaption>\n\t\t\t\t\t\n\t\t\t\t<\/figcaption>\n\t\t\t<\/figure>\n\t\t\t<figure class=\"post-gallery-item\">\n\t\t\t\t<img decoding=\"async\" src=\"https:\/\/www.pressenza.com\/wp-content\/uploads\/2016\/06\/manif-23-juin-2016-25-720x540.jpg\" loading=\"lazy\">\n\t\t\t\t<figcaption>\n\t\t\t\t\t\n\t\t\t\t<\/figcaption>\n\t\t\t<\/figure>\n\t\t\t<figure class=\"post-gallery-item\">\n\t\t\t\t<img decoding=\"async\" src=\"https:\/\/www.pressenza.com\/wp-content\/uploads\/2016\/06\/manif-23-juin-2016-26-720x540.jpg\" loading=\"lazy\">\n\t\t\t\t<figcaption>\n\t\t\t\t\t\n\t\t\t\t<\/figcaption>\n\t\t\t<\/figure>\n\t\t\t<figure class=\"post-gallery-item\">\n\t\t\t\t<img decoding=\"async\" src=\"https:\/\/www.pressenza.com\/wp-content\/uploads\/2016\/06\/manif-23-juin-2016-27-720x540.jpg\" loading=\"lazy\">\n\t\t\t\t<figcaption>\n\t\t\t\t\t\n\t\t\t\t<\/figcaption>\n\t\t\t<\/figure>\n\t\t\t<figure class=\"post-gallery-item\">\n\t\t\t\t<img decoding=\"async\" src=\"https:\/\/www.pressenza.com\/wp-content\/uploads\/2016\/06\/manif-23-juin-2016-28-720x960.jpg\" loading=\"lazy\">\n\t\t\t\t<figcaption>\n\t\t\t\t\t\n\t\t\t\t<\/figcaption>\n\t\t\t<\/figure>\n\t\t\t<figure class=\"post-gallery-item\">\n\t\t\t\t<img decoding=\"async\" src=\"https:\/\/www.pressenza.com\/wp-content\/uploads\/2016\/06\/manif-23-juin-2016-29-720x540.jpg\" loading=\"lazy\">\n\t\t\t\t<figcaption>\n\t\t\t\t\t\n\t\t\t\t<\/figcaption>\n\t\t\t<\/figure>\n\t\t\t<figure class=\"post-gallery-item\">\n\t\t\t\t<img decoding=\"async\" src=\"https:\/\/www.pressenza.com\/wp-content\/uploads\/2016\/06\/manif-23-juin-2016-24-720x540.jpg\" loading=\"lazy\">\n\t\t\t\t<figcaption>\n\t\t\t\t\t\n\t\t\t\t<\/figcaption>\n\t\t\t<\/figure>\n\t\t\t<figure class=\"post-gallery-item\">\n\t\t\t\t<img decoding=\"async\" src=\"https:\/\/www.pressenza.com\/wp-content\/uploads\/2016\/06\/manif-23-juin-2016-23-720x540.jpg\" loading=\"lazy\">\n\t\t\t\t<figcaption>\n\t\t\t\t\t\n\t\t\t\t<\/figcaption>\n\t\t\t<\/figure>\n\t\t\t<figure class=\"post-gallery-item\">\n\t\t\t\t<img decoding=\"async\" src=\"https:\/\/www.pressenza.com\/wp-content\/uploads\/2016\/06\/manif-23-juin-2016-22-720x540.jpg\" loading=\"lazy\">\n\t\t\t\t<figcaption>\n\t\t\t\t\t\n\t\t\t\t<\/figcaption>\n\t\t\t<\/figure>\n\t\t\t<figure class=\"post-gallery-item\">\n\t\t\t\t<img decoding=\"async\" src=\"https:\/\/www.pressenza.com\/wp-content\/uploads\/2016\/06\/manif-23-juin-2016-21-720x540.jpg\" loading=\"lazy\">\n\t\t\t\t<figcaption>\n\t\t\t\t\t\n\t\t\t\t<\/figcaption>\n\t\t\t<\/figure>\n\t\t\t<figure class=\"post-gallery-item\">\n\t\t\t\t<img decoding=\"async\" src=\"https:\/\/www.pressenza.com\/wp-content\/uploads\/2016\/06\/manif-23-juin-2016-20-720x540.jpg\" loading=\"lazy\">\n\t\t\t\t<figcaption>\n\t\t\t\t\t\n\t\t\t\t<\/figcaption>\n\t\t\t<\/figure>\n\t\t\t<figure class=\"post-gallery-item\">\n\t\t\t\t<img decoding=\"async\" src=\"https:\/\/www.pressenza.com\/wp-content\/uploads\/2016\/06\/manif-23-juin-2016-15-720x540.jpg\" loading=\"lazy\">\n\t\t\t\t<figcaption>\n\t\t\t\t\t\n\t\t\t\t<\/figcaption>\n\t\t\t<\/figure>\n\t\t\t<figure class=\"post-gallery-item\">\n\t\t\t\t<img decoding=\"async\" src=\"https:\/\/www.pressenza.com\/wp-content\/uploads\/2016\/06\/manif-23-juin-2016-16-720x540.jpg\" loading=\"lazy\">\n\t\t\t\t<figcaption>\n\t\t\t\t\t\n\t\t\t\t<\/figcaption>\n\t\t\t<\/figure>\n\t\t\t<figure class=\"post-gallery-item\">\n\t\t\t\t<img decoding=\"async\" src=\"https:\/\/www.pressenza.com\/wp-content\/uploads\/2016\/06\/manif-23-juin-2016-17-720x540.jpg\" loading=\"lazy\">\n\t\t\t\t<figcaption>\n\t\t\t\t\t\n\t\t\t\t<\/figcaption>\n\t\t\t<\/figure>\n\t\t\t<figure class=\"post-gallery-item\">\n\t\t\t\t<img decoding=\"async\" src=\"https:\/\/www.pressenza.com\/wp-content\/uploads\/2016\/06\/manif-23-juin-2016-18-720x540.jpg\" loading=\"lazy\">\n\t\t\t\t<figcaption>\n\t\t\t\t\t\n\t\t\t\t<\/figcaption>\n\t\t\t<\/figure>\n\t\t\t<figure class=\"post-gallery-item\">\n\t\t\t\t<img decoding=\"async\" src=\"https:\/\/www.pressenza.com\/wp-content\/uploads\/2016\/06\/manif-23-juin-2016-19-720x540.jpg\" loading=\"lazy\">\n\t\t\t\t<figcaption>\n\t\t\t\t\t\n\t\t\t\t<\/figcaption>\n\t\t\t<\/figure>\n\t\t\t<figure class=\"post-gallery-item\">\n\t\t\t\t<img decoding=\"async\" src=\"https:\/\/www.pressenza.com\/wp-content\/uploads\/2016\/06\/manif-23-juin-2016-14-720x540.jpg\" loading=\"lazy\">\n\t\t\t\t<figcaption>\n\t\t\t\t\t\n\t\t\t\t<\/figcaption>\n\t\t\t<\/figure>\n\t\t\t<figure class=\"post-gallery-item\">\n\t\t\t\t<img decoding=\"async\" src=\"https:\/\/www.pressenza.com\/wp-content\/uploads\/2016\/06\/manif-23-juin-2016-13-720x540.jpg\" loading=\"lazy\">\n\t\t\t\t<figcaption>\n\t\t\t\t\t\n\t\t\t\t<\/figcaption>\n\t\t\t<\/figure>\n\t\t\t<figure class=\"post-gallery-item\">\n\t\t\t\t<img decoding=\"async\" src=\"https:\/\/www.pressenza.com\/wp-content\/uploads\/2016\/06\/manif-23-juin-2016-12-720x540.jpg\" loading=\"lazy\">\n\t\t\t\t<figcaption>\n\t\t\t\t\t\n\t\t\t\t<\/figcaption>\n\t\t\t<\/figure>\n\t\t\t<figure class=\"post-gallery-item\">\n\t\t\t\t<img decoding=\"async\" src=\"https:\/\/www.pressenza.com\/wp-content\/uploads\/2016\/06\/manif-23-juin-2016-11-720x540.jpg\" loading=\"lazy\">\n\t\t\t\t<figcaption>\n\t\t\t\t\t\n\t\t\t\t<\/figcaption>\n\t\t\t<\/figure>\n\t\t\t<figure class=\"post-gallery-item\">\n\t\t\t\t<img decoding=\"async\" src=\"https:\/\/www.pressenza.com\/wp-content\/uploads\/2016\/06\/manif-23-juin-2016-10-720x540.jpg\" loading=\"lazy\">\n\t\t\t\t<figcaption>\n\t\t\t\t\t\n\t\t\t\t<\/figcaption>\n\t\t\t<\/figure>\n\t\t\t<figure class=\"post-gallery-item\">\n\t\t\t\t<img decoding=\"async\" src=\"https:\/\/www.pressenza.com\/wp-content\/uploads\/2016\/06\/manif-23-juin-2016-5-720x540.jpg\" loading=\"lazy\">\n\t\t\t\t<figcaption>\n\t\t\t\t\t\n\t\t\t\t<\/figcaption>\n\t\t\t<\/figure>\n\t\t\t<figure class=\"post-gallery-item\">\n\t\t\t\t<img decoding=\"async\" src=\"https:\/\/www.pressenza.com\/wp-content\/uploads\/2016\/06\/manif-23-juin-2016-6-720x540.jpg\" loading=\"lazy\">\n\t\t\t\t<figcaption>\n\t\t\t\t\t\n\t\t\t\t<\/figcaption>\n\t\t\t<\/figure>\n\t\t\t<figure class=\"post-gallery-item\">\n\t\t\t\t<img decoding=\"async\" src=\"https:\/\/www.pressenza.com\/wp-content\/uploads\/2016\/06\/manif-23-juin-2016-7-720x540.jpg\" loading=\"lazy\">\n\t\t\t\t<figcaption>\n\t\t\t\t\t\n\t\t\t\t<\/figcaption>\n\t\t\t<\/figure>\n\t\t\t<figure class=\"post-gallery-item\">\n\t\t\t\t<img decoding=\"async\" src=\"https:\/\/www.pressenza.com\/wp-content\/uploads\/2016\/06\/manif-23-juin-2016-8-720x540.jpg\" loading=\"lazy\">\n\t\t\t\t<figcaption>\n\t\t\t\t\t\n\t\t\t\t<\/figcaption>\n\t\t\t<\/figure>\n\t\t\t<figure class=\"post-gallery-item\">\n\t\t\t\t<img decoding=\"async\" src=\"https:\/\/www.pressenza.com\/wp-content\/uploads\/2016\/06\/manif-23-juin-2016-9-720x540.jpg\" loading=\"lazy\">\n\t\t\t\t<figcaption>\n\t\t\t\t\t\n\t\t\t\t<\/figcaption>\n\t\t\t<\/figure>\n\t\t\t<figure class=\"post-gallery-item\">\n\t\t\t\t<img decoding=\"async\" src=\"https:\/\/www.pressenza.com\/wp-content\/uploads\/2016\/06\/manif-23-juin-2016-4-720x540.jpg\" loading=\"lazy\">\n\t\t\t\t<figcaption>\n\t\t\t\t\t\n\t\t\t\t<\/figcaption>\n\t\t\t<\/figure>\n\t\t\t<figure class=\"post-gallery-item\">\n\t\t\t\t<img decoding=\"async\" src=\"https:\/\/www.pressenza.com\/wp-content\/uploads\/2016\/06\/manif-23-juin-2016-3.jpg\" loading=\"lazy\">\n\t\t\t\t<figcaption>\n\t\t\t\t\t\n\t\t\t\t<\/figcaption>\n\t\t\t<\/figure>\n\t\t\t<figure class=\"post-gallery-item\">\n\t\t\t\t<img decoding=\"async\" src=\"https:\/\/www.pressenza.com\/wp-content\/uploads\/2016\/06\/manif-23-juin-2016-2-720x540.jpg\" loading=\"lazy\">\n\t\t\t\t<figcaption>\n\t\t\t\t\t\n\t\t\t\t<\/figcaption>\n\t\t\t<\/figure>\n\t\t\t<figure class=\"post-gallery-item\">\n\t\t\t\t<img decoding=\"async\" src=\"https:\/\/www.pressenza.com\/wp-content\/uploads\/2016\/06\/manif-23-juin-2016-1.jpg\" loading=\"lazy\">\n\t\t\t\t<figcaption>\n\t\t\t\t\t\n\t\t\t\t<\/figcaption>\n\t\t\t<\/figure><\/div>\n","protected":false},"excerpt":{"rendered":"<p>Aujourd\u2019hui, 23 juin 2016, des dizaines de milliers de manifestants se sont mobilis\u00e9s \u00e0 Paris pour le retrait de la loi El Khomri, concernant la r\u00e9forme du Code du travail fran\u00e7ais. Dans un premier temps annul\u00e9 par le gouvernement et&hellip;<\/p>\n","protected":false},"author":1154,"featured_media":333017,"comment_status":"closed","ping_status":"closed","sticky":false,"template":"","format":"standard","meta":{"footnotes":""},"categories":[11386,85,93,5700],"tags":[18664,1034,26287,25010,307,15611,25509,1082,1001,306],"class_list":["post-332740","post","type-post","status-publish","format-standard","has-post-thumbnail","hentry","category-contenu-original","category-europe-fr","category-politique","category-reportages-photo","tag-code-du-travail","tag-france-fr","tag-loi-el-khomri","tag-loi-travail","tag-manifestation","tag-manuel-valls","tag-nuit-debout","tag-paris","tag-syndicats","tag-travail"],"yoast_head":"<!-- This site is optimized with the Yoast SEO plugin v27.1.1 - https:\/\/yoast.com\/product\/yoast-seo-wordpress\/ -->\n<title>Manifestation contre la Loi Travail \u00e0 Paris : un reportage photo<\/title>\n<meta name=\"description\" content=\"Aujourd\u2019hui, 23 juin 2016, des dizaines de milliers de manifestants se sont mobilis\u00e9s \u00e0 Paris pour le retrait de la loi El Khomri, concernant la r\u00e9forme\" \/>\n<meta name=\"robots\" content=\"index, follow, max-snippet:-1, max-image-preview:large, max-video-preview:-1\" \/>\n<link rel=\"canonical\" href=\"https:\/\/www.pressenza.com\/fr\/2016\/06\/manifestation-contre-loi-travail-a-paris\/\" \/>\n<meta property=\"og:locale\" content=\"fr_FR\" \/>\n<meta property=\"og:type\" content=\"article\" \/>\n<meta property=\"og:title\" content=\"Manifestation contre la Loi Travail \u00e0 Paris : un reportage photo\" \/>\n<meta property=\"og:description\" content=\"Aujourd\u2019hui, 23 juin 2016, des dizaines de milliers de manifestants se sont mobilis\u00e9s \u00e0 Paris pour le retrait de la loi El Khomri, concernant la r\u00e9forme\" \/>\n<meta property=\"og:url\" content=\"https:\/\/www.pressenza.com\/fr\/2016\/06\/manifestation-contre-loi-travail-a-paris\/\" \/>\n<meta property=\"og:site_name\" content=\"Pressenza\" \/>\n<meta property=\"article:publisher\" content=\"https:\/\/www.facebook.com\/PressenzaItalia\" \/>\n<meta property=\"article:published_time\" content=\"2016-06-23T18:51:30+00:00\" \/>\n<meta property=\"article:modified_time\" content=\"2016-06-24T01:02:26+00:00\" \/>\n<meta property=\"og:image\" content=\"https:\/\/www.pressenza.com\/wp-content\/uploads\/2016\/06\/manif-23-juin-2016-une.jpg\" \/>\n\t<meta property=\"og:image:width\" content=\"750\" \/>\n\t<meta property=\"og:image:height\" content=\"415\" \/>\n\t<meta property=\"og:image:type\" content=\"image\/jpeg\" \/>\n<meta name=\"author\" content=\"Domenico Musella\" \/>\n<meta name=\"twitter:card\" content=\"summary_large_image\" \/>\n<meta name=\"twitter:creator\" content=\"@PressenzaIPA\" \/>\n<meta name=\"twitter:site\" content=\"@PressenzaIPA\" \/>\n<meta name=\"twitter:label1\" content=\"\u00c9crit par\" \/>\n\t<meta name=\"twitter:data1\" content=\"Domenico Musella\" \/>\n\t<meta name=\"twitter:label2\" content=\"Dur\u00e9e de lecture estim\u00e9e\" \/>\n\t<meta name=\"twitter:data2\" content=\"1 minute\" \/>\n<script type=\"application\/ld+json\" class=\"yoast-schema-graph\">{\"@context\":\"https:\/\/schema.org\",\"@graph\":[{\"@type\":\"Article\",\"@id\":\"https:\/\/www.pressenza.com\/fr\/2016\/06\/manifestation-contre-loi-travail-a-paris\/#article\",\"isPartOf\":{\"@id\":\"https:\/\/www.pressenza.com\/fr\/2016\/06\/manifestation-contre-loi-travail-a-paris\/\"},\"author\":{\"name\":\"Domenico Musella\",\"@id\":\"https:\/\/www.pressenza.com\/fr\/#\/schema\/person\/0d795409c329ee4cec717d70a2653c14\"},\"headline\":\"Manifestation contre la Loi Travail \u00e0 Paris : un reportage photo\",\"datePublished\":\"2016-06-23T18:51:30+00:00\",\"dateModified\":\"2016-06-24T01:02:26+00:00\",\"mainEntityOfPage\":{\"@id\":\"https:\/\/www.pressenza.com\/fr\/2016\/06\/manifestation-contre-loi-travail-a-paris\/\"},\"wordCount\":211,\"publisher\":{\"@id\":\"https:\/\/www.pressenza.com\/fr\/#organization\"},\"image\":{\"@id\":\"https:\/\/www.pressenza.com\/fr\/2016\/06\/manifestation-contre-loi-travail-a-paris\/#primaryimage\"},\"thumbnailUrl\":\"https:\/\/www.pressenza.com\/wp-content\/uploads\/2016\/06\/manif-23-juin-2016-une.jpg\",\"keywords\":[\"Code du travail\",\"France\",\"loi El Khomri\",\"loi travail\",\"manifestation\",\"Manuel Valls\",\"Nuit Debout\",\"Paris\",\"syndicats\",\"travail\"],\"articleSection\":[\"Contenu Original\",\"Europe\",\"Politique\",\"Reportages photo\"],\"inLanguage\":\"fr-FR\"},{\"@type\":\"WebPage\",\"@id\":\"https:\/\/www.pressenza.com\/fr\/2016\/06\/manifestation-contre-loi-travail-a-paris\/\",\"url\":\"https:\/\/www.pressenza.com\/fr\/2016\/06\/manifestation-contre-loi-travail-a-paris\/\",\"name\":\"Manifestation contre la Loi Travail \u00e0 Paris : un reportage photo\",\"isPartOf\":{\"@id\":\"https:\/\/www.pressenza.com\/fr\/#website\"},\"primaryImageOfPage\":{\"@id\":\"https:\/\/www.pressenza.com\/fr\/2016\/06\/manifestation-contre-loi-travail-a-paris\/#primaryimage\"},\"image\":{\"@id\":\"https:\/\/www.pressenza.com\/fr\/2016\/06\/manifestation-contre-loi-travail-a-paris\/#primaryimage\"},\"thumbnailUrl\":\"https:\/\/www.pressenza.com\/wp-content\/uploads\/2016\/06\/manif-23-juin-2016-une.jpg\",\"datePublished\":\"2016-06-23T18:51:30+00:00\",\"dateModified\":\"2016-06-24T01:02:26+00:00\",\"description\":\"Aujourd\u2019hui, 23 juin 2016, des dizaines de milliers de manifestants se sont mobilis\u00e9s \u00e0 Paris pour le retrait de la loi El Khomri, concernant la r\u00e9forme\",\"breadcrumb\":{\"@id\":\"https:\/\/www.pressenza.com\/fr\/2016\/06\/manifestation-contre-loi-travail-a-paris\/#breadcrumb\"},\"inLanguage\":\"fr-FR\",\"potentialAction\":[{\"@type\":\"ReadAction\",\"target\":[\"https:\/\/www.pressenza.com\/fr\/2016\/06\/manifestation-contre-loi-travail-a-paris\/\"]}]},{\"@type\":\"ImageObject\",\"inLanguage\":\"fr-FR\",\"@id\":\"https:\/\/www.pressenza.com\/fr\/2016\/06\/manifestation-contre-loi-travail-a-paris\/#primaryimage\",\"url\":\"https:\/\/www.pressenza.com\/wp-content\/uploads\/2016\/06\/manif-23-juin-2016-une.jpg\",\"contentUrl\":\"https:\/\/www.pressenza.com\/wp-content\/uploads\/2016\/06\/manif-23-juin-2016-une.jpg\",\"width\":750,\"height\":415,\"caption\":\"manif loi travail el khomri france 23 juin 2016\"},{\"@type\":\"BreadcrumbList\",\"@id\":\"https:\/\/www.pressenza.com\/fr\/2016\/06\/manifestation-contre-loi-travail-a-paris\/#breadcrumb\",\"itemListElement\":[{\"@type\":\"ListItem\",\"position\":1,\"name\":\"Accueil\",\"item\":\"https:\/\/www.pressenza.com\/fr\/\"},{\"@type\":\"ListItem\",\"position\":2,\"name\":\"Manifestation contre la Loi Travail \u00e0 Paris : un reportage photo\"}]},{\"@type\":\"WebSite\",\"@id\":\"https:\/\/www.pressenza.com\/fr\/#website\",\"url\":\"https:\/\/www.pressenza.com\/fr\/\",\"name\":\"Pressenza\",\"description\":\"International Press Agency\",\"publisher\":{\"@id\":\"https:\/\/www.pressenza.com\/fr\/#organization\"},\"potentialAction\":[{\"@type\":\"SearchAction\",\"target\":{\"@type\":\"EntryPoint\",\"urlTemplate\":\"https:\/\/www.pressenza.com\/fr\/?s={search_term_string}\"},\"query-input\":{\"@type\":\"PropertyValueSpecification\",\"valueRequired\":true,\"valueName\":\"search_term_string\"}}],\"inLanguage\":\"fr-FR\"},{\"@type\":\"Organization\",\"@id\":\"https:\/\/www.pressenza.com\/fr\/#organization\",\"name\":\"Pressenza\",\"url\":\"https:\/\/www.pressenza.com\/fr\/\",\"logo\":{\"@type\":\"ImageObject\",\"inLanguage\":\"fr-FR\",\"@id\":\"https:\/\/www.pressenza.com\/fr\/#\/schema\/logo\/image\/\",\"url\":\"https:\/\/www.pressenza.com\/wp-content\/uploads\/2022\/10\/pressenza_logo_200x200.jpg\",\"contentUrl\":\"https:\/\/www.pressenza.com\/wp-content\/uploads\/2022\/10\/pressenza_logo_200x200.jpg\",\"width\":200,\"height\":200,\"caption\":\"Pressenza\"},\"image\":{\"@id\":\"https:\/\/www.pressenza.com\/fr\/#\/schema\/logo\/image\/\"},\"sameAs\":[\"https:\/\/www.facebook.com\/PressenzaItalia\",\"https:\/\/x.com\/PressenzaIPA\"]},{\"@type\":\"Person\",\"@id\":\"https:\/\/www.pressenza.com\/fr\/#\/schema\/person\/0d795409c329ee4cec717d70a2653c14\",\"name\":\"Domenico Musella\",\"description\":\"Amante delle differenze e dell'uguaglianza. Per diversi anni \u00e8 stato attivista dell\u2019Associazione Umanista Reciprocit\u00e0, del Centro delle Culture e di Convergenza delle Culture. Nel 2010 ha vinto il Premio internazionale di giornalismo \\\"Maria Grazia Cutuli\\\" raccontando in una tesi le storie di migranti a Napoli e nel 2011 ha collaborato alla redazione Esteri del Corriere della Sera. Ha scritto per Controluce, T.t.NA, Citt\u00e0future, il blog Nuovi Italiani di Corriere.it. Nel 2012 \u00e8 stato tra i fondatori del giornale online First Line Press, di cui \u00e8 stato redattore fino al 2014. Partecipa alla redazione di Pressenza\",\"url\":\"https:\/\/www.pressenza.com\/fr\/author\/domenico-musella\/\"}]}<\/script>\n<!-- \/ Yoast SEO plugin. -->","yoast_head_json":{"title":"Manifestation contre la Loi Travail \u00e0 Paris : un reportage photo","description":"Aujourd\u2019hui, 23 juin 2016, des dizaines de milliers de manifestants se sont mobilis\u00e9s \u00e0 Paris pour le retrait de la loi El Khomri, concernant la r\u00e9forme","robots":{"index":"index","follow":"follow","max-snippet":"max-snippet:-1","max-image-preview":"max-image-preview:large","max-video-preview":"max-video-preview:-1"},"canonical":"https:\/\/www.pressenza.com\/fr\/2016\/06\/manifestation-contre-loi-travail-a-paris\/","og_locale":"fr_FR","og_type":"article","og_title":"Manifestation contre la Loi Travail \u00e0 Paris : un reportage photo","og_description":"Aujourd\u2019hui, 23 juin 2016, des dizaines de milliers de manifestants se sont mobilis\u00e9s \u00e0 Paris pour le retrait de la loi El Khomri, concernant la r\u00e9forme","og_url":"https:\/\/www.pressenza.com\/fr\/2016\/06\/manifestation-contre-loi-travail-a-paris\/","og_site_name":"Pressenza","article_publisher":"https:\/\/www.facebook.com\/PressenzaItalia","article_published_time":"2016-06-23T18:51:30+00:00","article_modified_time":"2016-06-24T01:02:26+00:00","og_image":[{"width":750,"height":415,"url":"https:\/\/www.pressenza.com\/wp-content\/uploads\/2016\/06\/manif-23-juin-2016-une.jpg","type":"image\/jpeg"}],"author":"Domenico Musella","twitter_card":"summary_large_image","twitter_creator":"@PressenzaIPA","twitter_site":"@PressenzaIPA","twitter_misc":{"\u00c9crit par":"Domenico Musella","Dur\u00e9e de lecture estim\u00e9e":"1 minute"},"schema":{"@context":"https:\/\/schema.org","@graph":[{"@type":"Article","@id":"https:\/\/www.pressenza.com\/fr\/2016\/06\/manifestation-contre-loi-travail-a-paris\/#article","isPartOf":{"@id":"https:\/\/www.pressenza.com\/fr\/2016\/06\/manifestation-contre-loi-travail-a-paris\/"},"author":{"name":"Domenico Musella","@id":"https:\/\/www.pressenza.com\/fr\/#\/schema\/person\/0d795409c329ee4cec717d70a2653c14"},"headline":"Manifestation contre la Loi Travail \u00e0 Paris : un reportage photo","datePublished":"2016-06-23T18:51:30+00:00","dateModified":"2016-06-24T01:02:26+00:00","mainEntityOfPage":{"@id":"https:\/\/www.pressenza.com\/fr\/2016\/06\/manifestation-contre-loi-travail-a-paris\/"},"wordCount":211,"publisher":{"@id":"https:\/\/www.pressenza.com\/fr\/#organization"},"image":{"@id":"https:\/\/www.pressenza.com\/fr\/2016\/06\/manifestation-contre-loi-travail-a-paris\/#primaryimage"},"thumbnailUrl":"https:\/\/www.pressenza.com\/wp-content\/uploads\/2016\/06\/manif-23-juin-2016-une.jpg","keywords":["Code du travail","France","loi El Khomri","loi travail","manifestation","Manuel Valls","Nuit Debout","Paris","syndicats","travail"],"articleSection":["Contenu Original","Europe","Politique","Reportages photo"],"inLanguage":"fr-FR"},{"@type":"WebPage","@id":"https:\/\/www.pressenza.com\/fr\/2016\/06\/manifestation-contre-loi-travail-a-paris\/","url":"https:\/\/www.pressenza.com\/fr\/2016\/06\/manifestation-contre-loi-travail-a-paris\/","name":"Manifestation contre la Loi Travail \u00e0 Paris : un reportage photo","isPartOf":{"@id":"https:\/\/www.pressenza.com\/fr\/#website"},"primaryImageOfPage":{"@id":"https:\/\/www.pressenza.com\/fr\/2016\/06\/manifestation-contre-loi-travail-a-paris\/#primaryimage"},"image":{"@id":"https:\/\/www.pressenza.com\/fr\/2016\/06\/manifestation-contre-loi-travail-a-paris\/#primaryimage"},"thumbnailUrl":"https:\/\/www.pressenza.com\/wp-content\/uploads\/2016\/06\/manif-23-juin-2016-une.jpg","datePublished":"2016-06-23T18:51:30+00:00","dateModified":"2016-06-24T01:02:26+00:00","description":"Aujourd\u2019hui, 23 juin 2016, des dizaines de milliers de manifestants se sont mobilis\u00e9s \u00e0 Paris pour le retrait de la loi El Khomri, concernant la r\u00e9forme","breadcrumb":{"@id":"https:\/\/www.pressenza.com\/fr\/2016\/06\/manifestation-contre-loi-travail-a-paris\/#breadcrumb"},"inLanguage":"fr-FR","potentialAction":[{"@type":"ReadAction","target":["https:\/\/www.pressenza.com\/fr\/2016\/06\/manifestation-contre-loi-travail-a-paris\/"]}]},{"@type":"ImageObject","inLanguage":"fr-FR","@id":"https:\/\/www.pressenza.com\/fr\/2016\/06\/manifestation-contre-loi-travail-a-paris\/#primaryimage","url":"https:\/\/www.pressenza.com\/wp-content\/uploads\/2016\/06\/manif-23-juin-2016-une.jpg","contentUrl":"https:\/\/www.pressenza.com\/wp-content\/uploads\/2016\/06\/manif-23-juin-2016-une.jpg","width":750,"height":415,"caption":"manif loi travail el khomri france 23 juin 2016"},{"@type":"BreadcrumbList","@id":"https:\/\/www.pressenza.com\/fr\/2016\/06\/manifestation-contre-loi-travail-a-paris\/#breadcrumb","itemListElement":[{"@type":"ListItem","position":1,"name":"Accueil","item":"https:\/\/www.pressenza.com\/fr\/"},{"@type":"ListItem","position":2,"name":"Manifestation contre la Loi Travail \u00e0 Paris : un reportage photo"}]},{"@type":"WebSite","@id":"https:\/\/www.pressenza.com\/fr\/#website","url":"https:\/\/www.pressenza.com\/fr\/","name":"Pressenza","description":"International Press Agency","publisher":{"@id":"https:\/\/www.pressenza.com\/fr\/#organization"},"potentialAction":[{"@type":"SearchAction","target":{"@type":"EntryPoint","urlTemplate":"https:\/\/www.pressenza.com\/fr\/?s={search_term_string}"},"query-input":{"@type":"PropertyValueSpecification","valueRequired":true,"valueName":"search_term_string"}}],"inLanguage":"fr-FR"},{"@type":"Organization","@id":"https:\/\/www.pressenza.com\/fr\/#organization","name":"Pressenza","url":"https:\/\/www.pressenza.com\/fr\/","logo":{"@type":"ImageObject","inLanguage":"fr-FR","@id":"https:\/\/www.pressenza.com\/fr\/#\/schema\/logo\/image\/","url":"https:\/\/www.pressenza.com\/wp-content\/uploads\/2022\/10\/pressenza_logo_200x200.jpg","contentUrl":"https:\/\/www.pressenza.com\/wp-content\/uploads\/2022\/10\/pressenza_logo_200x200.jpg","width":200,"height":200,"caption":"Pressenza"},"image":{"@id":"https:\/\/www.pressenza.com\/fr\/#\/schema\/logo\/image\/"},"sameAs":["https:\/\/www.facebook.com\/PressenzaItalia","https:\/\/x.com\/PressenzaIPA"]},{"@type":"Person","@id":"https:\/\/www.pressenza.com\/fr\/#\/schema\/person\/0d795409c329ee4cec717d70a2653c14","name":"Domenico Musella","description":"Amante delle differenze e dell'uguaglianza. Per diversi anni \u00e8 stato attivista dell\u2019Associazione Umanista Reciprocit\u00e0, del Centro delle Culture e di Convergenza delle Culture. Nel 2010 ha vinto il Premio internazionale di giornalismo \"Maria Grazia Cutuli\" raccontando in una tesi le storie di migranti a Napoli e nel 2011 ha collaborato alla redazione Esteri del Corriere della Sera. Ha scritto per Controluce, T.t.NA, Citt\u00e0future, il blog Nuovi Italiani di Corriere.it. Nel 2012 \u00e8 stato tra i fondatori del giornale online First Line Press, di cui \u00e8 stato redattore fino al 2014. Partecipa alla redazione di Pressenza","url":"https:\/\/www.pressenza.com\/fr\/author\/domenico-musella\/"}]}},"place":"","original_article_url":"","_links":{"self":[{"href":"https:\/\/www.pressenza.com\/fr\/wp-json\/wp\/v2\/posts\/332740","targetHints":{"allow":["GET"]}}],"collection":[{"href":"https:\/\/www.pressenza.com\/fr\/wp-json\/wp\/v2\/posts"}],"about":[{"href":"https:\/\/www.pressenza.com\/fr\/wp-json\/wp\/v2\/types\/post"}],"author":[{"embeddable":true,"href":"https:\/\/www.pressenza.com\/fr\/wp-json\/wp\/v2\/users\/1154"}],"replies":[{"embeddable":true,"href":"https:\/\/www.pressenza.com\/fr\/wp-json\/wp\/v2\/comments?post=332740"}],"version-history":[{"count":0,"href":"https:\/\/www.pressenza.com\/fr\/wp-json\/wp\/v2\/posts\/332740\/revisions"}],"wp:featuredmedia":[{"embeddable":true,"href":"https:\/\/www.pressenza.com\/fr\/wp-json\/wp\/v2\/media\/333017"}],"wp:attachment":[{"href":"https:\/\/www.pressenza.com\/fr\/wp-json\/wp\/v2\/media?parent=332740"}],"wp:term":[{"taxonomy":"category","embeddable":true,"href":"https:\/\/www.pressenza.com\/fr\/wp-json\/wp\/v2\/categories?post=332740"},{"taxonomy":"post_tag","embeddable":true,"href":"https:\/\/www.pressenza.com\/fr\/wp-json\/wp\/v2\/tags?post=332740"}],"curies":[{"name":"wp","href":"https:\/\/api.w.org\/{rel}","templated":true}]}}