{"id":328479,"date":"2016-06-12T00:16:06","date_gmt":"2016-06-11T23:16:06","guid":{"rendered":"http:\/\/www.pressenza.com\/fr\/?p=328479"},"modified":"2016-06-12T00:16:06","modified_gmt":"2016-06-11T23:16:06","slug":"courage-dun-depute-face-monde-cree-medias","status":"publish","type":"post","link":"https:\/\/www.pressenza.com\/fr\/2016\/06\/courage-dun-depute-face-monde-cree-medias\/","title":{"rendered":"Le courage d&rsquo;un d\u00e9put\u00e9 face au monde cr\u00e9\u00e9 par les m\u00e9dias"},"content":{"rendered":"<p>Exemple parfait, s\u2019il en \u00e9tait encore besoin, que la majorit\u00e9 des politiques ne peuvent plus penser hors du monde cr\u00e9\u00e9 par les grands groupes de m\u00e9dias, le parlement europ\u00e9en s\u2019est r\u00e9cemment fait l\u2019alli\u00e9 de la campagne contre la d\u00e9mocratie participative du Venezuela en demandant \u00ab la lib\u00e9ration imm\u00e9diate de tous les prisonniers politiques \u00bb (sic).<\/p>\n<p>Dans notre article <a href=\"https:\/\/venezuelainfos.wordpress.com\/2016\/05\/24\/venezuela-pierre-de-folie\/\">\u00ab\u00a0Venezuela, pierre de folie\u00a0\u00bb (1),<\/a> nous avons expliqu\u00e9 que Leopoldo L\u00f3pez, un des \u00ab\u00a0prisonniers politiques\u00a0\u00bb que les principaux groupes de la Chambre europ\u00e9enne appellent \u00e0 lib\u00e9rer, est le bras droit au Venezuela de l\u2019ex-pr\u00e9sident colombien Alvaro Uribe (un des principaux criminels de guerre et contre l\u2019humanit\u00e9 en Am\u00e9rique Latine, dont on attend toujours la traduction en justice). Mr. Lopez, leader de l\u2019Aube Dor\u00e9e v\u00e9n\u00e9zu\u00e9lienne, a \u00e9t\u00e9\u00a0condamn\u00e9 par la justice \u00e0 13 ans de prison pour sa responsabilit\u00e9 dans les d\u00e9lits d\u2019incendie volontaire, d\u2019instigation publique \u00e0 la violence, dommages aux biens publics et association de malfaiteurs, lors d\u2019une campagne visant \u00e0 renverser le pr\u00e9sident Maduro.<\/p>\n<p>Il n\u2019y a aucun prisonnier politique au Venezuela mais certains terroristes d\u2019extr\u00eame droite, entra\u00een\u00e9s par les paramilitaires colombiens, auteurs d\u2019assassinats ou d\u2019attentats, ont \u00e9t\u00e9 arr\u00e9t\u00e9s et jug\u00e9s, comme cela se passe dans n\u2019importe quel Etat de Droit. Ce sont eux que les m\u00e9dias transforment en \u00ab\u00a0prisonniers politiques\u00a0\u00bb.<\/p>\n<p>De plus, <a href=\"http:\/\/www.europarl.europa.eu\/sides\/getDoc.do?type=MOTION&amp;reference=P8-RC-2016-0700&amp;language=FR\">l\u2019instance europ\u00e9enne dit<\/a> que le gouvernement v\u00e9n\u00e9zu\u00e9lien doit respecter \u00ab les m\u00e9canismes l\u00e9gaux reconnus dans la Constitution pour r\u00e9voquer le pr\u00e9sident Maduro avant la fin de 2016 \u00bb, feignant d\u2019ignorer que le Conseil National Electoral (<a href=\"http:\/\/www.cne.gob.ve\/\">CNE<\/a>) v\u00e9rifie actuellement les signatures pr\u00e9sent\u00e9es dans ce but par la droite (nous l\u2019expliquons <a href=\"https:\/\/venezuelainfos.wordpress.com\/2016\/05\/24\/venezuela-pierre-de-folie\/\">dans le m\u00eame article)<\/a>. Le CNE est l\u2019organisme recteur d\u2019une vingtaine de processus \u00e9lectoraux organis\u00e9s depuis le d\u00e9but de la r\u00e9volution bolivarienne. Tous ont \u00e9t\u00e9 valid\u00e9s par les organisations internationales pour leur l\u00e9gitimit\u00e9 et pour leur transparence (dont l\u2019UE, l\u2019OEA, l\u2019UNASUR, etc..).<\/p>\n<p>Enfin, \u00ab les d\u00e9put\u00e9s europ\u00e9ens appellent instamment le pr\u00e9sident Nicol\u00e1s Maduro et son Gouvernement \u00e0 appliquer de fa\u00e7on urgente des r\u00e9formes \u00e9conomiques en collaboration avec l\u2019Assembl\u00e9e Nationale \u2013 contr\u00f4l\u00e9e par l\u2019opposition de droite \u2013 pour surmonter la crise, en particulier la p\u00e9nurie d\u2019aliments et de m\u00e9dicaments \u00bb. C\u2019est comme si on avait somm\u00e9 Salvador Allende de r\u00e9soudre la guerre \u00e9conomique (basse production d\u2019aliments et d\u00e9tournement de produits) sans expliquer sa mise en oeuvre par la droite locale, le secteur priv\u00e9 de l\u2019importation et de la distribution et les Etats-Unis de Richard Nixon. Enfin le P.E. parle de \u00ab\u00a0crise humanitaire\u00a0\u00bb, argument-clef pour justifier l\u2019intervention d\u2019une grande puissance\u2026<\/p>\n<p>Bref, face au contr\u00f4le du discours et de la pens\u00e9e du politique par les m\u00e9dias, la r\u00e9ponse du d\u00e9put\u00e9 europ\u00e9en Jean-Luc M\u00e9lenchon (France) est un exemple de courage et d\u2019honn\u00eatet\u00e9 qui m\u00e9rite une tr\u00e8s large diffusion.<\/p>\n<p><span class=\"embed-youtube\"><iframe loading=\"lazy\" class=\"youtube-player\" src=\"https:\/\/www.youtube.com\/embed\/32mjOWZvm2Q?version=3&amp;rel=1&amp;fs=1&amp;autohide=2&amp;showsearch=0&amp;showinfo=1&amp;iv_load_policy=1&amp;wmode=transparent\" width=\"560\" height=\"315\" allowfullscreen=\"allowfullscreen\"><\/iframe><\/span><\/p>\n<p>Voici le texte de son intervention : \u00ab Voil\u00e0 une r\u00e9solution qui ne sert strictement \u00e0 rien. Je demande dans quel pays du monde on traite le gouvernement de dictature quand il perd les \u00e9lections et qu\u2019il le reconna\u00eet, qu\u2019il perd les r\u00e9f\u00e9rendums et qu\u2019il le reconna\u00eet. Dans quel pays au monde on est d\u2019accord pour soutenir un opposant qui stocke chez lui des armes de guerre et des bombes ? Si vous faites \u00e7a, alors pr\u00e9parez-vous \u00e0 traiter de prisonnier politique n\u2019importe quel terroriste que nous avons arr\u00eat\u00e9. Peut-\u00eatre que monsieur Maduro aurait d\u00fb faire donner mille coups de fouet \u00e0 cet opposant, parce qu\u2019alors il b\u00e9n\u00e9ficierait du silence complice de cette assembl\u00e9e, comme vous le faite pour l\u2019Arabie Saoudite, dont vous trouvez cependant le moyen de citer l\u2019un des ressortissants, qui est pr\u00e9sident de la commission des droits de l\u2019homme \u2013 oui, des droits de l\u2019homme ! -, un Saoudien pr\u00e9sident de la commission des droits de l\u2019homme de l\u2019ONU, pour montrer du doigt le Venezuela. La v\u00e9rit\u00e9, c\u2019est que vous ne vous occupez que de ceux qui d\u00e9fendent les pauvres pour les fustiger et les discriminer. La v\u00e9rit\u00e9, c\u2019est que tout ceci participe \u00e0 une entreprise de d\u00e9stabilisation organis\u00e9e par les \u00c9tats-Unis d\u2019Am\u00e9rique qui font des coups d\u2019\u00c9tat institutionnels comme ils l\u2019ont fait au Guatemala, comme ils l\u2019ont fait au Br\u00e9sil, comme ils l\u2019ont fait au Honduras, et que tout ceci n\u2019est qu\u2019un moment de propagande internationale de l\u2019OTAN et des \u00c9tats-Unis d\u2019Am\u00e9rique. \u00c7a ne vaut strictement rien, et je dis la col\u00e8re de ceux qui aiment les gouvernements qui d\u00e9fendent les pauvres. \u00bb<\/p>\n<p>Note\u00a0:\u00a0(1) <a href=\"https:\/\/venezuelainfos.wordpress.com\/2016\/05\/24\/venezuela-pierre-de-folie\/\">https:\/\/venezuelainfos.wordpress.com\/2016\/05\/24\/venezuela-pierre-de-folie\/<\/a><\/p>\n","protected":false},"excerpt":{"rendered":"<p>Exemple parfait, s\u2019il en \u00e9tait encore besoin, que la majorit\u00e9 des politiques ne peuvent plus penser hors du monde cr\u00e9\u00e9 par les grands groupes de m\u00e9dias, le parlement europ\u00e9en s\u2019est r\u00e9cemment fait l\u2019alli\u00e9 de la campagne contre la d\u00e9mocratie participative&hellip;<\/p>\n","protected":false},"author":882,"featured_media":328480,"comment_status":"closed","ping_status":"closed","sticky":false,"template":"","format":"standard","meta":{"footnotes":""},"categories":[86,94,40,163],"tags":[827,826,240,828],"class_list":["post-328479","post","type-post","status-publish","format-standard","has-post-thumbnail","hentry","category-amerique-du-sud","category-culture-fr","category-international-fr","category-opinion-fr","tag-desinformation","tag-mediamensonges","tag-medias","tag-propagande"],"yoast_head":"<!-- This site is optimized with the Yoast SEO plugin v27.1.1 - https:\/\/yoast.com\/product\/yoast-seo-wordpress\/ -->\n<title>Le courage d&#039;un d\u00e9put\u00e9 face au monde cr\u00e9\u00e9 par les m\u00e9dias<\/title>\n<meta name=\"description\" content=\"Exemple parfait, s\u2019il en \u00e9tait encore besoin, que la majorit\u00e9 des politiques ne peuvent plus penser hors du monde cr\u00e9\u00e9 par les grands groupes de m\u00e9dias,\" \/>\n<meta name=\"robots\" content=\"index, follow, max-snippet:-1, max-image-preview:large, max-video-preview:-1\" \/>\n<link rel=\"canonical\" href=\"https:\/\/www.pressenza.com\/fr\/2016\/06\/courage-dun-depute-face-monde-cree-medias\/\" \/>\n<meta property=\"og:locale\" content=\"fr_FR\" \/>\n<meta property=\"og:type\" content=\"article\" \/>\n<meta property=\"og:title\" content=\"Le courage d&#039;un d\u00e9put\u00e9 face au monde cr\u00e9\u00e9 par les m\u00e9dias\" \/>\n<meta property=\"og:description\" content=\"Exemple parfait, s\u2019il en \u00e9tait encore besoin, que la majorit\u00e9 des politiques ne peuvent plus penser hors du monde cr\u00e9\u00e9 par les grands groupes de m\u00e9dias,\" \/>\n<meta property=\"og:url\" content=\"https:\/\/www.pressenza.com\/fr\/2016\/06\/courage-dun-depute-face-monde-cree-medias\/\" \/>\n<meta property=\"og:site_name\" content=\"Pressenza\" \/>\n<meta property=\"article:publisher\" content=\"https:\/\/www.facebook.com\/PressenzaItalia\" \/>\n<meta property=\"article:published_time\" content=\"2016-06-11T23:16:06+00:00\" \/>\n<meta property=\"og:image\" content=\"https:\/\/www.pressenza.com\/wp-content\/uploads\/2016\/06\/Le-courage-dun-d\u00e9put\u00e9-face-au-monde-cr\u00e9\u00e9-par-les-m\u00e9dias.jpg\" \/>\n\t<meta property=\"og:image:width\" content=\"750\" \/>\n\t<meta property=\"og:image:height\" content=\"599\" \/>\n\t<meta property=\"og:image:type\" content=\"image\/jpeg\" \/>\n<meta name=\"author\" content=\"Venezuela Infos\" \/>\n<meta name=\"twitter:card\" content=\"summary_large_image\" \/>\n<meta name=\"twitter:creator\" content=\"@PressenzaIPA\" \/>\n<meta name=\"twitter:site\" content=\"@PressenzaIPA\" \/>\n<meta name=\"twitter:label1\" content=\"\u00c9crit par\" \/>\n\t<meta name=\"twitter:data1\" content=\"Venezuela Infos\" \/>\n\t<meta name=\"twitter:label2\" content=\"Dur\u00e9e de lecture estim\u00e9e\" \/>\n\t<meta name=\"twitter:data2\" content=\"4 minutes\" \/>\n<script type=\"application\/ld+json\" class=\"yoast-schema-graph\">{\"@context\":\"https:\/\/schema.org\",\"@graph\":[{\"@type\":\"Article\",\"@id\":\"https:\/\/www.pressenza.com\/fr\/2016\/06\/courage-dun-depute-face-monde-cree-medias\/#article\",\"isPartOf\":{\"@id\":\"https:\/\/www.pressenza.com\/fr\/2016\/06\/courage-dun-depute-face-monde-cree-medias\/\"},\"author\":{\"name\":\"Venezuela Infos\",\"@id\":\"https:\/\/www.pressenza.com\/fr\/#\/schema\/person\/154d7e582930cff90f302a120ca0aab6\"},\"headline\":\"Le courage d&rsquo;un d\u00e9put\u00e9 face au monde cr\u00e9\u00e9 par les m\u00e9dias\",\"datePublished\":\"2016-06-11T23:16:06+00:00\",\"mainEntityOfPage\":{\"@id\":\"https:\/\/www.pressenza.com\/fr\/2016\/06\/courage-dun-depute-face-monde-cree-medias\/\"},\"wordCount\":849,\"publisher\":{\"@id\":\"https:\/\/www.pressenza.com\/fr\/#organization\"},\"image\":{\"@id\":\"https:\/\/www.pressenza.com\/fr\/2016\/06\/courage-dun-depute-face-monde-cree-medias\/#primaryimage\"},\"thumbnailUrl\":\"https:\/\/www.pressenza.com\/wp-content\/uploads\/2016\/06\/Le-courage-dun-d\u00e9put\u00e9-face-au-monde-cr\u00e9\u00e9-par-les-m\u00e9dias.jpg\",\"keywords\":[\"d\u00e9sinformation\",\"M\u00e9diamensonges\",\"m\u00e9dias\",\"propagande\"],\"articleSection\":[\"Am\u00e9rique du Sud\",\"Culture et M\u00e9dias\",\"International\",\"Opinion\"],\"inLanguage\":\"fr-FR\"},{\"@type\":\"WebPage\",\"@id\":\"https:\/\/www.pressenza.com\/fr\/2016\/06\/courage-dun-depute-face-monde-cree-medias\/\",\"url\":\"https:\/\/www.pressenza.com\/fr\/2016\/06\/courage-dun-depute-face-monde-cree-medias\/\",\"name\":\"Le courage d'un d\u00e9put\u00e9 face au monde cr\u00e9\u00e9 par les m\u00e9dias\",\"isPartOf\":{\"@id\":\"https:\/\/www.pressenza.com\/fr\/#website\"},\"primaryImageOfPage\":{\"@id\":\"https:\/\/www.pressenza.com\/fr\/2016\/06\/courage-dun-depute-face-monde-cree-medias\/#primaryimage\"},\"image\":{\"@id\":\"https:\/\/www.pressenza.com\/fr\/2016\/06\/courage-dun-depute-face-monde-cree-medias\/#primaryimage\"},\"thumbnailUrl\":\"https:\/\/www.pressenza.com\/wp-content\/uploads\/2016\/06\/Le-courage-dun-d\u00e9put\u00e9-face-au-monde-cr\u00e9\u00e9-par-les-m\u00e9dias.jpg\",\"datePublished\":\"2016-06-11T23:16:06+00:00\",\"description\":\"Exemple parfait, s\u2019il en \u00e9tait encore besoin, que la majorit\u00e9 des politiques ne peuvent plus penser hors du monde cr\u00e9\u00e9 par les grands groupes de m\u00e9dias,\",\"breadcrumb\":{\"@id\":\"https:\/\/www.pressenza.com\/fr\/2016\/06\/courage-dun-depute-face-monde-cree-medias\/#breadcrumb\"},\"inLanguage\":\"fr-FR\",\"potentialAction\":[{\"@type\":\"ReadAction\",\"target\":[\"https:\/\/www.pressenza.com\/fr\/2016\/06\/courage-dun-depute-face-monde-cree-medias\/\"]}]},{\"@type\":\"ImageObject\",\"inLanguage\":\"fr-FR\",\"@id\":\"https:\/\/www.pressenza.com\/fr\/2016\/06\/courage-dun-depute-face-monde-cree-medias\/#primaryimage\",\"url\":\"https:\/\/www.pressenza.com\/wp-content\/uploads\/2016\/06\/Le-courage-dun-d\u00e9put\u00e9-face-au-monde-cr\u00e9\u00e9-par-les-m\u00e9dias.jpg\",\"contentUrl\":\"https:\/\/www.pressenza.com\/wp-content\/uploads\/2016\/06\/Le-courage-dun-d\u00e9put\u00e9-face-au-monde-cr\u00e9\u00e9-par-les-m\u00e9dias.jpg\",\"width\":750,\"height\":599},{\"@type\":\"BreadcrumbList\",\"@id\":\"https:\/\/www.pressenza.com\/fr\/2016\/06\/courage-dun-depute-face-monde-cree-medias\/#breadcrumb\",\"itemListElement\":[{\"@type\":\"ListItem\",\"position\":1,\"name\":\"Accueil\",\"item\":\"https:\/\/www.pressenza.com\/fr\/\"},{\"@type\":\"ListItem\",\"position\":2,\"name\":\"Le courage d&rsquo;un d\u00e9put\u00e9 face au monde cr\u00e9\u00e9 par les m\u00e9dias\"}]},{\"@type\":\"WebSite\",\"@id\":\"https:\/\/www.pressenza.com\/fr\/#website\",\"url\":\"https:\/\/www.pressenza.com\/fr\/\",\"name\":\"Pressenza\",\"description\":\"International Press Agency\",\"publisher\":{\"@id\":\"https:\/\/www.pressenza.com\/fr\/#organization\"},\"potentialAction\":[{\"@type\":\"SearchAction\",\"target\":{\"@type\":\"EntryPoint\",\"urlTemplate\":\"https:\/\/www.pressenza.com\/fr\/?s={search_term_string}\"},\"query-input\":{\"@type\":\"PropertyValueSpecification\",\"valueRequired\":true,\"valueName\":\"search_term_string\"}}],\"inLanguage\":\"fr-FR\"},{\"@type\":\"Organization\",\"@id\":\"https:\/\/www.pressenza.com\/fr\/#organization\",\"name\":\"Pressenza\",\"url\":\"https:\/\/www.pressenza.com\/fr\/\",\"logo\":{\"@type\":\"ImageObject\",\"inLanguage\":\"fr-FR\",\"@id\":\"https:\/\/www.pressenza.com\/fr\/#\/schema\/logo\/image\/\",\"url\":\"https:\/\/www.pressenza.com\/wp-content\/uploads\/2022\/10\/pressenza_logo_200x200.jpg\",\"contentUrl\":\"https:\/\/www.pressenza.com\/wp-content\/uploads\/2022\/10\/pressenza_logo_200x200.jpg\",\"width\":200,\"height\":200,\"caption\":\"Pressenza\"},\"image\":{\"@id\":\"https:\/\/www.pressenza.com\/fr\/#\/schema\/logo\/image\/\"},\"sameAs\":[\"https:\/\/www.facebook.com\/PressenzaItalia\",\"https:\/\/x.com\/PressenzaIPA\"]},{\"@type\":\"Person\",\"@id\":\"https:\/\/www.pressenza.com\/fr\/#\/schema\/person\/154d7e582930cff90f302a120ca0aab6\",\"name\":\"Venezuela Infos\",\"description\":\"Venezuelainfos, Le blog de Thierry Deronne Cin\u00e9aste, universitaire, licenci\u00e9 en communications sociales (ihecs.be), je vis depuis 1994 au Venezuela pour travailler \u00e0 l'appropriation populaire des m\u00e9dias. Dans un monde o\u00f9 la politique est largement pass\u00e9e sous commande des m\u00e9dias, faire la r\u00e9volution signifie non seulement d\u00e9mocratiser leur propri\u00e9t\u00e9 mais aussi changer leur mode de production. Par exemple, abandonner la forme \\\"studio\\\" pour cr\u00e9er l'information \u00e0 partir des organisations populaires. Ou refonder des \u00e9coles de communication populaire aux antipodes d'un journalisme format\u00e9 par le libre march\u00e9. Courriel: blogvenezuelainfos@gmail.com\",\"url\":\"https:\/\/www.pressenza.com\/fr\/author\/venezuela-infos\/\"}]}<\/script>\n<!-- \/ Yoast SEO plugin. -->","yoast_head_json":{"title":"Le courage d'un d\u00e9put\u00e9 face au monde cr\u00e9\u00e9 par les m\u00e9dias","description":"Exemple parfait, s\u2019il en \u00e9tait encore besoin, que la majorit\u00e9 des politiques ne peuvent plus penser hors du monde cr\u00e9\u00e9 par les grands groupes de m\u00e9dias,","robots":{"index":"index","follow":"follow","max-snippet":"max-snippet:-1","max-image-preview":"max-image-preview:large","max-video-preview":"max-video-preview:-1"},"canonical":"https:\/\/www.pressenza.com\/fr\/2016\/06\/courage-dun-depute-face-monde-cree-medias\/","og_locale":"fr_FR","og_type":"article","og_title":"Le courage d'un d\u00e9put\u00e9 face au monde cr\u00e9\u00e9 par les m\u00e9dias","og_description":"Exemple parfait, s\u2019il en \u00e9tait encore besoin, que la majorit\u00e9 des politiques ne peuvent plus penser hors du monde cr\u00e9\u00e9 par les grands groupes de m\u00e9dias,","og_url":"https:\/\/www.pressenza.com\/fr\/2016\/06\/courage-dun-depute-face-monde-cree-medias\/","og_site_name":"Pressenza","article_publisher":"https:\/\/www.facebook.com\/PressenzaItalia","article_published_time":"2016-06-11T23:16:06+00:00","og_image":[{"width":750,"height":599,"url":"https:\/\/www.pressenza.com\/wp-content\/uploads\/2016\/06\/Le-courage-dun-d\u00e9put\u00e9-face-au-monde-cr\u00e9\u00e9-par-les-m\u00e9dias.jpg","type":"image\/jpeg"}],"author":"Venezuela Infos","twitter_card":"summary_large_image","twitter_creator":"@PressenzaIPA","twitter_site":"@PressenzaIPA","twitter_misc":{"\u00c9crit par":"Venezuela Infos","Dur\u00e9e de lecture estim\u00e9e":"4 minutes"},"schema":{"@context":"https:\/\/schema.org","@graph":[{"@type":"Article","@id":"https:\/\/www.pressenza.com\/fr\/2016\/06\/courage-dun-depute-face-monde-cree-medias\/#article","isPartOf":{"@id":"https:\/\/www.pressenza.com\/fr\/2016\/06\/courage-dun-depute-face-monde-cree-medias\/"},"author":{"name":"Venezuela Infos","@id":"https:\/\/www.pressenza.com\/fr\/#\/schema\/person\/154d7e582930cff90f302a120ca0aab6"},"headline":"Le courage d&rsquo;un d\u00e9put\u00e9 face au monde cr\u00e9\u00e9 par les m\u00e9dias","datePublished":"2016-06-11T23:16:06+00:00","mainEntityOfPage":{"@id":"https:\/\/www.pressenza.com\/fr\/2016\/06\/courage-dun-depute-face-monde-cree-medias\/"},"wordCount":849,"publisher":{"@id":"https:\/\/www.pressenza.com\/fr\/#organization"},"image":{"@id":"https:\/\/www.pressenza.com\/fr\/2016\/06\/courage-dun-depute-face-monde-cree-medias\/#primaryimage"},"thumbnailUrl":"https:\/\/www.pressenza.com\/wp-content\/uploads\/2016\/06\/Le-courage-dun-d\u00e9put\u00e9-face-au-monde-cr\u00e9\u00e9-par-les-m\u00e9dias.jpg","keywords":["d\u00e9sinformation","M\u00e9diamensonges","m\u00e9dias","propagande"],"articleSection":["Am\u00e9rique du Sud","Culture et M\u00e9dias","International","Opinion"],"inLanguage":"fr-FR"},{"@type":"WebPage","@id":"https:\/\/www.pressenza.com\/fr\/2016\/06\/courage-dun-depute-face-monde-cree-medias\/","url":"https:\/\/www.pressenza.com\/fr\/2016\/06\/courage-dun-depute-face-monde-cree-medias\/","name":"Le courage d'un d\u00e9put\u00e9 face au monde cr\u00e9\u00e9 par les m\u00e9dias","isPartOf":{"@id":"https:\/\/www.pressenza.com\/fr\/#website"},"primaryImageOfPage":{"@id":"https:\/\/www.pressenza.com\/fr\/2016\/06\/courage-dun-depute-face-monde-cree-medias\/#primaryimage"},"image":{"@id":"https:\/\/www.pressenza.com\/fr\/2016\/06\/courage-dun-depute-face-monde-cree-medias\/#primaryimage"},"thumbnailUrl":"https:\/\/www.pressenza.com\/wp-content\/uploads\/2016\/06\/Le-courage-dun-d\u00e9put\u00e9-face-au-monde-cr\u00e9\u00e9-par-les-m\u00e9dias.jpg","datePublished":"2016-06-11T23:16:06+00:00","description":"Exemple parfait, s\u2019il en \u00e9tait encore besoin, que la majorit\u00e9 des politiques ne peuvent plus penser hors du monde cr\u00e9\u00e9 par les grands groupes de m\u00e9dias,","breadcrumb":{"@id":"https:\/\/www.pressenza.com\/fr\/2016\/06\/courage-dun-depute-face-monde-cree-medias\/#breadcrumb"},"inLanguage":"fr-FR","potentialAction":[{"@type":"ReadAction","target":["https:\/\/www.pressenza.com\/fr\/2016\/06\/courage-dun-depute-face-monde-cree-medias\/"]}]},{"@type":"ImageObject","inLanguage":"fr-FR","@id":"https:\/\/www.pressenza.com\/fr\/2016\/06\/courage-dun-depute-face-monde-cree-medias\/#primaryimage","url":"https:\/\/www.pressenza.com\/wp-content\/uploads\/2016\/06\/Le-courage-dun-d\u00e9put\u00e9-face-au-monde-cr\u00e9\u00e9-par-les-m\u00e9dias.jpg","contentUrl":"https:\/\/www.pressenza.com\/wp-content\/uploads\/2016\/06\/Le-courage-dun-d\u00e9put\u00e9-face-au-monde-cr\u00e9\u00e9-par-les-m\u00e9dias.jpg","width":750,"height":599},{"@type":"BreadcrumbList","@id":"https:\/\/www.pressenza.com\/fr\/2016\/06\/courage-dun-depute-face-monde-cree-medias\/#breadcrumb","itemListElement":[{"@type":"ListItem","position":1,"name":"Accueil","item":"https:\/\/www.pressenza.com\/fr\/"},{"@type":"ListItem","position":2,"name":"Le courage d&rsquo;un d\u00e9put\u00e9 face au monde cr\u00e9\u00e9 par les m\u00e9dias"}]},{"@type":"WebSite","@id":"https:\/\/www.pressenza.com\/fr\/#website","url":"https:\/\/www.pressenza.com\/fr\/","name":"Pressenza","description":"International Press Agency","publisher":{"@id":"https:\/\/www.pressenza.com\/fr\/#organization"},"potentialAction":[{"@type":"SearchAction","target":{"@type":"EntryPoint","urlTemplate":"https:\/\/www.pressenza.com\/fr\/?s={search_term_string}"},"query-input":{"@type":"PropertyValueSpecification","valueRequired":true,"valueName":"search_term_string"}}],"inLanguage":"fr-FR"},{"@type":"Organization","@id":"https:\/\/www.pressenza.com\/fr\/#organization","name":"Pressenza","url":"https:\/\/www.pressenza.com\/fr\/","logo":{"@type":"ImageObject","inLanguage":"fr-FR","@id":"https:\/\/www.pressenza.com\/fr\/#\/schema\/logo\/image\/","url":"https:\/\/www.pressenza.com\/wp-content\/uploads\/2022\/10\/pressenza_logo_200x200.jpg","contentUrl":"https:\/\/www.pressenza.com\/wp-content\/uploads\/2022\/10\/pressenza_logo_200x200.jpg","width":200,"height":200,"caption":"Pressenza"},"image":{"@id":"https:\/\/www.pressenza.com\/fr\/#\/schema\/logo\/image\/"},"sameAs":["https:\/\/www.facebook.com\/PressenzaItalia","https:\/\/x.com\/PressenzaIPA"]},{"@type":"Person","@id":"https:\/\/www.pressenza.com\/fr\/#\/schema\/person\/154d7e582930cff90f302a120ca0aab6","name":"Venezuela Infos","description":"Venezuelainfos, Le blog de Thierry Deronne Cin\u00e9aste, universitaire, licenci\u00e9 en communications sociales (ihecs.be), je vis depuis 1994 au Venezuela pour travailler \u00e0 l'appropriation populaire des m\u00e9dias. Dans un monde o\u00f9 la politique est largement pass\u00e9e sous commande des m\u00e9dias, faire la r\u00e9volution signifie non seulement d\u00e9mocratiser leur propri\u00e9t\u00e9 mais aussi changer leur mode de production. Par exemple, abandonner la forme \"studio\" pour cr\u00e9er l'information \u00e0 partir des organisations populaires. Ou refonder des \u00e9coles de communication populaire aux antipodes d'un journalisme format\u00e9 par le libre march\u00e9. Courriel: blogvenezuelainfos@gmail.com","url":"https:\/\/www.pressenza.com\/fr\/author\/venezuela-infos\/"}]}},"place":"Venezuela","original_article_url":"https:\/\/venezuelainfos.wordpress.com\/2016\/06\/10\/le-courage-dun-depute-face-au-monde-cree-par-les-medias\/","_links":{"self":[{"href":"https:\/\/www.pressenza.com\/fr\/wp-json\/wp\/v2\/posts\/328479","targetHints":{"allow":["GET"]}}],"collection":[{"href":"https:\/\/www.pressenza.com\/fr\/wp-json\/wp\/v2\/posts"}],"about":[{"href":"https:\/\/www.pressenza.com\/fr\/wp-json\/wp\/v2\/types\/post"}],"author":[{"embeddable":true,"href":"https:\/\/www.pressenza.com\/fr\/wp-json\/wp\/v2\/users\/882"}],"replies":[{"embeddable":true,"href":"https:\/\/www.pressenza.com\/fr\/wp-json\/wp\/v2\/comments?post=328479"}],"version-history":[{"count":0,"href":"https:\/\/www.pressenza.com\/fr\/wp-json\/wp\/v2\/posts\/328479\/revisions"}],"wp:featuredmedia":[{"embeddable":true,"href":"https:\/\/www.pressenza.com\/fr\/wp-json\/wp\/v2\/media\/328480"}],"wp:attachment":[{"href":"https:\/\/www.pressenza.com\/fr\/wp-json\/wp\/v2\/media?parent=328479"}],"wp:term":[{"taxonomy":"category","embeddable":true,"href":"https:\/\/www.pressenza.com\/fr\/wp-json\/wp\/v2\/categories?post=328479"},{"taxonomy":"post_tag","embeddable":true,"href":"https:\/\/www.pressenza.com\/fr\/wp-json\/wp\/v2\/tags?post=328479"}],"curies":[{"name":"wp","href":"https:\/\/api.w.org\/{rel}","templated":true}]}}