{"id":328455,"date":"2016-06-11T21:45:23","date_gmt":"2016-06-11T20:45:23","guid":{"rendered":"http:\/\/www.pressenza.com\/fr\/?p=328455"},"modified":"2016-06-11T22:35:09","modified_gmt":"2016-06-11T21:35:09","slug":"chili-de-maree-rouge-a-maree-humaine-cinq-raisons-mouvement-social-de-chiloe","status":"publish","type":"post","link":"https:\/\/www.pressenza.com\/fr\/2016\/06\/chili-de-maree-rouge-a-maree-humaine-cinq-raisons-mouvement-social-de-chiloe\/","title":{"rendered":"Chili &#8211; De la mar\u00e9e rouge \u00e0 la mar\u00e9e humaine ou cinq raisons du mouvement social de Chilo\u00e9"},"content":{"rendered":"<div class=\"cartouche clearfix\">\n<p class=\"soustitre\"><strong>Par Tito Tricot\u00a0(*) <\/strong><\/p>\n<p class=\"traductions\">L\u2019archipel de Chilo\u00e9 est un chapelet d\u2019\u00eelots qui semblent se pr\u00e9cipiter inexorablement dans les profondeurs de la mer. Ou, mieux encore peut-\u00eatre, un lieu o\u00f9 la mer escalade ind\u00e9finiment des escarpements et des for\u00eats anciennes. Un entrelacs de terre et de mer se mouvant \u00e0 un rythme magique mais qui, aujourd\u2019hui, est \u00e9branl\u00e9 par un mouvement social\u00a0: un mouvement sismique d\u2019une magnitude insoup\u00e7onn\u00e9e.<\/p>\n<\/div>\n<div class=\"texte surlignable clearfix\">\n<p>Le gouvernement n\u2019a jamais imagin\u00e9 que le peuple chilote se soul\u00e8verait pour appuyer le mouvement des p\u00eacheurs et des mareyeurs qui manifestent contre les cons\u00e9quences de la d\u00e9nomm\u00e9e mar\u00e9e rouge. On suppose qu\u2019il s\u2019agit d\u2019un ph\u00e9nom\u00e8ne naturel entra\u00een\u00e9 par la prolif\u00e9ration incontr\u00f4l\u00e9e de micro-algues qui contiennent des toxines et qui, consomm\u00e9es par des mollusques et ces derniers, \u00e9ventuellement, par des humains, sont potentiellement mortelles.<\/p>\n<p>Diff\u00e9rentes organisations chilotes et nationales mettent en doute le caract\u00e8re naturel du ph\u00e9nom\u00e8ne, consid\u00e9rant que le d\u00e9versement, il y a quelques mois, par les p\u00eacheries industrielles de saumon, de 5 tonnes de d\u00e9chets \u2013 saumons et truites en d\u00e9composition \u2013 qui g\u00e9n\u00e8rent des sulfures hydriques \u00e0 haut risque, aurait alt\u00e9r\u00e9 significativement l\u2019\u00e9cosyst\u00e8me et aurait sinon produit pour le moins aggrav\u00e9 profond\u00e9ment les effets de la mar\u00e9e rouge.<\/p>\n<p>Ce qui se passe actuellement au Chili est loin d\u2019\u00eatre un simple \u00e9pisode et on peut entrevoir, sans crainte de se tromper, que la r\u00e9bellion chilote du mois de mai marquera un point d\u2019inflexion dans l\u2019histoire politique r\u00e9cente de l\u2019archipel. De fa\u00e7on g\u00e9n\u00e9rale, pour expliquer cette manifestation on peut avancer 5 raisons pour lesquelles rien ne sera jamais plus pareil \u00e0 Chilo\u00e9. L\u2019\u00eele sera toujours une \u00eele mais ne sera jamais plus un strict sujet politique, compte tenu de ce que les mobilisations ont mis en \u00e9vidence.<\/p>\n<p class=\"spip\"><strong>Premi\u00e8re raison\u00a0: La collusion de l\u2019\u00c9tat avec les p\u00eacheries industrielles de saumon<\/strong><\/p>\n<p>Durant la crise des p\u00eacheries industrielles du saumon occasionn\u00e9e par le virus ISA, le premier gouvernement de la pr\u00e9sidente Bachelet a fait office de garant pour que les chefs d\u2019entreprises puissent contracter des pr\u00eats aupr\u00e8s de la banque priv\u00e9e pour un total de 450 millions de dollars. Cela additionn\u00e9 \u00e0 d\u2019autres b\u00e9n\u00e9fices mirobolants et des programmes d\u2019aide. C\u2019est ainsi qu\u2019en d\u00e9pit des pr\u00e9judices \u00e9conomiques, sociaux, \u00e9cologiques occasionn\u00e9s par cette crise et sous la pression de l\u2019industrie, en 2011 et 2012, le Syst\u00e8me d\u2019\u00e9valuation d\u2019impact environnemental (SEIA, Sistema de Evaluaci\u00f3n de Impacto Ambiental) de la R\u00e9gion des lacs a remis un rapport favorable de qualification environnementale (RCA) \u00e0 4 projets pour que l\u2019industrie de la p\u00eache puisse augmenter jusqu\u2019\u00e0 16 fois sa production, \u00e0 proximit\u00e9 de Isla Guar, dans le golfe du Seno de Reloncav\u00ed.<\/p>\n<p>\u00c0 cette m\u00eame \u00e9poque, en revanche, le ministre de l\u2019\u00e9conomie offre aux p\u00eacheurs, aux mareyeurs et \u00e0 leurs familles une maigre compensation de 100 000 pesos mensuels pour qu\u2019ils survivent dans des conditions humiliantes. Le ministre Jorge Burgos se moque des r\u00e9clamations des p\u00eacheurs en disant que le gouvernement n\u2019est pas une \u00ab\u00a0planche \u00e0 billet\u00a0\u00bb alors que lui gagne mensuellement 9 millions de pesos en tant que ministre de la d\u00e9fense et que \u2013 ant\u00e9rieurement \u2013 les gouvernements de la Concertation n\u2019ont jamais investigu\u00e9 comment \u00e9taient d\u00e9pens\u00e9s les ressources provenant de la Loi de r\u00e9serve du cuivre (Ley Reservada del Cobre)<span class=\"spip_note_ref\">\u00a0[<a id=\"nh1\" class=\"spip_note\" title=\"Loi qui permet de destiner les fonds de la vente du cuivre, principal\u00a0(...)\" href=\"http:\/\/www.alterinfos.org\/spip.php?article7442#nb1\" rel=\"footnote\">1<\/a>]<\/span>. Dans ce cas la planche \u00e0 billet a fonctionn\u00e9 sans probl\u00e8me pour les diverses branches de l\u2019arm\u00e9e qui ont commis de graves d\u00e9lits de corruption\u00a0: les cas de Milicogate, l\u2019achat des fr\u00e9gates par la Marine, la contrebande d\u2019armes avec la Croatie, le cas des avions Mirages, la constitution d\u2019un patrimoine consid\u00e9rable par l\u2019ancien commandant en chef de l\u2019arm\u00e9e, le g\u00e9n\u00e9ral Juan Miguel Fuente-Alba, pour ne citer que quelques exemples.<\/p>\n<p class=\"spip\"><strong>Deuxi\u00e8me raison\u00a0: Le terrorisme environnemental et la discrimination environnementale<\/strong><\/p>\n<p>En mars, l\u2019\u00c9tat a donn\u00e9 son aval, par le biais de ses institutions \u2013 la Marine et Sernapesca, par exemple \u2013 au d\u00e9versement dans la mer de saumons en d\u00e9composition, fortement toxique. Ce n\u2019est pas tout\u00a0: durant des dizaines d\u2019ann\u00e9es, l\u2019\u00c9tat a accord\u00e9 des concessions aux p\u00eacheries transnationales du saumon qui ont pollu\u00e9 les c\u00f4tes int\u00e9rieures de la province de Chilo\u00e9. Plus encore la mono-pisciculture intensive a pouss\u00e9 \u00e0 l\u2019extr\u00eame les processus de production qui entra\u00eenent une pollution importante pour les c\u00f4tes, les lacs et les fjords. Le Chili est devenu le second producteur et exportateur de saumon dans le monde mais les b\u00e9n\u00e9fices profitent aux multinationales, dans ce cas essentiellement norv\u00e9giennes, tandis que les travailleurs \u2013 majoritairement en sous-traitance \u2013 travaillent dans des conditions pr\u00e9caires. Ici, le milieu naturel est victime d\u2019un terrorisme environnemental et ceux qui y vivent de discrimination environnementale\u00a0: les Huilliche<span class=\"spip_note_ref\">\u00a0[<a id=\"nh2\" class=\"spip_note\" title=\"Un des groupes du peuple mapuche, vivant dans la partie australe du\u00a0(...)\" href=\"http:\/\/www.alterinfos.org\/spip.php?article7442#nb2\" rel=\"footnote\">2<\/a>]<\/span>, leur <i>\u00d1uke Mapu<\/i>(Terre-m\u00e8re) et leur <i>Lafken<\/i> ancestral<span class=\"spip_note_ref\">\u00a0[<a id=\"nh3\" class=\"spip_note\" title=\"En langue mapuche : zone prot\u00e9g\u00e9e de mer et de terre, plant\u00e9e d\u2019alerces\u00a0(...)\" href=\"http:\/\/www.alterinfos.org\/spip.php?article7442#nb3\" rel=\"footnote\">3<\/a>]<\/span>, n\u2019ont droit \u00e0 aucun respect. La situation est identique pour le territoire mapuche historique\u00a0: 70% des d\u00e9charges sont situ\u00e9es sur les terres de leurs communaut\u00e9s. Le terrorisme et la discrimination environnementale sont une violation des droits de la nature, des droits humains et des droits collectifs des peuples indiens.<\/p>\n<p class=\"spip\"><strong>Troisi\u00e8me raison :L\u2019existence d\u2019une d\u00e9mocratie contrainte par la force ou d\u2019une \u00ab\u00a0d\u00e9mocradure\u00a0\u00bb<\/strong><\/p>\n<p>Comme c\u2019est le cas g\u00e9n\u00e9ralement face \u00e0 des revendications sociales, le gouvernement r\u00e9pond par des menaces, que ce soit dans les discours ou dans les actes, refusant de dialoguer, \u00e0 moins que les mobilisations ne s\u2019arr\u00eatent. C\u2019est-\u00e0-dire en privant ainsi les organisations sociales du droit \u00e9l\u00e9mentaire de manifester ou d\u2019exprimer leurs revendications et leurs exigences. Finalement, face \u00e0 la r\u00e9sistance des secteurs mobilis\u00e9s, d\u00e9cid\u00e9s \u00e0 poursuivre leur action, les autorit\u00e9s se voient dans l\u2019obligation d\u2019entamer des n\u00e9gociations \u00e0 des conditions fix\u00e9es par elles. C\u2019est une limitation de la d\u00e9mocratie qui est renforc\u00e9e en m\u00eame temps par l\u2019envoi de contingents de Forces sp\u00e9ciales de carabiniers transport\u00e9s vers l\u2019\u00eele par les avions ou les h\u00e9licopt\u00e8res de l\u2019arm\u00e9e. C\u2019est ce qu\u2019on peut appeler la d\u00e9mocratie contrainte par la force\u00a0: la d\u00e9mocradure.<\/p>\n<p class=\"spip\"><strong>Quatri\u00e8me raison\u00a0: Le r\u00f4le de la communaut\u00e9<\/strong><\/p>\n<p>Une des caract\u00e9ristiques les plus significatives du mouvement social chilote est le r\u00f4le assum\u00e9 par la communaut\u00e9 dans le d\u00e9roulement de la manifestation, la construction du discours et l\u2019activation de la mobilisation, ces jours derniers. \u00c0 l\u2019instar d\u2019autres mouvements en Am\u00e9rique latine c\u2019est une logique plus horizontaliste, moins hi\u00e9rarchis\u00e9e et moins sectaire qui a plut\u00f4t pr\u00e9valu. Ce n\u2019est certes pas une communaut\u00e9 homog\u00e8ne, une sorte de mod\u00e8le id\u00e9al, mais une conjonction de secteurs sociaux, \u00e9conomiques, d\u2019organisations, venant des quartiers, des collines, de la campagne, de la mer, des ports, des villages, qui se r\u00e9unissent dans un espace communautaire et qui, soit se sont affirm\u00e9s, soit tentent de s\u2019affirmer en tant que communaut\u00e9 identitaire, culturelle, sociale, gr\u00e2ce \u00e0 des revendications communes. La communaut\u00e9 s\u2019est retrouv\u00e9e, a recouvr\u00e9 son \u00e9nergie, sa vision tellurique, sa m\u00e9moire ancestrale. Cela a permis que le mouvement s\u2019\u00e9tende du canal Chacao jusqu\u2019\u00e0 Quell\u00f3n et que les Chilotes aient eu la capacit\u00e9 de bloquer les acc\u00e8s des villages, ce qui a emp\u00each\u00e9 le passage de la police et d\u00e9concert\u00e9 le gouvernement. En outre, la force de mobilisation, qui a \u00e9t\u00e9 bien au-del\u00e0 des demandes de compensations \u00e9conomiques temporaires pour les familles affect\u00e9es par la mar\u00e9e rouge, a discr\u00e9dit\u00e9 un certain dirigeant qui avait n\u00e9goci\u00e9 avec les autorit\u00e9s pour \u00ab\u00a0une poign\u00e9e d\u2019argent sale\u00a0\u00bb, comme il l\u2019a reconnu lui-m\u00eame.<\/p>\n<p class=\"spip\"><strong>Cinqui\u00e8me raison\u00a0: La territorialisation du mouvement et la politisation des revendications<\/strong><\/p>\n<p>Le mouvement chilote a ancr\u00e9 dans un territoire sa revendication et sa mobilisation\u00a0; ce qui veut dire, que non seulement il est pass\u00e9 de la mer \u00e0 la terre, avec la revendication de p\u00eacheurs artisanaux comme d\u00e9clencheur, mais que la revendication a acquis une sp\u00e9cificit\u00e9 chilote. Elle n\u2019est plus seulement une revendication \u00e9conomique, juste et l\u00e9gitime mais elle a gagn\u00e9 en orientation et en contenu politique, pour deux raisons au moins. La premi\u00e8re raison\u00a0: territorialiser les revendications du mouvement implique beaucoup plus que d\u2019\u00e9tendre les mobilisations g\u00e9ographiquement par des coupures de routes, blocus, barricades, manifestations localis\u00e9es. Cela signifie aussi concevoir le territoire comme un espace social qui se construit et auquel on conf\u00e8re une charge culturelle. C\u2019est un espace symbolique, identitaire, qui contient une m\u00e9moire, une histoire, et une possibilit\u00e9 d\u2019avenir collectif. C\u2019est un espace de pouvoir \u00e0 conqu\u00e9rir. Par cons\u00e9quent, le mouvement chilote, qu\u2019il le revendique ou non, qu\u2019il l\u2019explicite ou pas, est un mouvement politique.<\/p>\n<p>La deuxi\u00e8me raison\u00a0: le processus de territorialisation des mouvements en Am\u00e9rique latine s\u2019est manifest\u00e9 fondamentalement \u00e0 partir de la d\u00e9cennie des ann\u00e9es 90 et il est non seulement en relation avec la terre, les peuples originels ou paysans, mais aussi avec la r\u00e9cup\u00e9ration des territoires, que ce soit dans les secteurs ruraux ou urbains. Il se manifeste \u00e9galement de fa\u00e7on embryonnaire au Chilo\u00e9, avec la participation de p\u00eacheurs, de plongeurs, de professeurs, de membres des communaut\u00e9s, de commer\u00e7ants, de professionnels, de r\u00e9coltants d\u2019algues, d\u2019organisations non gouvernementales, de villages et de communes, comme Ancud, Castro, Cucao, Chonchi, Curaco de V\u00e9lez, Achao, Dalcahue, parmi d\u2019autres.<\/p>\n<p>La territorialisation des revendications s\u2019exprime par un ancrage territorial et dans le cadre d\u2019une probl\u00e9matique sp\u00e9cifique\u00a0: la crise environnementale dans l\u2019archipel provoqu\u00e9e par l\u2019industrie du saumon. Mais elle est, en outre, politique car elle remet en question la responsabilit\u00e9 de l\u2019\u00c9tat et le mod\u00e8le \u00e9conomique qui a rendu viable le pillage environnemental.<\/p>\n<p>La politisation des revendications du mouvement chilote se manifeste dans la rue par l\u2019exigence d\u2019un pouvoir territorial m\u00eame si dans le Petitorio de la Mesa Provincial de Chilo\u00e9 (Requ\u00eate de la repr\u00e9sentation provinciale de Chilo\u00e9) les 15 revendications se r\u00e9f\u00e8rent principalement \u00e0 des probl\u00e8mes environnementaux. Le 14<sup class=\"typo_exposants\">e<\/sup> point dit clairement \u00ab\u00a0Nous exigeons que le repr\u00e9sentant que nomme le gouvernement vienne remettre sa r\u00e9ponse \u00e0 Castro, capitale provinciale de l\u2019archipel de Chilo\u00e9\u00a0\u00bb. En d\u2019autres termes le mouvement social de Chilo\u00e9 est en train de se forger une autonomie, avec ou sans autorisation, la mar\u00e9e rouge se transformant en une mar\u00e9e humaine.<\/p>\n<hr class=\"spip\" \/>\n<p>(*) Le D<sup class=\"typo_exposants\">r<\/sup>. <strong>Tito Tricot<\/strong> est sociologue, directeur du Centre d\u2019\u00e9tudes de l\u2019Am\u00e9rique latine et de la Cara\u00efbe (CEALC).<\/p>\n<p>&nbsp;<\/p>\n<p><strong>Notes<\/strong><\/p>\n<\/div>\n<div class=\"texte\" align=\"justify\"><\/div>\n<div class=\"notes\">\n<div id=\"nb1\">\n<p><span class=\"spip_note_ref\">[<a class=\"spip_note\" title=\"Notes 1\" href=\"http:\/\/www.alterinfos.org\/spip.php?article7442#nh1\" rev=\"footnote\">1<\/a>]\u00a0<\/span>Loi qui permet de destiner les fonds de la vente du cuivre, principal produit d\u2019exportation du Chili, \u00e0 l\u2019arm\u00e9e chilienne pour l\u2019achat d\u2019\u00e9quipements et d\u2019armements.<\/p>\n<\/div>\n<div id=\"nb2\">\n<p><span class=\"spip_note_ref\">[<a class=\"spip_note\" title=\"Notes 2\" href=\"http:\/\/www.alterinfos.org\/spip.php?article7442#nh2\" rev=\"footnote\">2<\/a>]\u00a0<\/span>Un des groupes du peuple mapuche, vivant dans la partie australe du Chili.<\/p>\n<\/div>\n<div id=\"nb3\">\n<p><span class=\"spip_note_ref\">[<a class=\"spip_note\" title=\"Notes 3\" href=\"http:\/\/www.alterinfos.org\/spip.php?article7442#nh3\" rev=\"footnote\">3<\/a>]\u00a0<\/span>En langue mapuche\u00a0: zone prot\u00e9g\u00e9e de mer et de terre, plant\u00e9e d\u2019<i>alerces<\/i> (cypr\u00e8s de Patagonie).<\/p>\n<p>&nbsp;<\/p>\n<\/div>\n<p>Source :\u00a0<a href=\"http:\/\/www.alterinfos.org\/spip.php?article7442\">http:\/\/www.alterinfos.org\/spip.php?article7442<\/a><\/p>\n<\/div>\n","protected":false},"excerpt":{"rendered":"<p>Par Tito Tricot\u00a0(*) L\u2019archipel de Chilo\u00e9 est un chapelet d\u2019\u00eelots qui semblent se pr\u00e9cipiter inexorablement dans les profondeurs de la mer. Ou, mieux encore peut-\u00eatre, un lieu o\u00f9 la mer escalade ind\u00e9finiment des escarpements et des for\u00eats anciennes. Un entrelacs&hellip;<\/p>\n","protected":false},"author":926,"featured_media":328466,"comment_status":"closed","ping_status":"closed","sticky":false,"template":"","format":"standard","meta":{"footnotes":""},"categories":[86,97,40,163],"tags":[27788,3550,27791,27895],"class_list":["post-328455","post","type-post","status-publish","format-standard","has-post-thumbnail","hentry","category-amerique-du-sud","category-environnement-et-ecologie","category-international-fr","category-opinion-fr","tag-chiloe","tag-maree-humaine","tag-maree-rouge","tag-mouvement-social"],"yoast_head":"<!-- This site is optimized with the Yoast SEO plugin v27.1.1 - https:\/\/yoast.com\/product\/yoast-seo-wordpress\/ -->\n<title>Chili - De la mar\u00e9e rouge \u00e0 la mar\u00e9e humaine ou cinq raisons du mouvement social de Chilo\u00e9<\/title>\n<meta name=\"description\" content=\"Par Tito Tricot\u00a0(*) L\u2019archipel de Chilo\u00e9 est un chapelet d\u2019\u00eelots qui semblent se pr\u00e9cipiter inexorablement dans les profondeurs de la mer. Ou, mieux\" \/>\n<meta name=\"robots\" content=\"index, follow, max-snippet:-1, max-image-preview:large, max-video-preview:-1\" \/>\n<link rel=\"canonical\" href=\"https:\/\/www.pressenza.com\/fr\/2016\/06\/chili-de-maree-rouge-a-maree-humaine-cinq-raisons-mouvement-social-de-chiloe\/\" \/>\n<meta property=\"og:locale\" content=\"fr_FR\" \/>\n<meta property=\"og:type\" content=\"article\" \/>\n<meta property=\"og:title\" content=\"Chili - De la mar\u00e9e rouge \u00e0 la mar\u00e9e humaine ou cinq raisons du mouvement social de Chilo\u00e9\" \/>\n<meta property=\"og:description\" content=\"Par Tito Tricot\u00a0(*) L\u2019archipel de Chilo\u00e9 est un chapelet d\u2019\u00eelots qui semblent se pr\u00e9cipiter inexorablement dans les profondeurs de la mer. Ou, mieux\" \/>\n<meta property=\"og:url\" content=\"https:\/\/www.pressenza.com\/fr\/2016\/06\/chili-de-maree-rouge-a-maree-humaine-cinq-raisons-mouvement-social-de-chiloe\/\" \/>\n<meta property=\"og:site_name\" content=\"Pressenza\" \/>\n<meta property=\"article:publisher\" content=\"https:\/\/www.facebook.com\/PressenzaItalia\" \/>\n<meta property=\"article:published_time\" content=\"2016-06-11T20:45:23+00:00\" \/>\n<meta property=\"article:modified_time\" content=\"2016-06-11T21:35:09+00:00\" \/>\n<meta property=\"og:image\" content=\"https:\/\/www.pressenza.com\/wp-content\/uploads\/2016\/06\/CHILI-De-la-mar\u00e9e-rouge-\u00e0-la-mar\u00e9e-humaine-ou-cinq-raisons-du-mouvement-social-de-Chilo\u00e9.jpg\" \/>\n\t<meta property=\"og:image:width\" content=\"870\" \/>\n\t<meta property=\"og:image:height\" content=\"500\" \/>\n\t<meta property=\"og:image:type\" content=\"image\/jpeg\" \/>\n<meta name=\"author\" content=\"R\u00e9daction France\" \/>\n<meta name=\"twitter:card\" content=\"summary_large_image\" \/>\n<meta name=\"twitter:creator\" content=\"@PressenzaIPA\" \/>\n<meta name=\"twitter:site\" content=\"@PressenzaIPA\" \/>\n<meta name=\"twitter:label1\" content=\"\u00c9crit par\" \/>\n\t<meta name=\"twitter:data1\" content=\"R\u00e9daction France\" \/>\n\t<meta name=\"twitter:label2\" content=\"Dur\u00e9e de lecture estim\u00e9e\" \/>\n\t<meta name=\"twitter:data2\" content=\"10 minutes\" \/>\n<script type=\"application\/ld+json\" class=\"yoast-schema-graph\">{\"@context\":\"https:\/\/schema.org\",\"@graph\":[{\"@type\":\"Article\",\"@id\":\"https:\/\/www.pressenza.com\/fr\/2016\/06\/chili-de-maree-rouge-a-maree-humaine-cinq-raisons-mouvement-social-de-chiloe\/#article\",\"isPartOf\":{\"@id\":\"https:\/\/www.pressenza.com\/fr\/2016\/06\/chili-de-maree-rouge-a-maree-humaine-cinq-raisons-mouvement-social-de-chiloe\/\"},\"author\":{\"name\":\"R\u00e9daction France\",\"@id\":\"https:\/\/www.pressenza.com\/fr\/#\/schema\/person\/3c9fe6670cc2cffbd37562f87b98e869\"},\"headline\":\"Chili &#8211; De la mar\u00e9e rouge \u00e0 la mar\u00e9e humaine ou cinq raisons du mouvement social de Chilo\u00e9\",\"datePublished\":\"2016-06-11T20:45:23+00:00\",\"dateModified\":\"2016-06-11T21:35:09+00:00\",\"mainEntityOfPage\":{\"@id\":\"https:\/\/www.pressenza.com\/fr\/2016\/06\/chili-de-maree-rouge-a-maree-humaine-cinq-raisons-mouvement-social-de-chiloe\/\"},\"wordCount\":1942,\"publisher\":{\"@id\":\"https:\/\/www.pressenza.com\/fr\/#organization\"},\"image\":{\"@id\":\"https:\/\/www.pressenza.com\/fr\/2016\/06\/chili-de-maree-rouge-a-maree-humaine-cinq-raisons-mouvement-social-de-chiloe\/#primaryimage\"},\"thumbnailUrl\":\"https:\/\/www.pressenza.com\/wp-content\/uploads\/2016\/06\/CHILI-De-la-mar\u00e9e-rouge-\u00e0-la-mar\u00e9e-humaine-ou-cinq-raisons-du-mouvement-social-de-Chilo\u00e9.jpg\",\"keywords\":[\"CHILO\u00c9\",\"mar\u00e9e humaine\",\"mar\u00e9e rouge\",\"mouvement social\"],\"articleSection\":[\"Am\u00e9rique du Sud\",\"Ecologie et Environnement\",\"International\",\"Opinion\"],\"inLanguage\":\"fr-FR\"},{\"@type\":\"WebPage\",\"@id\":\"https:\/\/www.pressenza.com\/fr\/2016\/06\/chili-de-maree-rouge-a-maree-humaine-cinq-raisons-mouvement-social-de-chiloe\/\",\"url\":\"https:\/\/www.pressenza.com\/fr\/2016\/06\/chili-de-maree-rouge-a-maree-humaine-cinq-raisons-mouvement-social-de-chiloe\/\",\"name\":\"Chili - De la mar\u00e9e rouge \u00e0 la mar\u00e9e humaine ou cinq raisons du mouvement social de Chilo\u00e9\",\"isPartOf\":{\"@id\":\"https:\/\/www.pressenza.com\/fr\/#website\"},\"primaryImageOfPage\":{\"@id\":\"https:\/\/www.pressenza.com\/fr\/2016\/06\/chili-de-maree-rouge-a-maree-humaine-cinq-raisons-mouvement-social-de-chiloe\/#primaryimage\"},\"image\":{\"@id\":\"https:\/\/www.pressenza.com\/fr\/2016\/06\/chili-de-maree-rouge-a-maree-humaine-cinq-raisons-mouvement-social-de-chiloe\/#primaryimage\"},\"thumbnailUrl\":\"https:\/\/www.pressenza.com\/wp-content\/uploads\/2016\/06\/CHILI-De-la-mar\u00e9e-rouge-\u00e0-la-mar\u00e9e-humaine-ou-cinq-raisons-du-mouvement-social-de-Chilo\u00e9.jpg\",\"datePublished\":\"2016-06-11T20:45:23+00:00\",\"dateModified\":\"2016-06-11T21:35:09+00:00\",\"description\":\"Par Tito Tricot\u00a0(*) L\u2019archipel de Chilo\u00e9 est un chapelet d\u2019\u00eelots qui semblent se pr\u00e9cipiter inexorablement dans les profondeurs de la mer. Ou, mieux\",\"breadcrumb\":{\"@id\":\"https:\/\/www.pressenza.com\/fr\/2016\/06\/chili-de-maree-rouge-a-maree-humaine-cinq-raisons-mouvement-social-de-chiloe\/#breadcrumb\"},\"inLanguage\":\"fr-FR\",\"potentialAction\":[{\"@type\":\"ReadAction\",\"target\":[\"https:\/\/www.pressenza.com\/fr\/2016\/06\/chili-de-maree-rouge-a-maree-humaine-cinq-raisons-mouvement-social-de-chiloe\/\"]}]},{\"@type\":\"ImageObject\",\"inLanguage\":\"fr-FR\",\"@id\":\"https:\/\/www.pressenza.com\/fr\/2016\/06\/chili-de-maree-rouge-a-maree-humaine-cinq-raisons-mouvement-social-de-chiloe\/#primaryimage\",\"url\":\"https:\/\/www.pressenza.com\/wp-content\/uploads\/2016\/06\/CHILI-De-la-mar\u00e9e-rouge-\u00e0-la-mar\u00e9e-humaine-ou-cinq-raisons-du-mouvement-social-de-Chilo\u00e9.jpg\",\"contentUrl\":\"https:\/\/www.pressenza.com\/wp-content\/uploads\/2016\/06\/CHILI-De-la-mar\u00e9e-rouge-\u00e0-la-mar\u00e9e-humaine-ou-cinq-raisons-du-mouvement-social-de-Chilo\u00e9.jpg\",\"width\":870,\"height\":500},{\"@type\":\"BreadcrumbList\",\"@id\":\"https:\/\/www.pressenza.com\/fr\/2016\/06\/chili-de-maree-rouge-a-maree-humaine-cinq-raisons-mouvement-social-de-chiloe\/#breadcrumb\",\"itemListElement\":[{\"@type\":\"ListItem\",\"position\":1,\"name\":\"Accueil\",\"item\":\"https:\/\/www.pressenza.com\/fr\/\"},{\"@type\":\"ListItem\",\"position\":2,\"name\":\"Chili &#8211; De la mar\u00e9e rouge \u00e0 la mar\u00e9e humaine ou cinq raisons du mouvement social de Chilo\u00e9\"}]},{\"@type\":\"WebSite\",\"@id\":\"https:\/\/www.pressenza.com\/fr\/#website\",\"url\":\"https:\/\/www.pressenza.com\/fr\/\",\"name\":\"Pressenza\",\"description\":\"International Press Agency\",\"publisher\":{\"@id\":\"https:\/\/www.pressenza.com\/fr\/#organization\"},\"potentialAction\":[{\"@type\":\"SearchAction\",\"target\":{\"@type\":\"EntryPoint\",\"urlTemplate\":\"https:\/\/www.pressenza.com\/fr\/?s={search_term_string}\"},\"query-input\":{\"@type\":\"PropertyValueSpecification\",\"valueRequired\":true,\"valueName\":\"search_term_string\"}}],\"inLanguage\":\"fr-FR\"},{\"@type\":\"Organization\",\"@id\":\"https:\/\/www.pressenza.com\/fr\/#organization\",\"name\":\"Pressenza\",\"url\":\"https:\/\/www.pressenza.com\/fr\/\",\"logo\":{\"@type\":\"ImageObject\",\"inLanguage\":\"fr-FR\",\"@id\":\"https:\/\/www.pressenza.com\/fr\/#\/schema\/logo\/image\/\",\"url\":\"https:\/\/www.pressenza.com\/wp-content\/uploads\/2022\/10\/pressenza_logo_200x200.jpg\",\"contentUrl\":\"https:\/\/www.pressenza.com\/wp-content\/uploads\/2022\/10\/pressenza_logo_200x200.jpg\",\"width\":200,\"height\":200,\"caption\":\"Pressenza\"},\"image\":{\"@id\":\"https:\/\/www.pressenza.com\/fr\/#\/schema\/logo\/image\/\"},\"sameAs\":[\"https:\/\/www.facebook.com\/PressenzaItalia\",\"https:\/\/x.com\/PressenzaIPA\"]},{\"@type\":\"Person\",\"@id\":\"https:\/\/www.pressenza.com\/fr\/#\/schema\/person\/3c9fe6670cc2cffbd37562f87b98e869\",\"name\":\"R\u00e9daction France\",\"description\":\"News published by the Pressenza bureau in France\",\"sameAs\":[\"http:\/\/www.pressenza.com\/fr\"],\"url\":\"https:\/\/www.pressenza.com\/fr\/author\/redactionfrance\/\"}]}<\/script>\n<!-- \/ Yoast SEO plugin. -->","yoast_head_json":{"title":"Chili - De la mar\u00e9e rouge \u00e0 la mar\u00e9e humaine ou cinq raisons du mouvement social de Chilo\u00e9","description":"Par Tito Tricot\u00a0(*) L\u2019archipel de Chilo\u00e9 est un chapelet d\u2019\u00eelots qui semblent se pr\u00e9cipiter inexorablement dans les profondeurs de la mer. Ou, mieux","robots":{"index":"index","follow":"follow","max-snippet":"max-snippet:-1","max-image-preview":"max-image-preview:large","max-video-preview":"max-video-preview:-1"},"canonical":"https:\/\/www.pressenza.com\/fr\/2016\/06\/chili-de-maree-rouge-a-maree-humaine-cinq-raisons-mouvement-social-de-chiloe\/","og_locale":"fr_FR","og_type":"article","og_title":"Chili - De la mar\u00e9e rouge \u00e0 la mar\u00e9e humaine ou cinq raisons du mouvement social de Chilo\u00e9","og_description":"Par Tito Tricot\u00a0(*) L\u2019archipel de Chilo\u00e9 est un chapelet d\u2019\u00eelots qui semblent se pr\u00e9cipiter inexorablement dans les profondeurs de la mer. Ou, mieux","og_url":"https:\/\/www.pressenza.com\/fr\/2016\/06\/chili-de-maree-rouge-a-maree-humaine-cinq-raisons-mouvement-social-de-chiloe\/","og_site_name":"Pressenza","article_publisher":"https:\/\/www.facebook.com\/PressenzaItalia","article_published_time":"2016-06-11T20:45:23+00:00","article_modified_time":"2016-06-11T21:35:09+00:00","og_image":[{"width":870,"height":500,"url":"https:\/\/www.pressenza.com\/wp-content\/uploads\/2016\/06\/CHILI-De-la-mar\u00e9e-rouge-\u00e0-la-mar\u00e9e-humaine-ou-cinq-raisons-du-mouvement-social-de-Chilo\u00e9.jpg","type":"image\/jpeg"}],"author":"R\u00e9daction France","twitter_card":"summary_large_image","twitter_creator":"@PressenzaIPA","twitter_site":"@PressenzaIPA","twitter_misc":{"\u00c9crit par":"R\u00e9daction France","Dur\u00e9e de lecture estim\u00e9e":"10 minutes"},"schema":{"@context":"https:\/\/schema.org","@graph":[{"@type":"Article","@id":"https:\/\/www.pressenza.com\/fr\/2016\/06\/chili-de-maree-rouge-a-maree-humaine-cinq-raisons-mouvement-social-de-chiloe\/#article","isPartOf":{"@id":"https:\/\/www.pressenza.com\/fr\/2016\/06\/chili-de-maree-rouge-a-maree-humaine-cinq-raisons-mouvement-social-de-chiloe\/"},"author":{"name":"R\u00e9daction France","@id":"https:\/\/www.pressenza.com\/fr\/#\/schema\/person\/3c9fe6670cc2cffbd37562f87b98e869"},"headline":"Chili &#8211; De la mar\u00e9e rouge \u00e0 la mar\u00e9e humaine ou cinq raisons du mouvement social de Chilo\u00e9","datePublished":"2016-06-11T20:45:23+00:00","dateModified":"2016-06-11T21:35:09+00:00","mainEntityOfPage":{"@id":"https:\/\/www.pressenza.com\/fr\/2016\/06\/chili-de-maree-rouge-a-maree-humaine-cinq-raisons-mouvement-social-de-chiloe\/"},"wordCount":1942,"publisher":{"@id":"https:\/\/www.pressenza.com\/fr\/#organization"},"image":{"@id":"https:\/\/www.pressenza.com\/fr\/2016\/06\/chili-de-maree-rouge-a-maree-humaine-cinq-raisons-mouvement-social-de-chiloe\/#primaryimage"},"thumbnailUrl":"https:\/\/www.pressenza.com\/wp-content\/uploads\/2016\/06\/CHILI-De-la-mar\u00e9e-rouge-\u00e0-la-mar\u00e9e-humaine-ou-cinq-raisons-du-mouvement-social-de-Chilo\u00e9.jpg","keywords":["CHILO\u00c9","mar\u00e9e humaine","mar\u00e9e rouge","mouvement social"],"articleSection":["Am\u00e9rique du Sud","Ecologie et Environnement","International","Opinion"],"inLanguage":"fr-FR"},{"@type":"WebPage","@id":"https:\/\/www.pressenza.com\/fr\/2016\/06\/chili-de-maree-rouge-a-maree-humaine-cinq-raisons-mouvement-social-de-chiloe\/","url":"https:\/\/www.pressenza.com\/fr\/2016\/06\/chili-de-maree-rouge-a-maree-humaine-cinq-raisons-mouvement-social-de-chiloe\/","name":"Chili - De la mar\u00e9e rouge \u00e0 la mar\u00e9e humaine ou cinq raisons du mouvement social de Chilo\u00e9","isPartOf":{"@id":"https:\/\/www.pressenza.com\/fr\/#website"},"primaryImageOfPage":{"@id":"https:\/\/www.pressenza.com\/fr\/2016\/06\/chili-de-maree-rouge-a-maree-humaine-cinq-raisons-mouvement-social-de-chiloe\/#primaryimage"},"image":{"@id":"https:\/\/www.pressenza.com\/fr\/2016\/06\/chili-de-maree-rouge-a-maree-humaine-cinq-raisons-mouvement-social-de-chiloe\/#primaryimage"},"thumbnailUrl":"https:\/\/www.pressenza.com\/wp-content\/uploads\/2016\/06\/CHILI-De-la-mar\u00e9e-rouge-\u00e0-la-mar\u00e9e-humaine-ou-cinq-raisons-du-mouvement-social-de-Chilo\u00e9.jpg","datePublished":"2016-06-11T20:45:23+00:00","dateModified":"2016-06-11T21:35:09+00:00","description":"Par Tito Tricot\u00a0(*) L\u2019archipel de Chilo\u00e9 est un chapelet d\u2019\u00eelots qui semblent se pr\u00e9cipiter inexorablement dans les profondeurs de la mer. Ou, mieux","breadcrumb":{"@id":"https:\/\/www.pressenza.com\/fr\/2016\/06\/chili-de-maree-rouge-a-maree-humaine-cinq-raisons-mouvement-social-de-chiloe\/#breadcrumb"},"inLanguage":"fr-FR","potentialAction":[{"@type":"ReadAction","target":["https:\/\/www.pressenza.com\/fr\/2016\/06\/chili-de-maree-rouge-a-maree-humaine-cinq-raisons-mouvement-social-de-chiloe\/"]}]},{"@type":"ImageObject","inLanguage":"fr-FR","@id":"https:\/\/www.pressenza.com\/fr\/2016\/06\/chili-de-maree-rouge-a-maree-humaine-cinq-raisons-mouvement-social-de-chiloe\/#primaryimage","url":"https:\/\/www.pressenza.com\/wp-content\/uploads\/2016\/06\/CHILI-De-la-mar\u00e9e-rouge-\u00e0-la-mar\u00e9e-humaine-ou-cinq-raisons-du-mouvement-social-de-Chilo\u00e9.jpg","contentUrl":"https:\/\/www.pressenza.com\/wp-content\/uploads\/2016\/06\/CHILI-De-la-mar\u00e9e-rouge-\u00e0-la-mar\u00e9e-humaine-ou-cinq-raisons-du-mouvement-social-de-Chilo\u00e9.jpg","width":870,"height":500},{"@type":"BreadcrumbList","@id":"https:\/\/www.pressenza.com\/fr\/2016\/06\/chili-de-maree-rouge-a-maree-humaine-cinq-raisons-mouvement-social-de-chiloe\/#breadcrumb","itemListElement":[{"@type":"ListItem","position":1,"name":"Accueil","item":"https:\/\/www.pressenza.com\/fr\/"},{"@type":"ListItem","position":2,"name":"Chili &#8211; De la mar\u00e9e rouge \u00e0 la mar\u00e9e humaine ou cinq raisons du mouvement social de Chilo\u00e9"}]},{"@type":"WebSite","@id":"https:\/\/www.pressenza.com\/fr\/#website","url":"https:\/\/www.pressenza.com\/fr\/","name":"Pressenza","description":"International Press Agency","publisher":{"@id":"https:\/\/www.pressenza.com\/fr\/#organization"},"potentialAction":[{"@type":"SearchAction","target":{"@type":"EntryPoint","urlTemplate":"https:\/\/www.pressenza.com\/fr\/?s={search_term_string}"},"query-input":{"@type":"PropertyValueSpecification","valueRequired":true,"valueName":"search_term_string"}}],"inLanguage":"fr-FR"},{"@type":"Organization","@id":"https:\/\/www.pressenza.com\/fr\/#organization","name":"Pressenza","url":"https:\/\/www.pressenza.com\/fr\/","logo":{"@type":"ImageObject","inLanguage":"fr-FR","@id":"https:\/\/www.pressenza.com\/fr\/#\/schema\/logo\/image\/","url":"https:\/\/www.pressenza.com\/wp-content\/uploads\/2022\/10\/pressenza_logo_200x200.jpg","contentUrl":"https:\/\/www.pressenza.com\/wp-content\/uploads\/2022\/10\/pressenza_logo_200x200.jpg","width":200,"height":200,"caption":"Pressenza"},"image":{"@id":"https:\/\/www.pressenza.com\/fr\/#\/schema\/logo\/image\/"},"sameAs":["https:\/\/www.facebook.com\/PressenzaItalia","https:\/\/x.com\/PressenzaIPA"]},{"@type":"Person","@id":"https:\/\/www.pressenza.com\/fr\/#\/schema\/person\/3c9fe6670cc2cffbd37562f87b98e869","name":"R\u00e9daction France","description":"News published by the Pressenza bureau in France","sameAs":["http:\/\/www.pressenza.com\/fr"],"url":"https:\/\/www.pressenza.com\/fr\/author\/redactionfrance\/"}]}},"place":"Chili","original_article_url":"http:\/\/www.alterinfos.org\/spip.php?article7442","_links":{"self":[{"href":"https:\/\/www.pressenza.com\/fr\/wp-json\/wp\/v2\/posts\/328455","targetHints":{"allow":["GET"]}}],"collection":[{"href":"https:\/\/www.pressenza.com\/fr\/wp-json\/wp\/v2\/posts"}],"about":[{"href":"https:\/\/www.pressenza.com\/fr\/wp-json\/wp\/v2\/types\/post"}],"author":[{"embeddable":true,"href":"https:\/\/www.pressenza.com\/fr\/wp-json\/wp\/v2\/users\/926"}],"replies":[{"embeddable":true,"href":"https:\/\/www.pressenza.com\/fr\/wp-json\/wp\/v2\/comments?post=328455"}],"version-history":[{"count":0,"href":"https:\/\/www.pressenza.com\/fr\/wp-json\/wp\/v2\/posts\/328455\/revisions"}],"wp:featuredmedia":[{"embeddable":true,"href":"https:\/\/www.pressenza.com\/fr\/wp-json\/wp\/v2\/media\/328466"}],"wp:attachment":[{"href":"https:\/\/www.pressenza.com\/fr\/wp-json\/wp\/v2\/media?parent=328455"}],"wp:term":[{"taxonomy":"category","embeddable":true,"href":"https:\/\/www.pressenza.com\/fr\/wp-json\/wp\/v2\/categories?post=328455"},{"taxonomy":"post_tag","embeddable":true,"href":"https:\/\/www.pressenza.com\/fr\/wp-json\/wp\/v2\/tags?post=328455"}],"curies":[{"name":"wp","href":"https:\/\/api.w.org\/{rel}","templated":true}]}}