{"id":328110,"date":"2016-06-12T14:18:10","date_gmt":"2016-06-12T13:18:10","guid":{"rendered":"http:\/\/www.pressenza.com\/fr\/?p=328110"},"modified":"2016-06-13T02:59:47","modified_gmt":"2016-06-13T01:59:47","slug":"appel-aux-associations-citoyennes-participer-la-mobilisation-sociale","status":"publish","type":"post","link":"https:\/\/www.pressenza.com\/fr\/2016\/06\/appel-aux-associations-citoyennes-participer-la-mobilisation-sociale\/","title":{"rendered":"Appel aux associations citoyennes   \u00e0 participer \u00e0 la mobilisation sociale"},"content":{"rendered":"<p align=\"center\"><strong><span style=\"font-size: xx-large;\">Appel aux associations citoyennes\u00a0<\/span><\/strong><\/p>\n<p align=\"center\"><strong><span style=\"font-size: xx-large;\">\u00e0 participer \u00e0 la mobilisation sociale<\/span><\/strong><\/p>\n<h3 align=\"center\"><span style=\"color: #0000ff; font-size: medium;\"><em><a title=\"\" href=\"http:\/\/www.associations-citoyennes.net\/wp-content\/c.php?ec=2&amp;l=enx6uYK2em5s&amp;i=ZGRmnWCVaGpo&amp;t=ZA&amp;e=maabyJXVmqiolcmnndGgq6Ka15aYkZmm&amp;u=m6iq1GqSYK6qp5OTo9WhmsuV2Zqi0aZhx82pprCZ0dCYp2TSlddgdqNtnGhpkg&amp;v=7\" target=\"_blank\"><span style=\"color: #0000ff;\">Pour lire directement sur le site, cliquez ICI<\/span><\/a>\u00a0<\/em><\/span><\/h3>\n<p>&nbsp;<\/p>\n<p align=\"justify\"><b>Une bataille d\u00e9cisive est actuellement men\u00e9e par un ensemble de forces syndicales, politiques et associatives et par de nombreux citoyens<\/b>\u00a0pour s\u2019opposer \u00e0 la loi travail et \u00e0 la remise en cause des libert\u00e9s publiques. Le gouvernement se montre sourd \u00e0 l\u2019opinion publique, aux centaines de milliers de manifestants dans la rue, \u00e0 l\u2019opposition d\u2019une partie de sa propre majorit\u00e9, et installe un \u00e9tat permanent d\u2019exception. Face aux remises en cause du droit et de la d\u00e9mocratie, les manifestations se multiplient. De nombreux d\u00e9bats, qui se d\u00e9veloppent partout en France, renouent avec les racines de l\u2019\u00e9ducation populaire en permettant aux citoyens de s\u2019exprimer et d\u2019\u00e9laborer collectivement des pistes de renouvellement de l\u2019action publique et citoyenne.<\/p>\n<p align=\"justify\">Cette offensive du gouvernement vise, comme l\u2019a indiqu\u00e9 le chef de l\u2019\u00c9tat, \u00e0 \u00ab\u00a0 poser un nouveau mod\u00e8le social\u00a0\u00bb non seulement en France, mais dans de nombreux pays.\u00a0<b>Nous refusons ce mod\u00e8le irresponsable<\/b>\u00a0qui banalise la corruption, financiarise la soci\u00e9t\u00e9, multiplie les in\u00e9galit\u00e9s, pr\u00e9carise les salari\u00e9s et exclut les ch\u00f4meurs. Un mod\u00e8le suicidaire face au d\u00e9r\u00e8glement climatique et au maintien de la paix, qui va \u00e0 l&rsquo;encontre de tout ce que d\u00e9fendent nos associations citoyennes en mati\u00e8re d\u2019\u00e9cologie, de culture, de solidarit\u00e9, d\u2019\u00e9ducation, de participation citoyenne.<\/p>\n<p align=\"justify\"><b>La mise en place par le gouvernement des \u00ab\u00a0Social impact bonds\u00a0\u00bb\u00a0<\/b>(SIB) constitue une manifestation directe de cette volont\u00e9 de financiarisation, \u00e0 travers des montages toxiques pour les collectivit\u00e9s et pour les associations. Elle pr\u00e9tend compenser la\u00a0<b>baisse des financements publics<\/b>, qui s\u2019est amplifi\u00e9e depuis 2014 avec le plan de rigueur et va se poursuivre en 2016, 2017 et bien au-del\u00e0. Ses effets, de plus en plus visibles, se traduisent par l\u2019abandon de tr\u00e8s nombreuses actions de terrain, pourtant indispensables au niveau des quartiers, des territoires ruraux et p\u00e9riurbains. Les licenciements se comptent d\u2019ores et d\u00e9j\u00e0 par milliers, les disparitions d\u2019associations \u00e9galement.<\/p>\n<p>Face \u00e0 cette situation, nul ne peut rester passif ou indiff\u00e9rent. C\u2019est pourquoi\u00a0<b>les signataires appellent les associations citoyennes \u00e0\u00a0:<\/b><\/p>\n<p><b>&#8211; participer massivement \u00e0 la manifestation nationale du 14 juin,<\/b>\u00a0o\u00f9 le Collectif des Associations Citoyennes sera pr\u00e9sent \u00ab\u00a0contre la loi travail, contre les SIB et contre les atteintes aux libert\u00e9s \u00bb et \u00ab\u00a0pour la d\u00e9mocratie, les droits fondamentaux et le vivre ensemble \u00bb,<\/p>\n<p>&#8211;\u00a0<b>r\u00e9pondre \u00e0 la proposition de votation citoyenne<\/b>\u00a0organis\u00e9e par 7 syndicats de salari\u00e9s, d\u2019\u00e9tudiants et de lyc\u00e9ens, en allant sur sur le\u00a0<a title=\"\" href=\"http:\/\/www.associations-citoyennes.net\/wp-content\/c.php?ec=2&amp;l=enx6uYK2em5s&amp;i=ZGRmnWCVaGpo&amp;t=ZA&amp;e=maabyJXVmqiolcmnndGgq6Ka15aYkZmm&amp;u=m6iq1KOdYGamn9GblMObqcenk6ClymKK09iWq6Cj0Y+WnarTqcifpZhd2Keij56Yj4DUmmC3pZXaxZ6j&amp;v=7\" target=\"_blank\"><span style=\"color: #0000ff;\">site de Solidaires ICI<\/span><\/a>,<\/p>\n<p>&#8211;\u00a0<b>faire \u00e9chec \u00e0 la mise en place des \u00ab\u00a0Social Impact Bonds<\/b>\u00a0\u00bb,\u00a0rebaptis\u00e9s \u00ab Contrats \u00e0 Impact Social \u00bb (CIS), et \u00e0 encourager les collectivit\u00e9s publiques, les coordinations, les r\u00e9seaux associatifs et les associations \u00e0 refuser ce cadeau empoisonn\u00e9 et \u00e0\u00a0<b>multiplier les\u00a0<\/b><b>\u00ab territoires sans SIB\u00a0\u00bb<\/b>,<\/p>\n<p>&#8211; demander\u00a0<b>aux collectivit\u00e9s de sauvegarder le niveau de leurs subventions aux associations<\/b>\u00a0et \u00e0\u00a0<b>l\u2019Etat de maintenir sa dotation<\/b>\u00a0<b>aux collectivit\u00e9s\u00a0<\/b>dans le budget 2017.<\/p>\n<div>\n<p align=\"center\"><b><u><a title=\"\" href=\"http:\/\/www.associations-citoyennes.net\/wp-content\/c.php?ec=2&amp;l=enx6uYK2em5s&amp;i=ZGRmnWCVaGpo&amp;t=ZA&amp;e=maabyJXVmqiolcmnndGgq6Ka15aYkZmm&amp;u=m6iq1GqSYJqUk5OhlMOlqpCj15hi&amp;v=7\" target=\"_blank\"><span style=\"color: #0000ff;\">Signez ICI<\/span><\/a><\/u><\/b><b>\u00a0et faites signer largement autour de vous cet appel<\/b><\/p>\n<\/div>\n<p><i>Toutes ces questions seront d\u00e9battues lors des\u00a0<b>rencontres citoyennes estivales du Collectif des Associations Citoyennes<\/b>, du 5 au 7 juillet \u00e0 Rennes, auquel chacun est invit\u00e9 \u00e0 participer (<a href=\"http:\/\/www.associations-citoyennes.net\/wp-content\/c.php?ec=2&amp;l=enx6uYK2em5s&amp;i=ZGRmnWCVaGpo&amp;t=ZA&amp;e=maabyJXVmqiolcmnndGgq6Ka15aYkZmm&amp;u=m6iq1GqSYK6qp5OTo9WhmsuV2Zqi0aZhx82pprCZ0dCYp2TSlddgdqNtnGhglA&amp;v=7\" target=\"_blank\"><span style=\"color: #0000ff;\">Voir ICI<\/span><\/a>).<\/i><\/p>\n<p>&nbsp;<\/p>\n<p><b><\/b><span style=\"font-size: medium;\"><b><span style=\"font-family: Calibri;\">Collectif des Associations Citoyennes<\/span>\u00a0\u00a0<\/b><\/span><\/p>\n<p><span style=\"font-size: medium;\"><span style=\"font-family: Calibri;\">T\u00e9l. : 01 48 07 86 16 ou 07 70 98 78 56<\/span><\/span><\/p>\n<p><span style=\"font-family: Calibri; font-size: medium;\"><a href=\"http:\/\/www.associations-citoyennes.net\/wp-content\/c.php?ec=2&amp;l=enx6uYK2em5s&amp;i=ZGRmnWCVaGpo&amp;t=ZA&amp;e=maabyJXVmqiolcmnndGgq6Ka15aYkZmm&amp;u=m6iq1GqSYK6qp5OTo9WhmsuV2Zqi0aZhx82pprCZ0dCYp2TSldc&amp;v=7\" target=\"_blank\">www.associations-citoyennes.net<\/a><\/span><\/p>\n<p>&nbsp;<\/p>\n","protected":false},"excerpt":{"rendered":"<p>Appel aux associations citoyennes\u00a0 \u00e0 participer \u00e0 la mobilisation sociale Pour lire directement sur le site, cliquez ICI\u00a0 &nbsp; Une bataille d\u00e9cisive est actuellement men\u00e9e par un ensemble de forces syndicales, politiques et associatives et par de nombreux citoyens\u00a0pour s\u2019opposer&hellip;<\/p>\n","protected":false},"author":752,"featured_media":0,"comment_status":"closed","ping_status":"closed","sticky":false,"template":"","format":"standard","meta":{"footnotes":""},"categories":[151,98,85],"tags":[27903,27921,1002,27901,27922],"class_list":["post-328110","post","type-post","status-publish","format-standard","hentry","category-communique-de-presse","category-droits-de-lhomme","category-europe-fr","tag-collectif-des-associations-citoyennes","tag-contrats-a-impact-social","tag-droits-humains","tag-forces-syndicales","tag-social-impact-bonds"],"yoast_head":"<!-- This site is optimized with the Yoast SEO plugin v27.1.1 - https:\/\/yoast.com\/product\/yoast-seo-wordpress\/ -->\n<title>Appel aux associations citoyennes  \u00e0 participer \u00e0 la mobilisation sociale<\/title>\n<meta name=\"description\" content=\"Appel aux associations citoyennes\u00a0 \u00e0 participer \u00e0 la mobilisation sociale Pour lire directement sur le site, cliquez ICI\u00a0 &nbsp; Une bataille d\u00e9cisive est\" \/>\n<meta name=\"robots\" content=\"index, follow, max-snippet:-1, max-image-preview:large, max-video-preview:-1\" \/>\n<link rel=\"canonical\" href=\"https:\/\/www.pressenza.com\/fr\/2016\/06\/appel-aux-associations-citoyennes-participer-la-mobilisation-sociale\/\" \/>\n<meta property=\"og:locale\" content=\"fr_FR\" \/>\n<meta property=\"og:type\" content=\"article\" \/>\n<meta property=\"og:title\" content=\"Appel aux associations citoyennes  \u00e0 participer \u00e0 la mobilisation sociale\" \/>\n<meta property=\"og:description\" content=\"Appel aux associations citoyennes\u00a0 \u00e0 participer \u00e0 la mobilisation sociale Pour lire directement sur le site, cliquez ICI\u00a0 &nbsp; Une bataille d\u00e9cisive est\" \/>\n<meta property=\"og:url\" content=\"https:\/\/www.pressenza.com\/fr\/2016\/06\/appel-aux-associations-citoyennes-participer-la-mobilisation-sociale\/\" \/>\n<meta property=\"og:site_name\" content=\"Pressenza\" \/>\n<meta property=\"article:publisher\" content=\"https:\/\/www.facebook.com\/PressenzaItalia\" \/>\n<meta property=\"article:published_time\" content=\"2016-06-12T13:18:10+00:00\" \/>\n<meta property=\"article:modified_time\" content=\"2016-06-13T01:59:47+00:00\" \/>\n<meta name=\"author\" content=\"R\u00e9daction Paris\" \/>\n<meta name=\"twitter:card\" content=\"summary_large_image\" \/>\n<meta name=\"twitter:creator\" content=\"@PressenzaIPA\" \/>\n<meta name=\"twitter:site\" content=\"@PressenzaIPA\" \/>\n<meta name=\"twitter:label1\" content=\"\u00c9crit par\" \/>\n\t<meta name=\"twitter:data1\" content=\"R\u00e9daction Paris\" \/>\n\t<meta name=\"twitter:label2\" content=\"Dur\u00e9e de lecture estim\u00e9e\" \/>\n\t<meta name=\"twitter:data2\" content=\"3 minutes\" \/>\n<script type=\"application\/ld+json\" class=\"yoast-schema-graph\">{\"@context\":\"https:\/\/schema.org\",\"@graph\":[{\"@type\":\"Article\",\"@id\":\"https:\/\/www.pressenza.com\/fr\/2016\/06\/appel-aux-associations-citoyennes-participer-la-mobilisation-sociale\/#article\",\"isPartOf\":{\"@id\":\"https:\/\/www.pressenza.com\/fr\/2016\/06\/appel-aux-associations-citoyennes-participer-la-mobilisation-sociale\/\"},\"author\":{\"name\":\"R\u00e9daction Paris\",\"@id\":\"https:\/\/www.pressenza.com\/fr\/#\/schema\/person\/5698ef8d4c2a370cbdd59d5b17455af6\"},\"headline\":\"Appel aux associations citoyennes \u00e0 participer \u00e0 la mobilisation sociale\",\"datePublished\":\"2016-06-12T13:18:10+00:00\",\"dateModified\":\"2016-06-13T01:59:47+00:00\",\"mainEntityOfPage\":{\"@id\":\"https:\/\/www.pressenza.com\/fr\/2016\/06\/appel-aux-associations-citoyennes-participer-la-mobilisation-sociale\/\"},\"wordCount\":572,\"publisher\":{\"@id\":\"https:\/\/www.pressenza.com\/fr\/#organization\"},\"keywords\":[\"Collectif des Associations Citoyennes\",\"Contrats \u00e0 Impact Social\",\"Droits humains\",\"forces syndicales\",\"Social Impact Bonds\"],\"articleSection\":[\"Communiqu\u00e9s de Presse\",\"Droits humains\",\"Europe\"],\"inLanguage\":\"fr-FR\"},{\"@type\":\"WebPage\",\"@id\":\"https:\/\/www.pressenza.com\/fr\/2016\/06\/appel-aux-associations-citoyennes-participer-la-mobilisation-sociale\/\",\"url\":\"https:\/\/www.pressenza.com\/fr\/2016\/06\/appel-aux-associations-citoyennes-participer-la-mobilisation-sociale\/\",\"name\":\"Appel aux associations citoyennes \u00e0 participer \u00e0 la mobilisation sociale\",\"isPartOf\":{\"@id\":\"https:\/\/www.pressenza.com\/fr\/#website\"},\"datePublished\":\"2016-06-12T13:18:10+00:00\",\"dateModified\":\"2016-06-13T01:59:47+00:00\",\"description\":\"Appel aux associations citoyennes\u00a0 \u00e0 participer \u00e0 la mobilisation sociale Pour lire directement sur le site, cliquez ICI\u00a0 &nbsp; Une bataille d\u00e9cisive est\",\"breadcrumb\":{\"@id\":\"https:\/\/www.pressenza.com\/fr\/2016\/06\/appel-aux-associations-citoyennes-participer-la-mobilisation-sociale\/#breadcrumb\"},\"inLanguage\":\"fr-FR\",\"potentialAction\":[{\"@type\":\"ReadAction\",\"target\":[\"https:\/\/www.pressenza.com\/fr\/2016\/06\/appel-aux-associations-citoyennes-participer-la-mobilisation-sociale\/\"]}]},{\"@type\":\"BreadcrumbList\",\"@id\":\"https:\/\/www.pressenza.com\/fr\/2016\/06\/appel-aux-associations-citoyennes-participer-la-mobilisation-sociale\/#breadcrumb\",\"itemListElement\":[{\"@type\":\"ListItem\",\"position\":1,\"name\":\"Accueil\",\"item\":\"https:\/\/www.pressenza.com\/fr\/\"},{\"@type\":\"ListItem\",\"position\":2,\"name\":\"Appel aux associations citoyennes \u00e0 participer \u00e0 la mobilisation sociale\"}]},{\"@type\":\"WebSite\",\"@id\":\"https:\/\/www.pressenza.com\/fr\/#website\",\"url\":\"https:\/\/www.pressenza.com\/fr\/\",\"name\":\"Pressenza\",\"description\":\"International Press Agency\",\"publisher\":{\"@id\":\"https:\/\/www.pressenza.com\/fr\/#organization\"},\"potentialAction\":[{\"@type\":\"SearchAction\",\"target\":{\"@type\":\"EntryPoint\",\"urlTemplate\":\"https:\/\/www.pressenza.com\/fr\/?s={search_term_string}\"},\"query-input\":{\"@type\":\"PropertyValueSpecification\",\"valueRequired\":true,\"valueName\":\"search_term_string\"}}],\"inLanguage\":\"fr-FR\"},{\"@type\":\"Organization\",\"@id\":\"https:\/\/www.pressenza.com\/fr\/#organization\",\"name\":\"Pressenza\",\"url\":\"https:\/\/www.pressenza.com\/fr\/\",\"logo\":{\"@type\":\"ImageObject\",\"inLanguage\":\"fr-FR\",\"@id\":\"https:\/\/www.pressenza.com\/fr\/#\/schema\/logo\/image\/\",\"url\":\"https:\/\/www.pressenza.com\/wp-content\/uploads\/2022\/10\/pressenza_logo_200x200.jpg\",\"contentUrl\":\"https:\/\/www.pressenza.com\/wp-content\/uploads\/2022\/10\/pressenza_logo_200x200.jpg\",\"width\":200,\"height\":200,\"caption\":\"Pressenza\"},\"image\":{\"@id\":\"https:\/\/www.pressenza.com\/fr\/#\/schema\/logo\/image\/\"},\"sameAs\":[\"https:\/\/www.facebook.com\/PressenzaItalia\",\"https:\/\/x.com\/PressenzaIPA\"]},{\"@type\":\"Person\",\"@id\":\"https:\/\/www.pressenza.com\/fr\/#\/schema\/person\/5698ef8d4c2a370cbdd59d5b17455af6\",\"name\":\"R\u00e9daction Paris\",\"description\":\"News published by the Pressenza bureau in Paris, France\",\"url\":\"https:\/\/www.pressenza.com\/fr\/author\/redaction-paris\/\"}]}<\/script>\n<!-- \/ Yoast SEO plugin. -->","yoast_head_json":{"title":"Appel aux associations citoyennes  \u00e0 participer \u00e0 la mobilisation sociale","description":"Appel aux associations citoyennes\u00a0 \u00e0 participer \u00e0 la mobilisation sociale Pour lire directement sur le site, cliquez ICI\u00a0 &nbsp; Une bataille d\u00e9cisive est","robots":{"index":"index","follow":"follow","max-snippet":"max-snippet:-1","max-image-preview":"max-image-preview:large","max-video-preview":"max-video-preview:-1"},"canonical":"https:\/\/www.pressenza.com\/fr\/2016\/06\/appel-aux-associations-citoyennes-participer-la-mobilisation-sociale\/","og_locale":"fr_FR","og_type":"article","og_title":"Appel aux associations citoyennes  \u00e0 participer \u00e0 la mobilisation sociale","og_description":"Appel aux associations citoyennes\u00a0 \u00e0 participer \u00e0 la mobilisation sociale Pour lire directement sur le site, cliquez ICI\u00a0 &nbsp; Une bataille d\u00e9cisive est","og_url":"https:\/\/www.pressenza.com\/fr\/2016\/06\/appel-aux-associations-citoyennes-participer-la-mobilisation-sociale\/","og_site_name":"Pressenza","article_publisher":"https:\/\/www.facebook.com\/PressenzaItalia","article_published_time":"2016-06-12T13:18:10+00:00","article_modified_time":"2016-06-13T01:59:47+00:00","author":"R\u00e9daction Paris","twitter_card":"summary_large_image","twitter_creator":"@PressenzaIPA","twitter_site":"@PressenzaIPA","twitter_misc":{"\u00c9crit par":"R\u00e9daction Paris","Dur\u00e9e de lecture estim\u00e9e":"3 minutes"},"schema":{"@context":"https:\/\/schema.org","@graph":[{"@type":"Article","@id":"https:\/\/www.pressenza.com\/fr\/2016\/06\/appel-aux-associations-citoyennes-participer-la-mobilisation-sociale\/#article","isPartOf":{"@id":"https:\/\/www.pressenza.com\/fr\/2016\/06\/appel-aux-associations-citoyennes-participer-la-mobilisation-sociale\/"},"author":{"name":"R\u00e9daction Paris","@id":"https:\/\/www.pressenza.com\/fr\/#\/schema\/person\/5698ef8d4c2a370cbdd59d5b17455af6"},"headline":"Appel aux associations citoyennes \u00e0 participer \u00e0 la mobilisation sociale","datePublished":"2016-06-12T13:18:10+00:00","dateModified":"2016-06-13T01:59:47+00:00","mainEntityOfPage":{"@id":"https:\/\/www.pressenza.com\/fr\/2016\/06\/appel-aux-associations-citoyennes-participer-la-mobilisation-sociale\/"},"wordCount":572,"publisher":{"@id":"https:\/\/www.pressenza.com\/fr\/#organization"},"keywords":["Collectif des Associations Citoyennes","Contrats \u00e0 Impact Social","Droits humains","forces syndicales","Social Impact Bonds"],"articleSection":["Communiqu\u00e9s de Presse","Droits humains","Europe"],"inLanguage":"fr-FR"},{"@type":"WebPage","@id":"https:\/\/www.pressenza.com\/fr\/2016\/06\/appel-aux-associations-citoyennes-participer-la-mobilisation-sociale\/","url":"https:\/\/www.pressenza.com\/fr\/2016\/06\/appel-aux-associations-citoyennes-participer-la-mobilisation-sociale\/","name":"Appel aux associations citoyennes \u00e0 participer \u00e0 la mobilisation sociale","isPartOf":{"@id":"https:\/\/www.pressenza.com\/fr\/#website"},"datePublished":"2016-06-12T13:18:10+00:00","dateModified":"2016-06-13T01:59:47+00:00","description":"Appel aux associations citoyennes\u00a0 \u00e0 participer \u00e0 la mobilisation sociale Pour lire directement sur le site, cliquez ICI\u00a0 &nbsp; Une bataille d\u00e9cisive est","breadcrumb":{"@id":"https:\/\/www.pressenza.com\/fr\/2016\/06\/appel-aux-associations-citoyennes-participer-la-mobilisation-sociale\/#breadcrumb"},"inLanguage":"fr-FR","potentialAction":[{"@type":"ReadAction","target":["https:\/\/www.pressenza.com\/fr\/2016\/06\/appel-aux-associations-citoyennes-participer-la-mobilisation-sociale\/"]}]},{"@type":"BreadcrumbList","@id":"https:\/\/www.pressenza.com\/fr\/2016\/06\/appel-aux-associations-citoyennes-participer-la-mobilisation-sociale\/#breadcrumb","itemListElement":[{"@type":"ListItem","position":1,"name":"Accueil","item":"https:\/\/www.pressenza.com\/fr\/"},{"@type":"ListItem","position":2,"name":"Appel aux associations citoyennes \u00e0 participer \u00e0 la mobilisation sociale"}]},{"@type":"WebSite","@id":"https:\/\/www.pressenza.com\/fr\/#website","url":"https:\/\/www.pressenza.com\/fr\/","name":"Pressenza","description":"International Press Agency","publisher":{"@id":"https:\/\/www.pressenza.com\/fr\/#organization"},"potentialAction":[{"@type":"SearchAction","target":{"@type":"EntryPoint","urlTemplate":"https:\/\/www.pressenza.com\/fr\/?s={search_term_string}"},"query-input":{"@type":"PropertyValueSpecification","valueRequired":true,"valueName":"search_term_string"}}],"inLanguage":"fr-FR"},{"@type":"Organization","@id":"https:\/\/www.pressenza.com\/fr\/#organization","name":"Pressenza","url":"https:\/\/www.pressenza.com\/fr\/","logo":{"@type":"ImageObject","inLanguage":"fr-FR","@id":"https:\/\/www.pressenza.com\/fr\/#\/schema\/logo\/image\/","url":"https:\/\/www.pressenza.com\/wp-content\/uploads\/2022\/10\/pressenza_logo_200x200.jpg","contentUrl":"https:\/\/www.pressenza.com\/wp-content\/uploads\/2022\/10\/pressenza_logo_200x200.jpg","width":200,"height":200,"caption":"Pressenza"},"image":{"@id":"https:\/\/www.pressenza.com\/fr\/#\/schema\/logo\/image\/"},"sameAs":["https:\/\/www.facebook.com\/PressenzaItalia","https:\/\/x.com\/PressenzaIPA"]},{"@type":"Person","@id":"https:\/\/www.pressenza.com\/fr\/#\/schema\/person\/5698ef8d4c2a370cbdd59d5b17455af6","name":"R\u00e9daction Paris","description":"News published by the Pressenza bureau in Paris, France","url":"https:\/\/www.pressenza.com\/fr\/author\/redaction-paris\/"}]}},"place":"Paris","original_article_url":"http:\/\/www.associations-citoyennes.net\/","_links":{"self":[{"href":"https:\/\/www.pressenza.com\/fr\/wp-json\/wp\/v2\/posts\/328110","targetHints":{"allow":["GET"]}}],"collection":[{"href":"https:\/\/www.pressenza.com\/fr\/wp-json\/wp\/v2\/posts"}],"about":[{"href":"https:\/\/www.pressenza.com\/fr\/wp-json\/wp\/v2\/types\/post"}],"author":[{"embeddable":true,"href":"https:\/\/www.pressenza.com\/fr\/wp-json\/wp\/v2\/users\/752"}],"replies":[{"embeddable":true,"href":"https:\/\/www.pressenza.com\/fr\/wp-json\/wp\/v2\/comments?post=328110"}],"version-history":[{"count":0,"href":"https:\/\/www.pressenza.com\/fr\/wp-json\/wp\/v2\/posts\/328110\/revisions"}],"wp:attachment":[{"href":"https:\/\/www.pressenza.com\/fr\/wp-json\/wp\/v2\/media?parent=328110"}],"wp:term":[{"taxonomy":"category","embeddable":true,"href":"https:\/\/www.pressenza.com\/fr\/wp-json\/wp\/v2\/categories?post=328110"},{"taxonomy":"post_tag","embeddable":true,"href":"https:\/\/www.pressenza.com\/fr\/wp-json\/wp\/v2\/tags?post=328110"}],"curies":[{"name":"wp","href":"https:\/\/api.w.org\/{rel}","templated":true}]}}