{"id":325177,"date":"2016-06-02T21:59:26","date_gmt":"2016-06-02T20:59:26","guid":{"rendered":"http:\/\/www.pressenza.com\/fr\/?p=325177"},"modified":"2016-06-03T20:56:38","modified_gmt":"2016-06-03T19:56:38","slug":"tawakkol-karman-laureate-du-nobel-de-la-paix-2011","status":"publish","type":"post","link":"https:\/\/www.pressenza.com\/fr\/2016\/06\/tawakkol-karman-laureate-du-nobel-de-la-paix-2011\/","title":{"rendered":"Tawakkol Karman, laur\u00e9ate du Nobel de la Paix 2011"},"content":{"rendered":"<p><strong>Par : \u00a0Harold Hyman et St\u00e9phanie Petit. \u00a0Opinion Internationale<\/strong><\/p>\n<div class=\"entry-content\">\n<p><strong>\u00c0 cette cinqui\u00e8me \u00e9dition de la Conf\u00e9rence interreligieuse du Kosovo \u2013 Interfaith Kosovo \u2013 consacr\u00e9e \u00e0 la violence extr\u00e9miste contre les femmes,\u00a0Tawakkol Karman\u00a0a pris la parole pour d\u00e9noncer le mus\u00e8lement de la presse dans le monde arabe et, implicitement, en \u00c9gypte. La connaissance, la lutte contre la corruption et la d\u00e9mocratie sont les rem\u00e8des contre la mont\u00e9e du terrorisme qui se pr\u00e9tend islamique.<\/strong><\/p>\n<\/div>\n<p><a href=\"https:\/\/youtu.be\/KZv7wrPayaQ\">https:\/\/youtu.be\/KZv7wrPayaQ<\/a><\/p>\n<p>On ne l\u2019avait pas vue ces derniers temps, et pour cause\u00a0: les printemps arabes prennent fin. Sauf en Tunisie. Tawakkol Karman \u00e9tait la pasionaria du Y\u00e9men. D\u00e8s la fin 2010, elle a vibr\u00e9 pour le changement, qui passerait n\u00e9cessairement pas le renversement du pr\u00e9sident Ali Abdallah Saleh. Journaliste engag\u00e9e, elle s\u2019est montr\u00e9e anticonformiste dans une soci\u00e9t\u00e9 patriarcale. Elle a d\u00e9nonc\u00e9 la censure du r\u00e9gime, exprimant son souhait de voir la politique de son pays se transformer sous les couleurs du parti Islah, la R\u00e9forme, dont une branche est affili\u00e9e aux Fr\u00e8res musulmans \u2013 ce n\u2019est pas le cas, semble-t-il, de la branche de madame Karman. Lorsqu\u2019en 2012 les mouvements intellectuels et progressistes ont commenc\u00e9 \u00e0 c\u00e9der le pas \u00e0 un d\u00e9but de guerre civile, madame Karman avait d\u00e9j\u00e0 re\u00e7u le prix Nobel de la paix 2011, conjointement avec deux autres femmes fortes\u00a0: Ellen Johnson Sirleaf et Leymah Gbowee du Liberia. Elle a tent\u00e9 de naviguer dans le mar\u00e9cage de la politique, en \u00c9gypte comme au Y\u00e9men\u00a0: elle a appuy\u00e9 le renversement de Hosni Moubarak, critiqu\u00e9 Mohammed Morsi avant de s\u2019opposer au nouveau r\u00e9gime anti-Fr\u00e8res musulmans.<\/p>\n<div class=\"entry-content\">\n<p>Toujours attach\u00e9e \u00e0 la lib\u00e9ration des femmes dans son pays, elle refuse de voiler son visage depuis d\u00e9j\u00e0 quinze ans. Elle a fond\u00e9 une association de femmes journalistes et appuy\u00e9 les causes f\u00e9ministes au Y\u00e9men. Ayant d\u00e9nonc\u00e9 les pr\u00e9bendes et autres arrangements \u00e9conomiques des chefs de tribus au pouvoir dans son pays, elle s\u2019est tenue en dehors de la guerre civile y\u00e9m\u00e9nite.<\/p>\n<p>Elle est venue au Kosovo en ce d\u00e9but du mois de juin pour \u00e9voquer l\u2019importance des libert\u00e9s de la presse, et d\u2019expression en g\u00e9n\u00e9ral. B\u00e2illonner l\u2019opposition, dissoudre des partis, voil\u00e0 une recette de violence.\u00a0<em>\u00ab\u00a0Les Arabes adorent la parole. Leur interdire de parler, c\u2019est leur causer une frustration terrible, qui conduit in\u00e9vitablement \u00e0 un extr\u00e9misme violent.\u00a0\u00bb<\/em>\u00a0Les faits en \u00c9gypte semblent lui donner raison\u00a0: le terrorisme s\u2019est amplifi\u00e9 apr\u00e8s l\u2019interdiction des Fr\u00e8res musulmans en 2013. \u00c9videmment, nul ne peut dire si sa logique explique tout. Mais sa carri\u00e8re de journaliste f\u00e9ministe lui donne une l\u00e9gitimit\u00e9 pour d\u00e9noncer les censures dans le monde arabe et le patriarcat tribal dans son propre pays.\u00a0<em>\u00ab\u00a0La r\u00e9volution que j\u2019ai tent\u00e9 de faire \u00e9tait contre les dictateurs et la violence extr\u00e9miste. Je disais aux sceptiques qu\u2019il fallait renverser les dictateurs et instaurer la d\u00e9mocratie, mais les cyniques me disaient que les Occidentaux ne le permettraient pas. J\u2019ai pers\u00e9v\u00e9r\u00e9, mais aujourd\u2019hui je constate que les cyniques avaient raison.\u00a0\u00bb<\/em><\/p>\n<p>D\u00e9\u00e7ue mais encore combative, Tawakkol Karman argumente que l\u2019ignorance religieuse progresse dans une ambiance de censure, qu\u2019il n\u2019y a personne d\u2019honn\u00eate pour parler vrai en mati\u00e8re de religion.<\/p>\n<p>Force est de constater que sa lecture des \u00e9v\u00e8nements dans le monde arabe n\u2019incite pas \u00e0 l\u2019optimisme.<\/p>\n<\/div>\n","protected":false},"excerpt":{"rendered":"<p>Par : \u00a0Harold Hyman et St\u00e9phanie Petit. \u00a0Opinion Internationale \u00c0 cette cinqui\u00e8me \u00e9dition de la Conf\u00e9rence interreligieuse du Kosovo \u2013 Interfaith Kosovo \u2013 consacr\u00e9e \u00e0 la violence extr\u00e9miste contre les femmes,\u00a0Tawakkol Karman\u00a0a pris la parole pour d\u00e9noncer le mus\u00e8lement de&hellip;<\/p>\n","protected":false},"author":752,"featured_media":0,"comment_status":"closed","ping_status":"closed","sticky":false,"template":"","format":"standard","meta":{"footnotes":""},"categories":[85,163,1250],"tags":[4468,298,4536,3320,8613],"class_list":["post-325177","post","type-post","status-publish","format-standard","hentry","category-europe-fr","category-opinion-fr","category-paix-desarmement","tag-kosovo","tag-paix","tag-prix-nobel-de-la-paix","tag-religions","tag-violence-contre-les-femmes"],"yoast_head":"<!-- This site is optimized with the Yoast SEO plugin v27.1.1 - https:\/\/yoast.com\/product\/yoast-seo-wordpress\/ -->\n<title>Tawakkol Karman, laur\u00e9ate du Nobel de la Paix 2011<\/title>\n<meta name=\"description\" content=\"Par : \u00a0Harold Hyman et St\u00e9phanie Petit. \u00a0Opinion Internationale \u00c0 cette cinqui\u00e8me \u00e9dition de la Conf\u00e9rence interreligieuse du Kosovo \u2013 Interfaith Kosovo \u2013\" \/>\n<meta name=\"robots\" content=\"index, follow, max-snippet:-1, max-image-preview:large, max-video-preview:-1\" \/>\n<link rel=\"canonical\" href=\"https:\/\/www.pressenza.com\/fr\/2016\/06\/tawakkol-karman-laureate-du-nobel-de-la-paix-2011\/\" \/>\n<meta property=\"og:locale\" content=\"fr_FR\" \/>\n<meta property=\"og:type\" content=\"article\" \/>\n<meta property=\"og:title\" content=\"Tawakkol Karman, laur\u00e9ate du Nobel de la Paix 2011\" \/>\n<meta property=\"og:description\" content=\"Par : \u00a0Harold Hyman et St\u00e9phanie Petit. \u00a0Opinion Internationale \u00c0 cette cinqui\u00e8me \u00e9dition de la Conf\u00e9rence interreligieuse du Kosovo \u2013 Interfaith Kosovo \u2013\" \/>\n<meta property=\"og:url\" content=\"https:\/\/www.pressenza.com\/fr\/2016\/06\/tawakkol-karman-laureate-du-nobel-de-la-paix-2011\/\" \/>\n<meta property=\"og:site_name\" content=\"Pressenza\" \/>\n<meta property=\"article:publisher\" content=\"https:\/\/www.facebook.com\/PressenzaItalia\" \/>\n<meta property=\"article:published_time\" content=\"2016-06-02T20:59:26+00:00\" \/>\n<meta property=\"article:modified_time\" content=\"2016-06-03T19:56:38+00:00\" \/>\n<meta name=\"author\" content=\"R\u00e9daction Paris\" \/>\n<meta name=\"twitter:card\" content=\"summary_large_image\" \/>\n<meta name=\"twitter:creator\" content=\"@PressenzaIPA\" \/>\n<meta name=\"twitter:site\" content=\"@PressenzaIPA\" \/>\n<meta name=\"twitter:label1\" content=\"\u00c9crit par\" \/>\n\t<meta name=\"twitter:data1\" content=\"R\u00e9daction Paris\" \/>\n\t<meta name=\"twitter:label2\" content=\"Dur\u00e9e de lecture estim\u00e9e\" \/>\n\t<meta name=\"twitter:data2\" content=\"3 minutes\" \/>\n<script type=\"application\/ld+json\" class=\"yoast-schema-graph\">{\"@context\":\"https:\/\/schema.org\",\"@graph\":[{\"@type\":\"Article\",\"@id\":\"https:\/\/www.pressenza.com\/fr\/2016\/06\/tawakkol-karman-laureate-du-nobel-de-la-paix-2011\/#article\",\"isPartOf\":{\"@id\":\"https:\/\/www.pressenza.com\/fr\/2016\/06\/tawakkol-karman-laureate-du-nobel-de-la-paix-2011\/\"},\"author\":{\"name\":\"R\u00e9daction Paris\",\"@id\":\"https:\/\/www.pressenza.com\/fr\/#\/schema\/person\/5698ef8d4c2a370cbdd59d5b17455af6\"},\"headline\":\"Tawakkol Karman, laur\u00e9ate du Nobel de la Paix 2011\",\"datePublished\":\"2016-06-02T20:59:26+00:00\",\"dateModified\":\"2016-06-03T19:56:38+00:00\",\"mainEntityOfPage\":{\"@id\":\"https:\/\/www.pressenza.com\/fr\/2016\/06\/tawakkol-karman-laureate-du-nobel-de-la-paix-2011\/\"},\"wordCount\":613,\"publisher\":{\"@id\":\"https:\/\/www.pressenza.com\/fr\/#organization\"},\"keywords\":[\"Kosovo\",\"Paix\",\"Prix Nobel de la Paix\",\"religions\",\"violence contre les femmes\"],\"articleSection\":[\"Europe\",\"Opinion\",\"Paix et D\u00e9sarmement\"],\"inLanguage\":\"fr-FR\"},{\"@type\":\"WebPage\",\"@id\":\"https:\/\/www.pressenza.com\/fr\/2016\/06\/tawakkol-karman-laureate-du-nobel-de-la-paix-2011\/\",\"url\":\"https:\/\/www.pressenza.com\/fr\/2016\/06\/tawakkol-karman-laureate-du-nobel-de-la-paix-2011\/\",\"name\":\"Tawakkol Karman, laur\u00e9ate du Nobel de la Paix 2011\",\"isPartOf\":{\"@id\":\"https:\/\/www.pressenza.com\/fr\/#website\"},\"datePublished\":\"2016-06-02T20:59:26+00:00\",\"dateModified\":\"2016-06-03T19:56:38+00:00\",\"description\":\"Par : \u00a0Harold Hyman et St\u00e9phanie Petit. \u00a0Opinion Internationale \u00c0 cette cinqui\u00e8me \u00e9dition de la Conf\u00e9rence interreligieuse du Kosovo \u2013 Interfaith Kosovo \u2013\",\"breadcrumb\":{\"@id\":\"https:\/\/www.pressenza.com\/fr\/2016\/06\/tawakkol-karman-laureate-du-nobel-de-la-paix-2011\/#breadcrumb\"},\"inLanguage\":\"fr-FR\",\"potentialAction\":[{\"@type\":\"ReadAction\",\"target\":[\"https:\/\/www.pressenza.com\/fr\/2016\/06\/tawakkol-karman-laureate-du-nobel-de-la-paix-2011\/\"]}]},{\"@type\":\"BreadcrumbList\",\"@id\":\"https:\/\/www.pressenza.com\/fr\/2016\/06\/tawakkol-karman-laureate-du-nobel-de-la-paix-2011\/#breadcrumb\",\"itemListElement\":[{\"@type\":\"ListItem\",\"position\":1,\"name\":\"Accueil\",\"item\":\"https:\/\/www.pressenza.com\/fr\/\"},{\"@type\":\"ListItem\",\"position\":2,\"name\":\"Tawakkol Karman, laur\u00e9ate du Nobel de la Paix 2011\"}]},{\"@type\":\"WebSite\",\"@id\":\"https:\/\/www.pressenza.com\/fr\/#website\",\"url\":\"https:\/\/www.pressenza.com\/fr\/\",\"name\":\"Pressenza\",\"description\":\"International Press Agency\",\"publisher\":{\"@id\":\"https:\/\/www.pressenza.com\/fr\/#organization\"},\"potentialAction\":[{\"@type\":\"SearchAction\",\"target\":{\"@type\":\"EntryPoint\",\"urlTemplate\":\"https:\/\/www.pressenza.com\/fr\/?s={search_term_string}\"},\"query-input\":{\"@type\":\"PropertyValueSpecification\",\"valueRequired\":true,\"valueName\":\"search_term_string\"}}],\"inLanguage\":\"fr-FR\"},{\"@type\":\"Organization\",\"@id\":\"https:\/\/www.pressenza.com\/fr\/#organization\",\"name\":\"Pressenza\",\"url\":\"https:\/\/www.pressenza.com\/fr\/\",\"logo\":{\"@type\":\"ImageObject\",\"inLanguage\":\"fr-FR\",\"@id\":\"https:\/\/www.pressenza.com\/fr\/#\/schema\/logo\/image\/\",\"url\":\"https:\/\/www.pressenza.com\/wp-content\/uploads\/2022\/10\/pressenza_logo_200x200.jpg\",\"contentUrl\":\"https:\/\/www.pressenza.com\/wp-content\/uploads\/2022\/10\/pressenza_logo_200x200.jpg\",\"width\":200,\"height\":200,\"caption\":\"Pressenza\"},\"image\":{\"@id\":\"https:\/\/www.pressenza.com\/fr\/#\/schema\/logo\/image\/\"},\"sameAs\":[\"https:\/\/www.facebook.com\/PressenzaItalia\",\"https:\/\/x.com\/PressenzaIPA\"]},{\"@type\":\"Person\",\"@id\":\"https:\/\/www.pressenza.com\/fr\/#\/schema\/person\/5698ef8d4c2a370cbdd59d5b17455af6\",\"name\":\"R\u00e9daction Paris\",\"description\":\"News published by the Pressenza bureau in Paris, France\",\"url\":\"https:\/\/www.pressenza.com\/fr\/author\/redaction-paris\/\"}]}<\/script>\n<!-- \/ Yoast SEO plugin. -->","yoast_head_json":{"title":"Tawakkol Karman, laur\u00e9ate du Nobel de la Paix 2011","description":"Par : \u00a0Harold Hyman et St\u00e9phanie Petit. \u00a0Opinion Internationale \u00c0 cette cinqui\u00e8me \u00e9dition de la Conf\u00e9rence interreligieuse du Kosovo \u2013 Interfaith Kosovo \u2013","robots":{"index":"index","follow":"follow","max-snippet":"max-snippet:-1","max-image-preview":"max-image-preview:large","max-video-preview":"max-video-preview:-1"},"canonical":"https:\/\/www.pressenza.com\/fr\/2016\/06\/tawakkol-karman-laureate-du-nobel-de-la-paix-2011\/","og_locale":"fr_FR","og_type":"article","og_title":"Tawakkol Karman, laur\u00e9ate du Nobel de la Paix 2011","og_description":"Par : \u00a0Harold Hyman et St\u00e9phanie Petit. \u00a0Opinion Internationale \u00c0 cette cinqui\u00e8me \u00e9dition de la Conf\u00e9rence interreligieuse du Kosovo \u2013 Interfaith Kosovo \u2013","og_url":"https:\/\/www.pressenza.com\/fr\/2016\/06\/tawakkol-karman-laureate-du-nobel-de-la-paix-2011\/","og_site_name":"Pressenza","article_publisher":"https:\/\/www.facebook.com\/PressenzaItalia","article_published_time":"2016-06-02T20:59:26+00:00","article_modified_time":"2016-06-03T19:56:38+00:00","author":"R\u00e9daction Paris","twitter_card":"summary_large_image","twitter_creator":"@PressenzaIPA","twitter_site":"@PressenzaIPA","twitter_misc":{"\u00c9crit par":"R\u00e9daction Paris","Dur\u00e9e de lecture estim\u00e9e":"3 minutes"},"schema":{"@context":"https:\/\/schema.org","@graph":[{"@type":"Article","@id":"https:\/\/www.pressenza.com\/fr\/2016\/06\/tawakkol-karman-laureate-du-nobel-de-la-paix-2011\/#article","isPartOf":{"@id":"https:\/\/www.pressenza.com\/fr\/2016\/06\/tawakkol-karman-laureate-du-nobel-de-la-paix-2011\/"},"author":{"name":"R\u00e9daction Paris","@id":"https:\/\/www.pressenza.com\/fr\/#\/schema\/person\/5698ef8d4c2a370cbdd59d5b17455af6"},"headline":"Tawakkol Karman, laur\u00e9ate du Nobel de la Paix 2011","datePublished":"2016-06-02T20:59:26+00:00","dateModified":"2016-06-03T19:56:38+00:00","mainEntityOfPage":{"@id":"https:\/\/www.pressenza.com\/fr\/2016\/06\/tawakkol-karman-laureate-du-nobel-de-la-paix-2011\/"},"wordCount":613,"publisher":{"@id":"https:\/\/www.pressenza.com\/fr\/#organization"},"keywords":["Kosovo","Paix","Prix Nobel de la Paix","religions","violence contre les femmes"],"articleSection":["Europe","Opinion","Paix et D\u00e9sarmement"],"inLanguage":"fr-FR"},{"@type":"WebPage","@id":"https:\/\/www.pressenza.com\/fr\/2016\/06\/tawakkol-karman-laureate-du-nobel-de-la-paix-2011\/","url":"https:\/\/www.pressenza.com\/fr\/2016\/06\/tawakkol-karman-laureate-du-nobel-de-la-paix-2011\/","name":"Tawakkol Karman, laur\u00e9ate du Nobel de la Paix 2011","isPartOf":{"@id":"https:\/\/www.pressenza.com\/fr\/#website"},"datePublished":"2016-06-02T20:59:26+00:00","dateModified":"2016-06-03T19:56:38+00:00","description":"Par : \u00a0Harold Hyman et St\u00e9phanie Petit. \u00a0Opinion Internationale \u00c0 cette cinqui\u00e8me \u00e9dition de la Conf\u00e9rence interreligieuse du Kosovo \u2013 Interfaith Kosovo \u2013","breadcrumb":{"@id":"https:\/\/www.pressenza.com\/fr\/2016\/06\/tawakkol-karman-laureate-du-nobel-de-la-paix-2011\/#breadcrumb"},"inLanguage":"fr-FR","potentialAction":[{"@type":"ReadAction","target":["https:\/\/www.pressenza.com\/fr\/2016\/06\/tawakkol-karman-laureate-du-nobel-de-la-paix-2011\/"]}]},{"@type":"BreadcrumbList","@id":"https:\/\/www.pressenza.com\/fr\/2016\/06\/tawakkol-karman-laureate-du-nobel-de-la-paix-2011\/#breadcrumb","itemListElement":[{"@type":"ListItem","position":1,"name":"Accueil","item":"https:\/\/www.pressenza.com\/fr\/"},{"@type":"ListItem","position":2,"name":"Tawakkol Karman, laur\u00e9ate du Nobel de la Paix 2011"}]},{"@type":"WebSite","@id":"https:\/\/www.pressenza.com\/fr\/#website","url":"https:\/\/www.pressenza.com\/fr\/","name":"Pressenza","description":"International Press Agency","publisher":{"@id":"https:\/\/www.pressenza.com\/fr\/#organization"},"potentialAction":[{"@type":"SearchAction","target":{"@type":"EntryPoint","urlTemplate":"https:\/\/www.pressenza.com\/fr\/?s={search_term_string}"},"query-input":{"@type":"PropertyValueSpecification","valueRequired":true,"valueName":"search_term_string"}}],"inLanguage":"fr-FR"},{"@type":"Organization","@id":"https:\/\/www.pressenza.com\/fr\/#organization","name":"Pressenza","url":"https:\/\/www.pressenza.com\/fr\/","logo":{"@type":"ImageObject","inLanguage":"fr-FR","@id":"https:\/\/www.pressenza.com\/fr\/#\/schema\/logo\/image\/","url":"https:\/\/www.pressenza.com\/wp-content\/uploads\/2022\/10\/pressenza_logo_200x200.jpg","contentUrl":"https:\/\/www.pressenza.com\/wp-content\/uploads\/2022\/10\/pressenza_logo_200x200.jpg","width":200,"height":200,"caption":"Pressenza"},"image":{"@id":"https:\/\/www.pressenza.com\/fr\/#\/schema\/logo\/image\/"},"sameAs":["https:\/\/www.facebook.com\/PressenzaItalia","https:\/\/x.com\/PressenzaIPA"]},{"@type":"Person","@id":"https:\/\/www.pressenza.com\/fr\/#\/schema\/person\/5698ef8d4c2a370cbdd59d5b17455af6","name":"R\u00e9daction Paris","description":"News published by the Pressenza bureau in Paris, France","url":"https:\/\/www.pressenza.com\/fr\/author\/redaction-paris\/"}]}},"place":"Kosovo ,","original_article_url":"https:\/\/www.opinion-internationale.com\/2016\/06\/02\/tawakkol-karman-laureate-du-nobel-de-l","_links":{"self":[{"href":"https:\/\/www.pressenza.com\/fr\/wp-json\/wp\/v2\/posts\/325177","targetHints":{"allow":["GET"]}}],"collection":[{"href":"https:\/\/www.pressenza.com\/fr\/wp-json\/wp\/v2\/posts"}],"about":[{"href":"https:\/\/www.pressenza.com\/fr\/wp-json\/wp\/v2\/types\/post"}],"author":[{"embeddable":true,"href":"https:\/\/www.pressenza.com\/fr\/wp-json\/wp\/v2\/users\/752"}],"replies":[{"embeddable":true,"href":"https:\/\/www.pressenza.com\/fr\/wp-json\/wp\/v2\/comments?post=325177"}],"version-history":[{"count":0,"href":"https:\/\/www.pressenza.com\/fr\/wp-json\/wp\/v2\/posts\/325177\/revisions"}],"wp:attachment":[{"href":"https:\/\/www.pressenza.com\/fr\/wp-json\/wp\/v2\/media?parent=325177"}],"wp:term":[{"taxonomy":"category","embeddable":true,"href":"https:\/\/www.pressenza.com\/fr\/wp-json\/wp\/v2\/categories?post=325177"},{"taxonomy":"post_tag","embeddable":true,"href":"https:\/\/www.pressenza.com\/fr\/wp-json\/wp\/v2\/tags?post=325177"}],"curies":[{"name":"wp","href":"https:\/\/api.w.org\/{rel}","templated":true}]}}