{"id":316662,"date":"2016-05-13T15:56:18","date_gmt":"2016-05-13T14:56:18","guid":{"rendered":"http:\/\/www.pressenza.com\/fr\/?p=316662"},"modified":"2016-05-14T03:46:41","modified_gmt":"2016-05-14T02:46:41","slug":"obama-visite-a-hiroshima-geste-vide-de-sens-dun-president-immoral","status":"publish","type":"post","link":"https:\/\/www.pressenza.com\/fr\/2016\/05\/obama-visite-a-hiroshima-geste-vide-de-sens-dun-president-immoral\/","title":{"rendered":"Obama en visite \u00e0 Hiroshima\u00a0: le geste vide de sens d\u2019un pr\u00e9sident immoral"},"content":{"rendered":"<p>Le secr\u00e9taire de presse du pr\u00e9sident des \u00c9tats-Unis a confirm\u00e9 aujourd\u2019hui ce que de nombreux observateurs supposaient depuis plusieurs semaines, c\u2019est-\u00e0-dire que Barack Obama sera le premier pr\u00e9sident des \u00c9tats-Unis \u00e0 visiter le lieu qui a laiss\u00e9 l\u2019une des cicatrices les plus d\u00e9sagr\u00e9ables sur la conscience de l\u2019humanit\u00e9\u00a0: Hiroshima, la premi\u00e8re ville \u00e0 faire l\u2019exp\u00e9rience de la puissance d\u2019une bombe nucl\u00e9aire.<\/p>\n<p>La visite fait suite \u00e0 la pr\u00e9sence, en avril, de John Kerry, son secr\u00e9taire d\u2019\u00c9tat, \u00e0 une r\u00e9union de ministres des Affaires \u00e9trang\u00e8res du G 7.<\/p>\n<p>Malheureusement pour les survivants et pour tous ceux en faveur de la paix et la r\u00e9conciliation mondiale, il n\u2019y aura aucune excuse pour la destruction qui a caus\u00e9 la mort d\u2019environ 140\u00a0000\u00a0personnes, un chiffre qui ne cesse d\u2019augmenter parce que les survivants et leurs descendants sont atteints de maladies radio-induites.<\/p>\n<p>Le gouvernement des \u00c9tats-Unis soutient que la bombe nucl\u00e9aire lanc\u00e9e sur Hiroshima \u00e9tait essentielle pour mettre fin \u00e0 la Deuxi\u00e8me Guerre mondiale, un argument qui est remis en question par beaucoup d\u2019historiens, et de fa\u00e7on plus \u00e9loquente par l\u2019auteur am\u00e9ricain Ward\u00a0Wilson dans son livre intitul\u00e9 \u00ab\u00a0<a href=\"http:\/\/www.rethinkingnuclearweapons.org\/page9\/index.html\">Cinq mythes sur les armes nucl\u00e9aires<\/a>\u00a0\u00bb. Dans ce livre, il explique en quoi l\u2019entr\u00e9e en guerre de l\u2019URSS est une explication plus \u00e9vidente et d\u00e9cisive de la capitulation du Japon.<\/p>\n<p>Le porte-parole d\u2019Obama a tweet\u00e9 que le pr\u00e9sident, au cours de sa visite conjointe avec le premier ministre japonais, Shinzo\u00a0Abe, \u00ab\u00a0ne traitera pas de la d\u00e9cision d\u2019utiliser la bombe atomique&#8230; il pr\u00e9sentera plut\u00f4t une vision prospective ax\u00e9e sur un avenir commun \u00bb.<\/p>\n<p>Il faudra attendre pour conna\u00eetre le sens pr\u00e9cis de ces propos.<\/p>\n<p>Le refus d\u2019apprendre de l\u2019histoire et d\u2019admettre l\u2019horreur humanitaire des armes nucl\u00e9aires et leur inutilit\u00e9 dans les doctrines de s\u00e9curit\u00e9 mondiale, n\u2019est pas bien accueilli par les militants anti-nucl\u00e9aire.<\/p>\n<p>Au moyen de la <a href=\"http:\/\/www.peaceandplanet.org\/dont-let-president-obama-go-to-hiroshima-empty-handed\/\">campagne Paix et Plan\u00e8te<\/a>, qui a r\u00e9uni des dizaines de groupes anti-nucl\u00e9aire et \u00e9cologiques, les militants ont demand\u00e9 au pr\u00e9sident de rencontrer les survivants de la bombe et de les entendre parler de leur v\u00e9cu dans leurs propres mots. Ils demandent aussi que le pr\u00e9sident n\u2019y aille pas avec les mains vides, mais plut\u00f4t avec des propositions s\u00e9rieuses pour mener \u00e0 bien le d\u00e9sarmement nucl\u00e9aire.<\/p>\n<p>C\u2019est dans ce contexte que l\u2019hypocrisie des \u00c9tats-Unis devient \u00e9vidente, car tandis qu\u2019on annon\u00e7ait cette visite, des <a href=\"http:\/\/www.unog.ch\/80256EE600585943\/(httpPages)\/160EB2DDE30CCE6BC1257B10003A81A9?OpenDocument&amp;cntxt=1A2E7&amp;cookielang=fr\">dizaines de pays se r\u00e9unissaient \u00e0 Gen\u00e8ve<\/a> pour \u00e9tudier les mesures juridiques n\u00e9cessaires au d\u00e9sarmement nucl\u00e9aire. Cette r\u00e9union, r\u00e9alis\u00e9e \u00e0 la demande de l\u2019Assembl\u00e9e g\u00e9n\u00e9rale des Nations Unies l\u2019ann\u00e9e derni\u00e8re, a fait face \u00e0 une forte opposition des \u00c9tats-Unis et d\u2019autres \u00c9tats ayant des armes nucl\u00e9aires, et ce, \u00e0 chaque \u00e9tape du processus.<\/p>\n<p>La proposition essentielle qui devra surgir de ces r\u00e9unions, qui se termineront en ao\u00fbt, est un trait\u00e9 interdisant l\u2019utilisation, la possession, le transport, le financement, etc. des armes nucl\u00e9aires. Bien qu\u2019ils ne disposent d\u2019aucun type d\u2019appui de la part des \u00c9tats munis d\u2019armes nucl\u00e9aires et de leurs alli\u00e9s ayant conclu des accords de \u00ab\u00a0partage d\u2019armes nucl\u00e9aires\u00a0\u00bb, comme les pays de l\u2019OTAN, les \u00c9tats qui ne poss\u00e8dent pas d\u2019armes nucl\u00e9aires semblent avoir bien en t\u00eate cette mesure et tout semble indiquer qu\u2019ils sont d\u00e9cid\u00e9s \u00e0 aller de l\u2019avant avec ce trait\u00e9.<\/p>\n<p>Au cours de ces conversations sur les armes nucl\u00e9aires, un pays apr\u00e8s l\u2019autre d\u00e9clare que l\u2019on ne peut pas attendre 70\u00a0ans pour que ces armes soient consid\u00e9r\u00e9es ill\u00e9gales et que le cadre juridique international existant n\u2019est pas assez solide pour mener \u00e0 bien le d\u00e9sarmement. Cent vingt-sept pays se sont prononc\u00e9s en faveur d\u2019une d\u00e9claration faite en Autriche, connue sous le nom d\u2019<a href=\"http:\/\/fr.icanw.org\/engagement-humanitaire\/\">Engagement humanitaire<\/a>, qui invite les pays \u00e0 combler ce vide juridique et \u00e0 n\u00e9gocier un trait\u00e9 interdisant les armes nucl\u00e9aires.<\/p>\n<p>Il y a huit\u00a0ans, le pr\u00e9sident Obama a donn\u00e9 tant d\u2019espoirs au monde. Son attitude fond\u00e9e sur le principe &lsquo;yes, we can&rsquo; \u00ab\u00a0Oui, on peut\u00a0\u00bb a inspir\u00e9 des millions de personnes, et le <a href=\"https:\/\/www.whitehouse.gov\/the-press-office\/remarks-president-barack-obama-prague-delivered\">discours qu\u2019il a prononc\u00e9 \u00e0 Prague<\/a>, dans lequel il cherchait une issue aux armes nucl\u00e9aires, a \u00e9t\u00e9 consid\u00e9r\u00e9 comme un tournant dans l\u2019histoire. Il a m\u00eame re\u00e7u le Prix Nobel de la paix pour ses efforts.<\/p>\n<p>Cependant, nous avons d\u00e9j\u00e0 vu que les belles paroles d\u2019Obama se sont transform\u00e9es en\u00a0:<\/p>\n<ul>\n<li>une mont\u00e9e de la tension avec la Russie, tandis que l\u2019OTAN poursuit son expansion dans les fronti\u00e8res de l\u2019Europe de l\u2019Est et sa militarisation dans cette r\u00e9gion;<\/li>\n<li>un programme de modernisation de l\u2019arsenal nucl\u00e9aire qui, d\u2019apr\u00e8s les pr\u00e9visions, co\u00fbtera mille milliards de dollars au cours des 30\u00a0prochaines ann\u00e9es;<\/li>\n<li>un refus de coop\u00e9rer avec la Russie et la Chine \u00e0 l\u2019\u00e9tablissement d\u2019un trait\u00e9 interdisant les armes dans l\u2019espace;<\/li>\n<li>une attitude belliqueuse au Moyen-Orient accompagn\u00e9e de massacres aveugles de milliers de civils par l\u2019utilisation de drones inhabit\u00e9s;<\/li>\n<li>une politique \u00e9trang\u00e8re vis-\u00e0-vis l\u2019Arabie saoudite qui a men\u00e9 \u00e0 la cr\u00e9ation de l\u2019\u00c9tat islamique;<\/li>\n<li>la guerre en Syrie; et<\/li>\n<li>une crise des r\u00e9fugi\u00e9s en Europe qui ne s\u2019\u00e9tait pas vue depuis la Deuxi\u00e8me Guerre mondiale.<\/li>\n<\/ul>\n<p>Autant nous pouvons admirer les paroles d\u2019Obama concernant les questions raciales en sa qualit\u00e9 de premier pr\u00e9sident afro-am\u00e9ricain des \u00c9tats-Unis, autant nous pouvons constater les efforts qu\u2019il d\u00e9ploie pour fournir des soins de sant\u00e9 universels dans ce pays et les gestes qu\u2019il pose pour normaliser les relations avec Cuba, l\u2019histoire, elle, ne lui sera peut-\u00eatre pas tr\u00e8s favorable.<\/p>\n<p>Apr\u00e8s avoir dit \u00e0 Prague que \u00ab\u00a0les \u00c9tats-Unis, en tant que seule puissance nucl\u00e9aire \u00e0 avoir utilis\u00e9 une arme nucl\u00e9aire, ont la responsabilit\u00e9 morale d\u2019agir\u00a0\u00bb, l\u2019inaction d\u2019Obama au cours des huit derni\u00e8res ann\u00e9es concernant la prise de mesures importantes sur le d\u00e9sarmement nucl\u00e9aire mondial laisse d\u00e9cid\u00e9ment une image absolument immorale de lui.<\/p>\n<p>&nbsp;<\/p>\n<p><em>Traduit de l\u2019espagnol par\u00a0: Silvia Benitez<\/em><\/p>\n<p>&nbsp;<\/p>\n","protected":false},"excerpt":{"rendered":"<p>Le secr\u00e9taire de presse du pr\u00e9sident des \u00c9tats-Unis a confirm\u00e9 aujourd\u2019hui ce que de nombreux observateurs supposaient depuis plusieurs semaines, c\u2019est-\u00e0-dire que Barack Obama sera le premier pr\u00e9sident des \u00c9tats-Unis \u00e0 visiter le lieu qui a laiss\u00e9 l\u2019une des cicatrices&hellip;<\/p>\n","protected":false},"author":6,"featured_media":302618,"comment_status":"closed","ping_status":"closed","sticky":false,"template":"","format":"standard","meta":{"footnotes":""},"categories":[11386,40,163,1250],"tags":[3405,376,312,423,3153,27084,27085],"class_list":["post-316662","post","type-post","status-publish","format-standard","has-post-thumbnail","hentry","category-contenu-original","category-international-fr","category-opinion-fr","category-paix-desarmement","tag-armes-nucleaires","tag-barack-obama-fr","tag-etats-unis","tag-hiroshima-fr","tag-japon","tag-peace-planet","tag-traite-sur-la-non-proliferation-des-armes-nucleaires"],"yoast_head":"<!-- This site is optimized with the Yoast SEO plugin v27.1.1 - https:\/\/yoast.com\/product\/yoast-seo-wordpress\/ -->\n<title>Obama en visite \u00e0 Hiroshima\u00a0: le geste vide de sens d\u2019un pr\u00e9sident immoral<\/title>\n<meta name=\"description\" content=\"Le secr\u00e9taire de presse du pr\u00e9sident des \u00c9tats-Unis a confirm\u00e9 aujourd\u2019hui ce que de nombreux observateurs supposaient depuis plusieurs semaines,\" \/>\n<meta name=\"robots\" content=\"index, follow, max-snippet:-1, max-image-preview:large, max-video-preview:-1\" \/>\n<link rel=\"canonical\" href=\"https:\/\/www.pressenza.com\/fr\/2016\/05\/obama-visite-a-hiroshima-geste-vide-de-sens-dun-president-immoral\/\" \/>\n<meta property=\"og:locale\" content=\"fr_FR\" \/>\n<meta property=\"og:type\" content=\"article\" \/>\n<meta property=\"og:title\" content=\"Obama en visite \u00e0 Hiroshima\u00a0: le geste vide de sens d\u2019un pr\u00e9sident immoral\" \/>\n<meta property=\"og:description\" content=\"Le secr\u00e9taire de presse du pr\u00e9sident des \u00c9tats-Unis a confirm\u00e9 aujourd\u2019hui ce que de nombreux observateurs supposaient depuis plusieurs semaines,\" \/>\n<meta property=\"og:url\" content=\"https:\/\/www.pressenza.com\/fr\/2016\/05\/obama-visite-a-hiroshima-geste-vide-de-sens-dun-president-immoral\/\" \/>\n<meta property=\"og:site_name\" content=\"Pressenza\" \/>\n<meta property=\"article:publisher\" content=\"https:\/\/www.facebook.com\/PressenzaItalia\" \/>\n<meta property=\"article:published_time\" content=\"2016-05-13T14:56:18+00:00\" \/>\n<meta property=\"article:modified_time\" content=\"2016-05-14T02:46:41+00:00\" \/>\n<meta property=\"og:image\" content=\"https:\/\/www.pressenza.com\/wp-content\/uploads\/2016\/04\/Obama.jpg\" \/>\n\t<meta property=\"og:image:width\" content=\"880\" \/>\n\t<meta property=\"og:image:height\" content=\"495\" \/>\n\t<meta property=\"og:image:type\" content=\"image\/jpeg\" \/>\n<meta name=\"author\" content=\"Tony Robinson\" \/>\n<meta name=\"twitter:card\" content=\"summary_large_image\" \/>\n<meta name=\"twitter:creator\" content=\"@TonyRobinson6\" \/>\n<meta name=\"twitter:site\" content=\"@PressenzaIPA\" \/>\n<meta name=\"twitter:label1\" content=\"\u00c9crit par\" \/>\n\t<meta name=\"twitter:data1\" content=\"Tony Robinson\" \/>\n\t<meta name=\"twitter:label2\" content=\"Dur\u00e9e de lecture estim\u00e9e\" \/>\n\t<meta name=\"twitter:data2\" content=\"5 minutes\" \/>\n<script type=\"application\/ld+json\" class=\"yoast-schema-graph\">{\"@context\":\"https:\/\/schema.org\",\"@graph\":[{\"@type\":\"Article\",\"@id\":\"https:\/\/www.pressenza.com\/fr\/2016\/05\/obama-visite-a-hiroshima-geste-vide-de-sens-dun-president-immoral\/#article\",\"isPartOf\":{\"@id\":\"https:\/\/www.pressenza.com\/fr\/2016\/05\/obama-visite-a-hiroshima-geste-vide-de-sens-dun-president-immoral\/\"},\"author\":{\"name\":\"Tony Robinson\",\"@id\":\"https:\/\/www.pressenza.com\/fr\/#\/schema\/person\/a96a2ff6530dbb8bcf9ec001febc4af4\"},\"headline\":\"Obama en visite \u00e0 Hiroshima\u00a0: le geste vide de sens d\u2019un pr\u00e9sident immoral\",\"datePublished\":\"2016-05-13T14:56:18+00:00\",\"dateModified\":\"2016-05-14T02:46:41+00:00\",\"mainEntityOfPage\":{\"@id\":\"https:\/\/www.pressenza.com\/fr\/2016\/05\/obama-visite-a-hiroshima-geste-vide-de-sens-dun-president-immoral\/\"},\"wordCount\":1108,\"publisher\":{\"@id\":\"https:\/\/www.pressenza.com\/fr\/#organization\"},\"image\":{\"@id\":\"https:\/\/www.pressenza.com\/fr\/2016\/05\/obama-visite-a-hiroshima-geste-vide-de-sens-dun-president-immoral\/#primaryimage\"},\"thumbnailUrl\":\"https:\/\/www.pressenza.com\/wp-content\/uploads\/2016\/04\/Obama.jpg\",\"keywords\":[\"Armes Nucl\u00e9aires\",\"Barack Obama\",\"\u00c9tats-Unis\",\"Hiroshima\",\"Japon\",\"Peace &amp; Planet\",\"Trait\u00e9 sur la non-prolif\u00e9ration des armes nucl\u00e9aires\"],\"articleSection\":[\"Contenu Original\",\"International\",\"Opinion\",\"Paix et D\u00e9sarmement\"],\"inLanguage\":\"fr-FR\"},{\"@type\":\"WebPage\",\"@id\":\"https:\/\/www.pressenza.com\/fr\/2016\/05\/obama-visite-a-hiroshima-geste-vide-de-sens-dun-president-immoral\/\",\"url\":\"https:\/\/www.pressenza.com\/fr\/2016\/05\/obama-visite-a-hiroshima-geste-vide-de-sens-dun-president-immoral\/\",\"name\":\"Obama en visite \u00e0 Hiroshima\u00a0: le geste vide de sens d\u2019un pr\u00e9sident immoral\",\"isPartOf\":{\"@id\":\"https:\/\/www.pressenza.com\/fr\/#website\"},\"primaryImageOfPage\":{\"@id\":\"https:\/\/www.pressenza.com\/fr\/2016\/05\/obama-visite-a-hiroshima-geste-vide-de-sens-dun-president-immoral\/#primaryimage\"},\"image\":{\"@id\":\"https:\/\/www.pressenza.com\/fr\/2016\/05\/obama-visite-a-hiroshima-geste-vide-de-sens-dun-president-immoral\/#primaryimage\"},\"thumbnailUrl\":\"https:\/\/www.pressenza.com\/wp-content\/uploads\/2016\/04\/Obama.jpg\",\"datePublished\":\"2016-05-13T14:56:18+00:00\",\"dateModified\":\"2016-05-14T02:46:41+00:00\",\"description\":\"Le secr\u00e9taire de presse du pr\u00e9sident des \u00c9tats-Unis a confirm\u00e9 aujourd\u2019hui ce que de nombreux observateurs supposaient depuis plusieurs semaines,\",\"breadcrumb\":{\"@id\":\"https:\/\/www.pressenza.com\/fr\/2016\/05\/obama-visite-a-hiroshima-geste-vide-de-sens-dun-president-immoral\/#breadcrumb\"},\"inLanguage\":\"fr-FR\",\"potentialAction\":[{\"@type\":\"ReadAction\",\"target\":[\"https:\/\/www.pressenza.com\/fr\/2016\/05\/obama-visite-a-hiroshima-geste-vide-de-sens-dun-president-immoral\/\"]}]},{\"@type\":\"ImageObject\",\"inLanguage\":\"fr-FR\",\"@id\":\"https:\/\/www.pressenza.com\/fr\/2016\/05\/obama-visite-a-hiroshima-geste-vide-de-sens-dun-president-immoral\/#primaryimage\",\"url\":\"https:\/\/www.pressenza.com\/wp-content\/uploads\/2016\/04\/Obama.jpg\",\"contentUrl\":\"https:\/\/www.pressenza.com\/wp-content\/uploads\/2016\/04\/Obama.jpg\",\"width\":880,\"height\":495},{\"@type\":\"BreadcrumbList\",\"@id\":\"https:\/\/www.pressenza.com\/fr\/2016\/05\/obama-visite-a-hiroshima-geste-vide-de-sens-dun-president-immoral\/#breadcrumb\",\"itemListElement\":[{\"@type\":\"ListItem\",\"position\":1,\"name\":\"Accueil\",\"item\":\"https:\/\/www.pressenza.com\/fr\/\"},{\"@type\":\"ListItem\",\"position\":2,\"name\":\"Obama en visite \u00e0 Hiroshima\u00a0: le geste vide de sens d\u2019un pr\u00e9sident immoral\"}]},{\"@type\":\"WebSite\",\"@id\":\"https:\/\/www.pressenza.com\/fr\/#website\",\"url\":\"https:\/\/www.pressenza.com\/fr\/\",\"name\":\"Pressenza\",\"description\":\"International Press Agency\",\"publisher\":{\"@id\":\"https:\/\/www.pressenza.com\/fr\/#organization\"},\"potentialAction\":[{\"@type\":\"SearchAction\",\"target\":{\"@type\":\"EntryPoint\",\"urlTemplate\":\"https:\/\/www.pressenza.com\/fr\/?s={search_term_string}\"},\"query-input\":{\"@type\":\"PropertyValueSpecification\",\"valueRequired\":true,\"valueName\":\"search_term_string\"}}],\"inLanguage\":\"fr-FR\"},{\"@type\":\"Organization\",\"@id\":\"https:\/\/www.pressenza.com\/fr\/#organization\",\"name\":\"Pressenza\",\"url\":\"https:\/\/www.pressenza.com\/fr\/\",\"logo\":{\"@type\":\"ImageObject\",\"inLanguage\":\"fr-FR\",\"@id\":\"https:\/\/www.pressenza.com\/fr\/#\/schema\/logo\/image\/\",\"url\":\"https:\/\/www.pressenza.com\/wp-content\/uploads\/2022\/10\/pressenza_logo_200x200.jpg\",\"contentUrl\":\"https:\/\/www.pressenza.com\/wp-content\/uploads\/2022\/10\/pressenza_logo_200x200.jpg\",\"width\":200,\"height\":200,\"caption\":\"Pressenza\"},\"image\":{\"@id\":\"https:\/\/www.pressenza.com\/fr\/#\/schema\/logo\/image\/\"},\"sameAs\":[\"https:\/\/www.facebook.com\/PressenzaItalia\",\"https:\/\/x.com\/PressenzaIPA\"]},{\"@type\":\"Person\",\"@id\":\"https:\/\/www.pressenza.com\/fr\/#\/schema\/person\/a96a2ff6530dbb8bcf9ec001febc4af4\",\"name\":\"Tony Robinson\",\"description\":\"Humanist Movement Activist, ex-Director of the Middle East Treaty Organization and coordinating committee member of Abolition 2000 - Global Network to Eliminate Nuclear Weapons, author of the book \\\"Coffee with Silo and the quest for meaning in life\\\" and producer of the film \\\"The Beginning of the End of Nuclear Weapons\\\".\",\"sameAs\":[\"https:\/\/x.com\/TonyRobinson6\"],\"url\":\"https:\/\/www.pressenza.com\/fr\/author\/tony-robinson\/\"}]}<\/script>\n<!-- \/ Yoast SEO plugin. -->","yoast_head_json":{"title":"Obama en visite \u00e0 Hiroshima\u00a0: le geste vide de sens d\u2019un pr\u00e9sident immoral","description":"Le secr\u00e9taire de presse du pr\u00e9sident des \u00c9tats-Unis a confirm\u00e9 aujourd\u2019hui ce que de nombreux observateurs supposaient depuis plusieurs semaines,","robots":{"index":"index","follow":"follow","max-snippet":"max-snippet:-1","max-image-preview":"max-image-preview:large","max-video-preview":"max-video-preview:-1"},"canonical":"https:\/\/www.pressenza.com\/fr\/2016\/05\/obama-visite-a-hiroshima-geste-vide-de-sens-dun-president-immoral\/","og_locale":"fr_FR","og_type":"article","og_title":"Obama en visite \u00e0 Hiroshima\u00a0: le geste vide de sens d\u2019un pr\u00e9sident immoral","og_description":"Le secr\u00e9taire de presse du pr\u00e9sident des \u00c9tats-Unis a confirm\u00e9 aujourd\u2019hui ce que de nombreux observateurs supposaient depuis plusieurs semaines,","og_url":"https:\/\/www.pressenza.com\/fr\/2016\/05\/obama-visite-a-hiroshima-geste-vide-de-sens-dun-president-immoral\/","og_site_name":"Pressenza","article_publisher":"https:\/\/www.facebook.com\/PressenzaItalia","article_published_time":"2016-05-13T14:56:18+00:00","article_modified_time":"2016-05-14T02:46:41+00:00","og_image":[{"width":880,"height":495,"url":"https:\/\/www.pressenza.com\/wp-content\/uploads\/2016\/04\/Obama.jpg","type":"image\/jpeg"}],"author":"Tony Robinson","twitter_card":"summary_large_image","twitter_creator":"@TonyRobinson6","twitter_site":"@PressenzaIPA","twitter_misc":{"\u00c9crit par":"Tony Robinson","Dur\u00e9e de lecture estim\u00e9e":"5 minutes"},"schema":{"@context":"https:\/\/schema.org","@graph":[{"@type":"Article","@id":"https:\/\/www.pressenza.com\/fr\/2016\/05\/obama-visite-a-hiroshima-geste-vide-de-sens-dun-president-immoral\/#article","isPartOf":{"@id":"https:\/\/www.pressenza.com\/fr\/2016\/05\/obama-visite-a-hiroshima-geste-vide-de-sens-dun-president-immoral\/"},"author":{"name":"Tony Robinson","@id":"https:\/\/www.pressenza.com\/fr\/#\/schema\/person\/a96a2ff6530dbb8bcf9ec001febc4af4"},"headline":"Obama en visite \u00e0 Hiroshima\u00a0: le geste vide de sens d\u2019un pr\u00e9sident immoral","datePublished":"2016-05-13T14:56:18+00:00","dateModified":"2016-05-14T02:46:41+00:00","mainEntityOfPage":{"@id":"https:\/\/www.pressenza.com\/fr\/2016\/05\/obama-visite-a-hiroshima-geste-vide-de-sens-dun-president-immoral\/"},"wordCount":1108,"publisher":{"@id":"https:\/\/www.pressenza.com\/fr\/#organization"},"image":{"@id":"https:\/\/www.pressenza.com\/fr\/2016\/05\/obama-visite-a-hiroshima-geste-vide-de-sens-dun-president-immoral\/#primaryimage"},"thumbnailUrl":"https:\/\/www.pressenza.com\/wp-content\/uploads\/2016\/04\/Obama.jpg","keywords":["Armes Nucl\u00e9aires","Barack Obama","\u00c9tats-Unis","Hiroshima","Japon","Peace &amp; Planet","Trait\u00e9 sur la non-prolif\u00e9ration des armes nucl\u00e9aires"],"articleSection":["Contenu Original","International","Opinion","Paix et D\u00e9sarmement"],"inLanguage":"fr-FR"},{"@type":"WebPage","@id":"https:\/\/www.pressenza.com\/fr\/2016\/05\/obama-visite-a-hiroshima-geste-vide-de-sens-dun-president-immoral\/","url":"https:\/\/www.pressenza.com\/fr\/2016\/05\/obama-visite-a-hiroshima-geste-vide-de-sens-dun-president-immoral\/","name":"Obama en visite \u00e0 Hiroshima\u00a0: le geste vide de sens d\u2019un pr\u00e9sident immoral","isPartOf":{"@id":"https:\/\/www.pressenza.com\/fr\/#website"},"primaryImageOfPage":{"@id":"https:\/\/www.pressenza.com\/fr\/2016\/05\/obama-visite-a-hiroshima-geste-vide-de-sens-dun-president-immoral\/#primaryimage"},"image":{"@id":"https:\/\/www.pressenza.com\/fr\/2016\/05\/obama-visite-a-hiroshima-geste-vide-de-sens-dun-president-immoral\/#primaryimage"},"thumbnailUrl":"https:\/\/www.pressenza.com\/wp-content\/uploads\/2016\/04\/Obama.jpg","datePublished":"2016-05-13T14:56:18+00:00","dateModified":"2016-05-14T02:46:41+00:00","description":"Le secr\u00e9taire de presse du pr\u00e9sident des \u00c9tats-Unis a confirm\u00e9 aujourd\u2019hui ce que de nombreux observateurs supposaient depuis plusieurs semaines,","breadcrumb":{"@id":"https:\/\/www.pressenza.com\/fr\/2016\/05\/obama-visite-a-hiroshima-geste-vide-de-sens-dun-president-immoral\/#breadcrumb"},"inLanguage":"fr-FR","potentialAction":[{"@type":"ReadAction","target":["https:\/\/www.pressenza.com\/fr\/2016\/05\/obama-visite-a-hiroshima-geste-vide-de-sens-dun-president-immoral\/"]}]},{"@type":"ImageObject","inLanguage":"fr-FR","@id":"https:\/\/www.pressenza.com\/fr\/2016\/05\/obama-visite-a-hiroshima-geste-vide-de-sens-dun-president-immoral\/#primaryimage","url":"https:\/\/www.pressenza.com\/wp-content\/uploads\/2016\/04\/Obama.jpg","contentUrl":"https:\/\/www.pressenza.com\/wp-content\/uploads\/2016\/04\/Obama.jpg","width":880,"height":495},{"@type":"BreadcrumbList","@id":"https:\/\/www.pressenza.com\/fr\/2016\/05\/obama-visite-a-hiroshima-geste-vide-de-sens-dun-president-immoral\/#breadcrumb","itemListElement":[{"@type":"ListItem","position":1,"name":"Accueil","item":"https:\/\/www.pressenza.com\/fr\/"},{"@type":"ListItem","position":2,"name":"Obama en visite \u00e0 Hiroshima\u00a0: le geste vide de sens d\u2019un pr\u00e9sident immoral"}]},{"@type":"WebSite","@id":"https:\/\/www.pressenza.com\/fr\/#website","url":"https:\/\/www.pressenza.com\/fr\/","name":"Pressenza","description":"International Press Agency","publisher":{"@id":"https:\/\/www.pressenza.com\/fr\/#organization"},"potentialAction":[{"@type":"SearchAction","target":{"@type":"EntryPoint","urlTemplate":"https:\/\/www.pressenza.com\/fr\/?s={search_term_string}"},"query-input":{"@type":"PropertyValueSpecification","valueRequired":true,"valueName":"search_term_string"}}],"inLanguage":"fr-FR"},{"@type":"Organization","@id":"https:\/\/www.pressenza.com\/fr\/#organization","name":"Pressenza","url":"https:\/\/www.pressenza.com\/fr\/","logo":{"@type":"ImageObject","inLanguage":"fr-FR","@id":"https:\/\/www.pressenza.com\/fr\/#\/schema\/logo\/image\/","url":"https:\/\/www.pressenza.com\/wp-content\/uploads\/2022\/10\/pressenza_logo_200x200.jpg","contentUrl":"https:\/\/www.pressenza.com\/wp-content\/uploads\/2022\/10\/pressenza_logo_200x200.jpg","width":200,"height":200,"caption":"Pressenza"},"image":{"@id":"https:\/\/www.pressenza.com\/fr\/#\/schema\/logo\/image\/"},"sameAs":["https:\/\/www.facebook.com\/PressenzaItalia","https:\/\/x.com\/PressenzaIPA"]},{"@type":"Person","@id":"https:\/\/www.pressenza.com\/fr\/#\/schema\/person\/a96a2ff6530dbb8bcf9ec001febc4af4","name":"Tony Robinson","description":"Humanist Movement Activist, ex-Director of the Middle East Treaty Organization and coordinating committee member of Abolition 2000 - Global Network to Eliminate Nuclear Weapons, author of the book \"Coffee with Silo and the quest for meaning in life\" and producer of the film \"The Beginning of the End of Nuclear Weapons\".","sameAs":["https:\/\/x.com\/TonyRobinson6"],"url":"https:\/\/www.pressenza.com\/fr\/author\/tony-robinson\/"}]}},"place":"Quito, \u00c9quateur","original_article_url":"","_links":{"self":[{"href":"https:\/\/www.pressenza.com\/fr\/wp-json\/wp\/v2\/posts\/316662","targetHints":{"allow":["GET"]}}],"collection":[{"href":"https:\/\/www.pressenza.com\/fr\/wp-json\/wp\/v2\/posts"}],"about":[{"href":"https:\/\/www.pressenza.com\/fr\/wp-json\/wp\/v2\/types\/post"}],"author":[{"embeddable":true,"href":"https:\/\/www.pressenza.com\/fr\/wp-json\/wp\/v2\/users\/6"}],"replies":[{"embeddable":true,"href":"https:\/\/www.pressenza.com\/fr\/wp-json\/wp\/v2\/comments?post=316662"}],"version-history":[{"count":0,"href":"https:\/\/www.pressenza.com\/fr\/wp-json\/wp\/v2\/posts\/316662\/revisions"}],"wp:featuredmedia":[{"embeddable":true,"href":"https:\/\/www.pressenza.com\/fr\/wp-json\/wp\/v2\/media\/302618"}],"wp:attachment":[{"href":"https:\/\/www.pressenza.com\/fr\/wp-json\/wp\/v2\/media?parent=316662"}],"wp:term":[{"taxonomy":"category","embeddable":true,"href":"https:\/\/www.pressenza.com\/fr\/wp-json\/wp\/v2\/categories?post=316662"},{"taxonomy":"post_tag","embeddable":true,"href":"https:\/\/www.pressenza.com\/fr\/wp-json\/wp\/v2\/tags?post=316662"}],"curies":[{"name":"wp","href":"https:\/\/api.w.org\/{rel}","templated":true}]}}