{"id":31398,"date":"2013-01-02T02:49:44","date_gmt":"2013-01-02T02:49:44","guid":{"rendered":"http:\/\/www.pressenza.com\/?p=31398"},"modified":"2013-01-02T02:49:44","modified_gmt":"2013-01-02T02:49:44","slug":"a-19-ans-de-linsurrection-zapatiste-marcos-a-demande-le-respect-des-droits-des-indigenes","status":"publish","type":"post","link":"https:\/\/www.pressenza.com\/fr\/2013\/01\/a-19-ans-de-linsurrection-zapatiste-marcos-a-demande-le-respect-des-droits-des-indigenes\/","title":{"rendered":"A 19 ans de l&rsquo;insurrection zapatiste, Marcos a demand\u00e9 le respect des droits des indig\u00e8nes"},"content":{"rendered":"<address>Pressenza pr\u00e9sente le communiqu\u00e9 de l&rsquo;EZLN du 31-12-2012 :<\/address>\n<address>\u00a0<\/address>\n<div>\n<address><strong>COMMUNIQUE DU COMITE CLANDESTIN REVOLUTIONNAIRE INDIGENE, COMMANDANCE GENERALE DE L&rsquo;ARMEE ZAPATISTE DE LIBERATION NATIONAL EZLN<\/strong><\/address>\n<address><strong>MEXIQUE<\/strong><\/address>\n<div><\/div>\n<div>30 d\u00e9cembre 2012,<\/div>\n<div><\/div>\n<div>Au peuple du Mexique,<br \/>\nAux peuples et gouvernements du Monde,<br \/>\nFr\u00e8res et S\u0153urs,<br \/>\nCompagnons et compagnes,<\/div>\n<div><\/div>\n<div><a href=\"http:\/\/espoirchiapas.blogspot.fr\/2012\/12\/votre-monde-va-seffondrer-et-le-notre.html\">Le 21 d\u00e9cembre 2012<\/a>, aux heures matinales, des dizaines de milliers d&rsquo;indig\u00e8nes zapatistes, se sont mobilis\u00e9s et ont pris, pacifiquement et en silence 5 municipalit\u00e9s dans le sud-est de l&rsquo;\u00e9tat mexicain du Chiapas.<\/div>\n<div><\/div>\n<div>Dans les villes de Palenque, Altamirano, Las Margaritas, Ocosingo, et San Cristobal de las Casas, nous vous avons regard\u00e9 et vous nous avez regard\u00e9 en silence.<\/div>\n<div><\/div>\n<div>Ce n&rsquo;est pas un message de r\u00e9signation<\/div>\n<div>Ce n&rsquo;est pas non plus un message de guerre, de mort et de destruction<\/div>\n<div><strong>Notre message est de lutte et r\u00e9sistance.<\/strong><\/div>\n<div><\/div>\n<div>Depuis le coup d&rsquo;\u00e9tat m\u00e9diatique, qui a couvert le pouvoir ex\u00e9cutif f\u00e9d\u00e9ral l&rsquo;ignorance mal dissimul\u00e9e, et pire encore, maquill\u00e9e, nous nous sommes faits pr\u00e9sent pour vous faire savoir que si vous n&rsquo;\u00eates jamais partis, nous non plus.<\/div>\n<div><\/div>\n<div>Cela fait 6 ans, un segment de la classe politique et intellectuelle est sorti chercher un responsable \u00e0 leur d\u00e9route, en ce temps nous \u00e9tions dans les villes et les communaut\u00e9s luttaient pour la justice pour Atenco qui n&rsquo;\u00e9tait pas encore \u00e0 la mode<\/div>\n<div><\/div>\n<div>Dans cet hier, ils nous ont calomni\u00e9 et ont voulu nous faire taire apr\u00e8s.<\/div>\n<div>Incapable et malhonn\u00eate pour voir qu&rsquo;en eux-m\u00eames ils avaient et ont la levure de leur ruine, ils ont pr\u00e9tendu nous avoir fait disparaitre par le mensonge et le silence complice<\/div>\n<div><\/div>\n<div><span style=\"text-decoration: underline;\">6 ans apr\u00e8s, deux choses restent claires:<\/span><\/div>\n<div><\/div>\n<div><strong>Ils n&rsquo;ont pas besoin de nous pour \u00e9chouer<\/strong><\/div>\n<div><strong>Nous n&rsquo;avons pas besoin d&rsquo;eux pour survivre<\/strong><\/div>\n<div><\/div>\n<div><\/div>\n<div><\/div>\n<div><\/div>\n<div>Nous ne sommes jamais partis, bien qu&rsquo;ils aient tout fait pour le faire croire dans les medias de tout le spectre, nous resurgissons comme indig\u00e8nes zapatistes que nous sommes et que nous serons.<\/div>\n<div><\/div>\n<div>Dans ces ann\u00e9es nous nous sommes renforc\u00e9s, et nous avons significativement am\u00e9lior\u00e9 nos conditions de vie, notre niveau de vie est sup\u00e9rieur \u00e0 celui de communaut\u00e9s indig\u00e8nes affili\u00e9s au gouvernement en place, qui re\u00e7oivent l&rsquo;aum\u00f4ne qu&rsquo;ils gaspillent en alcool et articles de lois inutiles.<\/div>\n<div><\/div>\n<div>Nos maisons s&rsquo;am\u00e9liorent sans abimer la nature, imposant des chemins qui lui sont \u00e9tranger,<\/div>\n<div><\/div>\n<div>Dans nos villages, la terre qui, avant servait \u00e0 faire grossir les bovins des grands propri\u00e9taires terriens ou de fincas, maintenant sert pour le ma\u00efs, les fayots et les v\u00e9g\u00e9taux qui illuminent nos tables.<\/div>\n<div><\/div>\n<div>Notre travail re\u00e7oit la double satisfaction de recevoir nos besoins et de vivre humblement, de contribuer \u00e0 la croissance collective de nos communaut\u00e9s.<\/div>\n<div><\/div>\n<div>Nos filles et gar\u00e7ons vont \u00e0 l&rsquo;\u00e9cole qui leur apprend leur propre histoire, celle de la patrie et celle du monde, tout comme les sciences, et les techniques n\u00e9cessaires pour grandir sans arr\u00eater d&rsquo;\u00eatre indig\u00e8ne.<\/div>\n<div><\/div>\n<div>Les femmes indig\u00e8nes zapatistes ne sont pas vendues comme des marchandises.<\/div>\n<div><\/div>\n<div>Les indig\u00e8nes PRIISTE viennent dans nos h\u00f4pitaux, cliniques et laboratoires, parce que dans ceux du gouvernement, il n&rsquo;y a pas de m\u00e9dicaments, ni d&rsquo;appareils, ni de docteurs et de personnels qualifi\u00e9s.<\/div>\n<div><\/div>\n<div><strong>Notre culture fleurit, elle ne nous isole pas mais s&rsquo;enrichit avec le contact avec les autres cultures des autres peuples du Mexique et du monde<\/strong><\/div>\n<div><strong>\u00a0<\/strong><\/div>\n<div>Nous gouvernons et nous nous gouvernons nous-m\u00eame, cherchant toujours en premier l&rsquo;accord avant la confrontation.<\/div>\n<div><\/div>\n<div>Tout cela s&rsquo;est trouv\u00e9 non seulement sans le gouvernement, la classe politique et les moyens qui les accompagnent mais aussi en r\u00e9sistants \u00e0 leurs attaques de tout type.<\/div>\n<div><\/div>\n<div>Nous avons d\u00e9montr\u00e9 une fois de plus qui nous sommes<\/div>\n<div>Avec notre silence nous nous sommes faits pr\u00e9sents<\/div>\n<div>Maintenant avec notre parole nous annon\u00e7ons que:<\/div>\n<div><strong>PREMIEREMENT<\/strong>: Nous r\u00e9affirmons et consolidons notre appartenance au Congr\u00e8s National Indig\u00e8ne, espace de rencontre entre les peuples originaires de notre pays<\/div>\n<div><\/div>\n<div><strong>DEUXIEMEMENT<\/strong>\u00a0Nous reprendrons contact avec nos compagnons et compagnes adh\u00e9rents \u00e0 la sixi\u00e8me d\u00e9claration de la for\u00eat lacandon, au Mexique et dans le monde<\/div>\n<div><\/div>\n<div><strong>TROISIEMEMENT<\/strong>: Nous essayerons de construire les ponts n\u00e9cessaires \u00e0 tous les mouvements sociaux qui ont surgit et surgiront, non pas pour diriger ou supplanter mais pour apprendre d&rsquo;eux, de leur histoire de leurs chemins de leurs destins.<\/div>\n<div><\/div>\n<div>Pour cela nous avons obtenu le soutien d&rsquo;individu, et de groupes dans diff\u00e9rentes partis du Mexique, qui se sont conform\u00e9s comme \u00e9quipe d&rsquo;appui, des sixi\u00e8mes commissions\u00a0 et internazionales de l&rsquo;ezln, afin qu&rsquo;il se convertissent en r\u00e9seau de communication entre les bases d&rsquo;appui zapatistes et les individus, groupes et collectifs adh\u00e9rents \u00e0 la Sixi\u00e8me D\u00e9claration, au Mexique et dans le monde, qui malgr\u00e9 tout, maintiennent leur conviction et leur compromis dans la construction d&rsquo;une alternative non institutionnelle de gauche.<\/div>\n<div><\/div>\n<div><strong>QUATRIEMEMENT<\/strong>: notre distance critique face \u00e0 la classe politique mexicaine continuera, qui dans son ensemble prosp\u00e8re au d\u00e9triment des besoins et attentes des gens humbles et simples<\/div>\n<div><\/div>\n<div><strong>CINQUIEMEMENT<\/strong>; Aux mauvais gouvernements f\u00e9d\u00e9ral, de l&rsquo;\u00e9tat et municipaux, ex\u00e9cutifs, l\u00e9gislatifs et judicaires, et aux moyens qui les accompagnes, nous leur disons ce qui suit:<\/div>\n<div><\/div>\n<div>Les mauvais gouvernement de tout le spectre politique, sans aucune exception, ont fait tout leur possible pour nous d\u00e9truire, pour nous acheter, pour nous faire rendre. PRI, PAN, PRD, PVEM, PT, CC et le futur parti de RN nous ont attaqu\u00e9s militairement, politiquement socialement et id\u00e9ologiquement.<\/div>\n<div><\/div>\n<div>Les grands moyens de communication ont essay\u00e9 de nous faire disparaitre, avec la servile calomnie et opportunit\u00e9, avec le silence sournois et complice apr\u00e8s. A ceux qui se sont servis de notre argent qui les alimentait et qui ne sont pas l\u00e0, et \u00e0 ceux, maintenant, qui prennent la rel\u00e8ve et qui ne dureront pas longtemps\u00a0:<\/div>\n<div><\/div>\n<div>Comme ce fut \u00e9vident le 21 d\u00e9cembre 2012, vous avez tous \u00e9chou\u00e9!<\/div>\n<div><\/div>\n<div>Il reste alors, au gouvernement f\u00e9d\u00e9ral, ex\u00e9cutif, l\u00e9gislatif et judiciaire de d\u00e9cider s&rsquo;ils relancent leur politique de contre insurrection qui a seulement trouv\u00e9 une fragile et maladroite simulation soutenu par les m\u00e9dias, ou s&rsquo;il reconnait et tient ses promesses \u00e9levant les droits constitutionnels et la culture indig\u00e8nes, tout comme ce fut \u00e9tabli par les dits \u00ab\u00a0accords de San Andr\u00e9s\u00a0\u00bb, sign\u00e9s par le gouvernement f\u00e9d\u00e9ral de 1996, dirig\u00e9 alors par le m\u00eame parti qui est aujourd&rsquo;hui \u00e0 l&rsquo;ex\u00e9cutif<\/div>\n<div><\/div>\n<div>Il reste alors au gouvernement de l&rsquo;\u00e9tat de d\u00e9cider s&rsquo;ils continue sa strat\u00e9gie malhonn\u00eate et ruineuse de leur pr\u00e9d\u00e9cesseur, qui en plus d&rsquo;\u00eatre corrompu et menteur, a pris l&rsquo;argent du peuple du chiapas pour leur propre enrichissement et celui de leur complices, et s&rsquo;est d\u00e9di\u00e9 \u00e0 l&rsquo;achat effront\u00e9 de voie et de plumes dans les m\u00e9dias, alors que le peuple du Chiapas tombait dans la mis\u00e8re, en m\u00eame temps qu&rsquo;il usait la police, les paramilitaires pour essayer de freiner l&rsquo;avanc\u00e9e organisatrice des peuples zapatistes, ou sinon, avec v\u00e9rit\u00e9 et justice, accepter et respecter notre existence et se faire \u00e0 l&rsquo;id\u00e9e que fleurit une nouvelle forme de vie sociale dans les territoires zapatistes, chiapas, Mexique. Un fleurissement qui attire l&rsquo;attention de personnes honn\u00eates de toute la plan\u00e8te.<\/div>\n<div><\/div>\n<div>Il reste aux gouvernements municipaux de d\u00e9cider s&rsquo;ils continuent d&rsquo;alimenter les roues du moulin, avec leurs organisations antizapatistes ou suppos\u00e9es zapatistes qu&rsquo;ils extorquent pour menacer nos communaut\u00e9s, ou alors s\u2019ils usent cet argent pour am\u00e9liorer les conditions de vie de leurs gouvern\u00e9s.<\/div>\n<div><\/div>\n<div>Il reste au peuple du Mexique de s&rsquo;organiser en forme de lutte \u00e9lectoral et r\u00e9sister, d\u00e9cider s\u2019ils continuent \u00e0 voir en nous, leurs ennemis ou rivaux aupr\u00e8s de qui on peut d\u00e9charger nos frustrations pour les fraudes et agressions dont nous souffrons tous, et si dans leur lutte pour le pouvoir vous continuer \u00e0 vous allier avec nos pers\u00e9cuteurs ou si vous reconnaissez en nous une autre forme de faire de la politique<\/div>\n<div><\/div>\n<div><strong>SIXIEMEMENT<\/strong>: Dans les prochains jours, l&rsquo;ezln, \u00e0 travers ses sixi\u00e8mes commissions et l&rsquo;internazional, fera connaitre une s\u00e9rie d&rsquo;initiatives, de caract\u00e8re civil et pacifique pour continuer \u00e0 avancer, ensemble, avec les autres peuples originaires du Mexique et de tout le continent et ensemble avec tous ceux qui luttent et r\u00e9sistent, en bas \u00e0 gauche, au Mexique et dans le monde entier<\/div>\n<div><\/div>\n<div>Fr\u00e8res et Soeurs,<\/div>\n<div>Compagnes et Compagnons,<\/div>\n<div><\/div>\n<div>Avant nous avions la chance d&rsquo;avoir une attention honn\u00eate et noble de divers m\u00e9dias de communication, nous les avions remerci\u00e9, mais ceci a \u00e9t\u00e9 compl\u00e8tement annul\u00e9 avec leur attitude post\u00e9rieure<\/div>\n<div><\/div>\n<div>A tous ceux qui avaient pari\u00e9 que nous n&rsquo;existions que m\u00e9diatiquement, et qu&rsquo;avec le cercle de mensonge et de silence nous disparaissons, se sont tromp\u00e9s<\/div>\n<div><\/div>\n<div>Quand il n&rsquo;y avait pas de cam\u00e9ras de microphones, de plumes d&rsquo;oreilles ou de regards nous avons exist\u00e9s.<\/div>\n<div>Quand ils nous ont calomni\u00e9s, nous existions<\/div>\n<div>Quand ils nous ont fait taire, Nous existions<\/div>\n<div>Et nous sommes ici, existants!<\/div>\n<div><\/div>\n<div>Notre chemin, comme cela a \u00e9t\u00e9 d\u00e9montr\u00e9, ne d\u00e9pend pas de l&rsquo;impact m\u00e9diatique, mais de la compr\u00e9hension du monde et de ses parties, du savoir indig\u00e8nes qui r\u00e8gle nos pas, de la d\u00e9cision in\u00e9branlable qui donne la dignit\u00e9 en bas \u00e0 gauche<\/div>\n<div><\/div>\n<div><\/div>\n<div>A partir de maintenant nos paroles commenceront \u00e0 \u00eatre s\u00e9lective dans leur destination, et sortira en quelques occasions, et ne pourront \u00eatre comprises que par ceux qui ont march\u00e9 et marcheront sans se rendre aux modes m\u00e9diatiques et conjoncturelles<\/div>\n<div><\/div>\n<div>Ici, avec pas mal d&rsquo;erreurs et beaucoup de difficult\u00e9s il y a une r\u00e9alit\u00e9, une autre forme de faire de la politique<\/div>\n<div><\/div>\n<div>Peu, tr\u00e8s peu auront la chance de la connaitre et apprendre directement d&rsquo;elle<\/div>\n<div><\/div>\n<div>Cela fait 19 ans, nous vous surprenions en prenant avec feu et sang vos villes. Aujourd\u2019hui nous le faisons de nouveau, sans armes, sans morts, sans destructions.<\/div>\n<div><\/div>\n<div>Nous nous diff\u00e9rencions ainsi, de ceux qui durant leur gouvernement, donnaient et donnent la mort entre eux.<\/div>\n<div><\/div>\n<div>Nous sommes les m\u00eames d&rsquo;il y a 500 ans, d&rsquo;il y a 44 ans d&rsquo;il y a 30 ans d&rsquo;il y a 200, d&rsquo;il y a \u00e0 peine quelques jours.<\/div>\n<div><\/div>\n<div>Nous sommes les zapatistes, les plus petits, ceux qui vivent luttent et meure, dans le dernier recoin de la patrie, ce qui n&rsquo;abandonnent pas, ceux qui ne se vendent pas, ce qui ne se rendent pas,<\/div>\n<div><\/div>\n<div>Fr\u00e8res et Soeurs,<\/div>\n<div>Compagnons et compagnes,<\/div>\n<div><\/div>\n<div>NOUS SOMMES LES ZAPATISTES, recevez une accolade<\/div>\n<div><\/div>\n<div>democratie!!<\/div>\n<div>libert\u00e9!!<\/div>\n<div>justice!!<\/div>\n<div>Desde las monta\u00f1as del Sureste Mexicano.<\/div>\n<div>Por el Comit\u00e9 Clandestino Revolucionario Ind\u00edgena \u2013 Comandancia General del<\/div>\n<div>Ej\u00e9rcito Zapatista de Liberaci\u00f3n Nacional.<\/div>\n<div><\/div>\n<div><\/div>\n<div>Subcomandante Insurgente Marcos.<\/div>\n<div>M\u00e9xico. Diciembre del 2012 \u2013 Enero del 2013.<\/div>\n<div><\/div>\n<div><\/div>\n<div>Source :\u00a0<a href=\"http:\/\/espoirchiapas.blogspot.fr\/2012\/12\/comunicado-ezln-31122012.html\">http:\/\/espoirchiapas.blogspot.fr\/2012\/12\/comunicado-ezln-31122012.html<\/a><\/div>\n<div><\/div>\n<div><\/div>\n<\/div>\n","protected":false},"excerpt":{"rendered":"<p>Pressenza pr\u00e9sente le communiqu\u00e9 de l&rsquo;EZLN du 31-12-2012 : \u00a0 COMMUNIQUE DU COMITE CLANDESTIN REVOLUTIONNAIRE INDIGENE, COMMANDANCE GENERALE DE L&rsquo;ARMEE ZAPATISTE DE LIBERATION NATIONAL EZLN MEXIQUE 30 d\u00e9cembre 2012, Au peuple du Mexique, Aux peuples et gouvernements du Monde, Fr\u00e8res&hellip;<\/p>\n","protected":false},"author":19,"featured_media":31399,"comment_status":"closed","ping_status":"open","sticky":false,"template":"","format":"standard","meta":{"footnotes":""},"categories":[87,151,40,99],"tags":[2800,2797,2799,2798],"class_list":["post-31398","post","type-post","status-publish","format-standard","has-post-thumbnail","hentry","category-amerique-du-nord","category-communique-de-presse","category-international-fr","category-peuples-autochtones","tag-droits-des-indigenes","tag-ezln","tag-marcos","tag-zapatiste"],"yoast_head":"<!-- This site is optimized with the Yoast SEO plugin v27.1.1 - https:\/\/yoast.com\/product\/yoast-seo-wordpress\/ -->\n<title>A 19 ans de l&#039;insurrection zapatiste, Marcos a demand\u00e9 le respect des droits des indig\u00e8nes<\/title>\n<meta name=\"description\" content=\"Pressenza pr\u00e9sente le communiqu\u00e9 de l&#039;EZLN du 31-12-2012 :\u00a0 COMMUNIQUE DU COMITE CLANDESTIN REVOLUTIONNAIRE INDIGENE, COMMANDANCE GENERALE DE L&#039;ARMEE\" \/>\n<meta name=\"robots\" content=\"index, follow, max-snippet:-1, max-image-preview:large, max-video-preview:-1\" \/>\n<link rel=\"canonical\" href=\"https:\/\/www.pressenza.com\/fr\/2013\/01\/a-19-ans-de-linsurrection-zapatiste-marcos-a-demande-le-respect-des-droits-des-indigenes\/\" \/>\n<meta property=\"og:locale\" content=\"fr_FR\" \/>\n<meta property=\"og:type\" content=\"article\" \/>\n<meta property=\"og:title\" content=\"A 19 ans de l&#039;insurrection zapatiste, Marcos a demand\u00e9 le respect des droits des indig\u00e8nes\" \/>\n<meta property=\"og:description\" content=\"Pressenza pr\u00e9sente le communiqu\u00e9 de l&#039;EZLN du 31-12-2012 :\u00a0 COMMUNIQUE DU COMITE CLANDESTIN REVOLUTIONNAIRE INDIGENE, COMMANDANCE GENERALE DE L&#039;ARMEE\" \/>\n<meta property=\"og:url\" content=\"https:\/\/www.pressenza.com\/fr\/2013\/01\/a-19-ans-de-linsurrection-zapatiste-marcos-a-demande-le-respect-des-droits-des-indigenes\/\" \/>\n<meta property=\"og:site_name\" content=\"Pressenza\" \/>\n<meta property=\"article:publisher\" content=\"https:\/\/www.facebook.com\/PressenzaItalia\" \/>\n<meta property=\"article:author\" content=\"https:\/\/www.facebook.com\/pressenza\" \/>\n<meta property=\"article:published_time\" content=\"2013-01-02T02:49:44+00:00\" \/>\n<meta property=\"og:image\" content=\"https:\/\/www.pressenza.com\/wp-content\/uploads\/2013\/01\/ezln-marcos-212012.jpg\" \/>\n\t<meta property=\"og:image:width\" content=\"500\" \/>\n\t<meta property=\"og:image:height\" content=\"375\" \/>\n\t<meta property=\"og:image:type\" content=\"image\/jpeg\" \/>\n<meta name=\"author\" content=\"Pressenza IPA\" \/>\n<meta name=\"twitter:card\" content=\"summary_large_image\" \/>\n<meta name=\"twitter:creator\" content=\"@PressenzaIPA\" \/>\n<meta name=\"twitter:site\" content=\"@PressenzaIPA\" \/>\n<meta name=\"twitter:label1\" content=\"\u00c9crit par\" \/>\n\t<meta name=\"twitter:data1\" content=\"Pressenza IPA\" \/>\n\t<meta name=\"twitter:label2\" content=\"Dur\u00e9e de lecture estim\u00e9e\" \/>\n\t<meta name=\"twitter:data2\" content=\"9 minutes\" \/>\n<script type=\"application\/ld+json\" class=\"yoast-schema-graph\">{\"@context\":\"https:\/\/schema.org\",\"@graph\":[{\"@type\":\"Article\",\"@id\":\"https:\/\/www.pressenza.com\/fr\/2013\/01\/a-19-ans-de-linsurrection-zapatiste-marcos-a-demande-le-respect-des-droits-des-indigenes\/#article\",\"isPartOf\":{\"@id\":\"https:\/\/www.pressenza.com\/fr\/2013\/01\/a-19-ans-de-linsurrection-zapatiste-marcos-a-demande-le-respect-des-droits-des-indigenes\/\"},\"author\":{\"name\":\"Pressenza IPA\",\"@id\":\"https:\/\/www.pressenza.com\/fr\/#\/schema\/person\/010e5d02bcf40965427a1289a4cc8d75\"},\"headline\":\"A 19 ans de l&rsquo;insurrection zapatiste, Marcos a demand\u00e9 le respect des droits des indig\u00e8nes\",\"datePublished\":\"2013-01-02T02:49:44+00:00\",\"mainEntityOfPage\":{\"@id\":\"https:\/\/www.pressenza.com\/fr\/2013\/01\/a-19-ans-de-linsurrection-zapatiste-marcos-a-demande-le-respect-des-droits-des-indigenes\/\"},\"wordCount\":1879,\"publisher\":{\"@id\":\"https:\/\/www.pressenza.com\/fr\/#organization\"},\"image\":{\"@id\":\"https:\/\/www.pressenza.com\/fr\/2013\/01\/a-19-ans-de-linsurrection-zapatiste-marcos-a-demande-le-respect-des-droits-des-indigenes\/#primaryimage\"},\"thumbnailUrl\":\"https:\/\/www.pressenza.com\/wp-content\/uploads\/2013\/01\/ezln-marcos-212012.jpg\",\"keywords\":[\"droits des indig\u00e8nes\",\"EZLN\",\"Marcos\",\"zapatiste\"],\"articleSection\":[\"Am\u00e9rique du Nord\",\"Communiqu\u00e9s de Presse\",\"International\",\"Peuples originaires\"],\"inLanguage\":\"fr-FR\"},{\"@type\":\"WebPage\",\"@id\":\"https:\/\/www.pressenza.com\/fr\/2013\/01\/a-19-ans-de-linsurrection-zapatiste-marcos-a-demande-le-respect-des-droits-des-indigenes\/\",\"url\":\"https:\/\/www.pressenza.com\/fr\/2013\/01\/a-19-ans-de-linsurrection-zapatiste-marcos-a-demande-le-respect-des-droits-des-indigenes\/\",\"name\":\"A 19 ans de l'insurrection zapatiste, Marcos a demand\u00e9 le respect des droits des indig\u00e8nes\",\"isPartOf\":{\"@id\":\"https:\/\/www.pressenza.com\/fr\/#website\"},\"primaryImageOfPage\":{\"@id\":\"https:\/\/www.pressenza.com\/fr\/2013\/01\/a-19-ans-de-linsurrection-zapatiste-marcos-a-demande-le-respect-des-droits-des-indigenes\/#primaryimage\"},\"image\":{\"@id\":\"https:\/\/www.pressenza.com\/fr\/2013\/01\/a-19-ans-de-linsurrection-zapatiste-marcos-a-demande-le-respect-des-droits-des-indigenes\/#primaryimage\"},\"thumbnailUrl\":\"https:\/\/www.pressenza.com\/wp-content\/uploads\/2013\/01\/ezln-marcos-212012.jpg\",\"datePublished\":\"2013-01-02T02:49:44+00:00\",\"description\":\"Pressenza pr\u00e9sente le communiqu\u00e9 de l'EZLN du 31-12-2012 :\u00a0 COMMUNIQUE DU COMITE CLANDESTIN REVOLUTIONNAIRE INDIGENE, COMMANDANCE GENERALE DE L'ARMEE\",\"breadcrumb\":{\"@id\":\"https:\/\/www.pressenza.com\/fr\/2013\/01\/a-19-ans-de-linsurrection-zapatiste-marcos-a-demande-le-respect-des-droits-des-indigenes\/#breadcrumb\"},\"inLanguage\":\"fr-FR\",\"potentialAction\":[{\"@type\":\"ReadAction\",\"target\":[\"https:\/\/www.pressenza.com\/fr\/2013\/01\/a-19-ans-de-linsurrection-zapatiste-marcos-a-demande-le-respect-des-droits-des-indigenes\/\"]}]},{\"@type\":\"ImageObject\",\"inLanguage\":\"fr-FR\",\"@id\":\"https:\/\/www.pressenza.com\/fr\/2013\/01\/a-19-ans-de-linsurrection-zapatiste-marcos-a-demande-le-respect-des-droits-des-indigenes\/#primaryimage\",\"url\":\"https:\/\/www.pressenza.com\/wp-content\/uploads\/2013\/01\/ezln-marcos-212012.jpg\",\"contentUrl\":\"https:\/\/www.pressenza.com\/wp-content\/uploads\/2013\/01\/ezln-marcos-212012.jpg\",\"width\":\"500\",\"height\":\"375\"},{\"@type\":\"BreadcrumbList\",\"@id\":\"https:\/\/www.pressenza.com\/fr\/2013\/01\/a-19-ans-de-linsurrection-zapatiste-marcos-a-demande-le-respect-des-droits-des-indigenes\/#breadcrumb\",\"itemListElement\":[{\"@type\":\"ListItem\",\"position\":1,\"name\":\"Accueil\",\"item\":\"https:\/\/www.pressenza.com\/fr\/\"},{\"@type\":\"ListItem\",\"position\":2,\"name\":\"A 19 ans de l&rsquo;insurrection zapatiste, Marcos a demand\u00e9 le respect des droits des indig\u00e8nes\"}]},{\"@type\":\"WebSite\",\"@id\":\"https:\/\/www.pressenza.com\/fr\/#website\",\"url\":\"https:\/\/www.pressenza.com\/fr\/\",\"name\":\"Pressenza\",\"description\":\"International Press Agency\",\"publisher\":{\"@id\":\"https:\/\/www.pressenza.com\/fr\/#organization\"},\"potentialAction\":[{\"@type\":\"SearchAction\",\"target\":{\"@type\":\"EntryPoint\",\"urlTemplate\":\"https:\/\/www.pressenza.com\/fr\/?s={search_term_string}\"},\"query-input\":{\"@type\":\"PropertyValueSpecification\",\"valueRequired\":true,\"valueName\":\"search_term_string\"}}],\"inLanguage\":\"fr-FR\"},{\"@type\":\"Organization\",\"@id\":\"https:\/\/www.pressenza.com\/fr\/#organization\",\"name\":\"Pressenza\",\"url\":\"https:\/\/www.pressenza.com\/fr\/\",\"logo\":{\"@type\":\"ImageObject\",\"inLanguage\":\"fr-FR\",\"@id\":\"https:\/\/www.pressenza.com\/fr\/#\/schema\/logo\/image\/\",\"url\":\"https:\/\/www.pressenza.com\/wp-content\/uploads\/2022\/10\/pressenza_logo_200x200.jpg\",\"contentUrl\":\"https:\/\/www.pressenza.com\/wp-content\/uploads\/2022\/10\/pressenza_logo_200x200.jpg\",\"width\":200,\"height\":200,\"caption\":\"Pressenza\"},\"image\":{\"@id\":\"https:\/\/www.pressenza.com\/fr\/#\/schema\/logo\/image\/\"},\"sameAs\":[\"https:\/\/www.facebook.com\/PressenzaItalia\",\"https:\/\/x.com\/PressenzaIPA\"]},{\"@type\":\"Person\",\"@id\":\"https:\/\/www.pressenza.com\/fr\/#\/schema\/person\/010e5d02bcf40965427a1289a4cc8d75\",\"name\":\"Pressenza IPA\",\"description\":\"News from Pressenza IPA correspondents\",\"sameAs\":[\"https:\/\/www.facebook.com\/pressenza\",\"https:\/\/x.com\/PressenzaIPA\"],\"url\":\"https:\/\/www.pressenza.com\/fr\/author\/pressenza-ipa\/\"}]}<\/script>\n<!-- \/ Yoast SEO plugin. -->","yoast_head_json":{"title":"A 19 ans de l'insurrection zapatiste, Marcos a demand\u00e9 le respect des droits des indig\u00e8nes","description":"Pressenza pr\u00e9sente le communiqu\u00e9 de l'EZLN du 31-12-2012 :\u00a0 COMMUNIQUE DU COMITE CLANDESTIN REVOLUTIONNAIRE INDIGENE, COMMANDANCE GENERALE DE L'ARMEE","robots":{"index":"index","follow":"follow","max-snippet":"max-snippet:-1","max-image-preview":"max-image-preview:large","max-video-preview":"max-video-preview:-1"},"canonical":"https:\/\/www.pressenza.com\/fr\/2013\/01\/a-19-ans-de-linsurrection-zapatiste-marcos-a-demande-le-respect-des-droits-des-indigenes\/","og_locale":"fr_FR","og_type":"article","og_title":"A 19 ans de l'insurrection zapatiste, Marcos a demand\u00e9 le respect des droits des indig\u00e8nes","og_description":"Pressenza pr\u00e9sente le communiqu\u00e9 de l'EZLN du 31-12-2012 :\u00a0 COMMUNIQUE DU COMITE CLANDESTIN REVOLUTIONNAIRE INDIGENE, COMMANDANCE GENERALE DE L'ARMEE","og_url":"https:\/\/www.pressenza.com\/fr\/2013\/01\/a-19-ans-de-linsurrection-zapatiste-marcos-a-demande-le-respect-des-droits-des-indigenes\/","og_site_name":"Pressenza","article_publisher":"https:\/\/www.facebook.com\/PressenzaItalia","article_author":"https:\/\/www.facebook.com\/pressenza","article_published_time":"2013-01-02T02:49:44+00:00","og_image":[{"width":500,"height":375,"url":"https:\/\/www.pressenza.com\/wp-content\/uploads\/2013\/01\/ezln-marcos-212012.jpg","type":"image\/jpeg"}],"author":"Pressenza IPA","twitter_card":"summary_large_image","twitter_creator":"@PressenzaIPA","twitter_site":"@PressenzaIPA","twitter_misc":{"\u00c9crit par":"Pressenza IPA","Dur\u00e9e de lecture estim\u00e9e":"9 minutes"},"schema":{"@context":"https:\/\/schema.org","@graph":[{"@type":"Article","@id":"https:\/\/www.pressenza.com\/fr\/2013\/01\/a-19-ans-de-linsurrection-zapatiste-marcos-a-demande-le-respect-des-droits-des-indigenes\/#article","isPartOf":{"@id":"https:\/\/www.pressenza.com\/fr\/2013\/01\/a-19-ans-de-linsurrection-zapatiste-marcos-a-demande-le-respect-des-droits-des-indigenes\/"},"author":{"name":"Pressenza IPA","@id":"https:\/\/www.pressenza.com\/fr\/#\/schema\/person\/010e5d02bcf40965427a1289a4cc8d75"},"headline":"A 19 ans de l&rsquo;insurrection zapatiste, Marcos a demand\u00e9 le respect des droits des indig\u00e8nes","datePublished":"2013-01-02T02:49:44+00:00","mainEntityOfPage":{"@id":"https:\/\/www.pressenza.com\/fr\/2013\/01\/a-19-ans-de-linsurrection-zapatiste-marcos-a-demande-le-respect-des-droits-des-indigenes\/"},"wordCount":1879,"publisher":{"@id":"https:\/\/www.pressenza.com\/fr\/#organization"},"image":{"@id":"https:\/\/www.pressenza.com\/fr\/2013\/01\/a-19-ans-de-linsurrection-zapatiste-marcos-a-demande-le-respect-des-droits-des-indigenes\/#primaryimage"},"thumbnailUrl":"https:\/\/www.pressenza.com\/wp-content\/uploads\/2013\/01\/ezln-marcos-212012.jpg","keywords":["droits des indig\u00e8nes","EZLN","Marcos","zapatiste"],"articleSection":["Am\u00e9rique du Nord","Communiqu\u00e9s de Presse","International","Peuples originaires"],"inLanguage":"fr-FR"},{"@type":"WebPage","@id":"https:\/\/www.pressenza.com\/fr\/2013\/01\/a-19-ans-de-linsurrection-zapatiste-marcos-a-demande-le-respect-des-droits-des-indigenes\/","url":"https:\/\/www.pressenza.com\/fr\/2013\/01\/a-19-ans-de-linsurrection-zapatiste-marcos-a-demande-le-respect-des-droits-des-indigenes\/","name":"A 19 ans de l'insurrection zapatiste, Marcos a demand\u00e9 le respect des droits des indig\u00e8nes","isPartOf":{"@id":"https:\/\/www.pressenza.com\/fr\/#website"},"primaryImageOfPage":{"@id":"https:\/\/www.pressenza.com\/fr\/2013\/01\/a-19-ans-de-linsurrection-zapatiste-marcos-a-demande-le-respect-des-droits-des-indigenes\/#primaryimage"},"image":{"@id":"https:\/\/www.pressenza.com\/fr\/2013\/01\/a-19-ans-de-linsurrection-zapatiste-marcos-a-demande-le-respect-des-droits-des-indigenes\/#primaryimage"},"thumbnailUrl":"https:\/\/www.pressenza.com\/wp-content\/uploads\/2013\/01\/ezln-marcos-212012.jpg","datePublished":"2013-01-02T02:49:44+00:00","description":"Pressenza pr\u00e9sente le communiqu\u00e9 de l'EZLN du 31-12-2012 :\u00a0 COMMUNIQUE DU COMITE CLANDESTIN REVOLUTIONNAIRE INDIGENE, COMMANDANCE GENERALE DE L'ARMEE","breadcrumb":{"@id":"https:\/\/www.pressenza.com\/fr\/2013\/01\/a-19-ans-de-linsurrection-zapatiste-marcos-a-demande-le-respect-des-droits-des-indigenes\/#breadcrumb"},"inLanguage":"fr-FR","potentialAction":[{"@type":"ReadAction","target":["https:\/\/www.pressenza.com\/fr\/2013\/01\/a-19-ans-de-linsurrection-zapatiste-marcos-a-demande-le-respect-des-droits-des-indigenes\/"]}]},{"@type":"ImageObject","inLanguage":"fr-FR","@id":"https:\/\/www.pressenza.com\/fr\/2013\/01\/a-19-ans-de-linsurrection-zapatiste-marcos-a-demande-le-respect-des-droits-des-indigenes\/#primaryimage","url":"https:\/\/www.pressenza.com\/wp-content\/uploads\/2013\/01\/ezln-marcos-212012.jpg","contentUrl":"https:\/\/www.pressenza.com\/wp-content\/uploads\/2013\/01\/ezln-marcos-212012.jpg","width":"500","height":"375"},{"@type":"BreadcrumbList","@id":"https:\/\/www.pressenza.com\/fr\/2013\/01\/a-19-ans-de-linsurrection-zapatiste-marcos-a-demande-le-respect-des-droits-des-indigenes\/#breadcrumb","itemListElement":[{"@type":"ListItem","position":1,"name":"Accueil","item":"https:\/\/www.pressenza.com\/fr\/"},{"@type":"ListItem","position":2,"name":"A 19 ans de l&rsquo;insurrection zapatiste, Marcos a demand\u00e9 le respect des droits des indig\u00e8nes"}]},{"@type":"WebSite","@id":"https:\/\/www.pressenza.com\/fr\/#website","url":"https:\/\/www.pressenza.com\/fr\/","name":"Pressenza","description":"International Press Agency","publisher":{"@id":"https:\/\/www.pressenza.com\/fr\/#organization"},"potentialAction":[{"@type":"SearchAction","target":{"@type":"EntryPoint","urlTemplate":"https:\/\/www.pressenza.com\/fr\/?s={search_term_string}"},"query-input":{"@type":"PropertyValueSpecification","valueRequired":true,"valueName":"search_term_string"}}],"inLanguage":"fr-FR"},{"@type":"Organization","@id":"https:\/\/www.pressenza.com\/fr\/#organization","name":"Pressenza","url":"https:\/\/www.pressenza.com\/fr\/","logo":{"@type":"ImageObject","inLanguage":"fr-FR","@id":"https:\/\/www.pressenza.com\/fr\/#\/schema\/logo\/image\/","url":"https:\/\/www.pressenza.com\/wp-content\/uploads\/2022\/10\/pressenza_logo_200x200.jpg","contentUrl":"https:\/\/www.pressenza.com\/wp-content\/uploads\/2022\/10\/pressenza_logo_200x200.jpg","width":200,"height":200,"caption":"Pressenza"},"image":{"@id":"https:\/\/www.pressenza.com\/fr\/#\/schema\/logo\/image\/"},"sameAs":["https:\/\/www.facebook.com\/PressenzaItalia","https:\/\/x.com\/PressenzaIPA"]},{"@type":"Person","@id":"https:\/\/www.pressenza.com\/fr\/#\/schema\/person\/010e5d02bcf40965427a1289a4cc8d75","name":"Pressenza IPA","description":"News from Pressenza IPA correspondents","sameAs":["https:\/\/www.facebook.com\/pressenza","https:\/\/x.com\/PressenzaIPA"],"url":"https:\/\/www.pressenza.com\/fr\/author\/pressenza-ipa\/"}]}},"place":"MEXICO","original_article_url":"","_links":{"self":[{"href":"https:\/\/www.pressenza.com\/fr\/wp-json\/wp\/v2\/posts\/31398","targetHints":{"allow":["GET"]}}],"collection":[{"href":"https:\/\/www.pressenza.com\/fr\/wp-json\/wp\/v2\/posts"}],"about":[{"href":"https:\/\/www.pressenza.com\/fr\/wp-json\/wp\/v2\/types\/post"}],"author":[{"embeddable":true,"href":"https:\/\/www.pressenza.com\/fr\/wp-json\/wp\/v2\/users\/19"}],"replies":[{"embeddable":true,"href":"https:\/\/www.pressenza.com\/fr\/wp-json\/wp\/v2\/comments?post=31398"}],"version-history":[{"count":0,"href":"https:\/\/www.pressenza.com\/fr\/wp-json\/wp\/v2\/posts\/31398\/revisions"}],"wp:featuredmedia":[{"embeddable":true,"href":"https:\/\/www.pressenza.com\/fr\/wp-json\/wp\/v2\/media\/31399"}],"wp:attachment":[{"href":"https:\/\/www.pressenza.com\/fr\/wp-json\/wp\/v2\/media?parent=31398"}],"wp:term":[{"taxonomy":"category","embeddable":true,"href":"https:\/\/www.pressenza.com\/fr\/wp-json\/wp\/v2\/categories?post=31398"},{"taxonomy":"post_tag","embeddable":true,"href":"https:\/\/www.pressenza.com\/fr\/wp-json\/wp\/v2\/tags?post=31398"}],"curies":[{"name":"wp","href":"https:\/\/api.w.org\/{rel}","templated":true}]}}