{"id":310346,"date":"2016-05-07T05:45:39","date_gmt":"2016-05-07T04:45:39","guid":{"rendered":"http:\/\/www.pressenza.com\/fr\/?p=310346"},"modified":"2016-05-08T03:29:00","modified_gmt":"2016-05-08T02:29:00","slug":"bororos-entre-sedentarisation-recherche-bien-etre","status":"publish","type":"post","link":"https:\/\/www.pressenza.com\/fr\/2016\/05\/bororos-entre-sedentarisation-recherche-bien-etre\/","title":{"rendered":"Les\u00a0Bororos\u00a0: Entre s\u00e9dentarisation et recherche du bien- \u00eatre"},"content":{"rendered":"<p><em>La fin des plaintes des Bororos n\u2019est pas pour demain. Le foss\u00e9 infrastructurel entre ces nomades s\u00e9dentaris\u00e9s et les populations d\u2019accueil est tr\u00e8s grand et frise parfois la marginalisation et la n\u00e9gligence.<\/em><\/p>\n<p>Les Bororos au Cameroun constituent un grand groupe ethnique unique qui parle la m\u00eame langue et qui fait partie des groupes dits des minorit\u00e9s : venus du Nord Cameroun et diss\u00e9min\u00e9s dans les r\u00e9gions du Nord-Ouest, de l\u2019Ouest et de l\u2019Est. Dans ces localit\u00e9s, ils sont r\u00e9guli\u00e8rement sujets aux\u00a0violations de leurs droits. Venus des r\u00e9gions septentrionales du Cameroun depuis\u00a0des d\u00e9cennies, ils se sont \u00e9tablis dans plusieurs r\u00e9gions du pays o\u00f9 ils ont\u00a0trouv\u00e9 des p\u00e2turages disponibles pour leurs cheptels. La cohabitation avec les populations d\u2019accueil a toujours \u00e9t\u00e9 pacifique jusqu\u2019ici en d\u00e9pit\u00a0d&rsquo;actes de pers\u00e9cutions \u00e0 l\u2019instar de ceux observ\u00e9s il y a quelques ann\u00e9es dans le d\u00e9partement du Nd\u00e9, r\u00e9gion de l\u2019Ouest Cameroun.<\/p>\n<p><strong>Abus\u00e9s<\/strong><\/p>\n<p>Mais en visitant les communaut\u00e9s des Bororos, on se rend compte que ceux-ci n\u2019ont pas toujours acc\u00e8s aux services et infrastructures de d\u00e9veloppement essentiels\u00a0\u00e0 leur \u00e9panouissement. En nous rendant dans\u00a0la communaut\u00e9 Bororos de Binjeng dans le d\u00e9partement de Donga Mantung, on a pu voir que ces derniers n\u2019ont par exemple pas acc\u00e8s \u00e0 l\u2019eau potable. Les ruisseaux, les rivi\u00e8res et nappes d\u2019eau sont leurs principaux points de ravitaillement en eau potable. Le relief est favorable \u00e0 l\u2019am\u00e9nagement de points d\u2019eau\u00a0<em>\u00ab\u00a0On peut pourtant construire un bac de r\u00e9cup\u00e9ration sur ce ruisseau et y installer une pompe refoulante qui pompera l\u2019eau l\u00e0-haut jusqu&rsquo;\u00e0 nos maisons\u00a0\u00bb<\/em>\u00a0d\u00e9clare Ardo Sele, Chef de la communaut\u00e9 Bororos de Binjeng. Dans leur recherche de vouloir doter leur communaut\u00e9 d\u2019eau potable, ils ont \u00e9t\u00e9 approch\u00e9s en 2014 par un homme politique de la localit\u00e9 qui s\u2019\u00e9tait propos\u00e9 de faire parvenir le pr\u00e9cieux liquide dans leur campement en installant une canalisation qui serait branch\u00e9e sur un r\u00e9seau d\u2019eau potable existant situ\u00e9 \u00e0 5 km. Mais cet ouvrage ne pouvait devenir r\u00e9alit\u00e9 que si les b\u00e9n\u00e9ficiaires mettaient la main \u00e0\u00a0la p\u00e2te. C\u2019est ainsi qu\u2019ils ont cotis\u00e9 la somme de 600\u00a0000 FCFA comme l\u2019exigeait leur bienfaiteur mais ce dernier s&rsquo;est ensuite \u00ab\u00a0\u00e9vapor\u00e9\u00a0\u00bb&#8230; Ce qui reste aujourd\u2019hui \u00e0 Bijeng de ce projet avort\u00e9 est une tranch\u00e9e d\u2019une dizaine de m\u00e8tres lin\u00e9aires recouverte par des herbes.<\/p>\n<p><strong>N\u00e9glig\u00e9s<\/strong><\/p>\n<p>Le vent a ensuite emport\u00e9 le toit de l\u2019unique \u00e9cole publique.\u00a0Faute de moyens pour le r\u00e9parer eux-m\u00eames, cette \u00e9cole de deux salles de classe reste\u00a0toujours sans toit. Les \u00e9l\u00e8ves et leurs enseignants scrutent chaque fois le ciel pour voir si le temps sera\u00a0cl\u00e9ment ou pas.<\/p>\n<p><strong>Divis\u00e9s<\/strong><\/p>\n<p>Conscients du fait qu\u2019ils doivent prendre des mesures pour sortir de la marginalisation et de l\u2019enclavement, les Bororos avaient cr\u00e9\u00e9 une solide association pour optimiser leurs\u00a0droits et promouvoir le d\u00e9veloppement de leur communaut\u00e9 d\u00e9nomm\u00e9e MBOSCUDA. Plusieurs communaut\u00e9s Bororos sont aujourd\u2019hui dot\u00e9es de forage gr\u00e2ce \u00e0 cette association qui n\u2019agit qu&rsquo;avec les moyens dont elle dispose. Cette volont\u00e9\u00a0des MBOSCUDA \u00e0 vouloir sortir les Bororos de l\u2019ombre a \u00e9t\u00e9 perturb\u00e9e il y a un peu plus d\u2019un an par une autre fraction, une association de d\u00e9fense cr\u00e9\u00e9e sous l\u2019impulsion d\u2019un richissime homme d\u2019affaires bororos. Les Bororos avaient vu en cette association l\u2019id\u00e9e de division d\u2019o\u00f9 les grincements de dents de certains qui s\u2019offusquaient du fait qu\u2019on leur demande de donner un b\u0153uf pour adh\u00e9rer \u00e0 la nouvelle association. Ce crit\u00e8re d\u2019adh\u00e9sion avait \u00e9t\u00e9 jug\u00e9 exag\u00e9r\u00e9 par plus d\u2019un.\u00a0Pourtant, ce\u00a0sont des Camerounais \u00e0 part enti\u00e8re qui contribuent \u00e0\u00a0leur mani\u00e8re au d\u00e9veloppement de ce pays, \u00e0 travers leurs activit\u00e9s\u00a0pastorales. M\u00eame si la constitution est claire sur la question des minorit\u00e9s et des autochtones, l&rsquo;\u2019Etat doit assurer\u00a0<em>\u00ab conform\u00e9ment \u00e0 la loi, la protection des minorit\u00e9s doit\u00a0\u00a0pr\u00e9server les droits des populations autochtones \u00a0\u00bb.<\/em><\/p>\n<p>&nbsp;<\/p>\n","protected":false},"excerpt":{"rendered":"<p>La fin des plaintes des Bororos n\u2019est pas pour demain. Le foss\u00e9 infrastructurel entre ces nomades s\u00e9dentaris\u00e9s et les populations d\u2019accueil est tr\u00e8s grand et frise parfois la marginalisation et la n\u00e9gligence. Les Bororos au Cameroun constituent un grand groupe&hellip;<\/p>\n","protected":false},"author":248,"featured_media":311694,"comment_status":"closed","ping_status":"closed","sticky":false,"template":"","format":"standard","meta":{"footnotes":""},"categories":[83,11386,99],"tags":[26852,2612],"class_list":["post-310346","post","type-post","status-publish","format-standard","has-post-thumbnail","hentry","category-africa-fr","category-contenu-original","category-peuples-autochtones","tag-bororos","tag-cameroun"],"yoast_head":"<!-- This site is optimized with the Yoast SEO plugin v27.1.1 - https:\/\/yoast.com\/product\/yoast-seo-wordpress\/ -->\n<title>Les\u00a0Bororos\u00a0: Entre s\u00e9dentarisation et recherche du bien- \u00eatre<\/title>\n<meta name=\"description\" content=\"La fin des plaintes des Bororos n\u2019est pas pour demain. Le foss\u00e9 infrastructurel entre ces nomades s\u00e9dentaris\u00e9s et les populations d\u2019accueil est tr\u00e8s grand\" \/>\n<meta name=\"robots\" content=\"index, follow, max-snippet:-1, max-image-preview:large, max-video-preview:-1\" \/>\n<link rel=\"canonical\" href=\"https:\/\/www.pressenza.com\/fr\/2016\/05\/bororos-entre-sedentarisation-recherche-bien-etre\/\" \/>\n<meta property=\"og:locale\" content=\"fr_FR\" \/>\n<meta property=\"og:type\" content=\"article\" \/>\n<meta property=\"og:title\" content=\"Les\u00a0Bororos\u00a0: Entre s\u00e9dentarisation et recherche du bien- \u00eatre\" \/>\n<meta property=\"og:description\" content=\"La fin des plaintes des Bororos n\u2019est pas pour demain. Le foss\u00e9 infrastructurel entre ces nomades s\u00e9dentaris\u00e9s et les populations d\u2019accueil est tr\u00e8s grand\" \/>\n<meta property=\"og:url\" content=\"https:\/\/www.pressenza.com\/fr\/2016\/05\/bororos-entre-sedentarisation-recherche-bien-etre\/\" \/>\n<meta property=\"og:site_name\" content=\"Pressenza\" \/>\n<meta property=\"article:publisher\" content=\"https:\/\/www.facebook.com\/PressenzaItalia\" \/>\n<meta property=\"article:published_time\" content=\"2016-05-07T04:45:39+00:00\" \/>\n<meta property=\"article:modified_time\" content=\"2016-05-08T02:29:00+00:00\" \/>\n<meta property=\"og:image\" content=\"https:\/\/www.pressenza.com\/wp-content\/uploads\/2016\/05\/Les-Bororos-Entre-s\u00e9dentarisation-et-recherche-du-bien-\u00eatre.jpg\" \/>\n\t<meta property=\"og:image:width\" content=\"750\" \/>\n\t<meta property=\"og:image:height\" content=\"498\" \/>\n\t<meta property=\"og:image:type\" content=\"image\/jpeg\" \/>\n<meta name=\"author\" content=\"Fran\u00e7ois Tekam\" \/>\n<meta name=\"twitter:card\" content=\"summary_large_image\" \/>\n<meta name=\"twitter:creator\" content=\"@PressenzaIPA\" \/>\n<meta name=\"twitter:site\" content=\"@PressenzaIPA\" \/>\n<meta name=\"twitter:label1\" content=\"\u00c9crit par\" \/>\n\t<meta name=\"twitter:data1\" content=\"Fran\u00e7ois Tekam\" \/>\n\t<meta name=\"twitter:label2\" content=\"Dur\u00e9e de lecture estim\u00e9e\" \/>\n\t<meta name=\"twitter:data2\" content=\"4 minutes\" \/>\n<script type=\"application\/ld+json\" class=\"yoast-schema-graph\">{\"@context\":\"https:\/\/schema.org\",\"@graph\":[{\"@type\":\"Article\",\"@id\":\"https:\/\/www.pressenza.com\/fr\/2016\/05\/bororos-entre-sedentarisation-recherche-bien-etre\/#article\",\"isPartOf\":{\"@id\":\"https:\/\/www.pressenza.com\/fr\/2016\/05\/bororos-entre-sedentarisation-recherche-bien-etre\/\"},\"author\":{\"name\":\"Fran\u00e7ois Tekam\",\"@id\":\"https:\/\/www.pressenza.com\/fr\/#\/schema\/person\/9ae9dbeeba564284657be26a9456fbf8\"},\"headline\":\"Les\u00a0Bororos\u00a0: Entre s\u00e9dentarisation et recherche du bien- \u00eatre\",\"datePublished\":\"2016-05-07T04:45:39+00:00\",\"dateModified\":\"2016-05-08T02:29:00+00:00\",\"mainEntityOfPage\":{\"@id\":\"https:\/\/www.pressenza.com\/fr\/2016\/05\/bororos-entre-sedentarisation-recherche-bien-etre\/\"},\"wordCount\":731,\"publisher\":{\"@id\":\"https:\/\/www.pressenza.com\/fr\/#organization\"},\"image\":{\"@id\":\"https:\/\/www.pressenza.com\/fr\/2016\/05\/bororos-entre-sedentarisation-recherche-bien-etre\/#primaryimage\"},\"thumbnailUrl\":\"https:\/\/www.pressenza.com\/wp-content\/uploads\/2016\/05\/Les-Bororos-Entre-s\u00e9dentarisation-et-recherche-du-bien-\u00eatre.jpg\",\"keywords\":[\"Bororos\",\"Cameroun\"],\"articleSection\":[\"Afrique\",\"Contenu Original\",\"Peuples originaires\"],\"inLanguage\":\"fr-FR\"},{\"@type\":\"WebPage\",\"@id\":\"https:\/\/www.pressenza.com\/fr\/2016\/05\/bororos-entre-sedentarisation-recherche-bien-etre\/\",\"url\":\"https:\/\/www.pressenza.com\/fr\/2016\/05\/bororos-entre-sedentarisation-recherche-bien-etre\/\",\"name\":\"Les\u00a0Bororos\u00a0: Entre s\u00e9dentarisation et recherche du bien- \u00eatre\",\"isPartOf\":{\"@id\":\"https:\/\/www.pressenza.com\/fr\/#website\"},\"primaryImageOfPage\":{\"@id\":\"https:\/\/www.pressenza.com\/fr\/2016\/05\/bororos-entre-sedentarisation-recherche-bien-etre\/#primaryimage\"},\"image\":{\"@id\":\"https:\/\/www.pressenza.com\/fr\/2016\/05\/bororos-entre-sedentarisation-recherche-bien-etre\/#primaryimage\"},\"thumbnailUrl\":\"https:\/\/www.pressenza.com\/wp-content\/uploads\/2016\/05\/Les-Bororos-Entre-s\u00e9dentarisation-et-recherche-du-bien-\u00eatre.jpg\",\"datePublished\":\"2016-05-07T04:45:39+00:00\",\"dateModified\":\"2016-05-08T02:29:00+00:00\",\"description\":\"La fin des plaintes des Bororos n\u2019est pas pour demain. Le foss\u00e9 infrastructurel entre ces nomades s\u00e9dentaris\u00e9s et les populations d\u2019accueil est tr\u00e8s grand\",\"breadcrumb\":{\"@id\":\"https:\/\/www.pressenza.com\/fr\/2016\/05\/bororos-entre-sedentarisation-recherche-bien-etre\/#breadcrumb\"},\"inLanguage\":\"fr-FR\",\"potentialAction\":[{\"@type\":\"ReadAction\",\"target\":[\"https:\/\/www.pressenza.com\/fr\/2016\/05\/bororos-entre-sedentarisation-recherche-bien-etre\/\"]}]},{\"@type\":\"ImageObject\",\"inLanguage\":\"fr-FR\",\"@id\":\"https:\/\/www.pressenza.com\/fr\/2016\/05\/bororos-entre-sedentarisation-recherche-bien-etre\/#primaryimage\",\"url\":\"https:\/\/www.pressenza.com\/wp-content\/uploads\/2016\/05\/Les-Bororos-Entre-s\u00e9dentarisation-et-recherche-du-bien-\u00eatre.jpg\",\"contentUrl\":\"https:\/\/www.pressenza.com\/wp-content\/uploads\/2016\/05\/Les-Bororos-Entre-s\u00e9dentarisation-et-recherche-du-bien-\u00eatre.jpg\",\"width\":750,\"height\":498},{\"@type\":\"BreadcrumbList\",\"@id\":\"https:\/\/www.pressenza.com\/fr\/2016\/05\/bororos-entre-sedentarisation-recherche-bien-etre\/#breadcrumb\",\"itemListElement\":[{\"@type\":\"ListItem\",\"position\":1,\"name\":\"Accueil\",\"item\":\"https:\/\/www.pressenza.com\/fr\/\"},{\"@type\":\"ListItem\",\"position\":2,\"name\":\"Les\u00a0Bororos\u00a0: Entre s\u00e9dentarisation et recherche du bien- \u00eatre\"}]},{\"@type\":\"WebSite\",\"@id\":\"https:\/\/www.pressenza.com\/fr\/#website\",\"url\":\"https:\/\/www.pressenza.com\/fr\/\",\"name\":\"Pressenza\",\"description\":\"International Press Agency\",\"publisher\":{\"@id\":\"https:\/\/www.pressenza.com\/fr\/#organization\"},\"potentialAction\":[{\"@type\":\"SearchAction\",\"target\":{\"@type\":\"EntryPoint\",\"urlTemplate\":\"https:\/\/www.pressenza.com\/fr\/?s={search_term_string}\"},\"query-input\":{\"@type\":\"PropertyValueSpecification\",\"valueRequired\":true,\"valueName\":\"search_term_string\"}}],\"inLanguage\":\"fr-FR\"},{\"@type\":\"Organization\",\"@id\":\"https:\/\/www.pressenza.com\/fr\/#organization\",\"name\":\"Pressenza\",\"url\":\"https:\/\/www.pressenza.com\/fr\/\",\"logo\":{\"@type\":\"ImageObject\",\"inLanguage\":\"fr-FR\",\"@id\":\"https:\/\/www.pressenza.com\/fr\/#\/schema\/logo\/image\/\",\"url\":\"https:\/\/www.pressenza.com\/wp-content\/uploads\/2022\/10\/pressenza_logo_200x200.jpg\",\"contentUrl\":\"https:\/\/www.pressenza.com\/wp-content\/uploads\/2022\/10\/pressenza_logo_200x200.jpg\",\"width\":200,\"height\":200,\"caption\":\"Pressenza\"},\"image\":{\"@id\":\"https:\/\/www.pressenza.com\/fr\/#\/schema\/logo\/image\/\"},\"sameAs\":[\"https:\/\/www.facebook.com\/PressenzaItalia\",\"https:\/\/x.com\/PressenzaIPA\"]},{\"@type\":\"Person\",\"@id\":\"https:\/\/www.pressenza.com\/fr\/#\/schema\/person\/9ae9dbeeba564284657be26a9456fbf8\",\"name\":\"Fran\u00e7ois Tekam\",\"description\":\"Fran\u00e7ois Tekam, n\u00e9 le 18 juin 1971 dans la r\u00e9gion de l\u2019ouest Cameroun, a fait des \u00e9tudes de droit priv\u00e9, droit international de l\u2019environnement. Il a travaill\u00e9 pour plusieurs m\u00e9dias imprim\u00e9s et vit actuellement \u00e0 Yaound\u00e9. Fran\u00e7ois Tekam, born June 18th, 1971, in the west of Cameroon, studied civil law and international environmental law. He has worked for several print media and currently lives in Yaounde.\",\"url\":\"https:\/\/www.pressenza.com\/fr\/author\/francois-tekam\/\"}]}<\/script>\n<!-- \/ Yoast SEO plugin. -->","yoast_head_json":{"title":"Les\u00a0Bororos\u00a0: Entre s\u00e9dentarisation et recherche du bien- \u00eatre","description":"La fin des plaintes des Bororos n\u2019est pas pour demain. Le foss\u00e9 infrastructurel entre ces nomades s\u00e9dentaris\u00e9s et les populations d\u2019accueil est tr\u00e8s grand","robots":{"index":"index","follow":"follow","max-snippet":"max-snippet:-1","max-image-preview":"max-image-preview:large","max-video-preview":"max-video-preview:-1"},"canonical":"https:\/\/www.pressenza.com\/fr\/2016\/05\/bororos-entre-sedentarisation-recherche-bien-etre\/","og_locale":"fr_FR","og_type":"article","og_title":"Les\u00a0Bororos\u00a0: Entre s\u00e9dentarisation et recherche du bien- \u00eatre","og_description":"La fin des plaintes des Bororos n\u2019est pas pour demain. Le foss\u00e9 infrastructurel entre ces nomades s\u00e9dentaris\u00e9s et les populations d\u2019accueil est tr\u00e8s grand","og_url":"https:\/\/www.pressenza.com\/fr\/2016\/05\/bororos-entre-sedentarisation-recherche-bien-etre\/","og_site_name":"Pressenza","article_publisher":"https:\/\/www.facebook.com\/PressenzaItalia","article_published_time":"2016-05-07T04:45:39+00:00","article_modified_time":"2016-05-08T02:29:00+00:00","og_image":[{"width":750,"height":498,"url":"https:\/\/www.pressenza.com\/wp-content\/uploads\/2016\/05\/Les-Bororos-Entre-s\u00e9dentarisation-et-recherche-du-bien-\u00eatre.jpg","type":"image\/jpeg"}],"author":"Fran\u00e7ois Tekam","twitter_card":"summary_large_image","twitter_creator":"@PressenzaIPA","twitter_site":"@PressenzaIPA","twitter_misc":{"\u00c9crit par":"Fran\u00e7ois Tekam","Dur\u00e9e de lecture estim\u00e9e":"4 minutes"},"schema":{"@context":"https:\/\/schema.org","@graph":[{"@type":"Article","@id":"https:\/\/www.pressenza.com\/fr\/2016\/05\/bororos-entre-sedentarisation-recherche-bien-etre\/#article","isPartOf":{"@id":"https:\/\/www.pressenza.com\/fr\/2016\/05\/bororos-entre-sedentarisation-recherche-bien-etre\/"},"author":{"name":"Fran\u00e7ois Tekam","@id":"https:\/\/www.pressenza.com\/fr\/#\/schema\/person\/9ae9dbeeba564284657be26a9456fbf8"},"headline":"Les\u00a0Bororos\u00a0: Entre s\u00e9dentarisation et recherche du bien- \u00eatre","datePublished":"2016-05-07T04:45:39+00:00","dateModified":"2016-05-08T02:29:00+00:00","mainEntityOfPage":{"@id":"https:\/\/www.pressenza.com\/fr\/2016\/05\/bororos-entre-sedentarisation-recherche-bien-etre\/"},"wordCount":731,"publisher":{"@id":"https:\/\/www.pressenza.com\/fr\/#organization"},"image":{"@id":"https:\/\/www.pressenza.com\/fr\/2016\/05\/bororos-entre-sedentarisation-recherche-bien-etre\/#primaryimage"},"thumbnailUrl":"https:\/\/www.pressenza.com\/wp-content\/uploads\/2016\/05\/Les-Bororos-Entre-s\u00e9dentarisation-et-recherche-du-bien-\u00eatre.jpg","keywords":["Bororos","Cameroun"],"articleSection":["Afrique","Contenu Original","Peuples originaires"],"inLanguage":"fr-FR"},{"@type":"WebPage","@id":"https:\/\/www.pressenza.com\/fr\/2016\/05\/bororos-entre-sedentarisation-recherche-bien-etre\/","url":"https:\/\/www.pressenza.com\/fr\/2016\/05\/bororos-entre-sedentarisation-recherche-bien-etre\/","name":"Les\u00a0Bororos\u00a0: Entre s\u00e9dentarisation et recherche du bien- \u00eatre","isPartOf":{"@id":"https:\/\/www.pressenza.com\/fr\/#website"},"primaryImageOfPage":{"@id":"https:\/\/www.pressenza.com\/fr\/2016\/05\/bororos-entre-sedentarisation-recherche-bien-etre\/#primaryimage"},"image":{"@id":"https:\/\/www.pressenza.com\/fr\/2016\/05\/bororos-entre-sedentarisation-recherche-bien-etre\/#primaryimage"},"thumbnailUrl":"https:\/\/www.pressenza.com\/wp-content\/uploads\/2016\/05\/Les-Bororos-Entre-s\u00e9dentarisation-et-recherche-du-bien-\u00eatre.jpg","datePublished":"2016-05-07T04:45:39+00:00","dateModified":"2016-05-08T02:29:00+00:00","description":"La fin des plaintes des Bororos n\u2019est pas pour demain. Le foss\u00e9 infrastructurel entre ces nomades s\u00e9dentaris\u00e9s et les populations d\u2019accueil est tr\u00e8s grand","breadcrumb":{"@id":"https:\/\/www.pressenza.com\/fr\/2016\/05\/bororos-entre-sedentarisation-recherche-bien-etre\/#breadcrumb"},"inLanguage":"fr-FR","potentialAction":[{"@type":"ReadAction","target":["https:\/\/www.pressenza.com\/fr\/2016\/05\/bororos-entre-sedentarisation-recherche-bien-etre\/"]}]},{"@type":"ImageObject","inLanguage":"fr-FR","@id":"https:\/\/www.pressenza.com\/fr\/2016\/05\/bororos-entre-sedentarisation-recherche-bien-etre\/#primaryimage","url":"https:\/\/www.pressenza.com\/wp-content\/uploads\/2016\/05\/Les-Bororos-Entre-s\u00e9dentarisation-et-recherche-du-bien-\u00eatre.jpg","contentUrl":"https:\/\/www.pressenza.com\/wp-content\/uploads\/2016\/05\/Les-Bororos-Entre-s\u00e9dentarisation-et-recherche-du-bien-\u00eatre.jpg","width":750,"height":498},{"@type":"BreadcrumbList","@id":"https:\/\/www.pressenza.com\/fr\/2016\/05\/bororos-entre-sedentarisation-recherche-bien-etre\/#breadcrumb","itemListElement":[{"@type":"ListItem","position":1,"name":"Accueil","item":"https:\/\/www.pressenza.com\/fr\/"},{"@type":"ListItem","position":2,"name":"Les\u00a0Bororos\u00a0: Entre s\u00e9dentarisation et recherche du bien- \u00eatre"}]},{"@type":"WebSite","@id":"https:\/\/www.pressenza.com\/fr\/#website","url":"https:\/\/www.pressenza.com\/fr\/","name":"Pressenza","description":"International Press Agency","publisher":{"@id":"https:\/\/www.pressenza.com\/fr\/#organization"},"potentialAction":[{"@type":"SearchAction","target":{"@type":"EntryPoint","urlTemplate":"https:\/\/www.pressenza.com\/fr\/?s={search_term_string}"},"query-input":{"@type":"PropertyValueSpecification","valueRequired":true,"valueName":"search_term_string"}}],"inLanguage":"fr-FR"},{"@type":"Organization","@id":"https:\/\/www.pressenza.com\/fr\/#organization","name":"Pressenza","url":"https:\/\/www.pressenza.com\/fr\/","logo":{"@type":"ImageObject","inLanguage":"fr-FR","@id":"https:\/\/www.pressenza.com\/fr\/#\/schema\/logo\/image\/","url":"https:\/\/www.pressenza.com\/wp-content\/uploads\/2022\/10\/pressenza_logo_200x200.jpg","contentUrl":"https:\/\/www.pressenza.com\/wp-content\/uploads\/2022\/10\/pressenza_logo_200x200.jpg","width":200,"height":200,"caption":"Pressenza"},"image":{"@id":"https:\/\/www.pressenza.com\/fr\/#\/schema\/logo\/image\/"},"sameAs":["https:\/\/www.facebook.com\/PressenzaItalia","https:\/\/x.com\/PressenzaIPA"]},{"@type":"Person","@id":"https:\/\/www.pressenza.com\/fr\/#\/schema\/person\/9ae9dbeeba564284657be26a9456fbf8","name":"Fran\u00e7ois Tekam","description":"Fran\u00e7ois Tekam, n\u00e9 le 18 juin 1971 dans la r\u00e9gion de l\u2019ouest Cameroun, a fait des \u00e9tudes de droit priv\u00e9, droit international de l\u2019environnement. Il a travaill\u00e9 pour plusieurs m\u00e9dias imprim\u00e9s et vit actuellement \u00e0 Yaound\u00e9. Fran\u00e7ois Tekam, born June 18th, 1971, in the west of Cameroon, studied civil law and international environmental law. He has worked for several print media and currently lives in Yaounde.","url":"https:\/\/www.pressenza.com\/fr\/author\/francois-tekam\/"}]}},"place":"Cameroun","original_article_url":"","_links":{"self":[{"href":"https:\/\/www.pressenza.com\/fr\/wp-json\/wp\/v2\/posts\/310346","targetHints":{"allow":["GET"]}}],"collection":[{"href":"https:\/\/www.pressenza.com\/fr\/wp-json\/wp\/v2\/posts"}],"about":[{"href":"https:\/\/www.pressenza.com\/fr\/wp-json\/wp\/v2\/types\/post"}],"author":[{"embeddable":true,"href":"https:\/\/www.pressenza.com\/fr\/wp-json\/wp\/v2\/users\/248"}],"replies":[{"embeddable":true,"href":"https:\/\/www.pressenza.com\/fr\/wp-json\/wp\/v2\/comments?post=310346"}],"version-history":[{"count":0,"href":"https:\/\/www.pressenza.com\/fr\/wp-json\/wp\/v2\/posts\/310346\/revisions"}],"wp:featuredmedia":[{"embeddable":true,"href":"https:\/\/www.pressenza.com\/fr\/wp-json\/wp\/v2\/media\/311694"}],"wp:attachment":[{"href":"https:\/\/www.pressenza.com\/fr\/wp-json\/wp\/v2\/media?parent=310346"}],"wp:term":[{"taxonomy":"category","embeddable":true,"href":"https:\/\/www.pressenza.com\/fr\/wp-json\/wp\/v2\/categories?post=310346"},{"taxonomy":"post_tag","embeddable":true,"href":"https:\/\/www.pressenza.com\/fr\/wp-json\/wp\/v2\/tags?post=310346"}],"curies":[{"name":"wp","href":"https:\/\/api.w.org\/{rel}","templated":true}]}}