{"id":29852,"date":"2012-12-22T01:47:05","date_gmt":"2012-12-22T01:47:05","guid":{"rendered":"http:\/\/www.pressenza.com\/?p=29852"},"modified":"2012-12-22T01:47:05","modified_gmt":"2012-12-22T01:47:05","slug":"leuthanasie-taboue-pour-les-malades-mentaux-meme-aux-pays-bas","status":"publish","type":"post","link":"https:\/\/www.pressenza.com\/fr\/2012\/12\/leuthanasie-taboue-pour-les-malades-mentaux-meme-aux-pays-bas\/","title":{"rendered":"L\u2019euthanasie taboue pour les malades mentaux, m\u00eame aux Pays-Bas"},"content":{"rendered":"<p><strong>Aux Pays-Bas, les personnes souffrant de maladie mentale incurable ont le droit l\u00e9gal \u00e0 l\u2019euthanasie au m\u00eame titre que les malades physiques en stade terminal. Mais ils n\u2019en b\u00e9n\u00e9ficient presque jamais.<\/strong><\/p>\n<p>&nbsp;<\/p>\n<p><strong>Par Karlijn van Houwelingen pour NRC International<\/strong><\/p>\n<p>Une femme de 66 ans souffrant de d\u00e9pression avait annonc\u00e9 \u00e0 son psychiatre, Cornelis van Houwelingen, qu\u2019elle avait essay\u00e9 de se jeter sous un train. Ce n\u2019est pas la premi\u00e8re fois qu\u2019elle essayait de se suicider. Van Houweling suivait cette femme depuis 15 ans et avait essay\u00e9 toutes sortes de traitement, sans r\u00e9ussite. Cette femme souffrait de mani\u00e8re intol\u00e9rable sans espoir de gu\u00e9rison. Enfin de compte, le m\u00e9decin lui a administr\u00e9 une drogue mortelle.<br \/>\nLa d\u00e9cision de Van Houweling est rare parmi les psychiatres. La loi n\u00e9erlandaise qui a l\u00e9galis\u00e9 l\u2019euthanasie en 2002 s\u2019applique \u00e9galement \u00e0 la sant\u00e9 mentale, mais les psychiatres sont en grande majorit\u00e9 r\u00e9ticents \u00e0 participer au suicide assist\u00e9.<\/p>\n<p><strong>Deux cas en 2008<\/strong><\/p>\n<p>Parmi les 2.331 cas recens\u00e9s par les comit\u00e9s r\u00e9gionaux r\u00e9gissant l\u2019euthanasie, seuls deux concernent des malades psychiatriques. Tpous les m\u00e9decins sont oblig\u00e9s de rapporter les suicides assist\u00e9s \u00e0 ces comit\u00e9s, qui v\u00e9rifient si les exigences l\u00e9gales ont \u00e9t\u00e9 respect\u00e9es.<br \/>\n\u00ab\u00a0Les psychiatres ont une attitude de sup\u00e9riorit\u00e9\u00a0\u00bb, a d\u00e9clar\u00e9 Hans van Dam, infirmier et enseignant, lors d\u2019un symposium organis\u00e9 par l\u2019association \u00ab\u00a0Le droit \u00e0 mourir-Pays-Bas\u00a0\u00bb.<br \/>\nVan Bam pense que le tabou qui existe autour du suicide assist\u00e9 des malades mentaux doit \u00eatre bris\u00e9. En d\u2019autres mots : \u00ab\u00a0Le cancer vous tue en quelques ann\u00e9es, la schizophr\u00e9nie est pour la vie. \u00a0\u00bb<br \/>\n\u00ab\u00a0La souffrance des patients psychiatriques peut justement \u00eatre aussi intol\u00e9rable que toutes formes de souffrance physique\u00a0\u00bb, dit Eug\u00e8ne Sutorius, un professeur en droit criminel et ex-pr\u00e9sident de l\u2019association.<\/p>\n<p><strong>Lignes directrices<\/strong><\/p>\n<p>Sutorius estime que 200 \u00e0 300 patients demandent chaque ann\u00e9e \u00e0 leur psychiatre une assistance au suicide. Il pense que tous les patients doivent toujours \u00eatre encourag\u00e9s \u00e0 reprendre go\u00fbt \u00e0 la vie, mais \u00ab\u00a0nous parlons d\u2019un petit groupe de gens pour qui la vie n\u2019a plus du tout de sens. La plupart des psychiatres reconna\u00eet maintenant qu\u2019 une solution doit \u00eatre trouv\u00e9e pour ces personnes, mais ils ont peur de faire quelque quelque chose \u00e0 ce sujet.<br \/>\nSelon Van Dam, certains m\u00e9decins craignent de cr\u00e9er un pr\u00e9c\u00e9dent pour d\u2019autres patients. Et de nombreux psychiatres ne sont pas au courant de des directives de l\u2019association n\u00e9erlandaise des psychiatres \u00e0 ce sujet,\u00a0\u00bb ajoute Sutorius.<\/p>\n<p>La directive dit que \u00ab\u00a0toute requ\u00eate pour un suicide assist\u00e9 chez un malade psychiatrique devrait d\u2019abord \u00eatre interpr\u00e9t\u00e9e comme un appel \u00e0 la vie. Par cons\u00e9quent, le traitement devrait s\u2019orienter directement vers une nouvelle perspective de vie.\u00a0\u00bb Mais la directive indique \u00e9galement que \u00ab\u00a0le suicide assist\u00e9 peut \u00eatre consid\u00e9r\u00e9 comme un comportement m\u00e9dicalement responsable\u00a0\u00bb dans les cas extr\u00eames, lorsque le patient conna\u00eet des souffrances \u00ab\u00a0sans espoir et intol\u00e9rables \u00ab\u00a0et qu\u2019il n\u2019y a pas d\u2019autre alternative\u00a0\u00bb.<\/p>\n<p>Mais la plupart du temps, dit Sutorius, \u00ab\u00a0les psychiatres ne le veulent pas. Ils ont peur de la paperasse, ils ont peur d\u2019\u00eatre poursuivis en justice et ont peur de la mort.<br \/>\nIls ont parfois peur de s\u2019\u00eatre tromp\u00e9s dans la prescription du m\u00e9dicament fatal.<\/p>\n<p>Setorius esp\u00e8re un changement de mentalit\u00e9 dans les cliniques psychiatriques. Il sugg\u00e8re d\u2019obliger les psychiatres \u00e0 \u00e9crire des rapports de motivation sur leur refus de r\u00e9pondre aux demandes de suicides assist\u00e9s de patients d\u00e9sesp\u00e9r\u00e9s. \u00ab\u00a0Je ne veux pas voir les psychiatres accul\u00e9s au tribunal, mais je veux qu\u2019ils assument leur travail. \u00a0\u00bb<\/p>\n<p>&nbsp;<\/p>\n<p>Source :\u00a0<a href=\"http:\/\/www.rnw.nl\/afrique\/article\/l%E2%80%99euthanasie-taboue-pour-les-malades-mentaux-m%C3%AAme-aux-pays-bas\">Radio Nederland<\/a><\/p>\n","protected":false},"excerpt":{"rendered":"<p>Aux Pays-Bas, les personnes souffrant de maladie mentale incurable ont le droit l\u00e9gal \u00e0 l\u2019euthanasie au m\u00eame titre que les malades physiques en stade terminal. Mais ils n\u2019en b\u00e9n\u00e9ficient presque jamais. &nbsp; Par Karlijn van Houwelingen pour NRC International Une&hellip;<\/p>\n","protected":false},"author":83,"featured_media":29859,"comment_status":"closed","ping_status":"open","sticky":false,"template":"","format":"standard","meta":{"footnotes":""},"categories":[85,1245],"tags":[2683,2684,2685],"class_list":["post-29852","post","type-post","status-publish","format-standard","has-post-thumbnail","hentry","category-europe-fr","category-sante-sujet","tag-euthanasie","tag-malades-mentaux","tag-pays-bas"],"yoast_head":"<!-- This site is optimized with the Yoast SEO plugin v27.1.1 - https:\/\/yoast.com\/product\/yoast-seo-wordpress\/ -->\n<title>L\u2019euthanasie taboue pour les malades mentaux, m\u00eame aux Pays-Bas<\/title>\n<meta name=\"description\" content=\"Aux Pays-Bas, les personnes souffrant de maladie mentale incurable ont le droit l\u00e9gal \u00e0 l\u2019euthanasie au m\u00eame titre que les malades physiques en stade\" \/>\n<meta name=\"robots\" content=\"index, follow, max-snippet:-1, max-image-preview:large, max-video-preview:-1\" \/>\n<link rel=\"canonical\" href=\"https:\/\/www.pressenza.com\/fr\/2012\/12\/leuthanasie-taboue-pour-les-malades-mentaux-meme-aux-pays-bas\/\" \/>\n<meta property=\"og:locale\" content=\"fr_FR\" \/>\n<meta property=\"og:type\" content=\"article\" \/>\n<meta property=\"og:title\" content=\"L\u2019euthanasie taboue pour les malades mentaux, m\u00eame aux Pays-Bas\" \/>\n<meta property=\"og:description\" content=\"Aux Pays-Bas, les personnes souffrant de maladie mentale incurable ont le droit l\u00e9gal \u00e0 l\u2019euthanasie au m\u00eame titre que les malades physiques en stade\" \/>\n<meta property=\"og:url\" content=\"https:\/\/www.pressenza.com\/fr\/2012\/12\/leuthanasie-taboue-pour-les-malades-mentaux-meme-aux-pays-bas\/\" \/>\n<meta property=\"og:site_name\" content=\"Pressenza\" \/>\n<meta property=\"article:publisher\" content=\"https:\/\/www.facebook.com\/PressenzaItalia\" \/>\n<meta property=\"article:author\" content=\"https:\/\/www.facebook.com\/rnw.org\" \/>\n<meta property=\"article:published_time\" content=\"2012-12-22T01:47:05+00:00\" \/>\n<meta property=\"og:image\" content=\"https:\/\/www.pressenza.com\/wp-content\/uploads\/2012\/12\/Euthanasie.jpg\" \/>\n\t<meta property=\"og:image:width\" content=\"656\" \/>\n\t<meta property=\"og:image:height\" content=\"278\" \/>\n\t<meta property=\"og:image:type\" content=\"image\/jpeg\" \/>\n<meta name=\"author\" content=\"Radio Netherlands\" \/>\n<meta name=\"twitter:card\" content=\"summary_large_image\" \/>\n<meta name=\"twitter:creator\" content=\"@PressenzaIPA\" \/>\n<meta name=\"twitter:site\" content=\"@PressenzaIPA\" \/>\n<meta name=\"twitter:label1\" content=\"\u00c9crit par\" \/>\n\t<meta name=\"twitter:data1\" content=\"Radio Netherlands\" \/>\n\t<meta name=\"twitter:label2\" content=\"Dur\u00e9e de lecture estim\u00e9e\" \/>\n\t<meta name=\"twitter:data2\" content=\"3 minutes\" \/>\n<script type=\"application\/ld+json\" class=\"yoast-schema-graph\">{\"@context\":\"https:\/\/schema.org\",\"@graph\":[{\"@type\":\"Article\",\"@id\":\"https:\/\/www.pressenza.com\/fr\/2012\/12\/leuthanasie-taboue-pour-les-malades-mentaux-meme-aux-pays-bas\/#article\",\"isPartOf\":{\"@id\":\"https:\/\/www.pressenza.com\/fr\/2012\/12\/leuthanasie-taboue-pour-les-malades-mentaux-meme-aux-pays-bas\/\"},\"author\":{\"name\":\"Radio Netherlands\",\"@id\":\"https:\/\/www.pressenza.com\/fr\/#\/schema\/person\/41bb0a84c4a2e912bbf67eedd1d24306\"},\"headline\":\"L\u2019euthanasie taboue pour les malades mentaux, m\u00eame aux Pays-Bas\",\"datePublished\":\"2012-12-22T01:47:05+00:00\",\"mainEntityOfPage\":{\"@id\":\"https:\/\/www.pressenza.com\/fr\/2012\/12\/leuthanasie-taboue-pour-les-malades-mentaux-meme-aux-pays-bas\/\"},\"wordCount\":648,\"publisher\":{\"@id\":\"https:\/\/www.pressenza.com\/fr\/#organization\"},\"image\":{\"@id\":\"https:\/\/www.pressenza.com\/fr\/2012\/12\/leuthanasie-taboue-pour-les-malades-mentaux-meme-aux-pays-bas\/#primaryimage\"},\"thumbnailUrl\":\"https:\/\/www.pressenza.com\/wp-content\/uploads\/2012\/12\/Euthanasie.jpg\",\"keywords\":[\"Euthanasie\",\"malades mentaux\",\"Pays-Bas\"],\"articleSection\":[\"Europe\",\"Sant\u00e9\"],\"inLanguage\":\"fr-FR\"},{\"@type\":\"WebPage\",\"@id\":\"https:\/\/www.pressenza.com\/fr\/2012\/12\/leuthanasie-taboue-pour-les-malades-mentaux-meme-aux-pays-bas\/\",\"url\":\"https:\/\/www.pressenza.com\/fr\/2012\/12\/leuthanasie-taboue-pour-les-malades-mentaux-meme-aux-pays-bas\/\",\"name\":\"L\u2019euthanasie taboue pour les malades mentaux, m\u00eame aux Pays-Bas\",\"isPartOf\":{\"@id\":\"https:\/\/www.pressenza.com\/fr\/#website\"},\"primaryImageOfPage\":{\"@id\":\"https:\/\/www.pressenza.com\/fr\/2012\/12\/leuthanasie-taboue-pour-les-malades-mentaux-meme-aux-pays-bas\/#primaryimage\"},\"image\":{\"@id\":\"https:\/\/www.pressenza.com\/fr\/2012\/12\/leuthanasie-taboue-pour-les-malades-mentaux-meme-aux-pays-bas\/#primaryimage\"},\"thumbnailUrl\":\"https:\/\/www.pressenza.com\/wp-content\/uploads\/2012\/12\/Euthanasie.jpg\",\"datePublished\":\"2012-12-22T01:47:05+00:00\",\"description\":\"Aux Pays-Bas, les personnes souffrant de maladie mentale incurable ont le droit l\u00e9gal \u00e0 l\u2019euthanasie au m\u00eame titre que les malades physiques en stade\",\"breadcrumb\":{\"@id\":\"https:\/\/www.pressenza.com\/fr\/2012\/12\/leuthanasie-taboue-pour-les-malades-mentaux-meme-aux-pays-bas\/#breadcrumb\"},\"inLanguage\":\"fr-FR\",\"potentialAction\":[{\"@type\":\"ReadAction\",\"target\":[\"https:\/\/www.pressenza.com\/fr\/2012\/12\/leuthanasie-taboue-pour-les-malades-mentaux-meme-aux-pays-bas\/\"]}]},{\"@type\":\"ImageObject\",\"inLanguage\":\"fr-FR\",\"@id\":\"https:\/\/www.pressenza.com\/fr\/2012\/12\/leuthanasie-taboue-pour-les-malades-mentaux-meme-aux-pays-bas\/#primaryimage\",\"url\":\"https:\/\/www.pressenza.com\/wp-content\/uploads\/2012\/12\/Euthanasie.jpg\",\"contentUrl\":\"https:\/\/www.pressenza.com\/wp-content\/uploads\/2012\/12\/Euthanasie.jpg\",\"width\":\"656\",\"height\":\"278\"},{\"@type\":\"BreadcrumbList\",\"@id\":\"https:\/\/www.pressenza.com\/fr\/2012\/12\/leuthanasie-taboue-pour-les-malades-mentaux-meme-aux-pays-bas\/#breadcrumb\",\"itemListElement\":[{\"@type\":\"ListItem\",\"position\":1,\"name\":\"Accueil\",\"item\":\"https:\/\/www.pressenza.com\/fr\/\"},{\"@type\":\"ListItem\",\"position\":2,\"name\":\"L\u2019euthanasie taboue pour les malades mentaux, m\u00eame aux Pays-Bas\"}]},{\"@type\":\"WebSite\",\"@id\":\"https:\/\/www.pressenza.com\/fr\/#website\",\"url\":\"https:\/\/www.pressenza.com\/fr\/\",\"name\":\"Pressenza\",\"description\":\"International Press Agency\",\"publisher\":{\"@id\":\"https:\/\/www.pressenza.com\/fr\/#organization\"},\"potentialAction\":[{\"@type\":\"SearchAction\",\"target\":{\"@type\":\"EntryPoint\",\"urlTemplate\":\"https:\/\/www.pressenza.com\/fr\/?s={search_term_string}\"},\"query-input\":{\"@type\":\"PropertyValueSpecification\",\"valueRequired\":true,\"valueName\":\"search_term_string\"}}],\"inLanguage\":\"fr-FR\"},{\"@type\":\"Organization\",\"@id\":\"https:\/\/www.pressenza.com\/fr\/#organization\",\"name\":\"Pressenza\",\"url\":\"https:\/\/www.pressenza.com\/fr\/\",\"logo\":{\"@type\":\"ImageObject\",\"inLanguage\":\"fr-FR\",\"@id\":\"https:\/\/www.pressenza.com\/fr\/#\/schema\/logo\/image\/\",\"url\":\"https:\/\/www.pressenza.com\/wp-content\/uploads\/2022\/10\/pressenza_logo_200x200.jpg\",\"contentUrl\":\"https:\/\/www.pressenza.com\/wp-content\/uploads\/2022\/10\/pressenza_logo_200x200.jpg\",\"width\":200,\"height\":200,\"caption\":\"Pressenza\"},\"image\":{\"@id\":\"https:\/\/www.pressenza.com\/fr\/#\/schema\/logo\/image\/\"},\"sameAs\":[\"https:\/\/www.facebook.com\/PressenzaItalia\",\"https:\/\/x.com\/PressenzaIPA\"]},{\"@type\":\"Person\",\"@id\":\"https:\/\/www.pressenza.com\/fr\/#\/schema\/person\/41bb0a84c4a2e912bbf67eedd1d24306\",\"name\":\"Radio Netherlands\",\"description\":\"Radio Netherlands Worldwide (RNW) is the Dutch international public broadcaster. RNW works to promote free speech around the world focusing on countries at the lower end of the Freedom House Press Freedom Index. RNW is working independently and with media partners producing multimedia content aimed at sparking discussion and introducing people in a non-judgmental way to information that is lacking in their local media. www.rnw.nl\",\"sameAs\":[\"https:\/\/www.facebook.com\/rnw.org\"],\"url\":\"https:\/\/www.pressenza.com\/fr\/author\/radio-netherlands\/\"}]}<\/script>\n<!-- \/ Yoast SEO plugin. -->","yoast_head_json":{"title":"L\u2019euthanasie taboue pour les malades mentaux, m\u00eame aux Pays-Bas","description":"Aux Pays-Bas, les personnes souffrant de maladie mentale incurable ont le droit l\u00e9gal \u00e0 l\u2019euthanasie au m\u00eame titre que les malades physiques en stade","robots":{"index":"index","follow":"follow","max-snippet":"max-snippet:-1","max-image-preview":"max-image-preview:large","max-video-preview":"max-video-preview:-1"},"canonical":"https:\/\/www.pressenza.com\/fr\/2012\/12\/leuthanasie-taboue-pour-les-malades-mentaux-meme-aux-pays-bas\/","og_locale":"fr_FR","og_type":"article","og_title":"L\u2019euthanasie taboue pour les malades mentaux, m\u00eame aux Pays-Bas","og_description":"Aux Pays-Bas, les personnes souffrant de maladie mentale incurable ont le droit l\u00e9gal \u00e0 l\u2019euthanasie au m\u00eame titre que les malades physiques en stade","og_url":"https:\/\/www.pressenza.com\/fr\/2012\/12\/leuthanasie-taboue-pour-les-malades-mentaux-meme-aux-pays-bas\/","og_site_name":"Pressenza","article_publisher":"https:\/\/www.facebook.com\/PressenzaItalia","article_author":"https:\/\/www.facebook.com\/rnw.org","article_published_time":"2012-12-22T01:47:05+00:00","og_image":[{"width":656,"height":278,"url":"https:\/\/www.pressenza.com\/wp-content\/uploads\/2012\/12\/Euthanasie.jpg","type":"image\/jpeg"}],"author":"Radio Netherlands","twitter_card":"summary_large_image","twitter_creator":"@PressenzaIPA","twitter_site":"@PressenzaIPA","twitter_misc":{"\u00c9crit par":"Radio Netherlands","Dur\u00e9e de lecture estim\u00e9e":"3 minutes"},"schema":{"@context":"https:\/\/schema.org","@graph":[{"@type":"Article","@id":"https:\/\/www.pressenza.com\/fr\/2012\/12\/leuthanasie-taboue-pour-les-malades-mentaux-meme-aux-pays-bas\/#article","isPartOf":{"@id":"https:\/\/www.pressenza.com\/fr\/2012\/12\/leuthanasie-taboue-pour-les-malades-mentaux-meme-aux-pays-bas\/"},"author":{"name":"Radio Netherlands","@id":"https:\/\/www.pressenza.com\/fr\/#\/schema\/person\/41bb0a84c4a2e912bbf67eedd1d24306"},"headline":"L\u2019euthanasie taboue pour les malades mentaux, m\u00eame aux Pays-Bas","datePublished":"2012-12-22T01:47:05+00:00","mainEntityOfPage":{"@id":"https:\/\/www.pressenza.com\/fr\/2012\/12\/leuthanasie-taboue-pour-les-malades-mentaux-meme-aux-pays-bas\/"},"wordCount":648,"publisher":{"@id":"https:\/\/www.pressenza.com\/fr\/#organization"},"image":{"@id":"https:\/\/www.pressenza.com\/fr\/2012\/12\/leuthanasie-taboue-pour-les-malades-mentaux-meme-aux-pays-bas\/#primaryimage"},"thumbnailUrl":"https:\/\/www.pressenza.com\/wp-content\/uploads\/2012\/12\/Euthanasie.jpg","keywords":["Euthanasie","malades mentaux","Pays-Bas"],"articleSection":["Europe","Sant\u00e9"],"inLanguage":"fr-FR"},{"@type":"WebPage","@id":"https:\/\/www.pressenza.com\/fr\/2012\/12\/leuthanasie-taboue-pour-les-malades-mentaux-meme-aux-pays-bas\/","url":"https:\/\/www.pressenza.com\/fr\/2012\/12\/leuthanasie-taboue-pour-les-malades-mentaux-meme-aux-pays-bas\/","name":"L\u2019euthanasie taboue pour les malades mentaux, m\u00eame aux Pays-Bas","isPartOf":{"@id":"https:\/\/www.pressenza.com\/fr\/#website"},"primaryImageOfPage":{"@id":"https:\/\/www.pressenza.com\/fr\/2012\/12\/leuthanasie-taboue-pour-les-malades-mentaux-meme-aux-pays-bas\/#primaryimage"},"image":{"@id":"https:\/\/www.pressenza.com\/fr\/2012\/12\/leuthanasie-taboue-pour-les-malades-mentaux-meme-aux-pays-bas\/#primaryimage"},"thumbnailUrl":"https:\/\/www.pressenza.com\/wp-content\/uploads\/2012\/12\/Euthanasie.jpg","datePublished":"2012-12-22T01:47:05+00:00","description":"Aux Pays-Bas, les personnes souffrant de maladie mentale incurable ont le droit l\u00e9gal \u00e0 l\u2019euthanasie au m\u00eame titre que les malades physiques en stade","breadcrumb":{"@id":"https:\/\/www.pressenza.com\/fr\/2012\/12\/leuthanasie-taboue-pour-les-malades-mentaux-meme-aux-pays-bas\/#breadcrumb"},"inLanguage":"fr-FR","potentialAction":[{"@type":"ReadAction","target":["https:\/\/www.pressenza.com\/fr\/2012\/12\/leuthanasie-taboue-pour-les-malades-mentaux-meme-aux-pays-bas\/"]}]},{"@type":"ImageObject","inLanguage":"fr-FR","@id":"https:\/\/www.pressenza.com\/fr\/2012\/12\/leuthanasie-taboue-pour-les-malades-mentaux-meme-aux-pays-bas\/#primaryimage","url":"https:\/\/www.pressenza.com\/wp-content\/uploads\/2012\/12\/Euthanasie.jpg","contentUrl":"https:\/\/www.pressenza.com\/wp-content\/uploads\/2012\/12\/Euthanasie.jpg","width":"656","height":"278"},{"@type":"BreadcrumbList","@id":"https:\/\/www.pressenza.com\/fr\/2012\/12\/leuthanasie-taboue-pour-les-malades-mentaux-meme-aux-pays-bas\/#breadcrumb","itemListElement":[{"@type":"ListItem","position":1,"name":"Accueil","item":"https:\/\/www.pressenza.com\/fr\/"},{"@type":"ListItem","position":2,"name":"L\u2019euthanasie taboue pour les malades mentaux, m\u00eame aux Pays-Bas"}]},{"@type":"WebSite","@id":"https:\/\/www.pressenza.com\/fr\/#website","url":"https:\/\/www.pressenza.com\/fr\/","name":"Pressenza","description":"International Press Agency","publisher":{"@id":"https:\/\/www.pressenza.com\/fr\/#organization"},"potentialAction":[{"@type":"SearchAction","target":{"@type":"EntryPoint","urlTemplate":"https:\/\/www.pressenza.com\/fr\/?s={search_term_string}"},"query-input":{"@type":"PropertyValueSpecification","valueRequired":true,"valueName":"search_term_string"}}],"inLanguage":"fr-FR"},{"@type":"Organization","@id":"https:\/\/www.pressenza.com\/fr\/#organization","name":"Pressenza","url":"https:\/\/www.pressenza.com\/fr\/","logo":{"@type":"ImageObject","inLanguage":"fr-FR","@id":"https:\/\/www.pressenza.com\/fr\/#\/schema\/logo\/image\/","url":"https:\/\/www.pressenza.com\/wp-content\/uploads\/2022\/10\/pressenza_logo_200x200.jpg","contentUrl":"https:\/\/www.pressenza.com\/wp-content\/uploads\/2022\/10\/pressenza_logo_200x200.jpg","width":200,"height":200,"caption":"Pressenza"},"image":{"@id":"https:\/\/www.pressenza.com\/fr\/#\/schema\/logo\/image\/"},"sameAs":["https:\/\/www.facebook.com\/PressenzaItalia","https:\/\/x.com\/PressenzaIPA"]},{"@type":"Person","@id":"https:\/\/www.pressenza.com\/fr\/#\/schema\/person\/41bb0a84c4a2e912bbf67eedd1d24306","name":"Radio Netherlands","description":"Radio Netherlands Worldwide (RNW) is the Dutch international public broadcaster. RNW works to promote free speech around the world focusing on countries at the lower end of the Freedom House Press Freedom Index. RNW is working independently and with media partners producing multimedia content aimed at sparking discussion and introducing people in a non-judgmental way to information that is lacking in their local media. www.rnw.nl","sameAs":["https:\/\/www.facebook.com\/rnw.org"],"url":"https:\/\/www.pressenza.com\/fr\/author\/radio-netherlands\/"}]}},"place":"PAYS BAS","original_article_url":"","_links":{"self":[{"href":"https:\/\/www.pressenza.com\/fr\/wp-json\/wp\/v2\/posts\/29852","targetHints":{"allow":["GET"]}}],"collection":[{"href":"https:\/\/www.pressenza.com\/fr\/wp-json\/wp\/v2\/posts"}],"about":[{"href":"https:\/\/www.pressenza.com\/fr\/wp-json\/wp\/v2\/types\/post"}],"author":[{"embeddable":true,"href":"https:\/\/www.pressenza.com\/fr\/wp-json\/wp\/v2\/users\/83"}],"replies":[{"embeddable":true,"href":"https:\/\/www.pressenza.com\/fr\/wp-json\/wp\/v2\/comments?post=29852"}],"version-history":[{"count":0,"href":"https:\/\/www.pressenza.com\/fr\/wp-json\/wp\/v2\/posts\/29852\/revisions"}],"wp:featuredmedia":[{"embeddable":true,"href":"https:\/\/www.pressenza.com\/fr\/wp-json\/wp\/v2\/media\/29859"}],"wp:attachment":[{"href":"https:\/\/www.pressenza.com\/fr\/wp-json\/wp\/v2\/media?parent=29852"}],"wp:term":[{"taxonomy":"category","embeddable":true,"href":"https:\/\/www.pressenza.com\/fr\/wp-json\/wp\/v2\/categories?post=29852"},{"taxonomy":"post_tag","embeddable":true,"href":"https:\/\/www.pressenza.com\/fr\/wp-json\/wp\/v2\/tags?post=29852"}],"curies":[{"name":"wp","href":"https:\/\/api.w.org\/{rel}","templated":true}]}}