{"id":296035,"date":"2016-03-31T03:11:25","date_gmt":"2016-03-31T02:11:25","guid":{"rendered":"http:\/\/www.pressenza.com\/fr\/?p=296035"},"modified":"2016-04-04T07:37:34","modified_gmt":"2016-04-04T06:37:34","slug":"296035","status":"publish","type":"post","link":"https:\/\/www.pressenza.com\/fr\/2016\/03\/296035\/","title":{"rendered":"La nuit noire de l&rsquo;\u00e2me"},"content":{"rendered":"<p class=\"ss_titre\"><strong>Par Aur\u00e9lie Aim\u00e9 pour INREES<\/strong><\/p>\n<header>\n<h4 class=\"ss_titre\">Quelle est cette \u00e9trange exp\u00e9rience m\u00e9connue, qui semble pourtant toucher beaucoup d&rsquo;entre nous ?<\/h4>\n<\/header>\n<section id=\"content_size_text\">\n<div class=\"d_content text_defaut\">\n<p>La \u00ab nuit noire de l\u2019\u00e2me \u00bb est une exp\u00e9rience peu connue, et qui serait pourtant tr\u00e8s r\u00e9pandue, en t\u00e9moignent les nombreux r\u00e9cits sur le sujet. Elle se caract\u00e9rise par une perte profonde de sens, sur notre vie et nos croyances ; une sorte de \u00ab d\u00e9pression \u00bb de l\u2019\u00e2me, qui plonge au c\u0153ur de nos peurs les plus profondes, et pr\u00e9pare \u00e0 une v\u00e9ritable transformation int\u00e9rieure. L\u2019\u00e9go se meurt, le \u00ab vrai soi \u00bb s\u2019\u00e9veille\u2026<\/p>\n<p>Ce sentiment de d\u00e9solation spirituelle a \u00e9t\u00e9 largement relat\u00e9 \u00e0 travers les si\u00e8cles. Dans les \u00e9coles des myst\u00e8res de l\u2019\u00c9gypte antique, on essayait de le cr\u00e9er artificiellement, pour tenter d\u2019atteindre un \u00e9veil \u00ab en acc\u00e9l\u00e9r\u00e9 \u00bb. Enferm\u00e9 dans un sarcophage, l\u2019exp\u00e9rimentateur \u00e9tait confront\u00e9 \u00e0 ses peurs intimes: l\u2019obscurit\u00e9, la solitude, la mort. Apr\u00e8s quelques jours, le sarcophage \u00e9tait ouvert. Les survivants avaient r\u00e9ussi l\u2019initiation. Dans la mythologie, on retrouve d\u2019autres r\u00e9cits similaires, parfois appel\u00e9s <em>\u00ab voyage au bout de la nuit \u00bb<\/em> ou encore <em>\u00ab descente aux enfers \u00bb<\/em>.<\/p>\n<p>Le premier \u00e0 avoir utilis\u00e9 l\u2019expression est le mystique Jean de la Croix, au XVI\u00e8me si\u00e8cle, dans son livre \u00ab La nuit obscure \u00bb. Les r\u00e9cits de nuit noire ont de nombreux d\u00e9nominateurs communs. Elle touche tr\u00e8s souvent des personnes qui cheminent, par le biais du d\u00e9veloppement personnel ou de la spiritualit\u00e9, et qui pensent avoir trouv\u00e9 une forme de v\u00e9rit\u00e9, de s\u00e9r\u00e9nit\u00e9. Selon Jean de la Croix: <em>\u00ab Plus les choses divines sont en soi claires et manifestes, plus elles sont naturellement obscures et cach\u00e9es \u00e0 l&rsquo;\u00e2me. Il en est ici comme de la lumi\u00e8re naturelle : plus elle est claire, plus elle \u00e9blouit et obscurcit la pupille du hibou ; plus on veut fixer le soleil en face, et plus on \u00e9blouit la puissance visuelle et on la prive de lumi\u00e8re (\u2026). De m\u00eame quand cette divine lumi\u00e8re de la contemplation investit l&rsquo;\u00e2me qui n&rsquo;est pas encore compl\u00e8tement \u00e9clair\u00e9e, elle produit en elle des t\u00e9n\u00e8bres spirituelles. \u00bb <\/em><\/p>\n<div class=\"left_blockquote\">\n<p>J&rsquo;avais le sentiment d\u2019avoir atteint l\u2019\u00e9veil&#8230;<\/p>\n<\/div>\n<p>Ainsi, \u00e0 l\u2019image des premiers rayons de soleil qui viennent r\u00e9chauffer la terre et chassent la p\u00e9nombre, la nuit noire de l\u2019\u00e2me cr\u00e9e une dynamique, un mouvement de vie, elle g\u00e9n\u00e8re un changement en profondeur. Pour Fanny, une consultante en webmarketing \u00e2g\u00e9e de 28 ans, <em>\u00ab \u00e7a a commenc\u00e9 apr\u00e8s un \u00e9pisode extr\u00eamement fort, ou j\u2019avais le sentiment d\u2019avoir atteint l\u2019\u00e9veil, et d\u2019avoir trouv\u00e9 ma place. Puis ce sentiment s\u2019est \u00e9vanoui. Et toutes mes peurs sont ressorties. J\u2019ai pens\u00e9 que je serais comme \u00e7a toute ma vie, dans une tristesse, une col\u00e8re omnipr\u00e9sente. Je me suis d\u00e9sint\u00e9ress\u00e9e de mon cheminement spirituel. J\u2019ai eu l\u2019impression que tout ce que j\u2019avais appris \u00e9tait \u00ab n\u2019importe quoi \u00bb. <\/em><\/p>\n<p>Lors de la nuit noire, les personnes se rendent compte, et ressentent dans leur corps que tout ce qu\u2019elles pensaient savoir, et qui \u00e9tait fabriqu\u00e9 par le mental, est erron\u00e9. Sans pr\u00e9ambule, tout s\u2019\u00e9croule. La paix apparente laisse alors place \u00e0 une d\u00e9prime profonde, un sentiment de vide qu\u2019aucune activit\u00e9 ne trompe, qu\u2019aucune lecture ou s\u00e9ance chez le psy ne semblent soulager. Selon Eckhart Tolle, qui raconte son exp\u00e9rience de nuit noire sur son site, ce sentiment a un sens pr\u00e9cis, le retour <em>\u00ab \u00e0 un \u00e9tat d\u2019ignorance o\u00f9 les choses perdent la signification que vous leur aviez donn\u00e9e et qui \u00e9tait seulement conditionnelle, culturelle, etc. Vous pouvez alors regarder le monde sans imposer un cadre de signification fabriqu\u00e9 par le mental (\u2026). C\u2019est pourquoi c\u2019est si angoissant quand cela vous arrive effectivement plut\u00f4t que de l\u2019adopter vraiment consciemment. \u00bb<\/em><\/p>\n<p>Thierry Pasquier, un docteur en pharmacie, a v\u00e9cu cette travers\u00e9e durant 23 ans. Dans sa 33\u00e8me ann\u00e9e, alors patron d\u2019un restaurant v\u00e9g\u00e9tarien, cr\u00e9ateur d\u2019un \u00e9co village et professeur de Kundalini Yoga, son monde s\u2019effondre. Sa voiture rend l\u2019\u00e2me, ses deux chats meurent, sa femme le quitte avec l\u2019un de ses enfants, sa maison est r\u00e9duite en cendres par un incendie. Il comprend un peu plus tard qu\u2019il traverse une nuit sombre de l\u2019\u00e2me. Selon lui, elle serait le r\u00e9sultat <em>\u00ab d\u2019une d\u00e9chirure que nous faisons entre nos vieilles habitudes cellulaires et un autre \u00e9tat d\u2019\u00e2me lumineux dont nous n\u2019acceptons pas encore l\u2019intensit\u00e9 \u00bb.<\/em><\/p>\n<p>Dans le cas de la nuit noire, l\u2019obscurit\u00e9 peut se r\u00e9v\u00e9ler de l\u2019int\u00e9rieur, sans forc\u00e9ment de cause ext\u00e9rieure connue, comme dans le cas de Thierry. Nous sommes confront\u00e9s brutalement aux racines de nos vieux fardeaux \u00e9motionnels, \u00e0 nos peurs les plus profondes, dont certaines que nous n\u2019avions m\u00eame pas identifi\u00e9s. Tant que nous n\u2019avons pas vu nos peurs en face, le mental tourne en rond, l\u2019\u00e9go est renforc\u00e9, un concept intellectuel en chasse un autre, mais aucun n\u2019est r\u00e9ellement int\u00e9gr\u00e9 par l\u2019exp\u00e9rience du corps.<\/p>\n<div class=\"left_blockquote\">\n<p>Heureusement, cette p\u00e9riode initiatique ne dure qu\u2019un temps.<\/p>\n<\/div>\n<p>Les peurs auxquelles nous sommes confront\u00e9es, tr\u00e8s intimes, sont souvent bien sup\u00e9rieures \u00e0 tout ce que nous avions connu, \u00e0 la limite du soutenable. Tant que nous nous identifions \u00e0 elles, le jeu de l\u2019\u00e9go est entretenu, et elles sont aliment\u00e9es. Thierry Pasquier raconte comment il a d\u00e9jou\u00e9 ce cercle pernicieux : <em>\u00ab la meilleure chose \u00e0 faire pour moi \u00e9tait de l\u00e2cher-prise sur la souffrance, sur ce qui \u00e9tait l\u00e0. Juste observer la souffrance, sans mettre un couvercle dessus, ni la faire bouillir en mettant sous la marmite le feu du mental: \u00ab comme je suis nul, je tourne en rond, je n&rsquo;arriverai \u00e0 rien, j&rsquo;ai g\u00e2ch\u00e9 ma vie, je ne change pas malgr\u00e9 mes efforts, etc. \u00bb Simplement laisser pleurer le corps, le temps que \u00e7a dure, une heure, une journ\u00e9e, une semaine. \u00bb<\/em> Ainsi, on se d\u00e9sidentifie de notre souffrance, on voit \u00e9merger notre \u00ab vrai \u00bb nous, notre \u00ab \u00e2me \u00bb. On reprendre le pouvoir que l\u2019on a donn\u00e9 \u00e0 notre peur. Tout comme dans le processus de deuil- celui de notre \u00e9go n\u00e9gatif -, le d\u00e9ni puis la d\u00e9pression laissent place \u00e0 l\u2019acceptation.<\/p>\n<p>Heureusement, cette p\u00e9riode initiatique ne dure qu\u2019un temps. Fanny raconte : <em>\u00ab J\u2019ai commenc\u00e9 \u00e0 m\u2019en sortir le jour o\u00f9 j\u2019ai touch\u00e9 le fond. C\u2019\u00e9tait de mon anniversaire, j\u2019ai pass\u00e9 la journ\u00e9e sur le canap\u00e9, les yeux dans le vide. Apr\u00e8s plus de deux ann\u00e9es dans cet \u00e9tat, je n\u2019en pouvais plus. J\u2019ai compris qu\u2019il fallait que je m\u2019abandonne, que je ne pouvais rien faire d\u2019autre. Et le lendemain j\u2019allais beaucoup mieux. \u00bb<\/em><\/p>\n<p>D\u2019apr\u00e8s les r\u00e9cits, la mani\u00e8re dont une nuit obscure de l\u2019\u00e2me se termine est souvent la m\u00eame. On vit dans sa chair ce qui est souvent relat\u00e9 dans les enseignements spirituels, ou les r\u00e9cits d\u2019\u00e9veil : lorsque nous l\u00e2chons prise, nous nous rendons compte de l\u2019impermanence des pens\u00e9es et des \u00e9motions. Eckart Tolle explique: <em>\u00ab (les personnes) s\u2019\u00e9veillent \u00e0 quelque chose de plus profond qui n\u2019est plus bas\u00e9 sur des concepts dans leur t\u00eate : un sentiment plus profond de but ou de connexion avec une vie plus grande qui ne d\u00e9pend plus des explications, ni de rien de conceptuel. \u00bb<\/em><\/p>\n<p>Alors que des peurs profondes s\u2019\u00e9vanouissent et que les jeux du mental s\u2019apaisent, on \u00e9prouve une \u00e9norme gratitude, un sentiment de lib\u00e9ration tr\u00e8s puissant.<\/p>\n<p>Par la suite, m\u00eame si des pans entiers de croyances sont tomb\u00e9s, l\u2019apprentissage n\u2019est pas termin\u00e9. Mais notre regard sur les jeux de l\u2019\u00e9go a chang\u00e9, et les le\u00e7ons de vie semblent plus directes, plus rapides \u00e0 int\u00e9grer. On se laisse moins happer par les vagues. Un espace de s\u00e9r\u00e9nit\u00e9 s\u2019est ouvert et l\u2019on peut continuer de le nourrir en soi.<\/p>\n<\/div>\n<\/section>\n","protected":false},"excerpt":{"rendered":"<p>Par Aur\u00e9lie Aim\u00e9 pour INREES Quelle est cette \u00e9trange exp\u00e9rience m\u00e9connue, qui semble pourtant toucher beaucoup d&rsquo;entre nous ? La \u00ab nuit noire de l\u2019\u00e2me \u00bb est une exp\u00e9rience peu connue, et qui serait pourtant tr\u00e8s r\u00e9pandue, en t\u00e9moignent les&hellip;<\/p>\n","protected":false},"author":1142,"featured_media":296039,"comment_status":"closed","ping_status":"closed","sticky":false,"template":"","format":"standard","meta":{"footnotes":""},"categories":[1246,163],"tags":[5571,4070,25397,25398,17202,25399],"class_list":["post-296035","post","type-post","status-publish","format-standard","has-post-thumbnail","hentry","category-humanisme-spiritualite","category-opinion-fr","tag-depression","tag-developpement-personnel","tag-ecoles-des-mysteres","tag-ego","tag-eveil","tag-transformation-interieure"],"yoast_head":"<!-- This site is optimized with the Yoast SEO plugin v27.1.1 - https:\/\/yoast.com\/product\/yoast-seo-wordpress\/ -->\n<title>La nuit noire de l&#039;\u00e2me<\/title>\n<meta name=\"description\" content=\"Par Aur\u00e9lie Aim\u00e9 pour INREES Quelle est cette \u00e9trange exp\u00e9rience m\u00e9connue, qui semble pourtant toucher beaucoup d&#039;entre nous ? La \u00ab nuit noire de l\u2019\u00e2me \u00bb\" \/>\n<meta name=\"robots\" content=\"index, follow, max-snippet:-1, max-image-preview:large, max-video-preview:-1\" \/>\n<link rel=\"canonical\" href=\"https:\/\/www.pressenza.com\/fr\/2016\/03\/296035\/\" \/>\n<meta property=\"og:locale\" content=\"fr_FR\" \/>\n<meta property=\"og:type\" content=\"article\" \/>\n<meta property=\"og:title\" content=\"La nuit noire de l&#039;\u00e2me\" \/>\n<meta property=\"og:description\" content=\"Par Aur\u00e9lie Aim\u00e9 pour INREES Quelle est cette \u00e9trange exp\u00e9rience m\u00e9connue, qui semble pourtant toucher beaucoup d&#039;entre nous ? La \u00ab nuit noire de l\u2019\u00e2me \u00bb\" \/>\n<meta property=\"og:url\" content=\"https:\/\/www.pressenza.com\/fr\/2016\/03\/296035\/\" \/>\n<meta property=\"og:site_name\" content=\"Pressenza\" \/>\n<meta property=\"article:publisher\" content=\"https:\/\/www.facebook.com\/PressenzaItalia\" \/>\n<meta property=\"article:author\" content=\"https:\/\/www.facebook.com\/INREES-135097866516826\/\" \/>\n<meta property=\"article:published_time\" content=\"2016-03-31T02:11:25+00:00\" \/>\n<meta property=\"article:modified_time\" content=\"2016-04-04T06:37:34+00:00\" \/>\n<meta property=\"og:image\" content=\"https:\/\/www.pressenza.com\/wp-content\/uploads\/2016\/03\/Yuriy-Zhuravov-Ian-Arneson-pour-INREES.jpg\" \/>\n\t<meta property=\"og:image:width\" content=\"297\" \/>\n\t<meta property=\"og:image:height\" content=\"363\" \/>\n\t<meta property=\"og:image:type\" content=\"image\/jpeg\" \/>\n<meta name=\"author\" content=\"INREES - Institut de Recherche sur les Exp\u00e9riences Extraordinaires\" \/>\n<meta name=\"twitter:card\" content=\"summary_large_image\" \/>\n<meta name=\"twitter:creator\" content=\"@INREES\" \/>\n<meta name=\"twitter:site\" content=\"@PressenzaIPA\" \/>\n<meta name=\"twitter:label1\" content=\"\u00c9crit par\" \/>\n\t<meta name=\"twitter:data1\" content=\"INREES - Institut de Recherche sur les Exp\u00e9riences Extraordinaires\" \/>\n\t<meta name=\"twitter:label2\" content=\"Dur\u00e9e de lecture estim\u00e9e\" \/>\n\t<meta name=\"twitter:data2\" content=\"7 minutes\" \/>\n<script type=\"application\/ld+json\" class=\"yoast-schema-graph\">{\"@context\":\"https:\/\/schema.org\",\"@graph\":[{\"@type\":\"Article\",\"@id\":\"https:\/\/www.pressenza.com\/fr\/2016\/03\/296035\/#article\",\"isPartOf\":{\"@id\":\"https:\/\/www.pressenza.com\/fr\/2016\/03\/296035\/\"},\"author\":{\"name\":\"INREES - Institut de Recherche sur les Exp\u00e9riences Extraordinaires\",\"@id\":\"https:\/\/www.pressenza.com\/fr\/#\/schema\/person\/ed412555e0d02523a5d1502d2a3d47d6\"},\"headline\":\"La nuit noire de l&rsquo;\u00e2me\",\"datePublished\":\"2016-03-31T02:11:25+00:00\",\"dateModified\":\"2016-04-04T06:37:34+00:00\",\"mainEntityOfPage\":{\"@id\":\"https:\/\/www.pressenza.com\/fr\/2016\/03\/296035\/\"},\"wordCount\":1390,\"publisher\":{\"@id\":\"https:\/\/www.pressenza.com\/fr\/#organization\"},\"image\":{\"@id\":\"https:\/\/www.pressenza.com\/fr\/2016\/03\/296035\/#primaryimage\"},\"thumbnailUrl\":\"https:\/\/www.pressenza.com\/wp-content\/uploads\/2016\/03\/Yuriy-Zhuravov-Ian-Arneson-pour-INREES.jpg\",\"keywords\":[\"d\u00e9pression\",\"d\u00e9veloppement personnel\",\"\u00e9coles des myst\u00e8res\",\"ego\",\"\u00e9veil\",\"transformation int\u00e9rieure\"],\"articleSection\":[\"Humanisme et Spiritualit\u00e9\",\"Opinion\"],\"inLanguage\":\"fr-FR\"},{\"@type\":\"WebPage\",\"@id\":\"https:\/\/www.pressenza.com\/fr\/2016\/03\/296035\/\",\"url\":\"https:\/\/www.pressenza.com\/fr\/2016\/03\/296035\/\",\"name\":\"La nuit noire de l'\u00e2me\",\"isPartOf\":{\"@id\":\"https:\/\/www.pressenza.com\/fr\/#website\"},\"primaryImageOfPage\":{\"@id\":\"https:\/\/www.pressenza.com\/fr\/2016\/03\/296035\/#primaryimage\"},\"image\":{\"@id\":\"https:\/\/www.pressenza.com\/fr\/2016\/03\/296035\/#primaryimage\"},\"thumbnailUrl\":\"https:\/\/www.pressenza.com\/wp-content\/uploads\/2016\/03\/Yuriy-Zhuravov-Ian-Arneson-pour-INREES.jpg\",\"datePublished\":\"2016-03-31T02:11:25+00:00\",\"dateModified\":\"2016-04-04T06:37:34+00:00\",\"description\":\"Par Aur\u00e9lie Aim\u00e9 pour INREES Quelle est cette \u00e9trange exp\u00e9rience m\u00e9connue, qui semble pourtant toucher beaucoup d'entre nous ? La \u00ab nuit noire de l\u2019\u00e2me \u00bb\",\"breadcrumb\":{\"@id\":\"https:\/\/www.pressenza.com\/fr\/2016\/03\/296035\/#breadcrumb\"},\"inLanguage\":\"fr-FR\",\"potentialAction\":[{\"@type\":\"ReadAction\",\"target\":[\"https:\/\/www.pressenza.com\/fr\/2016\/03\/296035\/\"]}]},{\"@type\":\"ImageObject\",\"inLanguage\":\"fr-FR\",\"@id\":\"https:\/\/www.pressenza.com\/fr\/2016\/03\/296035\/#primaryimage\",\"url\":\"https:\/\/www.pressenza.com\/wp-content\/uploads\/2016\/03\/Yuriy-Zhuravov-Ian-Arneson-pour-INREES.jpg\",\"contentUrl\":\"https:\/\/www.pressenza.com\/wp-content\/uploads\/2016\/03\/Yuriy-Zhuravov-Ian-Arneson-pour-INREES.jpg\",\"width\":297,\"height\":363},{\"@type\":\"BreadcrumbList\",\"@id\":\"https:\/\/www.pressenza.com\/fr\/2016\/03\/296035\/#breadcrumb\",\"itemListElement\":[{\"@type\":\"ListItem\",\"position\":1,\"name\":\"Accueil\",\"item\":\"https:\/\/www.pressenza.com\/fr\/\"},{\"@type\":\"ListItem\",\"position\":2,\"name\":\"La nuit noire de l&rsquo;\u00e2me\"}]},{\"@type\":\"WebSite\",\"@id\":\"https:\/\/www.pressenza.com\/fr\/#website\",\"url\":\"https:\/\/www.pressenza.com\/fr\/\",\"name\":\"Pressenza\",\"description\":\"International Press Agency\",\"publisher\":{\"@id\":\"https:\/\/www.pressenza.com\/fr\/#organization\"},\"potentialAction\":[{\"@type\":\"SearchAction\",\"target\":{\"@type\":\"EntryPoint\",\"urlTemplate\":\"https:\/\/www.pressenza.com\/fr\/?s={search_term_string}\"},\"query-input\":{\"@type\":\"PropertyValueSpecification\",\"valueRequired\":true,\"valueName\":\"search_term_string\"}}],\"inLanguage\":\"fr-FR\"},{\"@type\":\"Organization\",\"@id\":\"https:\/\/www.pressenza.com\/fr\/#organization\",\"name\":\"Pressenza\",\"url\":\"https:\/\/www.pressenza.com\/fr\/\",\"logo\":{\"@type\":\"ImageObject\",\"inLanguage\":\"fr-FR\",\"@id\":\"https:\/\/www.pressenza.com\/fr\/#\/schema\/logo\/image\/\",\"url\":\"https:\/\/www.pressenza.com\/wp-content\/uploads\/2022\/10\/pressenza_logo_200x200.jpg\",\"contentUrl\":\"https:\/\/www.pressenza.com\/wp-content\/uploads\/2022\/10\/pressenza_logo_200x200.jpg\",\"width\":200,\"height\":200,\"caption\":\"Pressenza\"},\"image\":{\"@id\":\"https:\/\/www.pressenza.com\/fr\/#\/schema\/logo\/image\/\"},\"sameAs\":[\"https:\/\/www.facebook.com\/PressenzaItalia\",\"https:\/\/x.com\/PressenzaIPA\"]},{\"@type\":\"Person\",\"@id\":\"https:\/\/www.pressenza.com\/fr\/#\/schema\/person\/ed412555e0d02523a5d1502d2a3d47d6\",\"name\":\"INREES - Institut de Recherche sur les Exp\u00e9riences Extraordinaires\",\"description\":\"L\u2019INREES - Institut de Recherche sur les Exp\u00e9riences Extraordinaires - est n\u00e9 du constat suivant : il est possible de s\u2019int\u00e9resser \u00e0 ces exp\u00e9riences que nous n\u2019arrivons pas \u00e0 expliquer et que nous qualifions d\u2019extraordinaires, voir de \u00ab surnaturelles \u00bb, tout en conservant les deux pieds sur terre. Pour cela l\u2019INREES s\u2019appuie sur un questionnement scientifique rigoureux tout en gardant \u00e0 l\u2019esprit, comme le soulignent d\u2019ailleurs les scientifiques eux-m\u00eames, que les connaissances que nous poss\u00e9dons sur la nature de la r\u00e9alit\u00e9 sont limit\u00e9es. www.inrees.com\",\"sameAs\":[\"https:\/\/www.inrees.com\/\",\"https:\/\/www.facebook.com\/INREES-135097866516826\/\",\"https:\/\/x.com\/INREES\"],\"url\":\"https:\/\/www.pressenza.com\/fr\/author\/inrees\/\"}]}<\/script>\n<!-- \/ Yoast SEO plugin. -->","yoast_head_json":{"title":"La nuit noire de l'\u00e2me","description":"Par Aur\u00e9lie Aim\u00e9 pour INREES Quelle est cette \u00e9trange exp\u00e9rience m\u00e9connue, qui semble pourtant toucher beaucoup d'entre nous ? La \u00ab nuit noire de l\u2019\u00e2me \u00bb","robots":{"index":"index","follow":"follow","max-snippet":"max-snippet:-1","max-image-preview":"max-image-preview:large","max-video-preview":"max-video-preview:-1"},"canonical":"https:\/\/www.pressenza.com\/fr\/2016\/03\/296035\/","og_locale":"fr_FR","og_type":"article","og_title":"La nuit noire de l'\u00e2me","og_description":"Par Aur\u00e9lie Aim\u00e9 pour INREES Quelle est cette \u00e9trange exp\u00e9rience m\u00e9connue, qui semble pourtant toucher beaucoup d'entre nous ? La \u00ab nuit noire de l\u2019\u00e2me \u00bb","og_url":"https:\/\/www.pressenza.com\/fr\/2016\/03\/296035\/","og_site_name":"Pressenza","article_publisher":"https:\/\/www.facebook.com\/PressenzaItalia","article_author":"https:\/\/www.facebook.com\/INREES-135097866516826\/","article_published_time":"2016-03-31T02:11:25+00:00","article_modified_time":"2016-04-04T06:37:34+00:00","og_image":[{"width":297,"height":363,"url":"https:\/\/www.pressenza.com\/wp-content\/uploads\/2016\/03\/Yuriy-Zhuravov-Ian-Arneson-pour-INREES.jpg","type":"image\/jpeg"}],"author":"INREES - Institut de Recherche sur les Exp\u00e9riences Extraordinaires","twitter_card":"summary_large_image","twitter_creator":"@INREES","twitter_site":"@PressenzaIPA","twitter_misc":{"\u00c9crit par":"INREES - Institut de Recherche sur les Exp\u00e9riences Extraordinaires","Dur\u00e9e de lecture estim\u00e9e":"7 minutes"},"schema":{"@context":"https:\/\/schema.org","@graph":[{"@type":"Article","@id":"https:\/\/www.pressenza.com\/fr\/2016\/03\/296035\/#article","isPartOf":{"@id":"https:\/\/www.pressenza.com\/fr\/2016\/03\/296035\/"},"author":{"name":"INREES - Institut de Recherche sur les Exp\u00e9riences Extraordinaires","@id":"https:\/\/www.pressenza.com\/fr\/#\/schema\/person\/ed412555e0d02523a5d1502d2a3d47d6"},"headline":"La nuit noire de l&rsquo;\u00e2me","datePublished":"2016-03-31T02:11:25+00:00","dateModified":"2016-04-04T06:37:34+00:00","mainEntityOfPage":{"@id":"https:\/\/www.pressenza.com\/fr\/2016\/03\/296035\/"},"wordCount":1390,"publisher":{"@id":"https:\/\/www.pressenza.com\/fr\/#organization"},"image":{"@id":"https:\/\/www.pressenza.com\/fr\/2016\/03\/296035\/#primaryimage"},"thumbnailUrl":"https:\/\/www.pressenza.com\/wp-content\/uploads\/2016\/03\/Yuriy-Zhuravov-Ian-Arneson-pour-INREES.jpg","keywords":["d\u00e9pression","d\u00e9veloppement personnel","\u00e9coles des myst\u00e8res","ego","\u00e9veil","transformation int\u00e9rieure"],"articleSection":["Humanisme et Spiritualit\u00e9","Opinion"],"inLanguage":"fr-FR"},{"@type":"WebPage","@id":"https:\/\/www.pressenza.com\/fr\/2016\/03\/296035\/","url":"https:\/\/www.pressenza.com\/fr\/2016\/03\/296035\/","name":"La nuit noire de l'\u00e2me","isPartOf":{"@id":"https:\/\/www.pressenza.com\/fr\/#website"},"primaryImageOfPage":{"@id":"https:\/\/www.pressenza.com\/fr\/2016\/03\/296035\/#primaryimage"},"image":{"@id":"https:\/\/www.pressenza.com\/fr\/2016\/03\/296035\/#primaryimage"},"thumbnailUrl":"https:\/\/www.pressenza.com\/wp-content\/uploads\/2016\/03\/Yuriy-Zhuravov-Ian-Arneson-pour-INREES.jpg","datePublished":"2016-03-31T02:11:25+00:00","dateModified":"2016-04-04T06:37:34+00:00","description":"Par Aur\u00e9lie Aim\u00e9 pour INREES Quelle est cette \u00e9trange exp\u00e9rience m\u00e9connue, qui semble pourtant toucher beaucoup d'entre nous ? La \u00ab nuit noire de l\u2019\u00e2me \u00bb","breadcrumb":{"@id":"https:\/\/www.pressenza.com\/fr\/2016\/03\/296035\/#breadcrumb"},"inLanguage":"fr-FR","potentialAction":[{"@type":"ReadAction","target":["https:\/\/www.pressenza.com\/fr\/2016\/03\/296035\/"]}]},{"@type":"ImageObject","inLanguage":"fr-FR","@id":"https:\/\/www.pressenza.com\/fr\/2016\/03\/296035\/#primaryimage","url":"https:\/\/www.pressenza.com\/wp-content\/uploads\/2016\/03\/Yuriy-Zhuravov-Ian-Arneson-pour-INREES.jpg","contentUrl":"https:\/\/www.pressenza.com\/wp-content\/uploads\/2016\/03\/Yuriy-Zhuravov-Ian-Arneson-pour-INREES.jpg","width":297,"height":363},{"@type":"BreadcrumbList","@id":"https:\/\/www.pressenza.com\/fr\/2016\/03\/296035\/#breadcrumb","itemListElement":[{"@type":"ListItem","position":1,"name":"Accueil","item":"https:\/\/www.pressenza.com\/fr\/"},{"@type":"ListItem","position":2,"name":"La nuit noire de l&rsquo;\u00e2me"}]},{"@type":"WebSite","@id":"https:\/\/www.pressenza.com\/fr\/#website","url":"https:\/\/www.pressenza.com\/fr\/","name":"Pressenza","description":"International Press Agency","publisher":{"@id":"https:\/\/www.pressenza.com\/fr\/#organization"},"potentialAction":[{"@type":"SearchAction","target":{"@type":"EntryPoint","urlTemplate":"https:\/\/www.pressenza.com\/fr\/?s={search_term_string}"},"query-input":{"@type":"PropertyValueSpecification","valueRequired":true,"valueName":"search_term_string"}}],"inLanguage":"fr-FR"},{"@type":"Organization","@id":"https:\/\/www.pressenza.com\/fr\/#organization","name":"Pressenza","url":"https:\/\/www.pressenza.com\/fr\/","logo":{"@type":"ImageObject","inLanguage":"fr-FR","@id":"https:\/\/www.pressenza.com\/fr\/#\/schema\/logo\/image\/","url":"https:\/\/www.pressenza.com\/wp-content\/uploads\/2022\/10\/pressenza_logo_200x200.jpg","contentUrl":"https:\/\/www.pressenza.com\/wp-content\/uploads\/2022\/10\/pressenza_logo_200x200.jpg","width":200,"height":200,"caption":"Pressenza"},"image":{"@id":"https:\/\/www.pressenza.com\/fr\/#\/schema\/logo\/image\/"},"sameAs":["https:\/\/www.facebook.com\/PressenzaItalia","https:\/\/x.com\/PressenzaIPA"]},{"@type":"Person","@id":"https:\/\/www.pressenza.com\/fr\/#\/schema\/person\/ed412555e0d02523a5d1502d2a3d47d6","name":"INREES - Institut de Recherche sur les Exp\u00e9riences Extraordinaires","description":"L\u2019INREES - Institut de Recherche sur les Exp\u00e9riences Extraordinaires - est n\u00e9 du constat suivant : il est possible de s\u2019int\u00e9resser \u00e0 ces exp\u00e9riences que nous n\u2019arrivons pas \u00e0 expliquer et que nous qualifions d\u2019extraordinaires, voir de \u00ab surnaturelles \u00bb, tout en conservant les deux pieds sur terre. Pour cela l\u2019INREES s\u2019appuie sur un questionnement scientifique rigoureux tout en gardant \u00e0 l\u2019esprit, comme le soulignent d\u2019ailleurs les scientifiques eux-m\u00eames, que les connaissances que nous poss\u00e9dons sur la nature de la r\u00e9alit\u00e9 sont limit\u00e9es. www.inrees.com","sameAs":["https:\/\/www.inrees.com\/","https:\/\/www.facebook.com\/INREES-135097866516826\/","https:\/\/x.com\/INREES"],"url":"https:\/\/www.pressenza.com\/fr\/author\/inrees\/"}]}},"place":"","original_article_url":"http:\/\/www.inrees.com\/articles\/nuit-noire-ame-depression\/","_links":{"self":[{"href":"https:\/\/www.pressenza.com\/fr\/wp-json\/wp\/v2\/posts\/296035","targetHints":{"allow":["GET"]}}],"collection":[{"href":"https:\/\/www.pressenza.com\/fr\/wp-json\/wp\/v2\/posts"}],"about":[{"href":"https:\/\/www.pressenza.com\/fr\/wp-json\/wp\/v2\/types\/post"}],"author":[{"embeddable":true,"href":"https:\/\/www.pressenza.com\/fr\/wp-json\/wp\/v2\/users\/1142"}],"replies":[{"embeddable":true,"href":"https:\/\/www.pressenza.com\/fr\/wp-json\/wp\/v2\/comments?post=296035"}],"version-history":[{"count":0,"href":"https:\/\/www.pressenza.com\/fr\/wp-json\/wp\/v2\/posts\/296035\/revisions"}],"wp:featuredmedia":[{"embeddable":true,"href":"https:\/\/www.pressenza.com\/fr\/wp-json\/wp\/v2\/media\/296039"}],"wp:attachment":[{"href":"https:\/\/www.pressenza.com\/fr\/wp-json\/wp\/v2\/media?parent=296035"}],"wp:term":[{"taxonomy":"category","embeddable":true,"href":"https:\/\/www.pressenza.com\/fr\/wp-json\/wp\/v2\/categories?post=296035"},{"taxonomy":"post_tag","embeddable":true,"href":"https:\/\/www.pressenza.com\/fr\/wp-json\/wp\/v2\/tags?post=296035"}],"curies":[{"name":"wp","href":"https:\/\/api.w.org\/{rel}","templated":true}]}}