{"id":282825,"date":"2016-02-28T11:30:07","date_gmt":"2016-02-28T11:30:07","guid":{"rendered":"http:\/\/www.pressenza.com\/fr\/?p=282825"},"modified":"2016-02-28T13:43:40","modified_gmt":"2016-02-28T13:43:40","slug":"vos-droits-sont-en-danger-alerte-amnesty-international-face-aux-attaques-contre-les-libertes-dans-le-monde-entier","status":"publish","type":"post","link":"https:\/\/www.pressenza.com\/fr\/2016\/02\/vos-droits-sont-en-danger-alerte-amnesty-international-face-aux-attaques-contre-les-libertes-dans-le-monde-entier\/","title":{"rendered":"\u00ab Vos droits sont en danger \u00bb, alerte Amnesty International face aux attaques contre les libert\u00e9s dans le monde entier"},"content":{"rendered":"<div class=\"block-title-intro\"><\/div>\n<div class=\"block-content\">\n<div class=\"content\">\n<p><b>\u2022\u00a0 Amnesty International publie son rapport annuel 2015\/16<\/b><\/p>\n<p><b>\u2022 De nombreux \u00c9tats ont viol\u00e9 de mani\u00e8re \u00e9hont\u00e9e le droit international et sont en train de porter d\u00e9lib\u00e9r\u00e9ment des coups aux institutions cr\u00e9\u00e9es pour prot\u00e9ger les droits humains.<\/b><\/p>\n<p><b>\u2022\u00a0 Salil Shetty, \u00e0 la t\u00eate du mouvement mondial de d\u00e9fense des droits humains, lance un cri d&rsquo;alarme:\u00a0<i>\u00ab Ce sont non seulement nos droits qui sont menac\u00e9s, mais aussi les lois et le syst\u00e8me qui les prot\u00e8gent. \u00bb<\/i><\/b><\/p>\n<p>Dans un contexte o\u00f9 la d\u00e9fense des int\u00e9r\u00eats nationaux \u00e0 court terme et l&rsquo;imposition de mesures s\u00e9curitaires draconiennes donnent lieu \u00e0 un assaut massif contre les libert\u00e9s et les droits fondamentaux, la protection internationale des droits humains est en p\u00e9ril, s&rsquo;est alarm\u00e9e Amnesty International lors du lancement de son bilan annuel de la situation des droits humains dans le monde.<\/p>\n<p><i>\u00ab Vos droits sont en danger : ils sont trait\u00e9s avec un m\u00e9pris total par un grand nombre d&rsquo;\u00c9tats, dans le monde entier\u00a0\u00bb,<\/i>\u00a0a d\u00e9clar\u00e9 Salil Shetty, le secr\u00e9taire g\u00e9n\u00e9ral d&rsquo;Amnesty International.<\/p>\n<p><i>\u00ab Des millions de personnes subissent d&rsquo;immenses souffrances aux mains des \u00c9tats et des groupes arm\u00e9s, tandis que, dans une d\u00e9marche sans vergogne, des gouvernements veulent faire passer la protection des droits humains pour une menace contre la s\u00e9curit\u00e9, la loi et l&rsquo;ordre, ou les \u201cvaleurs\u201d nationales \u00bb.<\/i><\/p>\n<p><b>Les droits humains menac\u00e9s dans le monde entier<\/b><\/p>\n<p>Amnesty International s&rsquo;inqui\u00e8te publiquement d&rsquo;un mouvement insidieux et rampant qui met en p\u00e9ril les droits humains : des gouvernements s&rsquo;en prennent d\u00e9lib\u00e9r\u00e9ment aux institutions qui ont \u00e9t\u00e9 cr\u00e9\u00e9es pour contribuer \u00e0 la protection des droits fondamentaux, refusent de leur allouer des fonds suffisants, ou encore choisissent de n\u2019en faire aucun cas.<\/p>\n<p><i>\u00ab Ce sont non seulement nos droits qui sont menac\u00e9s, mais aussi les lois et le syst\u00e8me qui les prot\u00e8gent,\u00a0<\/i>a d\u00e9clar\u00e9 Salil Shetty<i>. Plus de 70 ann\u00e9es de travail acharn\u00e9 et de progr\u00e8s humains sont en danger. \u00bb<\/i><\/p>\n<p>Les organes de d\u00e9fense des droits humains des Nations unies, la Cour p\u00e9nale internationale et des m\u00e9canismes r\u00e9gionaux tels que le Conseil de l&rsquo;Europe et le syst\u00e8me interam\u00e9ricain des droits humains sont fragilis\u00e9s par des gouvernements qui cherchent \u00e0 \u00e9chapper au suivi de la situation dans leur pays.<\/p>\n<p>Amnesty International appelle les gouvernements \u00e0 soutenir politiquement et \u00e0 financer pleinement les syst\u00e8mes cr\u00e9\u00e9s pour garantir le respect du droit international et la protection des droits des personnes.<\/p>\n<p><b>Les droits menac\u00e9s au niveau national<\/b><\/p>\n<p>De nombreux gouvernements ont viol\u00e9 effront\u00e9ment le droit international dans leur pays au cours de l&rsquo;ann\u00e9e 2015, a \u00e9tabli Amnesty International : plus de 122 \u00c9tats ont pratiqu\u00e9 la torture ou d&rsquo;autres mauvais traitements, et 29 au moins ont forc\u00e9 ill\u00e9galement des r\u00e9fugi\u00e9s \u00e0 retourner dans un pays o\u00f9 ils \u00e9taient en danger. Dans 19 pays au moins, des crimes de guerre et d&rsquo;autres violations des \u00ab lois de la guerre \u00bb ont \u00e9t\u00e9 commis par le gouvernement ou par des groupes arm\u00e9s.<\/p>\n<p>Amnesty International s&rsquo;inqui\u00e8te \u00e9galement de la tendance croissante et inqui\u00e9tante d&rsquo;un certain nombre de gouvernements \u00e0 prendre pour cible et attaquer les militants, les avocats et les autres personnes engag\u00e9es pour la d\u00e9fense des droits humains.<\/p>\n<p><i>\u00ab Au lieu de reconna\u00eetre le r\u00f4le essentiel que ces personnes jouent dans la soci\u00e9t\u00e9, de nombreux gouvernements ont entrepris d\u00e9lib\u00e9r\u00e9ment d&rsquo;\u00e9touffer toute voix critique dans leur pays,\u00a0<\/i>a d\u00e9clar\u00e9 Salil Shetty<i>. Ils ont enfreint leur propre l\u00e9gislation dans leurs op\u00e9rations de r\u00e9pression contre la soci\u00e9t\u00e9 civile. \u00bb<\/i><\/p>\n<p>Cette attitude, indique Amnesty International, est en partie le fait de la r\u00e9action de plusieurs gouvernements aux menaces croissantes en mati\u00e8re de s\u00e9curit\u00e9 apparues en 2015.<\/p>\n<p><i>\u00ab De nombreux gouvernements se sont fourvoy\u00e9s dans leur r\u00e9ponse aux menaces s\u00e9curitaires pesant sur les nations, a d\u00e9clar\u00e9 Sali Shetty : ils ont \u00e9touff\u00e9 la soci\u00e9t\u00e9 civile, s&rsquo;en sont pris au droit au respect de la vie priv\u00e9e et au droit \u00e0 la libert\u00e9 d&rsquo;expression, et ont cherch\u00e9 carr\u00e9ment \u00e0 rendre les droits humains ind\u00e9sirables \u2013 en les pr\u00e9sentant comme contraires \u00e0 la s\u00e9curit\u00e9 nationale, \u00e0 l&rsquo;ordre public et aux \u201cvaleurs nationales\u201d. Certains ont m\u00eame ainsi bafou\u00e9 leur propre l\u00e9gislation. \u00bb<\/i><\/p>\n<p><b>Les Nations unies \u00e0 bout de souffle<\/b><\/p>\n<p>Les Nations unies et leurs diff\u00e9rents organes de protection des droits humains et des r\u00e9fugi\u00e9s ont gravement souffert en 2015 de l&rsquo;hostilit\u00e9 et de la n\u00e9gligence de gouvernements r\u00e9calcitrants.<\/p>\n<p><i>\u00ab Cr\u00e9\u00e9e pour \u201cpr\u00e9server les g\u00e9n\u00e9rations futures du fl\u00e9au de la guerre\u201d et \u201cproclamer \u00e0 nouveau [la] foi dans les droits fondamentaux de l&rsquo;homme\u201d, l&rsquo;organisation est confront\u00e9e \u00e0 d&rsquo;\u00e9normes d\u00e9fis qui la rendent plus vuln\u00e9rable que jamais \u00bb<\/i>, a d\u00e9clar\u00e9 Salil Shetty.<\/p>\n<p>De nombreux \u00c9tats ont volontairement entrav\u00e9 l&rsquo;action des Nations unies visant \u00e0 pr\u00e9venir les atrocit\u00e9s de masse ou \u00e0 amener les responsables de tels agissements \u00e0 rendre compte de leurs actes, et ont rejet\u00e9 ses recommandations en faveur de l&rsquo;am\u00e9lioration de la situation des droits humains au niveau national \u2013 ou bien n&rsquo;ont tenu aucun compte de ces recommandations.<\/p>\n<p>Le conflit syrien est un terrible exemple des cons\u00e9quences humaines catastrophiques de l&rsquo;incapacit\u00e9 du syst\u00e8me des Nations unies \u00e0 s&rsquo;acquitter de son r\u00f4le d\u00e9terminant pour le respect des droits fondamentaux et du droit international, et \u00e0 garantir l&rsquo;obligation de rendre des comptes \u00e0 cet \u00e9gard.<\/p>\n<p>Le prochain secr\u00e9taire g\u00e9n\u00e9ral des Nations unies, qui sera \u00e9lu \u00e0 la fin de l&rsquo;ann\u00e9e et prendra ses fonctions en janvier 2017, h\u00e9ritera d&rsquo;une organisation qui a accompli beaucoup de choses mais a d\u00e9sesp\u00e9r\u00e9ment besoin d&rsquo;un nouvel \u00e9lan, d\u00e9clare Amnesty International. L&rsquo;organisation de d\u00e9fense des droits humains appelle les \u00c9tats membres et le Conseil de s\u00e9curit\u00e9 de l&rsquo;ONU \u00e0 faire preuve d&rsquo;une r\u00e9flexion courageuse pour avancer dans le sens des r\u00e9formes, en commen\u00e7ant par la mani\u00e8re dont ils choisiront le prochain secr\u00e9taire g\u00e9n\u00e9ral.<\/p>\n<p><i>\u00ab Les \u00c9tats membres ont une chance historique cette ann\u00e9e de donner un nouveau souffle aux Nations unies, a d\u00e9clar\u00e9 Salil Shetty : ils doivent apporter leur soutien \u00e0 une candidature forte pour le poste de secr\u00e9taire g\u00e9n\u00e9ral, celle d&rsquo;une personne qui saura apporter l&rsquo;engagement, la force d&rsquo;\u00e2me et la vision n\u00e9cessaires pour faire reculer tout \u00c9tat membre tent\u00e9 de remettre en cause les droits humains sur son territoire et \u00e0 l&rsquo;\u00e9chelle internationale. \u00bb<\/i><\/p>\n<p>Pour cela, il faudra veiller \u00e0 ce que le processus \u00e9lectoral soit \u00e9quitable et transparent et \u00e0 ce que les positions des candidats sur les principaux d\u00e9fis en mati\u00e8re de droits humains auxquels l&rsquo;ONU est confront\u00e9e soient connues et comprises.<\/p>\n<p><b>Appel \u00e0 l&rsquo;action<\/b><\/p>\n<p><i>\u00ab Le monde est aujourd&rsquo;hui confront\u00e9 \u00e0 de nombreux d\u00e9fis cr\u00e9\u00e9s ou entretenus par des gouvernements qui placent les int\u00e9r\u00eats politiques avant la vie des gens\u00a0,<\/i>\u00a0a d\u00e9clar\u00e9 Salil Shetty.\u00a0<i>Des millions de r\u00e9fugi\u00e9s sont plong\u00e9s dans la souffrance alors que les conflits prolif\u00e8rent et que des groupes arm\u00e9s s&rsquo;en prennent d\u00e9lib\u00e9r\u00e9ment aux civils et commettent d&rsquo;autres graves violations des droits humains.\u00a0\u00bb<\/i><\/p>\n<p>Les dirigeants mondiaux ont le pouvoir d&#8217;emp\u00eacher que ces crises ne s&rsquo;aggravent davantage et n&rsquo;\u00e9chappent alors \u00e0 tout contr\u00f4le. Les \u00c9tats doivent cesser leurs attaques contre nos droits et renforcer les d\u00e9fenses que le monde a mises en place pour les prot\u00e9ger. Les droits humains ne sont pas un accessoire. Ils sont indispensables, et jamais les enjeux pour l&rsquo;humanit\u00e9 n&rsquo;ont \u00e9t\u00e9 aussi forts.<\/p>\n<p><b>Compl\u00e9ment d&rsquo;information<\/b><\/p>\n<p>Amnesty International a recueilli des informations sur des violations graves des droits \u00e9conomiques, sociaux, civils et politiques dans de nombreux pays en 2015.<\/p>\n<p>Voici quelques exemples de pays dans lesquels des coups ont \u00e9t\u00e9 port\u00e9s aux droits humains et aux institutions qui sont l\u00e0 pour les prot\u00e9ger (la liste ci-dessous est loin d&rsquo;\u00eatre exhaustive) :<\/p>\n<p>\u2022\u00a0\u00a0\u00a0\u00a0\u00a0\u00a0\u00a0\u00a0\u00a0\u00a0\u00a0<b>Angola<\/b>\u00a0: les autorit\u00e9s ont utilis\u00e9 les lois sur la diffamation et la l\u00e9gislation relative \u00e0 la s\u00e9curit\u00e9 de l&rsquo;\u00c9tat pour harceler, arr\u00eater et incarc\u00e9rer des personnes qui n&rsquo;avaient fait qu&rsquo;exprimer pacifiquement leurs opinions, et ont rejet\u00e9 publiquement les recommandations des Nations unies sur le bilan du pays en mati\u00e8re de droits humains.<\/p>\n<p>\u2022\u00a0\u00a0\u00a0\u00a0\u00a0\u00a0\u00a0\u00a0\u00a0\u00a0\u00a0<b>Arabie saoudite<\/b>\u00a0: le pays a s\u00e9v\u00e8rement puni celles et ceux qui osaient se prononcer en faveur de r\u00e9formes ou critiquer les autorit\u00e9s. Il a commis des crimes de guerre dans le cadre de sa campagne de bombardements au Y\u00e9men, tout en bloquant la mise en place d&rsquo;une enqu\u00eate des Nations unies sur les violations perp\u00e9tr\u00e9es par toutes les parties au conflit dans ce pays.<\/p>\n<p>\u2022\u00a0\u00a0\u00a0\u00a0\u00a0\u00a0\u00a0\u00a0\u00a0\u00a0\u00a0<b>Burundi<\/b>\u00a0: les forces de s\u00e9curit\u00e9 ont recouru de fa\u00e7on syst\u00e9matique \u00e0 la force meurtri\u00e8re et \u00e0 d&rsquo;autres tactiques violentes, et les autorit\u00e9s s&rsquo;en sont prises aux milieux de d\u00e9fense des droits humains.<\/p>\n<p>\u2022\u00a0\u00a0\u00a0\u00a0\u00a0\u00a0\u00a0\u00a0\u00a0\u00a0\u00a0<b>Chine<\/b>\u00a0: le gouvernement n&rsquo;a cess\u00e9 d&rsquo;accro\u00eetre sa r\u00e9pression contre les d\u00e9fenseurs des droits humains et a fait passer des lois de grande port\u00e9e au nom de la \u00ab s\u00e9curit\u00e9 nationale \u00bb.<\/p>\n<p>\u2022\u00a0\u00a0\u00a0\u00a0\u00a0\u00a0\u00a0\u00a0\u00a0\u00a0\u00a0<b>\u00c9gypte<\/b>\u00a0: des milliers de personnes, y compris des d\u00e9tracteurs pacifiques du gouvernement, ont \u00e9t\u00e9 arr\u00eat\u00e9es dans le cadre d&rsquo;une campagne de r\u00e9pression sans piti\u00e9 men\u00e9e au nom de la s\u00e9curit\u00e9 nationale ; des centaines de personnes ont \u00e9t\u00e9 d\u00e9tenues sans inculpation ni jugement pendant de longues p\u00e9riodes, et des centaines d&rsquo;autres ont \u00e9t\u00e9 condamn\u00e9es \u00e0 mort.<\/p>\n<p>\u2022\u00a0\u00a0\u00a0\u00a0\u00a0\u00a0\u00a0\u00a0\u00a0\u00a0\u00a0<b>\u00c9tats-Unis<\/b>\u00a0: le maintien du centre de d\u00e9tention de Guant\u00e1namo a \u00e9t\u00e9 un exemple des graves cons\u00e9quences de la \u00ab guerre mondiale contre le terrorisme \u00bb d\u00e9cr\u00e9t\u00e9e par les \u00c9tats-Unis, qui n&rsquo;ont pas ouvert d&rsquo;enqu\u00eate contre les responsables pr\u00e9sum\u00e9s d&rsquo;actes de torture et de disparitions forc\u00e9es.<\/p>\n<p>\u2022\u00a0\u00a0\u00a0\u00a0\u00a0\u00a0\u00a0\u00a0\u00a0\u00a0\u00a0<b>France<\/b>\u00a0: dans le contexte des attentats de janvier\u00a0et de novembre,\u00a0le gouvernement a\u00a0mis en \u0153uvre des\u00a0mesures antiterroristes ciblant ceux qui voyagent ou ayant l&rsquo;intention de voyager \u00e0 l&rsquo;\u00e9tranger,\u00a0permettant le blocage administratif de sites Internet et la poursuite pour \u00ab\u00a0apologie du terrorisme\u00a0\u00bb. Des lois\u00a0autorisant un recours \u00e0 des techniques de surveillance plus vastes, sans contr\u00f4le judiciaire ind\u00e9pendant, ont \u00e9t\u00e9 adopt\u00e9es. En novembre, le gouvernement a d\u00e9clar\u00e9 l&rsquo;\u00e9tat d\u2019urgence\u00a0autorisant notamment des perquisitions \u00e0 domicile\u00a0et\u00a0des assignations \u00e0 r\u00e9sidence sans autorisation judiciaire.<\/p>\n<p>\u2022\u00a0\u00a0\u00a0\u00a0\u00a0\u00a0\u00a0\u00a0\u00a0\u00a0\u00a0<b>Gambie<\/b>\u00a0: torture, disparitions forc\u00e9es et sanctions p\u00e9nales contre les personnes LGBTI caract\u00e9risent la situation des droits humains dans le pays, qui a cat\u00e9goriquement refus\u00e9 de coop\u00e9rer avec l&rsquo;ONU et les m\u00e9canismes r\u00e9gionaux de d\u00e9fense des droits fondamentaux sur des questions telles que la libert\u00e9 d&rsquo;expression, les disparitions forc\u00e9es et la peine de mort.<\/p>\n<p>\u2022\u00a0\u00a0\u00a0\u00a0\u00a0\u00a0\u00a0\u00a0\u00a0\u00a0\u00a0<b>Hongrie<\/b>\u00a0: les autorit\u00e9s ont verrouill\u00e9 les fronti\u00e8res o\u00f9 se pr\u00e9sentaient des milliers de r\u00e9fugi\u00e9s en d\u00e9tresse, et ont fait obstacle aux efforts collectifs d\u00e9ploy\u00e9s au niveau r\u00e9gional pour venir en aide \u00e0 ces populations.<\/p>\n<p>\u2022\u00a0\u00a0\u00a0\u00a0\u00a0\u00a0\u00a0\u00a0\u00a0\u00a0\u00a0<b>Isra\u00ebl<\/b>\u00a0: le pays a maintenu son blocus militaire sur Gaza, imposant de fait une sanction collective aux 1,8 million d&rsquo;habitants du territoire. Comme la Palestine, il a refus\u00e9 de donner suite \u00e0 l&rsquo;appel de l&rsquo;ONU lui demandant de mener des enqu\u00eates cr\u00e9dibles sur les crimes de guerre commis durant le conflit de 2014 \u00e0 Gaza.<\/p>\n<p>\u2022\u00a0\u00a0\u00a0\u00a0\u00a0\u00a0\u00a0\u00a0\u00a0\u00a0\u00a0<b>Kenya<\/b>\u00a0: le pays s&rsquo;est rendu coupable d&rsquo;ex\u00e9cutions extrajudiciaires, de disparitions forc\u00e9es et de discriminations contre les r\u00e9fugi\u00e9s dans le cadre de ses op\u00e9rations de \u00ab lutte contre le terrorisme \u00bb ; il a tent\u00e9 d&rsquo;affaiblir la Cour p\u00e9nale internationale et sa capacit\u00e9 \u00e0 rendre justice.<\/p>\n<p>\u2022\u00a0\u00a0\u00a0\u00a0\u00a0\u00a0\u00a0\u00a0\u00a0\u00a0\u00a0<b>Mexique<\/b>\u00a0: le bilan en mati\u00e8re de droits humains est catastrophique \u2013 on y compte notamment 27 000 disparus. Le gouvernement a rejet\u00e9 durement les critiques de l&rsquo;ONU sur le recours g\u00e9n\u00e9ralis\u00e9 \u00e0 la torture, offrant aux auteurs de tels actes une\u00a0<span class=\"glossary-term\" title=\"Il y a impunit\u00e9 lorsque les auteurs d\u2019atteintes graves aux droits humains ne sont pas traduits en justice ni punis\"><abbr title=\"Il y a impunit\u00e9 lorsque les auteurs d\u2019atteintes graves aux droits humains ne sont pas traduits en justice ni punis\">impunit\u00e9<\/abbr><\/span>\u00a0quasi totale malgr\u00e9 l&rsquo;augmentation du nombre de plaintes.<\/p>\n<p>\u2022\u00a0\u00a0\u00a0\u00a0\u00a0\u00a0\u00a0\u00a0\u00a0\u00a0\u00a0<b>Pakistan<\/b>\u00a0: de graves manquements en mati\u00e8re de droits humains \u2013 et notamment une utilisation sans rel\u00e2che de la peine de mort \u2013 ont caract\u00e9ris\u00e9 la r\u00e9action des autorit\u00e9s devant le terrible massacre perp\u00e9tr\u00e9 dans une \u00e9cole de Peshawar. La nouvelle politique des autorit\u00e9s vis-\u00e0-vis des ONG internationales leur donne le pouvoir de les surveiller et de fermer celles qu&rsquo;il juge \u00ab contraires aux int\u00e9r\u00eats nationaux \u00bb<\/p>\n<p>\u2022\u00a0\u00a0\u00a0\u00a0\u00a0\u00a0\u00a0\u00a0\u00a0\u00a0\u00a0<b>Royaume-Uni<\/b>\u00a0: le pays a continu\u00e9 de proc\u00e9der \u00e0 une surveillance de masse au nom de la lutte contre le terrorisme et a tent\u00e9, dans un v\u00e9ritable retour en arri\u00e8re, de se soustraire \u00e0 la surveillance de la Cour europ\u00e9enne des droits de l&rsquo;homme.<\/p>\n<p>\u2022\u00a0\u00a0\u00a0\u00a0\u00a0\u00a0\u00a0\u00a0\u00a0\u00a0\u00a0<b>Russie<\/b>\u00a0: le pays a utilis\u00e9 de mani\u00e8re r\u00e9pressive sa l\u00e9gislation tr\u00e8s vague sur la s\u00e9curit\u00e9 nationale et la lutte contre l&rsquo;extr\u00e9misme, a men\u00e9 des initiatives concert\u00e9es pour r\u00e9duire au silence la soci\u00e9t\u00e9 civile, a refus\u00e9 effront\u00e9ment de reconna\u00eetre les homicides de civils en Syrie et a implacablement cherch\u00e9 \u00e0 bloquer toute action du Conseil de s\u00e9curit\u00e9 sur ce pays.<\/p>\n<p>\u2022\u00a0\u00a0\u00a0\u00a0\u00a0\u00a0\u00a0\u00a0\u00a0\u00a0\u00a0<b>Slovaquie<\/b>\u00a0: malgr\u00e9 des ann\u00e9es de mobilisation de la part d&rsquo;organisations nationales et r\u00e9gionales, les discriminations contre les Roms demeurent\u00a0g\u00e9n\u00e9ralis\u00e9es, ce qui a contraint la Commission europ\u00e9enne \u00e0 engager une proc\u00e9dure d&rsquo;infraction contre le pays.<\/p>\n<p>\u2022\u00a0\u00a0\u00a0\u00a0\u00a0\u00a0\u00a0\u00a0\u00a0\u00a0\u00a0<b>Syrie<\/b>\u00a0: des milliers de civils ont \u00e9t\u00e9 tu\u00e9s dans des bombardements au baril d&rsquo;explosifs ainsi que dans d&rsquo;autres attaques directes et men\u00e9es sans discrimination, ou ont succomb\u00e9 sous la torture en d\u00e9tention. Des zones civiles ont \u00e9t\u00e9 assi\u00e9g\u00e9es pendant de tr\u00e8s longues p\u00e9riodes durant lesquelles les habitants affam\u00e9s ont \u00e9t\u00e9 coup\u00e9s de toute aide internationale.<\/p>\n<p>\u2022\u00a0\u00a0\u00a0\u00a0\u00a0\u00a0\u00a0\u00a0\u00a0\u00a0\u00a0<b>Tha\u00eflande<\/b>\u00a0: le gouvernement a arr\u00eat\u00e9 des d\u00e9tracteurs pacifiques pour des activit\u00e9s telles que des pi\u00e8ces de th\u00e9\u00e2tre, des commentaires sur Facebook ou des graffitis ; les autorit\u00e9s militaires ont rejet\u00e9 les appels internationaux leur demandant de renoncer \u00e0 une extension de leurs pouvoirs visant \u00e0 leur permettre de restreindre les droits de fa\u00e7on excessive et de r\u00e9duire l&rsquo;opposition au silence au nom de la \u00ab s\u00e9curit\u00e9 \u00bb.<\/p>\n<p>\u2022\u00a0\u00a0\u00a0\u00a0\u00a0\u00a0\u00a0\u00a0\u00a0\u00a0\u00a0<b>Venezuela<\/b>\u00a0: le gouvernement a continu\u00e9 de ne rien faire pour garantir la justice dans les affaires de graves violations des droits fondamentaux, n&rsquo;a cess\u00e9 de s&rsquo;en prendre aux d\u00e9fenseurs des droits humains et, s\u2019\u00e9tant retir\u00e9 pr\u00e9c\u00e9demment de la Cour interam\u00e9ricaine des droits de l&rsquo;homme, il a d\u00e9nonc\u00e9 \u00e0 plusieurs reprises la Convention am\u00e9ricaine relative aux droits de l\u2019homme, privant ainsi les victimes de violations de la possibilit\u00e9 d&rsquo;obtenir justice.<\/p>\n<\/div>\n<\/div>\n","protected":false},"excerpt":{"rendered":"<p>\u2022\u00a0 Amnesty International publie son rapport annuel 2015\/16 \u2022 De nombreux \u00c9tats ont viol\u00e9 de mani\u00e8re \u00e9hont\u00e9e le droit international et sont en train de porter d\u00e9lib\u00e9r\u00e9ment des coups aux institutions cr\u00e9\u00e9es pour prot\u00e9ger les droits humains. \u2022\u00a0 Salil Shetty,&hellip;<\/p>\n","protected":false},"author":432,"featured_media":0,"comment_status":"closed","ping_status":"open","sticky":false,"template":"","format":"standard","meta":{"footnotes":""},"categories":[151,40],"tags":[1034,8056,239],"class_list":["post-282825","post","type-post","status-publish","format-standard","hentry","category-communique-de-presse","category-international-fr","tag-france-fr","tag-refugies","tag-syrie"],"yoast_head":"<!-- This site is optimized with the Yoast SEO plugin v27.1.1 - https:\/\/yoast.com\/product\/yoast-seo-wordpress\/ -->\n<title>\u00ab Vos droits sont en danger \u00bb, alerte Amnesty International face aux attaques contre les libert\u00e9s dans le monde entier<\/title>\n<meta name=\"description\" content=\"\u2022\u00a0 Amnesty International publie son rapport annuel 2015\/16 \u2022 De nombreux \u00c9tats ont viol\u00e9 de mani\u00e8re \u00e9hont\u00e9e le droit international et sont en train de\" \/>\n<meta name=\"robots\" content=\"index, follow, max-snippet:-1, max-image-preview:large, max-video-preview:-1\" \/>\n<link rel=\"canonical\" href=\"https:\/\/www.pressenza.com\/fr\/2016\/02\/vos-droits-sont-en-danger-alerte-amnesty-international-face-aux-attaques-contre-les-libertes-dans-le-monde-entier\/\" \/>\n<meta property=\"og:locale\" content=\"fr_FR\" \/>\n<meta property=\"og:type\" content=\"article\" \/>\n<meta property=\"og:title\" content=\"\u00ab Vos droits sont en danger \u00bb, alerte Amnesty International face aux attaques contre les libert\u00e9s dans le monde entier\" \/>\n<meta property=\"og:description\" content=\"\u2022\u00a0 Amnesty International publie son rapport annuel 2015\/16 \u2022 De nombreux \u00c9tats ont viol\u00e9 de mani\u00e8re \u00e9hont\u00e9e le droit international et sont en train de\" \/>\n<meta property=\"og:url\" content=\"https:\/\/www.pressenza.com\/fr\/2016\/02\/vos-droits-sont-en-danger-alerte-amnesty-international-face-aux-attaques-contre-les-libertes-dans-le-monde-entier\/\" \/>\n<meta property=\"og:site_name\" content=\"Pressenza\" \/>\n<meta property=\"article:publisher\" content=\"https:\/\/www.facebook.com\/PressenzaItalia\" \/>\n<meta property=\"article:author\" content=\"https:\/\/www.facebook.com\/amnestyglobal\" \/>\n<meta property=\"article:published_time\" content=\"2016-02-28T11:30:07+00:00\" \/>\n<meta property=\"article:modified_time\" content=\"2016-02-28T13:43:40+00:00\" \/>\n<meta name=\"author\" content=\"Amnesty International\" \/>\n<meta name=\"twitter:card\" content=\"summary_large_image\" \/>\n<meta name=\"twitter:creator\" content=\"@amnesty\" \/>\n<meta name=\"twitter:site\" content=\"@PressenzaIPA\" \/>\n<meta name=\"twitter:label1\" content=\"\u00c9crit par\" \/>\n\t<meta name=\"twitter:data1\" content=\"Amnesty International\" \/>\n\t<meta name=\"twitter:label2\" content=\"Dur\u00e9e de lecture estim\u00e9e\" \/>\n\t<meta name=\"twitter:data2\" content=\"12 minutes\" \/>\n<script type=\"application\/ld+json\" class=\"yoast-schema-graph\">{\"@context\":\"https:\/\/schema.org\",\"@graph\":[{\"@type\":\"Article\",\"@id\":\"https:\/\/www.pressenza.com\/fr\/2016\/02\/vos-droits-sont-en-danger-alerte-amnesty-international-face-aux-attaques-contre-les-libertes-dans-le-monde-entier\/#article\",\"isPartOf\":{\"@id\":\"https:\/\/www.pressenza.com\/fr\/2016\/02\/vos-droits-sont-en-danger-alerte-amnesty-international-face-aux-attaques-contre-les-libertes-dans-le-monde-entier\/\"},\"author\":{\"name\":\"Amnesty International\",\"@id\":\"https:\/\/www.pressenza.com\/fr\/#\/schema\/person\/9b981b05c7ecf09292e6acb3223b2d9d\"},\"headline\":\"\u00ab Vos droits sont en danger \u00bb, alerte Amnesty International face aux attaques contre les libert\u00e9s dans le monde entier\",\"datePublished\":\"2016-02-28T11:30:07+00:00\",\"dateModified\":\"2016-02-28T13:43:40+00:00\",\"mainEntityOfPage\":{\"@id\":\"https:\/\/www.pressenza.com\/fr\/2016\/02\/vos-droits-sont-en-danger-alerte-amnesty-international-face-aux-attaques-contre-les-libertes-dans-le-monde-entier\/\"},\"wordCount\":2528,\"publisher\":{\"@id\":\"https:\/\/www.pressenza.com\/fr\/#organization\"},\"keywords\":[\"France\",\"r\u00e9fugi\u00e9s\",\"Syrie\"],\"articleSection\":[\"Communiqu\u00e9s de Presse\",\"International\"],\"inLanguage\":\"fr-FR\"},{\"@type\":\"WebPage\",\"@id\":\"https:\/\/www.pressenza.com\/fr\/2016\/02\/vos-droits-sont-en-danger-alerte-amnesty-international-face-aux-attaques-contre-les-libertes-dans-le-monde-entier\/\",\"url\":\"https:\/\/www.pressenza.com\/fr\/2016\/02\/vos-droits-sont-en-danger-alerte-amnesty-international-face-aux-attaques-contre-les-libertes-dans-le-monde-entier\/\",\"name\":\"\u00ab Vos droits sont en danger \u00bb, alerte Amnesty International face aux attaques contre les libert\u00e9s dans le monde entier\",\"isPartOf\":{\"@id\":\"https:\/\/www.pressenza.com\/fr\/#website\"},\"datePublished\":\"2016-02-28T11:30:07+00:00\",\"dateModified\":\"2016-02-28T13:43:40+00:00\",\"description\":\"\u2022\u00a0 Amnesty International publie son rapport annuel 2015\/16 \u2022 De nombreux \u00c9tats ont viol\u00e9 de mani\u00e8re \u00e9hont\u00e9e le droit international et sont en train de\",\"breadcrumb\":{\"@id\":\"https:\/\/www.pressenza.com\/fr\/2016\/02\/vos-droits-sont-en-danger-alerte-amnesty-international-face-aux-attaques-contre-les-libertes-dans-le-monde-entier\/#breadcrumb\"},\"inLanguage\":\"fr-FR\",\"potentialAction\":[{\"@type\":\"ReadAction\",\"target\":[\"https:\/\/www.pressenza.com\/fr\/2016\/02\/vos-droits-sont-en-danger-alerte-amnesty-international-face-aux-attaques-contre-les-libertes-dans-le-monde-entier\/\"]}]},{\"@type\":\"BreadcrumbList\",\"@id\":\"https:\/\/www.pressenza.com\/fr\/2016\/02\/vos-droits-sont-en-danger-alerte-amnesty-international-face-aux-attaques-contre-les-libertes-dans-le-monde-entier\/#breadcrumb\",\"itemListElement\":[{\"@type\":\"ListItem\",\"position\":1,\"name\":\"Accueil\",\"item\":\"https:\/\/www.pressenza.com\/fr\/\"},{\"@type\":\"ListItem\",\"position\":2,\"name\":\"\u00ab Vos droits sont en danger \u00bb, alerte Amnesty International face aux attaques contre les libert\u00e9s dans le monde entier\"}]},{\"@type\":\"WebSite\",\"@id\":\"https:\/\/www.pressenza.com\/fr\/#website\",\"url\":\"https:\/\/www.pressenza.com\/fr\/\",\"name\":\"Pressenza\",\"description\":\"International Press Agency\",\"publisher\":{\"@id\":\"https:\/\/www.pressenza.com\/fr\/#organization\"},\"potentialAction\":[{\"@type\":\"SearchAction\",\"target\":{\"@type\":\"EntryPoint\",\"urlTemplate\":\"https:\/\/www.pressenza.com\/fr\/?s={search_term_string}\"},\"query-input\":{\"@type\":\"PropertyValueSpecification\",\"valueRequired\":true,\"valueName\":\"search_term_string\"}}],\"inLanguage\":\"fr-FR\"},{\"@type\":\"Organization\",\"@id\":\"https:\/\/www.pressenza.com\/fr\/#organization\",\"name\":\"Pressenza\",\"url\":\"https:\/\/www.pressenza.com\/fr\/\",\"logo\":{\"@type\":\"ImageObject\",\"inLanguage\":\"fr-FR\",\"@id\":\"https:\/\/www.pressenza.com\/fr\/#\/schema\/logo\/image\/\",\"url\":\"https:\/\/www.pressenza.com\/wp-content\/uploads\/2022\/10\/pressenza_logo_200x200.jpg\",\"contentUrl\":\"https:\/\/www.pressenza.com\/wp-content\/uploads\/2022\/10\/pressenza_logo_200x200.jpg\",\"width\":200,\"height\":200,\"caption\":\"Pressenza\"},\"image\":{\"@id\":\"https:\/\/www.pressenza.com\/fr\/#\/schema\/logo\/image\/\"},\"sameAs\":[\"https:\/\/www.facebook.com\/PressenzaItalia\",\"https:\/\/x.com\/PressenzaIPA\"]},{\"@type\":\"Person\",\"@id\":\"https:\/\/www.pressenza.com\/fr\/#\/schema\/person\/9b981b05c7ecf09292e6acb3223b2d9d\",\"name\":\"Amnesty International\",\"description\":\"Amnesty International is a global movement of more than 3 million supporters, members and activists in over 150 countries and territories who campaign to end grave abuses of human rights. Our vision is for every person to enjoy all the rights enshrined in the Universal Declaration of Human Rights and other international human rights standards. www.amnesty.org\",\"sameAs\":[\"http:\/\/www.amnesty.it\",\"https:\/\/www.facebook.com\/amnestyglobal\",\"https:\/\/x.com\/amnesty\"],\"url\":\"https:\/\/www.pressenza.com\/fr\/author\/amnesty-international\/\"}]}<\/script>\n<!-- \/ Yoast SEO plugin. -->","yoast_head_json":{"title":"\u00ab Vos droits sont en danger \u00bb, alerte Amnesty International face aux attaques contre les libert\u00e9s dans le monde entier","description":"\u2022\u00a0 Amnesty International publie son rapport annuel 2015\/16 \u2022 De nombreux \u00c9tats ont viol\u00e9 de mani\u00e8re \u00e9hont\u00e9e le droit international et sont en train de","robots":{"index":"index","follow":"follow","max-snippet":"max-snippet:-1","max-image-preview":"max-image-preview:large","max-video-preview":"max-video-preview:-1"},"canonical":"https:\/\/www.pressenza.com\/fr\/2016\/02\/vos-droits-sont-en-danger-alerte-amnesty-international-face-aux-attaques-contre-les-libertes-dans-le-monde-entier\/","og_locale":"fr_FR","og_type":"article","og_title":"\u00ab Vos droits sont en danger \u00bb, alerte Amnesty International face aux attaques contre les libert\u00e9s dans le monde entier","og_description":"\u2022\u00a0 Amnesty International publie son rapport annuel 2015\/16 \u2022 De nombreux \u00c9tats ont viol\u00e9 de mani\u00e8re \u00e9hont\u00e9e le droit international et sont en train de","og_url":"https:\/\/www.pressenza.com\/fr\/2016\/02\/vos-droits-sont-en-danger-alerte-amnesty-international-face-aux-attaques-contre-les-libertes-dans-le-monde-entier\/","og_site_name":"Pressenza","article_publisher":"https:\/\/www.facebook.com\/PressenzaItalia","article_author":"https:\/\/www.facebook.com\/amnestyglobal","article_published_time":"2016-02-28T11:30:07+00:00","article_modified_time":"2016-02-28T13:43:40+00:00","author":"Amnesty International","twitter_card":"summary_large_image","twitter_creator":"@amnesty","twitter_site":"@PressenzaIPA","twitter_misc":{"\u00c9crit par":"Amnesty International","Dur\u00e9e de lecture estim\u00e9e":"12 minutes"},"schema":{"@context":"https:\/\/schema.org","@graph":[{"@type":"Article","@id":"https:\/\/www.pressenza.com\/fr\/2016\/02\/vos-droits-sont-en-danger-alerte-amnesty-international-face-aux-attaques-contre-les-libertes-dans-le-monde-entier\/#article","isPartOf":{"@id":"https:\/\/www.pressenza.com\/fr\/2016\/02\/vos-droits-sont-en-danger-alerte-amnesty-international-face-aux-attaques-contre-les-libertes-dans-le-monde-entier\/"},"author":{"name":"Amnesty International","@id":"https:\/\/www.pressenza.com\/fr\/#\/schema\/person\/9b981b05c7ecf09292e6acb3223b2d9d"},"headline":"\u00ab Vos droits sont en danger \u00bb, alerte Amnesty International face aux attaques contre les libert\u00e9s dans le monde entier","datePublished":"2016-02-28T11:30:07+00:00","dateModified":"2016-02-28T13:43:40+00:00","mainEntityOfPage":{"@id":"https:\/\/www.pressenza.com\/fr\/2016\/02\/vos-droits-sont-en-danger-alerte-amnesty-international-face-aux-attaques-contre-les-libertes-dans-le-monde-entier\/"},"wordCount":2528,"publisher":{"@id":"https:\/\/www.pressenza.com\/fr\/#organization"},"keywords":["France","r\u00e9fugi\u00e9s","Syrie"],"articleSection":["Communiqu\u00e9s de Presse","International"],"inLanguage":"fr-FR"},{"@type":"WebPage","@id":"https:\/\/www.pressenza.com\/fr\/2016\/02\/vos-droits-sont-en-danger-alerte-amnesty-international-face-aux-attaques-contre-les-libertes-dans-le-monde-entier\/","url":"https:\/\/www.pressenza.com\/fr\/2016\/02\/vos-droits-sont-en-danger-alerte-amnesty-international-face-aux-attaques-contre-les-libertes-dans-le-monde-entier\/","name":"\u00ab Vos droits sont en danger \u00bb, alerte Amnesty International face aux attaques contre les libert\u00e9s dans le monde entier","isPartOf":{"@id":"https:\/\/www.pressenza.com\/fr\/#website"},"datePublished":"2016-02-28T11:30:07+00:00","dateModified":"2016-02-28T13:43:40+00:00","description":"\u2022\u00a0 Amnesty International publie son rapport annuel 2015\/16 \u2022 De nombreux \u00c9tats ont viol\u00e9 de mani\u00e8re \u00e9hont\u00e9e le droit international et sont en train de","breadcrumb":{"@id":"https:\/\/www.pressenza.com\/fr\/2016\/02\/vos-droits-sont-en-danger-alerte-amnesty-international-face-aux-attaques-contre-les-libertes-dans-le-monde-entier\/#breadcrumb"},"inLanguage":"fr-FR","potentialAction":[{"@type":"ReadAction","target":["https:\/\/www.pressenza.com\/fr\/2016\/02\/vos-droits-sont-en-danger-alerte-amnesty-international-face-aux-attaques-contre-les-libertes-dans-le-monde-entier\/"]}]},{"@type":"BreadcrumbList","@id":"https:\/\/www.pressenza.com\/fr\/2016\/02\/vos-droits-sont-en-danger-alerte-amnesty-international-face-aux-attaques-contre-les-libertes-dans-le-monde-entier\/#breadcrumb","itemListElement":[{"@type":"ListItem","position":1,"name":"Accueil","item":"https:\/\/www.pressenza.com\/fr\/"},{"@type":"ListItem","position":2,"name":"\u00ab Vos droits sont en danger \u00bb, alerte Amnesty International face aux attaques contre les libert\u00e9s dans le monde entier"}]},{"@type":"WebSite","@id":"https:\/\/www.pressenza.com\/fr\/#website","url":"https:\/\/www.pressenza.com\/fr\/","name":"Pressenza","description":"International Press Agency","publisher":{"@id":"https:\/\/www.pressenza.com\/fr\/#organization"},"potentialAction":[{"@type":"SearchAction","target":{"@type":"EntryPoint","urlTemplate":"https:\/\/www.pressenza.com\/fr\/?s={search_term_string}"},"query-input":{"@type":"PropertyValueSpecification","valueRequired":true,"valueName":"search_term_string"}}],"inLanguage":"fr-FR"},{"@type":"Organization","@id":"https:\/\/www.pressenza.com\/fr\/#organization","name":"Pressenza","url":"https:\/\/www.pressenza.com\/fr\/","logo":{"@type":"ImageObject","inLanguage":"fr-FR","@id":"https:\/\/www.pressenza.com\/fr\/#\/schema\/logo\/image\/","url":"https:\/\/www.pressenza.com\/wp-content\/uploads\/2022\/10\/pressenza_logo_200x200.jpg","contentUrl":"https:\/\/www.pressenza.com\/wp-content\/uploads\/2022\/10\/pressenza_logo_200x200.jpg","width":200,"height":200,"caption":"Pressenza"},"image":{"@id":"https:\/\/www.pressenza.com\/fr\/#\/schema\/logo\/image\/"},"sameAs":["https:\/\/www.facebook.com\/PressenzaItalia","https:\/\/x.com\/PressenzaIPA"]},{"@type":"Person","@id":"https:\/\/www.pressenza.com\/fr\/#\/schema\/person\/9b981b05c7ecf09292e6acb3223b2d9d","name":"Amnesty International","description":"Amnesty International is a global movement of more than 3 million supporters, members and activists in over 150 countries and territories who campaign to end grave abuses of human rights. Our vision is for every person to enjoy all the rights enshrined in the Universal Declaration of Human Rights and other international human rights standards. www.amnesty.org","sameAs":["http:\/\/www.amnesty.it","https:\/\/www.facebook.com\/amnestyglobal","https:\/\/x.com\/amnesty"],"url":"https:\/\/www.pressenza.com\/fr\/author\/amnesty-international\/"}]}},"place":"Paris","original_article_url":"http:\/\/www.amnesty.fr\/Presse\/Communiques-de-presse\/Vos-droits-sont-en-danger-alerte-Amnesty-International-face-aux-attaques-contre-les-libertes-dans-le-17705","_links":{"self":[{"href":"https:\/\/www.pressenza.com\/fr\/wp-json\/wp\/v2\/posts\/282825","targetHints":{"allow":["GET"]}}],"collection":[{"href":"https:\/\/www.pressenza.com\/fr\/wp-json\/wp\/v2\/posts"}],"about":[{"href":"https:\/\/www.pressenza.com\/fr\/wp-json\/wp\/v2\/types\/post"}],"author":[{"embeddable":true,"href":"https:\/\/www.pressenza.com\/fr\/wp-json\/wp\/v2\/users\/432"}],"replies":[{"embeddable":true,"href":"https:\/\/www.pressenza.com\/fr\/wp-json\/wp\/v2\/comments?post=282825"}],"version-history":[{"count":0,"href":"https:\/\/www.pressenza.com\/fr\/wp-json\/wp\/v2\/posts\/282825\/revisions"}],"wp:attachment":[{"href":"https:\/\/www.pressenza.com\/fr\/wp-json\/wp\/v2\/media?parent=282825"}],"wp:term":[{"taxonomy":"category","embeddable":true,"href":"https:\/\/www.pressenza.com\/fr\/wp-json\/wp\/v2\/categories?post=282825"},{"taxonomy":"post_tag","embeddable":true,"href":"https:\/\/www.pressenza.com\/fr\/wp-json\/wp\/v2\/tags?post=282825"}],"curies":[{"name":"wp","href":"https:\/\/api.w.org\/{rel}","templated":true}]}}