{"id":27727,"date":"2012-12-12T13:28:51","date_gmt":"2012-12-12T13:28:51","guid":{"rendered":"http:\/\/www.pressenza.com\/?p=27727"},"modified":"2012-12-12T13:31:21","modified_gmt":"2012-12-12T13:31:21","slug":"promulgation-de-la-loi-generale-de-telecommunications-une-legislation-injuste-et-discriminatoire","status":"publish","type":"post","link":"https:\/\/www.pressenza.com\/fr\/2012\/12\/promulgation-de-la-loi-generale-de-telecommunications-une-legislation-injuste-et-discriminatoire\/","title":{"rendered":"Promulgation de la loi g\u00e9n\u00e9rale de t\u00e9l\u00e9communications : \u201cUne l\u00e9gislation injuste et discriminatoire\u201d"},"content":{"rendered":"<p><span>Approuv\u00e9e en troisi\u00e8me lecture par le Congr\u00e8s, le 19 novembre 2012, la loi g\u00e9n\u00e9rale de t\u00e9l\u00e9communications (LGT) est entr\u00e9e en vigueur, le 6 d\u00e9cembre, sous l\u2019effet de sa promulgation par le pr\u00e9sident de la R\u00e9publique, Otto P\u00e9rez Molina. Reporters sans fronti\u00e8res et l\u2019Association mondiale des radios communautaires (AMARC) avaient d\u00e9j\u00e0 alert\u00e9 sur les cons\u00e9quences d\u2019une l\u00e9gislation p\u00e9nalisante pour les petits m\u00e9dias en attente de fr\u00e9quence \u2013 et sp\u00e9cialement les radios communautaires indig\u00e8nes &#8211; lors de son approbation en seconde lecture, en novembre 2011 (<a href=\"http:\/\/fr.rsf.org\/guatemala-reforme-polemique-de-la-loi-de-01-12-2011,41495.html\" rel=\"nofollow\" target=\"_blank\">http:\/\/fr.rsf.org\/guatemala-reforme-polemique-de-la-loi-de-01-12-2011,41495.html<\/a>). <\/span><\/p>\n<p><span>\u00a0<\/span><\/p>\n<p><span>\u201cNous sommes aujourd\u2019hui pr\u00eats \u00e0 soutenir les recours envisag\u00e9s par certains d\u00e9put\u00e9s contre un texte in\u00e9quitable dans ses dispositions, insuffisamment d\u00e9battu et non conforme <em>a priori<\/em> aux jurisprudences et trait\u00e9s auquel le Guatemala est li\u00e9 tant \u00e0 \u00e9chelon national qu\u2019international. La LGT, en l\u2019\u00e9tat, est \u00e0 la fois injuste et discriminatoire\u201d, a d\u00e9clar\u00e9 Reporters sans fronti\u00e8res. <\/span><\/p>\n<p><span>\u00a0<\/span><\/p>\n<p><span>\u201cInjuste, car elle ent\u00e9rine le grave d\u00e9s\u00e9quilibre de l\u2019espace de fr\u00e9quences au profit de quelques-uns et prolonge une concentration m\u00e9diatique contraire \u00e0 l\u2019exigence de pluralisme. Discriminatoire, car elle prive de moyens l\u00e9gaux d\u2019expression publique des communaut\u00e9s repr\u00e9sentant pourtant la majorit\u00e9 de la population du pays. Les Accords de paix du 3 d\u00e9cembre 1996, qui ont mis fin \u00e0 trente-six ans de guerre civile, comme la Convention am\u00e9ricaine des droits de l\u2019homme (\u00e0 laquelle le Guatemala est soumis \u00e0 titre d\u2019\u00c9tat membre de l\u2019Organisation des \u00c9tats am\u00e9ricains), disposent qu\u2019un espace doit \u00eatre m\u00e9nag\u00e9 pour la diffusion et la promotion des cultures indig\u00e8nes et des minorit\u00e9s. Dans les conditions impos\u00e9es par la loi, les petites stations issues des communaut\u00e9s indig\u00e8nes (mayas, xinkas), garifunas (d\u2019ascendance africaine) ou m\u00e9tis peuvent craindre \u00e0 tout moment la fermeture forc\u00e9e et la confiscation d\u2019\u00e9quipements\u201d, a ajout\u00e9 l\u2019organisation. <\/span><\/p>\n<p><span>\u00a0<\/span><\/p>\n<p><span>La r\u00e9forme de la LGT permet aux radios et t\u00e9l\u00e9visions d\u00e9j\u00e0 d\u00e9positaires d\u2019une concession de fr\u00e9quence d\u2019en obtenir le renouvellement quasi automatique pour une dur\u00e9e de vingt ans, soit cinq ans de plus que les concessions octroy\u00e9es au titre de la pr\u00e9c\u00e9dente LGT, adopt\u00e9e en 1997. La nouvelle LGT ne pose, en outre, aucun seuil au nombre de renouvellements possibles des concessions de fr\u00e9quences, garantissant ainsi leur propri\u00e9t\u00e9 illimit\u00e9e aux m\u00e9dias b\u00e9n\u00e9ficiaires. <\/span><\/p>\n<p><span>\u00a0<\/span><\/p>\n<p><span>Le Syst\u00e8me des Nations unies au Guatemala (SNU) a d\u00e9nonc\u00e9 l\u2019absence de r\u00e9el d\u00e9bat public entourant le processus d\u2019adoption de la LGT, et une discussion parlementaire tenue \u00e0 huis clos, sans la moindre publicit\u00e9. Tr\u00e8s s\u00e9v\u00e8re sur le contenu m\u00eame de la r\u00e9forme, le SNU a \u00e9galement point\u00e9 son grave d\u00e9faut de garanties de transparence concernant les conditions d\u2019obtention et de prolongation des fr\u00e9quences. Enfin, le SNU a d\u00e9plor\u00e9 le camouflet inflig\u00e9 aux communaut\u00e9s indig\u00e8nes et \u00e0 leurs m\u00e9dias, \u00e0 rebours des recommandations formul\u00e9es par le Haut commissaire aux droits de l\u2019homme de l\u2019Onu, Navi Pillay, lors de sa visite dans le pays en mars dernier.\u00a0\u00a0 <\/span><\/p>\n<p><span>\u00a0<\/span><\/p>\n<p id=\"yui_3_7_2_1_1355300045693_227\"><span id=\"yui_3_7_2_1_1355300045693_226\">Dans les rangs parlementaires, Amilcar Pop, pr\u00e9sident de la commission de la transparence du congr\u00e8s et d\u00e9put\u00e9 de Winaq (parti fond\u00e9 par la prix Nobel de la paix 1992 Rigoberta Mench\u00fa) a annonc\u00e9 qu\u2019il pr\u00e9senterait une action en inconstitutionnalit\u00e9 contre la\u00a0LGT. Le vice-pr\u00e9sident de la m\u00eame commission et d\u00e9put\u00e9 d\u2019Unit\u00e9 nationale de l\u2019espoir (UNE), Carlos Barrera, ainsi que le d\u00e9put\u00e9 de l\u2019Union r\u00e9volutionnaire nationale guat\u00e9malt\u00e8que (URNG, ancienne gu\u00e9rilla) Carlos Mej\u00eda se sont prononc\u00e9s pour d\u2019importants amendements \u00e0 la loi au b\u00e9n\u00e9fice des radios communautaires.\u00a0 <\/span><\/p>\n","protected":false},"excerpt":{"rendered":"<p>Approuv\u00e9e en troisi\u00e8me lecture par le Congr\u00e8s, le 19 novembre 2012, la loi g\u00e9n\u00e9rale de t\u00e9l\u00e9communications (LGT) est entr\u00e9e en vigueur, le 6 d\u00e9cembre, sous l\u2019effet de sa promulgation par le pr\u00e9sident de la R\u00e9publique, Otto P\u00e9rez Molina. Reporters sans&hellip;<\/p>\n","protected":false},"author":524,"featured_media":0,"comment_status":"closed","ping_status":"open","sticky":false,"template":"","format":"standard","meta":{"footnotes":""},"categories":[88,151,94,99],"tags":[],"class_list":["post-27727","post","type-post","status-publish","format-standard","hentry","category-amerique-centrale","category-communique-de-presse","category-culture-fr","category-peuples-autochtones"],"yoast_head":"<!-- This site is optimized with the Yoast SEO plugin v27.1.1 - https:\/\/yoast.com\/product\/yoast-seo-wordpress\/ -->\n<title>Promulgation de la loi g\u00e9n\u00e9rale de t\u00e9l\u00e9communications : \u201cUne l\u00e9gislation injuste et discriminatoire\u201d<\/title>\n<meta name=\"description\" content=\"Approuv\u00e9e en troisi\u00e8me lecture par le Congr\u00e8s, le 19 novembre 2012, la loi g\u00e9n\u00e9rale de t\u00e9l\u00e9communications (LGT) est entr\u00e9e en vigueur, le 6 d\u00e9cembre, sous\" \/>\n<meta name=\"robots\" content=\"index, follow, max-snippet:-1, max-image-preview:large, max-video-preview:-1\" \/>\n<link rel=\"canonical\" href=\"https:\/\/www.pressenza.com\/fr\/2012\/12\/promulgation-de-la-loi-generale-de-telecommunications-une-legislation-injuste-et-discriminatoire\/\" \/>\n<meta property=\"og:locale\" content=\"fr_FR\" \/>\n<meta property=\"og:type\" content=\"article\" \/>\n<meta property=\"og:title\" content=\"Promulgation de la loi g\u00e9n\u00e9rale de t\u00e9l\u00e9communications : \u201cUne l\u00e9gislation injuste et discriminatoire\u201d\" \/>\n<meta property=\"og:description\" content=\"Approuv\u00e9e en troisi\u00e8me lecture par le Congr\u00e8s, le 19 novembre 2012, la loi g\u00e9n\u00e9rale de t\u00e9l\u00e9communications (LGT) est entr\u00e9e en vigueur, le 6 d\u00e9cembre, sous\" \/>\n<meta property=\"og:url\" content=\"https:\/\/www.pressenza.com\/fr\/2012\/12\/promulgation-de-la-loi-generale-de-telecommunications-une-legislation-injuste-et-discriminatoire\/\" \/>\n<meta property=\"og:site_name\" content=\"Pressenza\" \/>\n<meta property=\"article:publisher\" content=\"https:\/\/www.facebook.com\/PressenzaItalia\" \/>\n<meta property=\"article:author\" content=\"https:\/\/www.facebook.com\/Reporterssansfrontieres\" \/>\n<meta property=\"article:published_time\" content=\"2012-12-12T13:28:51+00:00\" \/>\n<meta property=\"article:modified_time\" content=\"2012-12-12T13:31:21+00:00\" \/>\n<meta name=\"author\" content=\"Reporters Sans Fronti\u00e8res\" \/>\n<meta name=\"twitter:card\" content=\"summary_large_image\" \/>\n<meta name=\"twitter:creator\" content=\"@rsf_rwb\" \/>\n<meta name=\"twitter:site\" content=\"@PressenzaIPA\" \/>\n<meta name=\"twitter:label1\" content=\"\u00c9crit par\" \/>\n\t<meta name=\"twitter:data1\" content=\"Reporters Sans Fronti\u00e8res\" \/>\n\t<meta name=\"twitter:label2\" content=\"Dur\u00e9e de lecture estim\u00e9e\" \/>\n\t<meta name=\"twitter:data2\" content=\"3 minutes\" \/>\n<script type=\"application\/ld+json\" class=\"yoast-schema-graph\">{\"@context\":\"https:\/\/schema.org\",\"@graph\":[{\"@type\":\"Article\",\"@id\":\"https:\/\/www.pressenza.com\/fr\/2012\/12\/promulgation-de-la-loi-generale-de-telecommunications-une-legislation-injuste-et-discriminatoire\/#article\",\"isPartOf\":{\"@id\":\"https:\/\/www.pressenza.com\/fr\/2012\/12\/promulgation-de-la-loi-generale-de-telecommunications-une-legislation-injuste-et-discriminatoire\/\"},\"author\":{\"name\":\"Reporters Sans Fronti\u00e8res\",\"@id\":\"https:\/\/www.pressenza.com\/fr\/#\/schema\/person\/48c82c5ae57b850b04eb2f9d266b11e1\"},\"headline\":\"Promulgation de la loi g\u00e9n\u00e9rale de t\u00e9l\u00e9communications : \u201cUne l\u00e9gislation injuste et discriminatoire\u201d\",\"datePublished\":\"2012-12-12T13:28:51+00:00\",\"dateModified\":\"2012-12-12T13:31:21+00:00\",\"mainEntityOfPage\":{\"@id\":\"https:\/\/www.pressenza.com\/fr\/2012\/12\/promulgation-de-la-loi-generale-de-telecommunications-une-legislation-injuste-et-discriminatoire\/\"},\"wordCount\":672,\"publisher\":{\"@id\":\"https:\/\/www.pressenza.com\/fr\/#organization\"},\"articleSection\":[\"Am\u00e9rique centrale\",\"Communiqu\u00e9s de Presse\",\"Culture et M\u00e9dias\",\"Peuples originaires\"],\"inLanguage\":\"fr-FR\"},{\"@type\":\"WebPage\",\"@id\":\"https:\/\/www.pressenza.com\/fr\/2012\/12\/promulgation-de-la-loi-generale-de-telecommunications-une-legislation-injuste-et-discriminatoire\/\",\"url\":\"https:\/\/www.pressenza.com\/fr\/2012\/12\/promulgation-de-la-loi-generale-de-telecommunications-une-legislation-injuste-et-discriminatoire\/\",\"name\":\"Promulgation de la loi g\u00e9n\u00e9rale de t\u00e9l\u00e9communications : \u201cUne l\u00e9gislation injuste et discriminatoire\u201d\",\"isPartOf\":{\"@id\":\"https:\/\/www.pressenza.com\/fr\/#website\"},\"datePublished\":\"2012-12-12T13:28:51+00:00\",\"dateModified\":\"2012-12-12T13:31:21+00:00\",\"description\":\"Approuv\u00e9e en troisi\u00e8me lecture par le Congr\u00e8s, le 19 novembre 2012, la loi g\u00e9n\u00e9rale de t\u00e9l\u00e9communications (LGT) est entr\u00e9e en vigueur, le 6 d\u00e9cembre, sous\",\"breadcrumb\":{\"@id\":\"https:\/\/www.pressenza.com\/fr\/2012\/12\/promulgation-de-la-loi-generale-de-telecommunications-une-legislation-injuste-et-discriminatoire\/#breadcrumb\"},\"inLanguage\":\"fr-FR\",\"potentialAction\":[{\"@type\":\"ReadAction\",\"target\":[\"https:\/\/www.pressenza.com\/fr\/2012\/12\/promulgation-de-la-loi-generale-de-telecommunications-une-legislation-injuste-et-discriminatoire\/\"]}]},{\"@type\":\"BreadcrumbList\",\"@id\":\"https:\/\/www.pressenza.com\/fr\/2012\/12\/promulgation-de-la-loi-generale-de-telecommunications-une-legislation-injuste-et-discriminatoire\/#breadcrumb\",\"itemListElement\":[{\"@type\":\"ListItem\",\"position\":1,\"name\":\"Accueil\",\"item\":\"https:\/\/www.pressenza.com\/fr\/\"},{\"@type\":\"ListItem\",\"position\":2,\"name\":\"Promulgation de la loi g\u00e9n\u00e9rale de t\u00e9l\u00e9communications : \u201cUne l\u00e9gislation injuste et discriminatoire\u201d\"}]},{\"@type\":\"WebSite\",\"@id\":\"https:\/\/www.pressenza.com\/fr\/#website\",\"url\":\"https:\/\/www.pressenza.com\/fr\/\",\"name\":\"Pressenza\",\"description\":\"International Press Agency\",\"publisher\":{\"@id\":\"https:\/\/www.pressenza.com\/fr\/#organization\"},\"potentialAction\":[{\"@type\":\"SearchAction\",\"target\":{\"@type\":\"EntryPoint\",\"urlTemplate\":\"https:\/\/www.pressenza.com\/fr\/?s={search_term_string}\"},\"query-input\":{\"@type\":\"PropertyValueSpecification\",\"valueRequired\":true,\"valueName\":\"search_term_string\"}}],\"inLanguage\":\"fr-FR\"},{\"@type\":\"Organization\",\"@id\":\"https:\/\/www.pressenza.com\/fr\/#organization\",\"name\":\"Pressenza\",\"url\":\"https:\/\/www.pressenza.com\/fr\/\",\"logo\":{\"@type\":\"ImageObject\",\"inLanguage\":\"fr-FR\",\"@id\":\"https:\/\/www.pressenza.com\/fr\/#\/schema\/logo\/image\/\",\"url\":\"https:\/\/www.pressenza.com\/wp-content\/uploads\/2022\/10\/pressenza_logo_200x200.jpg\",\"contentUrl\":\"https:\/\/www.pressenza.com\/wp-content\/uploads\/2022\/10\/pressenza_logo_200x200.jpg\",\"width\":200,\"height\":200,\"caption\":\"Pressenza\"},\"image\":{\"@id\":\"https:\/\/www.pressenza.com\/fr\/#\/schema\/logo\/image\/\"},\"sameAs\":[\"https:\/\/www.facebook.com\/PressenzaItalia\",\"https:\/\/x.com\/PressenzaIPA\"]},{\"@type\":\"Person\",\"@id\":\"https:\/\/www.pressenza.com\/fr\/#\/schema\/person\/48c82c5ae57b850b04eb2f9d266b11e1\",\"name\":\"Reporters Sans Fronti\u00e8res\",\"description\":\"Freedom of expression and of information will always be the world\u2019s most important freedom. If journalists were not free to report the facts, denounce abuses and alert the public, how would we resist the problem of children-soldiers, defend women\u2019s rights, or preserve our environment? In some countries, torturers stop their atrocious deeds as soon as they are mentioned in the media. In others, corrupt politicians abandon their illegal habits when investigative journalists publish compromising details about their activities. Still elsewhere, massacres are prevented when the international media focuses its attention and cameras on events. Freedom of information is the foundation of any democracy. Yet almost half of the world\u2019s population is still denied it. rsf.org\",\"sameAs\":[\"https:\/\/www.facebook.com\/Reporterssansfrontieres\",\"https:\/\/x.com\/rsf_rwb\"],\"url\":\"https:\/\/www.pressenza.com\/fr\/author\/reporters-sans-frontieres\/\"}]}<\/script>\n<!-- \/ Yoast SEO plugin. -->","yoast_head_json":{"title":"Promulgation de la loi g\u00e9n\u00e9rale de t\u00e9l\u00e9communications : \u201cUne l\u00e9gislation injuste et discriminatoire\u201d","description":"Approuv\u00e9e en troisi\u00e8me lecture par le Congr\u00e8s, le 19 novembre 2012, la loi g\u00e9n\u00e9rale de t\u00e9l\u00e9communications (LGT) est entr\u00e9e en vigueur, le 6 d\u00e9cembre, sous","robots":{"index":"index","follow":"follow","max-snippet":"max-snippet:-1","max-image-preview":"max-image-preview:large","max-video-preview":"max-video-preview:-1"},"canonical":"https:\/\/www.pressenza.com\/fr\/2012\/12\/promulgation-de-la-loi-generale-de-telecommunications-une-legislation-injuste-et-discriminatoire\/","og_locale":"fr_FR","og_type":"article","og_title":"Promulgation de la loi g\u00e9n\u00e9rale de t\u00e9l\u00e9communications : \u201cUne l\u00e9gislation injuste et discriminatoire\u201d","og_description":"Approuv\u00e9e en troisi\u00e8me lecture par le Congr\u00e8s, le 19 novembre 2012, la loi g\u00e9n\u00e9rale de t\u00e9l\u00e9communications (LGT) est entr\u00e9e en vigueur, le 6 d\u00e9cembre, sous","og_url":"https:\/\/www.pressenza.com\/fr\/2012\/12\/promulgation-de-la-loi-generale-de-telecommunications-une-legislation-injuste-et-discriminatoire\/","og_site_name":"Pressenza","article_publisher":"https:\/\/www.facebook.com\/PressenzaItalia","article_author":"https:\/\/www.facebook.com\/Reporterssansfrontieres","article_published_time":"2012-12-12T13:28:51+00:00","article_modified_time":"2012-12-12T13:31:21+00:00","author":"Reporters Sans Fronti\u00e8res","twitter_card":"summary_large_image","twitter_creator":"@rsf_rwb","twitter_site":"@PressenzaIPA","twitter_misc":{"\u00c9crit par":"Reporters Sans Fronti\u00e8res","Dur\u00e9e de lecture estim\u00e9e":"3 minutes"},"schema":{"@context":"https:\/\/schema.org","@graph":[{"@type":"Article","@id":"https:\/\/www.pressenza.com\/fr\/2012\/12\/promulgation-de-la-loi-generale-de-telecommunications-une-legislation-injuste-et-discriminatoire\/#article","isPartOf":{"@id":"https:\/\/www.pressenza.com\/fr\/2012\/12\/promulgation-de-la-loi-generale-de-telecommunications-une-legislation-injuste-et-discriminatoire\/"},"author":{"name":"Reporters Sans Fronti\u00e8res","@id":"https:\/\/www.pressenza.com\/fr\/#\/schema\/person\/48c82c5ae57b850b04eb2f9d266b11e1"},"headline":"Promulgation de la loi g\u00e9n\u00e9rale de t\u00e9l\u00e9communications : \u201cUne l\u00e9gislation injuste et discriminatoire\u201d","datePublished":"2012-12-12T13:28:51+00:00","dateModified":"2012-12-12T13:31:21+00:00","mainEntityOfPage":{"@id":"https:\/\/www.pressenza.com\/fr\/2012\/12\/promulgation-de-la-loi-generale-de-telecommunications-une-legislation-injuste-et-discriminatoire\/"},"wordCount":672,"publisher":{"@id":"https:\/\/www.pressenza.com\/fr\/#organization"},"articleSection":["Am\u00e9rique centrale","Communiqu\u00e9s de Presse","Culture et M\u00e9dias","Peuples originaires"],"inLanguage":"fr-FR"},{"@type":"WebPage","@id":"https:\/\/www.pressenza.com\/fr\/2012\/12\/promulgation-de-la-loi-generale-de-telecommunications-une-legislation-injuste-et-discriminatoire\/","url":"https:\/\/www.pressenza.com\/fr\/2012\/12\/promulgation-de-la-loi-generale-de-telecommunications-une-legislation-injuste-et-discriminatoire\/","name":"Promulgation de la loi g\u00e9n\u00e9rale de t\u00e9l\u00e9communications : \u201cUne l\u00e9gislation injuste et discriminatoire\u201d","isPartOf":{"@id":"https:\/\/www.pressenza.com\/fr\/#website"},"datePublished":"2012-12-12T13:28:51+00:00","dateModified":"2012-12-12T13:31:21+00:00","description":"Approuv\u00e9e en troisi\u00e8me lecture par le Congr\u00e8s, le 19 novembre 2012, la loi g\u00e9n\u00e9rale de t\u00e9l\u00e9communications (LGT) est entr\u00e9e en vigueur, le 6 d\u00e9cembre, sous","breadcrumb":{"@id":"https:\/\/www.pressenza.com\/fr\/2012\/12\/promulgation-de-la-loi-generale-de-telecommunications-une-legislation-injuste-et-discriminatoire\/#breadcrumb"},"inLanguage":"fr-FR","potentialAction":[{"@type":"ReadAction","target":["https:\/\/www.pressenza.com\/fr\/2012\/12\/promulgation-de-la-loi-generale-de-telecommunications-une-legislation-injuste-et-discriminatoire\/"]}]},{"@type":"BreadcrumbList","@id":"https:\/\/www.pressenza.com\/fr\/2012\/12\/promulgation-de-la-loi-generale-de-telecommunications-une-legislation-injuste-et-discriminatoire\/#breadcrumb","itemListElement":[{"@type":"ListItem","position":1,"name":"Accueil","item":"https:\/\/www.pressenza.com\/fr\/"},{"@type":"ListItem","position":2,"name":"Promulgation de la loi g\u00e9n\u00e9rale de t\u00e9l\u00e9communications : \u201cUne l\u00e9gislation injuste et discriminatoire\u201d"}]},{"@type":"WebSite","@id":"https:\/\/www.pressenza.com\/fr\/#website","url":"https:\/\/www.pressenza.com\/fr\/","name":"Pressenza","description":"International Press Agency","publisher":{"@id":"https:\/\/www.pressenza.com\/fr\/#organization"},"potentialAction":[{"@type":"SearchAction","target":{"@type":"EntryPoint","urlTemplate":"https:\/\/www.pressenza.com\/fr\/?s={search_term_string}"},"query-input":{"@type":"PropertyValueSpecification","valueRequired":true,"valueName":"search_term_string"}}],"inLanguage":"fr-FR"},{"@type":"Organization","@id":"https:\/\/www.pressenza.com\/fr\/#organization","name":"Pressenza","url":"https:\/\/www.pressenza.com\/fr\/","logo":{"@type":"ImageObject","inLanguage":"fr-FR","@id":"https:\/\/www.pressenza.com\/fr\/#\/schema\/logo\/image\/","url":"https:\/\/www.pressenza.com\/wp-content\/uploads\/2022\/10\/pressenza_logo_200x200.jpg","contentUrl":"https:\/\/www.pressenza.com\/wp-content\/uploads\/2022\/10\/pressenza_logo_200x200.jpg","width":200,"height":200,"caption":"Pressenza"},"image":{"@id":"https:\/\/www.pressenza.com\/fr\/#\/schema\/logo\/image\/"},"sameAs":["https:\/\/www.facebook.com\/PressenzaItalia","https:\/\/x.com\/PressenzaIPA"]},{"@type":"Person","@id":"https:\/\/www.pressenza.com\/fr\/#\/schema\/person\/48c82c5ae57b850b04eb2f9d266b11e1","name":"Reporters Sans Fronti\u00e8res","description":"Freedom of expression and of information will always be the world\u2019s most important freedom. If journalists were not free to report the facts, denounce abuses and alert the public, how would we resist the problem of children-soldiers, defend women\u2019s rights, or preserve our environment? In some countries, torturers stop their atrocious deeds as soon as they are mentioned in the media. In others, corrupt politicians abandon their illegal habits when investigative journalists publish compromising details about their activities. Still elsewhere, massacres are prevented when the international media focuses its attention and cameras on events. Freedom of information is the foundation of any democracy. Yet almost half of the world\u2019s population is still denied it. rsf.org","sameAs":["https:\/\/www.facebook.com\/Reporterssansfrontieres","https:\/\/x.com\/rsf_rwb"],"url":"https:\/\/www.pressenza.com\/fr\/author\/reporters-sans-frontieres\/"}]}},"place":"Guatemala","original_article_url":"","_links":{"self":[{"href":"https:\/\/www.pressenza.com\/fr\/wp-json\/wp\/v2\/posts\/27727","targetHints":{"allow":["GET"]}}],"collection":[{"href":"https:\/\/www.pressenza.com\/fr\/wp-json\/wp\/v2\/posts"}],"about":[{"href":"https:\/\/www.pressenza.com\/fr\/wp-json\/wp\/v2\/types\/post"}],"author":[{"embeddable":true,"href":"https:\/\/www.pressenza.com\/fr\/wp-json\/wp\/v2\/users\/524"}],"replies":[{"embeddable":true,"href":"https:\/\/www.pressenza.com\/fr\/wp-json\/wp\/v2\/comments?post=27727"}],"version-history":[{"count":0,"href":"https:\/\/www.pressenza.com\/fr\/wp-json\/wp\/v2\/posts\/27727\/revisions"}],"wp:attachment":[{"href":"https:\/\/www.pressenza.com\/fr\/wp-json\/wp\/v2\/media?parent=27727"}],"wp:term":[{"taxonomy":"category","embeddable":true,"href":"https:\/\/www.pressenza.com\/fr\/wp-json\/wp\/v2\/categories?post=27727"},{"taxonomy":"post_tag","embeddable":true,"href":"https:\/\/www.pressenza.com\/fr\/wp-json\/wp\/v2\/tags?post=27727"}],"curies":[{"name":"wp","href":"https:\/\/api.w.org\/{rel}","templated":true}]}}