{"id":276585,"date":"2016-02-10T19:08:22","date_gmt":"2016-02-10T19:08:22","guid":{"rendered":"http:\/\/www.pressenza.com\/fr\/?p=276585"},"modified":"2016-02-11T18:42:34","modified_gmt":"2016-02-11T18:42:34","slug":"solidarite-depuis-bruxelles-avec-la-greve-generale-en-grece","status":"publish","type":"post","link":"https:\/\/www.pressenza.com\/fr\/2016\/02\/solidarite-depuis-bruxelles-avec-la-greve-generale-en-grece\/","title":{"rendered":"[Vid\u00e9o] Solidarit\u00e9 depuis Bruxelles avec la Gr\u00e8ve g\u00e9n\u00e9rale en Gr\u00e8ce"},"content":{"rendered":"<blockquote><p>Le 4 f\u00e9vrier 2016 pass\u00e9 la Gr\u00e8ce a connu sa plus grande mobilisation apr\u00e8s l\u2019arriv\u00e9e au pouvoir de SYRIZA<\/p><\/blockquote>\n<p>Plus de 40000 personnes \u00e0 Ath\u00e8nes, 14000 \u00e0 Thessalonique et de nombreux autres rassemblements un peu partout dans le pays contre la r\u00e9forme des retraites. Des mesures impos\u00e9es par le troisi\u00e8me m\u00e9morandum qui devraient rapporter 1,8 milliards d\u2019euros.<\/p>\n<p>A Bruxelles aussi a eu lieu une manifestation en solidarit\u00e9 aux gr\u00e9vistes grecs. Ci-dessous vid\u00e9o de Zintv<\/p>\n<p><iframe loading=\"lazy\" title=\"Solidarite\u0301 avec la Gre\u0300ve ge\u0301ne\u0301rale en Gre\u0300ce\" src=\"https:\/\/player.vimeo.com\/video\/154225013?dnt=1&amp;app_id=122963\" width=\"500\" height=\"281\" frameborder=\"0\" allow=\"autoplay; fullscreen; picture-in-picture; clipboard-write; encrypted-media; web-share\" referrerpolicy=\"strict-origin-when-cross-origin\"><\/iframe><\/p>\n<p>Source vid\u00e9o :\u00a0<a href=\"http:\/\/www.zintv.org\/Solidarite-avec-la-Greve-generale,3893\">http:\/\/www.zintv.org\/Solidarite-avec-la-Greve-generale,3893<\/a><\/p>\n<p>&nbsp;<\/p>\n<p><strong>Gr\u00e8ve g\u00e9n\u00e9rale en Gr\u00e8ce contre la r\u00e9forme des retraites<\/strong><\/p>\n<p>Apr\u00e8s avoir capitul\u00e9, le gouvernement grec essaie d\u2019imposer une \u00e9ni\u00e8me r\u00e9forme des retraites. Con\u00e7ue par la Tro\u00efka, cette nouvelle attaque contre le syst\u00e8me des pensions entra\u00eenera sa d\u00e9gradation radicale.<\/p>\n<p class=\"_45m_ _2vxa\">Les retraites ont d\u00e9j\u00e0 \u00e9t\u00e9 diminu\u00e9es de 30 \u00e0 50% suite aux onze d\u00e9cisions appliqu\u00e9es depuis 2010. Cette douzi\u00e8me r\u00e9forme vise \u00e0 \u00f4ter 1,8 milliard d\u2019euros des poches des retrait\u00e9.e.s \u2013alors que 8 milliards par an pourraient \u00eatre \u00e9conomis\u00e9s en combattant r\u00e9ellement l\u2019\u00e9vasion fiscale et le travail non d\u00e9clar\u00e9, ou encore en remettant en cause le paiement de la dette qui a englouti environ 24 milliards d\u2019euros en 2015.<\/p>\n<p class=\"_45m_ _2vxa\">Cette r\u00e9forme va encore accro\u00eetre l\u2019appauvrissement des pensionn\u00e9.e.s : 300.000 d\u2019entre eux, parmi les plus d\u00e9munis, dont une majorit\u00e9 de femmes, vont subir une r\u00e9duction de 193 euros d\u2019ici \u00e0 2019 et se retrouveront au-dessous du seuil officiel de pauvret\u00e9. Elle frappe aussi les ind\u00e9pendants (faux ou vrais) et les agriculteurs en augmentant de fa\u00e7on arbitraire leur contributions fixes mensuelles. Les ing\u00e9nieurs, les avocats et les agriculteurs (dont la grande majorit\u00e9 a d\u00e9j\u00e0 d\u2019\u00e9normes difficult\u00e9s \u00e0 joindre les deux bouts) devront abandonner leur m\u00e9tier car il leur sera impossible de payer ces contributions. Ils iront ainsi rejoindre les 1,5 million de ch\u00f4meurs.<\/p>\n<p class=\"_45m_ _2vxa\">Mais les citoyens grecs ne comptent pas capituler. Des grandes manifestations de travailleurs communaux, d\u2019enseignants, d\u2019avocats et d\u2019ing\u00e9nieurs ont eu lieu r\u00e9cemment. Les agriculteurs bloquent les autoroutes dans tout le pays en demandant le retrait imm\u00e9diat de ce projet de loi. Dans ce contexte, la gr\u00e8ve g\u00e9n\u00e9rale du 4 f\u00e9vrier est un moment important pour la coordination de toutes ces luttes.<\/p>\n<p class=\"_45m_ _2vxa\">Il est essentiel que ce message acqui\u00e8re aussi une port\u00e9e europ\u00e9enne contre la r\u00e9signation. En Gr\u00e8ce comme en Belgique, avec le report et le durcissement du droit \u00e0 la pension, les contre-r\u00e9formes visant le d\u00e9mant\u00e8lement des syst\u00e8mes de retraites appauvrissent les gens et contribuent \u00e0 l\u2019augmentation du ch\u00f4mage \u2013au lieu de s\u2019en prendre aux grandes fortunes et aux multinationales \u00e9pargn\u00e9es par le fisc. Il en va de m\u00eame pour les op\u00e9rations de privatisation et de d\u00e9sinvestissement des services publics, qu\u2019il s\u2019agisse du rail ou des ports maritimes. C\u2019est la m\u00eame politique que nous continuerons \u00e0 combattre inlassablement, d\u2019Ath\u00e8nes \u00e0 Bruxelles, en suivant la voie de la r\u00e9sistance suivie par les classes populaires de Gr\u00e8ce.<\/p>\n<p>Source du texte &lsquo;Gr\u00e8ve g\u00e9n\u00e9rale en Gr\u00e8ce contre la r\u00e9forme des retraites<strong>&lsquo;\u00a0<\/strong>:\u00a0<a href=\"https:\/\/initiativesolidaritebxl.wordpress.com\/2016\/02\/02\/422016-rassemblement-de-solidarite-avec-la-greve-generale-en-grece\/\">https:\/\/initiativesolidaritebxl.wordpress.com\/2016\/02\/02\/422016-rassemblement-de-solidarite-avec-la-greve-generale-en-grece\/<\/a><\/p>\n","protected":false},"excerpt":{"rendered":"<p>Le 4 f\u00e9vrier 2016 pass\u00e9 la Gr\u00e8ce a connu sa plus grande mobilisation apr\u00e8s l\u2019arriv\u00e9e au pouvoir de SYRIZA Plus de 40000 personnes \u00e0 Ath\u00e8nes, 14000 \u00e0 Thessalonique et de nombreux autres rassemblements un peu partout dans le pays contre&hellip;<\/p>\n","protected":false},"author":926,"featured_media":276702,"comment_status":"closed","ping_status":"open","sticky":false,"template":"","format":"standard","meta":{"footnotes":""},"categories":[98,85,40,163],"tags":[3233,434,307,24029],"class_list":["post-276585","post","type-post","status-publish","format-standard","has-post-thumbnail","hentry","category-droits-de-lhomme","category-europe-fr","category-international-fr","category-opinion-fr","tag-belgique","tag-grece","tag-manifestation","tag-reforme-des-retraites"],"yoast_head":"<!-- This site is optimized with the Yoast SEO plugin v27.1.1 - https:\/\/yoast.com\/product\/yoast-seo-wordpress\/ -->\n<title>[Vid\u00e9o] Solidarit\u00e9 depuis Bruxelles avec la Gr\u00e8ve g\u00e9n\u00e9rale en Gr\u00e8ce<\/title>\n<meta name=\"description\" content=\"Le 4 f\u00e9vrier 2016 pass\u00e9 la Gr\u00e8ce a connu sa plus grande mobilisation apr\u00e8s l\u2019arriv\u00e9e au pouvoir de SYRIZA Plus de 40000 personnes \u00e0 Ath\u00e8nes, 14000 \u00e0\" \/>\n<meta name=\"robots\" content=\"index, follow, max-snippet:-1, max-image-preview:large, max-video-preview:-1\" \/>\n<link rel=\"canonical\" href=\"https:\/\/www.pressenza.com\/fr\/2016\/02\/solidarite-depuis-bruxelles-avec-la-greve-generale-en-grece\/\" \/>\n<meta property=\"og:locale\" content=\"fr_FR\" \/>\n<meta property=\"og:type\" content=\"article\" \/>\n<meta property=\"og:title\" content=\"[Vid\u00e9o] Solidarit\u00e9 depuis Bruxelles avec la Gr\u00e8ve g\u00e9n\u00e9rale en Gr\u00e8ce\" \/>\n<meta property=\"og:description\" content=\"Le 4 f\u00e9vrier 2016 pass\u00e9 la Gr\u00e8ce a connu sa plus grande mobilisation apr\u00e8s l\u2019arriv\u00e9e au pouvoir de SYRIZA Plus de 40000 personnes \u00e0 Ath\u00e8nes, 14000 \u00e0\" \/>\n<meta property=\"og:url\" content=\"https:\/\/www.pressenza.com\/fr\/2016\/02\/solidarite-depuis-bruxelles-avec-la-greve-generale-en-grece\/\" \/>\n<meta property=\"og:site_name\" content=\"Pressenza\" \/>\n<meta property=\"article:publisher\" content=\"https:\/\/www.facebook.com\/PressenzaItalia\" \/>\n<meta property=\"article:published_time\" content=\"2016-02-10T19:08:22+00:00\" \/>\n<meta property=\"article:modified_time\" content=\"2016-02-11T18:42:34+00:00\" \/>\n<meta property=\"og:image\" content=\"https:\/\/www.pressenza.com\/wp-content\/uploads\/2016\/02\/Vid--o-Solidarit---depuis-Bruxelles-avec-la-Gr--ve-g--n--rale-en-Gr--ce.jpg\" \/>\n\t<meta property=\"og:image:width\" content=\"750\" \/>\n\t<meta property=\"og:image:height\" content=\"473\" \/>\n\t<meta property=\"og:image:type\" content=\"image\/jpeg\" \/>\n<meta name=\"author\" content=\"R\u00e9daction France\" \/>\n<meta name=\"twitter:card\" content=\"summary_large_image\" \/>\n<meta name=\"twitter:creator\" content=\"@PressenzaIPA\" \/>\n<meta name=\"twitter:site\" content=\"@PressenzaIPA\" \/>\n<meta name=\"twitter:label1\" content=\"\u00c9crit par\" \/>\n\t<meta name=\"twitter:data1\" content=\"R\u00e9daction France\" \/>\n\t<meta name=\"twitter:label2\" content=\"Dur\u00e9e de lecture estim\u00e9e\" \/>\n\t<meta name=\"twitter:data2\" content=\"3 minutes\" \/>\n<script type=\"application\/ld+json\" class=\"yoast-schema-graph\">{\"@context\":\"https:\/\/schema.org\",\"@graph\":[{\"@type\":\"Article\",\"@id\":\"https:\/\/www.pressenza.com\/fr\/2016\/02\/solidarite-depuis-bruxelles-avec-la-greve-generale-en-grece\/#article\",\"isPartOf\":{\"@id\":\"https:\/\/www.pressenza.com\/fr\/2016\/02\/solidarite-depuis-bruxelles-avec-la-greve-generale-en-grece\/\"},\"author\":{\"name\":\"R\u00e9daction France\",\"@id\":\"https:\/\/www.pressenza.com\/fr\/#\/schema\/person\/3c9fe6670cc2cffbd37562f87b98e869\"},\"headline\":\"[Vid\u00e9o] Solidarit\u00e9 depuis Bruxelles avec la Gr\u00e8ve g\u00e9n\u00e9rale en Gr\u00e8ce\",\"datePublished\":\"2016-02-10T19:08:22+00:00\",\"dateModified\":\"2016-02-11T18:42:34+00:00\",\"mainEntityOfPage\":{\"@id\":\"https:\/\/www.pressenza.com\/fr\/2016\/02\/solidarite-depuis-bruxelles-avec-la-greve-generale-en-grece\/\"},\"wordCount\":571,\"publisher\":{\"@id\":\"https:\/\/www.pressenza.com\/fr\/#organization\"},\"image\":{\"@id\":\"https:\/\/www.pressenza.com\/fr\/2016\/02\/solidarite-depuis-bruxelles-avec-la-greve-generale-en-grece\/#primaryimage\"},\"thumbnailUrl\":\"https:\/\/www.pressenza.com\/wp-content\/uploads\/2016\/02\/Vid--o-Solidarit---depuis-Bruxelles-avec-la-Gr--ve-g--n--rale-en-Gr--ce.jpg\",\"keywords\":[\"Belgique\",\"Gr\u00e8ce\",\"manifestation\",\"r\u00e9forme des retraites\"],\"articleSection\":[\"Droits humains\",\"Europe\",\"International\",\"Opinion\"],\"inLanguage\":\"fr-FR\"},{\"@type\":\"WebPage\",\"@id\":\"https:\/\/www.pressenza.com\/fr\/2016\/02\/solidarite-depuis-bruxelles-avec-la-greve-generale-en-grece\/\",\"url\":\"https:\/\/www.pressenza.com\/fr\/2016\/02\/solidarite-depuis-bruxelles-avec-la-greve-generale-en-grece\/\",\"name\":\"[Vid\u00e9o] Solidarit\u00e9 depuis Bruxelles avec la Gr\u00e8ve g\u00e9n\u00e9rale en Gr\u00e8ce\",\"isPartOf\":{\"@id\":\"https:\/\/www.pressenza.com\/fr\/#website\"},\"primaryImageOfPage\":{\"@id\":\"https:\/\/www.pressenza.com\/fr\/2016\/02\/solidarite-depuis-bruxelles-avec-la-greve-generale-en-grece\/#primaryimage\"},\"image\":{\"@id\":\"https:\/\/www.pressenza.com\/fr\/2016\/02\/solidarite-depuis-bruxelles-avec-la-greve-generale-en-grece\/#primaryimage\"},\"thumbnailUrl\":\"https:\/\/www.pressenza.com\/wp-content\/uploads\/2016\/02\/Vid--o-Solidarit---depuis-Bruxelles-avec-la-Gr--ve-g--n--rale-en-Gr--ce.jpg\",\"datePublished\":\"2016-02-10T19:08:22+00:00\",\"dateModified\":\"2016-02-11T18:42:34+00:00\",\"description\":\"Le 4 f\u00e9vrier 2016 pass\u00e9 la Gr\u00e8ce a connu sa plus grande mobilisation apr\u00e8s l\u2019arriv\u00e9e au pouvoir de SYRIZA Plus de 40000 personnes \u00e0 Ath\u00e8nes, 14000 \u00e0\",\"breadcrumb\":{\"@id\":\"https:\/\/www.pressenza.com\/fr\/2016\/02\/solidarite-depuis-bruxelles-avec-la-greve-generale-en-grece\/#breadcrumb\"},\"inLanguage\":\"fr-FR\",\"potentialAction\":[{\"@type\":\"ReadAction\",\"target\":[\"https:\/\/www.pressenza.com\/fr\/2016\/02\/solidarite-depuis-bruxelles-avec-la-greve-generale-en-grece\/\"]}]},{\"@type\":\"ImageObject\",\"inLanguage\":\"fr-FR\",\"@id\":\"https:\/\/www.pressenza.com\/fr\/2016\/02\/solidarite-depuis-bruxelles-avec-la-greve-generale-en-grece\/#primaryimage\",\"url\":\"https:\/\/www.pressenza.com\/wp-content\/uploads\/2016\/02\/Vid--o-Solidarit---depuis-Bruxelles-avec-la-Gr--ve-g--n--rale-en-Gr--ce.jpg\",\"contentUrl\":\"https:\/\/www.pressenza.com\/wp-content\/uploads\/2016\/02\/Vid--o-Solidarit---depuis-Bruxelles-avec-la-Gr--ve-g--n--rale-en-Gr--ce.jpg\",\"width\":750,\"height\":473},{\"@type\":\"BreadcrumbList\",\"@id\":\"https:\/\/www.pressenza.com\/fr\/2016\/02\/solidarite-depuis-bruxelles-avec-la-greve-generale-en-grece\/#breadcrumb\",\"itemListElement\":[{\"@type\":\"ListItem\",\"position\":1,\"name\":\"Accueil\",\"item\":\"https:\/\/www.pressenza.com\/fr\/\"},{\"@type\":\"ListItem\",\"position\":2,\"name\":\"[Vid\u00e9o] Solidarit\u00e9 depuis Bruxelles avec la Gr\u00e8ve g\u00e9n\u00e9rale en Gr\u00e8ce\"}]},{\"@type\":\"WebSite\",\"@id\":\"https:\/\/www.pressenza.com\/fr\/#website\",\"url\":\"https:\/\/www.pressenza.com\/fr\/\",\"name\":\"Pressenza\",\"description\":\"International Press Agency\",\"publisher\":{\"@id\":\"https:\/\/www.pressenza.com\/fr\/#organization\"},\"potentialAction\":[{\"@type\":\"SearchAction\",\"target\":{\"@type\":\"EntryPoint\",\"urlTemplate\":\"https:\/\/www.pressenza.com\/fr\/?s={search_term_string}\"},\"query-input\":{\"@type\":\"PropertyValueSpecification\",\"valueRequired\":true,\"valueName\":\"search_term_string\"}}],\"inLanguage\":\"fr-FR\"},{\"@type\":\"Organization\",\"@id\":\"https:\/\/www.pressenza.com\/fr\/#organization\",\"name\":\"Pressenza\",\"url\":\"https:\/\/www.pressenza.com\/fr\/\",\"logo\":{\"@type\":\"ImageObject\",\"inLanguage\":\"fr-FR\",\"@id\":\"https:\/\/www.pressenza.com\/fr\/#\/schema\/logo\/image\/\",\"url\":\"https:\/\/www.pressenza.com\/wp-content\/uploads\/2022\/10\/pressenza_logo_200x200.jpg\",\"contentUrl\":\"https:\/\/www.pressenza.com\/wp-content\/uploads\/2022\/10\/pressenza_logo_200x200.jpg\",\"width\":200,\"height\":200,\"caption\":\"Pressenza\"},\"image\":{\"@id\":\"https:\/\/www.pressenza.com\/fr\/#\/schema\/logo\/image\/\"},\"sameAs\":[\"https:\/\/www.facebook.com\/PressenzaItalia\",\"https:\/\/x.com\/PressenzaIPA\"]},{\"@type\":\"Person\",\"@id\":\"https:\/\/www.pressenza.com\/fr\/#\/schema\/person\/3c9fe6670cc2cffbd37562f87b98e869\",\"name\":\"R\u00e9daction France\",\"description\":\"News published by the Pressenza bureau in France\",\"sameAs\":[\"http:\/\/www.pressenza.com\/fr\"],\"url\":\"https:\/\/www.pressenza.com\/fr\/author\/redactionfrance\/\"}]}<\/script>\n<!-- \/ Yoast SEO plugin. -->","yoast_head_json":{"title":"[Vid\u00e9o] Solidarit\u00e9 depuis Bruxelles avec la Gr\u00e8ve g\u00e9n\u00e9rale en Gr\u00e8ce","description":"Le 4 f\u00e9vrier 2016 pass\u00e9 la Gr\u00e8ce a connu sa plus grande mobilisation apr\u00e8s l\u2019arriv\u00e9e au pouvoir de SYRIZA Plus de 40000 personnes \u00e0 Ath\u00e8nes, 14000 \u00e0","robots":{"index":"index","follow":"follow","max-snippet":"max-snippet:-1","max-image-preview":"max-image-preview:large","max-video-preview":"max-video-preview:-1"},"canonical":"https:\/\/www.pressenza.com\/fr\/2016\/02\/solidarite-depuis-bruxelles-avec-la-greve-generale-en-grece\/","og_locale":"fr_FR","og_type":"article","og_title":"[Vid\u00e9o] Solidarit\u00e9 depuis Bruxelles avec la Gr\u00e8ve g\u00e9n\u00e9rale en Gr\u00e8ce","og_description":"Le 4 f\u00e9vrier 2016 pass\u00e9 la Gr\u00e8ce a connu sa plus grande mobilisation apr\u00e8s l\u2019arriv\u00e9e au pouvoir de SYRIZA Plus de 40000 personnes \u00e0 Ath\u00e8nes, 14000 \u00e0","og_url":"https:\/\/www.pressenza.com\/fr\/2016\/02\/solidarite-depuis-bruxelles-avec-la-greve-generale-en-grece\/","og_site_name":"Pressenza","article_publisher":"https:\/\/www.facebook.com\/PressenzaItalia","article_published_time":"2016-02-10T19:08:22+00:00","article_modified_time":"2016-02-11T18:42:34+00:00","og_image":[{"width":750,"height":473,"url":"https:\/\/www.pressenza.com\/wp-content\/uploads\/2016\/02\/Vid--o-Solidarit---depuis-Bruxelles-avec-la-Gr--ve-g--n--rale-en-Gr--ce.jpg","type":"image\/jpeg"}],"author":"R\u00e9daction France","twitter_card":"summary_large_image","twitter_creator":"@PressenzaIPA","twitter_site":"@PressenzaIPA","twitter_misc":{"\u00c9crit par":"R\u00e9daction France","Dur\u00e9e de lecture estim\u00e9e":"3 minutes"},"schema":{"@context":"https:\/\/schema.org","@graph":[{"@type":"Article","@id":"https:\/\/www.pressenza.com\/fr\/2016\/02\/solidarite-depuis-bruxelles-avec-la-greve-generale-en-grece\/#article","isPartOf":{"@id":"https:\/\/www.pressenza.com\/fr\/2016\/02\/solidarite-depuis-bruxelles-avec-la-greve-generale-en-grece\/"},"author":{"name":"R\u00e9daction France","@id":"https:\/\/www.pressenza.com\/fr\/#\/schema\/person\/3c9fe6670cc2cffbd37562f87b98e869"},"headline":"[Vid\u00e9o] Solidarit\u00e9 depuis Bruxelles avec la Gr\u00e8ve g\u00e9n\u00e9rale en Gr\u00e8ce","datePublished":"2016-02-10T19:08:22+00:00","dateModified":"2016-02-11T18:42:34+00:00","mainEntityOfPage":{"@id":"https:\/\/www.pressenza.com\/fr\/2016\/02\/solidarite-depuis-bruxelles-avec-la-greve-generale-en-grece\/"},"wordCount":571,"publisher":{"@id":"https:\/\/www.pressenza.com\/fr\/#organization"},"image":{"@id":"https:\/\/www.pressenza.com\/fr\/2016\/02\/solidarite-depuis-bruxelles-avec-la-greve-generale-en-grece\/#primaryimage"},"thumbnailUrl":"https:\/\/www.pressenza.com\/wp-content\/uploads\/2016\/02\/Vid--o-Solidarit---depuis-Bruxelles-avec-la-Gr--ve-g--n--rale-en-Gr--ce.jpg","keywords":["Belgique","Gr\u00e8ce","manifestation","r\u00e9forme des retraites"],"articleSection":["Droits humains","Europe","International","Opinion"],"inLanguage":"fr-FR"},{"@type":"WebPage","@id":"https:\/\/www.pressenza.com\/fr\/2016\/02\/solidarite-depuis-bruxelles-avec-la-greve-generale-en-grece\/","url":"https:\/\/www.pressenza.com\/fr\/2016\/02\/solidarite-depuis-bruxelles-avec-la-greve-generale-en-grece\/","name":"[Vid\u00e9o] Solidarit\u00e9 depuis Bruxelles avec la Gr\u00e8ve g\u00e9n\u00e9rale en Gr\u00e8ce","isPartOf":{"@id":"https:\/\/www.pressenza.com\/fr\/#website"},"primaryImageOfPage":{"@id":"https:\/\/www.pressenza.com\/fr\/2016\/02\/solidarite-depuis-bruxelles-avec-la-greve-generale-en-grece\/#primaryimage"},"image":{"@id":"https:\/\/www.pressenza.com\/fr\/2016\/02\/solidarite-depuis-bruxelles-avec-la-greve-generale-en-grece\/#primaryimage"},"thumbnailUrl":"https:\/\/www.pressenza.com\/wp-content\/uploads\/2016\/02\/Vid--o-Solidarit---depuis-Bruxelles-avec-la-Gr--ve-g--n--rale-en-Gr--ce.jpg","datePublished":"2016-02-10T19:08:22+00:00","dateModified":"2016-02-11T18:42:34+00:00","description":"Le 4 f\u00e9vrier 2016 pass\u00e9 la Gr\u00e8ce a connu sa plus grande mobilisation apr\u00e8s l\u2019arriv\u00e9e au pouvoir de SYRIZA Plus de 40000 personnes \u00e0 Ath\u00e8nes, 14000 \u00e0","breadcrumb":{"@id":"https:\/\/www.pressenza.com\/fr\/2016\/02\/solidarite-depuis-bruxelles-avec-la-greve-generale-en-grece\/#breadcrumb"},"inLanguage":"fr-FR","potentialAction":[{"@type":"ReadAction","target":["https:\/\/www.pressenza.com\/fr\/2016\/02\/solidarite-depuis-bruxelles-avec-la-greve-generale-en-grece\/"]}]},{"@type":"ImageObject","inLanguage":"fr-FR","@id":"https:\/\/www.pressenza.com\/fr\/2016\/02\/solidarite-depuis-bruxelles-avec-la-greve-generale-en-grece\/#primaryimage","url":"https:\/\/www.pressenza.com\/wp-content\/uploads\/2016\/02\/Vid--o-Solidarit---depuis-Bruxelles-avec-la-Gr--ve-g--n--rale-en-Gr--ce.jpg","contentUrl":"https:\/\/www.pressenza.com\/wp-content\/uploads\/2016\/02\/Vid--o-Solidarit---depuis-Bruxelles-avec-la-Gr--ve-g--n--rale-en-Gr--ce.jpg","width":750,"height":473},{"@type":"BreadcrumbList","@id":"https:\/\/www.pressenza.com\/fr\/2016\/02\/solidarite-depuis-bruxelles-avec-la-greve-generale-en-grece\/#breadcrumb","itemListElement":[{"@type":"ListItem","position":1,"name":"Accueil","item":"https:\/\/www.pressenza.com\/fr\/"},{"@type":"ListItem","position":2,"name":"[Vid\u00e9o] Solidarit\u00e9 depuis Bruxelles avec la Gr\u00e8ve g\u00e9n\u00e9rale en Gr\u00e8ce"}]},{"@type":"WebSite","@id":"https:\/\/www.pressenza.com\/fr\/#website","url":"https:\/\/www.pressenza.com\/fr\/","name":"Pressenza","description":"International Press Agency","publisher":{"@id":"https:\/\/www.pressenza.com\/fr\/#organization"},"potentialAction":[{"@type":"SearchAction","target":{"@type":"EntryPoint","urlTemplate":"https:\/\/www.pressenza.com\/fr\/?s={search_term_string}"},"query-input":{"@type":"PropertyValueSpecification","valueRequired":true,"valueName":"search_term_string"}}],"inLanguage":"fr-FR"},{"@type":"Organization","@id":"https:\/\/www.pressenza.com\/fr\/#organization","name":"Pressenza","url":"https:\/\/www.pressenza.com\/fr\/","logo":{"@type":"ImageObject","inLanguage":"fr-FR","@id":"https:\/\/www.pressenza.com\/fr\/#\/schema\/logo\/image\/","url":"https:\/\/www.pressenza.com\/wp-content\/uploads\/2022\/10\/pressenza_logo_200x200.jpg","contentUrl":"https:\/\/www.pressenza.com\/wp-content\/uploads\/2022\/10\/pressenza_logo_200x200.jpg","width":200,"height":200,"caption":"Pressenza"},"image":{"@id":"https:\/\/www.pressenza.com\/fr\/#\/schema\/logo\/image\/"},"sameAs":["https:\/\/www.facebook.com\/PressenzaItalia","https:\/\/x.com\/PressenzaIPA"]},{"@type":"Person","@id":"https:\/\/www.pressenza.com\/fr\/#\/schema\/person\/3c9fe6670cc2cffbd37562f87b98e869","name":"R\u00e9daction France","description":"News published by the Pressenza bureau in France","sameAs":["http:\/\/www.pressenza.com\/fr"],"url":"https:\/\/www.pressenza.com\/fr\/author\/redactionfrance\/"}]}},"place":"Belgique","original_article_url":"","_links":{"self":[{"href":"https:\/\/www.pressenza.com\/fr\/wp-json\/wp\/v2\/posts\/276585","targetHints":{"allow":["GET"]}}],"collection":[{"href":"https:\/\/www.pressenza.com\/fr\/wp-json\/wp\/v2\/posts"}],"about":[{"href":"https:\/\/www.pressenza.com\/fr\/wp-json\/wp\/v2\/types\/post"}],"author":[{"embeddable":true,"href":"https:\/\/www.pressenza.com\/fr\/wp-json\/wp\/v2\/users\/926"}],"replies":[{"embeddable":true,"href":"https:\/\/www.pressenza.com\/fr\/wp-json\/wp\/v2\/comments?post=276585"}],"version-history":[{"count":0,"href":"https:\/\/www.pressenza.com\/fr\/wp-json\/wp\/v2\/posts\/276585\/revisions"}],"wp:featuredmedia":[{"embeddable":true,"href":"https:\/\/www.pressenza.com\/fr\/wp-json\/wp\/v2\/media\/276702"}],"wp:attachment":[{"href":"https:\/\/www.pressenza.com\/fr\/wp-json\/wp\/v2\/media?parent=276585"}],"wp:term":[{"taxonomy":"category","embeddable":true,"href":"https:\/\/www.pressenza.com\/fr\/wp-json\/wp\/v2\/categories?post=276585"},{"taxonomy":"post_tag","embeddable":true,"href":"https:\/\/www.pressenza.com\/fr\/wp-json\/wp\/v2\/tags?post=276585"}],"curies":[{"name":"wp","href":"https:\/\/api.w.org\/{rel}","templated":true}]}}