{"id":276418,"date":"2016-02-09T20:41:56","date_gmt":"2016-02-09T20:41:56","guid":{"rendered":"http:\/\/www.pressenza.com\/fr\/?p=276418"},"modified":"2016-02-09T22:12:18","modified_gmt":"2016-02-09T22:12:18","slug":"une-semaine-en-amerique-latine-du-1er-au-7-fevrier-2016","status":"publish","type":"post","link":"https:\/\/www.pressenza.com\/fr\/2016\/02\/une-semaine-en-amerique-latine-du-1er-au-7-fevrier-2016\/","title":{"rendered":"Une Semaine en Am\u00e9rique latine (du 1er au 7 f\u00e9vrier 2016)"},"content":{"rendered":"<p><em><strong>Par Claire\u00a0Plisson pour Opinion Internationale<\/strong><\/em><\/p>\n<h4>Ha\u00efti\u00a0: une p\u00e9riode de transition s\u2019ouvre apr\u00e8s le d\u00e9part de Michel Martelly<\/h4>\n<p>&nbsp;<\/p>\n<div id=\"attachment_40516\" class=\"wp-caption alignleft\">\n<p><a href=\"http:\/\/www.opinion-internationale.com\/2016\/02\/09\/une-semaine-en-amerique-latine-du-1er-au-7-fevrier-2016_40512.html\/attachment\/04\" rel=\"attachment wp-att-40516\"><img loading=\"lazy\" decoding=\"async\" class=\"wp-image-40516 size-medium\" src=\"http:\/\/www.opinion-internationale.com\/wp-content\/uploads\/2016\/02\/04-189x300.jpg\" sizes=\"auto, (max-width: 189px) 100vw, 189px\" srcset=\"\" alt=\"Michel Martelly, avril 2011 - Cr\u00e9dit : Domaine public. \" width=\"189\" height=\"300\" \/><\/a><\/p>\n<h6 class=\"wp-caption-text\">Michel Martelly, avril 2011 \u2013<\/h6>\n<h6 class=\"wp-caption-text\">Cr\u00e9dit : Domaine public.<\/h6>\n<\/div>\n<p>Michel Martelly a quitt\u00e9 le pouvoir pr\u00e9sidentiel ha\u00eftien dimanche 7\u00a0f\u00e9vrier sans successeur \u00e9lu, apr\u00e8s l\u2019annulation le 24\u00a0janvier dernier du scrutin et son report\u00a0<em>sine die<\/em>\u00a0par le Conseil \u00e9lectoral provisoire, dont le pr\u00e9sident, Pierre-Louis Opont, a d\u00e9missionn\u00e9 r\u00e9cemment (<a href=\"http:\/\/www.opinion-internationale.com\/2016\/02\/02\/une-semaine-en-amerique-latine-du-25-au-31-janvier-2016_40313.html\">voir Semaine en Am\u00e9rique latine du 25 au 31 janvier<\/a>).<\/p>\n<p>Alors que le pays se retrouve dans une p\u00e9riode de transition mais aussi de tensions (plusieurs manifestations ont eu lieu \u00e0 Port-au-Prince, la capitale, en marge du scrutin, finalement annul\u00e9), les pouvoirs ex\u00e9cutif et l\u00e9gislatif sont parvenus \u00e0 un accord pour g\u00e9rer la vacance \u00e0 la t\u00eate de l\u2019\u00c9tat.<\/p>\n<p>Le pr\u00e9sident sortant a officialis\u00e9 son d\u00e9part et sign\u00e9 un accord, que l\u2019opposition r\u00e9clamait avec force depuis plusieurs semaines.<\/p>\n<p>Cet accord pr\u00e9voit notamment que les parlementaires \u00e9lisent, sous cinq jours, un chef de l\u2019\u00c9tat par int\u00e9rim. Pendant cette p\u00e9riode de transition, c\u2019est le Premier ministre, Evans Paul, qui g\u00e8rera les affaires courantes du pays.<\/p>\n<p>Les d\u00e9put\u00e9s et s\u00e9nateurs devront donc s\u2019accorder sur le choix d\u2019un pr\u00e9sident de transition. Ce dernier devra ensuite former un gouvernement ouvert aux diverses tendances des partis politiques et de la soci\u00e9t\u00e9 civile.<\/p>\n<p>Un autre d\u00e9fi de taille attend Ha\u00efti\u00a0: la composition d\u2019un nouveau Conseil \u00e9lectoral provisoire, apr\u00e8s la d\u00e9mission de son pr\u00e9sident. C\u2019est ce Conseil qui sera charg\u00e9 d\u2019\u00e9tablir le futur calendrier \u00e9lectoral. Le r\u00e9gime de transition ne doit pas d\u00e9passer 120\u00a0jours, un temps bien limit\u00e9 pour relever tous ces d\u00e9fis.<\/p>\n<p>&lsquo;http:\/\/www.rfi.fr\/ameriques\/20160207-haiti-accord-transition-nombreux-defis-michel-martelly<\/p>\n<p>&nbsp;<\/p>\n<h4>Le Honduras d\u00e9clare la guerre au virus zika<\/h4>\n<p>&nbsp;<\/p>\n<div id=\"attachment_40515\" class=\"wp-caption alignleft\" style=\"width: 282px;\">\n<p><a href=\"http:\/\/www.opinion-internationale.com\/2016\/02\/09\/une-semaine-en-amerique-latine-du-1er-au-7-fevrier-2016_40512.html\/attachment\/03\" rel=\"attachment wp-att-40515\"><img loading=\"lazy\" decoding=\"async\" class=\" wp-image-40515\" src=\"http:\/\/www.opinion-internationale.com\/wp-content\/uploads\/2016\/02\/03-300x150.png\" sizes=\"auto, (max-width: 300px) 100vw, 300px\" srcset=\"\" alt=\"Drapeau du Honduras\" width=\"272\" height=\"136\" \/><\/a><\/p>\n<h6 class=\"wp-caption-text\">Drapeau du Honduras<\/h6>\n<\/div>\n<p>Quelque 20\u00a0000\u00a0honduriens, de tous les secteurs de la soci\u00e9t\u00e9, se sont mobilis\u00e9s dans les villes et villages du Honduras samedi 6\u00a0d\u00e9cembre, munis de kits de nettoyage, pour \u00e9liminer les foyers de moustiques qui transmettent le virus zika, se propageant depuis plusieurs semaines en Am\u00e9rique latine. Le virus aurait d\u00e9j\u00e0 touch\u00e9 plus de 4\u00a0000\u00a0personnes dans le pays et environ 60\u00a0000\u00a0femmes enceintes courent des risques, selon les autorit\u00e9s honduriennes.<\/p>\n<p>Cette op\u00e9ration de nettoyage d\u2019envergure a \u00e9t\u00e9 lanc\u00e9e par le gouvernement.\u00a0<em>\u00ab\u00a0Les statistiques sont claires\u00a0: chaque jour, le nombre de cas de cette terrible maladie augmente\u00a0\u00bb,<\/em>\u00a0a d\u00e9clar\u00e9 le pr\u00e9sident Juan Orlando Hernandez, en inaugurant cette campagne.<\/p>\n<p>En plus des citoyens mobilis\u00e9s, plusieurs organisations gouvernementales ont \u00e9t\u00e9 mobilis\u00e9es dans tout le pays pour fumiger les maisons et d\u00e9truire les insectes pr\u00e9sents dans les eaux stagnantes des cimeti\u00e8res, cours, cuves et \u00e9gouts.<\/p>\n<p>&lsquo;http:\/\/www.espanol.rfi.fr\/americas\/20160207-honduras-le-declara-la-guerra-al-zika<\/p>\n<p>&nbsp;<\/p>\n<h4>L\u2019Argentine propose \u00e0 des fonds sp\u00e9culatifs am\u00e9ricains de les rembourser avec une d\u00e9cote de 25\u00a0%<\/h4>\n<p><a href=\"http:\/\/www.opinion-internationale.com\/2016\/02\/09\/une-semaine-en-amerique-latine-du-1er-au-7-fevrier-2016_40512.html\/attachment\/02\" rel=\"attachment wp-att-40514\"><img loading=\"lazy\" decoding=\"async\" class=\" wp-image-40514\" src=\"http:\/\/www.opinion-internationale.com\/wp-content\/uploads\/2016\/02\/02-218x300.jpg\" sizes=\"auto, (max-width: 208px) 100vw, 208px\" srcset=\"\" alt=\"Mauricio Macri, pr\u00e9sident argentin. Cr\u00e9dits : Casa Rosada (Argentina Presidency of the Nation) (Creative Commons) \" width=\"208\" height=\"286\" \/><\/a><\/p>\n<div id=\"attachment_40514\" class=\"wp-caption alignleft\">\n<h6 class=\"wp-caption-text\">Mauricio Macri, pr\u00e9sident argentin.<br \/>\nCr\u00e9dits : Casa Rosada<\/h6>\n<h6 class=\"wp-caption-text\">(Argentina Presidency of the Nation)<\/h6>\n<h6 class=\"wp-caption-text\">(Creative Commons)<\/h6>\n<\/div>\n<p>L\u2019Argentine, souhaitant sortir du conflit autour de sa dette, a propos\u00e9 vendredi 5\u00a0f\u00e9vrier \u00e0 des fonds sp\u00e9culatifs en provenance des \u00c9tats-Unis (hedge funds) de les rembourser moyennant une remise de 25\u00a0%.<\/p>\n<p>Buenos Aires aurait offert de payer \u00e0 hauteur de 6,5\u00a0milliards de dollars, alors que le passif est estim\u00e9 \u00e0 environ 9\u00a0milliards, selon Daniel Pollack, le m\u00e9diateur charg\u00e9 du dossier \u00e0 New York. Ce dernier a expliqu\u00e9 que<\/p>\n<p><em>\u00ab\u00a0l\u2019Argentine a rendu publique une proposition, visant \u00e0 trouver un compromis avec les nombreux d\u00e9tenteurs de titres de dette\u00a0\u00bb,<\/em>dont deux des six principaux fonds concern\u00e9s ont d\u00e9j\u00e0 accept\u00e9 les termes.<\/p>\n<p>Cependant, cette proposition ne s\u2019est pas encore concr\u00e9tis\u00e9e puisqu\u2019elle doit \u00eatre approuv\u00e9e par le Congr\u00e8s argentin et par le juge new-yorkais charg\u00e9 du dossier, Thomas Griesa.<\/p>\n<p>L\u2019issue de ce conflit permettrait \u00e0 l\u2019Argentine d\u2019\u00e9viter le d\u00e9faut de paiement et ainsi de pouvoir acc\u00e9der aux march\u00e9s mondiaux des capitaux.<\/p>\n<p>Mauricio Macri, le nouveau pr\u00e9sident argentin, au pouvoir depuis la mi-d\u00e9cembre 2015, a fait de la r\u00e9solution du conflit sur la dette du pays une priorit\u00e9 alors que sa pr\u00e9d\u00e9cesseure Cristina Kirchner, \u00e9tait plut\u00f4t en position de confrontation avec les fonds am\u00e9ricains.<\/p>\n<p>&lsquo;http:\/\/www.lemonde.fr\/ameriques\/article\/2016\/02\/06\/l-argentine-fait-une-proposition-sur-sa-dette-aux-fonds-speculatifs_4860504_3222.html<\/p>\n<p>&nbsp;<\/p>\n<h4>Chili\u00a0: un crat\u00e8re d\u00e9couvert dans la cha\u00eene volcanique Nevados de Chill\u00e1n<\/h4>\n<div id=\"attachment_40513\" class=\"wp-caption alignleft\">\n<p><a href=\"http:\/\/www.opinion-internationale.com\/2016\/02\/09\/une-semaine-en-amerique-latine-du-1er-au-7-fevrier-2016_40512.html\/01-2\" rel=\"attachment wp-att-40513\"><img loading=\"lazy\" decoding=\"async\" class=\"size-medium wp-image-40513\" src=\"http:\/\/www.opinion-internationale.com\/wp-content\/uploads\/2016\/02\/01-300x96.jpg\" sizes=\"auto, (max-width: 300px) 100vw, 300px\" srcset=\"\" alt=\"La cha\u00eene volcanique Nevados de Chill\u00e1n, au Chili. Cr\u00e9dits : G\u00e9rard Prins (Creative Commons) \" width=\"300\" height=\"96\" \/><\/a><\/p>\n<h5 class=\"wp-caption-text\">La cha\u00eene volcanique Nevados de Chill\u00e1n, au Chili.<br \/>\nCr\u00e9dits : G\u00e9rard Prins (Creative Commons)<\/h5>\n<\/div>\n<p>Le Service national de g\u00e9ologie et des mines du Chili a \u00e9crit dans son dernier rapport qu\u2019apr\u00e8s un survol a\u00e9rien r\u00e9alis\u00e9 au-dessus de la cha\u00eene volcanique enneig\u00e9e de Chill\u00e1n, un nouveau crat\u00e8re, d\u2019un diam\u00e8tre de 25 \u00e0 30\u00a0m\u00e8tres environ, a \u00e9t\u00e9 identifi\u00e9 \u00e0 environ 50\u00a0m\u00e8tres de celui du volcan Arrau.<\/p>\n<p>Situ\u00e9 dans la r\u00e9gion de B\u00edo B\u00edo, au centre du pays, l\u2019ensemble volcanique compos\u00e9 des volcans Santa Gertrudis, Cerro Blanco, Nuevo, Arrau, Viejo, et des crat\u00e8res mineurs plus r\u00e9cents Chudc\u00fan (2003) et Sebasti\u00e1n (2008), dans le sous-complexe Las Termas, est actuellement en alerte jaune et fait l\u2019objet d\u2019une \u00e9troite et constante surveillance.<\/p>\n<p>Les images obtenues au cours de son survol ont enregistr\u00e9 une temp\u00e9rature maximale de 125\u00b0\u00a0Celsius, ce qui indique l\u2019activit\u00e9 d\u2019un syst\u00e8me hydrothermal.<\/p>\n<p>Le 8\u00a0janvier dernier, le volcan Chill\u00e1n \u00e9tant entr\u00e9 en \u00e9ruption, les autorit\u00e9s locales ont recommand\u00e9 l\u2019\u00e9vacuation d\u2019environ 500\u00a0touristes et interdit de s\u2019approcher du volcan.<\/p>\n<p>Le Chili est le th\u00e9\u00e2tre d\u2019une forte activit\u00e9 volcanique\u00a0: environ 3\u00a0000\u00a0volcans se trouvent sur son territoire parmi lesquels pr\u00e8s de 500 sont consid\u00e9r\u00e9s comme g\u00e9ologiquement actifs.<\/p>\n<p>&lsquo;http:\/\/www.actulatino.com\/2016\/02\/05\/chili-un-nouveau-cratere-est-decouvert-dans-le-complexe-volcanique-nevados-de-chillan<\/p>\n<p>&nbsp;<\/p>\n<h4>Mexique\u00a0: une vague de froid inhabituel s\u2019abat dans 23\u00a0\u00c9tats du pays<\/h4>\n<p>Une grande partie du Mexique est frapp\u00e9e actuellement par une vague de froid et la Coordination nationale de la protection civile a publi\u00e9 un bulletin d\u2019urgence pour 23\u00a0\u00c9tats du pays, ce qui repr\u00e9sente 446\u00a0municipalit\u00e9s, selon l\u2019Institut national de g\u00e9ographie et de statistiques.<\/p>\n<p>Les \u00c9tats les plus impact\u00e9s par ces basses temp\u00e9ratures, ces chutes de neige et fortes gel\u00e9es sont Sonora, Zacatecas, San Luis Potos\u00ed et Tamaulipas.<\/p>\n<p>Selon des informations \u00e9manant du Service m\u00e9t\u00e9orologique, 60\u00a0fronts froids sont attendus cet hiver par les pr\u00e9visionnistes et 34 ont d\u00e9j\u00e0 \u00e9t\u00e9 enregistr\u00e9s.<\/p>\n<p>Pour lutter contre ce ph\u00e9nom\u00e8ne, le gouvernement mexicain a mis en place des mesures permettant d\u2019activer le Fonds d\u2019attention d\u2019urgence afin que les autorit\u00e9s locales puissent venir en aide aux habitants en leur fournissant de la nourriture, des v\u00eatements, des couvertures, des matelas ou encore un abri.<\/p>\n<p>Cette soudaine vague de froid est en partie caus\u00e9e par l\u2019impact du ph\u00e9nom\u00e8ne climatique d\u2019El Ni\u00f1o, qui affecte les temp\u00e9ratures de l\u2019oc\u00e9an Pacifique. La hausse de la temp\u00e9rature provoque une combinaison de fronts froids et engendre une forte humidit\u00e9 qui augmente les pluies et chutes de neige.<\/p>\n<p>L\u2019\u00e9pisode du Ni\u00f1o 2015-2016 affectera 60\u00a0millions de personnes \u00e0 travers le monde selon l\u2019OMS, et 4,2\u00a0millions de personnes en seraient impact\u00e9es en Am\u00e9rique centrale.<\/p>\n<p>&lsquo;http:\/\/www.actulatino.com\/2016\/02\/03\/mexique-une-grande-partie-de-la-population-grelotte-23-etats-sont-concernes-par-un-froid-inhabituel\/<\/p>\n","protected":false},"excerpt":{"rendered":"<p>Par Claire\u00a0Plisson pour Opinion Internationale Ha\u00efti\u00a0: une p\u00e9riode de transition s\u2019ouvre apr\u00e8s le d\u00e9part de Michel Martelly &nbsp; Michel Martelly, avril 2011 \u2013 Cr\u00e9dit : Domaine public. Michel Martelly a quitt\u00e9 le pouvoir pr\u00e9sidentiel ha\u00eftien dimanche 7\u00a0f\u00e9vrier sans successeur \u00e9lu,&hellip;<\/p>\n","protected":false},"author":752,"featured_media":0,"comment_status":"closed","ping_status":"open","sticky":false,"template":"","format":"standard","meta":{"footnotes":""},"categories":[86,100,163],"tags":[958,1180,573,842,279,2970,687,278],"class_list":["post-276418","post","type-post","status-publish","format-standard","hentry","category-amerique-du-sud","category-economie","category-opinion-fr","tag-amerique-latine","tag-argentine","tag-chili","tag-dette","tag-environnement","tag-haiti-fr","tag-mexique","tag-sante"],"yoast_head":"<!-- This site is optimized with the Yoast SEO plugin v27.1.1 - https:\/\/yoast.com\/product\/yoast-seo-wordpress\/ -->\n<title>Une Semaine en Am\u00e9rique latine (du 1er au 7 f\u00e9vrier 2016)<\/title>\n<meta name=\"description\" content=\"Par Claire\u00a0Plisson pour Opinion Internationale Ha\u00efti\u00a0: une p\u00e9riode de transition s\u2019ouvre apr\u00e8s le d\u00e9part de Michel Martelly &nbsp; Michel Martelly, avril\" \/>\n<meta name=\"robots\" content=\"index, follow, max-snippet:-1, max-image-preview:large, max-video-preview:-1\" \/>\n<link rel=\"canonical\" href=\"https:\/\/www.pressenza.com\/fr\/2016\/02\/une-semaine-en-amerique-latine-du-1er-au-7-fevrier-2016\/\" \/>\n<meta property=\"og:locale\" content=\"fr_FR\" \/>\n<meta property=\"og:type\" content=\"article\" \/>\n<meta property=\"og:title\" content=\"Une Semaine en Am\u00e9rique latine (du 1er au 7 f\u00e9vrier 2016)\" \/>\n<meta property=\"og:description\" content=\"Par Claire\u00a0Plisson pour Opinion Internationale Ha\u00efti\u00a0: une p\u00e9riode de transition s\u2019ouvre apr\u00e8s le d\u00e9part de Michel Martelly &nbsp; Michel Martelly, avril\" \/>\n<meta property=\"og:url\" content=\"https:\/\/www.pressenza.com\/fr\/2016\/02\/une-semaine-en-amerique-latine-du-1er-au-7-fevrier-2016\/\" \/>\n<meta property=\"og:site_name\" content=\"Pressenza\" \/>\n<meta property=\"article:publisher\" content=\"https:\/\/www.facebook.com\/PressenzaItalia\" \/>\n<meta property=\"article:published_time\" content=\"2016-02-09T20:41:56+00:00\" \/>\n<meta property=\"article:modified_time\" content=\"2016-02-09T22:12:18+00:00\" \/>\n<meta property=\"og:image\" content=\"https:\/\/www.pressenza.com\/wp-content\/uploads\/2013\/02\/migranti.jpg\" \/>\n\t<meta property=\"og:image:width\" content=\"591\" \/>\n\t<meta property=\"og:image:height\" content=\"315\" \/>\n\t<meta property=\"og:image:type\" content=\"image\/jpeg\" \/>\n<meta name=\"author\" content=\"R\u00e9daction Paris\" \/>\n<meta name=\"twitter:card\" content=\"summary_large_image\" \/>\n<meta name=\"twitter:creator\" content=\"@PressenzaIPA\" \/>\n<meta name=\"twitter:site\" content=\"@PressenzaIPA\" \/>\n<meta name=\"twitter:label1\" content=\"\u00c9crit par\" \/>\n\t<meta name=\"twitter:data1\" content=\"R\u00e9daction Paris\" \/>\n\t<meta name=\"twitter:label2\" content=\"Dur\u00e9e de lecture estim\u00e9e\" \/>\n\t<meta name=\"twitter:data2\" content=\"6 minutes\" \/>\n<script type=\"application\/ld+json\" class=\"yoast-schema-graph\">{\"@context\":\"https:\/\/schema.org\",\"@graph\":[{\"@type\":\"Article\",\"@id\":\"https:\/\/www.pressenza.com\/fr\/2016\/02\/une-semaine-en-amerique-latine-du-1er-au-7-fevrier-2016\/#article\",\"isPartOf\":{\"@id\":\"https:\/\/www.pressenza.com\/fr\/2016\/02\/une-semaine-en-amerique-latine-du-1er-au-7-fevrier-2016\/\"},\"author\":{\"name\":\"R\u00e9daction Paris\",\"@id\":\"https:\/\/www.pressenza.com\/fr\/#\/schema\/person\/5698ef8d4c2a370cbdd59d5b17455af6\"},\"headline\":\"Une Semaine en Am\u00e9rique latine (du 1er au 7 f\u00e9vrier 2016)\",\"datePublished\":\"2016-02-09T20:41:56+00:00\",\"dateModified\":\"2016-02-09T22:12:18+00:00\",\"mainEntityOfPage\":{\"@id\":\"https:\/\/www.pressenza.com\/fr\/2016\/02\/une-semaine-en-amerique-latine-du-1er-au-7-fevrier-2016\/\"},\"wordCount\":1247,\"publisher\":{\"@id\":\"https:\/\/www.pressenza.com\/fr\/#organization\"},\"image\":{\"@id\":\"https:\/\/www.pressenza.com\/fr\/2016\/02\/une-semaine-en-amerique-latine-du-1er-au-7-fevrier-2016\/#primaryimage\"},\"thumbnailUrl\":\"http:\/\/www.opinion-internationale.com\/wp-content\/uploads\/2016\/02\/04-189x300.jpg\",\"keywords\":[\"Am\u00e9rique latine\",\"Argentine\",\"Chili\",\"dette\",\"environnement\",\"Haiti\",\"Mexique\",\"sant\u00e9\"],\"articleSection\":[\"Am\u00e9rique du Sud\",\"Economie\",\"Opinion\"],\"inLanguage\":\"fr-FR\"},{\"@type\":\"WebPage\",\"@id\":\"https:\/\/www.pressenza.com\/fr\/2016\/02\/une-semaine-en-amerique-latine-du-1er-au-7-fevrier-2016\/\",\"url\":\"https:\/\/www.pressenza.com\/fr\/2016\/02\/une-semaine-en-amerique-latine-du-1er-au-7-fevrier-2016\/\",\"name\":\"Une Semaine en Am\u00e9rique latine (du 1er au 7 f\u00e9vrier 2016)\",\"isPartOf\":{\"@id\":\"https:\/\/www.pressenza.com\/fr\/#website\"},\"primaryImageOfPage\":{\"@id\":\"https:\/\/www.pressenza.com\/fr\/2016\/02\/une-semaine-en-amerique-latine-du-1er-au-7-fevrier-2016\/#primaryimage\"},\"image\":{\"@id\":\"https:\/\/www.pressenza.com\/fr\/2016\/02\/une-semaine-en-amerique-latine-du-1er-au-7-fevrier-2016\/#primaryimage\"},\"thumbnailUrl\":\"http:\/\/www.opinion-internationale.com\/wp-content\/uploads\/2016\/02\/04-189x300.jpg\",\"datePublished\":\"2016-02-09T20:41:56+00:00\",\"dateModified\":\"2016-02-09T22:12:18+00:00\",\"description\":\"Par Claire\u00a0Plisson pour Opinion Internationale Ha\u00efti\u00a0: une p\u00e9riode de transition s\u2019ouvre apr\u00e8s le d\u00e9part de Michel Martelly &nbsp; Michel Martelly, avril\",\"breadcrumb\":{\"@id\":\"https:\/\/www.pressenza.com\/fr\/2016\/02\/une-semaine-en-amerique-latine-du-1er-au-7-fevrier-2016\/#breadcrumb\"},\"inLanguage\":\"fr-FR\",\"potentialAction\":[{\"@type\":\"ReadAction\",\"target\":[\"https:\/\/www.pressenza.com\/fr\/2016\/02\/une-semaine-en-amerique-latine-du-1er-au-7-fevrier-2016\/\"]}]},{\"@type\":\"ImageObject\",\"inLanguage\":\"fr-FR\",\"@id\":\"https:\/\/www.pressenza.com\/fr\/2016\/02\/une-semaine-en-amerique-latine-du-1er-au-7-fevrier-2016\/#primaryimage\",\"url\":\"http:\/\/www.opinion-internationale.com\/wp-content\/uploads\/2016\/02\/04-189x300.jpg\",\"contentUrl\":\"http:\/\/www.opinion-internationale.com\/wp-content\/uploads\/2016\/02\/04-189x300.jpg\"},{\"@type\":\"BreadcrumbList\",\"@id\":\"https:\/\/www.pressenza.com\/fr\/2016\/02\/une-semaine-en-amerique-latine-du-1er-au-7-fevrier-2016\/#breadcrumb\",\"itemListElement\":[{\"@type\":\"ListItem\",\"position\":1,\"name\":\"Accueil\",\"item\":\"https:\/\/www.pressenza.com\/fr\/\"},{\"@type\":\"ListItem\",\"position\":2,\"name\":\"Une Semaine en Am\u00e9rique latine (du 1er au 7 f\u00e9vrier 2016)\"}]},{\"@type\":\"WebSite\",\"@id\":\"https:\/\/www.pressenza.com\/fr\/#website\",\"url\":\"https:\/\/www.pressenza.com\/fr\/\",\"name\":\"Pressenza\",\"description\":\"International Press Agency\",\"publisher\":{\"@id\":\"https:\/\/www.pressenza.com\/fr\/#organization\"},\"potentialAction\":[{\"@type\":\"SearchAction\",\"target\":{\"@type\":\"EntryPoint\",\"urlTemplate\":\"https:\/\/www.pressenza.com\/fr\/?s={search_term_string}\"},\"query-input\":{\"@type\":\"PropertyValueSpecification\",\"valueRequired\":true,\"valueName\":\"search_term_string\"}}],\"inLanguage\":\"fr-FR\"},{\"@type\":\"Organization\",\"@id\":\"https:\/\/www.pressenza.com\/fr\/#organization\",\"name\":\"Pressenza\",\"url\":\"https:\/\/www.pressenza.com\/fr\/\",\"logo\":{\"@type\":\"ImageObject\",\"inLanguage\":\"fr-FR\",\"@id\":\"https:\/\/www.pressenza.com\/fr\/#\/schema\/logo\/image\/\",\"url\":\"https:\/\/www.pressenza.com\/wp-content\/uploads\/2022\/10\/pressenza_logo_200x200.jpg\",\"contentUrl\":\"https:\/\/www.pressenza.com\/wp-content\/uploads\/2022\/10\/pressenza_logo_200x200.jpg\",\"width\":200,\"height\":200,\"caption\":\"Pressenza\"},\"image\":{\"@id\":\"https:\/\/www.pressenza.com\/fr\/#\/schema\/logo\/image\/\"},\"sameAs\":[\"https:\/\/www.facebook.com\/PressenzaItalia\",\"https:\/\/x.com\/PressenzaIPA\"]},{\"@type\":\"Person\",\"@id\":\"https:\/\/www.pressenza.com\/fr\/#\/schema\/person\/5698ef8d4c2a370cbdd59d5b17455af6\",\"name\":\"R\u00e9daction Paris\",\"description\":\"News published by the Pressenza bureau in Paris, France\",\"url\":\"https:\/\/www.pressenza.com\/fr\/author\/redaction-paris\/\"}]}<\/script>\n<!-- \/ Yoast SEO plugin. -->","yoast_head_json":{"title":"Une Semaine en Am\u00e9rique latine (du 1er au 7 f\u00e9vrier 2016)","description":"Par Claire\u00a0Plisson pour Opinion Internationale Ha\u00efti\u00a0: une p\u00e9riode de transition s\u2019ouvre apr\u00e8s le d\u00e9part de Michel Martelly &nbsp; Michel Martelly, avril","robots":{"index":"index","follow":"follow","max-snippet":"max-snippet:-1","max-image-preview":"max-image-preview:large","max-video-preview":"max-video-preview:-1"},"canonical":"https:\/\/www.pressenza.com\/fr\/2016\/02\/une-semaine-en-amerique-latine-du-1er-au-7-fevrier-2016\/","og_locale":"fr_FR","og_type":"article","og_title":"Une Semaine en Am\u00e9rique latine (du 1er au 7 f\u00e9vrier 2016)","og_description":"Par Claire\u00a0Plisson pour Opinion Internationale Ha\u00efti\u00a0: une p\u00e9riode de transition s\u2019ouvre apr\u00e8s le d\u00e9part de Michel Martelly &nbsp; Michel Martelly, avril","og_url":"https:\/\/www.pressenza.com\/fr\/2016\/02\/une-semaine-en-amerique-latine-du-1er-au-7-fevrier-2016\/","og_site_name":"Pressenza","article_publisher":"https:\/\/www.facebook.com\/PressenzaItalia","article_published_time":"2016-02-09T20:41:56+00:00","article_modified_time":"2016-02-09T22:12:18+00:00","og_image":[{"width":591,"height":315,"url":"https:\/\/www.pressenza.com\/wp-content\/uploads\/2013\/02\/migranti.jpg","type":"image\/jpeg"}],"author":"R\u00e9daction Paris","twitter_card":"summary_large_image","twitter_creator":"@PressenzaIPA","twitter_site":"@PressenzaIPA","twitter_misc":{"\u00c9crit par":"R\u00e9daction Paris","Dur\u00e9e de lecture estim\u00e9e":"6 minutes"},"schema":{"@context":"https:\/\/schema.org","@graph":[{"@type":"Article","@id":"https:\/\/www.pressenza.com\/fr\/2016\/02\/une-semaine-en-amerique-latine-du-1er-au-7-fevrier-2016\/#article","isPartOf":{"@id":"https:\/\/www.pressenza.com\/fr\/2016\/02\/une-semaine-en-amerique-latine-du-1er-au-7-fevrier-2016\/"},"author":{"name":"R\u00e9daction Paris","@id":"https:\/\/www.pressenza.com\/fr\/#\/schema\/person\/5698ef8d4c2a370cbdd59d5b17455af6"},"headline":"Une Semaine en Am\u00e9rique latine (du 1er au 7 f\u00e9vrier 2016)","datePublished":"2016-02-09T20:41:56+00:00","dateModified":"2016-02-09T22:12:18+00:00","mainEntityOfPage":{"@id":"https:\/\/www.pressenza.com\/fr\/2016\/02\/une-semaine-en-amerique-latine-du-1er-au-7-fevrier-2016\/"},"wordCount":1247,"publisher":{"@id":"https:\/\/www.pressenza.com\/fr\/#organization"},"image":{"@id":"https:\/\/www.pressenza.com\/fr\/2016\/02\/une-semaine-en-amerique-latine-du-1er-au-7-fevrier-2016\/#primaryimage"},"thumbnailUrl":"http:\/\/www.opinion-internationale.com\/wp-content\/uploads\/2016\/02\/04-189x300.jpg","keywords":["Am\u00e9rique latine","Argentine","Chili","dette","environnement","Haiti","Mexique","sant\u00e9"],"articleSection":["Am\u00e9rique du Sud","Economie","Opinion"],"inLanguage":"fr-FR"},{"@type":"WebPage","@id":"https:\/\/www.pressenza.com\/fr\/2016\/02\/une-semaine-en-amerique-latine-du-1er-au-7-fevrier-2016\/","url":"https:\/\/www.pressenza.com\/fr\/2016\/02\/une-semaine-en-amerique-latine-du-1er-au-7-fevrier-2016\/","name":"Une Semaine en Am\u00e9rique latine (du 1er au 7 f\u00e9vrier 2016)","isPartOf":{"@id":"https:\/\/www.pressenza.com\/fr\/#website"},"primaryImageOfPage":{"@id":"https:\/\/www.pressenza.com\/fr\/2016\/02\/une-semaine-en-amerique-latine-du-1er-au-7-fevrier-2016\/#primaryimage"},"image":{"@id":"https:\/\/www.pressenza.com\/fr\/2016\/02\/une-semaine-en-amerique-latine-du-1er-au-7-fevrier-2016\/#primaryimage"},"thumbnailUrl":"http:\/\/www.opinion-internationale.com\/wp-content\/uploads\/2016\/02\/04-189x300.jpg","datePublished":"2016-02-09T20:41:56+00:00","dateModified":"2016-02-09T22:12:18+00:00","description":"Par Claire\u00a0Plisson pour Opinion Internationale Ha\u00efti\u00a0: une p\u00e9riode de transition s\u2019ouvre apr\u00e8s le d\u00e9part de Michel Martelly &nbsp; Michel Martelly, avril","breadcrumb":{"@id":"https:\/\/www.pressenza.com\/fr\/2016\/02\/une-semaine-en-amerique-latine-du-1er-au-7-fevrier-2016\/#breadcrumb"},"inLanguage":"fr-FR","potentialAction":[{"@type":"ReadAction","target":["https:\/\/www.pressenza.com\/fr\/2016\/02\/une-semaine-en-amerique-latine-du-1er-au-7-fevrier-2016\/"]}]},{"@type":"ImageObject","inLanguage":"fr-FR","@id":"https:\/\/www.pressenza.com\/fr\/2016\/02\/une-semaine-en-amerique-latine-du-1er-au-7-fevrier-2016\/#primaryimage","url":"http:\/\/www.opinion-internationale.com\/wp-content\/uploads\/2016\/02\/04-189x300.jpg","contentUrl":"http:\/\/www.opinion-internationale.com\/wp-content\/uploads\/2016\/02\/04-189x300.jpg"},{"@type":"BreadcrumbList","@id":"https:\/\/www.pressenza.com\/fr\/2016\/02\/une-semaine-en-amerique-latine-du-1er-au-7-fevrier-2016\/#breadcrumb","itemListElement":[{"@type":"ListItem","position":1,"name":"Accueil","item":"https:\/\/www.pressenza.com\/fr\/"},{"@type":"ListItem","position":2,"name":"Une Semaine en Am\u00e9rique latine (du 1er au 7 f\u00e9vrier 2016)"}]},{"@type":"WebSite","@id":"https:\/\/www.pressenza.com\/fr\/#website","url":"https:\/\/www.pressenza.com\/fr\/","name":"Pressenza","description":"International Press Agency","publisher":{"@id":"https:\/\/www.pressenza.com\/fr\/#organization"},"potentialAction":[{"@type":"SearchAction","target":{"@type":"EntryPoint","urlTemplate":"https:\/\/www.pressenza.com\/fr\/?s={search_term_string}"},"query-input":{"@type":"PropertyValueSpecification","valueRequired":true,"valueName":"search_term_string"}}],"inLanguage":"fr-FR"},{"@type":"Organization","@id":"https:\/\/www.pressenza.com\/fr\/#organization","name":"Pressenza","url":"https:\/\/www.pressenza.com\/fr\/","logo":{"@type":"ImageObject","inLanguage":"fr-FR","@id":"https:\/\/www.pressenza.com\/fr\/#\/schema\/logo\/image\/","url":"https:\/\/www.pressenza.com\/wp-content\/uploads\/2022\/10\/pressenza_logo_200x200.jpg","contentUrl":"https:\/\/www.pressenza.com\/wp-content\/uploads\/2022\/10\/pressenza_logo_200x200.jpg","width":200,"height":200,"caption":"Pressenza"},"image":{"@id":"https:\/\/www.pressenza.com\/fr\/#\/schema\/logo\/image\/"},"sameAs":["https:\/\/www.facebook.com\/PressenzaItalia","https:\/\/x.com\/PressenzaIPA"]},{"@type":"Person","@id":"https:\/\/www.pressenza.com\/fr\/#\/schema\/person\/5698ef8d4c2a370cbdd59d5b17455af6","name":"R\u00e9daction Paris","description":"News published by the Pressenza bureau in Paris, France","url":"https:\/\/www.pressenza.com\/fr\/author\/redaction-paris\/"}]}},"place":"Paris","original_article_url":"http:\/\/www.opinion-internationale.com\/2016\/02\/09\/une-semaine-en-amerique-latine-du-1er-au-7-fevrier-2016_40512.html","_links":{"self":[{"href":"https:\/\/www.pressenza.com\/fr\/wp-json\/wp\/v2\/posts\/276418","targetHints":{"allow":["GET"]}}],"collection":[{"href":"https:\/\/www.pressenza.com\/fr\/wp-json\/wp\/v2\/posts"}],"about":[{"href":"https:\/\/www.pressenza.com\/fr\/wp-json\/wp\/v2\/types\/post"}],"author":[{"embeddable":true,"href":"https:\/\/www.pressenza.com\/fr\/wp-json\/wp\/v2\/users\/752"}],"replies":[{"embeddable":true,"href":"https:\/\/www.pressenza.com\/fr\/wp-json\/wp\/v2\/comments?post=276418"}],"version-history":[{"count":0,"href":"https:\/\/www.pressenza.com\/fr\/wp-json\/wp\/v2\/posts\/276418\/revisions"}],"wp:attachment":[{"href":"https:\/\/www.pressenza.com\/fr\/wp-json\/wp\/v2\/media?parent=276418"}],"wp:term":[{"taxonomy":"category","embeddable":true,"href":"https:\/\/www.pressenza.com\/fr\/wp-json\/wp\/v2\/categories?post=276418"},{"taxonomy":"post_tag","embeddable":true,"href":"https:\/\/www.pressenza.com\/fr\/wp-json\/wp\/v2\/tags?post=276418"}],"curies":[{"name":"wp","href":"https:\/\/api.w.org\/{rel}","templated":true}]}}