{"id":276184,"date":"2016-02-08T17:54:22","date_gmt":"2016-02-08T17:54:22","guid":{"rendered":"http:\/\/www.pressenza.com\/fr\/?p=276184"},"modified":"2016-02-22T21:28:12","modified_gmt":"2016-02-22T21:28:12","slug":"la-mode-sest-engage-pour-le-climat","status":"publish","type":"post","link":"https:\/\/www.pressenza.com\/fr\/2016\/02\/la-mode-sest-engage-pour-le-climat\/","title":{"rendered":"Mode : un engagement pour le climat"},"content":{"rendered":"<p><em>Le colloque \u201cChanger la mode pour le climat\u00a0: comment r\u00e9duire l\u2019impact environnemental de la Mode ?\u201d, organis\u00e9 par Universal Love<a href=\"#_ftn1\" name=\"_ftnref1\"><strong>[1]<\/strong><\/a> s\u2019est d\u00e9roul\u00e9 en 3 temps :<\/em><\/p>\n<p><em>Une journ\u00e9e d\u2019interventions avec des tables rondes, un d\u00e9fil\u00e9 et une soir\u00e9e autour de la projection du film r\u00e9alis\u00e9 pendant les journ\u00e9es de travail, pr\u00e9texte \u00e0 favoriser les rencontres, liens et \u00e9changes entre les acteurs concern\u00e9s par le sujet.<\/em><\/p>\n<p>La mode avec son image de superfic ialit\u00e9, ses directeurs artistiques starifi\u00e9s est souvent dans l\u2019imaginaire collectif symbolis\u00e9 par le luxe inaccessible port\u00e9 par les people, allant de soir\u00e9es en d\u00e9fil\u00e9s et posant pour les magazines.<\/p>\n<p>Ou a contrario, et ce n\u2019est gu\u00e8re plus gratifiant, la mode est une des industries les plus polluantes au monde (teintures, transports, entretien\u2026), tr\u00e8s \u00e9nergivore en mati\u00e8res premi\u00e8res et peu respectueuse des droits humains dans plusieurs de pays.<\/p>\n<p>Mais la mode c\u2019est aussi, des manufactures, des emplois, des savoir-faire parfois proches de la virtuosit\u00e9, des nouveaux cr\u00e9ateurs qui r\u00eavent de mettre leurs inspirations dans le monde.<\/p>\n<p>Et les acteurs du secteur, soucieux de la sant\u00e9 de notre plan\u00e8te et de ses habitants, sont en r\u00e9flexion constante pour que la fili\u00e8re s\u2019engage pour la protection de l\u2019environnement.<\/p>\n<p>Un programme jalonn\u00e9 de questionnements, d\u2019\u00e9changes et de r\u00e9ponses avec une grande diversit\u00e9 th\u00e9matique.<\/p>\n<p>Savoir biosourcer et \u00e9co-concevoir, revaloriser le produit en fin de cycle, diminuer les impacts des proc\u00e9d\u00e9s polluants, allier cr\u00e9ativit\u00e9 et contraintes environnementales et sociales, la fonction des chartes et des labels, les enjeux de la relocalisation de la production, transformer nos d\u00e9chets en ressources, savoir calculer l\u2019impact du choix de sourcing, etc\u2026<\/p>\n<p>Les solutions, s\u2019appuyant dans certains cas sur des innovations technologiques et\u00a0 les bonnes pratiques, ont \u00e9t\u00e9 \u00e9voqu\u00e9es pour toutes les \u00e9tapes du cycle de production.<br \/>\nLe d\u00e9fil\u00e9 haut en couleur vitrine de tous les possibles, ultime d\u00e9monstration qu\u2019un v\u00eatement \u00e9thique et \u00e9cologique est aussi \u00e0 la mode.<\/p>\n<p>Et enfin une Charte d\u2019engagement de la Mode pour le Climat a \u00e9t\u00e9 sign\u00e9e par les principaux acteurs du secteur et la Ministre de l\u2019\u00e9cologie, du d\u00e9veloppement durable et de l\u2019\u00e9nergie, S\u00e9gol\u00e8ne Royal.<\/p>\n<p>Pour \u00e9couter ce qui a \u00e9t\u00e9 dit au cours des tables rondes et regarder le d\u00e9fil\u00e9, rendez-vous sur le site web\u00a0: <a href=\"http:\/\/changerlamodepourleclimat.fr\">http:\/\/changerlamodepourleclimat.fr<\/a><\/p>\n<p><a href=\"#_ftnref1\" name=\"_ftn1\">[1]<\/a> <strong><em><a href=\"http:\/\/www.universallove.fr\/association.html\">http:\/\/www.universallove.fr\/association.html<\/a>. <\/em><\/strong><strong><em>Universal Love est une association qui d\u00e9fend depuis 1995 une cr\u00e9ation qui a du c\u0153ur et qui promeut la mode \u00e9thique.<\/em><\/strong><\/p>\n<p>&nbsp;<\/p>\n","protected":false},"excerpt":{"rendered":"<p>Le colloque \u201cChanger la mode pour le climat\u00a0: comment r\u00e9duire l\u2019impact environnemental de la Mode ?\u201d, organis\u00e9 par Universal Love[1] s\u2019est d\u00e9roul\u00e9 en 3 temps : Une journ\u00e9e d\u2019interventions avec des tables rondes, un d\u00e9fil\u00e9 et une soir\u00e9e autour de&hellip;<\/p>\n","protected":false},"author":1058,"featured_media":276185,"comment_status":"closed","ping_status":"open","sticky":false,"template":"","format":"standard","meta":{"footnotes":""},"categories":[11386,97],"tags":[23965,7376,4221,23964,1618,3949,10758],"class_list":["post-276184","post","type-post","status-publish","format-standard","has-post-thumbnail","hentry","category-contenu-original","category-environnement-et-ecologie","tag-biosourcer","tag-climat","tag-developpement-durable","tag-eco-conception","tag-engagement","tag-ethique","tag-mode"],"yoast_head":"<!-- This site is optimized with the Yoast SEO plugin v27.1.1 - https:\/\/yoast.com\/product\/yoast-seo-wordpress\/ -->\n<title>Mode : un engagement pour le climat<\/title>\n<meta name=\"description\" content=\"Le colloque \u201cChanger la mode pour le climat\u00a0: comment r\u00e9duire l\u2019impact environnemental de la Mode ?\u201d, organis\u00e9 par Universal Love s\u2019est d\u00e9roul\u00e9 en 3 temps\" \/>\n<meta name=\"robots\" content=\"index, follow, max-snippet:-1, max-image-preview:large, max-video-preview:-1\" \/>\n<link rel=\"canonical\" href=\"https:\/\/www.pressenza.com\/fr\/2016\/02\/la-mode-sest-engage-pour-le-climat\/\" \/>\n<meta property=\"og:locale\" content=\"fr_FR\" \/>\n<meta property=\"og:type\" content=\"article\" \/>\n<meta property=\"og:title\" content=\"Mode : un engagement pour le climat\" \/>\n<meta property=\"og:description\" content=\"Le colloque \u201cChanger la mode pour le climat\u00a0: comment r\u00e9duire l\u2019impact environnemental de la Mode ?\u201d, organis\u00e9 par Universal Love s\u2019est d\u00e9roul\u00e9 en 3 temps\" \/>\n<meta property=\"og:url\" content=\"https:\/\/www.pressenza.com\/fr\/2016\/02\/la-mode-sest-engage-pour-le-climat\/\" \/>\n<meta property=\"og:site_name\" content=\"Pressenza\" \/>\n<meta property=\"article:publisher\" content=\"https:\/\/www.facebook.com\/PressenzaItalia\" \/>\n<meta property=\"article:published_time\" content=\"2016-02-08T17:54:22+00:00\" \/>\n<meta property=\"article:modified_time\" content=\"2016-02-22T21:28:12+00:00\" \/>\n<meta property=\"og:image\" content=\"https:\/\/www.pressenza.com\/wp-content\/uploads\/2016\/02\/Diapositive1.jpg\" \/>\n\t<meta property=\"og:image:width\" content=\"720\" \/>\n\t<meta property=\"og:image:height\" content=\"405\" \/>\n\t<meta property=\"og:image:type\" content=\"image\/jpeg\" \/>\n<meta name=\"author\" content=\"Marie-Laurence Chanut Sapin\" \/>\n<meta name=\"twitter:card\" content=\"summary_large_image\" \/>\n<meta name=\"twitter:creator\" content=\"@PressenzaIPA\" \/>\n<meta name=\"twitter:site\" content=\"@PressenzaIPA\" \/>\n<meta name=\"twitter:label1\" content=\"\u00c9crit par\" \/>\n\t<meta name=\"twitter:data1\" content=\"Marie-Laurence Chanut Sapin\" \/>\n\t<meta name=\"twitter:label2\" content=\"Dur\u00e9e de lecture estim\u00e9e\" \/>\n\t<meta name=\"twitter:data2\" content=\"2 minutes\" \/>\n<script type=\"application\/ld+json\" class=\"yoast-schema-graph\">{\"@context\":\"https:\/\/schema.org\",\"@graph\":[{\"@type\":\"Article\",\"@id\":\"https:\/\/www.pressenza.com\/fr\/2016\/02\/la-mode-sest-engage-pour-le-climat\/#article\",\"isPartOf\":{\"@id\":\"https:\/\/www.pressenza.com\/fr\/2016\/02\/la-mode-sest-engage-pour-le-climat\/\"},\"author\":{\"name\":\"Marie-Laurence Chanut Sapin\",\"@id\":\"https:\/\/www.pressenza.com\/fr\/#\/schema\/person\/64f784d43bc67ab952783d2fa5aeb2ce\"},\"headline\":\"Mode : un engagement pour le climat\",\"datePublished\":\"2016-02-08T17:54:22+00:00\",\"dateModified\":\"2016-02-22T21:28:12+00:00\",\"mainEntityOfPage\":{\"@id\":\"https:\/\/www.pressenza.com\/fr\/2016\/02\/la-mode-sest-engage-pour-le-climat\/\"},\"wordCount\":450,\"publisher\":{\"@id\":\"https:\/\/www.pressenza.com\/fr\/#organization\"},\"image\":{\"@id\":\"https:\/\/www.pressenza.com\/fr\/2016\/02\/la-mode-sest-engage-pour-le-climat\/#primaryimage\"},\"thumbnailUrl\":\"https:\/\/www.pressenza.com\/wp-content\/uploads\/2016\/02\/Diapositive1.jpg\",\"keywords\":[\"biosourcer\",\"climat\",\"d\u00e9veloppement durable\",\"\u00e9co-conception\",\"engagement\",\"\u00e9thique\",\"mode\"],\"articleSection\":[\"Contenu Original\",\"Ecologie et Environnement\"],\"inLanguage\":\"fr-FR\"},{\"@type\":\"WebPage\",\"@id\":\"https:\/\/www.pressenza.com\/fr\/2016\/02\/la-mode-sest-engage-pour-le-climat\/\",\"url\":\"https:\/\/www.pressenza.com\/fr\/2016\/02\/la-mode-sest-engage-pour-le-climat\/\",\"name\":\"Mode : un engagement pour le climat\",\"isPartOf\":{\"@id\":\"https:\/\/www.pressenza.com\/fr\/#website\"},\"primaryImageOfPage\":{\"@id\":\"https:\/\/www.pressenza.com\/fr\/2016\/02\/la-mode-sest-engage-pour-le-climat\/#primaryimage\"},\"image\":{\"@id\":\"https:\/\/www.pressenza.com\/fr\/2016\/02\/la-mode-sest-engage-pour-le-climat\/#primaryimage\"},\"thumbnailUrl\":\"https:\/\/www.pressenza.com\/wp-content\/uploads\/2016\/02\/Diapositive1.jpg\",\"datePublished\":\"2016-02-08T17:54:22+00:00\",\"dateModified\":\"2016-02-22T21:28:12+00:00\",\"description\":\"Le colloque \u201cChanger la mode pour le climat\u00a0: comment r\u00e9duire l\u2019impact environnemental de la Mode ?\u201d, organis\u00e9 par Universal Love s\u2019est d\u00e9roul\u00e9 en 3 temps\",\"breadcrumb\":{\"@id\":\"https:\/\/www.pressenza.com\/fr\/2016\/02\/la-mode-sest-engage-pour-le-climat\/#breadcrumb\"},\"inLanguage\":\"fr-FR\",\"potentialAction\":[{\"@type\":\"ReadAction\",\"target\":[\"https:\/\/www.pressenza.com\/fr\/2016\/02\/la-mode-sest-engage-pour-le-climat\/\"]}]},{\"@type\":\"ImageObject\",\"inLanguage\":\"fr-FR\",\"@id\":\"https:\/\/www.pressenza.com\/fr\/2016\/02\/la-mode-sest-engage-pour-le-climat\/#primaryimage\",\"url\":\"https:\/\/www.pressenza.com\/wp-content\/uploads\/2016\/02\/Diapositive1.jpg\",\"contentUrl\":\"https:\/\/www.pressenza.com\/wp-content\/uploads\/2016\/02\/Diapositive1.jpg\",\"width\":720,\"height\":405,\"caption\":\"D\u00e9fil\u00e9 du colloque changer la mode pour le climat\"},{\"@type\":\"BreadcrumbList\",\"@id\":\"https:\/\/www.pressenza.com\/fr\/2016\/02\/la-mode-sest-engage-pour-le-climat\/#breadcrumb\",\"itemListElement\":[{\"@type\":\"ListItem\",\"position\":1,\"name\":\"Accueil\",\"item\":\"https:\/\/www.pressenza.com\/fr\/\"},{\"@type\":\"ListItem\",\"position\":2,\"name\":\"Mode : un engagement pour le climat\"}]},{\"@type\":\"WebSite\",\"@id\":\"https:\/\/www.pressenza.com\/fr\/#website\",\"url\":\"https:\/\/www.pressenza.com\/fr\/\",\"name\":\"Pressenza\",\"description\":\"International Press Agency\",\"publisher\":{\"@id\":\"https:\/\/www.pressenza.com\/fr\/#organization\"},\"potentialAction\":[{\"@type\":\"SearchAction\",\"target\":{\"@type\":\"EntryPoint\",\"urlTemplate\":\"https:\/\/www.pressenza.com\/fr\/?s={search_term_string}\"},\"query-input\":{\"@type\":\"PropertyValueSpecification\",\"valueRequired\":true,\"valueName\":\"search_term_string\"}}],\"inLanguage\":\"fr-FR\"},{\"@type\":\"Organization\",\"@id\":\"https:\/\/www.pressenza.com\/fr\/#organization\",\"name\":\"Pressenza\",\"url\":\"https:\/\/www.pressenza.com\/fr\/\",\"logo\":{\"@type\":\"ImageObject\",\"inLanguage\":\"fr-FR\",\"@id\":\"https:\/\/www.pressenza.com\/fr\/#\/schema\/logo\/image\/\",\"url\":\"https:\/\/www.pressenza.com\/wp-content\/uploads\/2022\/10\/pressenza_logo_200x200.jpg\",\"contentUrl\":\"https:\/\/www.pressenza.com\/wp-content\/uploads\/2022\/10\/pressenza_logo_200x200.jpg\",\"width\":200,\"height\":200,\"caption\":\"Pressenza\"},\"image\":{\"@id\":\"https:\/\/www.pressenza.com\/fr\/#\/schema\/logo\/image\/\"},\"sameAs\":[\"https:\/\/www.facebook.com\/PressenzaItalia\",\"https:\/\/x.com\/PressenzaIPA\"]},{\"@type\":\"Person\",\"@id\":\"https:\/\/www.pressenza.com\/fr\/#\/schema\/person\/64f784d43bc67ab952783d2fa5aeb2ce\",\"name\":\"Marie-Laurence Chanut Sapin\",\"description\":\"Marie-Laurence Chanut Sapin est engag\u00e9e depuis plus de 30 ans sur les th\u00e9matiques de non-violence, de d\u00e9mocratie participative et des droits humains au travers d\u2019actions locales (coordination d\u2019un mensuel de quartier) politiques et de solidarit\u00e9 internationale (d\u00e9veloppement de r\u00e9seaux de formateurs \u00e0 la non-violence). Par ailleurs en tant que professionnelle de la mode, elle milite pour la mise en place solutions alternatives respectueuses des hommes et femmes et de l\u2019environnement.\",\"url\":\"https:\/\/www.pressenza.com\/fr\/author\/marie-laurence-chanut\/\"}]}<\/script>\n<!-- \/ Yoast SEO plugin. -->","yoast_head_json":{"title":"Mode : un engagement pour le climat","description":"Le colloque \u201cChanger la mode pour le climat\u00a0: comment r\u00e9duire l\u2019impact environnemental de la Mode ?\u201d, organis\u00e9 par Universal Love s\u2019est d\u00e9roul\u00e9 en 3 temps","robots":{"index":"index","follow":"follow","max-snippet":"max-snippet:-1","max-image-preview":"max-image-preview:large","max-video-preview":"max-video-preview:-1"},"canonical":"https:\/\/www.pressenza.com\/fr\/2016\/02\/la-mode-sest-engage-pour-le-climat\/","og_locale":"fr_FR","og_type":"article","og_title":"Mode : un engagement pour le climat","og_description":"Le colloque \u201cChanger la mode pour le climat\u00a0: comment r\u00e9duire l\u2019impact environnemental de la Mode ?\u201d, organis\u00e9 par Universal Love s\u2019est d\u00e9roul\u00e9 en 3 temps","og_url":"https:\/\/www.pressenza.com\/fr\/2016\/02\/la-mode-sest-engage-pour-le-climat\/","og_site_name":"Pressenza","article_publisher":"https:\/\/www.facebook.com\/PressenzaItalia","article_published_time":"2016-02-08T17:54:22+00:00","article_modified_time":"2016-02-22T21:28:12+00:00","og_image":[{"width":720,"height":405,"url":"https:\/\/www.pressenza.com\/wp-content\/uploads\/2016\/02\/Diapositive1.jpg","type":"image\/jpeg"}],"author":"Marie-Laurence Chanut Sapin","twitter_card":"summary_large_image","twitter_creator":"@PressenzaIPA","twitter_site":"@PressenzaIPA","twitter_misc":{"\u00c9crit par":"Marie-Laurence Chanut Sapin","Dur\u00e9e de lecture estim\u00e9e":"2 minutes"},"schema":{"@context":"https:\/\/schema.org","@graph":[{"@type":"Article","@id":"https:\/\/www.pressenza.com\/fr\/2016\/02\/la-mode-sest-engage-pour-le-climat\/#article","isPartOf":{"@id":"https:\/\/www.pressenza.com\/fr\/2016\/02\/la-mode-sest-engage-pour-le-climat\/"},"author":{"name":"Marie-Laurence Chanut Sapin","@id":"https:\/\/www.pressenza.com\/fr\/#\/schema\/person\/64f784d43bc67ab952783d2fa5aeb2ce"},"headline":"Mode : un engagement pour le climat","datePublished":"2016-02-08T17:54:22+00:00","dateModified":"2016-02-22T21:28:12+00:00","mainEntityOfPage":{"@id":"https:\/\/www.pressenza.com\/fr\/2016\/02\/la-mode-sest-engage-pour-le-climat\/"},"wordCount":450,"publisher":{"@id":"https:\/\/www.pressenza.com\/fr\/#organization"},"image":{"@id":"https:\/\/www.pressenza.com\/fr\/2016\/02\/la-mode-sest-engage-pour-le-climat\/#primaryimage"},"thumbnailUrl":"https:\/\/www.pressenza.com\/wp-content\/uploads\/2016\/02\/Diapositive1.jpg","keywords":["biosourcer","climat","d\u00e9veloppement durable","\u00e9co-conception","engagement","\u00e9thique","mode"],"articleSection":["Contenu Original","Ecologie et Environnement"],"inLanguage":"fr-FR"},{"@type":"WebPage","@id":"https:\/\/www.pressenza.com\/fr\/2016\/02\/la-mode-sest-engage-pour-le-climat\/","url":"https:\/\/www.pressenza.com\/fr\/2016\/02\/la-mode-sest-engage-pour-le-climat\/","name":"Mode : un engagement pour le climat","isPartOf":{"@id":"https:\/\/www.pressenza.com\/fr\/#website"},"primaryImageOfPage":{"@id":"https:\/\/www.pressenza.com\/fr\/2016\/02\/la-mode-sest-engage-pour-le-climat\/#primaryimage"},"image":{"@id":"https:\/\/www.pressenza.com\/fr\/2016\/02\/la-mode-sest-engage-pour-le-climat\/#primaryimage"},"thumbnailUrl":"https:\/\/www.pressenza.com\/wp-content\/uploads\/2016\/02\/Diapositive1.jpg","datePublished":"2016-02-08T17:54:22+00:00","dateModified":"2016-02-22T21:28:12+00:00","description":"Le colloque \u201cChanger la mode pour le climat\u00a0: comment r\u00e9duire l\u2019impact environnemental de la Mode ?\u201d, organis\u00e9 par Universal Love s\u2019est d\u00e9roul\u00e9 en 3 temps","breadcrumb":{"@id":"https:\/\/www.pressenza.com\/fr\/2016\/02\/la-mode-sest-engage-pour-le-climat\/#breadcrumb"},"inLanguage":"fr-FR","potentialAction":[{"@type":"ReadAction","target":["https:\/\/www.pressenza.com\/fr\/2016\/02\/la-mode-sest-engage-pour-le-climat\/"]}]},{"@type":"ImageObject","inLanguage":"fr-FR","@id":"https:\/\/www.pressenza.com\/fr\/2016\/02\/la-mode-sest-engage-pour-le-climat\/#primaryimage","url":"https:\/\/www.pressenza.com\/wp-content\/uploads\/2016\/02\/Diapositive1.jpg","contentUrl":"https:\/\/www.pressenza.com\/wp-content\/uploads\/2016\/02\/Diapositive1.jpg","width":720,"height":405,"caption":"D\u00e9fil\u00e9 du colloque changer la mode pour le climat"},{"@type":"BreadcrumbList","@id":"https:\/\/www.pressenza.com\/fr\/2016\/02\/la-mode-sest-engage-pour-le-climat\/#breadcrumb","itemListElement":[{"@type":"ListItem","position":1,"name":"Accueil","item":"https:\/\/www.pressenza.com\/fr\/"},{"@type":"ListItem","position":2,"name":"Mode : un engagement pour le climat"}]},{"@type":"WebSite","@id":"https:\/\/www.pressenza.com\/fr\/#website","url":"https:\/\/www.pressenza.com\/fr\/","name":"Pressenza","description":"International Press Agency","publisher":{"@id":"https:\/\/www.pressenza.com\/fr\/#organization"},"potentialAction":[{"@type":"SearchAction","target":{"@type":"EntryPoint","urlTemplate":"https:\/\/www.pressenza.com\/fr\/?s={search_term_string}"},"query-input":{"@type":"PropertyValueSpecification","valueRequired":true,"valueName":"search_term_string"}}],"inLanguage":"fr-FR"},{"@type":"Organization","@id":"https:\/\/www.pressenza.com\/fr\/#organization","name":"Pressenza","url":"https:\/\/www.pressenza.com\/fr\/","logo":{"@type":"ImageObject","inLanguage":"fr-FR","@id":"https:\/\/www.pressenza.com\/fr\/#\/schema\/logo\/image\/","url":"https:\/\/www.pressenza.com\/wp-content\/uploads\/2022\/10\/pressenza_logo_200x200.jpg","contentUrl":"https:\/\/www.pressenza.com\/wp-content\/uploads\/2022\/10\/pressenza_logo_200x200.jpg","width":200,"height":200,"caption":"Pressenza"},"image":{"@id":"https:\/\/www.pressenza.com\/fr\/#\/schema\/logo\/image\/"},"sameAs":["https:\/\/www.facebook.com\/PressenzaItalia","https:\/\/x.com\/PressenzaIPA"]},{"@type":"Person","@id":"https:\/\/www.pressenza.com\/fr\/#\/schema\/person\/64f784d43bc67ab952783d2fa5aeb2ce","name":"Marie-Laurence Chanut Sapin","description":"Marie-Laurence Chanut Sapin est engag\u00e9e depuis plus de 30 ans sur les th\u00e9matiques de non-violence, de d\u00e9mocratie participative et des droits humains au travers d\u2019actions locales (coordination d\u2019un mensuel de quartier) politiques et de solidarit\u00e9 internationale (d\u00e9veloppement de r\u00e9seaux de formateurs \u00e0 la non-violence). Par ailleurs en tant que professionnelle de la mode, elle milite pour la mise en place solutions alternatives respectueuses des hommes et femmes et de l\u2019environnement.","url":"https:\/\/www.pressenza.com\/fr\/author\/marie-laurence-chanut\/"}]}},"place":"Paris","original_article_url":"","_links":{"self":[{"href":"https:\/\/www.pressenza.com\/fr\/wp-json\/wp\/v2\/posts\/276184","targetHints":{"allow":["GET"]}}],"collection":[{"href":"https:\/\/www.pressenza.com\/fr\/wp-json\/wp\/v2\/posts"}],"about":[{"href":"https:\/\/www.pressenza.com\/fr\/wp-json\/wp\/v2\/types\/post"}],"author":[{"embeddable":true,"href":"https:\/\/www.pressenza.com\/fr\/wp-json\/wp\/v2\/users\/1058"}],"replies":[{"embeddable":true,"href":"https:\/\/www.pressenza.com\/fr\/wp-json\/wp\/v2\/comments?post=276184"}],"version-history":[{"count":0,"href":"https:\/\/www.pressenza.com\/fr\/wp-json\/wp\/v2\/posts\/276184\/revisions"}],"wp:featuredmedia":[{"embeddable":true,"href":"https:\/\/www.pressenza.com\/fr\/wp-json\/wp\/v2\/media\/276185"}],"wp:attachment":[{"href":"https:\/\/www.pressenza.com\/fr\/wp-json\/wp\/v2\/media?parent=276184"}],"wp:term":[{"taxonomy":"category","embeddable":true,"href":"https:\/\/www.pressenza.com\/fr\/wp-json\/wp\/v2\/categories?post=276184"},{"taxonomy":"post_tag","embeddable":true,"href":"https:\/\/www.pressenza.com\/fr\/wp-json\/wp\/v2\/tags?post=276184"}],"curies":[{"name":"wp","href":"https:\/\/api.w.org\/{rel}","templated":true}]}}