{"id":27261,"date":"2012-12-07T23:47:50","date_gmt":"2012-12-07T23:47:50","guid":{"rendered":"http:\/\/www.pressenza.com\/?p=27261"},"modified":"2012-12-07T23:54:57","modified_gmt":"2012-12-07T23:54:57","slug":"tania-fisherova-actrice-et-activiste-candidate-a-lelection-presidentielle-en-republique-tcheque","status":"publish","type":"post","link":"https:\/\/www.pressenza.com\/fr\/2012\/12\/tania-fisherova-actrice-et-activiste-candidate-a-lelection-presidentielle-en-republique-tcheque\/","title":{"rendered":"Tania Fisherova, actrice et activiste, candidate \u00e0 l\u2019\u00e9lection pr\u00e9sidentielle en R\u00e9publique tch\u00e8que"},"content":{"rendered":"<p>Pour la premi\u00e8re fois, \u00e0 Prague, aura lieu l\u2019\u00e9lection directe du pr\u00e9sident de la R\u00e9publique.<\/p>\n<p>Soutenue par des associations de toutes sortes, par divers personnages connus, mais surtout par de nombreux volontaires enthousiastes, Tania Fisherova a d\u00e9cid\u00e9 de se repr\u00e9senter \u00e0 cette \u00e9lection\u00a0: une actrice et activiste tr\u00e8s c\u00e9l\u00e8bre en R\u00e9publique tch\u00e8que a \u00e9t\u00e9 d\u00e9put\u00e9e ind\u00e9pendante, mais au-del\u00e0 de son engagement politique, les Tch\u00e8ques la reconnaissent pour sa lutte en faveur de causes telles que le d\u00e9sarmement, la paix, la solidarit\u00e9, la non-violence, la lutte contre l\u2019Initiative de D\u00e9fense Strat\u00e9gique (IDS), l\u2019\u00e9cologie et le renforcement du syst\u00e8me sanitaire et de l\u2019\u00e9ducation publique.<\/p>\n<p>En six semaines, plus de 80\u00a0000 signatures ont \u00e9t\u00e9 rassembl\u00e9es pour soutenir sa candidature\u00a0: les autres candidats (onze au total), en g\u00e9n\u00e9ral li\u00e9s \u00e0 leurs partis, ont pay\u00e9 ceux qui rassemblaient leurs signatures, et souvent aussi ceux qui signaient. La campagne de Tania, en revanche, a \u00e9t\u00e9 l\u2019\u0153uvre de b\u00e9n\u00e9voles sans le sou, qui ont pris des initiatives spontan\u00e9es partout dans le pays, de la capitale jusqu\u2019aux villages les plus \u00e9loign\u00e9s. Sans coordination centralis\u00e9e, la campagne a \u00e9t\u00e9 diffus\u00e9e gr\u00e2ce \u00e0 Facebook, aux blogs, aux sites et newsletters, et a fait participer \u00e9norm\u00e9ment de gens de tous \u00e2ges \u2013 en particulier les femmes.<\/p>\n<p>L\u2019\u00e9lection aura lieu le 13 janvier 2013, autrement dit apr\u00e8s les f\u00eates et dans une forte vague de froid\u00a0: cela pourrait causer des probl\u00e8mes aux \u00e9lecteurs les plus \u00e2g\u00e9s.<\/p>\n<p>La v\u00e9ritable campagne \u00e9lectorale aura les m\u00eames caract\u00e9ristiques que la r\u00e9colte de signatures\u00a0: les b\u00e9n\u00e9voles sont d\u00e9j\u00e0 en train de mettre en place des initiatives dans tous le pays\u00a0; et il y a tellement d\u2019invitations \u00e0 des rencontres organis\u00e9es que Tania ne pourra pas participer \u00e0 toutes ces rencontres, ayant d\u00e9j\u00e0 d\u00e9l\u00e9gu\u00e9 des repr\u00e9sentants qui s\u2019y rendront \u00e0 sa place.<\/p>\n<p>Parmi d\u2019autres caract\u00e9ristiques qui distinguent cette campagne, on trouve le refus d\u2019accepter les dons sup\u00e9rieurs \u00e0 400\u00a0\u20ac, alors que beaucoup d\u2019autres candidats d\u00e9pensent beaucoup d\u2019argent dans l\u2019achat d\u2019espaces publicitaires et du silence que Tania a choisi d\u2019observer, en tant que croyante, du 15 d\u00e9cembre jusqu\u2019\u00e0 l\u2019apr\u00e8s-No\u00ebl. Ce sera pour elle une p\u00e9riode de r\u00e9flexion et de calme, pour reprendre des forces avant la course finale.<\/p>\n<p>&nbsp;<\/p>\n<p><em>(Traduction de l\u2019italien\u00a0: Thomas Gabiache)<\/em><\/p>\n","protected":false},"excerpt":{"rendered":"<p>Pour la premi\u00e8re fois, \u00e0 Prague, aura lieu l\u2019\u00e9lection directe du pr\u00e9sident de la R\u00e9publique. Soutenue par des associations de toutes sortes, par divers personnages connus, mais surtout par de nombreux volontaires enthousiastes, Tania Fisherova a d\u00e9cid\u00e9 de se repr\u00e9senter&hellip;<\/p>\n","protected":false},"author":500,"featured_media":26268,"comment_status":"closed","ping_status":"open","sticky":false,"template":"","format":"standard","meta":{"footnotes":""},"categories":[85,163,93,95],"tags":[766,1791,1792],"class_list":["post-27261","post","type-post","status-publish","format-standard","has-post-thumbnail","hentry","category-europe-fr","category-opinion-fr","category-politique","category-affaires-etrangeres","tag-elections","tag-republique-tcheque","tag-volontaires"],"yoast_head":"<!-- This site is optimized with the Yoast SEO plugin v27.1.1 - https:\/\/yoast.com\/product\/yoast-seo-wordpress\/ -->\n<title>Tania Fisherova, actrice et activiste, candidate \u00e0 l\u2019\u00e9lection pr\u00e9sidentielle en R\u00e9publique tch\u00e8que<\/title>\n<meta name=\"description\" content=\"Pour la premi\u00e8re fois, \u00e0 Prague, aura lieu l\u2019\u00e9lection directe du pr\u00e9sident de la R\u00e9publique. Soutenue par des associations de toutes sortes, par divers\" \/>\n<meta name=\"robots\" content=\"index, follow, max-snippet:-1, max-image-preview:large, max-video-preview:-1\" \/>\n<link rel=\"canonical\" href=\"https:\/\/www.pressenza.com\/fr\/2012\/12\/tania-fisherova-actrice-et-activiste-candidate-a-lelection-presidentielle-en-republique-tcheque\/\" \/>\n<meta property=\"og:locale\" content=\"fr_FR\" \/>\n<meta property=\"og:type\" content=\"article\" \/>\n<meta property=\"og:title\" content=\"Tania Fisherova, actrice et activiste, candidate \u00e0 l\u2019\u00e9lection pr\u00e9sidentielle en R\u00e9publique tch\u00e8que\" \/>\n<meta property=\"og:description\" content=\"Pour la premi\u00e8re fois, \u00e0 Prague, aura lieu l\u2019\u00e9lection directe du pr\u00e9sident de la R\u00e9publique. Soutenue par des associations de toutes sortes, par divers\" \/>\n<meta property=\"og:url\" content=\"https:\/\/www.pressenza.com\/fr\/2012\/12\/tania-fisherova-actrice-et-activiste-candidate-a-lelection-presidentielle-en-republique-tcheque\/\" \/>\n<meta property=\"og:site_name\" content=\"Pressenza\" \/>\n<meta property=\"article:publisher\" content=\"https:\/\/www.facebook.com\/PressenzaItalia\" \/>\n<meta property=\"article:published_time\" content=\"2012-12-07T23:47:50+00:00\" \/>\n<meta property=\"article:modified_time\" content=\"2012-12-07T23:54:57+00:00\" \/>\n<meta property=\"og:image\" content=\"https:\/\/www.pressenza.com\/wp-content\/uploads\/2012\/11\/fischerova_11small-22.jpg\" \/>\n\t<meta property=\"og:image:width\" content=\"572\" \/>\n\t<meta property=\"og:image:height\" content=\"860\" \/>\n\t<meta property=\"og:image:type\" content=\"image\/jpeg\" \/>\n<meta name=\"author\" content=\"Anna Polo\" \/>\n<meta name=\"twitter:card\" content=\"summary_large_image\" \/>\n<meta name=\"twitter:creator\" content=\"@PressenzaIPA\" \/>\n<meta name=\"twitter:site\" content=\"@PressenzaIPA\" \/>\n<meta name=\"twitter:label1\" content=\"\u00c9crit par\" \/>\n\t<meta name=\"twitter:data1\" content=\"Anna Polo\" \/>\n\t<meta name=\"twitter:label2\" content=\"Dur\u00e9e de lecture estim\u00e9e\" \/>\n\t<meta name=\"twitter:data2\" content=\"2 minutes\" \/>\n<script type=\"application\/ld+json\" class=\"yoast-schema-graph\">{\"@context\":\"https:\/\/schema.org\",\"@graph\":[{\"@type\":\"Article\",\"@id\":\"https:\/\/www.pressenza.com\/fr\/2012\/12\/tania-fisherova-actrice-et-activiste-candidate-a-lelection-presidentielle-en-republique-tcheque\/#article\",\"isPartOf\":{\"@id\":\"https:\/\/www.pressenza.com\/fr\/2012\/12\/tania-fisherova-actrice-et-activiste-candidate-a-lelection-presidentielle-en-republique-tcheque\/\"},\"author\":{\"name\":\"Anna Polo\",\"@id\":\"https:\/\/www.pressenza.com\/fr\/#\/schema\/person\/f361ce2dfe3d4331d5ae6840551ffe67\"},\"headline\":\"Tania Fisherova, actrice et activiste, candidate \u00e0 l\u2019\u00e9lection pr\u00e9sidentielle en R\u00e9publique tch\u00e8que\",\"datePublished\":\"2012-12-07T23:47:50+00:00\",\"dateModified\":\"2012-12-07T23:54:57+00:00\",\"mainEntityOfPage\":{\"@id\":\"https:\/\/www.pressenza.com\/fr\/2012\/12\/tania-fisherova-actrice-et-activiste-candidate-a-lelection-presidentielle-en-republique-tcheque\/\"},\"wordCount\":438,\"publisher\":{\"@id\":\"https:\/\/www.pressenza.com\/fr\/#organization\"},\"image\":{\"@id\":\"https:\/\/www.pressenza.com\/fr\/2012\/12\/tania-fisherova-actrice-et-activiste-candidate-a-lelection-presidentielle-en-republique-tcheque\/#primaryimage\"},\"thumbnailUrl\":\"https:\/\/www.pressenza.com\/wp-content\/uploads\/2012\/11\/fischerova_11small-22.jpg\",\"keywords\":[\"\u00e9lections\",\"R\u00e9publique Tcheque\",\"volontaires\"],\"articleSection\":[\"Europe\",\"Opinion\",\"Politique\",\"Relations internationales\"],\"inLanguage\":\"fr-FR\"},{\"@type\":\"WebPage\",\"@id\":\"https:\/\/www.pressenza.com\/fr\/2012\/12\/tania-fisherova-actrice-et-activiste-candidate-a-lelection-presidentielle-en-republique-tcheque\/\",\"url\":\"https:\/\/www.pressenza.com\/fr\/2012\/12\/tania-fisherova-actrice-et-activiste-candidate-a-lelection-presidentielle-en-republique-tcheque\/\",\"name\":\"Tania Fisherova, actrice et activiste, candidate \u00e0 l\u2019\u00e9lection pr\u00e9sidentielle en R\u00e9publique tch\u00e8que\",\"isPartOf\":{\"@id\":\"https:\/\/www.pressenza.com\/fr\/#website\"},\"primaryImageOfPage\":{\"@id\":\"https:\/\/www.pressenza.com\/fr\/2012\/12\/tania-fisherova-actrice-et-activiste-candidate-a-lelection-presidentielle-en-republique-tcheque\/#primaryimage\"},\"image\":{\"@id\":\"https:\/\/www.pressenza.com\/fr\/2012\/12\/tania-fisherova-actrice-et-activiste-candidate-a-lelection-presidentielle-en-republique-tcheque\/#primaryimage\"},\"thumbnailUrl\":\"https:\/\/www.pressenza.com\/wp-content\/uploads\/2012\/11\/fischerova_11small-22.jpg\",\"datePublished\":\"2012-12-07T23:47:50+00:00\",\"dateModified\":\"2012-12-07T23:54:57+00:00\",\"description\":\"Pour la premi\u00e8re fois, \u00e0 Prague, aura lieu l\u2019\u00e9lection directe du pr\u00e9sident de la R\u00e9publique. Soutenue par des associations de toutes sortes, par divers\",\"breadcrumb\":{\"@id\":\"https:\/\/www.pressenza.com\/fr\/2012\/12\/tania-fisherova-actrice-et-activiste-candidate-a-lelection-presidentielle-en-republique-tcheque\/#breadcrumb\"},\"inLanguage\":\"fr-FR\",\"potentialAction\":[{\"@type\":\"ReadAction\",\"target\":[\"https:\/\/www.pressenza.com\/fr\/2012\/12\/tania-fisherova-actrice-et-activiste-candidate-a-lelection-presidentielle-en-republique-tcheque\/\"]}]},{\"@type\":\"ImageObject\",\"inLanguage\":\"fr-FR\",\"@id\":\"https:\/\/www.pressenza.com\/fr\/2012\/12\/tania-fisherova-actrice-et-activiste-candidate-a-lelection-presidentielle-en-republique-tcheque\/#primaryimage\",\"url\":\"https:\/\/www.pressenza.com\/wp-content\/uploads\/2012\/11\/fischerova_11small-22.jpg\",\"contentUrl\":\"https:\/\/www.pressenza.com\/wp-content\/uploads\/2012\/11\/fischerova_11small-22.jpg\",\"width\":\"572\",\"height\":\"860\"},{\"@type\":\"BreadcrumbList\",\"@id\":\"https:\/\/www.pressenza.com\/fr\/2012\/12\/tania-fisherova-actrice-et-activiste-candidate-a-lelection-presidentielle-en-republique-tcheque\/#breadcrumb\",\"itemListElement\":[{\"@type\":\"ListItem\",\"position\":1,\"name\":\"Accueil\",\"item\":\"https:\/\/www.pressenza.com\/fr\/\"},{\"@type\":\"ListItem\",\"position\":2,\"name\":\"Tania Fisherova, actrice et activiste, candidate \u00e0 l\u2019\u00e9lection pr\u00e9sidentielle en R\u00e9publique tch\u00e8que\"}]},{\"@type\":\"WebSite\",\"@id\":\"https:\/\/www.pressenza.com\/fr\/#website\",\"url\":\"https:\/\/www.pressenza.com\/fr\/\",\"name\":\"Pressenza\",\"description\":\"International Press Agency\",\"publisher\":{\"@id\":\"https:\/\/www.pressenza.com\/fr\/#organization\"},\"potentialAction\":[{\"@type\":\"SearchAction\",\"target\":{\"@type\":\"EntryPoint\",\"urlTemplate\":\"https:\/\/www.pressenza.com\/fr\/?s={search_term_string}\"},\"query-input\":{\"@type\":\"PropertyValueSpecification\",\"valueRequired\":true,\"valueName\":\"search_term_string\"}}],\"inLanguage\":\"fr-FR\"},{\"@type\":\"Organization\",\"@id\":\"https:\/\/www.pressenza.com\/fr\/#organization\",\"name\":\"Pressenza\",\"url\":\"https:\/\/www.pressenza.com\/fr\/\",\"logo\":{\"@type\":\"ImageObject\",\"inLanguage\":\"fr-FR\",\"@id\":\"https:\/\/www.pressenza.com\/fr\/#\/schema\/logo\/image\/\",\"url\":\"https:\/\/www.pressenza.com\/wp-content\/uploads\/2022\/10\/pressenza_logo_200x200.jpg\",\"contentUrl\":\"https:\/\/www.pressenza.com\/wp-content\/uploads\/2022\/10\/pressenza_logo_200x200.jpg\",\"width\":200,\"height\":200,\"caption\":\"Pressenza\"},\"image\":{\"@id\":\"https:\/\/www.pressenza.com\/fr\/#\/schema\/logo\/image\/\"},\"sameAs\":[\"https:\/\/www.facebook.com\/PressenzaItalia\",\"https:\/\/x.com\/PressenzaIPA\"]},{\"@type\":\"Person\",\"@id\":\"https:\/\/www.pressenza.com\/fr\/#\/schema\/person\/f361ce2dfe3d4331d5ae6840551ffe67\",\"name\":\"Anna Polo\",\"description\":\"Impegnata per anni nel campo della pace e della nonviolenza, ha fatto parte dell'equipe relazioni della Marcia Mondiale per la Pace e la Nonviolenza e in seguito di Mondo senza guerre e senza violenza. Attualmente partecipa alla redazione italiana di Pressenza e si occupa principalmente del tema migrazioni, pubblicando articoli e interviste e organizzando eventi.\",\"url\":\"https:\/\/www.pressenza.com\/fr\/author\/anna-polo\/\"}]}<\/script>\n<!-- \/ Yoast SEO plugin. -->","yoast_head_json":{"title":"Tania Fisherova, actrice et activiste, candidate \u00e0 l\u2019\u00e9lection pr\u00e9sidentielle en R\u00e9publique tch\u00e8que","description":"Pour la premi\u00e8re fois, \u00e0 Prague, aura lieu l\u2019\u00e9lection directe du pr\u00e9sident de la R\u00e9publique. Soutenue par des associations de toutes sortes, par divers","robots":{"index":"index","follow":"follow","max-snippet":"max-snippet:-1","max-image-preview":"max-image-preview:large","max-video-preview":"max-video-preview:-1"},"canonical":"https:\/\/www.pressenza.com\/fr\/2012\/12\/tania-fisherova-actrice-et-activiste-candidate-a-lelection-presidentielle-en-republique-tcheque\/","og_locale":"fr_FR","og_type":"article","og_title":"Tania Fisherova, actrice et activiste, candidate \u00e0 l\u2019\u00e9lection pr\u00e9sidentielle en R\u00e9publique tch\u00e8que","og_description":"Pour la premi\u00e8re fois, \u00e0 Prague, aura lieu l\u2019\u00e9lection directe du pr\u00e9sident de la R\u00e9publique. Soutenue par des associations de toutes sortes, par divers","og_url":"https:\/\/www.pressenza.com\/fr\/2012\/12\/tania-fisherova-actrice-et-activiste-candidate-a-lelection-presidentielle-en-republique-tcheque\/","og_site_name":"Pressenza","article_publisher":"https:\/\/www.facebook.com\/PressenzaItalia","article_published_time":"2012-12-07T23:47:50+00:00","article_modified_time":"2012-12-07T23:54:57+00:00","og_image":[{"width":572,"height":860,"url":"https:\/\/www.pressenza.com\/wp-content\/uploads\/2012\/11\/fischerova_11small-22.jpg","type":"image\/jpeg"}],"author":"Anna Polo","twitter_card":"summary_large_image","twitter_creator":"@PressenzaIPA","twitter_site":"@PressenzaIPA","twitter_misc":{"\u00c9crit par":"Anna Polo","Dur\u00e9e de lecture estim\u00e9e":"2 minutes"},"schema":{"@context":"https:\/\/schema.org","@graph":[{"@type":"Article","@id":"https:\/\/www.pressenza.com\/fr\/2012\/12\/tania-fisherova-actrice-et-activiste-candidate-a-lelection-presidentielle-en-republique-tcheque\/#article","isPartOf":{"@id":"https:\/\/www.pressenza.com\/fr\/2012\/12\/tania-fisherova-actrice-et-activiste-candidate-a-lelection-presidentielle-en-republique-tcheque\/"},"author":{"name":"Anna Polo","@id":"https:\/\/www.pressenza.com\/fr\/#\/schema\/person\/f361ce2dfe3d4331d5ae6840551ffe67"},"headline":"Tania Fisherova, actrice et activiste, candidate \u00e0 l\u2019\u00e9lection pr\u00e9sidentielle en R\u00e9publique tch\u00e8que","datePublished":"2012-12-07T23:47:50+00:00","dateModified":"2012-12-07T23:54:57+00:00","mainEntityOfPage":{"@id":"https:\/\/www.pressenza.com\/fr\/2012\/12\/tania-fisherova-actrice-et-activiste-candidate-a-lelection-presidentielle-en-republique-tcheque\/"},"wordCount":438,"publisher":{"@id":"https:\/\/www.pressenza.com\/fr\/#organization"},"image":{"@id":"https:\/\/www.pressenza.com\/fr\/2012\/12\/tania-fisherova-actrice-et-activiste-candidate-a-lelection-presidentielle-en-republique-tcheque\/#primaryimage"},"thumbnailUrl":"https:\/\/www.pressenza.com\/wp-content\/uploads\/2012\/11\/fischerova_11small-22.jpg","keywords":["\u00e9lections","R\u00e9publique Tcheque","volontaires"],"articleSection":["Europe","Opinion","Politique","Relations internationales"],"inLanguage":"fr-FR"},{"@type":"WebPage","@id":"https:\/\/www.pressenza.com\/fr\/2012\/12\/tania-fisherova-actrice-et-activiste-candidate-a-lelection-presidentielle-en-republique-tcheque\/","url":"https:\/\/www.pressenza.com\/fr\/2012\/12\/tania-fisherova-actrice-et-activiste-candidate-a-lelection-presidentielle-en-republique-tcheque\/","name":"Tania Fisherova, actrice et activiste, candidate \u00e0 l\u2019\u00e9lection pr\u00e9sidentielle en R\u00e9publique tch\u00e8que","isPartOf":{"@id":"https:\/\/www.pressenza.com\/fr\/#website"},"primaryImageOfPage":{"@id":"https:\/\/www.pressenza.com\/fr\/2012\/12\/tania-fisherova-actrice-et-activiste-candidate-a-lelection-presidentielle-en-republique-tcheque\/#primaryimage"},"image":{"@id":"https:\/\/www.pressenza.com\/fr\/2012\/12\/tania-fisherova-actrice-et-activiste-candidate-a-lelection-presidentielle-en-republique-tcheque\/#primaryimage"},"thumbnailUrl":"https:\/\/www.pressenza.com\/wp-content\/uploads\/2012\/11\/fischerova_11small-22.jpg","datePublished":"2012-12-07T23:47:50+00:00","dateModified":"2012-12-07T23:54:57+00:00","description":"Pour la premi\u00e8re fois, \u00e0 Prague, aura lieu l\u2019\u00e9lection directe du pr\u00e9sident de la R\u00e9publique. Soutenue par des associations de toutes sortes, par divers","breadcrumb":{"@id":"https:\/\/www.pressenza.com\/fr\/2012\/12\/tania-fisherova-actrice-et-activiste-candidate-a-lelection-presidentielle-en-republique-tcheque\/#breadcrumb"},"inLanguage":"fr-FR","potentialAction":[{"@type":"ReadAction","target":["https:\/\/www.pressenza.com\/fr\/2012\/12\/tania-fisherova-actrice-et-activiste-candidate-a-lelection-presidentielle-en-republique-tcheque\/"]}]},{"@type":"ImageObject","inLanguage":"fr-FR","@id":"https:\/\/www.pressenza.com\/fr\/2012\/12\/tania-fisherova-actrice-et-activiste-candidate-a-lelection-presidentielle-en-republique-tcheque\/#primaryimage","url":"https:\/\/www.pressenza.com\/wp-content\/uploads\/2012\/11\/fischerova_11small-22.jpg","contentUrl":"https:\/\/www.pressenza.com\/wp-content\/uploads\/2012\/11\/fischerova_11small-22.jpg","width":"572","height":"860"},{"@type":"BreadcrumbList","@id":"https:\/\/www.pressenza.com\/fr\/2012\/12\/tania-fisherova-actrice-et-activiste-candidate-a-lelection-presidentielle-en-republique-tcheque\/#breadcrumb","itemListElement":[{"@type":"ListItem","position":1,"name":"Accueil","item":"https:\/\/www.pressenza.com\/fr\/"},{"@type":"ListItem","position":2,"name":"Tania Fisherova, actrice et activiste, candidate \u00e0 l\u2019\u00e9lection pr\u00e9sidentielle en R\u00e9publique tch\u00e8que"}]},{"@type":"WebSite","@id":"https:\/\/www.pressenza.com\/fr\/#website","url":"https:\/\/www.pressenza.com\/fr\/","name":"Pressenza","description":"International Press Agency","publisher":{"@id":"https:\/\/www.pressenza.com\/fr\/#organization"},"potentialAction":[{"@type":"SearchAction","target":{"@type":"EntryPoint","urlTemplate":"https:\/\/www.pressenza.com\/fr\/?s={search_term_string}"},"query-input":{"@type":"PropertyValueSpecification","valueRequired":true,"valueName":"search_term_string"}}],"inLanguage":"fr-FR"},{"@type":"Organization","@id":"https:\/\/www.pressenza.com\/fr\/#organization","name":"Pressenza","url":"https:\/\/www.pressenza.com\/fr\/","logo":{"@type":"ImageObject","inLanguage":"fr-FR","@id":"https:\/\/www.pressenza.com\/fr\/#\/schema\/logo\/image\/","url":"https:\/\/www.pressenza.com\/wp-content\/uploads\/2022\/10\/pressenza_logo_200x200.jpg","contentUrl":"https:\/\/www.pressenza.com\/wp-content\/uploads\/2022\/10\/pressenza_logo_200x200.jpg","width":200,"height":200,"caption":"Pressenza"},"image":{"@id":"https:\/\/www.pressenza.com\/fr\/#\/schema\/logo\/image\/"},"sameAs":["https:\/\/www.facebook.com\/PressenzaItalia","https:\/\/x.com\/PressenzaIPA"]},{"@type":"Person","@id":"https:\/\/www.pressenza.com\/fr\/#\/schema\/person\/f361ce2dfe3d4331d5ae6840551ffe67","name":"Anna Polo","description":"Impegnata per anni nel campo della pace e della nonviolenza, ha fatto parte dell'equipe relazioni della Marcia Mondiale per la Pace e la Nonviolenza e in seguito di Mondo senza guerre e senza violenza. Attualmente partecipa alla redazione italiana di Pressenza e si occupa principalmente del tema migrazioni, pubblicando articoli e interviste e organizzando eventi.","url":"https:\/\/www.pressenza.com\/fr\/author\/anna-polo\/"}]}},"place":"Prague","original_article_url":"","_links":{"self":[{"href":"https:\/\/www.pressenza.com\/fr\/wp-json\/wp\/v2\/posts\/27261","targetHints":{"allow":["GET"]}}],"collection":[{"href":"https:\/\/www.pressenza.com\/fr\/wp-json\/wp\/v2\/posts"}],"about":[{"href":"https:\/\/www.pressenza.com\/fr\/wp-json\/wp\/v2\/types\/post"}],"author":[{"embeddable":true,"href":"https:\/\/www.pressenza.com\/fr\/wp-json\/wp\/v2\/users\/500"}],"replies":[{"embeddable":true,"href":"https:\/\/www.pressenza.com\/fr\/wp-json\/wp\/v2\/comments?post=27261"}],"version-history":[{"count":0,"href":"https:\/\/www.pressenza.com\/fr\/wp-json\/wp\/v2\/posts\/27261\/revisions"}],"wp:featuredmedia":[{"embeddable":true,"href":"https:\/\/www.pressenza.com\/fr\/wp-json\/wp\/v2\/media\/26268"}],"wp:attachment":[{"href":"https:\/\/www.pressenza.com\/fr\/wp-json\/wp\/v2\/media?parent=27261"}],"wp:term":[{"taxonomy":"category","embeddable":true,"href":"https:\/\/www.pressenza.com\/fr\/wp-json\/wp\/v2\/categories?post=27261"},{"taxonomy":"post_tag","embeddable":true,"href":"https:\/\/www.pressenza.com\/fr\/wp-json\/wp\/v2\/tags?post=27261"}],"curies":[{"name":"wp","href":"https:\/\/api.w.org\/{rel}","templated":true}]}}