{"id":272156,"date":"2016-01-28T00:30:13","date_gmt":"2016-01-28T00:30:13","guid":{"rendered":"http:\/\/www.pressenza.com\/fr\/?p=272156"},"modified":"2016-01-29T15:13:55","modified_gmt":"2016-01-29T15:13:55","slug":"documentaire-entre-toi-et-moi-lempathie","status":"publish","type":"post","link":"https:\/\/www.pressenza.com\/fr\/2016\/01\/documentaire-entre-toi-et-moi-lempathie\/","title":{"rendered":"Entre toi et moi, l\u2019empathie"},"content":{"rendered":"<p><strong>Auteur &#8211; R\u00e9alisatrice : Valeria Lumbroso<\/strong><\/p>\n<p>Notre soci\u00e9t\u00e9 tend souvent \u00e0 l\u2019oublier, mais nous ne sommes pas seulement des \u00eatres comp\u00e9titifs. Au-del\u00e0 de nos conditionnements soci\u00e9taux, il existe une caract\u00e9ristique propre au vivant dont nous disposons aussi : l\u2019empathie.<\/p>\n<p>Qu\u2019est-ce qui fait de l\u2019humain un \u00eatre social, capable de se projeter en l\u2019autre, de ressentir ce que l\u2019autre ressent ? Pourquoi sentons-nous le besoin de nous entraider, de nous comprendre ? D\u2019o\u00f9 viens notre empathie ? Autant de questions qui sont abord\u00e9es dans ce magnifique documentaire [NdlR :vid\u00e9o] : \u201cEntre toi et moi, l\u2019empathie\u201d, r\u00e9alis\u00e9 par Val\u00e9ria Lumboso.<\/p>\n<p>Vous y d\u00e9couvrirez ce qui nous pousse \u00e0 \u00eatre empathique envers autrui. De la philosophie en passant par la psychologie, la sociologie, les neurosciences ou encore la biologie, une analyse globale du comportement des \u00eatres dou\u00e9s d\u2019empathie y est faite, nous plongeant dans ce monde myst\u00e9rieux mais pourtant indispensable du vivant.<\/p>\n<p><span style=\"text-decoration: underline;\">Extrait de la vid\u00e9o (3 min) :<\/span><\/p>\n<p>https:\/\/www.youtube.com\/watch?v=BB-EtnAHIO4<\/p>\n<p>&nbsp;<\/p>\n<p>Nota de la R\u00e9daction : La vid\u00e9o compl\u00e8te a \u00e9t\u00e9 retir\u00e9e du visionnage gratuit (29\/01\/2016).\u00a0Il reste l&rsquo;alternative de la voir compl\u00e8te (52 min) (1.99\u20ac) sur le site de francetv\u00a0<a href=\"http:\/\/pluzzvad.francetv.fr\/videos\/entre-toi-et-moi-l-empathie_21627.html?achat=achat\/21627\">ici<\/a>.<\/p>\n","protected":false},"excerpt":{"rendered":"<p>Auteur &#8211; R\u00e9alisatrice : Valeria Lumbroso Notre soci\u00e9t\u00e9 tend souvent \u00e0 l\u2019oublier, mais nous ne sommes pas seulement des \u00eatres comp\u00e9titifs. Au-del\u00e0 de nos conditionnements soci\u00e9taux, il existe une caract\u00e9ristique propre au vivant dont nous disposons aussi : l\u2019empathie. Qu\u2019est-ce&hellip;<\/p>\n","protected":false},"author":926,"featured_media":272706,"comment_status":"closed","ping_status":"open","sticky":false,"template":"","format":"standard","meta":{"footnotes":""},"categories":[1249,40,495],"tags":[23580,1134,23581,10732,302,23582,23583],"class_list":["post-272156","post","type-post","status-publish","format-standard","has-post-thumbnail","hentry","category-education-sujet","category-international-fr","category-sciences-technologie","tag-biologie","tag-documentaires","tag-neuroscience","tag-psychologie","tag-science","tag-sociologie","tag-videos"],"yoast_head":"<!-- This site is optimized with the Yoast SEO plugin v27.1.1 - https:\/\/yoast.com\/product\/yoast-seo-wordpress\/ -->\n<title>Entre toi et moi, l\u2019empathie<\/title>\n<meta name=\"description\" content=\"Auteur - R\u00e9alisatrice : Valeria Lumbroso Notre soci\u00e9t\u00e9 tend souvent \u00e0 l\u2019oublier, mais nous ne sommes pas seulement des \u00eatres comp\u00e9titifs. Au-del\u00e0 de nos\" \/>\n<meta name=\"robots\" content=\"index, follow, max-snippet:-1, max-image-preview:large, max-video-preview:-1\" \/>\n<link rel=\"canonical\" href=\"https:\/\/www.pressenza.com\/fr\/2016\/01\/documentaire-entre-toi-et-moi-lempathie\/\" \/>\n<meta property=\"og:locale\" content=\"fr_FR\" \/>\n<meta property=\"og:type\" content=\"article\" \/>\n<meta property=\"og:title\" content=\"Entre toi et moi, l\u2019empathie\" \/>\n<meta property=\"og:description\" content=\"Auteur - R\u00e9alisatrice : Valeria Lumbroso Notre soci\u00e9t\u00e9 tend souvent \u00e0 l\u2019oublier, mais nous ne sommes pas seulement des \u00eatres comp\u00e9titifs. Au-del\u00e0 de nos\" \/>\n<meta property=\"og:url\" content=\"https:\/\/www.pressenza.com\/fr\/2016\/01\/documentaire-entre-toi-et-moi-lempathie\/\" \/>\n<meta property=\"og:site_name\" content=\"Pressenza\" \/>\n<meta property=\"article:publisher\" content=\"https:\/\/www.facebook.com\/PressenzaItalia\" \/>\n<meta property=\"article:published_time\" content=\"2016-01-28T00:30:13+00:00\" \/>\n<meta property=\"article:modified_time\" content=\"2016-01-29T15:13:55+00:00\" \/>\n<meta property=\"og:image\" content=\"https:\/\/www.pressenza.com\/wp-content\/uploads\/2016\/01\/Entre-toi-et-moi-l---empathie.jpg\" \/>\n\t<meta property=\"og:image:width\" content=\"750\" \/>\n\t<meta property=\"og:image:height\" content=\"500\" \/>\n\t<meta property=\"og:image:type\" content=\"image\/jpeg\" \/>\n<meta name=\"author\" content=\"R\u00e9daction France\" \/>\n<meta name=\"twitter:card\" content=\"summary_large_image\" \/>\n<meta name=\"twitter:creator\" content=\"@PressenzaIPA\" \/>\n<meta name=\"twitter:site\" content=\"@PressenzaIPA\" \/>\n<meta name=\"twitter:label1\" content=\"\u00c9crit par\" \/>\n\t<meta name=\"twitter:data1\" content=\"R\u00e9daction France\" \/>\n\t<meta name=\"twitter:label2\" content=\"Dur\u00e9e de lecture estim\u00e9e\" \/>\n\t<meta name=\"twitter:data2\" content=\"1 minute\" \/>\n<script type=\"application\/ld+json\" class=\"yoast-schema-graph\">{\"@context\":\"https:\/\/schema.org\",\"@graph\":[{\"@type\":\"Article\",\"@id\":\"https:\/\/www.pressenza.com\/fr\/2016\/01\/documentaire-entre-toi-et-moi-lempathie\/#article\",\"isPartOf\":{\"@id\":\"https:\/\/www.pressenza.com\/fr\/2016\/01\/documentaire-entre-toi-et-moi-lempathie\/\"},\"author\":{\"name\":\"R\u00e9daction France\",\"@id\":\"https:\/\/www.pressenza.com\/fr\/#\/schema\/person\/3c9fe6670cc2cffbd37562f87b98e869\"},\"headline\":\"Entre toi et moi, l\u2019empathie\",\"datePublished\":\"2016-01-28T00:30:13+00:00\",\"dateModified\":\"2016-01-29T15:13:55+00:00\",\"mainEntityOfPage\":{\"@id\":\"https:\/\/www.pressenza.com\/fr\/2016\/01\/documentaire-entre-toi-et-moi-lempathie\/\"},\"wordCount\":215,\"publisher\":{\"@id\":\"https:\/\/www.pressenza.com\/fr\/#organization\"},\"image\":{\"@id\":\"https:\/\/www.pressenza.com\/fr\/2016\/01\/documentaire-entre-toi-et-moi-lempathie\/#primaryimage\"},\"thumbnailUrl\":\"https:\/\/www.pressenza.com\/wp-content\/uploads\/2016\/01\/Entre-toi-et-moi-l---empathie.jpg\",\"keywords\":[\"Biologie\",\"documentaires\",\"Neuroscience\",\"Psychologie\",\"science\",\"Sociologie\",\"Vid\u00e9os\"],\"articleSection\":[\"Education\",\"International\",\"Sciences et Technologie\"],\"inLanguage\":\"fr-FR\"},{\"@type\":\"WebPage\",\"@id\":\"https:\/\/www.pressenza.com\/fr\/2016\/01\/documentaire-entre-toi-et-moi-lempathie\/\",\"url\":\"https:\/\/www.pressenza.com\/fr\/2016\/01\/documentaire-entre-toi-et-moi-lempathie\/\",\"name\":\"Entre toi et moi, l\u2019empathie\",\"isPartOf\":{\"@id\":\"https:\/\/www.pressenza.com\/fr\/#website\"},\"primaryImageOfPage\":{\"@id\":\"https:\/\/www.pressenza.com\/fr\/2016\/01\/documentaire-entre-toi-et-moi-lempathie\/#primaryimage\"},\"image\":{\"@id\":\"https:\/\/www.pressenza.com\/fr\/2016\/01\/documentaire-entre-toi-et-moi-lempathie\/#primaryimage\"},\"thumbnailUrl\":\"https:\/\/www.pressenza.com\/wp-content\/uploads\/2016\/01\/Entre-toi-et-moi-l---empathie.jpg\",\"datePublished\":\"2016-01-28T00:30:13+00:00\",\"dateModified\":\"2016-01-29T15:13:55+00:00\",\"description\":\"Auteur - R\u00e9alisatrice : Valeria Lumbroso Notre soci\u00e9t\u00e9 tend souvent \u00e0 l\u2019oublier, mais nous ne sommes pas seulement des \u00eatres comp\u00e9titifs. Au-del\u00e0 de nos\",\"breadcrumb\":{\"@id\":\"https:\/\/www.pressenza.com\/fr\/2016\/01\/documentaire-entre-toi-et-moi-lempathie\/#breadcrumb\"},\"inLanguage\":\"fr-FR\",\"potentialAction\":[{\"@type\":\"ReadAction\",\"target\":[\"https:\/\/www.pressenza.com\/fr\/2016\/01\/documentaire-entre-toi-et-moi-lempathie\/\"]}]},{\"@type\":\"ImageObject\",\"inLanguage\":\"fr-FR\",\"@id\":\"https:\/\/www.pressenza.com\/fr\/2016\/01\/documentaire-entre-toi-et-moi-lempathie\/#primaryimage\",\"url\":\"https:\/\/www.pressenza.com\/wp-content\/uploads\/2016\/01\/Entre-toi-et-moi-l---empathie.jpg\",\"contentUrl\":\"https:\/\/www.pressenza.com\/wp-content\/uploads\/2016\/01\/Entre-toi-et-moi-l---empathie.jpg\",\"width\":750,\"height\":500},{\"@type\":\"BreadcrumbList\",\"@id\":\"https:\/\/www.pressenza.com\/fr\/2016\/01\/documentaire-entre-toi-et-moi-lempathie\/#breadcrumb\",\"itemListElement\":[{\"@type\":\"ListItem\",\"position\":1,\"name\":\"Accueil\",\"item\":\"https:\/\/www.pressenza.com\/fr\/\"},{\"@type\":\"ListItem\",\"position\":2,\"name\":\"Entre toi et moi, l\u2019empathie\"}]},{\"@type\":\"WebSite\",\"@id\":\"https:\/\/www.pressenza.com\/fr\/#website\",\"url\":\"https:\/\/www.pressenza.com\/fr\/\",\"name\":\"Pressenza\",\"description\":\"International Press Agency\",\"publisher\":{\"@id\":\"https:\/\/www.pressenza.com\/fr\/#organization\"},\"potentialAction\":[{\"@type\":\"SearchAction\",\"target\":{\"@type\":\"EntryPoint\",\"urlTemplate\":\"https:\/\/www.pressenza.com\/fr\/?s={search_term_string}\"},\"query-input\":{\"@type\":\"PropertyValueSpecification\",\"valueRequired\":true,\"valueName\":\"search_term_string\"}}],\"inLanguage\":\"fr-FR\"},{\"@type\":\"Organization\",\"@id\":\"https:\/\/www.pressenza.com\/fr\/#organization\",\"name\":\"Pressenza\",\"url\":\"https:\/\/www.pressenza.com\/fr\/\",\"logo\":{\"@type\":\"ImageObject\",\"inLanguage\":\"fr-FR\",\"@id\":\"https:\/\/www.pressenza.com\/fr\/#\/schema\/logo\/image\/\",\"url\":\"https:\/\/www.pressenza.com\/wp-content\/uploads\/2022\/10\/pressenza_logo_200x200.jpg\",\"contentUrl\":\"https:\/\/www.pressenza.com\/wp-content\/uploads\/2022\/10\/pressenza_logo_200x200.jpg\",\"width\":200,\"height\":200,\"caption\":\"Pressenza\"},\"image\":{\"@id\":\"https:\/\/www.pressenza.com\/fr\/#\/schema\/logo\/image\/\"},\"sameAs\":[\"https:\/\/www.facebook.com\/PressenzaItalia\",\"https:\/\/x.com\/PressenzaIPA\"]},{\"@type\":\"Person\",\"@id\":\"https:\/\/www.pressenza.com\/fr\/#\/schema\/person\/3c9fe6670cc2cffbd37562f87b98e869\",\"name\":\"R\u00e9daction France\",\"description\":\"News published by the Pressenza bureau in France\",\"sameAs\":[\"http:\/\/www.pressenza.com\/fr\"],\"url\":\"https:\/\/www.pressenza.com\/fr\/author\/redactionfrance\/\"}]}<\/script>\n<!-- \/ Yoast SEO plugin. -->","yoast_head_json":{"title":"Entre toi et moi, l\u2019empathie","description":"Auteur - R\u00e9alisatrice : Valeria Lumbroso Notre soci\u00e9t\u00e9 tend souvent \u00e0 l\u2019oublier, mais nous ne sommes pas seulement des \u00eatres comp\u00e9titifs. Au-del\u00e0 de nos","robots":{"index":"index","follow":"follow","max-snippet":"max-snippet:-1","max-image-preview":"max-image-preview:large","max-video-preview":"max-video-preview:-1"},"canonical":"https:\/\/www.pressenza.com\/fr\/2016\/01\/documentaire-entre-toi-et-moi-lempathie\/","og_locale":"fr_FR","og_type":"article","og_title":"Entre toi et moi, l\u2019empathie","og_description":"Auteur - R\u00e9alisatrice : Valeria Lumbroso Notre soci\u00e9t\u00e9 tend souvent \u00e0 l\u2019oublier, mais nous ne sommes pas seulement des \u00eatres comp\u00e9titifs. Au-del\u00e0 de nos","og_url":"https:\/\/www.pressenza.com\/fr\/2016\/01\/documentaire-entre-toi-et-moi-lempathie\/","og_site_name":"Pressenza","article_publisher":"https:\/\/www.facebook.com\/PressenzaItalia","article_published_time":"2016-01-28T00:30:13+00:00","article_modified_time":"2016-01-29T15:13:55+00:00","og_image":[{"width":750,"height":500,"url":"https:\/\/www.pressenza.com\/wp-content\/uploads\/2016\/01\/Entre-toi-et-moi-l---empathie.jpg","type":"image\/jpeg"}],"author":"R\u00e9daction France","twitter_card":"summary_large_image","twitter_creator":"@PressenzaIPA","twitter_site":"@PressenzaIPA","twitter_misc":{"\u00c9crit par":"R\u00e9daction France","Dur\u00e9e de lecture estim\u00e9e":"1 minute"},"schema":{"@context":"https:\/\/schema.org","@graph":[{"@type":"Article","@id":"https:\/\/www.pressenza.com\/fr\/2016\/01\/documentaire-entre-toi-et-moi-lempathie\/#article","isPartOf":{"@id":"https:\/\/www.pressenza.com\/fr\/2016\/01\/documentaire-entre-toi-et-moi-lempathie\/"},"author":{"name":"R\u00e9daction France","@id":"https:\/\/www.pressenza.com\/fr\/#\/schema\/person\/3c9fe6670cc2cffbd37562f87b98e869"},"headline":"Entre toi et moi, l\u2019empathie","datePublished":"2016-01-28T00:30:13+00:00","dateModified":"2016-01-29T15:13:55+00:00","mainEntityOfPage":{"@id":"https:\/\/www.pressenza.com\/fr\/2016\/01\/documentaire-entre-toi-et-moi-lempathie\/"},"wordCount":215,"publisher":{"@id":"https:\/\/www.pressenza.com\/fr\/#organization"},"image":{"@id":"https:\/\/www.pressenza.com\/fr\/2016\/01\/documentaire-entre-toi-et-moi-lempathie\/#primaryimage"},"thumbnailUrl":"https:\/\/www.pressenza.com\/wp-content\/uploads\/2016\/01\/Entre-toi-et-moi-l---empathie.jpg","keywords":["Biologie","documentaires","Neuroscience","Psychologie","science","Sociologie","Vid\u00e9os"],"articleSection":["Education","International","Sciences et Technologie"],"inLanguage":"fr-FR"},{"@type":"WebPage","@id":"https:\/\/www.pressenza.com\/fr\/2016\/01\/documentaire-entre-toi-et-moi-lempathie\/","url":"https:\/\/www.pressenza.com\/fr\/2016\/01\/documentaire-entre-toi-et-moi-lempathie\/","name":"Entre toi et moi, l\u2019empathie","isPartOf":{"@id":"https:\/\/www.pressenza.com\/fr\/#website"},"primaryImageOfPage":{"@id":"https:\/\/www.pressenza.com\/fr\/2016\/01\/documentaire-entre-toi-et-moi-lempathie\/#primaryimage"},"image":{"@id":"https:\/\/www.pressenza.com\/fr\/2016\/01\/documentaire-entre-toi-et-moi-lempathie\/#primaryimage"},"thumbnailUrl":"https:\/\/www.pressenza.com\/wp-content\/uploads\/2016\/01\/Entre-toi-et-moi-l---empathie.jpg","datePublished":"2016-01-28T00:30:13+00:00","dateModified":"2016-01-29T15:13:55+00:00","description":"Auteur - R\u00e9alisatrice : Valeria Lumbroso Notre soci\u00e9t\u00e9 tend souvent \u00e0 l\u2019oublier, mais nous ne sommes pas seulement des \u00eatres comp\u00e9titifs. Au-del\u00e0 de nos","breadcrumb":{"@id":"https:\/\/www.pressenza.com\/fr\/2016\/01\/documentaire-entre-toi-et-moi-lempathie\/#breadcrumb"},"inLanguage":"fr-FR","potentialAction":[{"@type":"ReadAction","target":["https:\/\/www.pressenza.com\/fr\/2016\/01\/documentaire-entre-toi-et-moi-lempathie\/"]}]},{"@type":"ImageObject","inLanguage":"fr-FR","@id":"https:\/\/www.pressenza.com\/fr\/2016\/01\/documentaire-entre-toi-et-moi-lempathie\/#primaryimage","url":"https:\/\/www.pressenza.com\/wp-content\/uploads\/2016\/01\/Entre-toi-et-moi-l---empathie.jpg","contentUrl":"https:\/\/www.pressenza.com\/wp-content\/uploads\/2016\/01\/Entre-toi-et-moi-l---empathie.jpg","width":750,"height":500},{"@type":"BreadcrumbList","@id":"https:\/\/www.pressenza.com\/fr\/2016\/01\/documentaire-entre-toi-et-moi-lempathie\/#breadcrumb","itemListElement":[{"@type":"ListItem","position":1,"name":"Accueil","item":"https:\/\/www.pressenza.com\/fr\/"},{"@type":"ListItem","position":2,"name":"Entre toi et moi, l\u2019empathie"}]},{"@type":"WebSite","@id":"https:\/\/www.pressenza.com\/fr\/#website","url":"https:\/\/www.pressenza.com\/fr\/","name":"Pressenza","description":"International Press Agency","publisher":{"@id":"https:\/\/www.pressenza.com\/fr\/#organization"},"potentialAction":[{"@type":"SearchAction","target":{"@type":"EntryPoint","urlTemplate":"https:\/\/www.pressenza.com\/fr\/?s={search_term_string}"},"query-input":{"@type":"PropertyValueSpecification","valueRequired":true,"valueName":"search_term_string"}}],"inLanguage":"fr-FR"},{"@type":"Organization","@id":"https:\/\/www.pressenza.com\/fr\/#organization","name":"Pressenza","url":"https:\/\/www.pressenza.com\/fr\/","logo":{"@type":"ImageObject","inLanguage":"fr-FR","@id":"https:\/\/www.pressenza.com\/fr\/#\/schema\/logo\/image\/","url":"https:\/\/www.pressenza.com\/wp-content\/uploads\/2022\/10\/pressenza_logo_200x200.jpg","contentUrl":"https:\/\/www.pressenza.com\/wp-content\/uploads\/2022\/10\/pressenza_logo_200x200.jpg","width":200,"height":200,"caption":"Pressenza"},"image":{"@id":"https:\/\/www.pressenza.com\/fr\/#\/schema\/logo\/image\/"},"sameAs":["https:\/\/www.facebook.com\/PressenzaItalia","https:\/\/x.com\/PressenzaIPA"]},{"@type":"Person","@id":"https:\/\/www.pressenza.com\/fr\/#\/schema\/person\/3c9fe6670cc2cffbd37562f87b98e869","name":"R\u00e9daction France","description":"News published by the Pressenza bureau in France","sameAs":["http:\/\/www.pressenza.com\/fr"],"url":"https:\/\/www.pressenza.com\/fr\/author\/redactionfrance\/"}]}},"place":"","original_article_url":"","_links":{"self":[{"href":"https:\/\/www.pressenza.com\/fr\/wp-json\/wp\/v2\/posts\/272156","targetHints":{"allow":["GET"]}}],"collection":[{"href":"https:\/\/www.pressenza.com\/fr\/wp-json\/wp\/v2\/posts"}],"about":[{"href":"https:\/\/www.pressenza.com\/fr\/wp-json\/wp\/v2\/types\/post"}],"author":[{"embeddable":true,"href":"https:\/\/www.pressenza.com\/fr\/wp-json\/wp\/v2\/users\/926"}],"replies":[{"embeddable":true,"href":"https:\/\/www.pressenza.com\/fr\/wp-json\/wp\/v2\/comments?post=272156"}],"version-history":[{"count":0,"href":"https:\/\/www.pressenza.com\/fr\/wp-json\/wp\/v2\/posts\/272156\/revisions"}],"wp:featuredmedia":[{"embeddable":true,"href":"https:\/\/www.pressenza.com\/fr\/wp-json\/wp\/v2\/media\/272706"}],"wp:attachment":[{"href":"https:\/\/www.pressenza.com\/fr\/wp-json\/wp\/v2\/media?parent=272156"}],"wp:term":[{"taxonomy":"category","embeddable":true,"href":"https:\/\/www.pressenza.com\/fr\/wp-json\/wp\/v2\/categories?post=272156"},{"taxonomy":"post_tag","embeddable":true,"href":"https:\/\/www.pressenza.com\/fr\/wp-json\/wp\/v2\/tags?post=272156"}],"curies":[{"name":"wp","href":"https:\/\/api.w.org\/{rel}","templated":true}]}}