{"id":271349,"date":"2016-01-26T21:25:23","date_gmt":"2016-01-26T21:25:23","guid":{"rendered":"http:\/\/www.pressenza.com\/fr\/?p=271349"},"modified":"2016-01-26T21:27:20","modified_gmt":"2016-01-26T21:27:20","slug":"rentrons-periode-de-crise-de-transition","status":"publish","type":"post","link":"https:\/\/www.pressenza.com\/fr\/2016\/01\/rentrons-periode-de-crise-de-transition\/","title":{"rendered":"\u00ab Nous rentrons dans une p\u00e9riode de crise et de transition \u00bb"},"content":{"rendered":"<div class=\"cartouche\">\n<div class=\"surlignable\">\n<p class=\"crayon article-soustitre-2205 soustitre\">INTERVENTION DE <a href=\"http:\/\/www.medelu.org\/_Joao-Pedro-Stedile_\">JO\u00c3O PEDRO STEDILE<\/a>\u00a0(*), DIRIGEANT DU MOUVEMENT DES TRAVAILLEURS RURAUX SANS TERRE (MST) DU BR\u00c9SIL<\/p>\n<\/div>\n<div class=\"ligne\">\u00a0Dans cette intervention prononc\u00e9e dans le cadre de la Rencontre continentale des m\u00e9dias libres organis\u00e9e \u00e0 l\u2019Ecole Florestan Fernandes du 20 au 22 novembre 2015 (Sao Paulo, Br\u00e9sil), le dirigeant social expose sa vision de l\u2019Am\u00e9rique latine sept ans apr\u00e8s l\u2019\u00e9clatement de la crise financi\u00e8re et \u00e9conomique mondiale de 2008. Il d\u00e9taille \u00e9galement les difficult\u00e9s auxquelles sont confront\u00e9es les forces populaires, qu\u2019il ne souhaite plus nommer \u00ab\u00a0mouvements sociaux\u00a0\u00bb, et d\u00e9crit la nouvelle strat\u00e9gie de reconqu\u00eate de la r\u00e9gion \u00e9labor\u00e9e par les Etats-Unis.<\/div>\n<\/div>\n<div class=\"surlignable\">\n<div class=\"crayon article-chapo-2205 chapo\">\n<p>Selon lui, les forces du capital financier international ont d\u00e9cid\u00e9 de lancer une <em>\u00ab\u00a0offensive contre les pays p\u00e9riph\u00e9riques pour sortir de la crise\u00a0\u00bb<\/em>. Il s\u2019agirait pour elles de reprendre le <em>\u00ab\u00a0contr\u00f4le des ressources naturelles (\u2026) pour reconstituer leur capital et ainsi de sortir de la crise\u00a0\u00bb.<\/em><\/p>\n<p>Quels seront les atouts des forces populaires\u00a0? Et Jo\u00e3o Pedro Stedile de rappeler que dans l\u2019histoire, <em>\u00ab\u00a0ce qui engendre la r\u00e9volution, c\u2019est l\u2019opposition entre ceux qui produisent la richesse et ceux qui se l\u2019accaparent\u00a0\u00bb.<\/em><\/p>\n<\/div>\n<div class=\"crayon article-texte-2205 texte entry-content\">\n<p><span class=\"lettrine\">J<\/span>e voudrais reconsid\u00e9rer avec vous certains concepts que nous avons jusque l\u00e0 utilis\u00e9s au sein du Conseil des mouvements sociaux de l\u2019Alliance bolivarienne pour les peuples de notre Am\u00e9rique (Alba). Notre travail consiste \u00e0 rechercher la mani\u00e8re d\u2019organiser une articulation permanente entre les forces populaires pour mener la lutte contre le n\u00e9olib\u00e9ralisme et l\u2019imp\u00e9rialisme. Mais pour ce faire, nous avons d\u00e9cid\u00e9, dans notre langage, de ne plus utiliser la notion de \u00ab\u00a0mouvements sociaux\u00a0\u00bb puisque celle-ci a \u00e9t\u00e9 reprise, dans le cadre la lutte de classe, par la droite. Il suffit maintenant que trois au quatre bourgeois se r\u00e9unissent dans la rue pour qu\u2019ils s\u2019autod\u00e9finissent comme \u00ab\u00a0mouvements sociaux\u00a0\u00bb. Nous croyons que le terme \u00ab\u00a0mouvement populaire\u00a0\u00bb poss\u00e8de un contenu de classe plus d\u00e9fini. C\u2019est pourquoi nous utiliserons d\u00e9sormais cette notion dans toutes nos mobilisations.<\/p>\n<p>Il est important que vous compreniez comment nous analysons la conjoncture actuelle. En g\u00e9n\u00e9ral, nous partons toujours de ce que nous ont enseign\u00e9s les historiens marxistes britanniques du 20e si\u00e8cle. Ces derniers proposent une m\u00e9thode d\u2019analyse dans laquelle la lutte de classes fonctionne selon le principe de la vague. Il y a des moments o\u00f9 les peuples sont sur la d\u00e9fensive, d\u2019autres o\u00f9 ils passent \u00e0 l\u2019offensive. Dans certaines circonstances se produit un reflux de la lutte de classe jusqu\u2019\u00e0 ce que les forces s\u2019\u00e9quilibrent de nouveau et que le peuple reprenne la lutte. Concernant notre r\u00e9gion, nous sommes pass\u00e9s dans les ann\u00e9es 1980 et 1990 par une h\u00e9g\u00e9monie compl\u00e8te du n\u00e9olib\u00e9ralisme qui entra\u00eena le contr\u00f4le de nos \u00e9conomies par le capital financier et les entreprises transnationales. Cela a conduit \u00e0 la mise en place de gouvernements n\u00e9olib\u00e9raux dans tous nos pays, except\u00e9 Cuba. A l\u2019\u00e9poque, les \u00ab\u00a0gringos\u00a0\u00bb\u00a0[<a id=\"nh1\" class=\"spip_note\" title=\"Note du traducteur. Terme \u00e0 connotation p\u00e9jorative utilis\u00e9 par les\u00a0(...)\" href=\"http:\/\/www.medelu.org\/Nous-rentrons-dans-une-periode-de#nb1\" rel=\"footnote\">1<\/a>] avaient m\u00eame engag\u00e9 un philosophe japonais d\u00e9nomm\u00e9 Francis Fukuyama pour professer que le n\u00e9olib\u00e9ralisme serait la fin de l\u2019histoire. Tandis que tout paraissait donc perdu, les peuples ont commenc\u00e9 \u00e0 bouger et il y a eu dans certains pays de grandes r\u00e9voltes sur des th\u00e9matiques sp\u00e9cifiques (la lutte pour l\u2019eau, l\u2019\u00e9nergie \u00e9lectrique, etc.) et d\u2019autres plus g\u00e9n\u00e9rales comme le \u00ab\u00a0Caracazo\u00a0\u00bb\u00a0[<a id=\"nh2\" class=\"spip_note\" title=\"Idem. Manifestations populaires organis\u00e9es le 27 f\u00e9vrier 1989 \u00e0 Caracas contre\u00a0(...)\" href=\"http:\/\/www.medelu.org\/Nous-rentrons-dans-une-periode-de#nb2\" rel=\"footnote\">2<\/a>].<\/p>\n<p>A partir de l\u00e0, la corr\u00e9lation des forces a chang\u00e9 et favoris\u00e9 l\u2019\u00e9mergence d\u2019un nouveau sc\u00e9nario \u00e9lectoral sur tout le sous-continent. La premi\u00e8re victoire de Hugo Chavez en 1998 au Venezuela fut le point de d\u00e9part de cette nouvelle s\u00e9quence. Depuis, nous avons \u00e9t\u00e9 les t\u00e9moins d\u2019une d\u00e9faite du n\u00e9olib\u00e9ralisme. Cette nouvelle corr\u00e9lation des forces a donn\u00e9, ces dix derni\u00e8res ann\u00e9es, naissance \u00e0 un sc\u00e9nario in\u00e9dit dans lequel trois projets se sont affront\u00e9s en permanence. Le projet n\u00e9olib\u00e9ral dont certains pays n\u2019ont pas r\u00e9ussi \u00e0 sortir comme le Mexique, la Colombie et le Chili. Un second projet, que nous d\u00e9nommons \u00ab\u00a0n\u00e9o-d\u00e9veloppementaliste\u00a0\u00bb, s\u2019est caract\u00e9ris\u00e9 par une orientation qui n\u2019\u00e9tait pas directement n\u00e9olib\u00e9rale mais qui reposait sur une alliance avec des secteurs de la bourgeoisie locale. Ce faisant, ce projet n\u2019avait pas un contenu nettement anti-imp\u00e9rialiste mais il poursuivait n\u00e9anmoins l\u2019objectif de r\u00e9soudre les probl\u00e8mes populaires. Le Br\u00e9sil incarne ce projet\u00a0: recherche d\u2019une croissance \u00e9conomique bas\u00e9e sur l\u2019industrie, retour du r\u00f4le de l\u2019Etat sur le march\u00e9 et redistribution des revenus de la rente, mais pas de la richesse en tant que telle. Cette redistribution de revenu \u00e9tait possible car il y avait beaucoup d\u2019emplois cr\u00e9\u00e9s et parce que le mod\u00e8le entra\u00eenait une hausse de ressources pour les familles. Les travailleurs ont b\u00e9n\u00e9fici\u00e9 d\u2019une am\u00e9lioration de leurs conditions de vie mais la structure du syst\u00e8me capitalise n\u2019a pas chang\u00e9.<\/p>\n<p>Le troisi\u00e8me projet est celui de l\u2019Alba\u00a0[<a id=\"nh3\" class=\"spip_note\" title=\"Idem. L\u2019Alliance bolivarienne pour les peuples de notre Am\u00e9rique a \u00e9t\u00e9 cr\u00e9\u00e9e\u00a0(...)\" href=\"http:\/\/www.medelu.org\/Nous-rentrons-dans-une-periode-de#nb3\" rel=\"footnote\">3<\/a>] qui poss\u00e8de un contenu tr\u00e8s populaire, anti-n\u00e9olib\u00e9ral et anti-imp\u00e9rialiste. Cr\u00e9\u00e9 suite \u00e0 l\u2019\u00e9chec de la Zone de libre-\u00e9change des Am\u00e9riques (ZLEA)\u00a0[<a id=\"nh4\" class=\"spip_note\" title=\"Idem. Zone de libre-\u00e9change des Am\u00e9riques. Ce projet promu par les Etats-Unis\u00a0(...)\" href=\"http:\/\/www.medelu.org\/Nous-rentrons-dans-une-periode-de#nb4\" rel=\"footnote\">4<\/a>], il eut comme fer de lance Chavez et d\u2019autres pays autour comme Cuba, l\u2019Equateur, la Bolivie, le Nicaragua et d\u2019autres des Cara\u00efbes.<\/p>\n<p>Entre ces trois projets, la contradiction principale se situait entre le n\u00e9olib\u00e9ralisme propos\u00e9 par les Etats-Unis et l\u2019Alba impuls\u00e9e par Chavez. Au milieu se trouvait le projet n\u00e9o-d\u00e9veloppementaliste qui, quelquefois, s\u2019acoquinait avec le n\u00e9olib\u00e9ralisme et d\u2019autres avec l\u2019Alba. Comme il s\u2019agissait d\u2019une politique d\u2019alliances de classes, sans antagonismes au niveau national, il n\u2019y avait pas de contradictions. Un jour l\u2019Argentine et le Br\u00e9sil pouvaient se joindre aux Etats-Unis et l\u2019autre \u00e0 Cuba. Durant toute la p\u00e9riode consid\u00e9r\u00e9e, \u00e0 chaque fois que se sont tenues des \u00e9lections dans nos pays, il y avait des candidats repr\u00e9sentant chacun de ces trois projets.<\/p>\n<p>Quelle est la situation actuelle et qu\u2019est ce qui a chang\u00e9 au cours de ces dix ann\u00e9es\u00a0? Premi\u00e8rement, nous vivons une grande crise du capitalisme international qui, dans sa forme actuelle, est un capitalisme financier. Depuis 2009, le capitalisme n\u2019a pas trouv\u00e9 la sortie et de ce fait, la crise s\u2019est approfondie. Le capital imp\u00e9rialiste, n\u00e9 aux Etats-Unis et en Europe occidentale, reprend, \u00e0 travers ses entreprises, une offensive vers les pays p\u00e9riph\u00e9riques pour sortir de la crise et cela affecte l\u2019Am\u00e9rique latine.<\/p>\n<blockquote><p>Que recherchent-elles [ les entreprises] actuellement\u00a0? Premi\u00e8rement, le contr\u00f4le des ressources naturelles.<\/p><\/blockquote>\n<p>Comme l\u2019Am\u00e9rique latine en est l\u2019un des principaux gisements au monde, le capital imp\u00e9rialiste compte sur nous pour capter des mati\u00e8res premi\u00e8res (gaz, p\u00e9trole, \u00e9nergie, etc.). Il le fait dans le cadre d\u2019une logique bien pr\u00e9cise que Rosa Luxemburg a d\u00e9j\u00e0 expos\u00e9\u00a0: durant les p\u00e9riodes de crise, le capital cherche toujours \u00e0 s\u2019approprier les ressources naturelles car quand celles-ci arrivent sur le march\u00e9, elles sont vendues \u00e0 un prix qui se situe au-del\u00e0 de leurs valeurs r\u00e9elles et cela g\u00e9n\u00e8re un profit extraordinaire. Ce profit est chaque fois plus grand, ce qui permet aux entreprises de reconstituer leur capital et ainsi de sortir de la crise.<\/p>\n<blockquote><p>L\u2019autre solution du capital consiste \u00e0 chercher des march\u00e9s pour leurs productions industrielles. Cela engendre une contradiction interne qui freine le processus d\u2019industrialisation. En effet, il n\u2019a pas besoin que ses entreprises soient comp\u00e9titives sur ces march\u00e9s. Il a besoin qu\u2019elles garantissent simplement la fabrication de productions sectorielles sur place, ensuite r\u00e9introduites dans leurs cha\u00eenes de valeurs globales. C\u2019est pourquoi nous observons au Mexique, en Argentine et en Colombie un processus de d\u00e9sindustrialisation. C\u2019est grave car cela affecte la composition de la classe des travailleurs.<\/p><\/blockquote>\n<p>La part des ouvriers industriels en son sein se r\u00e9duit toujours plus. Marx avait raison. Nous sommes r\u00e9ellement dans une mauvaise situation car les seuls qui peuvent analyser la principale contradiction entre le monde du travail et le capital, ce sont les ouvriers industriels. Autrement dit, la pauvret\u00e9 ne fait pas la r\u00e9volution. Ce qui engendre la r\u00e9volution, c\u2019est l\u2019opposition entre ceux qui produisent la richesse et ceux qui se l\u2019accaparent.<\/p>\n<blockquote><p>La troisi\u00e8me option du capital est la r\u00e9duction du co\u00fbt de la main d\u2019\u0153uvre. Il la r\u00e9alise gr\u00e2ce aux nouvelles technologies. Cela r\u00e9duit le capital actif et diminue le temps de travail pour r\u00e9aliser la marchandise.<\/p><\/blockquote>\n<p>Enfin, il y a la manipulation du change. D\u00e9sormais c\u2019est un fait, le dollar est une monnaie internationale. Et qui agit sur le dollar\u00a0? Ce sont elles, les forces du capital financier des Etats-Unis et d\u2019Europe. Si elles ne le font pas directement, elles sp\u00e9culent au niveau de la bourse pour que le dollar se transforme en marchandise internationale. Par cette sp\u00e9culation, elles peuvent conduire des \u00e9conomies nationales au d\u00e9sastre.<\/p>\n<p>Autre interrogation\u00a0: quel changement dans la politique des Etats-Unis\u00a0? Suite \u00e0 la crise et \u00e0 leurs d\u00e9faites politiques et militaires au Moyen-Orient, les Etats-Unis ont d\u00fb reprendre l\u2019initiative politique vers notre continent. Ils savent qu\u2019ils ne peuvent pas agir dans tous les pays comme ils l\u2019ont fait au Honduras et au Paraguay. La base de leur action actuelle se situe donc au niveau de l\u2019\u00e9conomie et de l\u2019id\u00e9ologie. Par ce chemin, Washington a pu renouer avec les \u00e9lites locales. Certains secteurs de ces derni\u00e8res, auparavant engag\u00e9s en faveur du projet n\u00e9o-d\u00e9veloppementaliste, deviennent de plus en plus pro-imp\u00e9rialistes. Comme la bataille est id\u00e9ologique, les Etats-Unis sont conscients qu\u2019ils doivent la mener \u00e0 travers les m\u00e9dias. Ils agissent \u00e9galement au niveau culturel et \u00e0 travers l\u2019influence toujours plus sophistiqu\u00e9e et active des services d\u2019intelligence. Il suffit de lire les livres de Julian Assange et de Edward Snowden pour lever tout doute \u00e0 ce sujet. Internet est notamment devenu un instrument des services de renseignement.<\/p>\n<p>D\u2019autre part, la question de la dispute de l\u2019espace \u00e9conomique latino-am\u00e9ricain avec la Chine a constitu\u00e9 l\u2019ultime levier politico-id\u00e9ologique des Etats-Unis.<\/p>\n<p>Concernant les tactiques utilis\u00e9es actuellement par la premi\u00e8re puissance mondiale, plusieurs sc\u00e9narios se dessinent. Le premier est l\u2019isolement du Venezuela. Je crois que les Etats-Unis ont d\u00e9j\u00e0 abandonn\u00e9 l\u2019id\u00e9e de faire tomber le gouvernement en tant que tel. Ils ont en revanche d\u00e9cid\u00e9 de ne pas laisser le projet bolivarien devenir l\u2019avant-garde de l\u2019Am\u00e9rique latine et l\u2019Alba s\u2019imposer comme un projet alternatif. Dans le m\u00eame temps, ils essaient d\u2019apprivoiser Cuba non pas pour les Cubains, mais pour tenter de nous apprivoiser nous. L\u2019objectif\u00a0? Que les nouvelles g\u00e9n\u00e9rations latino-am\u00e9ricaines ne voient pas Cuba comme un exemple r\u00e9volutionnaire \u00e0 suivre. C\u2019est une autre partie de l\u2019action id\u00e9ologique \u00ab\u00a0gringa\u00a0\u00bb\u00a0: chercher \u00e0 d\u00e9montrer que Cuba \u00ab\u00a0a vieilli\u00a0\u00bb, \u00ab\u00a0qu\u2019il ne fait plus de mal \u00e0 personne\u00a0\u00bb.<\/p>\n<p>Il y a une autre variable semblable en Colombie. Ils font semblant d\u2019isoler le radicalisme de droite d\u2019Alvaro Uribe pour pr\u00e9senter Juan Manuel Santos comme une alternative bourgeoise de confiance. Ils font la m\u00eame chose avec d\u2019autres personnages publics au Chili.<\/p>\n<p>Enfin, dans le cadre de cette m\u00eame strat\u00e9gie, ils s\u2019allient avec les forces de droite au Br\u00e9sil et au Chili pour mettre en \u00e9chec le n\u00e9o-d\u00e9veloppementalisme. Au Br\u00e9sil, ils ont d\u00e9j\u00e0 r\u00e9ussi. Nous avons gagn\u00e9 les \u00e9lections mais Dilma Rousseff a remis le programme \u00e9conomique national entre les mains des n\u00e9olib\u00e9raux. Cela ressemble au syndrome de Stockholm car celle qui a gagn\u00e9 a d\u00e9velopp\u00e9 une passion pour celui qu\u2019elle a vaincue.<\/p>\n<p>Voici donc expos\u00e9s quelques \u00e9l\u00e9ments qui annoncent certains changements. Ils se situent dans une conjoncture diff\u00e9rente de celle que nous aurions pu analyser en 2005 ou en 2008, ce qui entra\u00eene quelques d\u00e9fis pour les forces populaires.<\/p>\n<ol>\n<li>Il y a un \u00e9puisement du mod\u00e8le n\u00e9o-d\u00e9veloppementaliste et contrairement \u00e0 ce qu\u2019imaginaient certains mouvements trotskistes, cela ne m\u00e8ne pas directement au socialisme, mais \u00e0 son oppos\u00e9. Cette d\u00e9faite affecte les classes populaires et nous conduit au n\u00e9olib\u00e9ralisme.<\/li>\n<li>La crise du n\u00e9o-d\u00e9veloppementalisme r\u00e9sulte de la rupture du pacte de classe antagonique entre travailleurs et secteurs de la bourgeoisie nationale. Et cela n\u2019est pas d\u00fb \u00e0 la volont\u00e9 des travailleurs mais \u00e0 la bourgeoisie qui ne l\u2019a pas soutenu. Les bourgeoisies locales, qui pouvaient auparavant accumuler des profits sur le march\u00e9 interne, d\u00e9laissent d\u00e9sormais ce march\u00e9 aux imp\u00e9rialistes et ont d\u00e9cid\u00e9 de mettre leur capital au service de la rente. Elles gagnent mieux en s\u2019associant avec le capital financier et les multinationales qu\u2019en le faisant avec les travailleurs.<\/li>\n<li>La crise du prix du p\u00e9trole a mis en difficult\u00e9 tant le projet de l\u2019Alba que celui du n\u00e9o-d\u00e9veloppementalisme. Cela a frein\u00e9 les avanc\u00e9es sociales au Venezuela et emp\u00each\u00e9 le financement de certains projets latino-am\u00e9ricains comme la Banque du Sud, l\u2019\u00e9change p\u00e9trole\/gaz dans la r\u00e9gion et le projet de gazoduc entre Caracas et Buenos Aires.<\/li>\n<li>Face \u00e0 cette situation, la crise sociale s\u2019aggrave. Au Br\u00e9sil, il y a beaucoup de probl\u00e8mes sociaux latents qui deviennent importants.<\/li>\n<li>Il y a un recul du projet de l\u2019Alba d\u00fb \u00e0 divers facteurs comme la baisse du prix du p\u00e9trole ou la mort de Chavez. Comme dirait Gueorgui Plejanov, il y a des personnages essentiels, dont on en peut se passer. Chavez a \u00e9norm\u00e9ment port\u00e9 le projet de l\u2019Alba et aujourd\u2019hui, ce n\u2019est pas la m\u00eame chose. Cherchant \u00e0 ne jamais s\u2019isoler, Chavez a toujours su \u0153uvrer dans le m\u00eame temps pour favoriser des projets plus larges au niveau r\u00e9gional comme l\u2019Unasur et la Celac.<\/li>\n<\/ol>\n<p>En conclusion, je crois que nous sommes rentr\u00e9s dans une p\u00e9riode de crise et de transition de mod\u00e8le mais nous ne savons pas encore vers quel mod\u00e8le nous allons. Nous ne savons pas non plus combien de temps va durer cette crise. Mais il est possible qu\u2019elle soit plus li\u00e9e aux processus \u00e9conomiques et au capitalisme international qu\u2019aux calendriers \u00e9lectoraux. La crise du capitalisme international peut produire des contradictions qui m\u00e8nent vers la construction de mod\u00e8les \u00e9conomiques plus populaires qui d\u00e9passent le n\u00e9o-d\u00e9veloppementalisme et mettent en \u00e9chec le n\u00e9olib\u00e9ralisme, configuration par laquelle les imp\u00e9rialistes organisent le contr\u00f4le de nos \u00e9conomies. Tout cela d\u00e9pendra de l\u2019avanc\u00e9e du mouvement populaire dans nos pays. Si les peuples ne s\u2019\u00e9l\u00e8vent pas, le temps sera long. Si les peuples s\u2019activent plus rapidement, nous pourrons trouver des solutions \u00e0 plus court terme. L\u00e9nine \u00e9crivait en f\u00e9vrier 1917, dans un article du quotidien bolch\u00e9vique, <em>\u00ab\u00a0Camarades, j\u2019ai d\u00e9j\u00e0 soixante-huit ans<\/em> (mensonge, il en avait trente) <em>et je suis au regret de vous informer que notre g\u00e9n\u00e9ration ne conna\u00eetra pas les changements.\u00a0\u00bb<\/em> En octobre de la m\u00eame ann\u00e9e, la r\u00e9volution triomphait. Un jeune bolch\u00e9vique l\u2019interpella alors sur la place du Kremlin et lui dit\u00a0: <em>\u00ab\u00a0Ce n\u2019est pas vous qui disiez que la R\u00e9volution n\u2019arriverait que pour la prochaine g\u00e9n\u00e9ration\u00a0?\u00a0\u00bb<\/em>. L\u00e9nine lui r\u00e9pondit\u00a0: <em>\u00ab\u00a0Quand les masses s\u2019unissent, elles r\u00e9ussissent \u00e0 changer en vingt jours ce qu\u2019elles n\u2019auraient pas imagin\u00e9 en vingt ans\u00a0\u00bb<\/em>\u00a0[<a id=\"nh5\" class=\"spip_note\" title=\"Citations reprises de l\u2019auteur de l\u2019intervention.\" href=\"http:\/\/www.medelu.org\/Nous-rentrons-dans-une-periode-de#nb5\" rel=\"footnote\">5<\/a>]. C\u2019est pr\u00e9cis\u00e9ment notre esp\u00e9rance.<\/p>\n<\/div>\n<p>&nbsp;<\/p>\n<p><strong>(*) L&rsquo;auteur :\u00a0<\/strong><\/p>\n<p>Joao Pedro Stedile :\u00a0Membre du Mouvement des travailleurs ruraux sans terre (MST) et de la Via Campesina Internationale<\/p>\n<p>&nbsp;<\/p>\n<div class=\"crayon article-texte-2205 texte entry-content\">\n<p>Traduction\u00a0: Fanny Soares<\/p>\n<p>Edition\u00a0: M\u00e9moire des luttes<\/p>\n<p>Source\u00a0: <a href=\"http:\/\/www.resumenlatinoamericano.org\/2015\/11\/25\/brasil-joao-pedro-stedile-estamos-entrando-en-un-periodo-de-crisis-y-de-transicion-de-modelo\/\" target=\"_blank\">http:\/\/www.resumenlatinoamericano.org<\/a><\/p>\n<p>Illustration\u00a0: Director de Resumen Latinoamericano y dirigente del MST de Brasil, Joao Pedro Stedile<\/p>\n<\/div>\n<\/div>\n<div class=\"notes surlignable\">\n<p class=\"pas_surlignable\"><strong>NOTES<\/strong><\/p>\n<p>[<a id=\"nb1\" class=\"spip_note\" title=\"Notes 1\" href=\"http:\/\/www.medelu.org\/Nous-rentrons-dans-une-periode-de#nh1\" rev=\"footnote\">1<\/a>] Note du traducteur. Terme \u00e0 connotation p\u00e9jorative utilis\u00e9 par les Latino-am\u00e9ricains pour d\u00e9signer les Nord-am\u00e9ricains.<\/p>\n<p>[<a id=\"nb2\" class=\"spip_note\" title=\"Notes 2\" href=\"http:\/\/www.medelu.org\/Nous-rentrons-dans-une-periode-de#nh2\" rev=\"footnote\">2<\/a>] Idem.\u00a0Manifestations populaires organis\u00e9es le 27 f\u00e9vrier 1989 \u00e0 Caracas contre les plans du Fonds mon\u00e9taire international. Entre 300 et 3 000 personnes y ont perdues la vie selon les estimations dans les r\u00e9pressions organis\u00e9es par le gouvernement dirig\u00e9 par Carlos Andr\u00e9s P\u00e9rez.<\/p>\n<p>[<a id=\"nb3\" class=\"spip_note\" title=\"Notes 3\" href=\"http:\/\/www.medelu.org\/Nous-rentrons-dans-une-periode-de#nh3\" rev=\"footnote\">3<\/a>] Idem. L\u2019Alliance bolivarienne pour les peuples de notre Am\u00e9rique a \u00e9t\u00e9 cr\u00e9\u00e9e en 2004 \u00e0 l\u2019initiative de Cuba et du Venezuela.<\/p>\n<p>[<a id=\"nb4\" class=\"spip_note\" title=\"Notes 4\" href=\"http:\/\/www.medelu.org\/Nous-rentrons-dans-une-periode-de#nh4\" rev=\"footnote\">4<\/a>] Idem. Zone de libre-\u00e9change des Am\u00e9riques. Ce projet promu par les Etats-Unis n\u2019a jamais vu le jour et a \u00e9t\u00e9 mis en \u00e9chec par les Latino-am\u00e9ricains en 2005 au Sommet de Mar del Plata (Argentine).<\/p>\n<p>[<a id=\"nb5\" class=\"spip_note\" title=\"Notes 5\" href=\"http:\/\/www.medelu.org\/Nous-rentrons-dans-une-periode-de#nh5\" rev=\"footnote\">5<\/a>] Citations reprises de l\u2019auteur de l\u2019intervention.<\/p>\n<\/div>\n","protected":false},"excerpt":{"rendered":"<p>INTERVENTION DE JO\u00c3O PEDRO STEDILE\u00a0(*), DIRIGEANT DU MOUVEMENT DES TRAVAILLEURS RURAUX SANS TERRE (MST) DU BR\u00c9SIL \u00a0Dans cette intervention prononc\u00e9e dans le cadre de la Rencontre continentale des m\u00e9dias libres organis\u00e9e \u00e0 l\u2019Ecole Florestan Fernandes du 20 au 22 novembre&hellip;<\/p>\n","protected":false},"author":1133,"featured_media":271706,"comment_status":"closed","ping_status":"open","sticky":false,"template":"","format":"standard","meta":{"footnotes":""},"categories":[86,40,163,95],"tags":[958,258,22839,23546,12150],"class_list":["post-271349","post","type-post","status-publish","format-standard","has-post-thumbnail","hentry","category-amerique-du-sud","category-international-fr","category-opinion-fr","category-affaires-etrangeres","tag-amerique-latine","tag-crise","tag-mouvement-des-sans-terre-mst","tag-periode-de-crise-et-de-transition","tag-transition-fr"],"yoast_head":"<!-- This site is optimized with the Yoast SEO plugin v27.1.1 - https:\/\/yoast.com\/product\/yoast-seo-wordpress\/ -->\n<title>\u00ab Nous rentrons dans une p\u00e9riode de crise et de transition \u00bb<\/title>\n<meta name=\"description\" content=\"INTERVENTION DE JO\u00c3O PEDRO STEDILE\u00a0(*), DIRIGEANT DU MOUVEMENT DES TRAVAILLEURS RURAUX SANS TERRE (MST) DU BR\u00c9SIL \u00a0Dans cette intervention prononc\u00e9e dans\" \/>\n<meta name=\"robots\" content=\"index, follow, max-snippet:-1, max-image-preview:large, max-video-preview:-1\" \/>\n<link rel=\"canonical\" href=\"https:\/\/www.pressenza.com\/fr\/2016\/01\/rentrons-periode-de-crise-de-transition\/\" \/>\n<meta property=\"og:locale\" content=\"fr_FR\" \/>\n<meta property=\"og:type\" content=\"article\" \/>\n<meta property=\"og:title\" content=\"\u00ab Nous rentrons dans une p\u00e9riode de crise et de transition \u00bb\" \/>\n<meta property=\"og:description\" content=\"INTERVENTION DE JO\u00c3O PEDRO STEDILE\u00a0(*), DIRIGEANT DU MOUVEMENT DES TRAVAILLEURS RURAUX SANS TERRE (MST) DU BR\u00c9SIL \u00a0Dans cette intervention prononc\u00e9e dans\" \/>\n<meta property=\"og:url\" content=\"https:\/\/www.pressenza.com\/fr\/2016\/01\/rentrons-periode-de-crise-de-transition\/\" \/>\n<meta property=\"og:site_name\" content=\"Pressenza\" \/>\n<meta property=\"article:publisher\" content=\"https:\/\/www.facebook.com\/PressenzaItalia\" \/>\n<meta property=\"article:author\" content=\"https:\/\/www.facebook.com\/pages\/Mmoire-des-luttes\/178755582166132\" \/>\n<meta property=\"article:published_time\" content=\"2016-01-26T21:25:23+00:00\" \/>\n<meta property=\"article:modified_time\" content=\"2016-01-26T21:27:20+00:00\" \/>\n<meta property=\"og:image\" content=\"https:\/\/www.pressenza.com\/wp-content\/uploads\/2016\/01\/Nous-rentrons-dans-une-p--riode-de-crise-et-de-transition.jpg\" \/>\n\t<meta property=\"og:image:width\" content=\"750\" \/>\n\t<meta property=\"og:image:height\" content=\"495\" \/>\n\t<meta property=\"og:image:type\" content=\"image\/jpeg\" \/>\n<meta name=\"author\" content=\"Memoire des luttes\" \/>\n<meta name=\"twitter:card\" content=\"summary_large_image\" \/>\n<meta name=\"twitter:creator\" content=\"@memoireluttes\" \/>\n<meta name=\"twitter:site\" content=\"@PressenzaIPA\" \/>\n<meta name=\"twitter:label1\" content=\"\u00c9crit par\" \/>\n\t<meta name=\"twitter:data1\" content=\"Memoire des luttes\" \/>\n\t<meta name=\"twitter:label2\" content=\"Dur\u00e9e de lecture estim\u00e9e\" \/>\n\t<meta name=\"twitter:data2\" content=\"14 minutes\" \/>\n<script type=\"application\/ld+json\" class=\"yoast-schema-graph\">{\"@context\":\"https:\/\/schema.org\",\"@graph\":[{\"@type\":\"Article\",\"@id\":\"https:\/\/www.pressenza.com\/fr\/2016\/01\/rentrons-periode-de-crise-de-transition\/#article\",\"isPartOf\":{\"@id\":\"https:\/\/www.pressenza.com\/fr\/2016\/01\/rentrons-periode-de-crise-de-transition\/\"},\"author\":{\"name\":\"Memoire des luttes\",\"@id\":\"https:\/\/www.pressenza.com\/fr\/#\/schema\/person\/3a03c7500018fdf920bd07dbf6defe0f\"},\"headline\":\"\u00ab Nous rentrons dans une p\u00e9riode de crise et de transition \u00bb\",\"datePublished\":\"2016-01-26T21:25:23+00:00\",\"dateModified\":\"2016-01-26T21:27:20+00:00\",\"mainEntityOfPage\":{\"@id\":\"https:\/\/www.pressenza.com\/fr\/2016\/01\/rentrons-periode-de-crise-de-transition\/\"},\"wordCount\":2882,\"publisher\":{\"@id\":\"https:\/\/www.pressenza.com\/fr\/#organization\"},\"image\":{\"@id\":\"https:\/\/www.pressenza.com\/fr\/2016\/01\/rentrons-periode-de-crise-de-transition\/#primaryimage\"},\"thumbnailUrl\":\"https:\/\/www.pressenza.com\/wp-content\/uploads\/2016\/01\/Nous-rentrons-dans-une-p--riode-de-crise-et-de-transition.jpg\",\"keywords\":[\"Am\u00e9rique latine\",\"crise\",\"Mouvement des sans terre (MST)\",\"p\u00e9riode de crise et de transition\",\"transition\"],\"articleSection\":[\"Am\u00e9rique du Sud\",\"International\",\"Opinion\",\"Relations internationales\"],\"inLanguage\":\"fr-FR\"},{\"@type\":\"WebPage\",\"@id\":\"https:\/\/www.pressenza.com\/fr\/2016\/01\/rentrons-periode-de-crise-de-transition\/\",\"url\":\"https:\/\/www.pressenza.com\/fr\/2016\/01\/rentrons-periode-de-crise-de-transition\/\",\"name\":\"\u00ab Nous rentrons dans une p\u00e9riode de crise et de transition \u00bb\",\"isPartOf\":{\"@id\":\"https:\/\/www.pressenza.com\/fr\/#website\"},\"primaryImageOfPage\":{\"@id\":\"https:\/\/www.pressenza.com\/fr\/2016\/01\/rentrons-periode-de-crise-de-transition\/#primaryimage\"},\"image\":{\"@id\":\"https:\/\/www.pressenza.com\/fr\/2016\/01\/rentrons-periode-de-crise-de-transition\/#primaryimage\"},\"thumbnailUrl\":\"https:\/\/www.pressenza.com\/wp-content\/uploads\/2016\/01\/Nous-rentrons-dans-une-p--riode-de-crise-et-de-transition.jpg\",\"datePublished\":\"2016-01-26T21:25:23+00:00\",\"dateModified\":\"2016-01-26T21:27:20+00:00\",\"description\":\"INTERVENTION DE JO\u00c3O PEDRO STEDILE\u00a0(*), DIRIGEANT DU MOUVEMENT DES TRAVAILLEURS RURAUX SANS TERRE (MST) DU BR\u00c9SIL \u00a0Dans cette intervention prononc\u00e9e dans\",\"breadcrumb\":{\"@id\":\"https:\/\/www.pressenza.com\/fr\/2016\/01\/rentrons-periode-de-crise-de-transition\/#breadcrumb\"},\"inLanguage\":\"fr-FR\",\"potentialAction\":[{\"@type\":\"ReadAction\",\"target\":[\"https:\/\/www.pressenza.com\/fr\/2016\/01\/rentrons-periode-de-crise-de-transition\/\"]}]},{\"@type\":\"ImageObject\",\"inLanguage\":\"fr-FR\",\"@id\":\"https:\/\/www.pressenza.com\/fr\/2016\/01\/rentrons-periode-de-crise-de-transition\/#primaryimage\",\"url\":\"https:\/\/www.pressenza.com\/wp-content\/uploads\/2016\/01\/Nous-rentrons-dans-une-p--riode-de-crise-et-de-transition.jpg\",\"contentUrl\":\"https:\/\/www.pressenza.com\/wp-content\/uploads\/2016\/01\/Nous-rentrons-dans-une-p--riode-de-crise-et-de-transition.jpg\",\"width\":750,\"height\":495},{\"@type\":\"BreadcrumbList\",\"@id\":\"https:\/\/www.pressenza.com\/fr\/2016\/01\/rentrons-periode-de-crise-de-transition\/#breadcrumb\",\"itemListElement\":[{\"@type\":\"ListItem\",\"position\":1,\"name\":\"Accueil\",\"item\":\"https:\/\/www.pressenza.com\/fr\/\"},{\"@type\":\"ListItem\",\"position\":2,\"name\":\"\u00ab Nous rentrons dans une p\u00e9riode de crise et de transition \u00bb\"}]},{\"@type\":\"WebSite\",\"@id\":\"https:\/\/www.pressenza.com\/fr\/#website\",\"url\":\"https:\/\/www.pressenza.com\/fr\/\",\"name\":\"Pressenza\",\"description\":\"International Press Agency\",\"publisher\":{\"@id\":\"https:\/\/www.pressenza.com\/fr\/#organization\"},\"potentialAction\":[{\"@type\":\"SearchAction\",\"target\":{\"@type\":\"EntryPoint\",\"urlTemplate\":\"https:\/\/www.pressenza.com\/fr\/?s={search_term_string}\"},\"query-input\":{\"@type\":\"PropertyValueSpecification\",\"valueRequired\":true,\"valueName\":\"search_term_string\"}}],\"inLanguage\":\"fr-FR\"},{\"@type\":\"Organization\",\"@id\":\"https:\/\/www.pressenza.com\/fr\/#organization\",\"name\":\"Pressenza\",\"url\":\"https:\/\/www.pressenza.com\/fr\/\",\"logo\":{\"@type\":\"ImageObject\",\"inLanguage\":\"fr-FR\",\"@id\":\"https:\/\/www.pressenza.com\/fr\/#\/schema\/logo\/image\/\",\"url\":\"https:\/\/www.pressenza.com\/wp-content\/uploads\/2022\/10\/pressenza_logo_200x200.jpg\",\"contentUrl\":\"https:\/\/www.pressenza.com\/wp-content\/uploads\/2022\/10\/pressenza_logo_200x200.jpg\",\"width\":200,\"height\":200,\"caption\":\"Pressenza\"},\"image\":{\"@id\":\"https:\/\/www.pressenza.com\/fr\/#\/schema\/logo\/image\/\"},\"sameAs\":[\"https:\/\/www.facebook.com\/PressenzaItalia\",\"https:\/\/x.com\/PressenzaIPA\"]},{\"@type\":\"Person\",\"@id\":\"https:\/\/www.pressenza.com\/fr\/#\/schema\/person\/3a03c7500018fdf920bd07dbf6defe0f\",\"name\":\"Memoire des luttes\",\"description\":\"\\\"Pour nos combats de demain, pour un monde plus libre, plus juste, plus \u00e9galitaire, plus fraternel et solidaire, nous devons maintenir vivante la m\u00e9moire de nos luttes\\\". Gunter Holzmann www.medelu.org\",\"sameAs\":[\"https:\/\/www.facebook.com\/pages\/Mmoire-des-luttes\/178755582166132\",\"https:\/\/x.com\/@memoireluttes\"],\"url\":\"https:\/\/www.pressenza.com\/fr\/author\/memoire-des-luttes\/\"}]}<\/script>\n<!-- \/ Yoast SEO plugin. -->","yoast_head_json":{"title":"\u00ab Nous rentrons dans une p\u00e9riode de crise et de transition \u00bb","description":"INTERVENTION DE JO\u00c3O PEDRO STEDILE\u00a0(*), DIRIGEANT DU MOUVEMENT DES TRAVAILLEURS RURAUX SANS TERRE (MST) DU BR\u00c9SIL \u00a0Dans cette intervention prononc\u00e9e dans","robots":{"index":"index","follow":"follow","max-snippet":"max-snippet:-1","max-image-preview":"max-image-preview:large","max-video-preview":"max-video-preview:-1"},"canonical":"https:\/\/www.pressenza.com\/fr\/2016\/01\/rentrons-periode-de-crise-de-transition\/","og_locale":"fr_FR","og_type":"article","og_title":"\u00ab Nous rentrons dans une p\u00e9riode de crise et de transition \u00bb","og_description":"INTERVENTION DE JO\u00c3O PEDRO STEDILE\u00a0(*), DIRIGEANT DU MOUVEMENT DES TRAVAILLEURS RURAUX SANS TERRE (MST) DU BR\u00c9SIL \u00a0Dans cette intervention prononc\u00e9e dans","og_url":"https:\/\/www.pressenza.com\/fr\/2016\/01\/rentrons-periode-de-crise-de-transition\/","og_site_name":"Pressenza","article_publisher":"https:\/\/www.facebook.com\/PressenzaItalia","article_author":"https:\/\/www.facebook.com\/pages\/Mmoire-des-luttes\/178755582166132","article_published_time":"2016-01-26T21:25:23+00:00","article_modified_time":"2016-01-26T21:27:20+00:00","og_image":[{"width":750,"height":495,"url":"https:\/\/www.pressenza.com\/wp-content\/uploads\/2016\/01\/Nous-rentrons-dans-une-p--riode-de-crise-et-de-transition.jpg","type":"image\/jpeg"}],"author":"Memoire des luttes","twitter_card":"summary_large_image","twitter_creator":"@memoireluttes","twitter_site":"@PressenzaIPA","twitter_misc":{"\u00c9crit par":"Memoire des luttes","Dur\u00e9e de lecture estim\u00e9e":"14 minutes"},"schema":{"@context":"https:\/\/schema.org","@graph":[{"@type":"Article","@id":"https:\/\/www.pressenza.com\/fr\/2016\/01\/rentrons-periode-de-crise-de-transition\/#article","isPartOf":{"@id":"https:\/\/www.pressenza.com\/fr\/2016\/01\/rentrons-periode-de-crise-de-transition\/"},"author":{"name":"Memoire des luttes","@id":"https:\/\/www.pressenza.com\/fr\/#\/schema\/person\/3a03c7500018fdf920bd07dbf6defe0f"},"headline":"\u00ab Nous rentrons dans une p\u00e9riode de crise et de transition \u00bb","datePublished":"2016-01-26T21:25:23+00:00","dateModified":"2016-01-26T21:27:20+00:00","mainEntityOfPage":{"@id":"https:\/\/www.pressenza.com\/fr\/2016\/01\/rentrons-periode-de-crise-de-transition\/"},"wordCount":2882,"publisher":{"@id":"https:\/\/www.pressenza.com\/fr\/#organization"},"image":{"@id":"https:\/\/www.pressenza.com\/fr\/2016\/01\/rentrons-periode-de-crise-de-transition\/#primaryimage"},"thumbnailUrl":"https:\/\/www.pressenza.com\/wp-content\/uploads\/2016\/01\/Nous-rentrons-dans-une-p--riode-de-crise-et-de-transition.jpg","keywords":["Am\u00e9rique latine","crise","Mouvement des sans terre (MST)","p\u00e9riode de crise et de transition","transition"],"articleSection":["Am\u00e9rique du Sud","International","Opinion","Relations internationales"],"inLanguage":"fr-FR"},{"@type":"WebPage","@id":"https:\/\/www.pressenza.com\/fr\/2016\/01\/rentrons-periode-de-crise-de-transition\/","url":"https:\/\/www.pressenza.com\/fr\/2016\/01\/rentrons-periode-de-crise-de-transition\/","name":"\u00ab Nous rentrons dans une p\u00e9riode de crise et de transition \u00bb","isPartOf":{"@id":"https:\/\/www.pressenza.com\/fr\/#website"},"primaryImageOfPage":{"@id":"https:\/\/www.pressenza.com\/fr\/2016\/01\/rentrons-periode-de-crise-de-transition\/#primaryimage"},"image":{"@id":"https:\/\/www.pressenza.com\/fr\/2016\/01\/rentrons-periode-de-crise-de-transition\/#primaryimage"},"thumbnailUrl":"https:\/\/www.pressenza.com\/wp-content\/uploads\/2016\/01\/Nous-rentrons-dans-une-p--riode-de-crise-et-de-transition.jpg","datePublished":"2016-01-26T21:25:23+00:00","dateModified":"2016-01-26T21:27:20+00:00","description":"INTERVENTION DE JO\u00c3O PEDRO STEDILE\u00a0(*), DIRIGEANT DU MOUVEMENT DES TRAVAILLEURS RURAUX SANS TERRE (MST) DU BR\u00c9SIL \u00a0Dans cette intervention prononc\u00e9e dans","breadcrumb":{"@id":"https:\/\/www.pressenza.com\/fr\/2016\/01\/rentrons-periode-de-crise-de-transition\/#breadcrumb"},"inLanguage":"fr-FR","potentialAction":[{"@type":"ReadAction","target":["https:\/\/www.pressenza.com\/fr\/2016\/01\/rentrons-periode-de-crise-de-transition\/"]}]},{"@type":"ImageObject","inLanguage":"fr-FR","@id":"https:\/\/www.pressenza.com\/fr\/2016\/01\/rentrons-periode-de-crise-de-transition\/#primaryimage","url":"https:\/\/www.pressenza.com\/wp-content\/uploads\/2016\/01\/Nous-rentrons-dans-une-p--riode-de-crise-et-de-transition.jpg","contentUrl":"https:\/\/www.pressenza.com\/wp-content\/uploads\/2016\/01\/Nous-rentrons-dans-une-p--riode-de-crise-et-de-transition.jpg","width":750,"height":495},{"@type":"BreadcrumbList","@id":"https:\/\/www.pressenza.com\/fr\/2016\/01\/rentrons-periode-de-crise-de-transition\/#breadcrumb","itemListElement":[{"@type":"ListItem","position":1,"name":"Accueil","item":"https:\/\/www.pressenza.com\/fr\/"},{"@type":"ListItem","position":2,"name":"\u00ab Nous rentrons dans une p\u00e9riode de crise et de transition \u00bb"}]},{"@type":"WebSite","@id":"https:\/\/www.pressenza.com\/fr\/#website","url":"https:\/\/www.pressenza.com\/fr\/","name":"Pressenza","description":"International Press Agency","publisher":{"@id":"https:\/\/www.pressenza.com\/fr\/#organization"},"potentialAction":[{"@type":"SearchAction","target":{"@type":"EntryPoint","urlTemplate":"https:\/\/www.pressenza.com\/fr\/?s={search_term_string}"},"query-input":{"@type":"PropertyValueSpecification","valueRequired":true,"valueName":"search_term_string"}}],"inLanguage":"fr-FR"},{"@type":"Organization","@id":"https:\/\/www.pressenza.com\/fr\/#organization","name":"Pressenza","url":"https:\/\/www.pressenza.com\/fr\/","logo":{"@type":"ImageObject","inLanguage":"fr-FR","@id":"https:\/\/www.pressenza.com\/fr\/#\/schema\/logo\/image\/","url":"https:\/\/www.pressenza.com\/wp-content\/uploads\/2022\/10\/pressenza_logo_200x200.jpg","contentUrl":"https:\/\/www.pressenza.com\/wp-content\/uploads\/2022\/10\/pressenza_logo_200x200.jpg","width":200,"height":200,"caption":"Pressenza"},"image":{"@id":"https:\/\/www.pressenza.com\/fr\/#\/schema\/logo\/image\/"},"sameAs":["https:\/\/www.facebook.com\/PressenzaItalia","https:\/\/x.com\/PressenzaIPA"]},{"@type":"Person","@id":"https:\/\/www.pressenza.com\/fr\/#\/schema\/person\/3a03c7500018fdf920bd07dbf6defe0f","name":"Memoire des luttes","description":"\"Pour nos combats de demain, pour un monde plus libre, plus juste, plus \u00e9galitaire, plus fraternel et solidaire, nous devons maintenir vivante la m\u00e9moire de nos luttes\". Gunter Holzmann www.medelu.org","sameAs":["https:\/\/www.facebook.com\/pages\/Mmoire-des-luttes\/178755582166132","https:\/\/x.com\/@memoireluttes"],"url":"https:\/\/www.pressenza.com\/fr\/author\/memoire-des-luttes\/"}]}},"place":"Sao Paulo, Br\u00e9sil","original_article_url":"http:\/\/www.medelu.org\/Nous-rentrons-dans-une-periode-de","_links":{"self":[{"href":"https:\/\/www.pressenza.com\/fr\/wp-json\/wp\/v2\/posts\/271349","targetHints":{"allow":["GET"]}}],"collection":[{"href":"https:\/\/www.pressenza.com\/fr\/wp-json\/wp\/v2\/posts"}],"about":[{"href":"https:\/\/www.pressenza.com\/fr\/wp-json\/wp\/v2\/types\/post"}],"author":[{"embeddable":true,"href":"https:\/\/www.pressenza.com\/fr\/wp-json\/wp\/v2\/users\/1133"}],"replies":[{"embeddable":true,"href":"https:\/\/www.pressenza.com\/fr\/wp-json\/wp\/v2\/comments?post=271349"}],"version-history":[{"count":0,"href":"https:\/\/www.pressenza.com\/fr\/wp-json\/wp\/v2\/posts\/271349\/revisions"}],"wp:featuredmedia":[{"embeddable":true,"href":"https:\/\/www.pressenza.com\/fr\/wp-json\/wp\/v2\/media\/271706"}],"wp:attachment":[{"href":"https:\/\/www.pressenza.com\/fr\/wp-json\/wp\/v2\/media?parent=271349"}],"wp:term":[{"taxonomy":"category","embeddable":true,"href":"https:\/\/www.pressenza.com\/fr\/wp-json\/wp\/v2\/categories?post=271349"},{"taxonomy":"post_tag","embeddable":true,"href":"https:\/\/www.pressenza.com\/fr\/wp-json\/wp\/v2\/tags?post=271349"}],"curies":[{"name":"wp","href":"https:\/\/api.w.org\/{rel}","templated":true}]}}